{"id":18709,"date":"2024-12-02T11:41:39","date_gmt":"2024-12-02T08:41:39","guid":{"rendered":"https:\/\/denizcankizil.tr\/uncategorized-tr\/polisler-ogrencilerin-hayalini-gerceklestirdi\/"},"modified":"2024-12-02T11:41:39","modified_gmt":"2024-12-02T08:41:39","slug":"polisler-ogrencilerin-hayalini-gerceklestirdi","status":"publish","type":"post","link":"https:\/\/denizcankizil.tr\/de\/haberler\/antalya\/polisler-ogrencilerin-hayalini-gerceklestirdi\/","title":{"rendered":"Polisler \u00f6\u011frencilerin hayalini ger\u00e7ekle\u015ftirdi"},"content":{"rendered":"<p>Havaliman\u0131 Personeli taraf\u0131ndan s\u0131cak ilgiyle kar\u015f\u0131lanan \u00f6\u011frenciler bir yolcu u\u00e7akla nas\u0131l yolculuk yapar, u\u00e7ak bileti nas\u0131l al\u0131n\u0131r, u\u00e7u\u015f \u00f6ncesi g\u00fcvenlik kontrolleri nas\u0131l yap\u0131l\u0131r sorular\u0131na cevap arayarak uygulamal\u0131 olarak yerinde g\u00f6rd\u00fc. Pilotlar taraf\u0131ndan u\u00e7a\u011fa binmeden \u00f6nce u\u00e7u\u015fun nas\u0131l ger\u00e7ekle\u015ftirildi\u011fi anlat\u0131ld\u0131. Kanatlar ve motor b\u00f6l\u00fcm\u00fc hakk\u0131nda bilgi verilerek u\u00e7a\u011f\u0131n i\u00e7i gezildi.<\/p>\n<p>DHM Ba\u015fm\u00fcd\u00fcr\u00fc Durdali \u015eavkar\u2019\u0131n deste\u011fiyle yap\u0131lan gezide ilk defa bir havaliman\u0131n\u0131 ve u\u00e7a\u011f\u0131 yak\u0131ndan g\u00f6rme f\u0131rsat\u0131 yakalayan \u00f6\u011frenciler keyifli anlar ya\u015fad\u0131. Bu proje ile \u00f6\u011frencilerimiz havaliman\u0131 hakk\u0131nda bilgi sahibi oldu. Gezide apron b\u00f6lgesi, yolcular\u0131n bulundu\u011fu b\u00f6l\u00fcm ve pilotlar\u0131n u\u00e7u\u015fu ger\u00e7ekle\u015ftirdi\u011fi b\u00f6l\u00fcm olan kokpit tan\u0131t\u0131ld\u0131.<br \/>\nAntalya Havaliman\u0131na inen ve kalkan u\u00e7aklar\u0131 heyecanla ve ilgiyle seyreden \u00f6\u011frenciler, u\u00e7u\u015f g\u00f6revlileri ile sohbet ederek onlara merak ettikleri sorular\u0131 y\u00f6nelttiler. Gezide ke\u015fif yapmaktan mutluluk duyan \u00f6\u011frenciler unutulmaz anlar ya\u015fad\u0131. Havaliman\u0131 sonras\u0131 Antalya Arkeoloji M\u00fczesini de ziyaret eden \u00f6\u011frenciler gezilerini tamamlad\u0131lar<\/p>\n<p>Kaynak: www.kanalv.com.tr Haber Sitesinden Al\u0131nm\u0131\u015ft\u0131r.<\/p>","protected":false},"excerpt":{"rendered":"<p>Havaliman\u0131 Personeli taraf\u0131ndan s\u0131cak ilgiyle kar\u015f\u0131lanan \u00f6\u011frenciler bir yolcu u\u00e7akla nas\u0131l yolculuk yapar, u\u00e7ak bileti nas\u0131l al\u0131n\u0131r, u\u00e7u\u015f \u00f6ncesi g\u00fcvenlik kontrolleri nas\u0131l yap\u0131l\u0131r sorular\u0131na cevap arayarak uygulamal\u0131 olarak yerinde g\u00f6rd\u00fc. Pilotlar taraf\u0131ndan u\u00e7a\u011fa binmeden \u00f6nce u\u00e7u\u015fun nas\u0131l ger\u00e7ekle\u015ftirildi\u011fi anlat\u0131ld\u0131. Kanatlar ve motor b\u00f6l\u00fcm\u00fc hakk\u0131nda bilgi verilerek u\u00e7a\u011f\u0131n i\u00e7i gezildi. DHM Ba\u015fm\u00fcd\u00fcr\u00fc Durdali \u015eavkar\u2019\u0131n deste\u011fiyle yap\u0131lan gezide ilk defa bir havaliman\u0131n\u0131 ve u\u00e7a\u011f\u0131 yak\u0131ndan g\u00f6rme f\u0131rsat\u0131 yakalayan \u00f6\u011frenciler keyifli anlar ya\u015fad\u0131. Bu proje ile \u00f6\u011frencilerimiz havaliman\u0131 hakk\u0131nda bilgi sahibi oldu. Gezide apron b\u00f6lgesi, yolcular\u0131n bulundu\u011fu b\u00f6l\u00fcm ve pilotlar\u0131n u\u00e7u\u015fu ger\u00e7ekle\u015ftirdi\u011fi b\u00f6l\u00fcm olan kokpit tan\u0131t\u0131ld\u0131. Antalya Havaliman\u0131na inen ve kalkan u\u00e7aklar\u0131 heyecanla ve ilgiyle seyreden \u00f6\u011frenciler, u\u00e7u\u015f g\u00f6revlileri ile sohbet ederek onlara merak ettikleri sorular\u0131 y\u00f6nelttiler. Gezide ke\u015fif yapmaktan mutluluk duyan \u00f6\u011frenciler unutulmaz anlar ya\u015fad\u0131. Havaliman\u0131 sonras\u0131 Antalya Arkeoloji M\u00fczesini de ziyaret eden \u00f6\u011frenciler gezilerini tamamlad\u0131lar Kaynak: www.kanalv.com.tr Haber Sitesinden Al\u0131nm\u0131\u015ft\u0131r.<\/p>","protected":false},"author":0,"featured_media":18710,"comment_status":"open","ping_status":"open","sticky":false,"template":"","format":"standard","meta":{"_acf_changed":false,"footnotes":""},"categories":[26,535],"tags":[],"class_list":["post-18709","post","type-post","status-publish","format-standard","has-post-thumbnail","hentry","category-antalya","category-uncategorized-tr"],"acf":[],"yoast_head":"<!-- This site is optimized with the Yoast SEO Premium plugin v26.6 (Yoast SEO v27.1.1) - https:\/\/yoast.com\/product\/yoast-seo-premium-wordpress\/ -->\n<title>Polisler \u00f6\u011frencilerin hayalini ger\u00e7ekle\u015ftirdi - Av. Deniz Can K\u0131z\u0131l<\/title>\n<meta name=\"robots\" content=\"index, follow, max-snippet:-1, max-image-preview:large, max-video-preview:-1\" \/>\n<link rel=\"canonical\" href=\"https:\/\/denizcankizil.tr\/de\/haberler\/antalya\/polisler-ogrencilerin-hayalini-gerceklestirdi\/\" \/>\n<meta property=\"og:locale\" content=\"de_DE\" \/>\n<meta property=\"og:type\" content=\"article\" \/>\n<meta property=\"og:title\" content=\"Polisler \u00f6\u011frencilerin hayalini ger\u00e7ekle\u015ftirdi\" \/>\n<meta property=\"og:description\" content=\"Havaliman\u0131 Personeli taraf\u0131ndan s\u0131cak ilgiyle kar\u015f\u0131lanan \u00f6\u011frenciler bir yolcu u\u00e7akla nas\u0131l yolculuk yapar, u\u00e7ak bileti nas\u0131l al\u0131n\u0131r, u\u00e7u\u015f \u00f6ncesi g\u00fcvenlik kontrolleri nas\u0131l yap\u0131l\u0131r sorular\u0131na cevap arayarak uygulamal\u0131 olarak yerinde g\u00f6rd\u00fc. Pilotlar taraf\u0131ndan u\u00e7a\u011fa binmeden \u00f6nce u\u00e7u\u015fun nas\u0131l ger\u00e7ekle\u015ftirildi\u011fi anlat\u0131ld\u0131. Kanatlar ve motor b\u00f6l\u00fcm\u00fc hakk\u0131nda bilgi verilerek u\u00e7a\u011f\u0131n i\u00e7i gezildi. DHM Ba\u015fm\u00fcd\u00fcr\u00fc Durdali \u015eavkar\u2019\u0131n deste\u011fiyle yap\u0131lan gezide ilk defa bir havaliman\u0131n\u0131 ve u\u00e7a\u011f\u0131 yak\u0131ndan g\u00f6rme f\u0131rsat\u0131 yakalayan \u00f6\u011frenciler keyifli anlar ya\u015fad\u0131. Bu proje ile \u00f6\u011frencilerimiz havaliman\u0131 hakk\u0131nda bilgi sahibi oldu. Gezide apron b\u00f6lgesi, yolcular\u0131n bulundu\u011fu b\u00f6l\u00fcm ve pilotlar\u0131n u\u00e7u\u015fu ger\u00e7ekle\u015ftirdi\u011fi b\u00f6l\u00fcm olan kokpit tan\u0131t\u0131ld\u0131. Antalya Havaliman\u0131na inen ve kalkan u\u00e7aklar\u0131 heyecanla ve ilgiyle seyreden \u00f6\u011frenciler, u\u00e7u\u015f g\u00f6revlileri ile sohbet ederek onlara merak ettikleri sorular\u0131 y\u00f6nelttiler. Gezide ke\u015fif yapmaktan mutluluk duyan \u00f6\u011frenciler unutulmaz anlar ya\u015fad\u0131. Havaliman\u0131 sonras\u0131 Antalya Arkeoloji M\u00fczesini de ziyaret eden \u00f6\u011frenciler gezilerini tamamlad\u0131lar Kaynak: www.kanalv.com.tr Haber Sitesinden Al\u0131nm\u0131\u015ft\u0131r.\" \/>\n<meta property=\"og:url\" content=\"https:\/\/denizcankizil.tr\/de\/haberler\/antalya\/polisler-ogrencilerin-hayalini-gerceklestirdi\/\" \/>\n<meta property=\"og:site_name\" content=\"Av. Deniz Can K\u0131z\u0131l\" \/>\n<meta property=\"article:published_time\" content=\"2024-12-02T08:41:39+00:00\" \/>\n<meta property=\"og:image\" content=\"https:\/\/denizcankizil.tr\/wp-content\/uploads\/2024\/12\/3370-01-FlMW8Y.jpeg\" \/>\n\t<meta property=\"og:image:width\" content=\"1280\" \/>\n\t<meta property=\"og:image:height\" content=\"720\" \/>\n\t<meta property=\"og:image:type\" content=\"image\/jpeg\" \/>\n<meta name=\"twitter:card\" content=\"summary_large_image\" \/>\n<meta name=\"twitter:label1\" content=\"Gesch\u00e4tzte Lesezeit\" \/>\n\t<meta name=\"twitter:data1\" content=\"1\u00a0Minute\" \/>\n<script type=\"application\/ld+json\" class=\"yoast-schema-graph\">{\"@context\":\"https:\/\/schema.org\",\"@graph\":[{\"@type\":\"Article\",\"@id\":\"https:\/\/denizcankizil.tr\/de\/haberler\/antalya\/polisler-ogrencilerin-hayalini-gerceklestirdi\/#article\",\"isPartOf\":{\"@id\":\"https:\/\/denizcankizil.tr\/de\/haberler\/antalya\/polisler-ogrencilerin-hayalini-gerceklestirdi\/\"},\"author\":{\"name\":\"\",\"@id\":\"\"},\"headline\":\"Polisler \u00f6\u011frencilerin hayalini ger\u00e7ekle\u015ftirdi\",\"datePublished\":\"2024-12-02T08:41:39+00:00\",\"mainEntityOfPage\":{\"@id\":\"https:\/\/denizcankizil.tr\/de\/haberler\/antalya\/polisler-ogrencilerin-hayalini-gerceklestirdi\/\"},\"wordCount\":220,\"commentCount\":0,\"publisher\":{\"@id\":\"https:\/\/denizcankizil.tr\/de\/#organization\"},\"image\":{\"@id\":\"https:\/\/denizcankizil.tr\/de\/haberler\/antalya\/polisler-ogrencilerin-hayalini-gerceklestirdi\/#primaryimage\"},\"thumbnailUrl\":\"https:\/\/denizcankizil.tr\/wp-content\/uploads\/2024\/12\/3370-01-FlMW8Y.jpeg\",\"articleSection\":[\"Antalya\",\"Uncategorized\"],\"inLanguage\":\"de\",\"potentialAction\":[{\"@type\":\"CommentAction\",\"name\":\"Comment\",\"target\":[\"https:\/\/denizcankizil.tr\/de\/haberler\/antalya\/polisler-ogrencilerin-hayalini-gerceklestirdi\/#respond\"]}]},{\"@type\":\"WebPage\",\"@id\":\"https:\/\/denizcankizil.tr\/de\/haberler\/antalya\/polisler-ogrencilerin-hayalini-gerceklestirdi\/\",\"url\":\"https:\/\/denizcankizil.tr\/de\/haberler\/antalya\/polisler-ogrencilerin-hayalini-gerceklestirdi\/\",\"name\":\"Polisler \u00f6\u011frencilerin hayalini ger\u00e7ekle\u015ftirdi - Av. Deniz Can K\u0131z\u0131l\",\"isPartOf\":{\"@id\":\"https:\/\/denizcankizil.tr\/de\/#website\"},\"primaryImageOfPage\":{\"@id\":\"https:\/\/denizcankizil.tr\/de\/haberler\/antalya\/polisler-ogrencilerin-hayalini-gerceklestirdi\/#primaryimage\"},\"image\":{\"@id\":\"https:\/\/denizcankizil.tr\/de\/haberler\/antalya\/polisler-ogrencilerin-hayalini-gerceklestirdi\/#primaryimage\"},\"thumbnailUrl\":\"https:\/\/denizcankizil.tr\/wp-content\/uploads\/2024\/12\/3370-01-FlMW8Y.jpeg\",\"datePublished\":\"2024-12-02T08:41:39+00:00\",\"breadcrumb\":{\"@id\":\"https:\/\/denizcankizil.tr\/de\/haberler\/antalya\/polisler-ogrencilerin-hayalini-gerceklestirdi\/#breadcrumb\"},\"inLanguage\":\"de\",\"potentialAction\":[{\"@type\":\"ReadAction\",\"target\":[\"https:\/\/denizcankizil.tr\/de\/haberler\/antalya\/polisler-ogrencilerin-hayalini-gerceklestirdi\/\"]}]},{\"@type\":\"ImageObject\",\"inLanguage\":\"de\",\"@id\":\"https:\/\/denizcankizil.tr\/de\/haberler\/antalya\/polisler-ogrencilerin-hayalini-gerceklestirdi\/#primaryimage\",\"url\":\"https:\/\/denizcankizil.tr\/wp-content\/uploads\/2024\/12\/3370-01-FlMW8Y.jpeg\",\"contentUrl\":\"https:\/\/denizcankizil.tr\/wp-content\/uploads\/2024\/12\/3370-01-FlMW8Y.jpeg\",\"width\":1280,\"height\":720},{\"@type\":\"BreadcrumbList\",\"@id\":\"https:\/\/denizcankizil.tr\/de\/haberler\/antalya\/polisler-ogrencilerin-hayalini-gerceklestirdi\/#breadcrumb\",\"itemListElement\":[{\"@type\":\"ListItem\",\"position\":1,\"name\":\"Home\",\"item\":\"https:\/\/denizcankizil.tr\/de\/\"},{\"@type\":\"ListItem\",\"position\":2,\"name\":\"Polisler \u00f6\u011frencilerin hayalini ger\u00e7ekle\u015ftirdi\"}]},{\"@type\":\"WebSite\",\"@id\":\"https:\/\/denizcankizil.tr\/de\/#website\",\"url\":\"https:\/\/denizcankizil.tr\/de\/\",\"name\":\"Av. Deniz Can K\u0131z\u0131l\",\"description\":\"Avukat Deniz Can K\u0131z\u0131l Antalya Barosu\",\"publisher\":{\"@id\":\"https:\/\/denizcankizil.tr\/de\/#organization\"},\"potentialAction\":[{\"@type\":\"SearchAction\",\"target\":{\"@type\":\"EntryPoint\",\"urlTemplate\":\"https:\/\/denizcankizil.tr\/de\/?s={search_term_string}\"},\"query-input\":{\"@type\":\"PropertyValueSpecification\",\"valueRequired\":true,\"valueName\":\"search_term_string\"}}],\"inLanguage\":\"de\"},{\"@type\":\"Organization\",\"@id\":\"https:\/\/denizcankizil.tr\/de\/#organization\",\"name\":\"Av. Deniz Can K\u0131z\u0131l\",\"url\":\"https:\/\/denizcankizil.tr\/de\/\",\"logo\":{\"@type\":\"ImageObject\",\"inLanguage\":\"de\",\"@id\":\"https:\/\/denizcankizil.tr\/de\/#\/schema\/logo\/image\/\",\"url\":\"https:\/\/denizcankizil.tr\/wp-content\/uploads\/2024\/10\/siyah-logo-svg.svg\",\"contentUrl\":\"https:\/\/denizcankizil.tr\/wp-content\/uploads\/2024\/10\/siyah-logo-svg.svg\",\"width\":1080,\"height\":1080,\"caption\":\"Av. Deniz Can K\u0131z\u0131l\"},\"image\":{\"@id\":\"https:\/\/denizcankizil.tr\/de\/#\/schema\/logo\/image\/\"}}]}<\/script>\n<!-- \/ Yoast SEO Premium plugin. -->","yoast_head_json":{"title":"Polisler \u00f6\u011frencilerin hayalini ger\u00e7ekle\u015ftirdi - Av. Deniz Can K\u0131z\u0131l","robots":{"index":"index","follow":"follow","max-snippet":"max-snippet:-1","max-image-preview":"max-image-preview:large","max-video-preview":"max-video-preview:-1"},"canonical":"https:\/\/denizcankizil.tr\/de\/haberler\/antalya\/polisler-ogrencilerin-hayalini-gerceklestirdi\/","og_locale":"de_DE","og_type":"article","og_title":"Polisler \u00f6\u011frencilerin hayalini ger\u00e7ekle\u015ftirdi","og_description":"Havaliman\u0131 Personeli taraf\u0131ndan s\u0131cak ilgiyle kar\u015f\u0131lanan \u00f6\u011frenciler bir yolcu u\u00e7akla nas\u0131l yolculuk yapar, u\u00e7ak bileti nas\u0131l al\u0131n\u0131r, u\u00e7u\u015f \u00f6ncesi g\u00fcvenlik kontrolleri nas\u0131l yap\u0131l\u0131r sorular\u0131na cevap arayarak uygulamal\u0131 olarak yerinde g\u00f6rd\u00fc. Pilotlar taraf\u0131ndan u\u00e7a\u011fa binmeden \u00f6nce u\u00e7u\u015fun nas\u0131l ger\u00e7ekle\u015ftirildi\u011fi anlat\u0131ld\u0131. Kanatlar ve motor b\u00f6l\u00fcm\u00fc hakk\u0131nda bilgi verilerek u\u00e7a\u011f\u0131n i\u00e7i gezildi. DHM Ba\u015fm\u00fcd\u00fcr\u00fc Durdali \u015eavkar\u2019\u0131n deste\u011fiyle yap\u0131lan gezide ilk defa bir havaliman\u0131n\u0131 ve u\u00e7a\u011f\u0131 yak\u0131ndan g\u00f6rme f\u0131rsat\u0131 yakalayan \u00f6\u011frenciler keyifli anlar ya\u015fad\u0131. Bu proje ile \u00f6\u011frencilerimiz havaliman\u0131 hakk\u0131nda bilgi sahibi oldu. Gezide apron b\u00f6lgesi, yolcular\u0131n bulundu\u011fu b\u00f6l\u00fcm ve pilotlar\u0131n u\u00e7u\u015fu ger\u00e7ekle\u015ftirdi\u011fi b\u00f6l\u00fcm olan kokpit tan\u0131t\u0131ld\u0131. Antalya Havaliman\u0131na inen ve kalkan u\u00e7aklar\u0131 heyecanla ve ilgiyle seyreden \u00f6\u011frenciler, u\u00e7u\u015f g\u00f6revlileri ile sohbet ederek onlara merak ettikleri sorular\u0131 y\u00f6nelttiler. Gezide ke\u015fif yapmaktan mutluluk duyan \u00f6\u011frenciler unutulmaz anlar ya\u015fad\u0131. Havaliman\u0131 sonras\u0131 Antalya Arkeoloji M\u00fczesini de ziyaret eden \u00f6\u011frenciler gezilerini tamamlad\u0131lar Kaynak: www.kanalv.com.tr Haber Sitesinden Al\u0131nm\u0131\u015ft\u0131r.","og_url":"https:\/\/denizcankizil.tr\/de\/haberler\/antalya\/polisler-ogrencilerin-hayalini-gerceklestirdi\/","og_site_name":"Av. Deniz Can K\u0131z\u0131l","article_published_time":"2024-12-02T08:41:39+00:00","og_image":[{"width":1280,"height":720,"url":"https:\/\/denizcankizil.tr\/wp-content\/uploads\/2024\/12\/3370-01-FlMW8Y.jpeg","type":"image\/jpeg"}],"twitter_card":"summary_large_image","twitter_misc":{"Gesch\u00e4tzte Lesezeit":"1\u00a0Minute"},"schema":{"@context":"https:\/\/schema.org","@graph":[{"@type":"Article","@id":"https:\/\/denizcankizil.tr\/de\/haberler\/antalya\/polisler-ogrencilerin-hayalini-gerceklestirdi\/#article","isPartOf":{"@id":"https:\/\/denizcankizil.tr\/de\/haberler\/antalya\/polisler-ogrencilerin-hayalini-gerceklestirdi\/"},"author":{"name":"","@id":""},"headline":"Polisler \u00f6\u011frencilerin hayalini ger\u00e7ekle\u015ftirdi","datePublished":"2024-12-02T08:41:39+00:00","mainEntityOfPage":{"@id":"https:\/\/denizcankizil.tr\/de\/haberler\/antalya\/polisler-ogrencilerin-hayalini-gerceklestirdi\/"},"wordCount":220,"commentCount":0,"publisher":{"@id":"https:\/\/denizcankizil.tr\/de\/#organization"},"image":{"@id":"https:\/\/denizcankizil.tr\/de\/haberler\/antalya\/polisler-ogrencilerin-hayalini-gerceklestirdi\/#primaryimage"},"thumbnailUrl":"https:\/\/denizcankizil.tr\/wp-content\/uploads\/2024\/12\/3370-01-FlMW8Y.jpeg","articleSection":["Antalya","Uncategorized"],"inLanguage":"de","potentialAction":[{"@type":"CommentAction","name":"Comment","target":["https:\/\/denizcankizil.tr\/de\/haberler\/antalya\/polisler-ogrencilerin-hayalini-gerceklestirdi\/#respond"]}]},{"@type":"WebPage","@id":"https:\/\/denizcankizil.tr\/de\/haberler\/antalya\/polisler-ogrencilerin-hayalini-gerceklestirdi\/","url":"https:\/\/denizcankizil.tr\/de\/haberler\/antalya\/polisler-ogrencilerin-hayalini-gerceklestirdi\/","name":"Polisler \u00f6\u011frencilerin hayalini ger\u00e7ekle\u015ftirdi - Av. Deniz Can K\u0131z\u0131l","isPartOf":{"@id":"https:\/\/denizcankizil.tr\/de\/#website"},"primaryImageOfPage":{"@id":"https:\/\/denizcankizil.tr\/de\/haberler\/antalya\/polisler-ogrencilerin-hayalini-gerceklestirdi\/#primaryimage"},"image":{"@id":"https:\/\/denizcankizil.tr\/de\/haberler\/antalya\/polisler-ogrencilerin-hayalini-gerceklestirdi\/#primaryimage"},"thumbnailUrl":"https:\/\/denizcankizil.tr\/wp-content\/uploads\/2024\/12\/3370-01-FlMW8Y.jpeg","datePublished":"2024-12-02T08:41:39+00:00","breadcrumb":{"@id":"https:\/\/denizcankizil.tr\/de\/haberler\/antalya\/polisler-ogrencilerin-hayalini-gerceklestirdi\/#breadcrumb"},"inLanguage":"de","potentialAction":[{"@type":"ReadAction","target":["https:\/\/denizcankizil.tr\/de\/haberler\/antalya\/polisler-ogrencilerin-hayalini-gerceklestirdi\/"]}]},{"@type":"ImageObject","inLanguage":"de","@id":"https:\/\/denizcankizil.tr\/de\/haberler\/antalya\/polisler-ogrencilerin-hayalini-gerceklestirdi\/#primaryimage","url":"https:\/\/denizcankizil.tr\/wp-content\/uploads\/2024\/12\/3370-01-FlMW8Y.jpeg","contentUrl":"https:\/\/denizcankizil.tr\/wp-content\/uploads\/2024\/12\/3370-01-FlMW8Y.jpeg","width":1280,"height":720},{"@type":"BreadcrumbList","@id":"https:\/\/denizcankizil.tr\/de\/haberler\/antalya\/polisler-ogrencilerin-hayalini-gerceklestirdi\/#breadcrumb","itemListElement":[{"@type":"ListItem","position":1,"name":"Home","item":"https:\/\/denizcankizil.tr\/de\/"},{"@type":"ListItem","position":2,"name":"Polisler \u00f6\u011frencilerin hayalini ger\u00e7ekle\u015ftirdi"}]},{"@type":"WebSite","@id":"https:\/\/denizcankizil.tr\/de\/#website","url":"https:\/\/denizcankizil.tr\/de\/","name":"Av. Deniz Can K\u0131z\u0131l","description":"Avukat Deniz Can K\u0131z\u0131l Antalya Barosu","publisher":{"@id":"https:\/\/denizcankizil.tr\/de\/#organization"},"potentialAction":[{"@type":"SearchAction","target":{"@type":"EntryPoint","urlTemplate":"https:\/\/denizcankizil.tr\/de\/?s={search_term_string}"},"query-input":{"@type":"PropertyValueSpecification","valueRequired":true,"valueName":"search_term_string"}}],"inLanguage":"de"},{"@type":"Organization","@id":"https:\/\/denizcankizil.tr\/de\/#organization","name":"Av. Deniz Can K\u0131z\u0131l","url":"https:\/\/denizcankizil.tr\/de\/","logo":{"@type":"ImageObject","inLanguage":"de","@id":"https:\/\/denizcankizil.tr\/de\/#\/schema\/logo\/image\/","url":"https:\/\/denizcankizil.tr\/wp-content\/uploads\/2024\/10\/siyah-logo-svg.svg","contentUrl":"https:\/\/denizcankizil.tr\/wp-content\/uploads\/2024\/10\/siyah-logo-svg.svg","width":1080,"height":1080,"caption":"Av. Deniz Can K\u0131z\u0131l"},"image":{"@id":"https:\/\/denizcankizil.tr\/de\/#\/schema\/logo\/image\/"}}]}},"_links":{"self":[{"href":"https:\/\/denizcankizil.tr\/de\/wp-json\/wp\/v2\/posts\/18709","targetHints":{"allow":["GET"]}}],"collection":[{"href":"https:\/\/denizcankizil.tr\/de\/wp-json\/wp\/v2\/posts"}],"about":[{"href":"https:\/\/denizcankizil.tr\/de\/wp-json\/wp\/v2\/types\/post"}],"replies":[{"embeddable":true,"href":"https:\/\/denizcankizil.tr\/de\/wp-json\/wp\/v2\/comments?post=18709"}],"version-history":[{"count":0,"href":"https:\/\/denizcankizil.tr\/de\/wp-json\/wp\/v2\/posts\/18709\/revisions"}],"wp:featuredmedia":[{"embeddable":true,"href":"https:\/\/denizcankizil.tr\/de\/wp-json\/wp\/v2\/media\/18710"}],"wp:attachment":[{"href":"https:\/\/denizcankizil.tr\/de\/wp-json\/wp\/v2\/media?parent=18709"}],"wp:term":[{"taxonomy":"category","embeddable":true,"href":"https:\/\/denizcankizil.tr\/de\/wp-json\/wp\/v2\/categories?post=18709"},{"taxonomy":"post_tag","embeddable":true,"href":"https:\/\/denizcankizil.tr\/de\/wp-json\/wp\/v2\/tags?post=18709"}],"curies":[{"name":"wp","href":"https:\/\/api.w.org\/{rel}","templated":true}]}}