{"id":18591,"date":"2024-12-01T14:56:04","date_gmt":"2024-12-01T11:56:04","guid":{"rendered":"https:\/\/denizcankizil.tr\/uncategorized-tr\/yargitay-kararlariyla-cocuk-velayeti-hukuki-degerlendirme\/"},"modified":"2024-12-04T00:08:07","modified_gmt":"2024-12-03T21:08:07","slug":"yargitay-kararlariyla-cocuk-velayeti-hukuki-degerlendirme","status":"publish","type":"post","link":"https:\/\/denizcankizil.tr\/de\/koseyazilari\/degerlendirme\/yargitay-kararlariyla-cocuk-velayeti-hukuki-degerlendirme\/","title":{"rendered":"Yarg\u0131tay Kararlar\u0131yla \u00c7ocuk Velayeti: Hukuki De\u011ferlendirme"},"content":{"rendered":"<p> <strong>Yarg\u0131tay \u200bKararlar\u0131yla \u00c7ocuk Velayeti: Hukuki De\u011ferlendirme<\/strong><\/p>\n<p>\u00c7ocuk velayeti, bo\u015fanma veya ayr\u0131l\u0131k s\u00fcre\u00e7lerinde en \u00f6nemli \u200chukuki meselelerden \u200dbiri olarak kar\u015f\u0131m\u0131za \u00e7\u0131kmaktad\u0131r. \u200cEbeveynlerin \u00e7ocuklar\u0131 \u00fczerindeki hak ve sorumluluklar\u0131n\u0131n belirlenmesi, hem \u00e7ocuklar\u0131n psikolojik ve\u2063 sosyal geli\u015fimleri \u2063hem de\u200d ebeveynlerin ya\u015fam standartlar\u0131 a\u00e7\u0131s\u0131ndan kritik bir \u00f6neme sahiptir. T\u00fcrk Medeni Kanunu&#8217;nda d\u00fczenlenen velayet h\u00fck\u00fcmleri, Yarg\u0131tay i\u00e7tihatlar\u0131yla \u015fekillenen bir uygulama \u200dalan\u0131 sunmakta ve bu\u200b ba\u011flamda, <a href=\"https:\/\/denizcankizil.tr\/de\/seo\/antalyada-kisisel-verilerin-korunmasi-hukuku-avukati-hangi-dava-turlerine-bakar-kvkk-dava-turlerinin-tamami-antalyadaki-adliye-ve-mahkemeler-listesi-nelerdir-antalyanin-ilceleri-hangileridir\/\" title=\"Antalya&#039;da Ki\u015fisel Verilerin Korunmas\u0131 Hukuku Avukat\u0131 Hangi Dava T\u00fcrlerine Bakar ? KVKK Dava T\u00fcrlerinin Tamam\u0131. Antalya&#039;daki Adliye ve Mahkemeler Listesi Nelerdir? Antalya&#039;n\u0131n il\u00e7eleri hangileridir?\">mahkemelerin verdi\u011fi kararlar<\/a>, hukukun \u200devrensel ilkeleri ile \u00e7ocuklar\u0131n \u00fcst\u00fcn yarar\u0131n\u0131 g\u00f6zetme amac\u0131n\u0131 ta\u015f\u0131maktad\u0131r. Bu makalede, Yarg\u0131tay kararlar\u0131 \u0131\u015f\u0131\u011f\u0131nda \u00e7ocuk velayetinin hukuki boyutlar\u0131 ele al\u0131nacak, mevcut i\u00e7tihatlar \u00fczerinden bir de\u011ferlendirme yap\u0131lacak ve <a href=\"https:\/\/denizcankizil.tr\/de\/koseyazilari\/degerlendirme\/yeniden-evlenme-sebebiyle-cocugun-velayeti-velayetdavalari\/\" title=\"Yeniden Evlenme sebebiyle \u00c7ocu\u011fun Velayeti\">velayet davalar\u0131nda<\/a> dikkate al\u0131nmas\u0131 gereken temel unsurlar irdelenecektir. B\u00f6ylece, \u00e7ocuk velayetinin hukuki \u00e7er\u00e7evesinin daha iyi anla\u015f\u0131lmas\u0131 ve uygulamada kar\u015f\u0131la\u015f\u0131lan sorunlar\u0131n \u00e7\u00f6z\u00fcm\u00fcne y\u00f6nelik\u200b \u00f6neriler sunulmas\u0131 hedeflenmektedir.<br \/><img decoding=\"async\" class=\"kimage_class lazyload\" data-src=\"https:\/\/denizcankizil.tr\/wp-content\/uploads\/2024\/10\/4382-antalyada-ticaret-hukuku-avukatlarinin-yetki-alanlari.jpg\" alt=\"Yarg\u0131tay Kararlar\u0131n\u0131n \u00c7ocuk Velayeti \u00dczerindeki Etkisi\" src=\"data:image\/svg+xml;base64,PHN2ZyB3aWR0aD0iMSIgaGVpZ2h0PSIxIiB4bWxucz0iaHR0cDovL3d3dy53My5vcmcvMjAwMC9zdmciPjwvc3ZnPg==\"><\/p>\n<h2 id=\"yargitay-kararlarinin-cocuk-velayeti-uzerindeki-etkisi\">Yarg\u0131tay Kararlar\u0131n\u0131n \u00c7ocuk Velayeti \u00dczerindeki \u200bEtkisi<\/h2>\n<p>Yarg\u0131tay kararlar\u0131, \u00e7ocuk velayeti konusundaki hukuki uygulamalar\u0131n \u015fekillenmesinde \u00f6nemli bir rol oynamaktad\u0131r. Bu kararlar, mahkemelerin \u00e7ocuklar\u0131n en iyi \u00e7\u0131karlar\u0131n\u0131 g\u00f6zeterek verdikleri h\u00fck\u00fcmlerin temelini olu\u015fturur. Yarg\u0131tay, velayet davalar\u0131nda, ebeveynlerin \u00e7ocuk \u200c\u00fczerindeki hak ve \u2063sorumluluklar\u0131n\u0131 de\u011ferlendirirken, a\u015fa\u011f\u0131daki unsurlar\u0131\u200c dikkate\u200d almaktad\u0131r:<\/p>\n<ul>\n<li><strong>\u00c7ocu\u011fun Ya\u015f\u0131 ve Geli\u015fim D\u00f6nemi:<\/strong> \u200d\u00c7ocu\u011fun ya\u015f\u0131na ve geli\u015fim\u200c d\u00f6nemine uygun bir velayet d\u00fczenlemesi yap\u0131lmas\u0131 gerekti\u011fi vurgulanmaktad\u0131r.<\/li>\n<li><strong>Ebeveynlerin Psiko-Sosyal Durumu:<\/strong> \u200d Ebeveynlerin ruhsal ve sosyal durumlar\u0131, \u00e7ocu\u011fun bak\u0131m ve e\u011fitimine \u2064olan \u200bkatk\u0131lar\u0131 a\u00e7\u0131s\u0131ndan de\u011ferlendirilir.<\/li>\n<li><strong>\u00c7ocu\u011fun Tercihleri:<\/strong> \u00d6zellikle erginlik\u200b d\u00f6nemindeki\u200d \u00e7ocuklar\u0131n g\u00f6r\u00fc\u015fleri, mahkeme taraf\u0131ndan dikkate al\u0131narak velayet\u200c kararlar\u0131 \u2063\u015fekillendirilir.<\/li>\n<li><strong>\u00c7ocu\u011fun \u0130htiya\u00e7lar\u0131:<\/strong> \u00c7ocu\u011fun fiziksel, duygusal ve sosyal\u2062 ihtiya\u00e7lar\u0131, velayet kararlar\u0131n\u0131n belirlenmesinde \u00f6nemli bir kriterdir.<\/li>\n<\/ul>\n<p>Yarg\u0131tay, \u00e7ocuk \u2064velayeti ile ilgili kararlar\u0131nda, ebeveynlerin birbirleriyle olan ili\u015fkilerini \u200cve \u00e7ocuk \u00fczerindeki etkilerini de \u2063g\u00f6z \u00f6n\u00fcnde bulundurmaktad\u0131r. Bu ba\u011flamda, velayet d\u00fczenlemeleri, yaln\u0131zca hukuki bir s\u00fcre\u00e7 de\u011fil, ayn\u0131 zamanda \u00e7ocu\u011fun sa\u011fl\u0131kl\u0131 bir geli\u015fim\u200b g\u00f6stermesi i\u00e7in gerekli olan sosyal bir sorumluluktur. Yarg\u0131tay\u2019\u0131n i\u00e7tihatlar\u0131, velayet davalar\u0131nda emsal\u200c te\u015fkil \u200cederek, mahkemelerin karar\u2063 verme s\u00fcre\u00e7lerinde\u200c rehberlik etmektedir.<\/p>\n<p><img decoding=\"async\" class=\"kimage_class lazyload\" data-src=\"https:\/\/denizcankizil.tr\/wp-content\/uploads\/2024\/10\/2B6So-253D.jpg\" alt=\"\u00c7ocuk Velayeti Kavram\u0131n\u0131n Hukuki \u00c7er\u00e7evesi\" src=\"data:image\/svg+xml;base64,PHN2ZyB3aWR0aD0iMSIgaGVpZ2h0PSIxIiB4bWxucz0iaHR0cDovL3d3dy53My5vcmcvMjAwMC9zdmciPjwvc3ZnPg==\"><\/p>\n<h2 id=\"cocuk-velayeti-kavraminin-hukuki-cercevesi\">\u00c7ocuk Velayeti Kavram\u0131n\u0131n Hukuki \u00c7er\u00e7evesi<\/h2>\n<p>\u00c7ocuk velayeti,\u200d bo\u015fanma veya ayr\u0131l\u0131k durumlar\u0131nda ebeveynlerin \u00e7ocuklar\u0131 \u00fczerindeki hak ve sorumluluklar\u0131n\u0131 belirleyen \u00f6nemli bir hukuki kavramd\u0131r. T\u00fcrk Medeni Kanunu&#8217;nda velayet, \u00e7ocu\u011fun bak\u0131m\u0131n\u0131, e\u011fitimini \u2064ve geli\u015fimini sa\u011flama y\u00fck\u00fcml\u00fcl\u00fc\u011f\u00fcn\u00fc i\u00e7ermektedir. Velayet, \u00e7ocu\u011fun en iyi \u00e7\u0131karlar\u0131n\u0131 g\u00f6zeterek, ebeveynlerin\u2062 haklar\u0131n\u0131n dengelenmesi amac\u0131yla d\u00fczenlenmi\u015ftir.<\/p>\n<p>Yarg\u0131tay i\u00e7tihatlar\u0131, \u200c\u00e7ocuk \u200cvelayetinin belirlenmesinde dikkate al\u0131nmas\u0131 gereken temel unsurlar\u0131 ortaya \u200ckoymaktad\u0131r. Bu unsurlar aras\u0131nda:<\/p>\n<ul>\n<li><strong>\u00c7ocu\u011fun ya\u015f\u0131 \u2064ve geli\u015fim durumu:<\/strong> \u00c7ocuklar\u0131n ya\u015flar\u0131, velayet kararlar\u0131n\u0131n verilmesinde\u2062 \u00f6nemli bir kriterdir.<\/li>\n<li><strong>Ebeveynlerin maddi ve\u2063 manevi durumu:<\/strong> Ebeveynlerin \u00e7ocuklar\u0131na sa\u011flad\u0131klar\u0131 destek, velayet kararlar\u0131n\u0131 etkileyen bir di\u011fer fakt\u00f6rd\u00fcr.<\/li>\n<li><strong>\u00c7ocu\u011fun g\u00f6r\u00fc\u015f\u00fc:<\/strong> \u00d6zellikle\u2062 belirli bir ya\u015fa \u2063ula\u015fm\u0131\u015f \u00e7ocuklar\u0131n, velayet konusunda kendi g\u00f6r\u00fc\u015flerinin al\u0131nmas\u0131, hukuki \u200ds\u00fcre\u00e7te dikkate\u200b al\u0131nmaktad\u0131r.<\/li>\n<\/ul>\n<p>Sonu\u00e7 olarak, \u00e7ocuk velayeti, yaln\u0131zca ebeveynlerin haklar\u0131n\u0131 de\u011fil, ayn\u0131 zamanda\u200c \u00e7ocu\u011fun en iyi \u00e7\u0131karlar\u0131n\u0131 da g\u00f6zeten bir hukuki d\u00fczenlemeyi ifade etmektedir. Yarg\u0131tay kararlar\u0131, bu s\u00fcrecin nas\u0131l i\u015flemesi gerekti\u011fine dair \u00f6nemli bir rehberlik \u2063sunmakta \u200dve velayet konusundaki hukuki \u00e7er\u00e7evenin netle\u015fmesine katk\u0131da bulunmaktad\u0131r.<\/p>\n<p><img decoding=\"async\" class=\"kimage_class lazyload\" data-src=\"https:\/\/denizcankizil.tr\/wp-content\/uploads\/2024\/10\/H7KLQ-253D.jpg\" alt=\"Yarg\u0131tay \u0130\u00e7tihatlar\u0131nda \u00c7ocuk Velayeti Uygulamalar\u0131\" src=\"data:image\/svg+xml;base64,PHN2ZyB3aWR0aD0iMSIgaGVpZ2h0PSIxIiB4bWxucz0iaHR0cDovL3d3dy53My5vcmcvMjAwMC9zdmciPjwvc3ZnPg==\"><\/p>\n<h2 id=\"yargitay-ictihatlarinda-cocuk-velayeti-uygulamalari\">Yarg\u0131tay \u0130\u00e7tihatlar\u0131nda \u00c7ocuk Velayeti Uygulamalar\u0131<\/h2>\n<p>Yarg\u0131tay i\u00e7tihatlar\u0131, \u00e7ocuk velayeti \u200dkonusundaki hukuki uygulamalar\u0131n belirlenmesinde \u00f6nemli bir rol oynamaktad\u0131r. \u00c7ocuklar\u0131n en iyi \u00e7\u0131karlar\u0131n\u0131 g\u00f6zeten kararlar, aile mahkemeleri taraf\u0131ndan al\u0131nan velayet kararlar\u0131n\u0131n denetlenmesinde Yarg\u0131tay\u2019\u0131n katk\u0131s\u0131n\u0131 ortaya\u2063 koymaktad\u0131r. Bu ba\u011flamda, Yarg\u0131tay\u2019\u0131n verdi\u011fi kararlar,\u2062 velayet davalar\u0131nda\u2063 dikkate\u200c al\u0131nmas\u0131 gereken temel ilkeleri ve kriterleri belirlemektedir.<\/p>\n<p>Yarg\u0131tay\u2019\u0131n \u00e7ocuk \u2064velayeti ile ilgili i\u00e7tihatlar\u0131nda \u00f6ne \u00e7\u0131kan baz\u0131 hususlar \u015funlard\u0131r:<\/p>\n<ul>\n<li><strong>\u00c7ocuklar\u0131n Menfaati:<\/strong> \u2062Velayet \u2062kararlar\u0131nda, \u00e7ocu\u011fun menfaatinin \u00f6ncelikli olarak g\u00f6zetilmesi gerekti\u011fi vurgulanmaktad\u0131r.<\/li>\n<li><strong>Taraflar\u0131n Durumu:<\/strong> Ebeveynlerin maddi ve manevi durumlar\u0131, \u00e7ocuk \u00fczerindeki etkileri a\u00e7\u0131s\u0131ndan de\u011ferlendirilmekte ve bu durumlar karar s\u00fcre\u00e7lerinde dikkate\u2064 al\u0131nmaktad\u0131r.<\/li>\n<li><strong>\u00c7ocukla \u0130leti\u015fim:<\/strong> Velayet hakk\u0131n\u0131n \u2063kullan\u0131m\u0131 \u200bs\u0131ras\u0131nda, \u00e7ocu\u011fun di\u011fer ebeveyni \u200dile olan ili\u015fkisi ve ileti\u015fimi \u00f6nem ta\u015f\u0131maktad\u0131r.<\/li>\n<\/ul>\n<p>Yarg\u0131tay\u2019\u0131n i\u00e7tihatlar\u0131,\u200c \u00e7ocuk velayetinin\u200d belirlenmesinde\u200b yaln\u0131zca \u200bhukuki bir \u00e7er\u00e7eve sunmakla kalmay\u0131p, ayn\u0131 zamanda uygulay\u0131c\u0131lar i\u00e7in de yol g\u00f6sterici nitelik ta\u015f\u0131maktad\u0131r. \u2064Bu nedenle, velayet davalar\u0131nda Yarg\u0131tay kararlar\u0131n\u0131n dikkate al\u0131nmas\u0131, hem hukukun \u00fcst\u00fcnl\u00fc\u011f\u00fc hem de \u00e7ocuklar\u0131n haklar\u0131n\u0131n korunmas\u0131 \u2062a\u00e7\u0131s\u0131ndan \u200bb\u00fcy\u00fck \u00f6nem arz etmektedir.<\/p>\n<p><img decoding=\"async\" class=\"kimage_class lazyload\" data-src=\"https:\/\/denizcankizil.tr\/wp-content\/uploads\/2024\/10\/78x381.jpg\" alt=\"Velayet Davalar\u0131nda Mahkeme De\u011ferlendirmeleri\" src=\"data:image\/svg+xml;base64,PHN2ZyB3aWR0aD0iMSIgaGVpZ2h0PSIxIiB4bWxucz0iaHR0cDovL3d3dy53My5vcmcvMjAwMC9zdmciPjwvc3ZnPg==\"><\/p>\n<h2 id=\"velayet-davalarinda-mahkeme-degerlendirmeleri\">Velayet Davalar\u0131nda Mahkeme De\u011ferlendirmeleri<\/h2>\n<section>\n<p>Velayet davalar\u0131nda \u2062mahkemelerin de\u011ferlendirmeleri, \u200b\u00e7ocu\u011fun \u2063en iyi \u00e7\u0131karlar\u0131n\u0131 g\u00f6zetmek amac\u0131yla titizlikle yap\u0131lmaktad\u0131r. Mahkemeler, velayet kararlar\u0131n\u0131 verirken a\u015fa\u011f\u0131daki unsurlar\u0131 dikkate almaktad\u0131r:<\/p>\n<ul>\n<li><strong>\u00c7ocu\u011fun Ya\u015f\u0131 ve Geli\u015fim D\u00f6nemi:<\/strong> \u00c7ocu\u011fun ya\u015f\u0131, geli\u015fimsel ihtiya\u00e7lar\u0131 ve psikolojik durumu,\u200b velayet kararlar\u0131n\u0131n belirlenmesinde \u00f6nemli bir rol oynamaktad\u0131r.<\/li>\n<li><strong>Anne ve Baba ile\u2063 \u0130li\u015fkisi:<\/strong> \u00c7ocu\u011fun her iki \u200debeveyniyle olan ili\u015fkisi,\u200d mahkeme taraf\u0131ndan de\u011ferlendirilen bir\u200c di\u011fer kritik fakt\u00f6rd\u00fcr.<\/li>\n<li><strong>Ya\u015fam Ko\u015fullar\u0131:<\/strong> Ebeveynlerin ya\u015fam ko\u015fullar\u0131, maddi ve manevi destek durumlar\u0131, \u00e7ocu\u011fun \u2064sa\u011fl\u0131kl\u0131 bir ortamda b\u00fcy\u00fcmesi a\u00e7\u0131s\u0131ndan\u200d g\u00f6z \u00f6n\u00fcnde bulundurulmaktad\u0131r.<\/li>\n<li><strong>\u00c7ocu\u011fun G\u00f6r\u00fc\u015f\u00fc:<\/strong> E\u011fer \u00e7ocuk belirli bir ya\u015fa ula\u015fm\u0131\u015fsa, mahkeme \u00e7ocu\u011fun g\u00f6r\u00fc\u015f\u00fcn\u00fc de dikkate alarak karar vermektedir.<\/li>\n<\/ul>\n<p>Yarg\u0131tay\u200b i\u00e7tihatlar\u0131, velayet \u200cdavalar\u0131nda mahkemelerin nas\u0131l \u200dbir yakla\u015f\u0131m sergiledi\u011fini ve hangi kriterlere g\u00f6re karar verdi\u011fini g\u00f6stermektedir. Bu ba\u011flamda, mahkemelerin kararlar\u0131, \u2063\u00e7ocu\u011fun \u2063en iyi \u00e7\u0131karlar\u0131n\u0131 g\u00f6zetmek amac\u0131yla olu\u015fturulmu\u015f bir \u00e7er\u00e7eve i\u00e7inde \u015fekillenmektedir. Dolay\u0131s\u0131yla, , hukukun temel ilkeleri do\u011frultusunda\u200c ve \u00e7ocu\u011fun ihtiya\u00e7lar\u0131\u200b g\u00f6z \u00f6n\u00fcnde bulundurularak yap\u0131lmaktad\u0131r.<\/p>\n<\/section>\n<p><img decoding=\"async\" class=\"kimage_class lazyload\" data-src=\"https:\/\/denizcankizil.tr\/wp-content\/uploads\/2024\/10\/1LHFk-253D.jpg\" alt=\"\u00c7ocuklar\u0131n \u00dcst\u00fcn Yarar\u0131 \u0130lkesi ve\u200b Velayet Kararlar\u0131\" src=\"data:image\/svg+xml;base64,PHN2ZyB3aWR0aD0iMSIgaGVpZ2h0PSIxIiB4bWxucz0iaHR0cDovL3d3dy53My5vcmcvMjAwMC9zdmciPjwvc3ZnPg==\"><\/p>\n<h2 id=\"cocuklarin-ustun-yarari-ilkesi-ve-velayet-kararlari\">\u00c7ocuklar\u0131n \u00dcst\u00fcn \u2064Yarar\u0131 \u0130lkesi ve Velayet\u200b Kararlar\u0131<\/h2>\n<p>\u00c7ocuklar\u0131n \u00fcst\u00fcn yarar\u0131 ilkesi, aile hukuku \u00e7er\u00e7evesinde velayet kararlar\u0131n\u0131n belirlenmesinde temel bir prensip \u2063olarak \u00f6ne \u00e7\u0131kmaktad\u0131r. Bu ilke, \u00e7ocu\u011fun fiziksel, duygusal ve sosyal geli\u015fimini en iyi \u015fekilde desteklemeyi ama\u00e7lar. Velayet davalar\u0131nda, mahkemeler \u00e7ocuklar\u0131n ihtiya\u00e7lar\u0131n\u0131 ve \u00e7\u0131karlar\u0131n\u0131\u200c \u00f6ncelikli olarak g\u00f6z \u00f6n\u00fcnde bulundurarak karar \u200cvermektedir. Bu ba\u011flamda, Yarg\u0131tay i\u00e7tihatlar\u0131, \u00e7ocuklar\u0131n \u00fcst\u00fcn yarar\u0131n\u0131 g\u00f6zeten\u2063 kararlar\u0131n al\u0131nmas\u0131nda \u00f6nemli bir rehberlik sa\u011flamaktad\u0131r.<\/p>\n<p>Velayet kararlar\u0131, \u00e7ocu\u011fun ya\u015fam ko\u015fullar\u0131n\u0131, ebeveynlerin yeteneklerini ve aile dinamiklerini dikkate alarak \u015fekillenir. \u2063Mahkemeler, a\u015fa\u011f\u0131daki unsurlar\u0131 de\u011ferlendirirken \u00e7ocuklar\u0131n \u00fcst\u00fcn yarar\u0131n\u0131 \u00f6n planda tutar:<\/p>\n<ul>\n<li><strong>\u00c7ocu\u011fun ya\u015f\u0131 ve geli\u015fim durumu:<\/strong> \u00c7ocuklar\u0131n ya\u015flar\u0131na\u2063 uygun bir ortamda b\u00fcy\u00fcmeleri sa\u011flanmal\u0131d\u0131r.<\/li>\n<li><strong>Ebeveynlerin psikolojik ve\u2063 fiziksel durumu:<\/strong> Ebeveynlerin \u00e7ocuklar\u0131na sa\u011fl\u0131kl\u0131 bir ortam sunabilme yetenekleri g\u00f6z \u00f6n\u00fcnde \u200cbulundurulur.<\/li>\n<li><strong>\u00c7ocu\u011fun g\u00f6r\u00fc\u015f\u00fc:<\/strong> \u00d6zellikle belirli\u200d bir ya\u015fa gelmi\u015f \u00e7ocuklar\u0131n d\u00fc\u015f\u00fcnceleri ve istekleri dikkate al\u0131n\u0131r.<\/li>\n<li><strong>Aile ili\u015fkileri:<\/strong> Aile \u2063i\u00e7indeki ili\u015fkilerin sa\u011fl\u0131kl\u0131 olup olmad\u0131\u011f\u0131 de\u011ferlendirilir.<\/li>\n<\/ul>\n<p>Yarg\u0131tay, velayet davalar\u0131nda \u00e7ocuklar\u0131n \u00fcst\u00fcn yarar\u0131n\u0131 g\u00f6zeten kararlar alarak, \u2063aile hukukunun temel ilkelerine \u200buygun bir \u015fekilde hareket etmektedir. Bu nedenle, mahkemelerin verdi\u011fi kararlar, yaln\u0131zca hukuki bir \u00e7er\u00e7eve sunmakla kalmaz, \u2062ayn\u0131 zamanda \u00e7ocuklar\u0131n gelece\u011fi \u200da\u00e7\u0131s\u0131ndan da kritik bir \u00f6neme sahiptir. Sonu\u00e7 olarak, \u2064\u00e7ocuklar\u0131n \u00fcst\u00fcn yarar\u0131 ilkesi, velayet \u2062kararlar\u0131n\u0131n \u015fekillenmesinde vazge\u00e7ilmez bir unsur olarak kar\u015f\u0131m\u0131za \u00e7\u0131kmaktad\u0131r.<\/p>\n<p><img decoding=\"async\" class=\"kimage_class lazyload\" data-src=\"https:\/\/denizcankizil.tr\/wp-content\/uploads\/2024\/10\/x504-1.jpg\" alt=\"Yarg\u0131tay Kararlar\u0131 I\u015f\u0131\u011f\u0131nda Velayet De\u011fi\u015fiklikleri\" src=\"data:image\/svg+xml;base64,PHN2ZyB3aWR0aD0iMSIgaGVpZ2h0PSIxIiB4bWxucz0iaHR0cDovL3d3dy53My5vcmcvMjAwMC9zdmciPjwvc3ZnPg==\"><\/p>\n<h2 id=\"yargitay-kararlari-isiginda-velayet-degisiklikleri\">Yarg\u0131tay Kararlar\u0131 I\u015f\u0131\u011f\u0131nda Velayet De\u011fi\u015fiklikleri<\/h2>\n<section>\n<p>\u00c7ocuk\u200b velayeti, ebeveynlerin \u00e7ocuklar\u0131 \u00fczerindeki hak \u2063ve sorumluluklar\u0131n\u0131 belirleyen \u00f6nemli bir hukuki konudur. Yarg\u0131tay, velayet de\u011fi\u015fiklikleri ile \u200bilgili \u200cverdi\u011fi kararlarla, bu alandaki hukuki \u00e7er\u00e7eveyi netle\u015ftirmi\u015ftir. Velayet, yaln\u0131zca ebeveynlerin haklar\u0131n\u0131 de\u011fil, ayn\u0131 zamanda \u00e7ocu\u011fun\u200c menfaatlerini de g\u00f6zetmek\u2062 amac\u0131yla d\u00fczenlenmi\u015ftir. Bu ba\u011flamda, Yarg\u0131tay&#8217;\u0131n i\u00e7tihatlar\u0131, velayet de\u011fi\u015fikliklerinin hangi ko\u015fullarda ve nas\u0131l yap\u0131labilece\u011fine dair \u00f6nemli ipu\u00e7lar\u0131 sunmaktad\u0131r.<\/p>\n<p>Yarg\u0131tay \u200bkararlar\u0131, velayet de\u011fi\u015fikliklerinin de\u011ferlendirilmesinde dikkate\u200d al\u0131nmas\u0131 gereken baz\u0131 temel unsurlar\u0131 vurgulamaktad\u0131r. Bu unsurlar aras\u0131nda:<\/p>\n<ul>\n<li><strong>\u00c7ocu\u011fun Ya\u015f\u0131 ve Geli\u015fim D\u00fczeyi:<\/strong> \u2063 \u00c7ocu\u011fun ya\u015f\u0131, velayet \u200dde\u011fi\u015fikli\u011fi talebinin de\u011ferlendirilmesinde \u00f6nemli bir kriterdir.<\/li>\n<li><strong>Taraflar\u0131n Ebeveynlik \u2063Yetkinli\u011fi:<\/strong> Ebeveynlerin \u00e7ocuklar\u0131na sa\u011flad\u0131klar\u0131 \u2064bak\u0131m\u2064 ve destek, velayet \u2063kararlar\u0131nda belirleyici\u200b bir rol oynamaktad\u0131r.<\/li>\n<li><strong>\u00c7ocu\u011fun G\u00f6r\u00fc\u015f\u00fc:<\/strong> \u00d6zellikle belirli bir ya\u015fa gelmi\u015f \u00e7ocuklar\u0131n g\u00f6r\u00fc\u015fleri, mahkeme taraf\u0131ndan dikkate al\u0131nmaktad\u0131r.<\/li>\n<li><strong>\u00c7ocu\u011fun \u0130htiya\u00e7lar\u0131:<\/strong> \u00c7ocu\u011fun fiziksel, duygusal ve sosyal ihtiya\u00e7lar\u0131, velayet de\u011fi\u015fikli\u011fi kararlar\u0131nda g\u00f6z \u00f6n\u00fcnde bulundurulmal\u0131d\u0131r.<\/li>\n<\/ul>\n<p>Sonu\u00e7 olarak, Yarg\u0131tay&#8217;\u0131n velayet de\u011fi\u015fiklikleri konusundaki kararlar\u0131, hukukun \u00fcst\u00fcnl\u00fc\u011f\u00fc\u2062 ilkesine dayal\u0131 olarak, \u00e7ocuklar\u0131n\u200b en iyi \u200d\u00e7\u0131karlar\u0131n\u0131 g\u00f6zetmeyi ama\u00e7lamaktad\u0131r. Ebeveynlerin haklar\u0131 ile \u00e7ocuklar\u0131n ihtiya\u00e7lar\u0131 aras\u0131nda dengeli\u2063 bir \u200dyakla\u015f\u0131m \u2062sergileyen bu kararlar, \u200daile hukukunun geli\u015fimine \u00f6nemli katk\u0131larda\u200c bulunmaktad\u0131r.<\/p>\n<\/section>\n<p>Sonu\u00e7 olarak, Yarg\u0131tay kararlar\u0131, \u00e7ocuk velayeti konusundaki hukuki de\u011ferlendirmelerin temelini olu\u015fturmaktad\u0131r. Mahkeme i\u00e7tihatlar\u0131, velayet davalar\u0131nda taraflar\u0131n\u2062 haklar\u0131n\u0131 koruma ve \u00e7ocuklar\u0131n\u2064 en iyi \u00e7\u0131karlar\u0131n\u0131 g\u00f6zetme amac\u0131n\u0131 ta\u015f\u0131maktad\u0131r. Bu ba\u011flamda, Yarg\u0131tay\u2019\u0131n verdi\u011fi kararlar, \u200byaln\u0131zca mevcut \u2064hukukun uygulanmas\u0131nda de\u011fil, ayn\u0131 zamanda gelecekteki benzer davalar i\u00e7in\u2064 de emsal te\u015fkil etmektedir. \u200b\u00c7ocuk velayeti, karma\u015f\u0131k bir hukuki\u200d s\u00fcre\u00e7 olup, her bir davan\u0131n kendine \u00f6zg\u00fc ko\u015fullar\u0131 g\u00f6z \u00f6n\u00fcnde bulundurularak de\u011ferlendirilmelidir. Bu nedenle, Yarg\u0131tay\u2019\u0131n \u2064i\u00e7tihatlar\u0131, hukuk\u00e7ular ve aile mahkemeleri i\u00e7in \u00f6nemli bir rehber niteli\u011fi\u2064 ta\u015f\u0131maktad\u0131r. \u00c7ocuklar\u0131n sa\u011fl\u0131kl\u0131 bir geli\u015fim s\u00fcreci ge\u00e7irebilmeleri i\u00e7in, velayet kararlar\u0131n\u0131n titizlikle ve hukukun \u00fcst\u00fcnl\u00fc\u011f\u00fc \u200cilkeleri \u00e7er\u00e7evesinde verilmesi b\u00fcy\u00fck bir \u00f6nem arz etmektedir. Bu \u200dmakalede ele al\u0131nan Yarg\u0131tay kararlar\u0131, \u00e7ocuk velayeti konusundaki \u2063hukuki \u00e7er\u00e7evenin daha iyi anla\u015f\u0131lmas\u0131na katk\u0131 sa\u011flamay\u0131 ama\u00e7lamaktad\u0131r. <\/p>","protected":false},"excerpt":{"rendered":"<p>Yarg\u0131tay kararlar\u0131, \u00e7ocuk velayeti konusundaki hukuki de\u011ferlendirmelerde \u00f6nemli bir yer tutmaktad\u0131r. Ebeveynlerin haklar\u0131 ve \u00e7ocuklar\u0131n \u00fcst\u00fcn yarar\u0131 g\u00f6zetilerek verilen kararlar, aile hukukunun dinamiklerini \u015fekillendirmektedir.<\/p>","protected":false},"author":4,"featured_media":18592,"comment_status":"open","ping_status":"open","sticky":false,"template":"","format":"standard","meta":{"_acf_changed":false,"footnotes":""},"categories":[22],"tags":[],"class_list":["post-18591","post","type-post","status-publish","format-standard","has-post-thumbnail","hentry","category-degerlendirme"],"acf":[],"yoast_head":"<!-- This site is optimized with the Yoast SEO Premium plugin v26.6 (Yoast SEO v27.1.1) - https:\/\/yoast.com\/product\/yoast-seo-premium-wordpress\/ -->\n<title>Yarg\u0131tay Kararlar\u0131yla \u00c7ocuk Velayeti: Hukuki De\u011ferlendirme - Av. Deniz Can K\u0131z\u0131l<\/title>\n<meta name=\"robots\" content=\"index, follow, max-snippet:-1, max-image-preview:large, max-video-preview:-1\" \/>\n<link rel=\"canonical\" href=\"https:\/\/denizcankizil.tr\/de\/koseyazilari\/degerlendirme\/yargitay-kararlariyla-cocuk-velayeti-hukuki-degerlendirme\/\" \/>\n<meta property=\"og:locale\" content=\"de_DE\" \/>\n<meta property=\"og:type\" content=\"article\" \/>\n<meta property=\"og:title\" content=\"Yarg\u0131tay Kararlar\u0131yla \u00c7ocuk Velayeti: Hukuki De\u011ferlendirme\" \/>\n<meta property=\"og:description\" content=\"Yarg\u0131tay kararlar\u0131, \u00e7ocuk velayeti konusundaki hukuki de\u011ferlendirmelerde \u00f6nemli bir yer tutmaktad\u0131r. Ebeveynlerin haklar\u0131 ve \u00e7ocuklar\u0131n \u00fcst\u00fcn yarar\u0131 g\u00f6zetilerek verilen kararlar, aile hukukunun dinamiklerini \u015fekillendirmektedir.\" \/>\n<meta property=\"og:url\" content=\"https:\/\/denizcankizil.tr\/de\/koseyazilari\/degerlendirme\/yargitay-kararlariyla-cocuk-velayeti-hukuki-degerlendirme\/\" \/>\n<meta property=\"og:site_name\" content=\"Av. Deniz Can K\u0131z\u0131l\" \/>\n<meta property=\"article:published_time\" content=\"2024-12-01T11:56:04+00:00\" \/>\n<meta property=\"article:modified_time\" content=\"2024-12-03T21:08:07+00:00\" \/>\n<meta property=\"og:image\" content=\"https:\/\/denizcankizil.tr\/wp-content\/uploads\/2024\/12\/18591-yargitay-kararlariyla-cocuk-velayeti-hukuki-degerlendirme.jpg\" \/>\n\t<meta property=\"og:image:width\" content=\"782\" \/>\n\t<meta property=\"og:image:height\" content=\"504\" \/>\n\t<meta property=\"og:image:type\" content=\"image\/jpeg\" \/>\n<meta name=\"author\" content=\"Av. Deniz Can K\u0131z\u0131l\" \/>\n<meta name=\"twitter:card\" content=\"summary_large_image\" \/>\n<meta name=\"twitter:label1\" content=\"Verfasst von\" \/>\n\t<meta name=\"twitter:data1\" content=\"Av. Deniz Can K\u0131z\u0131l\" \/>\n\t<meta name=\"twitter:label2\" content=\"Gesch\u00e4tzte Lesezeit\" \/>\n\t<meta name=\"twitter:data2\" content=\"9\u00a0Minuten\" \/>\n<script type=\"application\/ld+json\" class=\"yoast-schema-graph\">{\"@context\":\"https:\/\/schema.org\",\"@graph\":[{\"@type\":\"Article\",\"@id\":\"https:\/\/denizcankizil.tr\/en\/koseyazilari\/degerlendirme\/yargitay-kararlariyla-cocuk-velayeti-hukuki-degerlendirme\/#article\",\"isPartOf\":{\"@id\":\"https:\/\/denizcankizil.tr\/en\/koseyazilari\/degerlendirme\/yargitay-kararlariyla-cocuk-velayeti-hukuki-degerlendirme\/\"},\"author\":{\"name\":\"Av. Deniz Can K\u0131z\u0131l\",\"@id\":\"https:\/\/denizcankizil.tr\/de\/#\/schema\/person\/5dc1b22991bd7ac833867c10afc9b0ff\"},\"headline\":\"Yarg\u0131tay Kararlar\u0131yla \u00c7ocuk Velayeti: Hukuki De\u011ferlendirme\",\"datePublished\":\"2024-12-01T11:56:04+00:00\",\"dateModified\":\"2024-12-03T21:08:07+00:00\",\"mainEntityOfPage\":{\"@id\":\"https:\/\/denizcankizil.tr\/en\/koseyazilari\/degerlendirme\/yargitay-kararlariyla-cocuk-velayeti-hukuki-degerlendirme\/\"},\"wordCount\":1786,\"commentCount\":0,\"publisher\":{\"@id\":\"https:\/\/denizcankizil.tr\/de\/#organization\"},\"image\":{\"@id\":\"https:\/\/denizcankizil.tr\/en\/koseyazilari\/degerlendirme\/yargitay-kararlariyla-cocuk-velayeti-hukuki-degerlendirme\/#primaryimage\"},\"thumbnailUrl\":\"https:\/\/denizcankizil.tr\/wp-content\/uploads\/2024\/12\/18591-yargitay-kararlariyla-cocuk-velayeti-hukuki-degerlendirme.jpg\",\"articleSection\":[\"De\u011ferlendirme\"],\"inLanguage\":\"de\",\"potentialAction\":[{\"@type\":\"CommentAction\",\"name\":\"Comment\",\"target\":[\"https:\/\/denizcankizil.tr\/en\/koseyazilari\/degerlendirme\/yargitay-kararlariyla-cocuk-velayeti-hukuki-degerlendirme\/#respond\"]}]},{\"@type\":\"WebPage\",\"@id\":\"https:\/\/denizcankizil.tr\/en\/koseyazilari\/degerlendirme\/yargitay-kararlariyla-cocuk-velayeti-hukuki-degerlendirme\/\",\"url\":\"https:\/\/denizcankizil.tr\/en\/koseyazilari\/degerlendirme\/yargitay-kararlariyla-cocuk-velayeti-hukuki-degerlendirme\/\",\"name\":\"Yarg\u0131tay Kararlar\u0131yla \u00c7ocuk Velayeti: Hukuki De\u011ferlendirme - Av. Deniz Can K\u0131z\u0131l\",\"isPartOf\":{\"@id\":\"https:\/\/denizcankizil.tr\/de\/#website\"},\"primaryImageOfPage\":{\"@id\":\"https:\/\/denizcankizil.tr\/en\/koseyazilari\/degerlendirme\/yargitay-kararlariyla-cocuk-velayeti-hukuki-degerlendirme\/#primaryimage\"},\"image\":{\"@id\":\"https:\/\/denizcankizil.tr\/en\/koseyazilari\/degerlendirme\/yargitay-kararlariyla-cocuk-velayeti-hukuki-degerlendirme\/#primaryimage\"},\"thumbnailUrl\":\"https:\/\/denizcankizil.tr\/wp-content\/uploads\/2024\/12\/18591-yargitay-kararlariyla-cocuk-velayeti-hukuki-degerlendirme.jpg\",\"datePublished\":\"2024-12-01T11:56:04+00:00\",\"dateModified\":\"2024-12-03T21:08:07+00:00\",\"breadcrumb\":{\"@id\":\"https:\/\/denizcankizil.tr\/en\/koseyazilari\/degerlendirme\/yargitay-kararlariyla-cocuk-velayeti-hukuki-degerlendirme\/#breadcrumb\"},\"inLanguage\":\"de\",\"potentialAction\":[{\"@type\":\"ReadAction\",\"target\":[\"https:\/\/denizcankizil.tr\/en\/koseyazilari\/degerlendirme\/yargitay-kararlariyla-cocuk-velayeti-hukuki-degerlendirme\/\"]}]},{\"@type\":\"ImageObject\",\"inLanguage\":\"de\",\"@id\":\"https:\/\/denizcankizil.tr\/en\/koseyazilari\/degerlendirme\/yargitay-kararlariyla-cocuk-velayeti-hukuki-degerlendirme\/#primaryimage\",\"url\":\"https:\/\/denizcankizil.tr\/wp-content\/uploads\/2024\/12\/18591-yargitay-kararlariyla-cocuk-velayeti-hukuki-degerlendirme.jpg\",\"contentUrl\":\"https:\/\/denizcankizil.tr\/wp-content\/uploads\/2024\/12\/18591-yargitay-kararlariyla-cocuk-velayeti-hukuki-degerlendirme.jpg\",\"width\":782,\"height\":504,\"caption\":\"Yarg\u0131tay Kararlar\u0131yla \u00c7ocuk Velayeti: Hukuki De\u011ferlendirme\"},{\"@type\":\"BreadcrumbList\",\"@id\":\"https:\/\/denizcankizil.tr\/en\/koseyazilari\/degerlendirme\/yargitay-kararlariyla-cocuk-velayeti-hukuki-degerlendirme\/#breadcrumb\",\"itemListElement\":[{\"@type\":\"ListItem\",\"position\":1,\"name\":\"Home\",\"item\":\"https:\/\/denizcankizil.tr\/de\/\"},{\"@type\":\"ListItem\",\"position\":2,\"name\":\"Yarg\u0131tay Kararlar\u0131yla \u00c7ocuk Velayeti: Hukuki De\u011ferlendirme\"}]},{\"@type\":\"WebSite\",\"@id\":\"https:\/\/denizcankizil.tr\/de\/#website\",\"url\":\"https:\/\/denizcankizil.tr\/de\/\",\"name\":\"Av. Deniz Can K\u0131z\u0131l\",\"description\":\"Avukat Deniz Can K\u0131z\u0131l Antalya Barosu\",\"publisher\":{\"@id\":\"https:\/\/denizcankizil.tr\/de\/#organization\"},\"potentialAction\":[{\"@type\":\"SearchAction\",\"target\":{\"@type\":\"EntryPoint\",\"urlTemplate\":\"https:\/\/denizcankizil.tr\/de\/?s={search_term_string}\"},\"query-input\":{\"@type\":\"PropertyValueSpecification\",\"valueRequired\":true,\"valueName\":\"search_term_string\"}}],\"inLanguage\":\"de\"},{\"@type\":\"Organization\",\"@id\":\"https:\/\/denizcankizil.tr\/de\/#organization\",\"name\":\"Av. Deniz Can K\u0131z\u0131l\",\"url\":\"https:\/\/denizcankizil.tr\/de\/\",\"logo\":{\"@type\":\"ImageObject\",\"inLanguage\":\"de\",\"@id\":\"https:\/\/denizcankizil.tr\/de\/#\/schema\/logo\/image\/\",\"url\":\"https:\/\/denizcankizil.tr\/wp-content\/uploads\/2024\/10\/siyah-logo-svg.svg\",\"contentUrl\":\"https:\/\/denizcankizil.tr\/wp-content\/uploads\/2024\/10\/siyah-logo-svg.svg\",\"width\":1080,\"height\":1080,\"caption\":\"Av. Deniz Can K\u0131z\u0131l\"},\"image\":{\"@id\":\"https:\/\/denizcankizil.tr\/de\/#\/schema\/logo\/image\/\"}},{\"@type\":\"Person\",\"@id\":\"https:\/\/denizcankizil.tr\/de\/#\/schema\/person\/5dc1b22991bd7ac833867c10afc9b0ff\",\"name\":\"Av. Deniz Can K\u0131z\u0131l\",\"image\":{\"@type\":\"ImageObject\",\"inLanguage\":\"de\",\"@id\":\"https:\/\/denizcankizil.tr\/de\/#\/schema\/person\/image\/\",\"url\":\"https:\/\/secure.gravatar.com\/avatar\/a0b128fb9855c79efc976d5640eedb31dc35ec297594d6016d2cf7c60e975bb6?s=96&d=mm&r=g\",\"contentUrl\":\"https:\/\/secure.gravatar.com\/avatar\/a0b128fb9855c79efc976d5640eedb31dc35ec297594d6016d2cf7c60e975bb6?s=96&d=mm&r=g\",\"caption\":\"Av. Deniz Can K\u0131z\u0131l\"},\"sameAs\":[\"http:\/\/www.denizcankizil.tr\"],\"url\":\"https:\/\/denizcankizil.tr\/de\/author\/denizcankizil\/\"}]}<\/script>\n<!-- \/ Yoast SEO Premium plugin. -->","yoast_head_json":{"title":"Yarg\u0131tay Kararlar\u0131yla \u00c7ocuk Velayeti: Hukuki De\u011ferlendirme - Av. Deniz Can K\u0131z\u0131l","robots":{"index":"index","follow":"follow","max-snippet":"max-snippet:-1","max-image-preview":"max-image-preview:large","max-video-preview":"max-video-preview:-1"},"canonical":"https:\/\/denizcankizil.tr\/de\/koseyazilari\/degerlendirme\/yargitay-kararlariyla-cocuk-velayeti-hukuki-degerlendirme\/","og_locale":"de_DE","og_type":"article","og_title":"Yarg\u0131tay Kararlar\u0131yla \u00c7ocuk Velayeti: Hukuki De\u011ferlendirme","og_description":"Yarg\u0131tay kararlar\u0131, \u00e7ocuk velayeti konusundaki hukuki de\u011ferlendirmelerde \u00f6nemli bir yer tutmaktad\u0131r. Ebeveynlerin haklar\u0131 ve \u00e7ocuklar\u0131n \u00fcst\u00fcn yarar\u0131 g\u00f6zetilerek verilen kararlar, aile hukukunun dinamiklerini \u015fekillendirmektedir.","og_url":"https:\/\/denizcankizil.tr\/de\/koseyazilari\/degerlendirme\/yargitay-kararlariyla-cocuk-velayeti-hukuki-degerlendirme\/","og_site_name":"Av. Deniz Can K\u0131z\u0131l","article_published_time":"2024-12-01T11:56:04+00:00","article_modified_time":"2024-12-03T21:08:07+00:00","og_image":[{"width":782,"height":504,"url":"https:\/\/denizcankizil.tr\/wp-content\/uploads\/2024\/12\/18591-yargitay-kararlariyla-cocuk-velayeti-hukuki-degerlendirme.jpg","type":"image\/jpeg"}],"author":"Av. Deniz Can K\u0131z\u0131l","twitter_card":"summary_large_image","twitter_misc":{"Verfasst von":"Av. Deniz Can K\u0131z\u0131l","Gesch\u00e4tzte Lesezeit":"9\u00a0Minuten"},"schema":{"@context":"https:\/\/schema.org","@graph":[{"@type":"Article","@id":"https:\/\/denizcankizil.tr\/en\/koseyazilari\/degerlendirme\/yargitay-kararlariyla-cocuk-velayeti-hukuki-degerlendirme\/#article","isPartOf":{"@id":"https:\/\/denizcankizil.tr\/en\/koseyazilari\/degerlendirme\/yargitay-kararlariyla-cocuk-velayeti-hukuki-degerlendirme\/"},"author":{"name":"Av. Deniz Can K\u0131z\u0131l","@id":"https:\/\/denizcankizil.tr\/de\/#\/schema\/person\/5dc1b22991bd7ac833867c10afc9b0ff"},"headline":"Yarg\u0131tay Kararlar\u0131yla \u00c7ocuk Velayeti: Hukuki De\u011ferlendirme","datePublished":"2024-12-01T11:56:04+00:00","dateModified":"2024-12-03T21:08:07+00:00","mainEntityOfPage":{"@id":"https:\/\/denizcankizil.tr\/en\/koseyazilari\/degerlendirme\/yargitay-kararlariyla-cocuk-velayeti-hukuki-degerlendirme\/"},"wordCount":1786,"commentCount":0,"publisher":{"@id":"https:\/\/denizcankizil.tr\/de\/#organization"},"image":{"@id":"https:\/\/denizcankizil.tr\/en\/koseyazilari\/degerlendirme\/yargitay-kararlariyla-cocuk-velayeti-hukuki-degerlendirme\/#primaryimage"},"thumbnailUrl":"https:\/\/denizcankizil.tr\/wp-content\/uploads\/2024\/12\/18591-yargitay-kararlariyla-cocuk-velayeti-hukuki-degerlendirme.jpg","articleSection":["De\u011ferlendirme"],"inLanguage":"de","potentialAction":[{"@type":"CommentAction","name":"Comment","target":["https:\/\/denizcankizil.tr\/en\/koseyazilari\/degerlendirme\/yargitay-kararlariyla-cocuk-velayeti-hukuki-degerlendirme\/#respond"]}]},{"@type":"WebPage","@id":"https:\/\/denizcankizil.tr\/en\/koseyazilari\/degerlendirme\/yargitay-kararlariyla-cocuk-velayeti-hukuki-degerlendirme\/","url":"https:\/\/denizcankizil.tr\/en\/koseyazilari\/degerlendirme\/yargitay-kararlariyla-cocuk-velayeti-hukuki-degerlendirme\/","name":"Yarg\u0131tay Kararlar\u0131yla \u00c7ocuk Velayeti: Hukuki De\u011ferlendirme - Av. Deniz Can K\u0131z\u0131l","isPartOf":{"@id":"https:\/\/denizcankizil.tr\/de\/#website"},"primaryImageOfPage":{"@id":"https:\/\/denizcankizil.tr\/en\/koseyazilari\/degerlendirme\/yargitay-kararlariyla-cocuk-velayeti-hukuki-degerlendirme\/#primaryimage"},"image":{"@id":"https:\/\/denizcankizil.tr\/en\/koseyazilari\/degerlendirme\/yargitay-kararlariyla-cocuk-velayeti-hukuki-degerlendirme\/#primaryimage"},"thumbnailUrl":"https:\/\/denizcankizil.tr\/wp-content\/uploads\/2024\/12\/18591-yargitay-kararlariyla-cocuk-velayeti-hukuki-degerlendirme.jpg","datePublished":"2024-12-01T11:56:04+00:00","dateModified":"2024-12-03T21:08:07+00:00","breadcrumb":{"@id":"https:\/\/denizcankizil.tr\/en\/koseyazilari\/degerlendirme\/yargitay-kararlariyla-cocuk-velayeti-hukuki-degerlendirme\/#breadcrumb"},"inLanguage":"de","potentialAction":[{"@type":"ReadAction","target":["https:\/\/denizcankizil.tr\/en\/koseyazilari\/degerlendirme\/yargitay-kararlariyla-cocuk-velayeti-hukuki-degerlendirme\/"]}]},{"@type":"ImageObject","inLanguage":"de","@id":"https:\/\/denizcankizil.tr\/en\/koseyazilari\/degerlendirme\/yargitay-kararlariyla-cocuk-velayeti-hukuki-degerlendirme\/#primaryimage","url":"https:\/\/denizcankizil.tr\/wp-content\/uploads\/2024\/12\/18591-yargitay-kararlariyla-cocuk-velayeti-hukuki-degerlendirme.jpg","contentUrl":"https:\/\/denizcankizil.tr\/wp-content\/uploads\/2024\/12\/18591-yargitay-kararlariyla-cocuk-velayeti-hukuki-degerlendirme.jpg","width":782,"height":504,"caption":"Yarg\u0131tay Kararlar\u0131yla \u00c7ocuk Velayeti: Hukuki De\u011ferlendirme"},{"@type":"BreadcrumbList","@id":"https:\/\/denizcankizil.tr\/en\/koseyazilari\/degerlendirme\/yargitay-kararlariyla-cocuk-velayeti-hukuki-degerlendirme\/#breadcrumb","itemListElement":[{"@type":"ListItem","position":1,"name":"Home","item":"https:\/\/denizcankizil.tr\/de\/"},{"@type":"ListItem","position":2,"name":"Yarg\u0131tay Kararlar\u0131yla \u00c7ocuk Velayeti: Hukuki De\u011ferlendirme"}]},{"@type":"WebSite","@id":"https:\/\/denizcankizil.tr\/de\/#website","url":"https:\/\/denizcankizil.tr\/de\/","name":"Av. Deniz Can K\u0131z\u0131l","description":"Avukat Deniz Can K\u0131z\u0131l Antalya Barosu","publisher":{"@id":"https:\/\/denizcankizil.tr\/de\/#organization"},"potentialAction":[{"@type":"SearchAction","target":{"@type":"EntryPoint","urlTemplate":"https:\/\/denizcankizil.tr\/de\/?s={search_term_string}"},"query-input":{"@type":"PropertyValueSpecification","valueRequired":true,"valueName":"search_term_string"}}],"inLanguage":"de"},{"@type":"Organization","@id":"https:\/\/denizcankizil.tr\/de\/#organization","name":"Av. Deniz Can K\u0131z\u0131l","url":"https:\/\/denizcankizil.tr\/de\/","logo":{"@type":"ImageObject","inLanguage":"de","@id":"https:\/\/denizcankizil.tr\/de\/#\/schema\/logo\/image\/","url":"https:\/\/denizcankizil.tr\/wp-content\/uploads\/2024\/10\/siyah-logo-svg.svg","contentUrl":"https:\/\/denizcankizil.tr\/wp-content\/uploads\/2024\/10\/siyah-logo-svg.svg","width":1080,"height":1080,"caption":"Av. Deniz Can K\u0131z\u0131l"},"image":{"@id":"https:\/\/denizcankizil.tr\/de\/#\/schema\/logo\/image\/"}},{"@type":"Person","@id":"https:\/\/denizcankizil.tr\/de\/#\/schema\/person\/5dc1b22991bd7ac833867c10afc9b0ff","name":"Av. Deniz Can K\u0131z\u0131l","image":{"@type":"ImageObject","inLanguage":"de","@id":"https:\/\/denizcankizil.tr\/de\/#\/schema\/person\/image\/","url":"https:\/\/secure.gravatar.com\/avatar\/a0b128fb9855c79efc976d5640eedb31dc35ec297594d6016d2cf7c60e975bb6?s=96&d=mm&r=g","contentUrl":"https:\/\/secure.gravatar.com\/avatar\/a0b128fb9855c79efc976d5640eedb31dc35ec297594d6016d2cf7c60e975bb6?s=96&d=mm&r=g","caption":"Av. Deniz Can K\u0131z\u0131l"},"sameAs":["http:\/\/www.denizcankizil.tr"],"url":"https:\/\/denizcankizil.tr\/de\/author\/denizcankizil\/"}]}},"_links":{"self":[{"href":"https:\/\/denizcankizil.tr\/de\/wp-json\/wp\/v2\/posts\/18591","targetHints":{"allow":["GET"]}}],"collection":[{"href":"https:\/\/denizcankizil.tr\/de\/wp-json\/wp\/v2\/posts"}],"about":[{"href":"https:\/\/denizcankizil.tr\/de\/wp-json\/wp\/v2\/types\/post"}],"author":[{"embeddable":true,"href":"https:\/\/denizcankizil.tr\/de\/wp-json\/wp\/v2\/users\/4"}],"replies":[{"embeddable":true,"href":"https:\/\/denizcankizil.tr\/de\/wp-json\/wp\/v2\/comments?post=18591"}],"version-history":[{"count":1,"href":"https:\/\/denizcankizil.tr\/de\/wp-json\/wp\/v2\/posts\/18591\/revisions"}],"predecessor-version":[{"id":19001,"href":"https:\/\/denizcankizil.tr\/de\/wp-json\/wp\/v2\/posts\/18591\/revisions\/19001"}],"wp:featuredmedia":[{"embeddable":true,"href":"https:\/\/denizcankizil.tr\/de\/wp-json\/wp\/v2\/media\/18592"}],"wp:attachment":[{"href":"https:\/\/denizcankizil.tr\/de\/wp-json\/wp\/v2\/media?parent=18591"}],"wp:term":[{"taxonomy":"category","embeddable":true,"href":"https:\/\/denizcankizil.tr\/de\/wp-json\/wp\/v2\/categories?post=18591"},{"taxonomy":"post_tag","embeddable":true,"href":"https:\/\/denizcankizil.tr\/de\/wp-json\/wp\/v2\/tags?post=18591"}],"curies":[{"name":"wp","href":"https:\/\/api.w.org\/{rel}","templated":true}]}}