{"id":18413,"date":"2024-11-30T11:41:28","date_gmt":"2024-11-30T08:41:28","guid":{"rendered":"https:\/\/denizcankizil.tr\/uncategorized-tr\/apartman-merdiveninde-kalbine-yenik-dustu\/"},"modified":"2024-11-30T11:41:28","modified_gmt":"2024-11-30T08:41:28","slug":"apartman-merdiveninde-kalbine-yenik-dustu","status":"publish","type":"post","link":"https:\/\/denizcankizil.tr\/de\/haberler\/antalya\/apartman-merdiveninde-kalbine-yenik-dustu\/","title":{"rendered":"Apartman merdiveninde kalbine yenik d\u00fc\u015ft\u00fc"},"content":{"rendered":"<p>112 Acil \u00c7a\u011fr\u0131 Merkezine gelen ihbar \u00fczerine harekete ge\u00e7en 112 Sa\u011fl\u0131k ekipleri, A\u015fa\u011f\u0131 Hisar Mahallesi&#8217;nde bulunan 3 katl\u0131 binan\u0131n 2. kat merdivenlerinde yatar vaziyette bulunan \u015fahs\u0131n kalbinin durdu\u011funu belirledi. \u015eahs\u0131 ambulansa alarak kalp masaj\u0131na ba\u015flayan sa\u011fl\u0131k ekibi, \u015fahs\u0131 Manavgat Devlet Hastanesine getirirken burada yap\u0131lan t\u00fcm m\u00fcdahalelere ra\u011fmen ad\u0131n\u0131n Mehmet Ali Bulut oldu\u011fu belirlenen 45 ya\u015f\u0131ndaki \u015fah\u0131s, hayata d\u00f6nd\u00fcr\u00fclemedi.<br \/>\nMehmet Ali Bulut\u2019un \u015feker hastas\u0131 oldu\u011fu, g\u00f6z rahats\u0131zl\u0131\u011f\u0131 nedeniyle Konya\u2019ya tedaviye gitti\u011fi, geceyi Konya\u2019da ge\u00e7irdikten sonra sabah otob\u00fcsle Konya\u2019dan Manavgat\u2019a gelmek \u00fczere yola \u00e7\u0131kt\u0131\u011f\u0131, saat 15.00\u2019e kadar gelmeyince e\u015finin aramak i\u00e7in apartmandan a\u015fa\u011f\u0131ya indi\u011fi s\u0131rada merdivende d\u00fc\u015fm\u00fc\u015f olarak bulundu\u011fu bildirildi.<\/p>\n<p>Kaynak: www.kanalv.com.tr Haber Sitesinden Al\u0131nm\u0131\u015ft\u0131r.<\/p>","protected":false},"excerpt":{"rendered":"<p>112 Acil \u00c7a\u011fr\u0131 Merkezine gelen ihbar \u00fczerine harekete ge\u00e7en 112 Sa\u011fl\u0131k ekipleri, A\u015fa\u011f\u0131 Hisar Mahallesi&#8217;nde bulunan 3 katl\u0131 binan\u0131n 2. kat merdivenlerinde yatar vaziyette bulunan \u015fahs\u0131n kalbinin durdu\u011funu belirledi. \u015eahs\u0131 ambulansa alarak kalp masaj\u0131na ba\u015flayan sa\u011fl\u0131k ekibi, \u015fahs\u0131 Manavgat Devlet Hastanesine getirirken burada yap\u0131lan t\u00fcm m\u00fcdahalelere ra\u011fmen ad\u0131n\u0131n Mehmet Ali Bulut oldu\u011fu belirlenen 45 ya\u015f\u0131ndaki \u015fah\u0131s, hayata d\u00f6nd\u00fcr\u00fclemedi. Mehmet Ali Bulut\u2019un \u015feker hastas\u0131 oldu\u011fu, g\u00f6z rahats\u0131zl\u0131\u011f\u0131 nedeniyle Konya\u2019ya tedaviye gitti\u011fi, geceyi Konya\u2019da ge\u00e7irdikten sonra sabah otob\u00fcsle Konya\u2019dan Manavgat\u2019a gelmek \u00fczere yola \u00e7\u0131kt\u0131\u011f\u0131, saat 15.00\u2019e kadar gelmeyince e\u015finin aramak i\u00e7in apartmandan a\u015fa\u011f\u0131ya indi\u011fi s\u0131rada merdivende d\u00fc\u015fm\u00fc\u015f olarak bulundu\u011fu bildirildi. Kaynak: www.kanalv.com.tr Haber Sitesinden Al\u0131nm\u0131\u015ft\u0131r.<\/p>","protected":false},"author":0,"featured_media":18414,"comment_status":"open","ping_status":"open","sticky":false,"template":"","format":"standard","meta":{"_acf_changed":false,"footnotes":""},"categories":[26,535],"tags":[],"class_list":["post-18413","post","type-post","status-publish","format-standard","has-post-thumbnail","hentry","category-antalya","category-uncategorized-tr"],"acf":[],"yoast_head":"<!-- This site is optimized with the Yoast SEO Premium plugin v26.6 (Yoast SEO v27.1.1) - https:\/\/yoast.com\/product\/yoast-seo-premium-wordpress\/ -->\n<title>Apartman merdiveninde kalbine yenik d\u00fc\u015ft\u00fc - Av. Deniz Can K\u0131z\u0131l<\/title>\n<meta name=\"robots\" content=\"index, follow, max-snippet:-1, max-image-preview:large, max-video-preview:-1\" \/>\n<link rel=\"canonical\" href=\"http:\/\/denizcankizil.tr\/de\/haberler\/antalya\/apartman-merdiveninde-kalbine-yenik-dustu\/\" \/>\n<meta property=\"og:locale\" content=\"de_DE\" \/>\n<meta property=\"og:type\" content=\"article\" \/>\n<meta property=\"og:title\" content=\"Apartman merdiveninde kalbine yenik d\u00fc\u015ft\u00fc\" \/>\n<meta property=\"og:description\" content=\"112 Acil \u00c7a\u011fr\u0131 Merkezine gelen ihbar \u00fczerine harekete ge\u00e7en 112 Sa\u011fl\u0131k ekipleri, A\u015fa\u011f\u0131 Hisar Mahallesi&#8217;nde bulunan 3 katl\u0131 binan\u0131n 2. kat merdivenlerinde yatar vaziyette bulunan \u015fahs\u0131n kalbinin durdu\u011funu belirledi. \u015eahs\u0131 ambulansa alarak kalp masaj\u0131na ba\u015flayan sa\u011fl\u0131k ekibi, \u015fahs\u0131 Manavgat Devlet Hastanesine getirirken burada yap\u0131lan t\u00fcm m\u00fcdahalelere ra\u011fmen ad\u0131n\u0131n Mehmet Ali Bulut oldu\u011fu belirlenen 45 ya\u015f\u0131ndaki \u015fah\u0131s, hayata d\u00f6nd\u00fcr\u00fclemedi. Mehmet Ali Bulut\u2019un \u015feker hastas\u0131 oldu\u011fu, g\u00f6z rahats\u0131zl\u0131\u011f\u0131 nedeniyle Konya\u2019ya tedaviye gitti\u011fi, geceyi Konya\u2019da ge\u00e7irdikten sonra sabah otob\u00fcsle Konya\u2019dan Manavgat\u2019a gelmek \u00fczere yola \u00e7\u0131kt\u0131\u011f\u0131, saat 15.00\u2019e kadar gelmeyince e\u015finin aramak i\u00e7in apartmandan a\u015fa\u011f\u0131ya indi\u011fi s\u0131rada merdivende d\u00fc\u015fm\u00fc\u015f olarak bulundu\u011fu bildirildi. Kaynak: www.kanalv.com.tr Haber Sitesinden Al\u0131nm\u0131\u015ft\u0131r.\" \/>\n<meta property=\"og:url\" content=\"http:\/\/denizcankizil.tr\/de\/haberler\/antalya\/apartman-merdiveninde-kalbine-yenik-dustu\/\" \/>\n<meta property=\"og:site_name\" content=\"Av. Deniz Can K\u0131z\u0131l\" \/>\n<meta property=\"article:published_time\" content=\"2024-11-30T08:41:28+00:00\" \/>\n<meta property=\"og:image\" content=\"http:\/\/denizcankizil.tr\/wp-content\/uploads\/2024\/11\/3364-01-QhFAGR.jpeg\" \/>\n\t<meta property=\"og:image:width\" content=\"1280\" \/>\n\t<meta property=\"og:image:height\" content=\"720\" \/>\n\t<meta property=\"og:image:type\" content=\"image\/jpeg\" \/>\n<meta name=\"twitter:card\" content=\"summary_large_image\" \/>\n<meta name=\"twitter:label1\" content=\"Gesch\u00e4tzte Lesezeit\" \/>\n\t<meta name=\"twitter:data1\" content=\"1\u00a0Minute\" \/>\n<script type=\"application\/ld+json\" class=\"yoast-schema-graph\">{\"@context\":\"https:\/\/schema.org\",\"@graph\":[{\"@type\":\"Article\",\"@id\":\"http:\/\/denizcankizil.tr\/uk\/haberler\/antalya\/apartman-merdiveninde-kalbine-yenik-dustu\/#article\",\"isPartOf\":{\"@id\":\"http:\/\/denizcankizil.tr\/uk\/haberler\/antalya\/apartman-merdiveninde-kalbine-yenik-dustu\/\"},\"author\":{\"name\":\"\",\"@id\":\"\"},\"headline\":\"Apartman merdiveninde kalbine yenik d\u00fc\u015ft\u00fc\",\"datePublished\":\"2024-11-30T08:41:28+00:00\",\"mainEntityOfPage\":{\"@id\":\"http:\/\/denizcankizil.tr\/uk\/haberler\/antalya\/apartman-merdiveninde-kalbine-yenik-dustu\/\"},\"wordCount\":154,\"commentCount\":0,\"publisher\":{\"@id\":\"https:\/\/denizcankizil.tr\/de\/#organization\"},\"image\":{\"@id\":\"http:\/\/denizcankizil.tr\/uk\/haberler\/antalya\/apartman-merdiveninde-kalbine-yenik-dustu\/#primaryimage\"},\"thumbnailUrl\":\"https:\/\/denizcankizil.tr\/wp-content\/uploads\/2024\/11\/3364-01-QhFAGR.jpeg\",\"articleSection\":[\"Antalya\",\"Uncategorized\"],\"inLanguage\":\"de\",\"potentialAction\":[{\"@type\":\"CommentAction\",\"name\":\"Comment\",\"target\":[\"http:\/\/denizcankizil.tr\/uk\/haberler\/antalya\/apartman-merdiveninde-kalbine-yenik-dustu\/#respond\"]}]},{\"@type\":\"WebPage\",\"@id\":\"http:\/\/denizcankizil.tr\/uk\/haberler\/antalya\/apartman-merdiveninde-kalbine-yenik-dustu\/\",\"url\":\"http:\/\/denizcankizil.tr\/uk\/haberler\/antalya\/apartman-merdiveninde-kalbine-yenik-dustu\/\",\"name\":\"Apartman merdiveninde kalbine yenik d\u00fc\u015ft\u00fc - Av. Deniz Can K\u0131z\u0131l\",\"isPartOf\":{\"@id\":\"https:\/\/denizcankizil.tr\/de\/#website\"},\"primaryImageOfPage\":{\"@id\":\"http:\/\/denizcankizil.tr\/uk\/haberler\/antalya\/apartman-merdiveninde-kalbine-yenik-dustu\/#primaryimage\"},\"image\":{\"@id\":\"http:\/\/denizcankizil.tr\/uk\/haberler\/antalya\/apartman-merdiveninde-kalbine-yenik-dustu\/#primaryimage\"},\"thumbnailUrl\":\"https:\/\/denizcankizil.tr\/wp-content\/uploads\/2024\/11\/3364-01-QhFAGR.jpeg\",\"datePublished\":\"2024-11-30T08:41:28+00:00\",\"breadcrumb\":{\"@id\":\"http:\/\/denizcankizil.tr\/uk\/haberler\/antalya\/apartman-merdiveninde-kalbine-yenik-dustu\/#breadcrumb\"},\"inLanguage\":\"de\",\"potentialAction\":[{\"@type\":\"ReadAction\",\"target\":[\"http:\/\/denizcankizil.tr\/uk\/haberler\/antalya\/apartman-merdiveninde-kalbine-yenik-dustu\/\"]}]},{\"@type\":\"ImageObject\",\"inLanguage\":\"de\",\"@id\":\"http:\/\/denizcankizil.tr\/uk\/haberler\/antalya\/apartman-merdiveninde-kalbine-yenik-dustu\/#primaryimage\",\"url\":\"https:\/\/denizcankizil.tr\/wp-content\/uploads\/2024\/11\/3364-01-QhFAGR.jpeg\",\"contentUrl\":\"https:\/\/denizcankizil.tr\/wp-content\/uploads\/2024\/11\/3364-01-QhFAGR.jpeg\",\"width\":1280,\"height\":720},{\"@type\":\"BreadcrumbList\",\"@id\":\"http:\/\/denizcankizil.tr\/uk\/haberler\/antalya\/apartman-merdiveninde-kalbine-yenik-dustu\/#breadcrumb\",\"itemListElement\":[{\"@type\":\"ListItem\",\"position\":1,\"name\":\"Home\",\"item\":\"https:\/\/denizcankizil.tr\/de\/\"},{\"@type\":\"ListItem\",\"position\":2,\"name\":\"Apartman merdiveninde kalbine yenik d\u00fc\u015ft\u00fc\"}]},{\"@type\":\"WebSite\",\"@id\":\"https:\/\/denizcankizil.tr\/de\/#website\",\"url\":\"https:\/\/denizcankizil.tr\/de\/\",\"name\":\"Av. Deniz Can K\u0131z\u0131l\",\"description\":\"Avukat Deniz Can K\u0131z\u0131l Antalya Barosu\",\"publisher\":{\"@id\":\"https:\/\/denizcankizil.tr\/de\/#organization\"},\"potentialAction\":[{\"@type\":\"SearchAction\",\"target\":{\"@type\":\"EntryPoint\",\"urlTemplate\":\"https:\/\/denizcankizil.tr\/de\/?s={search_term_string}\"},\"query-input\":{\"@type\":\"PropertyValueSpecification\",\"valueRequired\":true,\"valueName\":\"search_term_string\"}}],\"inLanguage\":\"de\"},{\"@type\":\"Organization\",\"@id\":\"https:\/\/denizcankizil.tr\/de\/#organization\",\"name\":\"Av. Deniz Can K\u0131z\u0131l\",\"url\":\"https:\/\/denizcankizil.tr\/de\/\",\"logo\":{\"@type\":\"ImageObject\",\"inLanguage\":\"de\",\"@id\":\"https:\/\/denizcankizil.tr\/de\/#\/schema\/logo\/image\/\",\"url\":\"https:\/\/denizcankizil.tr\/wp-content\/uploads\/2024\/10\/siyah-logo-svg.svg\",\"contentUrl\":\"https:\/\/denizcankizil.tr\/wp-content\/uploads\/2024\/10\/siyah-logo-svg.svg\",\"width\":1080,\"height\":1080,\"caption\":\"Av. Deniz Can K\u0131z\u0131l\"},\"image\":{\"@id\":\"https:\/\/denizcankizil.tr\/de\/#\/schema\/logo\/image\/\"}}]}<\/script>\n<!-- \/ Yoast SEO Premium plugin. -->","yoast_head_json":{"title":"Apartman merdiveninde kalbine yenik d\u00fc\u015ft\u00fc - Av. Deniz Can K\u0131z\u0131l","robots":{"index":"index","follow":"follow","max-snippet":"max-snippet:-1","max-image-preview":"max-image-preview:large","max-video-preview":"max-video-preview:-1"},"canonical":"http:\/\/denizcankizil.tr\/de\/haberler\/antalya\/apartman-merdiveninde-kalbine-yenik-dustu\/","og_locale":"de_DE","og_type":"article","og_title":"Apartman merdiveninde kalbine yenik d\u00fc\u015ft\u00fc","og_description":"112 Acil \u00c7a\u011fr\u0131 Merkezine gelen ihbar \u00fczerine harekete ge\u00e7en 112 Sa\u011fl\u0131k ekipleri, A\u015fa\u011f\u0131 Hisar Mahallesi&#8217;nde bulunan 3 katl\u0131 binan\u0131n 2. kat merdivenlerinde yatar vaziyette bulunan \u015fahs\u0131n kalbinin durdu\u011funu belirledi. \u015eahs\u0131 ambulansa alarak kalp masaj\u0131na ba\u015flayan sa\u011fl\u0131k ekibi, \u015fahs\u0131 Manavgat Devlet Hastanesine getirirken burada yap\u0131lan t\u00fcm m\u00fcdahalelere ra\u011fmen ad\u0131n\u0131n Mehmet Ali Bulut oldu\u011fu belirlenen 45 ya\u015f\u0131ndaki \u015fah\u0131s, hayata d\u00f6nd\u00fcr\u00fclemedi. Mehmet Ali Bulut\u2019un \u015feker hastas\u0131 oldu\u011fu, g\u00f6z rahats\u0131zl\u0131\u011f\u0131 nedeniyle Konya\u2019ya tedaviye gitti\u011fi, geceyi Konya\u2019da ge\u00e7irdikten sonra sabah otob\u00fcsle Konya\u2019dan Manavgat\u2019a gelmek \u00fczere yola \u00e7\u0131kt\u0131\u011f\u0131, saat 15.00\u2019e kadar gelmeyince e\u015finin aramak i\u00e7in apartmandan a\u015fa\u011f\u0131ya indi\u011fi s\u0131rada merdivende d\u00fc\u015fm\u00fc\u015f olarak bulundu\u011fu bildirildi. Kaynak: www.kanalv.com.tr Haber Sitesinden Al\u0131nm\u0131\u015ft\u0131r.","og_url":"http:\/\/denizcankizil.tr\/de\/haberler\/antalya\/apartman-merdiveninde-kalbine-yenik-dustu\/","og_site_name":"Av. Deniz Can K\u0131z\u0131l","article_published_time":"2024-11-30T08:41:28+00:00","og_image":[{"width":1280,"height":720,"url":"http:\/\/denizcankizil.tr\/wp-content\/uploads\/2024\/11\/3364-01-QhFAGR.jpeg","type":"image\/jpeg"}],"twitter_card":"summary_large_image","twitter_misc":{"Gesch\u00e4tzte Lesezeit":"1\u00a0Minute"},"schema":{"@context":"https:\/\/schema.org","@graph":[{"@type":"Article","@id":"http:\/\/denizcankizil.tr\/uk\/haberler\/antalya\/apartman-merdiveninde-kalbine-yenik-dustu\/#article","isPartOf":{"@id":"http:\/\/denizcankizil.tr\/uk\/haberler\/antalya\/apartman-merdiveninde-kalbine-yenik-dustu\/"},"author":{"name":"","@id":""},"headline":"Apartman merdiveninde kalbine yenik d\u00fc\u015ft\u00fc","datePublished":"2024-11-30T08:41:28+00:00","mainEntityOfPage":{"@id":"http:\/\/denizcankizil.tr\/uk\/haberler\/antalya\/apartman-merdiveninde-kalbine-yenik-dustu\/"},"wordCount":154,"commentCount":0,"publisher":{"@id":"https:\/\/denizcankizil.tr\/de\/#organization"},"image":{"@id":"http:\/\/denizcankizil.tr\/uk\/haberler\/antalya\/apartman-merdiveninde-kalbine-yenik-dustu\/#primaryimage"},"thumbnailUrl":"https:\/\/denizcankizil.tr\/wp-content\/uploads\/2024\/11\/3364-01-QhFAGR.jpeg","articleSection":["Antalya","Uncategorized"],"inLanguage":"de","potentialAction":[{"@type":"CommentAction","name":"Comment","target":["http:\/\/denizcankizil.tr\/uk\/haberler\/antalya\/apartman-merdiveninde-kalbine-yenik-dustu\/#respond"]}]},{"@type":"WebPage","@id":"http:\/\/denizcankizil.tr\/uk\/haberler\/antalya\/apartman-merdiveninde-kalbine-yenik-dustu\/","url":"http:\/\/denizcankizil.tr\/uk\/haberler\/antalya\/apartman-merdiveninde-kalbine-yenik-dustu\/","name":"Apartman merdiveninde kalbine yenik d\u00fc\u015ft\u00fc - Av. Deniz Can K\u0131z\u0131l","isPartOf":{"@id":"https:\/\/denizcankizil.tr\/de\/#website"},"primaryImageOfPage":{"@id":"http:\/\/denizcankizil.tr\/uk\/haberler\/antalya\/apartman-merdiveninde-kalbine-yenik-dustu\/#primaryimage"},"image":{"@id":"http:\/\/denizcankizil.tr\/uk\/haberler\/antalya\/apartman-merdiveninde-kalbine-yenik-dustu\/#primaryimage"},"thumbnailUrl":"https:\/\/denizcankizil.tr\/wp-content\/uploads\/2024\/11\/3364-01-QhFAGR.jpeg","datePublished":"2024-11-30T08:41:28+00:00","breadcrumb":{"@id":"http:\/\/denizcankizil.tr\/uk\/haberler\/antalya\/apartman-merdiveninde-kalbine-yenik-dustu\/#breadcrumb"},"inLanguage":"de","potentialAction":[{"@type":"ReadAction","target":["http:\/\/denizcankizil.tr\/uk\/haberler\/antalya\/apartman-merdiveninde-kalbine-yenik-dustu\/"]}]},{"@type":"ImageObject","inLanguage":"de","@id":"http:\/\/denizcankizil.tr\/uk\/haberler\/antalya\/apartman-merdiveninde-kalbine-yenik-dustu\/#primaryimage","url":"https:\/\/denizcankizil.tr\/wp-content\/uploads\/2024\/11\/3364-01-QhFAGR.jpeg","contentUrl":"https:\/\/denizcankizil.tr\/wp-content\/uploads\/2024\/11\/3364-01-QhFAGR.jpeg","width":1280,"height":720},{"@type":"BreadcrumbList","@id":"http:\/\/denizcankizil.tr\/uk\/haberler\/antalya\/apartman-merdiveninde-kalbine-yenik-dustu\/#breadcrumb","itemListElement":[{"@type":"ListItem","position":1,"name":"Home","item":"https:\/\/denizcankizil.tr\/de\/"},{"@type":"ListItem","position":2,"name":"Apartman merdiveninde kalbine yenik d\u00fc\u015ft\u00fc"}]},{"@type":"WebSite","@id":"https:\/\/denizcankizil.tr\/de\/#website","url":"https:\/\/denizcankizil.tr\/de\/","name":"Av. Deniz Can K\u0131z\u0131l","description":"Avukat Deniz Can K\u0131z\u0131l Antalya Barosu","publisher":{"@id":"https:\/\/denizcankizil.tr\/de\/#organization"},"potentialAction":[{"@type":"SearchAction","target":{"@type":"EntryPoint","urlTemplate":"https:\/\/denizcankizil.tr\/de\/?s={search_term_string}"},"query-input":{"@type":"PropertyValueSpecification","valueRequired":true,"valueName":"search_term_string"}}],"inLanguage":"de"},{"@type":"Organization","@id":"https:\/\/denizcankizil.tr\/de\/#organization","name":"Av. Deniz Can K\u0131z\u0131l","url":"https:\/\/denizcankizil.tr\/de\/","logo":{"@type":"ImageObject","inLanguage":"de","@id":"https:\/\/denizcankizil.tr\/de\/#\/schema\/logo\/image\/","url":"https:\/\/denizcankizil.tr\/wp-content\/uploads\/2024\/10\/siyah-logo-svg.svg","contentUrl":"https:\/\/denizcankizil.tr\/wp-content\/uploads\/2024\/10\/siyah-logo-svg.svg","width":1080,"height":1080,"caption":"Av. Deniz Can K\u0131z\u0131l"},"image":{"@id":"https:\/\/denizcankizil.tr\/de\/#\/schema\/logo\/image\/"}}]}},"_links":{"self":[{"href":"https:\/\/denizcankizil.tr\/de\/wp-json\/wp\/v2\/posts\/18413","targetHints":{"allow":["GET"]}}],"collection":[{"href":"https:\/\/denizcankizil.tr\/de\/wp-json\/wp\/v2\/posts"}],"about":[{"href":"https:\/\/denizcankizil.tr\/de\/wp-json\/wp\/v2\/types\/post"}],"replies":[{"embeddable":true,"href":"https:\/\/denizcankizil.tr\/de\/wp-json\/wp\/v2\/comments?post=18413"}],"version-history":[{"count":0,"href":"https:\/\/denizcankizil.tr\/de\/wp-json\/wp\/v2\/posts\/18413\/revisions"}],"wp:featuredmedia":[{"embeddable":true,"href":"https:\/\/denizcankizil.tr\/de\/wp-json\/wp\/v2\/media\/18414"}],"wp:attachment":[{"href":"https:\/\/denizcankizil.tr\/de\/wp-json\/wp\/v2\/media?parent=18413"}],"wp:term":[{"taxonomy":"category","embeddable":true,"href":"https:\/\/denizcankizil.tr\/de\/wp-json\/wp\/v2\/categories?post=18413"},{"taxonomy":"post_tag","embeddable":true,"href":"https:\/\/denizcankizil.tr\/de\/wp-json\/wp\/v2\/tags?post=18413"}],"curies":[{"name":"wp","href":"https:\/\/api.w.org\/{rel}","templated":true}]}}