{"id":18105,"date":"2024-11-28T12:41:47","date_gmt":"2024-11-28T09:41:47","guid":{"rendered":"https:\/\/denizcankizil.tr\/uncategorized-tr\/yabanci-uyruklular-polis-mi-yapiliyor-aciklama-dezenformasyondan-geldi\/"},"modified":"2024-11-28T12:41:47","modified_gmt":"2024-11-28T09:41:47","slug":"yabanci-uyruklular-polis-mi-yapiliyor-aciklama-dezenformasyondan-geldi","status":"publish","type":"post","link":"https:\/\/denizcankizil.tr\/de\/haberler\/gundem\/yabanci-uyruklular-polis-mi-yapiliyor-aciklama-dezenformasyondan-geldi\/","title":{"rendered":"Yabanc\u0131 uyruklular polis mi yap\u0131l\u0131yor? A\u00e7\u0131klama Dezenformasyon&#8217;dan geldi!"},"content":{"rendered":"<p>Baz\u0131 sosyal medya hesaplar\u0131ndan payla\u015f\u0131lan \u201cT\u00fcrkiye\u2019de yabanc\u0131 uyruklular\u0131n polis yap\u0131ld\u0131\u011f\u0131\u201d y\u00f6n\u00fcndeki iddialar do\u011fru olmad\u0131\u011f\u0131 a\u00e7\u0131kland\u0131.ANKARA (\u0130GFA) &#8211; Yabanc\u0131 uyruklular\u0131n polis yap\u0131ld\u0131\u011f\u0131 y\u00f6n\u00fcndeki iddialara dair a\u00e7\u0131klama \u0130leti\u015fim Ba\u015fkanl\u0131\u011f\u0131&#8217;ndan geldi.<br \/>\nDezenformasyonla M\u00fccadele Merkezi&#8217;nden yap\u0131lan payla\u015f\u0131mda, Polis Akademisi Ba\u015fkanl\u0131\u011f\u0131 taraf\u0131ndan duyurulan polis olma \u015fartlar\u0131na g\u00f6re polis olman\u0131n ilk \u015fart\u0131, T\u00fcrkiye Cumhuriyeti vatanda\u015f\u0131 olmakt\u0131r. Dolay\u0131s\u0131yla yabanc\u0131 uyruklular\u0131n polis olabilmeleri m\u00fcmk\u00fcn olmad\u0131\u011f\u0131n\u0131n alt\u0131 \u00e7izildi.<\/p>\n<p>&#8220;Uluslararas\u0131 \u0130kili Anla\u015fmalar ve G\u00fcvenlik \u0130\u015fbirli\u011fi Protokolleri kapsam\u0131nda yabanc\u0131 uyruklu \u00f6\u011frencilere Polis Akademisi Ba\u015fkanl\u0131\u011f\u0131 \u0130\u00e7 G\u00fcvenlik Fak\u00fcltesi (\u0130GF) Dekanl\u0131\u011f\u0131nda lisans e\u011fitimi, Polis Amirleri E\u011fitimi Merkezi (PAEM) M\u00fcd\u00fcrl\u00fc\u011f\u00fcnde ise tezsiz y\u00fcksek lisans e\u011fitimi verilmektedir&#8221; denilen yaz\u0131l\u0131 a\u00e7\u0131klamada, &#8220;\u0130ddiaya konu g\u00f6rseldeki yabanc\u0131 uyruklu \u00f6\u011frenciler, ilgili protokoller kapsam\u0131nda \u00fclkemizde e\u011fitim almaya gelen polis adaylar\u0131d\u0131r. Yabanc\u0131 uyruklu \u00f6\u011frenciler, e\u011fitim sonunda g\u00f6revlerini yapmak \u00fczere kendi \u00fclkelerine geri d\u00f6nmektedir. Kamuoyunu provoke etmeye y\u00f6nelik dezenformasyonlara itibar etmeyiniz&#8221; ifadeleri yer ald\u0131.<\/p>\n<p>\u200bBaz\u0131 sosyal medya hesaplar\u0131ndan payla\u015f\u0131lan \u201cT\u00fcrkiye\u2019de yabanc\u0131 uyruklular\u0131n polis yap\u0131ld\u0131\u011f\u0131\u201d y\u00f6n\u00fcndeki iddialar do\u011fru olmad\u0131\u011f\u0131 a\u00e7\u0131kland\u0131\u00a0<\/p>\n<p>\u200bHaberin Al\u0131nt\u0131land\u0131\u011f\u0131 Kaynak: www.iskenderun.org<\/p>","protected":false},"excerpt":{"rendered":"<p>Baz\u0131 sosyal medya hesaplar\u0131ndan payla\u015f\u0131lan \u201cT\u00fcrkiye\u2019de yabanc\u0131 uyruklular\u0131n polis yap\u0131ld\u0131\u011f\u0131\u201d y\u00f6n\u00fcndeki iddialar do\u011fru olmad\u0131\u011f\u0131 a\u00e7\u0131kland\u0131.ANKARA (\u0130GFA) &#8211; Yabanc\u0131 uyruklular\u0131n polis yap\u0131ld\u0131\u011f\u0131 y\u00f6n\u00fcndeki iddialara dair a\u00e7\u0131klama \u0130leti\u015fim Ba\u015fkanl\u0131\u011f\u0131&#8217;ndan geldi. Dezenformasyonla M\u00fccadele Merkezi&#8217;nden yap\u0131lan payla\u015f\u0131mda, Polis Akademisi Ba\u015fkanl\u0131\u011f\u0131 taraf\u0131ndan duyurulan polis olma \u015fartlar\u0131na g\u00f6re polis olman\u0131n ilk \u015fart\u0131, T\u00fcrkiye Cumhuriyeti vatanda\u015f\u0131 olmakt\u0131r. Dolay\u0131s\u0131yla yabanc\u0131 uyruklular\u0131n polis olabilmeleri m\u00fcmk\u00fcn olmad\u0131\u011f\u0131n\u0131n alt\u0131 \u00e7izildi. &#8220;Uluslararas\u0131 \u0130kili Anla\u015fmalar ve G\u00fcvenlik \u0130\u015fbirli\u011fi Protokolleri kapsam\u0131nda yabanc\u0131 uyruklu \u00f6\u011frencilere Polis Akademisi Ba\u015fkanl\u0131\u011f\u0131 \u0130\u00e7 G\u00fcvenlik Fak\u00fcltesi (\u0130GF) Dekanl\u0131\u011f\u0131nda lisans e\u011fitimi, Polis Amirleri E\u011fitimi Merkezi (PAEM) M\u00fcd\u00fcrl\u00fc\u011f\u00fcnde ise tezsiz y\u00fcksek lisans e\u011fitimi verilmektedir&#8221; denilen yaz\u0131l\u0131 a\u00e7\u0131klamada, &#8220;\u0130ddiaya konu g\u00f6rseldeki yabanc\u0131 uyruklu \u00f6\u011frenciler, ilgili protokoller kapsam\u0131nda \u00fclkemizde e\u011fitim almaya gelen polis adaylar\u0131d\u0131r. Yabanc\u0131 uyruklu \u00f6\u011frenciler, e\u011fitim sonunda g\u00f6revlerini yapmak \u00fczere kendi \u00fclkelerine geri d\u00f6nmektedir. Kamuoyunu provoke etmeye y\u00f6nelik dezenformasyonlara itibar etmeyiniz&#8221; ifadeleri yer ald\u0131. \u200bBaz\u0131 sosyal medya hesaplar\u0131ndan payla\u015f\u0131lan \u201cT\u00fcrkiye\u2019de yabanc\u0131 uyruklular\u0131n polis yap\u0131ld\u0131\u011f\u0131\u201d y\u00f6n\u00fcndeki iddialar do\u011fru olmad\u0131\u011f\u0131 a\u00e7\u0131kland\u0131\u00a0 \u200bHaberin Al\u0131nt\u0131land\u0131\u011f\u0131 Kaynak: www.iskenderun.org<\/p>","protected":false},"author":0,"featured_media":0,"comment_status":"open","ping_status":"open","sticky":false,"template":"","format":"standard","meta":{"_acf_changed":false,"footnotes":""},"categories":[24,535],"tags":[],"class_list":["post-18105","post","type-post","status-publish","format-standard","has-post-thumbnail","hentry","category-gundem","category-uncategorized-tr"],"acf":[],"yoast_head":"<!-- This site is optimized with the Yoast SEO Premium plugin v26.6 (Yoast SEO v27.1.1) - https:\/\/yoast.com\/product\/yoast-seo-premium-wordpress\/ -->\n<title>Yabanc\u0131 uyruklular polis mi yap\u0131l\u0131yor? A\u00e7\u0131klama Dezenformasyon&#039;dan geldi! - Av. Deniz Can K\u0131z\u0131l<\/title>\n<meta name=\"robots\" content=\"index, follow, max-snippet:-1, max-image-preview:large, max-video-preview:-1\" \/>\n<link rel=\"canonical\" href=\"https:\/\/denizcankizil.tr\/de\/haberler\/gundem\/yabanci-uyruklular-polis-mi-yapiliyor-aciklama-dezenformasyondan-geldi\/\" \/>\n<meta property=\"og:locale\" content=\"de_DE\" \/>\n<meta property=\"og:type\" content=\"article\" \/>\n<meta property=\"og:title\" content=\"Yabanc\u0131 uyruklular polis mi yap\u0131l\u0131yor? A\u00e7\u0131klama Dezenformasyon&#039;dan geldi!\" \/>\n<meta property=\"og:description\" content=\"Baz\u0131 sosyal medya hesaplar\u0131ndan payla\u015f\u0131lan \u201cT\u00fcrkiye\u2019de yabanc\u0131 uyruklular\u0131n polis yap\u0131ld\u0131\u011f\u0131\u201d y\u00f6n\u00fcndeki iddialar do\u011fru olmad\u0131\u011f\u0131 a\u00e7\u0131kland\u0131.ANKARA (\u0130GFA) &#8211; Yabanc\u0131 uyruklular\u0131n polis yap\u0131ld\u0131\u011f\u0131 y\u00f6n\u00fcndeki iddialara dair a\u00e7\u0131klama \u0130leti\u015fim Ba\u015fkanl\u0131\u011f\u0131&#8217;ndan geldi. Dezenformasyonla M\u00fccadele Merkezi&#8217;nden yap\u0131lan payla\u015f\u0131mda, Polis Akademisi Ba\u015fkanl\u0131\u011f\u0131 taraf\u0131ndan duyurulan polis olma \u015fartlar\u0131na g\u00f6re polis olman\u0131n ilk \u015fart\u0131, T\u00fcrkiye Cumhuriyeti vatanda\u015f\u0131 olmakt\u0131r. Dolay\u0131s\u0131yla yabanc\u0131 uyruklular\u0131n polis olabilmeleri m\u00fcmk\u00fcn olmad\u0131\u011f\u0131n\u0131n alt\u0131 \u00e7izildi. &#8220;Uluslararas\u0131 \u0130kili Anla\u015fmalar ve G\u00fcvenlik \u0130\u015fbirli\u011fi Protokolleri kapsam\u0131nda yabanc\u0131 uyruklu \u00f6\u011frencilere Polis Akademisi Ba\u015fkanl\u0131\u011f\u0131 \u0130\u00e7 G\u00fcvenlik Fak\u00fcltesi (\u0130GF) Dekanl\u0131\u011f\u0131nda lisans e\u011fitimi, Polis Amirleri E\u011fitimi Merkezi (PAEM) M\u00fcd\u00fcrl\u00fc\u011f\u00fcnde ise tezsiz y\u00fcksek lisans e\u011fitimi verilmektedir&#8221; denilen yaz\u0131l\u0131 a\u00e7\u0131klamada, &#8220;\u0130ddiaya konu g\u00f6rseldeki yabanc\u0131 uyruklu \u00f6\u011frenciler, ilgili protokoller kapsam\u0131nda \u00fclkemizde e\u011fitim almaya gelen polis adaylar\u0131d\u0131r. Yabanc\u0131 uyruklu \u00f6\u011frenciler, e\u011fitim sonunda g\u00f6revlerini yapmak \u00fczere kendi \u00fclkelerine geri d\u00f6nmektedir. Kamuoyunu provoke etmeye y\u00f6nelik dezenformasyonlara itibar etmeyiniz&#8221; ifadeleri yer ald\u0131. \u200bBaz\u0131 sosyal medya hesaplar\u0131ndan payla\u015f\u0131lan \u201cT\u00fcrkiye\u2019de yabanc\u0131 uyruklular\u0131n polis yap\u0131ld\u0131\u011f\u0131\u201d y\u00f6n\u00fcndeki iddialar do\u011fru olmad\u0131\u011f\u0131 a\u00e7\u0131kland\u0131\u00a0 \u200bHaberin Al\u0131nt\u0131land\u0131\u011f\u0131 Kaynak: www.iskenderun.org\" \/>\n<meta property=\"og:url\" content=\"https:\/\/denizcankizil.tr\/de\/haberler\/gundem\/yabanci-uyruklular-polis-mi-yapiliyor-aciklama-dezenformasyondan-geldi\/\" \/>\n<meta property=\"og:site_name\" content=\"Av. Deniz Can K\u0131z\u0131l\" \/>\n<meta property=\"article:published_time\" content=\"2024-11-28T09:41:47+00:00\" \/>\n<meta name=\"twitter:card\" content=\"summary_large_image\" \/>\n<meta name=\"twitter:label1\" content=\"Gesch\u00e4tzte Lesezeit\" \/>\n\t<meta name=\"twitter:data1\" content=\"1\u00a0Minute\" \/>\n<script type=\"application\/ld+json\" class=\"yoast-schema-graph\">{\"@context\":\"https:\/\/schema.org\",\"@graph\":[{\"@type\":\"Article\",\"@id\":\"https:\/\/denizcankizil.tr\/de\/haberler\/gundem\/yabanci-uyruklular-polis-mi-yapiliyor-aciklama-dezenformasyondan-geldi\/#article\",\"isPartOf\":{\"@id\":\"https:\/\/denizcankizil.tr\/de\/haberler\/gundem\/yabanci-uyruklular-polis-mi-yapiliyor-aciklama-dezenformasyondan-geldi\/\"},\"author\":{\"name\":\"\",\"@id\":\"\"},\"headline\":\"Yabanc\u0131 uyruklular polis mi yap\u0131l\u0131yor? A\u00e7\u0131klama Dezenformasyon&#8217;dan geldi!\",\"datePublished\":\"2024-11-28T09:41:47+00:00\",\"mainEntityOfPage\":{\"@id\":\"https:\/\/denizcankizil.tr\/de\/haberler\/gundem\/yabanci-uyruklular-polis-mi-yapiliyor-aciklama-dezenformasyondan-geldi\/\"},\"wordCount\":239,\"commentCount\":0,\"publisher\":{\"@id\":\"https:\/\/denizcankizil.tr\/#organization\"},\"articleSection\":[\"G\u00fcndem\",\"Uncategorized\"],\"inLanguage\":\"de\",\"potentialAction\":[{\"@type\":\"CommentAction\",\"name\":\"Comment\",\"target\":[\"https:\/\/denizcankizil.tr\/de\/haberler\/gundem\/yabanci-uyruklular-polis-mi-yapiliyor-aciklama-dezenformasyondan-geldi\/#respond\"]}]},{\"@type\":\"WebPage\",\"@id\":\"https:\/\/denizcankizil.tr\/de\/haberler\/gundem\/yabanci-uyruklular-polis-mi-yapiliyor-aciklama-dezenformasyondan-geldi\/\",\"url\":\"https:\/\/denizcankizil.tr\/de\/haberler\/gundem\/yabanci-uyruklular-polis-mi-yapiliyor-aciklama-dezenformasyondan-geldi\/\",\"name\":\"Yabanc\u0131 uyruklular polis mi yap\u0131l\u0131yor? A\u00e7\u0131klama Dezenformasyon'dan geldi! - Av. Deniz Can K\u0131z\u0131l\",\"isPartOf\":{\"@id\":\"https:\/\/denizcankizil.tr\/#website\"},\"datePublished\":\"2024-11-28T09:41:47+00:00\",\"breadcrumb\":{\"@id\":\"https:\/\/denizcankizil.tr\/de\/haberler\/gundem\/yabanci-uyruklular-polis-mi-yapiliyor-aciklama-dezenformasyondan-geldi\/#breadcrumb\"},\"inLanguage\":\"de\",\"potentialAction\":[{\"@type\":\"ReadAction\",\"target\":[\"https:\/\/denizcankizil.tr\/de\/haberler\/gundem\/yabanci-uyruklular-polis-mi-yapiliyor-aciklama-dezenformasyondan-geldi\/\"]}]},{\"@type\":\"BreadcrumbList\",\"@id\":\"https:\/\/denizcankizil.tr\/de\/haberler\/gundem\/yabanci-uyruklular-polis-mi-yapiliyor-aciklama-dezenformasyondan-geldi\/#breadcrumb\",\"itemListElement\":[{\"@type\":\"ListItem\",\"position\":1,\"name\":\"Home\",\"item\":\"https:\/\/denizcankizil.tr\/de\/\"},{\"@type\":\"ListItem\",\"position\":2,\"name\":\"Yabanc\u0131 uyruklular polis mi yap\u0131l\u0131yor? A\u00e7\u0131klama Dezenformasyon&#8217;dan geldi!\"}]},{\"@type\":\"WebSite\",\"@id\":\"https:\/\/denizcankizil.tr\/#website\",\"url\":\"https:\/\/denizcankizil.tr\/\",\"name\":\"Av. Deniz Can K\u0131z\u0131l\",\"description\":\"Avukat Deniz Can K\u0131z\u0131l Antalya Barosu\",\"publisher\":{\"@id\":\"https:\/\/denizcankizil.tr\/#organization\"},\"potentialAction\":[{\"@type\":\"SearchAction\",\"target\":{\"@type\":\"EntryPoint\",\"urlTemplate\":\"https:\/\/denizcankizil.tr\/?s={search_term_string}\"},\"query-input\":{\"@type\":\"PropertyValueSpecification\",\"valueRequired\":true,\"valueName\":\"search_term_string\"}}],\"inLanguage\":\"de\"},{\"@type\":\"Organization\",\"@id\":\"https:\/\/denizcankizil.tr\/#organization\",\"name\":\"Av. Deniz Can K\u0131z\u0131l\",\"url\":\"https:\/\/denizcankizil.tr\/\",\"logo\":{\"@type\":\"ImageObject\",\"inLanguage\":\"de\",\"@id\":\"https:\/\/denizcankizil.tr\/#\/schema\/logo\/image\/\",\"url\":\"https:\/\/denizcankizil.tr\/wp-content\/uploads\/2024\/10\/siyah-logo-svg.svg\",\"contentUrl\":\"https:\/\/denizcankizil.tr\/wp-content\/uploads\/2024\/10\/siyah-logo-svg.svg\",\"width\":1080,\"height\":1080,\"caption\":\"Av. Deniz Can K\u0131z\u0131l\"},\"image\":{\"@id\":\"https:\/\/denizcankizil.tr\/#\/schema\/logo\/image\/\"}}]}<\/script>\n<!-- \/ Yoast SEO Premium plugin. -->","yoast_head_json":{"title":"Yabanc\u0131 uyruklular polis mi yap\u0131l\u0131yor? A\u00e7\u0131klama Dezenformasyon'dan geldi! - Av. Deniz Can K\u0131z\u0131l","robots":{"index":"index","follow":"follow","max-snippet":"max-snippet:-1","max-image-preview":"max-image-preview:large","max-video-preview":"max-video-preview:-1"},"canonical":"https:\/\/denizcankizil.tr\/de\/haberler\/gundem\/yabanci-uyruklular-polis-mi-yapiliyor-aciklama-dezenformasyondan-geldi\/","og_locale":"de_DE","og_type":"article","og_title":"Yabanc\u0131 uyruklular polis mi yap\u0131l\u0131yor? A\u00e7\u0131klama Dezenformasyon'dan geldi!","og_description":"Baz\u0131 sosyal medya hesaplar\u0131ndan payla\u015f\u0131lan \u201cT\u00fcrkiye\u2019de yabanc\u0131 uyruklular\u0131n polis yap\u0131ld\u0131\u011f\u0131\u201d y\u00f6n\u00fcndeki iddialar do\u011fru olmad\u0131\u011f\u0131 a\u00e7\u0131kland\u0131.ANKARA (\u0130GFA) &#8211; Yabanc\u0131 uyruklular\u0131n polis yap\u0131ld\u0131\u011f\u0131 y\u00f6n\u00fcndeki iddialara dair a\u00e7\u0131klama \u0130leti\u015fim Ba\u015fkanl\u0131\u011f\u0131&#8217;ndan geldi. Dezenformasyonla M\u00fccadele Merkezi&#8217;nden yap\u0131lan payla\u015f\u0131mda, Polis Akademisi Ba\u015fkanl\u0131\u011f\u0131 taraf\u0131ndan duyurulan polis olma \u015fartlar\u0131na g\u00f6re polis olman\u0131n ilk \u015fart\u0131, T\u00fcrkiye Cumhuriyeti vatanda\u015f\u0131 olmakt\u0131r. Dolay\u0131s\u0131yla yabanc\u0131 uyruklular\u0131n polis olabilmeleri m\u00fcmk\u00fcn olmad\u0131\u011f\u0131n\u0131n alt\u0131 \u00e7izildi. &#8220;Uluslararas\u0131 \u0130kili Anla\u015fmalar ve G\u00fcvenlik \u0130\u015fbirli\u011fi Protokolleri kapsam\u0131nda yabanc\u0131 uyruklu \u00f6\u011frencilere Polis Akademisi Ba\u015fkanl\u0131\u011f\u0131 \u0130\u00e7 G\u00fcvenlik Fak\u00fcltesi (\u0130GF) Dekanl\u0131\u011f\u0131nda lisans e\u011fitimi, Polis Amirleri E\u011fitimi Merkezi (PAEM) M\u00fcd\u00fcrl\u00fc\u011f\u00fcnde ise tezsiz y\u00fcksek lisans e\u011fitimi verilmektedir&#8221; denilen yaz\u0131l\u0131 a\u00e7\u0131klamada, &#8220;\u0130ddiaya konu g\u00f6rseldeki yabanc\u0131 uyruklu \u00f6\u011frenciler, ilgili protokoller kapsam\u0131nda \u00fclkemizde e\u011fitim almaya gelen polis adaylar\u0131d\u0131r. Yabanc\u0131 uyruklu \u00f6\u011frenciler, e\u011fitim sonunda g\u00f6revlerini yapmak \u00fczere kendi \u00fclkelerine geri d\u00f6nmektedir. Kamuoyunu provoke etmeye y\u00f6nelik dezenformasyonlara itibar etmeyiniz&#8221; ifadeleri yer ald\u0131. \u200bBaz\u0131 sosyal medya hesaplar\u0131ndan payla\u015f\u0131lan \u201cT\u00fcrkiye\u2019de yabanc\u0131 uyruklular\u0131n polis yap\u0131ld\u0131\u011f\u0131\u201d y\u00f6n\u00fcndeki iddialar do\u011fru olmad\u0131\u011f\u0131 a\u00e7\u0131kland\u0131\u00a0 \u200bHaberin Al\u0131nt\u0131land\u0131\u011f\u0131 Kaynak: www.iskenderun.org","og_url":"https:\/\/denizcankizil.tr\/de\/haberler\/gundem\/yabanci-uyruklular-polis-mi-yapiliyor-aciklama-dezenformasyondan-geldi\/","og_site_name":"Av. Deniz Can K\u0131z\u0131l","article_published_time":"2024-11-28T09:41:47+00:00","twitter_card":"summary_large_image","twitter_misc":{"Gesch\u00e4tzte Lesezeit":"1\u00a0Minute"},"schema":{"@context":"https:\/\/schema.org","@graph":[{"@type":"Article","@id":"https:\/\/denizcankizil.tr\/de\/haberler\/gundem\/yabanci-uyruklular-polis-mi-yapiliyor-aciklama-dezenformasyondan-geldi\/#article","isPartOf":{"@id":"https:\/\/denizcankizil.tr\/de\/haberler\/gundem\/yabanci-uyruklular-polis-mi-yapiliyor-aciklama-dezenformasyondan-geldi\/"},"author":{"name":"","@id":""},"headline":"Yabanc\u0131 uyruklular polis mi yap\u0131l\u0131yor? A\u00e7\u0131klama Dezenformasyon&#8217;dan geldi!","datePublished":"2024-11-28T09:41:47+00:00","mainEntityOfPage":{"@id":"https:\/\/denizcankizil.tr\/de\/haberler\/gundem\/yabanci-uyruklular-polis-mi-yapiliyor-aciklama-dezenformasyondan-geldi\/"},"wordCount":239,"commentCount":0,"publisher":{"@id":"https:\/\/denizcankizil.tr\/#organization"},"articleSection":["G\u00fcndem","Uncategorized"],"inLanguage":"de","potentialAction":[{"@type":"CommentAction","name":"Comment","target":["https:\/\/denizcankizil.tr\/de\/haberler\/gundem\/yabanci-uyruklular-polis-mi-yapiliyor-aciklama-dezenformasyondan-geldi\/#respond"]}]},{"@type":"WebPage","@id":"https:\/\/denizcankizil.tr\/de\/haberler\/gundem\/yabanci-uyruklular-polis-mi-yapiliyor-aciklama-dezenformasyondan-geldi\/","url":"https:\/\/denizcankizil.tr\/de\/haberler\/gundem\/yabanci-uyruklular-polis-mi-yapiliyor-aciklama-dezenformasyondan-geldi\/","name":"Yabanc\u0131 uyruklular polis mi yap\u0131l\u0131yor? A\u00e7\u0131klama Dezenformasyon'dan geldi! - Av. Deniz Can K\u0131z\u0131l","isPartOf":{"@id":"https:\/\/denizcankizil.tr\/#website"},"datePublished":"2024-11-28T09:41:47+00:00","breadcrumb":{"@id":"https:\/\/denizcankizil.tr\/de\/haberler\/gundem\/yabanci-uyruklular-polis-mi-yapiliyor-aciklama-dezenformasyondan-geldi\/#breadcrumb"},"inLanguage":"de","potentialAction":[{"@type":"ReadAction","target":["https:\/\/denizcankizil.tr\/de\/haberler\/gundem\/yabanci-uyruklular-polis-mi-yapiliyor-aciklama-dezenformasyondan-geldi\/"]}]},{"@type":"BreadcrumbList","@id":"https:\/\/denizcankizil.tr\/de\/haberler\/gundem\/yabanci-uyruklular-polis-mi-yapiliyor-aciklama-dezenformasyondan-geldi\/#breadcrumb","itemListElement":[{"@type":"ListItem","position":1,"name":"Home","item":"https:\/\/denizcankizil.tr\/de\/"},{"@type":"ListItem","position":2,"name":"Yabanc\u0131 uyruklular polis mi yap\u0131l\u0131yor? A\u00e7\u0131klama Dezenformasyon&#8217;dan geldi!"}]},{"@type":"WebSite","@id":"https:\/\/denizcankizil.tr\/#website","url":"https:\/\/denizcankizil.tr\/","name":"Av. Deniz Can K\u0131z\u0131l","description":"Avukat Deniz Can K\u0131z\u0131l Antalya Barosu","publisher":{"@id":"https:\/\/denizcankizil.tr\/#organization"},"potentialAction":[{"@type":"SearchAction","target":{"@type":"EntryPoint","urlTemplate":"https:\/\/denizcankizil.tr\/?s={search_term_string}"},"query-input":{"@type":"PropertyValueSpecification","valueRequired":true,"valueName":"search_term_string"}}],"inLanguage":"de"},{"@type":"Organization","@id":"https:\/\/denizcankizil.tr\/#organization","name":"Av. Deniz Can K\u0131z\u0131l","url":"https:\/\/denizcankizil.tr\/","logo":{"@type":"ImageObject","inLanguage":"de","@id":"https:\/\/denizcankizil.tr\/#\/schema\/logo\/image\/","url":"https:\/\/denizcankizil.tr\/wp-content\/uploads\/2024\/10\/siyah-logo-svg.svg","contentUrl":"https:\/\/denizcankizil.tr\/wp-content\/uploads\/2024\/10\/siyah-logo-svg.svg","width":1080,"height":1080,"caption":"Av. Deniz Can K\u0131z\u0131l"},"image":{"@id":"https:\/\/denizcankizil.tr\/#\/schema\/logo\/image\/"}}]}},"_links":{"self":[{"href":"https:\/\/denizcankizil.tr\/de\/wp-json\/wp\/v2\/posts\/18105","targetHints":{"allow":["GET"]}}],"collection":[{"href":"https:\/\/denizcankizil.tr\/de\/wp-json\/wp\/v2\/posts"}],"about":[{"href":"https:\/\/denizcankizil.tr\/de\/wp-json\/wp\/v2\/types\/post"}],"replies":[{"embeddable":true,"href":"https:\/\/denizcankizil.tr\/de\/wp-json\/wp\/v2\/comments?post=18105"}],"version-history":[{"count":0,"href":"https:\/\/denizcankizil.tr\/de\/wp-json\/wp\/v2\/posts\/18105\/revisions"}],"wp:attachment":[{"href":"https:\/\/denizcankizil.tr\/de\/wp-json\/wp\/v2\/media?parent=18105"}],"wp:term":[{"taxonomy":"category","embeddable":true,"href":"https:\/\/denizcankizil.tr\/de\/wp-json\/wp\/v2\/categories?post=18105"},{"taxonomy":"post_tag","embeddable":true,"href":"https:\/\/denizcankizil.tr\/de\/wp-json\/wp\/v2\/tags?post=18105"}],"curies":[{"name":"wp","href":"https:\/\/api.w.org\/{rel}","templated":true}]}}