{"id":18085,"date":"2024-11-28T11:41:32","date_gmt":"2024-11-28T08:41:32","guid":{"rendered":"https:\/\/denizcankizil.tr\/uncategorized-tr\/parktaki-silahli-saldiri-olayinda-2-kisi-tutuklandi\/"},"modified":"2024-11-28T11:41:32","modified_gmt":"2024-11-28T08:41:32","slug":"parktaki-silahli-saldiri-olayinda-2-kisi-tutuklandi","status":"publish","type":"post","link":"https:\/\/denizcankizil.tr\/de\/haberler\/antalya\/parktaki-silahli-saldiri-olayinda-2-kisi-tutuklandi\/","title":{"rendered":"Parktaki silahl\u0131 sald\u0131r\u0131 olay\u0131nda 2 ki\u015fi tutukland\u0131"},"content":{"rendered":"<p>Olay, Muratpa\u015fa il\u00e7esi Yenig\u00fcn Mahallesi 1068 ve 1070 Sokak kesi\u015fiminde bulunan \u00e7ocuk park\u0131nda \u00f6nceki g\u00fcn meydana geldi. Ye\u011fenlerini oyun oynamalar\u0131 i\u00e7in parka getiren Yi\u011fit A. (18), bankta oturdu\u011fu esnada k\u0131z ka\u00e7\u0131rma nedeniyle aralar\u0131nda husumet bulunan e\u015finin ailesince pompal\u0131 t\u00fcfekle sald\u0131r\u0131ya u\u011frad\u0131. Bu s\u0131rada parkta oynayan ve sa\u00e7malar\u0131n hedefi olan Ecrin A. (6) ve Berat A. (12) \u00e7e\u015fitli yerlerinden yaraland\u0131. Polis ekiplerince yap\u0131lan \u00e7al\u0131\u015fma sonucu olayla ilgili 10 \u015f\u00fcpheli g\u00f6zalt\u0131na al\u0131nd\u0131. Emniyetteki i\u015flemlerinin ard\u0131ndan adliyeye \u00e7\u0131kart\u0131lan \u015f\u00fcphelilerden 2&#8217;si tutuklanarak cezaevine g\u00f6nderildi.<\/p>\n<p>Kaynak: www.kanalv.com.tr Haber Sitesinden Al\u0131nm\u0131\u015ft\u0131r.<\/p>","protected":false},"excerpt":{"rendered":"<p>Olay, Muratpa\u015fa il\u00e7esi Yenig\u00fcn Mahallesi 1068 ve 1070 Sokak kesi\u015fiminde bulunan \u00e7ocuk park\u0131nda \u00f6nceki g\u00fcn meydana geldi. Ye\u011fenlerini oyun oynamalar\u0131 i\u00e7in parka getiren Yi\u011fit A. (18), bankta oturdu\u011fu esnada k\u0131z ka\u00e7\u0131rma nedeniyle aralar\u0131nda husumet bulunan e\u015finin ailesince pompal\u0131 t\u00fcfekle sald\u0131r\u0131ya u\u011frad\u0131. Bu s\u0131rada parkta oynayan ve sa\u00e7malar\u0131n hedefi olan Ecrin A. (6) ve Berat A. (12) \u00e7e\u015fitli yerlerinden yaraland\u0131. Polis ekiplerince yap\u0131lan \u00e7al\u0131\u015fma sonucu olayla ilgili 10 \u015f\u00fcpheli g\u00f6zalt\u0131na al\u0131nd\u0131. Emniyetteki i\u015flemlerinin ard\u0131ndan adliyeye \u00e7\u0131kart\u0131lan \u015f\u00fcphelilerden 2&#8217;si tutuklanarak cezaevine g\u00f6nderildi. Kaynak: www.kanalv.com.tr Haber Sitesinden Al\u0131nm\u0131\u015ft\u0131r.<\/p>","protected":false},"author":0,"featured_media":18086,"comment_status":"open","ping_status":"open","sticky":false,"template":"","format":"standard","meta":{"_acf_changed":false,"footnotes":""},"categories":[26,535],"tags":[],"class_list":["post-18085","post","type-post","status-publish","format-standard","has-post-thumbnail","hentry","category-antalya","category-uncategorized-tr"],"acf":[],"yoast_head":"<!-- This site is optimized with the Yoast SEO Premium plugin v26.6 (Yoast SEO v27.1.1) - https:\/\/yoast.com\/product\/yoast-seo-premium-wordpress\/ -->\n<title>Parktaki silahl\u0131 sald\u0131r\u0131 olay\u0131nda 2 ki\u015fi tutukland\u0131 - Av. Deniz Can K\u0131z\u0131l<\/title>\n<meta name=\"robots\" content=\"index, follow, max-snippet:-1, max-image-preview:large, max-video-preview:-1\" \/>\n<link rel=\"canonical\" href=\"https:\/\/denizcankizil.tr\/de\/haberler\/antalya\/parktaki-silahli-saldiri-olayinda-2-kisi-tutuklandi\/\" \/>\n<meta property=\"og:locale\" content=\"de_DE\" \/>\n<meta property=\"og:type\" content=\"article\" \/>\n<meta property=\"og:title\" content=\"Parktaki silahl\u0131 sald\u0131r\u0131 olay\u0131nda 2 ki\u015fi tutukland\u0131\" \/>\n<meta property=\"og:description\" content=\"Olay, Muratpa\u015fa il\u00e7esi Yenig\u00fcn Mahallesi 1068 ve 1070 Sokak kesi\u015fiminde bulunan \u00e7ocuk park\u0131nda \u00f6nceki g\u00fcn meydana geldi. Ye\u011fenlerini oyun oynamalar\u0131 i\u00e7in parka getiren Yi\u011fit A. (18), bankta oturdu\u011fu esnada k\u0131z ka\u00e7\u0131rma nedeniyle aralar\u0131nda husumet bulunan e\u015finin ailesince pompal\u0131 t\u00fcfekle sald\u0131r\u0131ya u\u011frad\u0131. Bu s\u0131rada parkta oynayan ve sa\u00e7malar\u0131n hedefi olan Ecrin A. (6) ve Berat A. (12) \u00e7e\u015fitli yerlerinden yaraland\u0131. Polis ekiplerince yap\u0131lan \u00e7al\u0131\u015fma sonucu olayla ilgili 10 \u015f\u00fcpheli g\u00f6zalt\u0131na al\u0131nd\u0131. Emniyetteki i\u015flemlerinin ard\u0131ndan adliyeye \u00e7\u0131kart\u0131lan \u015f\u00fcphelilerden 2&#8217;si tutuklanarak cezaevine g\u00f6nderildi. Kaynak: www.kanalv.com.tr Haber Sitesinden Al\u0131nm\u0131\u015ft\u0131r.\" \/>\n<meta property=\"og:url\" content=\"https:\/\/denizcankizil.tr\/de\/haberler\/antalya\/parktaki-silahli-saldiri-olayinda-2-kisi-tutuklandi\/\" \/>\n<meta property=\"og:site_name\" content=\"Av. Deniz Can K\u0131z\u0131l\" \/>\n<meta property=\"article:published_time\" content=\"2024-11-28T08:41:32+00:00\" \/>\n<meta property=\"og:image\" content=\"https:\/\/denizcankizil.tr\/wp-content\/uploads\/2024\/11\/3318-01-tOD099.jpeg\" \/>\n\t<meta property=\"og:image:width\" content=\"1280\" \/>\n\t<meta property=\"og:image:height\" content=\"720\" \/>\n\t<meta property=\"og:image:type\" content=\"image\/jpeg\" \/>\n<meta name=\"twitter:card\" content=\"summary_large_image\" \/>\n<meta name=\"twitter:label1\" content=\"Gesch\u00e4tzte Lesezeit\" \/>\n\t<meta name=\"twitter:data1\" content=\"1\u00a0Minute\" \/>\n<script type=\"application\/ld+json\" class=\"yoast-schema-graph\">{\"@context\":\"https:\/\/schema.org\",\"@graph\":[{\"@type\":\"Article\",\"@id\":\"https:\/\/denizcankizil.tr\/de\/haberler\/antalya\/parktaki-silahli-saldiri-olayinda-2-kisi-tutuklandi\/#article\",\"isPartOf\":{\"@id\":\"https:\/\/denizcankizil.tr\/de\/haberler\/antalya\/parktaki-silahli-saldiri-olayinda-2-kisi-tutuklandi\/\"},\"author\":{\"name\":\"\",\"@id\":\"\"},\"headline\":\"Parktaki silahl\u0131 sald\u0131r\u0131 olay\u0131nda 2 ki\u015fi tutukland\u0131\",\"datePublished\":\"2024-11-28T08:41:32+00:00\",\"mainEntityOfPage\":{\"@id\":\"https:\/\/denizcankizil.tr\/de\/haberler\/antalya\/parktaki-silahli-saldiri-olayinda-2-kisi-tutuklandi\/\"},\"wordCount\":125,\"commentCount\":0,\"publisher\":{\"@id\":\"https:\/\/denizcankizil.tr\/#organization\"},\"image\":{\"@id\":\"https:\/\/denizcankizil.tr\/de\/haberler\/antalya\/parktaki-silahli-saldiri-olayinda-2-kisi-tutuklandi\/#primaryimage\"},\"thumbnailUrl\":\"https:\/\/denizcankizil.tr\/wp-content\/uploads\/2024\/11\/3318-01-tOD099.jpeg\",\"articleSection\":[\"Antalya\",\"Uncategorized\"],\"inLanguage\":\"de\",\"potentialAction\":[{\"@type\":\"CommentAction\",\"name\":\"Comment\",\"target\":[\"https:\/\/denizcankizil.tr\/de\/haberler\/antalya\/parktaki-silahli-saldiri-olayinda-2-kisi-tutuklandi\/#respond\"]}]},{\"@type\":\"WebPage\",\"@id\":\"https:\/\/denizcankizil.tr\/de\/haberler\/antalya\/parktaki-silahli-saldiri-olayinda-2-kisi-tutuklandi\/\",\"url\":\"https:\/\/denizcankizil.tr\/de\/haberler\/antalya\/parktaki-silahli-saldiri-olayinda-2-kisi-tutuklandi\/\",\"name\":\"Parktaki silahl\u0131 sald\u0131r\u0131 olay\u0131nda 2 ki\u015fi tutukland\u0131 - Av. Deniz Can K\u0131z\u0131l\",\"isPartOf\":{\"@id\":\"https:\/\/denizcankizil.tr\/#website\"},\"primaryImageOfPage\":{\"@id\":\"https:\/\/denizcankizil.tr\/de\/haberler\/antalya\/parktaki-silahli-saldiri-olayinda-2-kisi-tutuklandi\/#primaryimage\"},\"image\":{\"@id\":\"https:\/\/denizcankizil.tr\/de\/haberler\/antalya\/parktaki-silahli-saldiri-olayinda-2-kisi-tutuklandi\/#primaryimage\"},\"thumbnailUrl\":\"https:\/\/denizcankizil.tr\/wp-content\/uploads\/2024\/11\/3318-01-tOD099.jpeg\",\"datePublished\":\"2024-11-28T08:41:32+00:00\",\"breadcrumb\":{\"@id\":\"https:\/\/denizcankizil.tr\/de\/haberler\/antalya\/parktaki-silahli-saldiri-olayinda-2-kisi-tutuklandi\/#breadcrumb\"},\"inLanguage\":\"de\",\"potentialAction\":[{\"@type\":\"ReadAction\",\"target\":[\"https:\/\/denizcankizil.tr\/de\/haberler\/antalya\/parktaki-silahli-saldiri-olayinda-2-kisi-tutuklandi\/\"]}]},{\"@type\":\"ImageObject\",\"inLanguage\":\"de\",\"@id\":\"https:\/\/denizcankizil.tr\/de\/haberler\/antalya\/parktaki-silahli-saldiri-olayinda-2-kisi-tutuklandi\/#primaryimage\",\"url\":\"https:\/\/denizcankizil.tr\/wp-content\/uploads\/2024\/11\/3318-01-tOD099.jpeg\",\"contentUrl\":\"https:\/\/denizcankizil.tr\/wp-content\/uploads\/2024\/11\/3318-01-tOD099.jpeg\",\"width\":1280,\"height\":720},{\"@type\":\"BreadcrumbList\",\"@id\":\"https:\/\/denizcankizil.tr\/de\/haberler\/antalya\/parktaki-silahli-saldiri-olayinda-2-kisi-tutuklandi\/#breadcrumb\",\"itemListElement\":[{\"@type\":\"ListItem\",\"position\":1,\"name\":\"Home\",\"item\":\"https:\/\/denizcankizil.tr\/de\/\"},{\"@type\":\"ListItem\",\"position\":2,\"name\":\"Parktaki silahl\u0131 sald\u0131r\u0131 olay\u0131nda 2 ki\u015fi tutukland\u0131\"}]},{\"@type\":\"WebSite\",\"@id\":\"https:\/\/denizcankizil.tr\/#website\",\"url\":\"https:\/\/denizcankizil.tr\/\",\"name\":\"Av. Deniz Can K\u0131z\u0131l\",\"description\":\"Avukat Deniz Can K\u0131z\u0131l Antalya Barosu\",\"publisher\":{\"@id\":\"https:\/\/denizcankizil.tr\/#organization\"},\"potentialAction\":[{\"@type\":\"SearchAction\",\"target\":{\"@type\":\"EntryPoint\",\"urlTemplate\":\"https:\/\/denizcankizil.tr\/?s={search_term_string}\"},\"query-input\":{\"@type\":\"PropertyValueSpecification\",\"valueRequired\":true,\"valueName\":\"search_term_string\"}}],\"inLanguage\":\"de\"},{\"@type\":\"Organization\",\"@id\":\"https:\/\/denizcankizil.tr\/#organization\",\"name\":\"Av. Deniz Can K\u0131z\u0131l\",\"url\":\"https:\/\/denizcankizil.tr\/\",\"logo\":{\"@type\":\"ImageObject\",\"inLanguage\":\"de\",\"@id\":\"https:\/\/denizcankizil.tr\/#\/schema\/logo\/image\/\",\"url\":\"https:\/\/denizcankizil.tr\/wp-content\/uploads\/2024\/10\/siyah-logo-svg.svg\",\"contentUrl\":\"https:\/\/denizcankizil.tr\/wp-content\/uploads\/2024\/10\/siyah-logo-svg.svg\",\"width\":1080,\"height\":1080,\"caption\":\"Av. Deniz Can K\u0131z\u0131l\"},\"image\":{\"@id\":\"https:\/\/denizcankizil.tr\/#\/schema\/logo\/image\/\"}}]}<\/script>\n<!-- \/ Yoast SEO Premium plugin. -->","yoast_head_json":{"title":"Parktaki silahl\u0131 sald\u0131r\u0131 olay\u0131nda 2 ki\u015fi tutukland\u0131 - Av. Deniz Can K\u0131z\u0131l","robots":{"index":"index","follow":"follow","max-snippet":"max-snippet:-1","max-image-preview":"max-image-preview:large","max-video-preview":"max-video-preview:-1"},"canonical":"https:\/\/denizcankizil.tr\/de\/haberler\/antalya\/parktaki-silahli-saldiri-olayinda-2-kisi-tutuklandi\/","og_locale":"de_DE","og_type":"article","og_title":"Parktaki silahl\u0131 sald\u0131r\u0131 olay\u0131nda 2 ki\u015fi tutukland\u0131","og_description":"Olay, Muratpa\u015fa il\u00e7esi Yenig\u00fcn Mahallesi 1068 ve 1070 Sokak kesi\u015fiminde bulunan \u00e7ocuk park\u0131nda \u00f6nceki g\u00fcn meydana geldi. Ye\u011fenlerini oyun oynamalar\u0131 i\u00e7in parka getiren Yi\u011fit A. (18), bankta oturdu\u011fu esnada k\u0131z ka\u00e7\u0131rma nedeniyle aralar\u0131nda husumet bulunan e\u015finin ailesince pompal\u0131 t\u00fcfekle sald\u0131r\u0131ya u\u011frad\u0131. Bu s\u0131rada parkta oynayan ve sa\u00e7malar\u0131n hedefi olan Ecrin A. (6) ve Berat A. (12) \u00e7e\u015fitli yerlerinden yaraland\u0131. Polis ekiplerince yap\u0131lan \u00e7al\u0131\u015fma sonucu olayla ilgili 10 \u015f\u00fcpheli g\u00f6zalt\u0131na al\u0131nd\u0131. Emniyetteki i\u015flemlerinin ard\u0131ndan adliyeye \u00e7\u0131kart\u0131lan \u015f\u00fcphelilerden 2&#8217;si tutuklanarak cezaevine g\u00f6nderildi. Kaynak: www.kanalv.com.tr Haber Sitesinden Al\u0131nm\u0131\u015ft\u0131r.","og_url":"https:\/\/denizcankizil.tr\/de\/haberler\/antalya\/parktaki-silahli-saldiri-olayinda-2-kisi-tutuklandi\/","og_site_name":"Av. Deniz Can K\u0131z\u0131l","article_published_time":"2024-11-28T08:41:32+00:00","og_image":[{"width":1280,"height":720,"url":"https:\/\/denizcankizil.tr\/wp-content\/uploads\/2024\/11\/3318-01-tOD099.jpeg","type":"image\/jpeg"}],"twitter_card":"summary_large_image","twitter_misc":{"Gesch\u00e4tzte Lesezeit":"1\u00a0Minute"},"schema":{"@context":"https:\/\/schema.org","@graph":[{"@type":"Article","@id":"https:\/\/denizcankizil.tr\/de\/haberler\/antalya\/parktaki-silahli-saldiri-olayinda-2-kisi-tutuklandi\/#article","isPartOf":{"@id":"https:\/\/denizcankizil.tr\/de\/haberler\/antalya\/parktaki-silahli-saldiri-olayinda-2-kisi-tutuklandi\/"},"author":{"name":"","@id":""},"headline":"Parktaki silahl\u0131 sald\u0131r\u0131 olay\u0131nda 2 ki\u015fi tutukland\u0131","datePublished":"2024-11-28T08:41:32+00:00","mainEntityOfPage":{"@id":"https:\/\/denizcankizil.tr\/de\/haberler\/antalya\/parktaki-silahli-saldiri-olayinda-2-kisi-tutuklandi\/"},"wordCount":125,"commentCount":0,"publisher":{"@id":"https:\/\/denizcankizil.tr\/#organization"},"image":{"@id":"https:\/\/denizcankizil.tr\/de\/haberler\/antalya\/parktaki-silahli-saldiri-olayinda-2-kisi-tutuklandi\/#primaryimage"},"thumbnailUrl":"https:\/\/denizcankizil.tr\/wp-content\/uploads\/2024\/11\/3318-01-tOD099.jpeg","articleSection":["Antalya","Uncategorized"],"inLanguage":"de","potentialAction":[{"@type":"CommentAction","name":"Comment","target":["https:\/\/denizcankizil.tr\/de\/haberler\/antalya\/parktaki-silahli-saldiri-olayinda-2-kisi-tutuklandi\/#respond"]}]},{"@type":"WebPage","@id":"https:\/\/denizcankizil.tr\/de\/haberler\/antalya\/parktaki-silahli-saldiri-olayinda-2-kisi-tutuklandi\/","url":"https:\/\/denizcankizil.tr\/de\/haberler\/antalya\/parktaki-silahli-saldiri-olayinda-2-kisi-tutuklandi\/","name":"Parktaki silahl\u0131 sald\u0131r\u0131 olay\u0131nda 2 ki\u015fi tutukland\u0131 - Av. Deniz Can K\u0131z\u0131l","isPartOf":{"@id":"https:\/\/denizcankizil.tr\/#website"},"primaryImageOfPage":{"@id":"https:\/\/denizcankizil.tr\/de\/haberler\/antalya\/parktaki-silahli-saldiri-olayinda-2-kisi-tutuklandi\/#primaryimage"},"image":{"@id":"https:\/\/denizcankizil.tr\/de\/haberler\/antalya\/parktaki-silahli-saldiri-olayinda-2-kisi-tutuklandi\/#primaryimage"},"thumbnailUrl":"https:\/\/denizcankizil.tr\/wp-content\/uploads\/2024\/11\/3318-01-tOD099.jpeg","datePublished":"2024-11-28T08:41:32+00:00","breadcrumb":{"@id":"https:\/\/denizcankizil.tr\/de\/haberler\/antalya\/parktaki-silahli-saldiri-olayinda-2-kisi-tutuklandi\/#breadcrumb"},"inLanguage":"de","potentialAction":[{"@type":"ReadAction","target":["https:\/\/denizcankizil.tr\/de\/haberler\/antalya\/parktaki-silahli-saldiri-olayinda-2-kisi-tutuklandi\/"]}]},{"@type":"ImageObject","inLanguage":"de","@id":"https:\/\/denizcankizil.tr\/de\/haberler\/antalya\/parktaki-silahli-saldiri-olayinda-2-kisi-tutuklandi\/#primaryimage","url":"https:\/\/denizcankizil.tr\/wp-content\/uploads\/2024\/11\/3318-01-tOD099.jpeg","contentUrl":"https:\/\/denizcankizil.tr\/wp-content\/uploads\/2024\/11\/3318-01-tOD099.jpeg","width":1280,"height":720},{"@type":"BreadcrumbList","@id":"https:\/\/denizcankizil.tr\/de\/haberler\/antalya\/parktaki-silahli-saldiri-olayinda-2-kisi-tutuklandi\/#breadcrumb","itemListElement":[{"@type":"ListItem","position":1,"name":"Home","item":"https:\/\/denizcankizil.tr\/de\/"},{"@type":"ListItem","position":2,"name":"Parktaki silahl\u0131 sald\u0131r\u0131 olay\u0131nda 2 ki\u015fi tutukland\u0131"}]},{"@type":"WebSite","@id":"https:\/\/denizcankizil.tr\/#website","url":"https:\/\/denizcankizil.tr\/","name":"Av. Deniz Can K\u0131z\u0131l","description":"Avukat Deniz Can K\u0131z\u0131l Antalya Barosu","publisher":{"@id":"https:\/\/denizcankizil.tr\/#organization"},"potentialAction":[{"@type":"SearchAction","target":{"@type":"EntryPoint","urlTemplate":"https:\/\/denizcankizil.tr\/?s={search_term_string}"},"query-input":{"@type":"PropertyValueSpecification","valueRequired":true,"valueName":"search_term_string"}}],"inLanguage":"de"},{"@type":"Organization","@id":"https:\/\/denizcankizil.tr\/#organization","name":"Av. Deniz Can K\u0131z\u0131l","url":"https:\/\/denizcankizil.tr\/","logo":{"@type":"ImageObject","inLanguage":"de","@id":"https:\/\/denizcankizil.tr\/#\/schema\/logo\/image\/","url":"https:\/\/denizcankizil.tr\/wp-content\/uploads\/2024\/10\/siyah-logo-svg.svg","contentUrl":"https:\/\/denizcankizil.tr\/wp-content\/uploads\/2024\/10\/siyah-logo-svg.svg","width":1080,"height":1080,"caption":"Av. Deniz Can K\u0131z\u0131l"},"image":{"@id":"https:\/\/denizcankizil.tr\/#\/schema\/logo\/image\/"}}]}},"_links":{"self":[{"href":"https:\/\/denizcankizil.tr\/de\/wp-json\/wp\/v2\/posts\/18085","targetHints":{"allow":["GET"]}}],"collection":[{"href":"https:\/\/denizcankizil.tr\/de\/wp-json\/wp\/v2\/posts"}],"about":[{"href":"https:\/\/denizcankizil.tr\/de\/wp-json\/wp\/v2\/types\/post"}],"replies":[{"embeddable":true,"href":"https:\/\/denizcankizil.tr\/de\/wp-json\/wp\/v2\/comments?post=18085"}],"version-history":[{"count":0,"href":"https:\/\/denizcankizil.tr\/de\/wp-json\/wp\/v2\/posts\/18085\/revisions"}],"wp:featuredmedia":[{"embeddable":true,"href":"https:\/\/denizcankizil.tr\/de\/wp-json\/wp\/v2\/media\/18086"}],"wp:attachment":[{"href":"https:\/\/denizcankizil.tr\/de\/wp-json\/wp\/v2\/media?parent=18085"}],"wp:term":[{"taxonomy":"category","embeddable":true,"href":"https:\/\/denizcankizil.tr\/de\/wp-json\/wp\/v2\/categories?post=18085"},{"taxonomy":"post_tag","embeddable":true,"href":"https:\/\/denizcankizil.tr\/de\/wp-json\/wp\/v2\/tags?post=18085"}],"curies":[{"name":"wp","href":"https:\/\/api.w.org\/{rel}","templated":true}]}}