{"id":17981,"date":"2024-11-27T17:41:49","date_gmt":"2024-11-27T14:41:49","guid":{"rendered":"https:\/\/denizcankizil.tr\/uncategorized-tr\/ikiz-plakali-ticari-arac-bursa-polisine-yakalandi\/"},"modified":"2024-11-27T17:41:49","modified_gmt":"2024-11-27T14:41:49","slug":"ikiz-plakali-ticari-arac-bursa-polisine-yakalandi","status":"publish","type":"post","link":"https:\/\/denizcankizil.tr\/de\/haberler\/gundem\/ikiz-plakali-ticari-arac-bursa-polisine-yakalandi\/","title":{"rendered":"\u0130kiz plakal\u0131 ticari ara\u00e7 Bursa polisine yakaland\u0131"},"content":{"rendered":"<p>Bursa&#8217;da plaka tan\u0131ma sistemine tak\u0131larak uyar\u0131 veren ikiz plakal\u0131 ara\u00e7 Orhangazi il\u00e7e emniyetine ba\u011fl\u0131 trafik ekipleri taraf\u0131ndan ana yol \u00fczerinde durduruldu. Yap\u0131lan incelemede, \u00fczerinde ki plakan\u0131n ayn\u0131 marka ba\u015fka bir araca ait oldu\u011fu tespit edilen kamyonet otoparka \u00e7ekildi.Fatih MISIR &#8211; Bursada Bug\u00fcn \/ BURSA (\u0130GFA) &#8211;\u00a0Olay Bursa &#8211; Yalova yolu \u00fczeri Orhangazi \u0130znik \u0131\u015f\u0131klar\u0131nda meydana geldi. Al\u0131nan bilgilere g\u00f6re yollarda bulunan plaka tan\u0131ma sistemine ikiz plakal\u0131 ara\u00e7 olarak ihbar\u0131 d\u00fc\u015fen bir kamyonet, Orhangazi il\u00e7esi\u00a0\u00a0Yalova yolu \u00fczerinde il\u00e7e emniyetine ba\u011fl\u0131 trafik ekipleri taraf\u0131ndan durduruldu.<br \/>\nKamyonet \u00fczerinde yap\u0131lan incelemede \u00fczerinde bulunan plakan\u0131n ayn\u0131 marka ve model ba\u015fka bir araca ait oldu\u011fu tespit edilince, \u00fczerinde ki plakan\u0131n kendisine ait olmad\u0131\u011f\u0131 anla\u015f\u0131lan kamyonet ekipler taraf\u0131ndan otoparka \u00e7ektirildi, kamyonet \u015fof\u00f6r\u00fc ise ekipler taraf\u0131ndan ifadesi al\u0131nmak \u00fczere il\u00e7e emniyetine g\u00f6t\u00fcr\u00fcld\u00fc. Olayla ilgili soru\u015fturma s\u00fcr\u00fcyor.<\/p>\n<p>\u0130kiz plakal\u0131 ara\u00e7 nedir?\u00a0<br \/>\nM\u00fckerrer plaka olarak da bilinen ikiz plaka,\u00a0bir araca ait tescilli plakan\u0131n kopya edilerek ba\u015fka bir araca tak\u0131lmas\u0131\u00a0demektir. Bunun sonucu olarak ayn\u0131 plakaya sahip birden \u00e7ok ara\u00e7 olur.<br \/>\nE\u011fer bir ki\u015fi\u00a0ikiz plaka\u00a0kullaniyor yahut ara\u00e7 \u015fase numaras\u0131nda oynama yaparak sahte belgelerle yeniden tescil sa\u011flayarak sahte bir\u00a0plaka\u00a0kullan\u0131yor ise idari para cezas\u0131n\u0131n yani s\u0131ra TCK 204. Maddesi geregince de cezaland\u0131r\u0131lacakt\u0131r.<\/p>\n<p>\u200bBursa&#8217;da plaka tan\u0131ma sistemine tak\u0131larak uyar\u0131 veren ikiz plakal\u0131 ara\u00e7 Orhangazi il\u00e7e emniyetine ba\u011fl\u0131 trafik ekipleri taraf\u0131ndan ana yol \u00fczerinde durduruldu  Yap\u0131lan incelemede, \u00fczerinde ki plakan\u0131n ayn\u0131 marka ba\u015fka bir araca ait oldu\u011fu tespit edilen kamyonet otoparka \u00e7ekildi\u00a0<\/p>\n<p>\u200bHaberin Al\u0131nt\u0131land\u0131\u011f\u0131 Kaynak: www.iskenderun.org<\/p>","protected":false},"excerpt":{"rendered":"<p>Bursa&#8217;da plaka tan\u0131ma sistemine tak\u0131larak uyar\u0131 veren ikiz plakal\u0131 ara\u00e7 Orhangazi il\u00e7e emniyetine ba\u011fl\u0131 trafik ekipleri taraf\u0131ndan ana yol \u00fczerinde durduruldu. Yap\u0131lan incelemede, \u00fczerinde ki plakan\u0131n ayn\u0131 marka ba\u015fka bir araca ait oldu\u011fu tespit edilen kamyonet otoparka \u00e7ekildi.Fatih MISIR &#8211; Bursada Bug\u00fcn \/ BURSA (\u0130GFA) &#8211;\u00a0Olay Bursa &#8211; Yalova yolu \u00fczeri Orhangazi \u0130znik \u0131\u015f\u0131klar\u0131nda meydana geldi. Al\u0131nan bilgilere g\u00f6re yollarda bulunan plaka tan\u0131ma sistemine ikiz plakal\u0131 ara\u00e7 olarak ihbar\u0131 d\u00fc\u015fen bir kamyonet, Orhangazi il\u00e7esi\u00a0\u00a0Yalova yolu \u00fczerinde il\u00e7e emniyetine ba\u011fl\u0131 trafik ekipleri taraf\u0131ndan durduruldu. Kamyonet \u00fczerinde yap\u0131lan incelemede \u00fczerinde bulunan plakan\u0131n ayn\u0131 marka ve model ba\u015fka bir araca ait oldu\u011fu tespit edilince, \u00fczerinde ki plakan\u0131n kendisine ait olmad\u0131\u011f\u0131 anla\u015f\u0131lan kamyonet ekipler taraf\u0131ndan otoparka \u00e7ektirildi, kamyonet \u015fof\u00f6r\u00fc ise ekipler taraf\u0131ndan ifadesi al\u0131nmak \u00fczere il\u00e7e emniyetine g\u00f6t\u00fcr\u00fcld\u00fc. Olayla ilgili soru\u015fturma s\u00fcr\u00fcyor. \u0130kiz plakal\u0131 ara\u00e7 nedir?\u00a0 M\u00fckerrer plaka olarak da bilinen ikiz plaka,\u00a0bir araca ait tescilli plakan\u0131n kopya edilerek ba\u015fka bir araca tak\u0131lmas\u0131\u00a0demektir. Bunun sonucu olarak ayn\u0131 plakaya sahip birden \u00e7ok ara\u00e7 olur. E\u011fer bir ki\u015fi\u00a0ikiz plaka\u00a0kullaniyor yahut ara\u00e7 \u015fase numaras\u0131nda oynama yaparak sahte belgelerle yeniden tescil sa\u011flayarak sahte bir\u00a0plaka\u00a0kullan\u0131yor ise idari para cezas\u0131n\u0131n yani s\u0131ra TCK 204. Maddesi geregince de cezaland\u0131r\u0131lacakt\u0131r. \u200bBursa&#8217;da plaka tan\u0131ma sistemine tak\u0131larak uyar\u0131 veren ikiz plakal\u0131 ara\u00e7 Orhangazi il\u00e7e &hellip;<\/p>","protected":false},"author":0,"featured_media":0,"comment_status":"open","ping_status":"open","sticky":false,"template":"","format":"standard","meta":{"_acf_changed":false,"footnotes":""},"categories":[24,535],"tags":[],"class_list":["post-17981","post","type-post","status-publish","format-standard","has-post-thumbnail","hentry","category-gundem","category-uncategorized-tr"],"acf":[],"yoast_head":"<!-- This site is optimized with the Yoast SEO Premium plugin v26.6 (Yoast SEO v27.1.1) - https:\/\/yoast.com\/product\/yoast-seo-premium-wordpress\/ -->\n<title>\u0130kiz plakal\u0131 ticari ara\u00e7 Bursa polisine yakaland\u0131 - Av. Deniz Can K\u0131z\u0131l<\/title>\n<meta name=\"robots\" content=\"index, follow, max-snippet:-1, max-image-preview:large, max-video-preview:-1\" \/>\n<link rel=\"canonical\" href=\"https:\/\/denizcankizil.tr\/de\/haberler\/gundem\/ikiz-plakali-ticari-arac-bursa-polisine-yakalandi\/\" \/>\n<meta property=\"og:locale\" content=\"de_DE\" \/>\n<meta property=\"og:type\" content=\"article\" \/>\n<meta property=\"og:title\" content=\"\u0130kiz plakal\u0131 ticari ara\u00e7 Bursa polisine yakaland\u0131\" \/>\n<meta property=\"og:description\" content=\"Bursa&#8217;da plaka tan\u0131ma sistemine tak\u0131larak uyar\u0131 veren ikiz plakal\u0131 ara\u00e7 Orhangazi il\u00e7e emniyetine ba\u011fl\u0131 trafik ekipleri taraf\u0131ndan ana yol \u00fczerinde durduruldu. Yap\u0131lan incelemede, \u00fczerinde ki plakan\u0131n ayn\u0131 marka ba\u015fka bir araca ait oldu\u011fu tespit edilen kamyonet otoparka \u00e7ekildi.Fatih MISIR &#8211; Bursada Bug\u00fcn \/ BURSA (\u0130GFA) &#8211;\u00a0Olay Bursa &#8211; Yalova yolu \u00fczeri Orhangazi \u0130znik \u0131\u015f\u0131klar\u0131nda meydana geldi. Al\u0131nan bilgilere g\u00f6re yollarda bulunan plaka tan\u0131ma sistemine ikiz plakal\u0131 ara\u00e7 olarak ihbar\u0131 d\u00fc\u015fen bir kamyonet, Orhangazi il\u00e7esi\u00a0\u00a0Yalova yolu \u00fczerinde il\u00e7e emniyetine ba\u011fl\u0131 trafik ekipleri taraf\u0131ndan durduruldu. Kamyonet \u00fczerinde yap\u0131lan incelemede \u00fczerinde bulunan plakan\u0131n ayn\u0131 marka ve model ba\u015fka bir araca ait oldu\u011fu tespit edilince, \u00fczerinde ki plakan\u0131n kendisine ait olmad\u0131\u011f\u0131 anla\u015f\u0131lan kamyonet ekipler taraf\u0131ndan otoparka \u00e7ektirildi, kamyonet \u015fof\u00f6r\u00fc ise ekipler taraf\u0131ndan ifadesi al\u0131nmak \u00fczere il\u00e7e emniyetine g\u00f6t\u00fcr\u00fcld\u00fc. Olayla ilgili soru\u015fturma s\u00fcr\u00fcyor. \u0130kiz plakal\u0131 ara\u00e7 nedir?\u00a0 M\u00fckerrer plaka olarak da bilinen ikiz plaka,\u00a0bir araca ait tescilli plakan\u0131n kopya edilerek ba\u015fka bir araca tak\u0131lmas\u0131\u00a0demektir. Bunun sonucu olarak ayn\u0131 plakaya sahip birden \u00e7ok ara\u00e7 olur. E\u011fer bir ki\u015fi\u00a0ikiz plaka\u00a0kullaniyor yahut ara\u00e7 \u015fase numaras\u0131nda oynama yaparak sahte belgelerle yeniden tescil sa\u011flayarak sahte bir\u00a0plaka\u00a0kullan\u0131yor ise idari para cezas\u0131n\u0131n yani s\u0131ra TCK 204. Maddesi geregince de cezaland\u0131r\u0131lacakt\u0131r. \u200bBursa&#8217;da plaka tan\u0131ma sistemine tak\u0131larak uyar\u0131 veren ikiz plakal\u0131 ara\u00e7 Orhangazi il\u00e7e &hellip;\" \/>\n<meta property=\"og:url\" content=\"https:\/\/denizcankizil.tr\/de\/haberler\/gundem\/ikiz-plakali-ticari-arac-bursa-polisine-yakalandi\/\" \/>\n<meta property=\"og:site_name\" content=\"Av. Deniz Can K\u0131z\u0131l\" \/>\n<meta property=\"article:published_time\" content=\"2024-11-27T14:41:49+00:00\" \/>\n<meta name=\"twitter:card\" content=\"summary_large_image\" \/>\n<meta name=\"twitter:label1\" content=\"Gesch\u00e4tzte Lesezeit\" \/>\n\t<meta name=\"twitter:data1\" content=\"2\u00a0Minuten\" \/>\n<script type=\"application\/ld+json\" class=\"yoast-schema-graph\">{\"@context\":\"https:\/\/schema.org\",\"@graph\":[{\"@type\":\"Article\",\"@id\":\"https:\/\/denizcankizil.tr\/de\/haberler\/gundem\/ikiz-plakali-ticari-arac-bursa-polisine-yakalandi\/#article\",\"isPartOf\":{\"@id\":\"https:\/\/denizcankizil.tr\/de\/haberler\/gundem\/ikiz-plakali-ticari-arac-bursa-polisine-yakalandi\/\"},\"author\":{\"name\":\"\",\"@id\":\"\"},\"headline\":\"\u0130kiz plakal\u0131 ticari ara\u00e7 Bursa polisine yakaland\u0131\",\"datePublished\":\"2024-11-27T14:41:49+00:00\",\"mainEntityOfPage\":{\"@id\":\"https:\/\/denizcankizil.tr\/de\/haberler\/gundem\/ikiz-plakali-ticari-arac-bursa-polisine-yakalandi\/\"},\"wordCount\":310,\"commentCount\":0,\"publisher\":{\"@id\":\"https:\/\/denizcankizil.tr\/#organization\"},\"articleSection\":[\"G\u00fcndem\",\"Uncategorized\"],\"inLanguage\":\"de\",\"potentialAction\":[{\"@type\":\"CommentAction\",\"name\":\"Comment\",\"target\":[\"https:\/\/denizcankizil.tr\/de\/haberler\/gundem\/ikiz-plakali-ticari-arac-bursa-polisine-yakalandi\/#respond\"]}]},{\"@type\":\"WebPage\",\"@id\":\"https:\/\/denizcankizil.tr\/de\/haberler\/gundem\/ikiz-plakali-ticari-arac-bursa-polisine-yakalandi\/\",\"url\":\"https:\/\/denizcankizil.tr\/de\/haberler\/gundem\/ikiz-plakali-ticari-arac-bursa-polisine-yakalandi\/\",\"name\":\"\u0130kiz plakal\u0131 ticari ara\u00e7 Bursa polisine yakaland\u0131 - Av. Deniz Can K\u0131z\u0131l\",\"isPartOf\":{\"@id\":\"https:\/\/denizcankizil.tr\/#website\"},\"datePublished\":\"2024-11-27T14:41:49+00:00\",\"breadcrumb\":{\"@id\":\"https:\/\/denizcankizil.tr\/de\/haberler\/gundem\/ikiz-plakali-ticari-arac-bursa-polisine-yakalandi\/#breadcrumb\"},\"inLanguage\":\"de\",\"potentialAction\":[{\"@type\":\"ReadAction\",\"target\":[\"https:\/\/denizcankizil.tr\/de\/haberler\/gundem\/ikiz-plakali-ticari-arac-bursa-polisine-yakalandi\/\"]}]},{\"@type\":\"BreadcrumbList\",\"@id\":\"https:\/\/denizcankizil.tr\/de\/haberler\/gundem\/ikiz-plakali-ticari-arac-bursa-polisine-yakalandi\/#breadcrumb\",\"itemListElement\":[{\"@type\":\"ListItem\",\"position\":1,\"name\":\"Home\",\"item\":\"https:\/\/denizcankizil.tr\/de\/\"},{\"@type\":\"ListItem\",\"position\":2,\"name\":\"\u0130kiz plakal\u0131 ticari ara\u00e7 Bursa polisine yakaland\u0131\"}]},{\"@type\":\"WebSite\",\"@id\":\"https:\/\/denizcankizil.tr\/#website\",\"url\":\"https:\/\/denizcankizil.tr\/\",\"name\":\"Av. Deniz Can K\u0131z\u0131l\",\"description\":\"Avukat Deniz Can K\u0131z\u0131l Antalya Barosu\",\"publisher\":{\"@id\":\"https:\/\/denizcankizil.tr\/#organization\"},\"potentialAction\":[{\"@type\":\"SearchAction\",\"target\":{\"@type\":\"EntryPoint\",\"urlTemplate\":\"https:\/\/denizcankizil.tr\/?s={search_term_string}\"},\"query-input\":{\"@type\":\"PropertyValueSpecification\",\"valueRequired\":true,\"valueName\":\"search_term_string\"}}],\"inLanguage\":\"de\"},{\"@type\":\"Organization\",\"@id\":\"https:\/\/denizcankizil.tr\/#organization\",\"name\":\"Av. Deniz Can K\u0131z\u0131l\",\"url\":\"https:\/\/denizcankizil.tr\/\",\"logo\":{\"@type\":\"ImageObject\",\"inLanguage\":\"de\",\"@id\":\"https:\/\/denizcankizil.tr\/#\/schema\/logo\/image\/\",\"url\":\"https:\/\/denizcankizil.tr\/wp-content\/uploads\/2024\/10\/siyah-logo-svg.svg\",\"contentUrl\":\"https:\/\/denizcankizil.tr\/wp-content\/uploads\/2024\/10\/siyah-logo-svg.svg\",\"width\":1080,\"height\":1080,\"caption\":\"Av. Deniz Can K\u0131z\u0131l\"},\"image\":{\"@id\":\"https:\/\/denizcankizil.tr\/#\/schema\/logo\/image\/\"}}]}<\/script>\n<!-- \/ Yoast SEO Premium plugin. -->","yoast_head_json":{"title":"\u0130kiz plakal\u0131 ticari ara\u00e7 Bursa polisine yakaland\u0131 - Av. Deniz Can K\u0131z\u0131l","robots":{"index":"index","follow":"follow","max-snippet":"max-snippet:-1","max-image-preview":"max-image-preview:large","max-video-preview":"max-video-preview:-1"},"canonical":"https:\/\/denizcankizil.tr\/de\/haberler\/gundem\/ikiz-plakali-ticari-arac-bursa-polisine-yakalandi\/","og_locale":"de_DE","og_type":"article","og_title":"\u0130kiz plakal\u0131 ticari ara\u00e7 Bursa polisine yakaland\u0131","og_description":"Bursa&#8217;da plaka tan\u0131ma sistemine tak\u0131larak uyar\u0131 veren ikiz plakal\u0131 ara\u00e7 Orhangazi il\u00e7e emniyetine ba\u011fl\u0131 trafik ekipleri taraf\u0131ndan ana yol \u00fczerinde durduruldu. Yap\u0131lan incelemede, \u00fczerinde ki plakan\u0131n ayn\u0131 marka ba\u015fka bir araca ait oldu\u011fu tespit edilen kamyonet otoparka \u00e7ekildi.Fatih MISIR &#8211; Bursada Bug\u00fcn \/ BURSA (\u0130GFA) &#8211;\u00a0Olay Bursa &#8211; Yalova yolu \u00fczeri Orhangazi \u0130znik \u0131\u015f\u0131klar\u0131nda meydana geldi. Al\u0131nan bilgilere g\u00f6re yollarda bulunan plaka tan\u0131ma sistemine ikiz plakal\u0131 ara\u00e7 olarak ihbar\u0131 d\u00fc\u015fen bir kamyonet, Orhangazi il\u00e7esi\u00a0\u00a0Yalova yolu \u00fczerinde il\u00e7e emniyetine ba\u011fl\u0131 trafik ekipleri taraf\u0131ndan durduruldu. Kamyonet \u00fczerinde yap\u0131lan incelemede \u00fczerinde bulunan plakan\u0131n ayn\u0131 marka ve model ba\u015fka bir araca ait oldu\u011fu tespit edilince, \u00fczerinde ki plakan\u0131n kendisine ait olmad\u0131\u011f\u0131 anla\u015f\u0131lan kamyonet ekipler taraf\u0131ndan otoparka \u00e7ektirildi, kamyonet \u015fof\u00f6r\u00fc ise ekipler taraf\u0131ndan ifadesi al\u0131nmak \u00fczere il\u00e7e emniyetine g\u00f6t\u00fcr\u00fcld\u00fc. Olayla ilgili soru\u015fturma s\u00fcr\u00fcyor. \u0130kiz plakal\u0131 ara\u00e7 nedir?\u00a0 M\u00fckerrer plaka olarak da bilinen ikiz plaka,\u00a0bir araca ait tescilli plakan\u0131n kopya edilerek ba\u015fka bir araca tak\u0131lmas\u0131\u00a0demektir. Bunun sonucu olarak ayn\u0131 plakaya sahip birden \u00e7ok ara\u00e7 olur. E\u011fer bir ki\u015fi\u00a0ikiz plaka\u00a0kullaniyor yahut ara\u00e7 \u015fase numaras\u0131nda oynama yaparak sahte belgelerle yeniden tescil sa\u011flayarak sahte bir\u00a0plaka\u00a0kullan\u0131yor ise idari para cezas\u0131n\u0131n yani s\u0131ra TCK 204. Maddesi geregince de cezaland\u0131r\u0131lacakt\u0131r. \u200bBursa&#8217;da plaka tan\u0131ma sistemine tak\u0131larak uyar\u0131 veren ikiz plakal\u0131 ara\u00e7 Orhangazi il\u00e7e &hellip;","og_url":"https:\/\/denizcankizil.tr\/de\/haberler\/gundem\/ikiz-plakali-ticari-arac-bursa-polisine-yakalandi\/","og_site_name":"Av. Deniz Can K\u0131z\u0131l","article_published_time":"2024-11-27T14:41:49+00:00","twitter_card":"summary_large_image","twitter_misc":{"Gesch\u00e4tzte Lesezeit":"2\u00a0Minuten"},"schema":{"@context":"https:\/\/schema.org","@graph":[{"@type":"Article","@id":"https:\/\/denizcankizil.tr\/de\/haberler\/gundem\/ikiz-plakali-ticari-arac-bursa-polisine-yakalandi\/#article","isPartOf":{"@id":"https:\/\/denizcankizil.tr\/de\/haberler\/gundem\/ikiz-plakali-ticari-arac-bursa-polisine-yakalandi\/"},"author":{"name":"","@id":""},"headline":"\u0130kiz plakal\u0131 ticari ara\u00e7 Bursa polisine yakaland\u0131","datePublished":"2024-11-27T14:41:49+00:00","mainEntityOfPage":{"@id":"https:\/\/denizcankizil.tr\/de\/haberler\/gundem\/ikiz-plakali-ticari-arac-bursa-polisine-yakalandi\/"},"wordCount":310,"commentCount":0,"publisher":{"@id":"https:\/\/denizcankizil.tr\/#organization"},"articleSection":["G\u00fcndem","Uncategorized"],"inLanguage":"de","potentialAction":[{"@type":"CommentAction","name":"Comment","target":["https:\/\/denizcankizil.tr\/de\/haberler\/gundem\/ikiz-plakali-ticari-arac-bursa-polisine-yakalandi\/#respond"]}]},{"@type":"WebPage","@id":"https:\/\/denizcankizil.tr\/de\/haberler\/gundem\/ikiz-plakali-ticari-arac-bursa-polisine-yakalandi\/","url":"https:\/\/denizcankizil.tr\/de\/haberler\/gundem\/ikiz-plakali-ticari-arac-bursa-polisine-yakalandi\/","name":"\u0130kiz plakal\u0131 ticari ara\u00e7 Bursa polisine yakaland\u0131 - Av. Deniz Can K\u0131z\u0131l","isPartOf":{"@id":"https:\/\/denizcankizil.tr\/#website"},"datePublished":"2024-11-27T14:41:49+00:00","breadcrumb":{"@id":"https:\/\/denizcankizil.tr\/de\/haberler\/gundem\/ikiz-plakali-ticari-arac-bursa-polisine-yakalandi\/#breadcrumb"},"inLanguage":"de","potentialAction":[{"@type":"ReadAction","target":["https:\/\/denizcankizil.tr\/de\/haberler\/gundem\/ikiz-plakali-ticari-arac-bursa-polisine-yakalandi\/"]}]},{"@type":"BreadcrumbList","@id":"https:\/\/denizcankizil.tr\/de\/haberler\/gundem\/ikiz-plakali-ticari-arac-bursa-polisine-yakalandi\/#breadcrumb","itemListElement":[{"@type":"ListItem","position":1,"name":"Home","item":"https:\/\/denizcankizil.tr\/de\/"},{"@type":"ListItem","position":2,"name":"\u0130kiz plakal\u0131 ticari ara\u00e7 Bursa polisine yakaland\u0131"}]},{"@type":"WebSite","@id":"https:\/\/denizcankizil.tr\/#website","url":"https:\/\/denizcankizil.tr\/","name":"Av. Deniz Can K\u0131z\u0131l","description":"Avukat Deniz Can K\u0131z\u0131l Antalya Barosu","publisher":{"@id":"https:\/\/denizcankizil.tr\/#organization"},"potentialAction":[{"@type":"SearchAction","target":{"@type":"EntryPoint","urlTemplate":"https:\/\/denizcankizil.tr\/?s={search_term_string}"},"query-input":{"@type":"PropertyValueSpecification","valueRequired":true,"valueName":"search_term_string"}}],"inLanguage":"de"},{"@type":"Organization","@id":"https:\/\/denizcankizil.tr\/#organization","name":"Av. Deniz Can K\u0131z\u0131l","url":"https:\/\/denizcankizil.tr\/","logo":{"@type":"ImageObject","inLanguage":"de","@id":"https:\/\/denizcankizil.tr\/#\/schema\/logo\/image\/","url":"https:\/\/denizcankizil.tr\/wp-content\/uploads\/2024\/10\/siyah-logo-svg.svg","contentUrl":"https:\/\/denizcankizil.tr\/wp-content\/uploads\/2024\/10\/siyah-logo-svg.svg","width":1080,"height":1080,"caption":"Av. Deniz Can K\u0131z\u0131l"},"image":{"@id":"https:\/\/denizcankizil.tr\/#\/schema\/logo\/image\/"}}]}},"_links":{"self":[{"href":"https:\/\/denizcankizil.tr\/de\/wp-json\/wp\/v2\/posts\/17981","targetHints":{"allow":["GET"]}}],"collection":[{"href":"https:\/\/denizcankizil.tr\/de\/wp-json\/wp\/v2\/posts"}],"about":[{"href":"https:\/\/denizcankizil.tr\/de\/wp-json\/wp\/v2\/types\/post"}],"replies":[{"embeddable":true,"href":"https:\/\/denizcankizil.tr\/de\/wp-json\/wp\/v2\/comments?post=17981"}],"version-history":[{"count":0,"href":"https:\/\/denizcankizil.tr\/de\/wp-json\/wp\/v2\/posts\/17981\/revisions"}],"wp:attachment":[{"href":"https:\/\/denizcankizil.tr\/de\/wp-json\/wp\/v2\/media?parent=17981"}],"wp:term":[{"taxonomy":"category","embeddable":true,"href":"https:\/\/denizcankizil.tr\/de\/wp-json\/wp\/v2\/categories?post=17981"},{"taxonomy":"post_tag","embeddable":true,"href":"https:\/\/denizcankizil.tr\/de\/wp-json\/wp\/v2\/tags?post=17981"}],"curies":[{"name":"wp","href":"https:\/\/api.w.org\/{rel}","templated":true}]}}