{"id":17976,"date":"2024-11-27T17:41:47","date_gmt":"2024-11-27T14:41:47","guid":{"rendered":"https:\/\/denizcankizil.tr\/uncategorized-tr\/hoskubbe-millet-kutuphanesi-en-ozel-konuklarini-agirladi\/"},"modified":"2024-11-27T17:41:47","modified_gmt":"2024-11-27T14:41:47","slug":"hoskubbe-millet-kutuphanesi-en-ozel-konuklarini-agirladi","status":"publish","type":"post","link":"https:\/\/denizcankizil.tr\/de\/haberler\/gundem\/hoskubbe-millet-kutuphanesi-en-ozel-konuklarini-agirladi\/","title":{"rendered":"Ho\u015fkubbe Millet K\u00fct\u00fcphanesi en \u00f6zel konuklar\u0131n\u0131 a\u011f\u0131rlad\u0131"},"content":{"rendered":"<p>Konya Valisi \u0130brahim Ak\u0131n\u2019\u0131n e\u015fi Saliha Ak\u0131n; Vali Yard\u0131mc\u0131s\u0131 Fatmag\u00fcl Dalm\u0131\u015f ile birlikte Sevgi Evleri\u2019ndeki \u00e7ocuklar ile \u015fehit ve gazilerin \u00e7ocuklar\u0131 Ho\u015fkubbe Millet K\u00fct\u00fcphanesi\u2019ni ziyaret ettiler.KONYA (\u0130GFA) &#8211;\u00a0Karatay Ho\u015fkubbe Millet K\u00fct\u00fcphanesi\u2019nin hayata ge\u00e7i\u015f s\u00fcrecinin yan\u0131 s\u0131ra proje hakk\u0131nda konuklar\u0131na bilgi veren Ba\u015fkan Hasan K\u0131lca, misafirleriyle tek tek ilgilendi onlarla birlikte kitap okudu. K\u00fct\u00fcphaneyi inceleme f\u0131rsat\u0131 bulan Konya Valisi \u0130brahim Ak\u0131n\u2019\u0131n e\u015fi ise Saliha Ak\u0131n, \u00f6zel ve \u00f6zg\u00fcn mimari \u00f6zellikleriyle tasarlanan proje i\u00e7in Hasan K\u0131lca\u2019ya te\u015fekk\u00fcr etti.\u00a0<br \/>\nGELECE\u011e\u0130M\u0130ZE KATKI \u0130\u00c7\u0130N VAR G\u00dcC\u00dcM\u00dcZLE \u00c7ALI\u015eIYORUZ<br \/>\nKaratay Belediye Ba\u015fkan\u0131 Hasan K\u0131lca, ziyaretlerinden dolay\u0131 Konya Valisi \u0130brahim Ak\u0131n\u2019\u0131n e\u015fi Saliha Ak\u0131n\u2019a, Vali Yard\u0131mc\u0131s\u0131 Fatmag\u00fcl Dalm\u0131\u015f\u2019a, Sevgi Evleri\u2019nde kalan \u00e7ocuklar\u0131n yan\u0131 s\u0131ra \u015fehit ve gazilerin \u00e7ocuklar\u0131na te\u015fekk\u00fcr ederek; \u201cKaratay Belediyesi olarak gen\u00e7lerimizin e\u011fitimine ve gelece\u011fine katk\u0131 sa\u011flamak i\u00e7in var g\u00fcc\u00fcm\u00fczle \u00e7al\u0131\u015f\u0131yoruz. Karatay Ho\u015fkubbe Millet K\u00fct\u00fcphanesi de bu \u00e7abalar\u0131m\u0131z\u0131n g\u00fczel bir meyvesi. Say\u0131n Valimizin de\u011ferli e\u015fi Saliha Ak\u0131n Han\u0131mefendiye ve minik konuklar\u0131m\u0131za \u00e7ok te\u015fekk\u00fcr ediyorum\u201d dedi.<br \/>\nHO\u015eKUBBE M\u0130LLET K\u00dcT\u00dcPHANES\u0130\u2019NDE ONL\u0130NE REZERVASYON D\u00d6NEM\u0130<br \/>\n\u00d6te yandan a\u00e7\u0131ld\u0131\u011f\u0131 g\u00fcnden bu yana b\u00fcy\u00fck ilgi g\u00f6ren Karatay Ho\u015fkubbe Millet K\u00fct\u00fcphanesi&#8217;nde online rezervasyon d\u00f6nemi de ba\u015flad\u0131. Online rezervasyon sistemi ile \u00f6zellikle s\u0131nav d\u00f6nemlerinde artan yo\u011funlukta, \u00f6\u011frencilerin k\u00fct\u00fcphaneyi e\u015fit \u015fekilde kullanabilecek. Online rezervasyon i\u00e7in gen\u00e7ler, \u201cYan\u0131ba\u015f\u0131mda Karatay\u201d mobil uygulamas\u0131n\u0131n \u201cK\u00fct\u00fcphaneler\u201d b\u00f6l\u00fcm\u00fcnden \u201cRezervasyon Yap\u201da t\u0131klayarak rezervasyon olu\u015fturabilecek.\u00a0<\/p>\n<p>\u200bKonya Valisi \u0130brahim Ak\u0131n\u2019\u0131n e\u015fi Saliha Ak\u0131n; Vali Yard\u0131mc\u0131s\u0131 Fatmag\u00fcl Dalm\u0131\u015f ile birlikte Sevgi Evleri\u2019ndeki \u00e7ocuklar ile \u015fehit ve gazilerin \u00e7ocuklar\u0131 Ho\u015fkubbe Millet K\u00fct\u00fcphanesi\u2019ni ziyaret ettiler\u00a0<\/p>\n<p>\u200bHaberin Al\u0131nt\u0131land\u0131\u011f\u0131 Kaynak: www.iskenderun.org<\/p>","protected":false},"excerpt":{"rendered":"<p>Konya Valisi \u0130brahim Ak\u0131n\u2019\u0131n e\u015fi Saliha Ak\u0131n; Vali Yard\u0131mc\u0131s\u0131 Fatmag\u00fcl Dalm\u0131\u015f ile birlikte Sevgi Evleri\u2019ndeki \u00e7ocuklar ile \u015fehit ve gazilerin \u00e7ocuklar\u0131 Ho\u015fkubbe Millet K\u00fct\u00fcphanesi\u2019ni ziyaret ettiler.KONYA (\u0130GFA) &#8211;\u00a0Karatay Ho\u015fkubbe Millet K\u00fct\u00fcphanesi\u2019nin hayata ge\u00e7i\u015f s\u00fcrecinin yan\u0131 s\u0131ra proje hakk\u0131nda konuklar\u0131na bilgi veren Ba\u015fkan Hasan K\u0131lca, misafirleriyle tek tek ilgilendi onlarla birlikte kitap okudu. K\u00fct\u00fcphaneyi inceleme f\u0131rsat\u0131 bulan Konya Valisi \u0130brahim Ak\u0131n\u2019\u0131n e\u015fi ise Saliha Ak\u0131n, \u00f6zel ve \u00f6zg\u00fcn mimari \u00f6zellikleriyle tasarlanan proje i\u00e7in Hasan K\u0131lca\u2019ya te\u015fekk\u00fcr etti.\u00a0 GELECE\u011e\u0130M\u0130ZE KATKI \u0130\u00c7\u0130N VAR G\u00dcC\u00dcM\u00dcZLE \u00c7ALI\u015eIYORUZ Karatay Belediye Ba\u015fkan\u0131 Hasan K\u0131lca, ziyaretlerinden dolay\u0131 Konya Valisi \u0130brahim Ak\u0131n\u2019\u0131n e\u015fi Saliha Ak\u0131n\u2019a, Vali Yard\u0131mc\u0131s\u0131 Fatmag\u00fcl Dalm\u0131\u015f\u2019a, Sevgi Evleri\u2019nde kalan \u00e7ocuklar\u0131n yan\u0131 s\u0131ra \u015fehit ve gazilerin \u00e7ocuklar\u0131na te\u015fekk\u00fcr ederek; \u201cKaratay Belediyesi olarak gen\u00e7lerimizin e\u011fitimine ve gelece\u011fine katk\u0131 sa\u011flamak i\u00e7in var g\u00fcc\u00fcm\u00fczle \u00e7al\u0131\u015f\u0131yoruz. Karatay Ho\u015fkubbe Millet K\u00fct\u00fcphanesi de bu \u00e7abalar\u0131m\u0131z\u0131n g\u00fczel bir meyvesi. Say\u0131n Valimizin de\u011ferli e\u015fi Saliha Ak\u0131n Han\u0131mefendiye ve minik konuklar\u0131m\u0131za \u00e7ok te\u015fekk\u00fcr ediyorum\u201d dedi. HO\u015eKUBBE M\u0130LLET K\u00dcT\u00dcPHANES\u0130\u2019NDE ONL\u0130NE REZERVASYON D\u00d6NEM\u0130 \u00d6te yandan a\u00e7\u0131ld\u0131\u011f\u0131 g\u00fcnden bu yana b\u00fcy\u00fck ilgi g\u00f6ren Karatay Ho\u015fkubbe Millet K\u00fct\u00fcphanesi&#8217;nde online rezervasyon d\u00f6nemi de ba\u015flad\u0131. Online rezervasyon sistemi ile \u00f6zellikle s\u0131nav d\u00f6nemlerinde artan yo\u011funlukta, \u00f6\u011frencilerin k\u00fct\u00fcphaneyi e\u015fit \u015fekilde kullanabilecek. Online rezervasyon i\u00e7in gen\u00e7ler, \u201cYan\u0131ba\u015f\u0131mda Karatay\u201d mobil uygulamas\u0131n\u0131n \u201cK\u00fct\u00fcphaneler\u201d b\u00f6l\u00fcm\u00fcnden \u201cRezervasyon Yap\u201da t\u0131klayarak &hellip;<\/p>","protected":false},"author":0,"featured_media":0,"comment_status":"open","ping_status":"open","sticky":false,"template":"","format":"standard","meta":{"_acf_changed":false,"footnotes":""},"categories":[24,535],"tags":[],"class_list":["post-17976","post","type-post","status-publish","format-standard","has-post-thumbnail","hentry","category-gundem","category-uncategorized-tr"],"acf":[],"yoast_head":"<!-- This site is optimized with the Yoast SEO Premium plugin v26.6 (Yoast SEO v27.1.1) - https:\/\/yoast.com\/product\/yoast-seo-premium-wordpress\/ -->\n<title>Ho\u015fkubbe Millet K\u00fct\u00fcphanesi en \u00f6zel konuklar\u0131n\u0131 a\u011f\u0131rlad\u0131 - Av. Deniz Can K\u0131z\u0131l<\/title>\n<meta name=\"robots\" content=\"index, follow, max-snippet:-1, max-image-preview:large, max-video-preview:-1\" \/>\n<link rel=\"canonical\" href=\"https:\/\/denizcankizil.tr\/de\/haberler\/gundem\/hoskubbe-millet-kutuphanesi-en-ozel-konuklarini-agirladi\/\" \/>\n<meta property=\"og:locale\" content=\"de_DE\" \/>\n<meta property=\"og:type\" content=\"article\" \/>\n<meta property=\"og:title\" content=\"Ho\u015fkubbe Millet K\u00fct\u00fcphanesi en \u00f6zel konuklar\u0131n\u0131 a\u011f\u0131rlad\u0131\" \/>\n<meta property=\"og:description\" content=\"Konya Valisi \u0130brahim Ak\u0131n\u2019\u0131n e\u015fi Saliha Ak\u0131n; Vali Yard\u0131mc\u0131s\u0131 Fatmag\u00fcl Dalm\u0131\u015f ile birlikte Sevgi Evleri\u2019ndeki \u00e7ocuklar ile \u015fehit ve gazilerin \u00e7ocuklar\u0131 Ho\u015fkubbe Millet K\u00fct\u00fcphanesi\u2019ni ziyaret ettiler.KONYA (\u0130GFA) &#8211;\u00a0Karatay Ho\u015fkubbe Millet K\u00fct\u00fcphanesi\u2019nin hayata ge\u00e7i\u015f s\u00fcrecinin yan\u0131 s\u0131ra proje hakk\u0131nda konuklar\u0131na bilgi veren Ba\u015fkan Hasan K\u0131lca, misafirleriyle tek tek ilgilendi onlarla birlikte kitap okudu. K\u00fct\u00fcphaneyi inceleme f\u0131rsat\u0131 bulan Konya Valisi \u0130brahim Ak\u0131n\u2019\u0131n e\u015fi ise Saliha Ak\u0131n, \u00f6zel ve \u00f6zg\u00fcn mimari \u00f6zellikleriyle tasarlanan proje i\u00e7in Hasan K\u0131lca\u2019ya te\u015fekk\u00fcr etti.\u00a0 GELECE\u011e\u0130M\u0130ZE KATKI \u0130\u00c7\u0130N VAR G\u00dcC\u00dcM\u00dcZLE \u00c7ALI\u015eIYORUZ Karatay Belediye Ba\u015fkan\u0131 Hasan K\u0131lca, ziyaretlerinden dolay\u0131 Konya Valisi \u0130brahim Ak\u0131n\u2019\u0131n e\u015fi Saliha Ak\u0131n\u2019a, Vali Yard\u0131mc\u0131s\u0131 Fatmag\u00fcl Dalm\u0131\u015f\u2019a, Sevgi Evleri\u2019nde kalan \u00e7ocuklar\u0131n yan\u0131 s\u0131ra \u015fehit ve gazilerin \u00e7ocuklar\u0131na te\u015fekk\u00fcr ederek; \u201cKaratay Belediyesi olarak gen\u00e7lerimizin e\u011fitimine ve gelece\u011fine katk\u0131 sa\u011flamak i\u00e7in var g\u00fcc\u00fcm\u00fczle \u00e7al\u0131\u015f\u0131yoruz. Karatay Ho\u015fkubbe Millet K\u00fct\u00fcphanesi de bu \u00e7abalar\u0131m\u0131z\u0131n g\u00fczel bir meyvesi. Say\u0131n Valimizin de\u011ferli e\u015fi Saliha Ak\u0131n Han\u0131mefendiye ve minik konuklar\u0131m\u0131za \u00e7ok te\u015fekk\u00fcr ediyorum\u201d dedi. HO\u015eKUBBE M\u0130LLET K\u00dcT\u00dcPHANES\u0130\u2019NDE ONL\u0130NE REZERVASYON D\u00d6NEM\u0130 \u00d6te yandan a\u00e7\u0131ld\u0131\u011f\u0131 g\u00fcnden bu yana b\u00fcy\u00fck ilgi g\u00f6ren Karatay Ho\u015fkubbe Millet K\u00fct\u00fcphanesi&#8217;nde online rezervasyon d\u00f6nemi de ba\u015flad\u0131. Online rezervasyon sistemi ile \u00f6zellikle s\u0131nav d\u00f6nemlerinde artan yo\u011funlukta, \u00f6\u011frencilerin k\u00fct\u00fcphaneyi e\u015fit \u015fekilde kullanabilecek. Online rezervasyon i\u00e7in gen\u00e7ler, \u201cYan\u0131ba\u015f\u0131mda Karatay\u201d mobil uygulamas\u0131n\u0131n \u201cK\u00fct\u00fcphaneler\u201d b\u00f6l\u00fcm\u00fcnden \u201cRezervasyon Yap\u201da t\u0131klayarak &hellip;\" \/>\n<meta property=\"og:url\" content=\"https:\/\/denizcankizil.tr\/de\/haberler\/gundem\/hoskubbe-millet-kutuphanesi-en-ozel-konuklarini-agirladi\/\" \/>\n<meta property=\"og:site_name\" content=\"Av. Deniz Can K\u0131z\u0131l\" \/>\n<meta property=\"article:published_time\" content=\"2024-11-27T14:41:47+00:00\" \/>\n<meta name=\"twitter:card\" content=\"summary_large_image\" \/>\n<meta name=\"twitter:label1\" content=\"Gesch\u00e4tzte Lesezeit\" \/>\n\t<meta name=\"twitter:data1\" content=\"2\u00a0Minuten\" \/>\n<script type=\"application\/ld+json\" class=\"yoast-schema-graph\">{\"@context\":\"https:\/\/schema.org\",\"@graph\":[{\"@type\":\"Article\",\"@id\":\"https:\/\/denizcankizil.tr\/de\/haberler\/gundem\/hoskubbe-millet-kutuphanesi-en-ozel-konuklarini-agirladi\/#article\",\"isPartOf\":{\"@id\":\"https:\/\/denizcankizil.tr\/de\/haberler\/gundem\/hoskubbe-millet-kutuphanesi-en-ozel-konuklarini-agirladi\/\"},\"author\":{\"name\":\"\",\"@id\":\"\"},\"headline\":\"Ho\u015fkubbe Millet K\u00fct\u00fcphanesi en \u00f6zel konuklar\u0131n\u0131 a\u011f\u0131rlad\u0131\",\"datePublished\":\"2024-11-27T14:41:47+00:00\",\"mainEntityOfPage\":{\"@id\":\"https:\/\/denizcankizil.tr\/de\/haberler\/gundem\/hoskubbe-millet-kutuphanesi-en-ozel-konuklarini-agirladi\/\"},\"wordCount\":384,\"commentCount\":0,\"publisher\":{\"@id\":\"https:\/\/denizcankizil.tr\/de\/#organization\"},\"articleSection\":[\"G\u00fcndem\",\"Uncategorized\"],\"inLanguage\":\"de\",\"potentialAction\":[{\"@type\":\"CommentAction\",\"name\":\"Comment\",\"target\":[\"https:\/\/denizcankizil.tr\/de\/haberler\/gundem\/hoskubbe-millet-kutuphanesi-en-ozel-konuklarini-agirladi\/#respond\"]}]},{\"@type\":\"WebPage\",\"@id\":\"https:\/\/denizcankizil.tr\/de\/haberler\/gundem\/hoskubbe-millet-kutuphanesi-en-ozel-konuklarini-agirladi\/\",\"url\":\"https:\/\/denizcankizil.tr\/de\/haberler\/gundem\/hoskubbe-millet-kutuphanesi-en-ozel-konuklarini-agirladi\/\",\"name\":\"Ho\u015fkubbe Millet K\u00fct\u00fcphanesi en \u00f6zel konuklar\u0131n\u0131 a\u011f\u0131rlad\u0131 - Av. Deniz Can K\u0131z\u0131l\",\"isPartOf\":{\"@id\":\"https:\/\/denizcankizil.tr\/de\/#website\"},\"datePublished\":\"2024-11-27T14:41:47+00:00\",\"breadcrumb\":{\"@id\":\"https:\/\/denizcankizil.tr\/de\/haberler\/gundem\/hoskubbe-millet-kutuphanesi-en-ozel-konuklarini-agirladi\/#breadcrumb\"},\"inLanguage\":\"de\",\"potentialAction\":[{\"@type\":\"ReadAction\",\"target\":[\"https:\/\/denizcankizil.tr\/de\/haberler\/gundem\/hoskubbe-millet-kutuphanesi-en-ozel-konuklarini-agirladi\/\"]}]},{\"@type\":\"BreadcrumbList\",\"@id\":\"https:\/\/denizcankizil.tr\/de\/haberler\/gundem\/hoskubbe-millet-kutuphanesi-en-ozel-konuklarini-agirladi\/#breadcrumb\",\"itemListElement\":[{\"@type\":\"ListItem\",\"position\":1,\"name\":\"Home\",\"item\":\"https:\/\/denizcankizil.tr\/de\/\"},{\"@type\":\"ListItem\",\"position\":2,\"name\":\"Ho\u015fkubbe Millet K\u00fct\u00fcphanesi en \u00f6zel konuklar\u0131n\u0131 a\u011f\u0131rlad\u0131\"}]},{\"@type\":\"WebSite\",\"@id\":\"https:\/\/denizcankizil.tr\/de\/#website\",\"url\":\"https:\/\/denizcankizil.tr\/de\/\",\"name\":\"Av. Deniz Can K\u0131z\u0131l\",\"description\":\"Avukat Deniz Can K\u0131z\u0131l Antalya Barosu\",\"publisher\":{\"@id\":\"https:\/\/denizcankizil.tr\/de\/#organization\"},\"potentialAction\":[{\"@type\":\"SearchAction\",\"target\":{\"@type\":\"EntryPoint\",\"urlTemplate\":\"https:\/\/denizcankizil.tr\/de\/?s={search_term_string}\"},\"query-input\":{\"@type\":\"PropertyValueSpecification\",\"valueRequired\":true,\"valueName\":\"search_term_string\"}}],\"inLanguage\":\"de\"},{\"@type\":\"Organization\",\"@id\":\"https:\/\/denizcankizil.tr\/de\/#organization\",\"name\":\"Av. Deniz Can K\u0131z\u0131l\",\"url\":\"https:\/\/denizcankizil.tr\/de\/\",\"logo\":{\"@type\":\"ImageObject\",\"inLanguage\":\"de\",\"@id\":\"https:\/\/denizcankizil.tr\/de\/#\/schema\/logo\/image\/\",\"url\":\"https:\/\/denizcankizil.tr\/wp-content\/uploads\/2024\/10\/siyah-logo-svg.svg\",\"contentUrl\":\"https:\/\/denizcankizil.tr\/wp-content\/uploads\/2024\/10\/siyah-logo-svg.svg\",\"width\":1080,\"height\":1080,\"caption\":\"Av. Deniz Can K\u0131z\u0131l\"},\"image\":{\"@id\":\"https:\/\/denizcankizil.tr\/de\/#\/schema\/logo\/image\/\"}}]}<\/script>\n<!-- \/ Yoast SEO Premium plugin. -->","yoast_head_json":{"title":"Ho\u015fkubbe Millet K\u00fct\u00fcphanesi en \u00f6zel konuklar\u0131n\u0131 a\u011f\u0131rlad\u0131 - Av. Deniz Can K\u0131z\u0131l","robots":{"index":"index","follow":"follow","max-snippet":"max-snippet:-1","max-image-preview":"max-image-preview:large","max-video-preview":"max-video-preview:-1"},"canonical":"https:\/\/denizcankizil.tr\/de\/haberler\/gundem\/hoskubbe-millet-kutuphanesi-en-ozel-konuklarini-agirladi\/","og_locale":"de_DE","og_type":"article","og_title":"Ho\u015fkubbe Millet K\u00fct\u00fcphanesi en \u00f6zel konuklar\u0131n\u0131 a\u011f\u0131rlad\u0131","og_description":"Konya Valisi \u0130brahim Ak\u0131n\u2019\u0131n e\u015fi Saliha Ak\u0131n; Vali Yard\u0131mc\u0131s\u0131 Fatmag\u00fcl Dalm\u0131\u015f ile birlikte Sevgi Evleri\u2019ndeki \u00e7ocuklar ile \u015fehit ve gazilerin \u00e7ocuklar\u0131 Ho\u015fkubbe Millet K\u00fct\u00fcphanesi\u2019ni ziyaret ettiler.KONYA (\u0130GFA) &#8211;\u00a0Karatay Ho\u015fkubbe Millet K\u00fct\u00fcphanesi\u2019nin hayata ge\u00e7i\u015f s\u00fcrecinin yan\u0131 s\u0131ra proje hakk\u0131nda konuklar\u0131na bilgi veren Ba\u015fkan Hasan K\u0131lca, misafirleriyle tek tek ilgilendi onlarla birlikte kitap okudu. K\u00fct\u00fcphaneyi inceleme f\u0131rsat\u0131 bulan Konya Valisi \u0130brahim Ak\u0131n\u2019\u0131n e\u015fi ise Saliha Ak\u0131n, \u00f6zel ve \u00f6zg\u00fcn mimari \u00f6zellikleriyle tasarlanan proje i\u00e7in Hasan K\u0131lca\u2019ya te\u015fekk\u00fcr etti.\u00a0 GELECE\u011e\u0130M\u0130ZE KATKI \u0130\u00c7\u0130N VAR G\u00dcC\u00dcM\u00dcZLE \u00c7ALI\u015eIYORUZ Karatay Belediye Ba\u015fkan\u0131 Hasan K\u0131lca, ziyaretlerinden dolay\u0131 Konya Valisi \u0130brahim Ak\u0131n\u2019\u0131n e\u015fi Saliha Ak\u0131n\u2019a, Vali Yard\u0131mc\u0131s\u0131 Fatmag\u00fcl Dalm\u0131\u015f\u2019a, Sevgi Evleri\u2019nde kalan \u00e7ocuklar\u0131n yan\u0131 s\u0131ra \u015fehit ve gazilerin \u00e7ocuklar\u0131na te\u015fekk\u00fcr ederek; \u201cKaratay Belediyesi olarak gen\u00e7lerimizin e\u011fitimine ve gelece\u011fine katk\u0131 sa\u011flamak i\u00e7in var g\u00fcc\u00fcm\u00fczle \u00e7al\u0131\u015f\u0131yoruz. Karatay Ho\u015fkubbe Millet K\u00fct\u00fcphanesi de bu \u00e7abalar\u0131m\u0131z\u0131n g\u00fczel bir meyvesi. Say\u0131n Valimizin de\u011ferli e\u015fi Saliha Ak\u0131n Han\u0131mefendiye ve minik konuklar\u0131m\u0131za \u00e7ok te\u015fekk\u00fcr ediyorum\u201d dedi. HO\u015eKUBBE M\u0130LLET K\u00dcT\u00dcPHANES\u0130\u2019NDE ONL\u0130NE REZERVASYON D\u00d6NEM\u0130 \u00d6te yandan a\u00e7\u0131ld\u0131\u011f\u0131 g\u00fcnden bu yana b\u00fcy\u00fck ilgi g\u00f6ren Karatay Ho\u015fkubbe Millet K\u00fct\u00fcphanesi&#8217;nde online rezervasyon d\u00f6nemi de ba\u015flad\u0131. Online rezervasyon sistemi ile \u00f6zellikle s\u0131nav d\u00f6nemlerinde artan yo\u011funlukta, \u00f6\u011frencilerin k\u00fct\u00fcphaneyi e\u015fit \u015fekilde kullanabilecek. Online rezervasyon i\u00e7in gen\u00e7ler, \u201cYan\u0131ba\u015f\u0131mda Karatay\u201d mobil uygulamas\u0131n\u0131n \u201cK\u00fct\u00fcphaneler\u201d b\u00f6l\u00fcm\u00fcnden \u201cRezervasyon Yap\u201da t\u0131klayarak &hellip;","og_url":"https:\/\/denizcankizil.tr\/de\/haberler\/gundem\/hoskubbe-millet-kutuphanesi-en-ozel-konuklarini-agirladi\/","og_site_name":"Av. Deniz Can K\u0131z\u0131l","article_published_time":"2024-11-27T14:41:47+00:00","twitter_card":"summary_large_image","twitter_misc":{"Gesch\u00e4tzte Lesezeit":"2\u00a0Minuten"},"schema":{"@context":"https:\/\/schema.org","@graph":[{"@type":"Article","@id":"https:\/\/denizcankizil.tr\/de\/haberler\/gundem\/hoskubbe-millet-kutuphanesi-en-ozel-konuklarini-agirladi\/#article","isPartOf":{"@id":"https:\/\/denizcankizil.tr\/de\/haberler\/gundem\/hoskubbe-millet-kutuphanesi-en-ozel-konuklarini-agirladi\/"},"author":{"name":"","@id":""},"headline":"Ho\u015fkubbe Millet K\u00fct\u00fcphanesi en \u00f6zel konuklar\u0131n\u0131 a\u011f\u0131rlad\u0131","datePublished":"2024-11-27T14:41:47+00:00","mainEntityOfPage":{"@id":"https:\/\/denizcankizil.tr\/de\/haberler\/gundem\/hoskubbe-millet-kutuphanesi-en-ozel-konuklarini-agirladi\/"},"wordCount":384,"commentCount":0,"publisher":{"@id":"https:\/\/denizcankizil.tr\/de\/#organization"},"articleSection":["G\u00fcndem","Uncategorized"],"inLanguage":"de","potentialAction":[{"@type":"CommentAction","name":"Comment","target":["https:\/\/denizcankizil.tr\/de\/haberler\/gundem\/hoskubbe-millet-kutuphanesi-en-ozel-konuklarini-agirladi\/#respond"]}]},{"@type":"WebPage","@id":"https:\/\/denizcankizil.tr\/de\/haberler\/gundem\/hoskubbe-millet-kutuphanesi-en-ozel-konuklarini-agirladi\/","url":"https:\/\/denizcankizil.tr\/de\/haberler\/gundem\/hoskubbe-millet-kutuphanesi-en-ozel-konuklarini-agirladi\/","name":"Ho\u015fkubbe Millet K\u00fct\u00fcphanesi en \u00f6zel konuklar\u0131n\u0131 a\u011f\u0131rlad\u0131 - Av. Deniz Can K\u0131z\u0131l","isPartOf":{"@id":"https:\/\/denizcankizil.tr\/de\/#website"},"datePublished":"2024-11-27T14:41:47+00:00","breadcrumb":{"@id":"https:\/\/denizcankizil.tr\/de\/haberler\/gundem\/hoskubbe-millet-kutuphanesi-en-ozel-konuklarini-agirladi\/#breadcrumb"},"inLanguage":"de","potentialAction":[{"@type":"ReadAction","target":["https:\/\/denizcankizil.tr\/de\/haberler\/gundem\/hoskubbe-millet-kutuphanesi-en-ozel-konuklarini-agirladi\/"]}]},{"@type":"BreadcrumbList","@id":"https:\/\/denizcankizil.tr\/de\/haberler\/gundem\/hoskubbe-millet-kutuphanesi-en-ozel-konuklarini-agirladi\/#breadcrumb","itemListElement":[{"@type":"ListItem","position":1,"name":"Home","item":"https:\/\/denizcankizil.tr\/de\/"},{"@type":"ListItem","position":2,"name":"Ho\u015fkubbe Millet K\u00fct\u00fcphanesi en \u00f6zel konuklar\u0131n\u0131 a\u011f\u0131rlad\u0131"}]},{"@type":"WebSite","@id":"https:\/\/denizcankizil.tr\/de\/#website","url":"https:\/\/denizcankizil.tr\/de\/","name":"Av. Deniz Can K\u0131z\u0131l","description":"Avukat Deniz Can K\u0131z\u0131l Antalya Barosu","publisher":{"@id":"https:\/\/denizcankizil.tr\/de\/#organization"},"potentialAction":[{"@type":"SearchAction","target":{"@type":"EntryPoint","urlTemplate":"https:\/\/denizcankizil.tr\/de\/?s={search_term_string}"},"query-input":{"@type":"PropertyValueSpecification","valueRequired":true,"valueName":"search_term_string"}}],"inLanguage":"de"},{"@type":"Organization","@id":"https:\/\/denizcankizil.tr\/de\/#organization","name":"Av. Deniz Can K\u0131z\u0131l","url":"https:\/\/denizcankizil.tr\/de\/","logo":{"@type":"ImageObject","inLanguage":"de","@id":"https:\/\/denizcankizil.tr\/de\/#\/schema\/logo\/image\/","url":"https:\/\/denizcankizil.tr\/wp-content\/uploads\/2024\/10\/siyah-logo-svg.svg","contentUrl":"https:\/\/denizcankizil.tr\/wp-content\/uploads\/2024\/10\/siyah-logo-svg.svg","width":1080,"height":1080,"caption":"Av. Deniz Can K\u0131z\u0131l"},"image":{"@id":"https:\/\/denizcankizil.tr\/de\/#\/schema\/logo\/image\/"}}]}},"_links":{"self":[{"href":"https:\/\/denizcankizil.tr\/de\/wp-json\/wp\/v2\/posts\/17976","targetHints":{"allow":["GET"]}}],"collection":[{"href":"https:\/\/denizcankizil.tr\/de\/wp-json\/wp\/v2\/posts"}],"about":[{"href":"https:\/\/denizcankizil.tr\/de\/wp-json\/wp\/v2\/types\/post"}],"replies":[{"embeddable":true,"href":"https:\/\/denizcankizil.tr\/de\/wp-json\/wp\/v2\/comments?post=17976"}],"version-history":[{"count":0,"href":"https:\/\/denizcankizil.tr\/de\/wp-json\/wp\/v2\/posts\/17976\/revisions"}],"wp:attachment":[{"href":"https:\/\/denizcankizil.tr\/de\/wp-json\/wp\/v2\/media?parent=17976"}],"wp:term":[{"taxonomy":"category","embeddable":true,"href":"https:\/\/denizcankizil.tr\/de\/wp-json\/wp\/v2\/categories?post=17976"},{"taxonomy":"post_tag","embeddable":true,"href":"https:\/\/denizcankizil.tr\/de\/wp-json\/wp\/v2\/tags?post=17976"}],"curies":[{"name":"wp","href":"https:\/\/api.w.org\/{rel}","templated":true}]}}