{"id":17951,"date":"2024-11-27T15:41:37","date_gmt":"2024-11-27T12:41:37","guid":{"rendered":"https:\/\/denizcankizil.tr\/uncategorized-tr\/duden-cayina-dolgu-operasyonu\/"},"modified":"2024-11-27T15:41:37","modified_gmt":"2024-11-27T12:41:37","slug":"duden-cayina-dolgu-operasyonu","status":"publish","type":"post","link":"https:\/\/denizcankizil.tr\/de\/haberler\/antalya\/duden-cayina-dolgu-operasyonu\/","title":{"rendered":"D\u00fcden \u00c7ay\u0131\u2019na dolgu operasyonu"},"content":{"rendered":"<p>Kepez Belediyesi, Afet ve Acil Durum Y\u00f6netimi Ba\u015fkanl\u0131\u011f\u0131n\u0131n (AFAD), ge\u00e7ti\u011fimiz hafta Antalya i\u00e7in verdi\u011fi sar\u0131 kodlu uyar\u0131n\u0131n \u00f6ncesinde su ta\u015fk\u0131nlar\u0131n\u0131n \u00f6nlenmesine y\u00f6nelik \u00e7al\u0131\u015fma yapt\u0131. \u0130l\u00e7enin do\u011fu b\u00f6l\u00fcm\u00fcndeki ya\u011fmur sular\u0131n\u0131n tahliyesinde \u00f6nemli bir g\u00f6revi olan D\u00fcden \u00c7ay\u0131\u2019n\u0131n, Serik Caddesi\u2019nde bulunan C\u0131rn\u0131k K\u00f6pr\u00fcs\u00fc b\u00f6l\u00fcm\u00fcnde bir i\u015fletmenin, D\u00fcden \u00c7ay\u0131 yata\u011f\u0131n\u0131n kenar\u0131n\u0131 hafriyatla doldurdu\u011fu tespit edildi. \u0130lgili mevzuatlara ayk\u0131r\u0131 yap\u0131lan ve k\u00f6pr\u00fcn\u00fcn bir g\u00f6z\u00fcn\u00fcn kapanmas\u0131na neden olan dolgu \u00e7al\u0131\u015fmas\u0131 ile ilgili Kepez Belediyesi yasal s\u00fcre\u00e7 ba\u015flatt\u0131.<\/p>\n<p>D\u00fcden \u00c7ay\u0131\u2019nda \u2018Sar\u0131 Kod\u2019 \u00e7al\u0131\u015fmas\u0131<br \/>\nAntalya Valili\u011fi, AFAD\u2019\u0131n sar\u0131 kod uyar\u0131s\u0131ndan dolay\u0131 D\u00fcden \u00c7ay\u0131\u2019n\u0131n kenar\u0131na yap\u0131lan dolgunun ve i\u015fgallerin ivedilikle kald\u0131r\u0131lmas\u0131n\u0131 istedi. Kepez Belediyesi bu yaz\u0131 \u00fczerine suyun do\u011fal ak\u0131\u015f\u0131n\u0131 engelleyen dolgunun kald\u0131r\u0131lmas\u0131na y\u00f6nelik \u00e7al\u0131\u015fmay\u0131, sar\u0131 kod uyar\u0131s\u0131n\u0131n verildi\u011fi g\u00fcn\u00fcn ak\u015fam\u0131 ger\u00e7ekle\u015ftirdi. Kepez Belediyesi Fen \u0130\u015fleri M\u00fcd\u00fcrl\u00fc\u011f\u00fc ve Antalya B\u00fcy\u00fck\u015fehir Belediyesi ASAT Genel M\u00fcd\u00fcrl\u00fc\u011f\u00fc i\u015f birli\u011finde D\u00fcden \u00c7ay\u2019\u0131n\u0131n kenar\u0131na doldurulan hafriyat kald\u0131r\u0131ld\u0131. 32 personel, 10 kamyon ve 5 ekskavat\u00f6rle yap\u0131lan \u00e7al\u0131\u015fma, sabah saatlerine kadar s\u00fcrd\u00fc. Operasyonla, D\u00fcden \u00c7ay\u0131\u2019n\u0131n havzas\u0131na dolgu ama\u00e7l\u0131 doldurulan toprak temizlenirken olu\u015fabilecek bir su ta\u015fk\u0131n\u0131 da \u00f6nlenmi\u015f oldu.<\/p>\n<p>\u201cMuhtemel bir ta\u015fk\u0131n\u0131 \u00f6nledik\u201d<br \/>\nDere yata\u011f\u0131na yap\u0131lan dolgunun kald\u0131r\u0131lmas\u0131 \u00e7al\u0131\u015fmas\u0131n\u0131 koordine eden Fen \u0130\u015fleri M\u00fcd\u00fcr\u00fc Musa G\u00fcl, a\u00e7\u0131klamas\u0131nda \u015funlar\u0131 kaydetti: \u201cD\u00fcden \u00c7ay\u0131\u2019n\u0131n C\u0131rn\u0131k K\u00f6pr\u00fcs\u00fc b\u00f6l\u00fcm\u00fcndeki havzas\u0131na dolgu yap\u0131ld\u0131\u011f\u0131n\u0131 tespit etmi\u015f ve bu i\u015fgalin kald\u0131r\u0131lmas\u0131na y\u00f6nelik s\u00fcreci de ba\u015flatm\u0131\u015ft\u0131k. Ancak Antalya Valili\u011fimiz, AFAD\u2019\u0131n sar\u0131 kod uyar\u0131s\u0131ndan dolay\u0131 dere yata\u011f\u0131ndaki i\u015fgallerin ivedilikle kald\u0131r\u0131lmas\u0131n\u0131 istedi. Bu nedenle ASAT Genel M\u00fcd\u00fcrl\u00fc\u011f\u00fcm\u00fcz\u00fcn deste\u011fiyle sabah saatlerine kadar \u00e7al\u0131\u015farak, D\u00fcden \u00c7ay\u0131\u2019n\u0131n kenar\u0131ndaki hafriyat\u0131 kald\u0131rd\u0131k. Bu \u00e7al\u0131\u015fma suyun do\u011fal ak\u0131\u015f\u0131n\u0131n \u00f6n\u00fcndeki engeli kald\u0131rarak, b\u00f6lgede ya\u015fanabilecek olu\u015fabilecek bir su ta\u015fk\u0131n\u0131n\u0131 \u00f6nlemi\u015f olduk.\u201d<\/p>\n<p>Kaynak: www.kanalv.com.tr Haber Sitesinden Al\u0131nm\u0131\u015ft\u0131r.<\/p>","protected":false},"excerpt":{"rendered":"<p>Kepez Belediyesi, Afet ve Acil Durum Y\u00f6netimi Ba\u015fkanl\u0131\u011f\u0131n\u0131n (AFAD), ge\u00e7ti\u011fimiz hafta Antalya i\u00e7in verdi\u011fi sar\u0131 kodlu uyar\u0131n\u0131n \u00f6ncesinde su ta\u015fk\u0131nlar\u0131n\u0131n \u00f6nlenmesine y\u00f6nelik \u00e7al\u0131\u015fma yapt\u0131. \u0130l\u00e7enin do\u011fu b\u00f6l\u00fcm\u00fcndeki ya\u011fmur sular\u0131n\u0131n tahliyesinde \u00f6nemli bir g\u00f6revi olan D\u00fcden \u00c7ay\u0131\u2019n\u0131n, Serik Caddesi\u2019nde bulunan C\u0131rn\u0131k K\u00f6pr\u00fcs\u00fc b\u00f6l\u00fcm\u00fcnde bir i\u015fletmenin, D\u00fcden \u00c7ay\u0131 yata\u011f\u0131n\u0131n kenar\u0131n\u0131 hafriyatla doldurdu\u011fu tespit edildi. \u0130lgili mevzuatlara ayk\u0131r\u0131 yap\u0131lan ve k\u00f6pr\u00fcn\u00fcn bir g\u00f6z\u00fcn\u00fcn kapanmas\u0131na neden olan dolgu \u00e7al\u0131\u015fmas\u0131 ile ilgili Kepez Belediyesi yasal s\u00fcre\u00e7 ba\u015flatt\u0131. D\u00fcden \u00c7ay\u0131\u2019nda \u2018Sar\u0131 Kod\u2019 \u00e7al\u0131\u015fmas\u0131 Antalya Valili\u011fi, AFAD\u2019\u0131n sar\u0131 kod uyar\u0131s\u0131ndan dolay\u0131 D\u00fcden \u00c7ay\u0131\u2019n\u0131n kenar\u0131na yap\u0131lan dolgunun ve i\u015fgallerin ivedilikle kald\u0131r\u0131lmas\u0131n\u0131 istedi. Kepez Belediyesi bu yaz\u0131 \u00fczerine suyun do\u011fal ak\u0131\u015f\u0131n\u0131 engelleyen dolgunun kald\u0131r\u0131lmas\u0131na y\u00f6nelik \u00e7al\u0131\u015fmay\u0131, sar\u0131 kod uyar\u0131s\u0131n\u0131n verildi\u011fi g\u00fcn\u00fcn ak\u015fam\u0131 ger\u00e7ekle\u015ftirdi. Kepez Belediyesi Fen \u0130\u015fleri M\u00fcd\u00fcrl\u00fc\u011f\u00fc ve Antalya B\u00fcy\u00fck\u015fehir Belediyesi ASAT Genel M\u00fcd\u00fcrl\u00fc\u011f\u00fc i\u015f birli\u011finde D\u00fcden \u00c7ay\u2019\u0131n\u0131n kenar\u0131na doldurulan hafriyat kald\u0131r\u0131ld\u0131. 32 personel, 10 kamyon ve 5 ekskavat\u00f6rle yap\u0131lan \u00e7al\u0131\u015fma, sabah saatlerine kadar s\u00fcrd\u00fc. Operasyonla, D\u00fcden \u00c7ay\u0131\u2019n\u0131n havzas\u0131na dolgu ama\u00e7l\u0131 doldurulan toprak temizlenirken olu\u015fabilecek bir su ta\u015fk\u0131n\u0131 da \u00f6nlenmi\u015f oldu. \u201cMuhtemel bir ta\u015fk\u0131n\u0131 \u00f6nledik\u201d Dere yata\u011f\u0131na yap\u0131lan dolgunun kald\u0131r\u0131lmas\u0131 \u00e7al\u0131\u015fmas\u0131n\u0131 koordine eden Fen \u0130\u015fleri M\u00fcd\u00fcr\u00fc Musa G\u00fcl, a\u00e7\u0131klamas\u0131nda \u015funlar\u0131 kaydetti: \u201cD\u00fcden \u00c7ay\u0131\u2019n\u0131n C\u0131rn\u0131k K\u00f6pr\u00fcs\u00fc b\u00f6l\u00fcm\u00fcndeki havzas\u0131na dolgu yap\u0131ld\u0131\u011f\u0131n\u0131 tespit etmi\u015f ve bu i\u015fgalin kald\u0131r\u0131lmas\u0131na y\u00f6nelik s\u00fcreci de &hellip;<\/p>","protected":false},"author":0,"featured_media":17952,"comment_status":"open","ping_status":"open","sticky":false,"template":"","format":"standard","meta":{"_acf_changed":false,"footnotes":""},"categories":[26,535],"tags":[],"class_list":["post-17951","post","type-post","status-publish","format-standard","has-post-thumbnail","hentry","category-antalya","category-uncategorized-tr"],"acf":[],"yoast_head":"<!-- This site is optimized with the Yoast SEO Premium plugin v26.6 (Yoast SEO v27.1.1) - https:\/\/yoast.com\/product\/yoast-seo-premium-wordpress\/ -->\n<title>D\u00fcden \u00c7ay\u0131\u2019na dolgu operasyonu - Av. Deniz Can K\u0131z\u0131l<\/title>\n<meta name=\"robots\" content=\"index, follow, max-snippet:-1, max-image-preview:large, max-video-preview:-1\" \/>\n<link rel=\"canonical\" href=\"https:\/\/denizcankizil.tr\/de\/haberler\/antalya\/duden-cayina-dolgu-operasyonu\/\" \/>\n<meta property=\"og:locale\" content=\"de_DE\" \/>\n<meta property=\"og:type\" content=\"article\" \/>\n<meta property=\"og:title\" content=\"D\u00fcden \u00c7ay\u0131\u2019na dolgu operasyonu\" \/>\n<meta property=\"og:description\" content=\"Kepez Belediyesi, Afet ve Acil Durum Y\u00f6netimi Ba\u015fkanl\u0131\u011f\u0131n\u0131n (AFAD), ge\u00e7ti\u011fimiz hafta Antalya i\u00e7in verdi\u011fi sar\u0131 kodlu uyar\u0131n\u0131n \u00f6ncesinde su ta\u015fk\u0131nlar\u0131n\u0131n \u00f6nlenmesine y\u00f6nelik \u00e7al\u0131\u015fma yapt\u0131. \u0130l\u00e7enin do\u011fu b\u00f6l\u00fcm\u00fcndeki ya\u011fmur sular\u0131n\u0131n tahliyesinde \u00f6nemli bir g\u00f6revi olan D\u00fcden \u00c7ay\u0131\u2019n\u0131n, Serik Caddesi\u2019nde bulunan C\u0131rn\u0131k K\u00f6pr\u00fcs\u00fc b\u00f6l\u00fcm\u00fcnde bir i\u015fletmenin, D\u00fcden \u00c7ay\u0131 yata\u011f\u0131n\u0131n kenar\u0131n\u0131 hafriyatla doldurdu\u011fu tespit edildi. \u0130lgili mevzuatlara ayk\u0131r\u0131 yap\u0131lan ve k\u00f6pr\u00fcn\u00fcn bir g\u00f6z\u00fcn\u00fcn kapanmas\u0131na neden olan dolgu \u00e7al\u0131\u015fmas\u0131 ile ilgili Kepez Belediyesi yasal s\u00fcre\u00e7 ba\u015flatt\u0131. D\u00fcden \u00c7ay\u0131\u2019nda \u2018Sar\u0131 Kod\u2019 \u00e7al\u0131\u015fmas\u0131 Antalya Valili\u011fi, AFAD\u2019\u0131n sar\u0131 kod uyar\u0131s\u0131ndan dolay\u0131 D\u00fcden \u00c7ay\u0131\u2019n\u0131n kenar\u0131na yap\u0131lan dolgunun ve i\u015fgallerin ivedilikle kald\u0131r\u0131lmas\u0131n\u0131 istedi. Kepez Belediyesi bu yaz\u0131 \u00fczerine suyun do\u011fal ak\u0131\u015f\u0131n\u0131 engelleyen dolgunun kald\u0131r\u0131lmas\u0131na y\u00f6nelik \u00e7al\u0131\u015fmay\u0131, sar\u0131 kod uyar\u0131s\u0131n\u0131n verildi\u011fi g\u00fcn\u00fcn ak\u015fam\u0131 ger\u00e7ekle\u015ftirdi. Kepez Belediyesi Fen \u0130\u015fleri M\u00fcd\u00fcrl\u00fc\u011f\u00fc ve Antalya B\u00fcy\u00fck\u015fehir Belediyesi ASAT Genel M\u00fcd\u00fcrl\u00fc\u011f\u00fc i\u015f birli\u011finde D\u00fcden \u00c7ay\u2019\u0131n\u0131n kenar\u0131na doldurulan hafriyat kald\u0131r\u0131ld\u0131. 32 personel, 10 kamyon ve 5 ekskavat\u00f6rle yap\u0131lan \u00e7al\u0131\u015fma, sabah saatlerine kadar s\u00fcrd\u00fc. Operasyonla, D\u00fcden \u00c7ay\u0131\u2019n\u0131n havzas\u0131na dolgu ama\u00e7l\u0131 doldurulan toprak temizlenirken olu\u015fabilecek bir su ta\u015fk\u0131n\u0131 da \u00f6nlenmi\u015f oldu. \u201cMuhtemel bir ta\u015fk\u0131n\u0131 \u00f6nledik\u201d Dere yata\u011f\u0131na yap\u0131lan dolgunun kald\u0131r\u0131lmas\u0131 \u00e7al\u0131\u015fmas\u0131n\u0131 koordine eden Fen \u0130\u015fleri M\u00fcd\u00fcr\u00fc Musa G\u00fcl, a\u00e7\u0131klamas\u0131nda \u015funlar\u0131 kaydetti: \u201cD\u00fcden \u00c7ay\u0131\u2019n\u0131n C\u0131rn\u0131k K\u00f6pr\u00fcs\u00fc b\u00f6l\u00fcm\u00fcndeki havzas\u0131na dolgu yap\u0131ld\u0131\u011f\u0131n\u0131 tespit etmi\u015f ve bu i\u015fgalin kald\u0131r\u0131lmas\u0131na y\u00f6nelik s\u00fcreci de &hellip;\" \/>\n<meta property=\"og:url\" content=\"https:\/\/denizcankizil.tr\/de\/haberler\/antalya\/duden-cayina-dolgu-operasyonu\/\" \/>\n<meta property=\"og:site_name\" content=\"Av. Deniz Can K\u0131z\u0131l\" \/>\n<meta property=\"article:published_time\" content=\"2024-11-27T12:41:37+00:00\" \/>\n<meta property=\"og:image\" content=\"https:\/\/denizcankizil.tr\/wp-content\/uploads\/2024\/11\/3309-01-Ln1OOg.jpeg\" \/>\n\t<meta property=\"og:image:width\" content=\"1280\" \/>\n\t<meta property=\"og:image:height\" content=\"720\" \/>\n\t<meta property=\"og:image:type\" content=\"image\/jpeg\" \/>\n<meta name=\"twitter:card\" content=\"summary_large_image\" \/>\n<meta name=\"twitter:label1\" content=\"Gesch\u00e4tzte Lesezeit\" \/>\n\t<meta name=\"twitter:data1\" content=\"2\u00a0Minuten\" \/>\n<script type=\"application\/ld+json\" class=\"yoast-schema-graph\">{\"@context\":\"https:\/\/schema.org\",\"@graph\":[{\"@type\":\"Article\",\"@id\":\"https:\/\/denizcankizil.tr\/de\/haberler\/antalya\/duden-cayina-dolgu-operasyonu\/#article\",\"isPartOf\":{\"@id\":\"https:\/\/denizcankizil.tr\/de\/haberler\/antalya\/duden-cayina-dolgu-operasyonu\/\"},\"author\":{\"name\":\"\",\"@id\":\"\"},\"headline\":\"D\u00fcden \u00c7ay\u0131\u2019na dolgu operasyonu\",\"datePublished\":\"2024-11-27T12:41:37+00:00\",\"mainEntityOfPage\":{\"@id\":\"https:\/\/denizcankizil.tr\/de\/haberler\/antalya\/duden-cayina-dolgu-operasyonu\/\"},\"wordCount\":441,\"commentCount\":0,\"publisher\":{\"@id\":\"https:\/\/denizcankizil.tr\/#organization\"},\"image\":{\"@id\":\"https:\/\/denizcankizil.tr\/de\/haberler\/antalya\/duden-cayina-dolgu-operasyonu\/#primaryimage\"},\"thumbnailUrl\":\"https:\/\/denizcankizil.tr\/wp-content\/uploads\/2024\/11\/3309-01-Ln1OOg.jpeg\",\"articleSection\":[\"Antalya\",\"Uncategorized\"],\"inLanguage\":\"de\",\"potentialAction\":[{\"@type\":\"CommentAction\",\"name\":\"Comment\",\"target\":[\"https:\/\/denizcankizil.tr\/de\/haberler\/antalya\/duden-cayina-dolgu-operasyonu\/#respond\"]}]},{\"@type\":\"WebPage\",\"@id\":\"https:\/\/denizcankizil.tr\/de\/haberler\/antalya\/duden-cayina-dolgu-operasyonu\/\",\"url\":\"https:\/\/denizcankizil.tr\/de\/haberler\/antalya\/duden-cayina-dolgu-operasyonu\/\",\"name\":\"D\u00fcden \u00c7ay\u0131\u2019na dolgu operasyonu - Av. Deniz Can K\u0131z\u0131l\",\"isPartOf\":{\"@id\":\"https:\/\/denizcankizil.tr\/#website\"},\"primaryImageOfPage\":{\"@id\":\"https:\/\/denizcankizil.tr\/de\/haberler\/antalya\/duden-cayina-dolgu-operasyonu\/#primaryimage\"},\"image\":{\"@id\":\"https:\/\/denizcankizil.tr\/de\/haberler\/antalya\/duden-cayina-dolgu-operasyonu\/#primaryimage\"},\"thumbnailUrl\":\"https:\/\/denizcankizil.tr\/wp-content\/uploads\/2024\/11\/3309-01-Ln1OOg.jpeg\",\"datePublished\":\"2024-11-27T12:41:37+00:00\",\"breadcrumb\":{\"@id\":\"https:\/\/denizcankizil.tr\/de\/haberler\/antalya\/duden-cayina-dolgu-operasyonu\/#breadcrumb\"},\"inLanguage\":\"de\",\"potentialAction\":[{\"@type\":\"ReadAction\",\"target\":[\"https:\/\/denizcankizil.tr\/de\/haberler\/antalya\/duden-cayina-dolgu-operasyonu\/\"]}]},{\"@type\":\"ImageObject\",\"inLanguage\":\"de\",\"@id\":\"https:\/\/denizcankizil.tr\/de\/haberler\/antalya\/duden-cayina-dolgu-operasyonu\/#primaryimage\",\"url\":\"https:\/\/denizcankizil.tr\/wp-content\/uploads\/2024\/11\/3309-01-Ln1OOg.jpeg\",\"contentUrl\":\"https:\/\/denizcankizil.tr\/wp-content\/uploads\/2024\/11\/3309-01-Ln1OOg.jpeg\",\"width\":1280,\"height\":720},{\"@type\":\"BreadcrumbList\",\"@id\":\"https:\/\/denizcankizil.tr\/de\/haberler\/antalya\/duden-cayina-dolgu-operasyonu\/#breadcrumb\",\"itemListElement\":[{\"@type\":\"ListItem\",\"position\":1,\"name\":\"Home\",\"item\":\"https:\/\/denizcankizil.tr\/uk\/\"},{\"@type\":\"ListItem\",\"position\":2,\"name\":\"D\u00fcden \u00c7ay\u0131\u2019na dolgu operasyonu\"}]},{\"@type\":\"WebSite\",\"@id\":\"https:\/\/denizcankizil.tr\/#website\",\"url\":\"https:\/\/denizcankizil.tr\/\",\"name\":\"Av. Deniz Can K\u0131z\u0131l\",\"description\":\"Avukat Deniz Can K\u0131z\u0131l Antalya Barosu\",\"publisher\":{\"@id\":\"https:\/\/denizcankizil.tr\/#organization\"},\"potentialAction\":[{\"@type\":\"SearchAction\",\"target\":{\"@type\":\"EntryPoint\",\"urlTemplate\":\"https:\/\/denizcankizil.tr\/?s={search_term_string}\"},\"query-input\":{\"@type\":\"PropertyValueSpecification\",\"valueRequired\":true,\"valueName\":\"search_term_string\"}}],\"inLanguage\":\"de\"},{\"@type\":\"Organization\",\"@id\":\"https:\/\/denizcankizil.tr\/#organization\",\"name\":\"Av. Deniz Can K\u0131z\u0131l\",\"url\":\"https:\/\/denizcankizil.tr\/\",\"logo\":{\"@type\":\"ImageObject\",\"inLanguage\":\"de\",\"@id\":\"https:\/\/denizcankizil.tr\/#\/schema\/logo\/image\/\",\"url\":\"https:\/\/denizcankizil.tr\/wp-content\/uploads\/2024\/10\/siyah-logo-svg.svg\",\"contentUrl\":\"https:\/\/denizcankizil.tr\/wp-content\/uploads\/2024\/10\/siyah-logo-svg.svg\",\"width\":1080,\"height\":1080,\"caption\":\"Av. Deniz Can K\u0131z\u0131l\"},\"image\":{\"@id\":\"https:\/\/denizcankizil.tr\/#\/schema\/logo\/image\/\"}}]}<\/script>\n<!-- \/ Yoast SEO Premium plugin. -->","yoast_head_json":{"title":"D\u00fcden \u00c7ay\u0131\u2019na dolgu operasyonu - Av. Deniz Can K\u0131z\u0131l","robots":{"index":"index","follow":"follow","max-snippet":"max-snippet:-1","max-image-preview":"max-image-preview:large","max-video-preview":"max-video-preview:-1"},"canonical":"https:\/\/denizcankizil.tr\/de\/haberler\/antalya\/duden-cayina-dolgu-operasyonu\/","og_locale":"de_DE","og_type":"article","og_title":"D\u00fcden \u00c7ay\u0131\u2019na dolgu operasyonu","og_description":"Kepez Belediyesi, Afet ve Acil Durum Y\u00f6netimi Ba\u015fkanl\u0131\u011f\u0131n\u0131n (AFAD), ge\u00e7ti\u011fimiz hafta Antalya i\u00e7in verdi\u011fi sar\u0131 kodlu uyar\u0131n\u0131n \u00f6ncesinde su ta\u015fk\u0131nlar\u0131n\u0131n \u00f6nlenmesine y\u00f6nelik \u00e7al\u0131\u015fma yapt\u0131. \u0130l\u00e7enin do\u011fu b\u00f6l\u00fcm\u00fcndeki ya\u011fmur sular\u0131n\u0131n tahliyesinde \u00f6nemli bir g\u00f6revi olan D\u00fcden \u00c7ay\u0131\u2019n\u0131n, Serik Caddesi\u2019nde bulunan C\u0131rn\u0131k K\u00f6pr\u00fcs\u00fc b\u00f6l\u00fcm\u00fcnde bir i\u015fletmenin, D\u00fcden \u00c7ay\u0131 yata\u011f\u0131n\u0131n kenar\u0131n\u0131 hafriyatla doldurdu\u011fu tespit edildi. \u0130lgili mevzuatlara ayk\u0131r\u0131 yap\u0131lan ve k\u00f6pr\u00fcn\u00fcn bir g\u00f6z\u00fcn\u00fcn kapanmas\u0131na neden olan dolgu \u00e7al\u0131\u015fmas\u0131 ile ilgili Kepez Belediyesi yasal s\u00fcre\u00e7 ba\u015flatt\u0131. D\u00fcden \u00c7ay\u0131\u2019nda \u2018Sar\u0131 Kod\u2019 \u00e7al\u0131\u015fmas\u0131 Antalya Valili\u011fi, AFAD\u2019\u0131n sar\u0131 kod uyar\u0131s\u0131ndan dolay\u0131 D\u00fcden \u00c7ay\u0131\u2019n\u0131n kenar\u0131na yap\u0131lan dolgunun ve i\u015fgallerin ivedilikle kald\u0131r\u0131lmas\u0131n\u0131 istedi. Kepez Belediyesi bu yaz\u0131 \u00fczerine suyun do\u011fal ak\u0131\u015f\u0131n\u0131 engelleyen dolgunun kald\u0131r\u0131lmas\u0131na y\u00f6nelik \u00e7al\u0131\u015fmay\u0131, sar\u0131 kod uyar\u0131s\u0131n\u0131n verildi\u011fi g\u00fcn\u00fcn ak\u015fam\u0131 ger\u00e7ekle\u015ftirdi. Kepez Belediyesi Fen \u0130\u015fleri M\u00fcd\u00fcrl\u00fc\u011f\u00fc ve Antalya B\u00fcy\u00fck\u015fehir Belediyesi ASAT Genel M\u00fcd\u00fcrl\u00fc\u011f\u00fc i\u015f birli\u011finde D\u00fcden \u00c7ay\u2019\u0131n\u0131n kenar\u0131na doldurulan hafriyat kald\u0131r\u0131ld\u0131. 32 personel, 10 kamyon ve 5 ekskavat\u00f6rle yap\u0131lan \u00e7al\u0131\u015fma, sabah saatlerine kadar s\u00fcrd\u00fc. Operasyonla, D\u00fcden \u00c7ay\u0131\u2019n\u0131n havzas\u0131na dolgu ama\u00e7l\u0131 doldurulan toprak temizlenirken olu\u015fabilecek bir su ta\u015fk\u0131n\u0131 da \u00f6nlenmi\u015f oldu. \u201cMuhtemel bir ta\u015fk\u0131n\u0131 \u00f6nledik\u201d Dere yata\u011f\u0131na yap\u0131lan dolgunun kald\u0131r\u0131lmas\u0131 \u00e7al\u0131\u015fmas\u0131n\u0131 koordine eden Fen \u0130\u015fleri M\u00fcd\u00fcr\u00fc Musa G\u00fcl, a\u00e7\u0131klamas\u0131nda \u015funlar\u0131 kaydetti: \u201cD\u00fcden \u00c7ay\u0131\u2019n\u0131n C\u0131rn\u0131k K\u00f6pr\u00fcs\u00fc b\u00f6l\u00fcm\u00fcndeki havzas\u0131na dolgu yap\u0131ld\u0131\u011f\u0131n\u0131 tespit etmi\u015f ve bu i\u015fgalin kald\u0131r\u0131lmas\u0131na y\u00f6nelik s\u00fcreci de &hellip;","og_url":"https:\/\/denizcankizil.tr\/de\/haberler\/antalya\/duden-cayina-dolgu-operasyonu\/","og_site_name":"Av. Deniz Can K\u0131z\u0131l","article_published_time":"2024-11-27T12:41:37+00:00","og_image":[{"width":1280,"height":720,"url":"https:\/\/denizcankizil.tr\/wp-content\/uploads\/2024\/11\/3309-01-Ln1OOg.jpeg","type":"image\/jpeg"}],"twitter_card":"summary_large_image","twitter_misc":{"Gesch\u00e4tzte Lesezeit":"2\u00a0Minuten"},"schema":{"@context":"https:\/\/schema.org","@graph":[{"@type":"Article","@id":"https:\/\/denizcankizil.tr\/de\/haberler\/antalya\/duden-cayina-dolgu-operasyonu\/#article","isPartOf":{"@id":"https:\/\/denizcankizil.tr\/de\/haberler\/antalya\/duden-cayina-dolgu-operasyonu\/"},"author":{"name":"","@id":""},"headline":"D\u00fcden \u00c7ay\u0131\u2019na dolgu operasyonu","datePublished":"2024-11-27T12:41:37+00:00","mainEntityOfPage":{"@id":"https:\/\/denizcankizil.tr\/de\/haberler\/antalya\/duden-cayina-dolgu-operasyonu\/"},"wordCount":441,"commentCount":0,"publisher":{"@id":"https:\/\/denizcankizil.tr\/#organization"},"image":{"@id":"https:\/\/denizcankizil.tr\/de\/haberler\/antalya\/duden-cayina-dolgu-operasyonu\/#primaryimage"},"thumbnailUrl":"https:\/\/denizcankizil.tr\/wp-content\/uploads\/2024\/11\/3309-01-Ln1OOg.jpeg","articleSection":["Antalya","Uncategorized"],"inLanguage":"de","potentialAction":[{"@type":"CommentAction","name":"Comment","target":["https:\/\/denizcankizil.tr\/de\/haberler\/antalya\/duden-cayina-dolgu-operasyonu\/#respond"]}]},{"@type":"WebPage","@id":"https:\/\/denizcankizil.tr\/de\/haberler\/antalya\/duden-cayina-dolgu-operasyonu\/","url":"https:\/\/denizcankizil.tr\/de\/haberler\/antalya\/duden-cayina-dolgu-operasyonu\/","name":"D\u00fcden \u00c7ay\u0131\u2019na dolgu operasyonu - Av. Deniz Can K\u0131z\u0131l","isPartOf":{"@id":"https:\/\/denizcankizil.tr\/#website"},"primaryImageOfPage":{"@id":"https:\/\/denizcankizil.tr\/de\/haberler\/antalya\/duden-cayina-dolgu-operasyonu\/#primaryimage"},"image":{"@id":"https:\/\/denizcankizil.tr\/de\/haberler\/antalya\/duden-cayina-dolgu-operasyonu\/#primaryimage"},"thumbnailUrl":"https:\/\/denizcankizil.tr\/wp-content\/uploads\/2024\/11\/3309-01-Ln1OOg.jpeg","datePublished":"2024-11-27T12:41:37+00:00","breadcrumb":{"@id":"https:\/\/denizcankizil.tr\/de\/haberler\/antalya\/duden-cayina-dolgu-operasyonu\/#breadcrumb"},"inLanguage":"de","potentialAction":[{"@type":"ReadAction","target":["https:\/\/denizcankizil.tr\/de\/haberler\/antalya\/duden-cayina-dolgu-operasyonu\/"]}]},{"@type":"ImageObject","inLanguage":"de","@id":"https:\/\/denizcankizil.tr\/de\/haberler\/antalya\/duden-cayina-dolgu-operasyonu\/#primaryimage","url":"https:\/\/denizcankizil.tr\/wp-content\/uploads\/2024\/11\/3309-01-Ln1OOg.jpeg","contentUrl":"https:\/\/denizcankizil.tr\/wp-content\/uploads\/2024\/11\/3309-01-Ln1OOg.jpeg","width":1280,"height":720},{"@type":"BreadcrumbList","@id":"https:\/\/denizcankizil.tr\/de\/haberler\/antalya\/duden-cayina-dolgu-operasyonu\/#breadcrumb","itemListElement":[{"@type":"ListItem","position":1,"name":"Home","item":"https:\/\/denizcankizil.tr\/uk\/"},{"@type":"ListItem","position":2,"name":"D\u00fcden \u00c7ay\u0131\u2019na dolgu operasyonu"}]},{"@type":"WebSite","@id":"https:\/\/denizcankizil.tr\/#website","url":"https:\/\/denizcankizil.tr\/","name":"Av. Deniz Can K\u0131z\u0131l","description":"Avukat Deniz Can K\u0131z\u0131l Antalya Barosu","publisher":{"@id":"https:\/\/denizcankizil.tr\/#organization"},"potentialAction":[{"@type":"SearchAction","target":{"@type":"EntryPoint","urlTemplate":"https:\/\/denizcankizil.tr\/?s={search_term_string}"},"query-input":{"@type":"PropertyValueSpecification","valueRequired":true,"valueName":"search_term_string"}}],"inLanguage":"de"},{"@type":"Organization","@id":"https:\/\/denizcankizil.tr\/#organization","name":"Av. Deniz Can K\u0131z\u0131l","url":"https:\/\/denizcankizil.tr\/","logo":{"@type":"ImageObject","inLanguage":"de","@id":"https:\/\/denizcankizil.tr\/#\/schema\/logo\/image\/","url":"https:\/\/denizcankizil.tr\/wp-content\/uploads\/2024\/10\/siyah-logo-svg.svg","contentUrl":"https:\/\/denizcankizil.tr\/wp-content\/uploads\/2024\/10\/siyah-logo-svg.svg","width":1080,"height":1080,"caption":"Av. Deniz Can K\u0131z\u0131l"},"image":{"@id":"https:\/\/denizcankizil.tr\/#\/schema\/logo\/image\/"}}]}},"_links":{"self":[{"href":"https:\/\/denizcankizil.tr\/de\/wp-json\/wp\/v2\/posts\/17951","targetHints":{"allow":["GET"]}}],"collection":[{"href":"https:\/\/denizcankizil.tr\/de\/wp-json\/wp\/v2\/posts"}],"about":[{"href":"https:\/\/denizcankizil.tr\/de\/wp-json\/wp\/v2\/types\/post"}],"replies":[{"embeddable":true,"href":"https:\/\/denizcankizil.tr\/de\/wp-json\/wp\/v2\/comments?post=17951"}],"version-history":[{"count":0,"href":"https:\/\/denizcankizil.tr\/de\/wp-json\/wp\/v2\/posts\/17951\/revisions"}],"wp:featuredmedia":[{"embeddable":true,"href":"https:\/\/denizcankizil.tr\/de\/wp-json\/wp\/v2\/media\/17952"}],"wp:attachment":[{"href":"https:\/\/denizcankizil.tr\/de\/wp-json\/wp\/v2\/media?parent=17951"}],"wp:term":[{"taxonomy":"category","embeddable":true,"href":"https:\/\/denizcankizil.tr\/de\/wp-json\/wp\/v2\/categories?post=17951"},{"taxonomy":"post_tag","embeddable":true,"href":"https:\/\/denizcankizil.tr\/de\/wp-json\/wp\/v2\/tags?post=17951"}],"curies":[{"name":"wp","href":"https:\/\/api.w.org\/{rel}","templated":true}]}}