{"id":17701,"date":"2024-11-26T11:42:07","date_gmt":"2024-11-26T08:42:07","guid":{"rendered":"https:\/\/denizcankizil.tr\/uncategorized-tr\/zapta-kilit-kapatildi\/"},"modified":"2024-11-26T11:42:07","modified_gmt":"2024-11-26T08:42:07","slug":"zapta-kilit-kapatildi","status":"publish","type":"post","link":"https:\/\/denizcankizil.tr\/de\/haberler\/gundem\/zapta-kilit-kapatildi\/","title":{"rendered":"Zap\u2019ta kilit kapat\u0131ld\u0131!"},"content":{"rendered":"<p>T\u00fcrkiye ter\u00f6r\u00fc kayna\u011f\u0131nda kurutma ile m\u00fccadelesini ba\u015far\u0131yla s\u00fcrd\u00fcr\u00fcrken Milli Savunma Bakan\u0131 Ya\u015far G\u00fcler&#8217;den \u00f6nemli bir a\u00e7\u0131klama geldi.ANKARA (\u0130GFA) &#8211;\u00a0 Mill\u00ee Savunma Bakan\u0131 Ya\u015far G\u00fcler, TBMM Plan ve B\u00fct\u00e7e Komisyonu&#8217;ndaki sunumu s\u0131ras\u0131nda, T\u00fcrk Silahl\u0131 Kuvvetleri&#8217;nin Irak\u2019\u0131n kuzeyindeki ba\u015far\u0131s\u0131n\u0131 &#8220;Zap&#8217;ta kilit kapat\u0131ld\u0131&#8221; s\u00f6zleriyle a\u00e7\u0131klad\u0131.<\/p>\n<p><blockquote class=\"twitter-tweet\" data-width=\"550\" data-dnt=\"true\"><p lang=\"tr\" dir=\"ltr\">Zap\u2019ta Kilit Kapat\u0131ld\u0131! \ud83c\uddf9\ud83c\uddf7<br><br>Mill\u00ee Savunma Bakan\u0131m\u0131z Say\u0131n Ya\u015far G\u00fcler, TBMM Plan ve B\u00fct\u00e7e Komisyonu&#39;ndaki sunumu s\u0131ras\u0131nda, T\u00fcrk Silahl\u0131 Kuvvetlerimizin Irak\u2019\u0131n kuzeyindeki ba\u015far\u0131s\u0131n\u0131 \u015fu s\u00f6zlerle anlatt\u0131: <br><br>\u201cAzim ve kararl\u0131l\u0131kla y\u00fcr\u00fct\u00fclen operasyonlar kapsam\u0131nda bu y\u0131l\u0131n ba\u015f\u0131ndan\u2026 <a href=\"https:\/\/t.co\/uVl69yZNAQ\">pic.twitter.com\/uVl69yZNAQ<\/a><\/p>&mdash; T.C. Mill\u00ee Savunma Bakanl\u0131\u011f\u0131 (@tcsavunma) <a href=\"https:\/\/twitter.com\/tcsavunma\/status\/1861310046660956419?ref_src=twsrc%5Etfw\">November 26, 2024<\/a><\/blockquote><script async src=\"https:\/\/platform.twitter.com\/widgets.js\" charset=\"utf-8\"><\/script><\/p>\n<p>Azim ve kararl\u0131l\u0131kla y\u00fcr\u00fct\u00fclen operasyonlar kapsam\u0131nda bu y\u0131l\u0131n ba\u015f\u0131ndan itibaren 2 bin 564 ter\u00f6rist etkisiz h\u00e2le getirildi\u011finin alt\u0131n\u0131 \u00e7izen Bakan G\u00fcler, &#8220;En son, kahraman Mehmet\u00e7i\u011fin b\u00fcy\u00fck \u00f6zverisi ve gayretiyle art\u0131k Zap\u2019ta da kilit kapat\u0131lm\u0131\u015ft\u0131r. B\u00f6lgedeki faaliyetlerimiz ayn\u0131 tempo ve kararl\u0131l\u0131kla devam ediyor, edecektir&#8221; diye konu\u015ftu.<\/p>\n<p>\u200bT\u00fcrkiye ter\u00f6r\u00fc kayna\u011f\u0131nda kurutma ile m\u00fccadelesini ba\u015far\u0131yla s\u00fcrd\u00fcr\u00fcrken Milli Savunma Bakan\u0131 Ya\u015far G\u00fcler&#8217;den \u00f6nemli bir a\u00e7\u0131klama geldi\u00a0<\/p>\n<p>\u200bHaberin Al\u0131nt\u0131land\u0131\u011f\u0131 Kaynak: www.iskenderun.org<\/p>","protected":false},"excerpt":{"rendered":"<p>T\u00fcrkiye ter\u00f6r\u00fc kayna\u011f\u0131nda kurutma ile m\u00fccadelesini ba\u015far\u0131yla s\u00fcrd\u00fcr\u00fcrken Milli Savunma Bakan\u0131 Ya\u015far G\u00fcler&#8217;den \u00f6nemli bir a\u00e7\u0131klama geldi.ANKARA (\u0130GFA) &#8211;\u00a0 Mill\u00ee Savunma Bakan\u0131 Ya\u015far G\u00fcler, TBMM Plan ve B\u00fct\u00e7e Komisyonu&#8217;ndaki sunumu s\u0131ras\u0131nda, T\u00fcrk Silahl\u0131 Kuvvetleri&#8217;nin Irak\u2019\u0131n kuzeyindeki ba\u015far\u0131s\u0131n\u0131 &#8220;Zap&#8217;ta kilit kapat\u0131ld\u0131&#8221; s\u00f6zleriyle a\u00e7\u0131klad\u0131. Zap\u2019ta Kilit Kapat\u0131ld\u0131! \ud83c\uddf9\ud83c\uddf7 Mill\u00ee Savunma Bakan\u0131m\u0131z Say\u0131n Ya\u015far G\u00fcler, TBMM Plan ve B\u00fct\u00e7e Komisyonu&#39;ndaki sunumu s\u0131ras\u0131nda, T\u00fcrk Silahl\u0131 Kuvvetlerimizin Irak\u2019\u0131n kuzeyindeki ba\u015far\u0131s\u0131n\u0131 \u015fu s\u00f6zlerle anlatt\u0131: \u201cAzim ve kararl\u0131l\u0131kla y\u00fcr\u00fct\u00fclen operasyonlar kapsam\u0131nda bu y\u0131l\u0131n ba\u015f\u0131ndan\u2026 pic.twitter.com\/uVl69yZNAQ &mdash; T.C. Mill\u00ee Savunma Bakanl\u0131\u011f\u0131 (@tcsavunma) November 26, 2024 Azim ve kararl\u0131l\u0131kla y\u00fcr\u00fct\u00fclen operasyonlar kapsam\u0131nda bu y\u0131l\u0131n ba\u015f\u0131ndan itibaren 2 bin 564 ter\u00f6rist etkisiz h\u00e2le getirildi\u011finin alt\u0131n\u0131 \u00e7izen Bakan G\u00fcler, &#8220;En son, kahraman Mehmet\u00e7i\u011fin b\u00fcy\u00fck \u00f6zverisi ve gayretiyle art\u0131k Zap\u2019ta da kilit kapat\u0131lm\u0131\u015ft\u0131r. B\u00f6lgedeki faaliyetlerimiz ayn\u0131 tempo ve kararl\u0131l\u0131kla devam ediyor, edecektir&#8221; diye konu\u015ftu. \u200bT\u00fcrkiye ter\u00f6r\u00fc kayna\u011f\u0131nda kurutma ile m\u00fccadelesini ba\u015far\u0131yla s\u00fcrd\u00fcr\u00fcrken Milli Savunma Bakan\u0131 Ya\u015far G\u00fcler&#8217;den \u00f6nemli bir a\u00e7\u0131klama geldi\u00a0 \u200bHaberin Al\u0131nt\u0131land\u0131\u011f\u0131 Kaynak: www.iskenderun.org<\/p>","protected":false},"author":0,"featured_media":0,"comment_status":"open","ping_status":"open","sticky":false,"template":"","format":"standard","meta":{"_acf_changed":false,"footnotes":""},"categories":[24,535],"tags":[],"class_list":["post-17701","post","type-post","status-publish","format-standard","has-post-thumbnail","hentry","category-gundem","category-uncategorized-tr"],"acf":[],"yoast_head":"<!-- This site is optimized with the Yoast SEO Premium plugin v26.6 (Yoast SEO v27.1.1) - https:\/\/yoast.com\/product\/yoast-seo-premium-wordpress\/ -->\n<title>Zap\u2019ta kilit kapat\u0131ld\u0131! - Av. Deniz Can K\u0131z\u0131l<\/title>\n<meta name=\"robots\" content=\"index, follow, max-snippet:-1, max-image-preview:large, max-video-preview:-1\" \/>\n<link rel=\"canonical\" href=\"https:\/\/denizcankizil.tr\/de\/haberler\/gundem\/zapta-kilit-kapatildi\/\" \/>\n<meta property=\"og:locale\" content=\"de_DE\" \/>\n<meta property=\"og:type\" content=\"article\" \/>\n<meta property=\"og:title\" content=\"Zap\u2019ta kilit kapat\u0131ld\u0131!\" \/>\n<meta property=\"og:description\" content=\"T\u00fcrkiye ter\u00f6r\u00fc kayna\u011f\u0131nda kurutma ile m\u00fccadelesini ba\u015far\u0131yla s\u00fcrd\u00fcr\u00fcrken Milli Savunma Bakan\u0131 Ya\u015far G\u00fcler&#8217;den \u00f6nemli bir a\u00e7\u0131klama geldi.ANKARA (\u0130GFA) &#8211;\u00a0 Mill\u00ee Savunma Bakan\u0131 Ya\u015far G\u00fcler, TBMM Plan ve B\u00fct\u00e7e Komisyonu&#8217;ndaki sunumu s\u0131ras\u0131nda, T\u00fcrk Silahl\u0131 Kuvvetleri&#8217;nin Irak\u2019\u0131n kuzeyindeki ba\u015far\u0131s\u0131n\u0131 &#8220;Zap&#8217;ta kilit kapat\u0131ld\u0131&#8221; s\u00f6zleriyle a\u00e7\u0131klad\u0131. Zap\u2019ta Kilit Kapat\u0131ld\u0131! \ud83c\uddf9\ud83c\uddf7 Mill\u00ee Savunma Bakan\u0131m\u0131z Say\u0131n Ya\u015far G\u00fcler, TBMM Plan ve B\u00fct\u00e7e Komisyonu&#039;ndaki sunumu s\u0131ras\u0131nda, T\u00fcrk Silahl\u0131 Kuvvetlerimizin Irak\u2019\u0131n kuzeyindeki ba\u015far\u0131s\u0131n\u0131 \u015fu s\u00f6zlerle anlatt\u0131: \u201cAzim ve kararl\u0131l\u0131kla y\u00fcr\u00fct\u00fclen operasyonlar kapsam\u0131nda bu y\u0131l\u0131n ba\u015f\u0131ndan\u2026 pic.twitter.com\/uVl69yZNAQ &mdash; T.C. Mill\u00ee Savunma Bakanl\u0131\u011f\u0131 (@tcsavunma) November 26, 2024 Azim ve kararl\u0131l\u0131kla y\u00fcr\u00fct\u00fclen operasyonlar kapsam\u0131nda bu y\u0131l\u0131n ba\u015f\u0131ndan itibaren 2 bin 564 ter\u00f6rist etkisiz h\u00e2le getirildi\u011finin alt\u0131n\u0131 \u00e7izen Bakan G\u00fcler, &#8220;En son, kahraman Mehmet\u00e7i\u011fin b\u00fcy\u00fck \u00f6zverisi ve gayretiyle art\u0131k Zap\u2019ta da kilit kapat\u0131lm\u0131\u015ft\u0131r. B\u00f6lgedeki faaliyetlerimiz ayn\u0131 tempo ve kararl\u0131l\u0131kla devam ediyor, edecektir&#8221; diye konu\u015ftu. \u200bT\u00fcrkiye ter\u00f6r\u00fc kayna\u011f\u0131nda kurutma ile m\u00fccadelesini ba\u015far\u0131yla s\u00fcrd\u00fcr\u00fcrken Milli Savunma Bakan\u0131 Ya\u015far G\u00fcler&#8217;den \u00f6nemli bir a\u00e7\u0131klama geldi\u00a0 \u200bHaberin Al\u0131nt\u0131land\u0131\u011f\u0131 Kaynak: www.iskenderun.org\" \/>\n<meta property=\"og:url\" content=\"https:\/\/denizcankizil.tr\/de\/haberler\/gundem\/zapta-kilit-kapatildi\/\" \/>\n<meta property=\"og:site_name\" content=\"Av. Deniz Can K\u0131z\u0131l\" \/>\n<meta property=\"article:published_time\" content=\"2024-11-26T08:42:07+00:00\" \/>\n<meta name=\"twitter:card\" content=\"summary_large_image\" \/>\n<meta name=\"twitter:label1\" content=\"Gesch\u00e4tzte Lesezeit\" \/>\n\t<meta name=\"twitter:data1\" content=\"1\u00a0Minute\" \/>\n<script type=\"application\/ld+json\" class=\"yoast-schema-graph\">{\"@context\":\"https:\/\/schema.org\",\"@graph\":[{\"@type\":\"Article\",\"@id\":\"https:\/\/denizcankizil.tr\/de\/haberler\/gundem\/zapta-kilit-kapatildi\/#article\",\"isPartOf\":{\"@id\":\"https:\/\/denizcankizil.tr\/de\/haberler\/gundem\/zapta-kilit-kapatildi\/\"},\"author\":{\"name\":\"\",\"@id\":\"\"},\"headline\":\"Zap\u2019ta kilit kapat\u0131ld\u0131!\",\"datePublished\":\"2024-11-26T08:42:07+00:00\",\"mainEntityOfPage\":{\"@id\":\"https:\/\/denizcankizil.tr\/de\/haberler\/gundem\/zapta-kilit-kapatildi\/\"},\"wordCount\":191,\"commentCount\":0,\"publisher\":{\"@id\":\"https:\/\/denizcankizil.tr\/#organization\"},\"articleSection\":[\"G\u00fcndem\",\"Uncategorized\"],\"inLanguage\":\"de\",\"potentialAction\":[{\"@type\":\"CommentAction\",\"name\":\"Comment\",\"target\":[\"https:\/\/denizcankizil.tr\/de\/haberler\/gundem\/zapta-kilit-kapatildi\/#respond\"]}]},{\"@type\":\"WebPage\",\"@id\":\"https:\/\/denizcankizil.tr\/de\/haberler\/gundem\/zapta-kilit-kapatildi\/\",\"url\":\"https:\/\/denizcankizil.tr\/de\/haberler\/gundem\/zapta-kilit-kapatildi\/\",\"name\":\"Zap\u2019ta kilit kapat\u0131ld\u0131! - Av. Deniz Can K\u0131z\u0131l\",\"isPartOf\":{\"@id\":\"https:\/\/denizcankizil.tr\/#website\"},\"datePublished\":\"2024-11-26T08:42:07+00:00\",\"breadcrumb\":{\"@id\":\"https:\/\/denizcankizil.tr\/de\/haberler\/gundem\/zapta-kilit-kapatildi\/#breadcrumb\"},\"inLanguage\":\"de\",\"potentialAction\":[{\"@type\":\"ReadAction\",\"target\":[\"https:\/\/denizcankizil.tr\/de\/haberler\/gundem\/zapta-kilit-kapatildi\/\"]}]},{\"@type\":\"BreadcrumbList\",\"@id\":\"https:\/\/denizcankizil.tr\/de\/haberler\/gundem\/zapta-kilit-kapatildi\/#breadcrumb\",\"itemListElement\":[{\"@type\":\"ListItem\",\"position\":1,\"name\":\"Home\",\"item\":\"https:\/\/denizcankizil.tr\/de\/\"},{\"@type\":\"ListItem\",\"position\":2,\"name\":\"Zap\u2019ta kilit kapat\u0131ld\u0131!\"}]},{\"@type\":\"WebSite\",\"@id\":\"https:\/\/denizcankizil.tr\/#website\",\"url\":\"https:\/\/denizcankizil.tr\/\",\"name\":\"Av. Deniz Can K\u0131z\u0131l\",\"description\":\"Avukat Deniz Can K\u0131z\u0131l Antalya Barosu\",\"publisher\":{\"@id\":\"https:\/\/denizcankizil.tr\/#organization\"},\"potentialAction\":[{\"@type\":\"SearchAction\",\"target\":{\"@type\":\"EntryPoint\",\"urlTemplate\":\"https:\/\/denizcankizil.tr\/?s={search_term_string}\"},\"query-input\":{\"@type\":\"PropertyValueSpecification\",\"valueRequired\":true,\"valueName\":\"search_term_string\"}}],\"inLanguage\":\"de\"},{\"@type\":\"Organization\",\"@id\":\"https:\/\/denizcankizil.tr\/#organization\",\"name\":\"Av. Deniz Can K\u0131z\u0131l\",\"url\":\"https:\/\/denizcankizil.tr\/\",\"logo\":{\"@type\":\"ImageObject\",\"inLanguage\":\"de\",\"@id\":\"https:\/\/denizcankizil.tr\/#\/schema\/logo\/image\/\",\"url\":\"https:\/\/denizcankizil.tr\/wp-content\/uploads\/2024\/10\/siyah-logo-svg.svg\",\"contentUrl\":\"https:\/\/denizcankizil.tr\/wp-content\/uploads\/2024\/10\/siyah-logo-svg.svg\",\"width\":1080,\"height\":1080,\"caption\":\"Av. Deniz Can K\u0131z\u0131l\"},\"image\":{\"@id\":\"https:\/\/denizcankizil.tr\/#\/schema\/logo\/image\/\"}}]}<\/script>\n<!-- \/ Yoast SEO Premium plugin. -->","yoast_head_json":{"title":"Zap\u2019ta kilit kapat\u0131ld\u0131! - Av. Deniz Can K\u0131z\u0131l","robots":{"index":"index","follow":"follow","max-snippet":"max-snippet:-1","max-image-preview":"max-image-preview:large","max-video-preview":"max-video-preview:-1"},"canonical":"https:\/\/denizcankizil.tr\/de\/haberler\/gundem\/zapta-kilit-kapatildi\/","og_locale":"de_DE","og_type":"article","og_title":"Zap\u2019ta kilit kapat\u0131ld\u0131!","og_description":"T\u00fcrkiye ter\u00f6r\u00fc kayna\u011f\u0131nda kurutma ile m\u00fccadelesini ba\u015far\u0131yla s\u00fcrd\u00fcr\u00fcrken Milli Savunma Bakan\u0131 Ya\u015far G\u00fcler&#8217;den \u00f6nemli bir a\u00e7\u0131klama geldi.ANKARA (\u0130GFA) &#8211;\u00a0 Mill\u00ee Savunma Bakan\u0131 Ya\u015far G\u00fcler, TBMM Plan ve B\u00fct\u00e7e Komisyonu&#8217;ndaki sunumu s\u0131ras\u0131nda, T\u00fcrk Silahl\u0131 Kuvvetleri&#8217;nin Irak\u2019\u0131n kuzeyindeki ba\u015far\u0131s\u0131n\u0131 &#8220;Zap&#8217;ta kilit kapat\u0131ld\u0131&#8221; s\u00f6zleriyle a\u00e7\u0131klad\u0131. Zap\u2019ta Kilit Kapat\u0131ld\u0131! \ud83c\uddf9\ud83c\uddf7 Mill\u00ee Savunma Bakan\u0131m\u0131z Say\u0131n Ya\u015far G\u00fcler, TBMM Plan ve B\u00fct\u00e7e Komisyonu&#39;ndaki sunumu s\u0131ras\u0131nda, T\u00fcrk Silahl\u0131 Kuvvetlerimizin Irak\u2019\u0131n kuzeyindeki ba\u015far\u0131s\u0131n\u0131 \u015fu s\u00f6zlerle anlatt\u0131: \u201cAzim ve kararl\u0131l\u0131kla y\u00fcr\u00fct\u00fclen operasyonlar kapsam\u0131nda bu y\u0131l\u0131n ba\u015f\u0131ndan\u2026 pic.twitter.com\/uVl69yZNAQ &mdash; T.C. Mill\u00ee Savunma Bakanl\u0131\u011f\u0131 (@tcsavunma) November 26, 2024 Azim ve kararl\u0131l\u0131kla y\u00fcr\u00fct\u00fclen operasyonlar kapsam\u0131nda bu y\u0131l\u0131n ba\u015f\u0131ndan itibaren 2 bin 564 ter\u00f6rist etkisiz h\u00e2le getirildi\u011finin alt\u0131n\u0131 \u00e7izen Bakan G\u00fcler, &#8220;En son, kahraman Mehmet\u00e7i\u011fin b\u00fcy\u00fck \u00f6zverisi ve gayretiyle art\u0131k Zap\u2019ta da kilit kapat\u0131lm\u0131\u015ft\u0131r. B\u00f6lgedeki faaliyetlerimiz ayn\u0131 tempo ve kararl\u0131l\u0131kla devam ediyor, edecektir&#8221; diye konu\u015ftu. \u200bT\u00fcrkiye ter\u00f6r\u00fc kayna\u011f\u0131nda kurutma ile m\u00fccadelesini ba\u015far\u0131yla s\u00fcrd\u00fcr\u00fcrken Milli Savunma Bakan\u0131 Ya\u015far G\u00fcler&#8217;den \u00f6nemli bir a\u00e7\u0131klama geldi\u00a0 \u200bHaberin Al\u0131nt\u0131land\u0131\u011f\u0131 Kaynak: www.iskenderun.org","og_url":"https:\/\/denizcankizil.tr\/de\/haberler\/gundem\/zapta-kilit-kapatildi\/","og_site_name":"Av. Deniz Can K\u0131z\u0131l","article_published_time":"2024-11-26T08:42:07+00:00","twitter_card":"summary_large_image","twitter_misc":{"Gesch\u00e4tzte Lesezeit":"1\u00a0Minute"},"schema":{"@context":"https:\/\/schema.org","@graph":[{"@type":"Article","@id":"https:\/\/denizcankizil.tr\/de\/haberler\/gundem\/zapta-kilit-kapatildi\/#article","isPartOf":{"@id":"https:\/\/denizcankizil.tr\/de\/haberler\/gundem\/zapta-kilit-kapatildi\/"},"author":{"name":"","@id":""},"headline":"Zap\u2019ta kilit kapat\u0131ld\u0131!","datePublished":"2024-11-26T08:42:07+00:00","mainEntityOfPage":{"@id":"https:\/\/denizcankizil.tr\/de\/haberler\/gundem\/zapta-kilit-kapatildi\/"},"wordCount":191,"commentCount":0,"publisher":{"@id":"https:\/\/denizcankizil.tr\/#organization"},"articleSection":["G\u00fcndem","Uncategorized"],"inLanguage":"de","potentialAction":[{"@type":"CommentAction","name":"Comment","target":["https:\/\/denizcankizil.tr\/de\/haberler\/gundem\/zapta-kilit-kapatildi\/#respond"]}]},{"@type":"WebPage","@id":"https:\/\/denizcankizil.tr\/de\/haberler\/gundem\/zapta-kilit-kapatildi\/","url":"https:\/\/denizcankizil.tr\/de\/haberler\/gundem\/zapta-kilit-kapatildi\/","name":"Zap\u2019ta kilit kapat\u0131ld\u0131! - Av. Deniz Can K\u0131z\u0131l","isPartOf":{"@id":"https:\/\/denizcankizil.tr\/#website"},"datePublished":"2024-11-26T08:42:07+00:00","breadcrumb":{"@id":"https:\/\/denizcankizil.tr\/de\/haberler\/gundem\/zapta-kilit-kapatildi\/#breadcrumb"},"inLanguage":"de","potentialAction":[{"@type":"ReadAction","target":["https:\/\/denizcankizil.tr\/de\/haberler\/gundem\/zapta-kilit-kapatildi\/"]}]},{"@type":"BreadcrumbList","@id":"https:\/\/denizcankizil.tr\/de\/haberler\/gundem\/zapta-kilit-kapatildi\/#breadcrumb","itemListElement":[{"@type":"ListItem","position":1,"name":"Home","item":"https:\/\/denizcankizil.tr\/de\/"},{"@type":"ListItem","position":2,"name":"Zap\u2019ta kilit kapat\u0131ld\u0131!"}]},{"@type":"WebSite","@id":"https:\/\/denizcankizil.tr\/#website","url":"https:\/\/denizcankizil.tr\/","name":"Av. Deniz Can K\u0131z\u0131l","description":"Avukat Deniz Can K\u0131z\u0131l Antalya Barosu","publisher":{"@id":"https:\/\/denizcankizil.tr\/#organization"},"potentialAction":[{"@type":"SearchAction","target":{"@type":"EntryPoint","urlTemplate":"https:\/\/denizcankizil.tr\/?s={search_term_string}"},"query-input":{"@type":"PropertyValueSpecification","valueRequired":true,"valueName":"search_term_string"}}],"inLanguage":"de"},{"@type":"Organization","@id":"https:\/\/denizcankizil.tr\/#organization","name":"Av. Deniz Can K\u0131z\u0131l","url":"https:\/\/denizcankizil.tr\/","logo":{"@type":"ImageObject","inLanguage":"de","@id":"https:\/\/denizcankizil.tr\/#\/schema\/logo\/image\/","url":"https:\/\/denizcankizil.tr\/wp-content\/uploads\/2024\/10\/siyah-logo-svg.svg","contentUrl":"https:\/\/denizcankizil.tr\/wp-content\/uploads\/2024\/10\/siyah-logo-svg.svg","width":1080,"height":1080,"caption":"Av. Deniz Can K\u0131z\u0131l"},"image":{"@id":"https:\/\/denizcankizil.tr\/#\/schema\/logo\/image\/"}}]}},"_links":{"self":[{"href":"https:\/\/denizcankizil.tr\/de\/wp-json\/wp\/v2\/posts\/17701","targetHints":{"allow":["GET"]}}],"collection":[{"href":"https:\/\/denizcankizil.tr\/de\/wp-json\/wp\/v2\/posts"}],"about":[{"href":"https:\/\/denizcankizil.tr\/de\/wp-json\/wp\/v2\/types\/post"}],"replies":[{"embeddable":true,"href":"https:\/\/denizcankizil.tr\/de\/wp-json\/wp\/v2\/comments?post=17701"}],"version-history":[{"count":0,"href":"https:\/\/denizcankizil.tr\/de\/wp-json\/wp\/v2\/posts\/17701\/revisions"}],"wp:attachment":[{"href":"https:\/\/denizcankizil.tr\/de\/wp-json\/wp\/v2\/media?parent=17701"}],"wp:term":[{"taxonomy":"category","embeddable":true,"href":"https:\/\/denizcankizil.tr\/de\/wp-json\/wp\/v2\/categories?post=17701"},{"taxonomy":"post_tag","embeddable":true,"href":"https:\/\/denizcankizil.tr\/de\/wp-json\/wp\/v2\/tags?post=17701"}],"curies":[{"name":"wp","href":"https:\/\/api.w.org\/{rel}","templated":true}]}}