{"id":17499,"date":"2024-11-25T10:41:57","date_gmt":"2024-11-25T07:41:57","guid":{"rendered":"https:\/\/denizcankizil.tr\/uncategorized-tr\/igef25-fuar-hazirliklari-basladi\/"},"modified":"2024-11-25T10:41:57","modified_gmt":"2024-11-25T07:41:57","slug":"igef25-fuar-hazirliklari-basladi","status":"publish","type":"post","link":"https:\/\/denizcankizil.tr\/de\/haberler\/gundem\/igef25-fuar-hazirliklari-basladi\/","title":{"rendered":"\u0130GEF&#8217;25 Fuar haz\u0131rl\u0131klar\u0131 ba\u015flad\u0131"},"content":{"rendered":"<p>\u0130\u00e7i\u015fleri Bakanl\u0131\u011f\u0131 taraf\u0131ndan d\u00fczenlenen ve 2025 y\u0131l\u0131nda yap\u0131la cak olan \u0130\u00e7 G\u00fcvenlik Ekipmanlar\u0131 Fuar\u0131\u2019n\u0131n (\u0130GEF) tan\u0131t\u0131m toplant\u0131s\u0131 Ankara ATO Congresium&#8217;da ger\u00e7ekle\u015ftirildi.ANKARA (\u0130GFA) &#8211;\u00a0\u0130\u00e7i\u015fleri Bakanl\u0131\u011f\u0131 himayesinde; T.C. Cumhurba\u015fkanl\u0131\u011f\u0131 Savunma Sanayii Ba\u015fkanl\u0131\u011f\u0131, Emniyet Genel M\u00fcd\u00fcrl\u00fc\u011f\u00fc, Jandarma Genel Komutanl\u0131\u011f\u0131, Sahil G\u00fcvenlik Komutanl\u0131\u011f\u0131, AFAD, ATO taraf\u0131ndan desteklenen ve Expolink Fuarc\u0131l\u0131k A.\u015e. taraf\u0131ndan d\u00fczenlenen \u0130\u00e7 G\u00fcvenlik Ekipmanlar\u0131 Fuar\u0131 (\u0130GEF) tan\u0131t\u0131m\u0131 Ankara ATO Congresium&#8217;da ger\u00e7ekle\u015ftirildi. \u0130GEF payda\u015flar\u0131 ve destekleyen STK\u2019lardan; T\u00fcrk Polis Te\u015fkilat\u0131 G\u00fc\u00e7lendirme Vakf\u0131 (TPTGV) Genel M\u00fcd\u00fcr\u00fc \u0130zzet Tuna, Jandarma Asayi\u015f Vakf\u0131 (JAV) Genel M\u00fcd\u00fcr Yrd. Atilla \u00d6nal, Silah Sanayicileri ve Patlay\u0131c\u0131 Maddeler \u0130\u015f Adamlar\u0131 Derne\u011fi (S\u0130S\u0130AD) Ba\u015fkan\u0131 Mehmet Cafer Say\u0131l\u0131r ile Expolink Fuarc\u0131l\u0131k Y\u00f6netim Kurulu Ba\u015fkan\u0131 Zeki Erdo\u011fan\u2019\u0131n kat\u0131ld\u0131\u011f\u0131 bas\u0131n toplant\u0131s\u0131, yerel, sekt\u00f6rel ve ulusal medya kurulu\u015flar\u0131ndan 50\u2019ye yak\u0131n bas\u0131n mensubu taraf\u0131ndan takip edildi.\u00a0B\u00f6yle bir organizasyona ev sahipli\u011fi\u00a0yapman\u0131n T\u00fcrkiye i\u00e7in son derece \u00f6nemli oldu\u011funa dikkat \u00e7eken Expolink\u00a0Fuarc\u0131l\u0131k Y\u00f6netim Kurulu Ba\u015fkan\u0131 Zeki Erdo\u011fan, ihracat hedeflerimize katk\u0131da\u00a0bulunan fuarlar\u0131n, milli projeler ve sanayi geli\u015fimi \u00fczerinde ciddi olumlu etkileri\u00a0oldu\u011funu belirtti. \u0130GEF\u2019in Savunma sanayiindeki di\u011fer fuarlar\u0131n alternatifi\u00a0olmad\u0131\u011f\u0131n\u0131 vurgulayan Erdo\u011fan \u201cT\u00fcrkiye&#8217;nin savunma sanayii alan\u0131nda \u00e7ok g\u00fc\u00e7l\u00fc\u00a0fuarlar\u0131 var. D\u00fcnyan\u0131n bir\u00e7ok \u00fclkesinde i\u00e7 g\u00fcvenlikle ilgili fuarlar organize\u00a0edilirken \u00fclkemizde sadece iki savunma fuar\u0131 markala\u015fm\u0131\u015ft\u0131r. \u0130\u00e7i\u015fleri\u00a0Bakanl\u0131\u011f\u0131m\u0131z\u0131n ihtiya\u00e7lar\u0131n\u0131 \u00fcreten ve tedarik eden firmalar\u0131n \u00fcr\u00fcnlerini i\u00e7 ve\u00a0d\u0131\u015f pazarda g\u00f6sterebilece\u011fi kapsaml\u0131 bir \u00e7at\u0131 fuara duyulan ihtiya\u00e7 \u0130GEF\u2019i\u00a0do\u011furmu\u015ftur. \u0130\u00e7 g\u00fcvenlik alan\u0131ndaki fuar eksi\u011fini \u0130GEF markas\u0131 olu\u015fturarak\u00a0b\u00f6lgemizin \u00f6nemli bir fuar\u0131 haline gelmesi i\u00e7in, ba\u015fta \u0130\u00e7i\u015fleri Bakanl\u0131\u011f\u0131m\u0131z ve\u00a0Savunma Sanayii Ba\u015fkanl\u0131\u011f\u0131m\u0131z olmak \u00fczere kurumlar\u0131n ve sekt\u00f6r firmalar\u0131n\u0131n verdi\u011fi\u00a0deste\u011fe te\u015fekk\u00fcr ediyorum\u201d dedi.<br \/>\n\u201cBa\u011f\u0131ms\u0131zl\u0131k i\u00e7in yerli \u00fcretim \u015fart\u201d<br \/>\nSilah Sanayicileri ve Patlay\u0131c\u0131\u00a0Maddeler \u0130\u015f Adamlar\u0131 Derne\u011fi (S\u0130S\u0130AD) Ba\u015fkan\u0131 Mehmet Cafer Say\u0131l\u0131r da yerli ve\u00a0milli savunma sanayinin \u00f6nemine de\u011finerek \u201cT\u00fcrkiye kendini savunabilme ve\u00a0ba\u011f\u0131ms\u0131zl\u0131k i\u00e7in \u00fcretmelidir. Silah sanayiinde d\u0131\u015fa ba\u011f\u0131ml\u0131 olundu\u011funda yabanc\u0131\u00a0\u00fclkeler \u00e7e\u015fitli gerek\u00e7elerle ambargo uyguluyorlar. G\u00fcn\u00fcm\u00fczde T\u00fcrk askeri, T\u00fcrk\u00a0polisi yakla\u015f\u0131k %80 civar\u0131nda bir oranda yerli ve milli \u00fcretim silah ve\u00a0m\u00fchimmat kullan\u0131yor. \u0130GEF yerli \u00fcretimin, milli sanayinin geli\u015fimi ve ihracata\u00a0katk\u0131 sa\u011flamas\u0131 a\u00e7\u0131s\u0131ndan \u00e7ok de\u011ferli\u201d ifadelerini kulland\u0131.<br \/>\n\u0130GEF 2025, 18 Eyl\u00fcl\u2019de Ankara\u2019da a\u00e7\u0131lacak.<br \/>\n\u0130\u00e7 g\u00fcvenlik ekipmanlar\u0131, silah,\u00a0m\u00fchimmat, ara\u00e7, gere\u00e7, te\u00e7hizat, yaz\u0131l\u0131m, kamera, g\u00fcvenlik teknoloji ve\u00a0hizmetleri, siber g\u00fcvenlik ile \u00f6zel g\u00fcvenlik alan\u0131nda ilk kez geni\u015f kapsaml\u0131\u00a0olarak d\u00fczenlenen \u0130\u00e7 G\u00fcvenlik Ekipmanlar\u0131 Fuar\u0131 IGEF 2024&#8217;e 72 firma kat\u0131l\u0131rken\u00a012 binin \u00fczerinde ziyaret\u00e7iye ula\u015f\u0131ld\u0131. Yurt d\u0131\u015f\u0131ndan ise al\u0131m heyeti olarak 25\u00a0\u00fclkeden 282 yabanc\u0131 kat\u0131l\u0131mc\u0131 a\u011f\u0131rland\u0131. Haz\u0131rl\u0131klar\u0131na ba\u015flanan IGEF 2025 i\u00e7in\u00a0ise resmi olarak 83 \u00fclkeden \u0130\u00e7 g\u00fcvenlik b\u00fcrokratlar\u0131, al\u0131m heyeti ve yetkilileri\u00a0davet edildi. 18-20 Eyl\u00fcl 2025 tarihlerinde Ankara ATO Fuar ve Kongre\u00a0Merkezi&#8217;nde ger\u00e7ekle\u015fecek \u0130GEF 2025\u2019de 200&#8217;\u00fcn \u00fczerinde kat\u0131l\u0131mc\u0131 firma ve 20\u00a0bine yak\u0131n ziyaret\u00e7i bekleniyor. \u0130\u00e7i\u015fleri Bakanl\u0131\u011f\u0131 himayelerinde d\u00fczenlenecek\u00a0olan ve g\u00f6zde kurumlar\u0131n destekledi\u011fi fuar, d\u00fcnya \u00e7ap\u0131nda i\u015f ba\u011flant\u0131lar\u0131\u00a0kurmak isteyen profesyonellerin bulu\u015ftu\u011fu uluslararas\u0131 bir platform haline gelme\u00a0yolunda h\u0131zla ilerliyor.<\/p>\n<p>\u200b\u0130\u00e7i\u015fleri Bakanl\u0131\u011f\u0131 taraf\u0131ndan d\u00fczenlenen ve 2025 y\u0131l\u0131nda yap\u0131la cak olan \u0130\u00e7 G\u00fcvenlik Ekipmanlar\u0131 Fuar\u0131\u2019n\u0131n (\u0130GEF) tan\u0131t\u0131m toplant\u0131s\u0131 Ankara ATO Congresium&#8217;da ger\u00e7ekle\u015ftirildi\u00a0<\/p>\n<p>\u200bHaberin Al\u0131nt\u0131land\u0131\u011f\u0131 Kaynak: www.iskenderun.org<\/p>","protected":false},"excerpt":{"rendered":"<p>\u0130\u00e7i\u015fleri Bakanl\u0131\u011f\u0131 taraf\u0131ndan d\u00fczenlenen ve 2025 y\u0131l\u0131nda yap\u0131la cak olan \u0130\u00e7 G\u00fcvenlik Ekipmanlar\u0131 Fuar\u0131\u2019n\u0131n (\u0130GEF) tan\u0131t\u0131m toplant\u0131s\u0131 Ankara ATO Congresium&#8217;da ger\u00e7ekle\u015ftirildi.ANKARA (\u0130GFA) &#8211;\u00a0\u0130\u00e7i\u015fleri Bakanl\u0131\u011f\u0131 himayesinde; T.C. Cumhurba\u015fkanl\u0131\u011f\u0131 Savunma Sanayii Ba\u015fkanl\u0131\u011f\u0131, Emniyet Genel M\u00fcd\u00fcrl\u00fc\u011f\u00fc, Jandarma Genel Komutanl\u0131\u011f\u0131, Sahil G\u00fcvenlik Komutanl\u0131\u011f\u0131, AFAD, ATO taraf\u0131ndan desteklenen ve Expolink Fuarc\u0131l\u0131k A.\u015e. taraf\u0131ndan d\u00fczenlenen \u0130\u00e7 G\u00fcvenlik Ekipmanlar\u0131 Fuar\u0131 (\u0130GEF) tan\u0131t\u0131m\u0131 Ankara ATO Congresium&#8217;da ger\u00e7ekle\u015ftirildi. \u0130GEF payda\u015flar\u0131 ve destekleyen STK\u2019lardan; T\u00fcrk Polis Te\u015fkilat\u0131 G\u00fc\u00e7lendirme Vakf\u0131 (TPTGV) Genel M\u00fcd\u00fcr\u00fc \u0130zzet Tuna, Jandarma Asayi\u015f Vakf\u0131 (JAV) Genel M\u00fcd\u00fcr Yrd. Atilla \u00d6nal, Silah Sanayicileri ve Patlay\u0131c\u0131 Maddeler \u0130\u015f Adamlar\u0131 Derne\u011fi (S\u0130S\u0130AD) Ba\u015fkan\u0131 Mehmet Cafer Say\u0131l\u0131r ile Expolink Fuarc\u0131l\u0131k Y\u00f6netim Kurulu Ba\u015fkan\u0131 Zeki Erdo\u011fan\u2019\u0131n kat\u0131ld\u0131\u011f\u0131 bas\u0131n toplant\u0131s\u0131, yerel, sekt\u00f6rel ve ulusal medya kurulu\u015flar\u0131ndan 50\u2019ye yak\u0131n bas\u0131n mensubu taraf\u0131ndan takip edildi.\u00a0B\u00f6yle bir organizasyona ev sahipli\u011fi\u00a0yapman\u0131n T\u00fcrkiye i\u00e7in son derece \u00f6nemli oldu\u011funa dikkat \u00e7eken Expolink\u00a0Fuarc\u0131l\u0131k Y\u00f6netim Kurulu Ba\u015fkan\u0131 Zeki Erdo\u011fan, ihracat hedeflerimize katk\u0131da\u00a0bulunan fuarlar\u0131n, milli projeler ve sanayi geli\u015fimi \u00fczerinde ciddi olumlu etkileri\u00a0oldu\u011funu belirtti. \u0130GEF\u2019in Savunma sanayiindeki di\u011fer fuarlar\u0131n alternatifi\u00a0olmad\u0131\u011f\u0131n\u0131 vurgulayan Erdo\u011fan \u201cT\u00fcrkiye&#8217;nin savunma sanayii alan\u0131nda \u00e7ok g\u00fc\u00e7l\u00fc\u00a0fuarlar\u0131 var. D\u00fcnyan\u0131n bir\u00e7ok \u00fclkesinde i\u00e7 g\u00fcvenlikle ilgili fuarlar organize\u00a0edilirken \u00fclkemizde sadece iki savunma fuar\u0131 markala\u015fm\u0131\u015ft\u0131r. \u0130\u00e7i\u015fleri\u00a0Bakanl\u0131\u011f\u0131m\u0131z\u0131n ihtiya\u00e7lar\u0131n\u0131 \u00fcreten ve tedarik eden firmalar\u0131n \u00fcr\u00fcnlerini i\u00e7 ve\u00a0d\u0131\u015f pazarda g\u00f6sterebilece\u011fi kapsaml\u0131 bir \u00e7at\u0131 fuara duyulan ihtiya\u00e7 \u0130GEF\u2019i\u00a0do\u011furmu\u015ftur. &hellip;<\/p>","protected":false},"author":0,"featured_media":0,"comment_status":"open","ping_status":"open","sticky":false,"template":"","format":"standard","meta":{"_acf_changed":false,"footnotes":""},"categories":[24,535],"tags":[],"class_list":["post-17499","post","type-post","status-publish","format-standard","has-post-thumbnail","hentry","category-gundem","category-uncategorized-tr"],"acf":[],"yoast_head":"<!-- This site is optimized with the Yoast SEO Premium plugin v26.6 (Yoast SEO v27.1.1) - https:\/\/yoast.com\/product\/yoast-seo-premium-wordpress\/ -->\n<title>\u0130GEF&#039;25 Fuar haz\u0131rl\u0131klar\u0131 ba\u015flad\u0131 - Av. Deniz Can K\u0131z\u0131l<\/title>\n<meta name=\"robots\" content=\"index, follow, max-snippet:-1, max-image-preview:large, max-video-preview:-1\" \/>\n<link rel=\"canonical\" href=\"https:\/\/denizcankizil.tr\/de\/haberler\/gundem\/igef25-fuar-hazirliklari-basladi\/\" \/>\n<meta property=\"og:locale\" content=\"de_DE\" \/>\n<meta property=\"og:type\" content=\"article\" \/>\n<meta property=\"og:title\" content=\"\u0130GEF&#039;25 Fuar haz\u0131rl\u0131klar\u0131 ba\u015flad\u0131\" \/>\n<meta property=\"og:description\" content=\"\u0130\u00e7i\u015fleri Bakanl\u0131\u011f\u0131 taraf\u0131ndan d\u00fczenlenen ve 2025 y\u0131l\u0131nda yap\u0131la cak olan \u0130\u00e7 G\u00fcvenlik Ekipmanlar\u0131 Fuar\u0131\u2019n\u0131n (\u0130GEF) tan\u0131t\u0131m toplant\u0131s\u0131 Ankara ATO Congresium&#8217;da ger\u00e7ekle\u015ftirildi.ANKARA (\u0130GFA) &#8211;\u00a0\u0130\u00e7i\u015fleri Bakanl\u0131\u011f\u0131 himayesinde; T.C. Cumhurba\u015fkanl\u0131\u011f\u0131 Savunma Sanayii Ba\u015fkanl\u0131\u011f\u0131, Emniyet Genel M\u00fcd\u00fcrl\u00fc\u011f\u00fc, Jandarma Genel Komutanl\u0131\u011f\u0131, Sahil G\u00fcvenlik Komutanl\u0131\u011f\u0131, AFAD, ATO taraf\u0131ndan desteklenen ve Expolink Fuarc\u0131l\u0131k A.\u015e. taraf\u0131ndan d\u00fczenlenen \u0130\u00e7 G\u00fcvenlik Ekipmanlar\u0131 Fuar\u0131 (\u0130GEF) tan\u0131t\u0131m\u0131 Ankara ATO Congresium&#8217;da ger\u00e7ekle\u015ftirildi. \u0130GEF payda\u015flar\u0131 ve destekleyen STK\u2019lardan; T\u00fcrk Polis Te\u015fkilat\u0131 G\u00fc\u00e7lendirme Vakf\u0131 (TPTGV) Genel M\u00fcd\u00fcr\u00fc \u0130zzet Tuna, Jandarma Asayi\u015f Vakf\u0131 (JAV) Genel M\u00fcd\u00fcr Yrd. Atilla \u00d6nal, Silah Sanayicileri ve Patlay\u0131c\u0131 Maddeler \u0130\u015f Adamlar\u0131 Derne\u011fi (S\u0130S\u0130AD) Ba\u015fkan\u0131 Mehmet Cafer Say\u0131l\u0131r ile Expolink Fuarc\u0131l\u0131k Y\u00f6netim Kurulu Ba\u015fkan\u0131 Zeki Erdo\u011fan\u2019\u0131n kat\u0131ld\u0131\u011f\u0131 bas\u0131n toplant\u0131s\u0131, yerel, sekt\u00f6rel ve ulusal medya kurulu\u015flar\u0131ndan 50\u2019ye yak\u0131n bas\u0131n mensubu taraf\u0131ndan takip edildi.\u00a0B\u00f6yle bir organizasyona ev sahipli\u011fi\u00a0yapman\u0131n T\u00fcrkiye i\u00e7in son derece \u00f6nemli oldu\u011funa dikkat \u00e7eken Expolink\u00a0Fuarc\u0131l\u0131k Y\u00f6netim Kurulu Ba\u015fkan\u0131 Zeki Erdo\u011fan, ihracat hedeflerimize katk\u0131da\u00a0bulunan fuarlar\u0131n, milli projeler ve sanayi geli\u015fimi \u00fczerinde ciddi olumlu etkileri\u00a0oldu\u011funu belirtti. \u0130GEF\u2019in Savunma sanayiindeki di\u011fer fuarlar\u0131n alternatifi\u00a0olmad\u0131\u011f\u0131n\u0131 vurgulayan Erdo\u011fan \u201cT\u00fcrkiye&#8217;nin savunma sanayii alan\u0131nda \u00e7ok g\u00fc\u00e7l\u00fc\u00a0fuarlar\u0131 var. D\u00fcnyan\u0131n bir\u00e7ok \u00fclkesinde i\u00e7 g\u00fcvenlikle ilgili fuarlar organize\u00a0edilirken \u00fclkemizde sadece iki savunma fuar\u0131 markala\u015fm\u0131\u015ft\u0131r. \u0130\u00e7i\u015fleri\u00a0Bakanl\u0131\u011f\u0131m\u0131z\u0131n ihtiya\u00e7lar\u0131n\u0131 \u00fcreten ve tedarik eden firmalar\u0131n \u00fcr\u00fcnlerini i\u00e7 ve\u00a0d\u0131\u015f pazarda g\u00f6sterebilece\u011fi kapsaml\u0131 bir \u00e7at\u0131 fuara duyulan ihtiya\u00e7 \u0130GEF\u2019i\u00a0do\u011furmu\u015ftur. &hellip;\" \/>\n<meta property=\"og:url\" content=\"https:\/\/denizcankizil.tr\/de\/haberler\/gundem\/igef25-fuar-hazirliklari-basladi\/\" \/>\n<meta property=\"og:site_name\" content=\"Av. Deniz Can K\u0131z\u0131l\" \/>\n<meta property=\"article:published_time\" content=\"2024-11-25T07:41:57+00:00\" \/>\n<meta name=\"twitter:card\" content=\"summary_large_image\" \/>\n<meta name=\"twitter:label1\" content=\"Gesch\u00e4tzte Lesezeit\" \/>\n\t<meta name=\"twitter:data1\" content=\"3\u00a0Minuten\" \/>\n<script type=\"application\/ld+json\" class=\"yoast-schema-graph\">{\"@context\":\"https:\/\/schema.org\",\"@graph\":[{\"@type\":\"Article\",\"@id\":\"https:\/\/denizcankizil.tr\/de\/haberler\/gundem\/igef25-fuar-hazirliklari-basladi\/#article\",\"isPartOf\":{\"@id\":\"https:\/\/denizcankizil.tr\/de\/haberler\/gundem\/igef25-fuar-hazirliklari-basladi\/\"},\"author\":{\"name\":\"\",\"@id\":\"\"},\"headline\":\"\u0130GEF&#8217;25 Fuar haz\u0131rl\u0131klar\u0131 ba\u015flad\u0131\",\"datePublished\":\"2024-11-25T07:41:57+00:00\",\"mainEntityOfPage\":{\"@id\":\"https:\/\/denizcankizil.tr\/de\/haberler\/gundem\/igef25-fuar-hazirliklari-basladi\/\"},\"wordCount\":695,\"commentCount\":0,\"publisher\":{\"@id\":\"https:\/\/denizcankizil.tr\/#organization\"},\"articleSection\":[\"G\u00fcndem\",\"Uncategorized\"],\"inLanguage\":\"de\",\"potentialAction\":[{\"@type\":\"CommentAction\",\"name\":\"Comment\",\"target\":[\"https:\/\/denizcankizil.tr\/de\/haberler\/gundem\/igef25-fuar-hazirliklari-basladi\/#respond\"]}]},{\"@type\":\"WebPage\",\"@id\":\"https:\/\/denizcankizil.tr\/de\/haberler\/gundem\/igef25-fuar-hazirliklari-basladi\/\",\"url\":\"https:\/\/denizcankizil.tr\/de\/haberler\/gundem\/igef25-fuar-hazirliklari-basladi\/\",\"name\":\"\u0130GEF'25 Fuar haz\u0131rl\u0131klar\u0131 ba\u015flad\u0131 - Av. Deniz Can K\u0131z\u0131l\",\"isPartOf\":{\"@id\":\"https:\/\/denizcankizil.tr\/#website\"},\"datePublished\":\"2024-11-25T07:41:57+00:00\",\"breadcrumb\":{\"@id\":\"https:\/\/denizcankizil.tr\/de\/haberler\/gundem\/igef25-fuar-hazirliklari-basladi\/#breadcrumb\"},\"inLanguage\":\"de\",\"potentialAction\":[{\"@type\":\"ReadAction\",\"target\":[\"https:\/\/denizcankizil.tr\/de\/haberler\/gundem\/igef25-fuar-hazirliklari-basladi\/\"]}]},{\"@type\":\"BreadcrumbList\",\"@id\":\"https:\/\/denizcankizil.tr\/de\/haberler\/gundem\/igef25-fuar-hazirliklari-basladi\/#breadcrumb\",\"itemListElement\":[{\"@type\":\"ListItem\",\"position\":1,\"name\":\"Home\",\"item\":\"https:\/\/denizcankizil.tr\/de\/\"},{\"@type\":\"ListItem\",\"position\":2,\"name\":\"\u0130GEF&#8217;25 Fuar haz\u0131rl\u0131klar\u0131 ba\u015flad\u0131\"}]},{\"@type\":\"WebSite\",\"@id\":\"https:\/\/denizcankizil.tr\/#website\",\"url\":\"https:\/\/denizcankizil.tr\/\",\"name\":\"Av. Deniz Can K\u0131z\u0131l\",\"description\":\"Avukat Deniz Can K\u0131z\u0131l Antalya Barosu\",\"publisher\":{\"@id\":\"https:\/\/denizcankizil.tr\/#organization\"},\"potentialAction\":[{\"@type\":\"SearchAction\",\"target\":{\"@type\":\"EntryPoint\",\"urlTemplate\":\"https:\/\/denizcankizil.tr\/?s={search_term_string}\"},\"query-input\":{\"@type\":\"PropertyValueSpecification\",\"valueRequired\":true,\"valueName\":\"search_term_string\"}}],\"inLanguage\":\"de\"},{\"@type\":\"Organization\",\"@id\":\"https:\/\/denizcankizil.tr\/#organization\",\"name\":\"Av. Deniz Can K\u0131z\u0131l\",\"url\":\"https:\/\/denizcankizil.tr\/\",\"logo\":{\"@type\":\"ImageObject\",\"inLanguage\":\"de\",\"@id\":\"https:\/\/denizcankizil.tr\/#\/schema\/logo\/image\/\",\"url\":\"https:\/\/denizcankizil.tr\/wp-content\/uploads\/2024\/10\/siyah-logo-svg.svg\",\"contentUrl\":\"https:\/\/denizcankizil.tr\/wp-content\/uploads\/2024\/10\/siyah-logo-svg.svg\",\"width\":1080,\"height\":1080,\"caption\":\"Av. Deniz Can K\u0131z\u0131l\"},\"image\":{\"@id\":\"https:\/\/denizcankizil.tr\/#\/schema\/logo\/image\/\"}}]}<\/script>\n<!-- \/ Yoast SEO Premium plugin. -->","yoast_head_json":{"title":"\u0130GEF'25 Fuar haz\u0131rl\u0131klar\u0131 ba\u015flad\u0131 - Av. Deniz Can K\u0131z\u0131l","robots":{"index":"index","follow":"follow","max-snippet":"max-snippet:-1","max-image-preview":"max-image-preview:large","max-video-preview":"max-video-preview:-1"},"canonical":"https:\/\/denizcankizil.tr\/de\/haberler\/gundem\/igef25-fuar-hazirliklari-basladi\/","og_locale":"de_DE","og_type":"article","og_title":"\u0130GEF'25 Fuar haz\u0131rl\u0131klar\u0131 ba\u015flad\u0131","og_description":"\u0130\u00e7i\u015fleri Bakanl\u0131\u011f\u0131 taraf\u0131ndan d\u00fczenlenen ve 2025 y\u0131l\u0131nda yap\u0131la cak olan \u0130\u00e7 G\u00fcvenlik Ekipmanlar\u0131 Fuar\u0131\u2019n\u0131n (\u0130GEF) tan\u0131t\u0131m toplant\u0131s\u0131 Ankara ATO Congresium&#8217;da ger\u00e7ekle\u015ftirildi.ANKARA (\u0130GFA) &#8211;\u00a0\u0130\u00e7i\u015fleri Bakanl\u0131\u011f\u0131 himayesinde; T.C. Cumhurba\u015fkanl\u0131\u011f\u0131 Savunma Sanayii Ba\u015fkanl\u0131\u011f\u0131, Emniyet Genel M\u00fcd\u00fcrl\u00fc\u011f\u00fc, Jandarma Genel Komutanl\u0131\u011f\u0131, Sahil G\u00fcvenlik Komutanl\u0131\u011f\u0131, AFAD, ATO taraf\u0131ndan desteklenen ve Expolink Fuarc\u0131l\u0131k A.\u015e. taraf\u0131ndan d\u00fczenlenen \u0130\u00e7 G\u00fcvenlik Ekipmanlar\u0131 Fuar\u0131 (\u0130GEF) tan\u0131t\u0131m\u0131 Ankara ATO Congresium&#8217;da ger\u00e7ekle\u015ftirildi. \u0130GEF payda\u015flar\u0131 ve destekleyen STK\u2019lardan; T\u00fcrk Polis Te\u015fkilat\u0131 G\u00fc\u00e7lendirme Vakf\u0131 (TPTGV) Genel M\u00fcd\u00fcr\u00fc \u0130zzet Tuna, Jandarma Asayi\u015f Vakf\u0131 (JAV) Genel M\u00fcd\u00fcr Yrd. Atilla \u00d6nal, Silah Sanayicileri ve Patlay\u0131c\u0131 Maddeler \u0130\u015f Adamlar\u0131 Derne\u011fi (S\u0130S\u0130AD) Ba\u015fkan\u0131 Mehmet Cafer Say\u0131l\u0131r ile Expolink Fuarc\u0131l\u0131k Y\u00f6netim Kurulu Ba\u015fkan\u0131 Zeki Erdo\u011fan\u2019\u0131n kat\u0131ld\u0131\u011f\u0131 bas\u0131n toplant\u0131s\u0131, yerel, sekt\u00f6rel ve ulusal medya kurulu\u015flar\u0131ndan 50\u2019ye yak\u0131n bas\u0131n mensubu taraf\u0131ndan takip edildi.\u00a0B\u00f6yle bir organizasyona ev sahipli\u011fi\u00a0yapman\u0131n T\u00fcrkiye i\u00e7in son derece \u00f6nemli oldu\u011funa dikkat \u00e7eken Expolink\u00a0Fuarc\u0131l\u0131k Y\u00f6netim Kurulu Ba\u015fkan\u0131 Zeki Erdo\u011fan, ihracat hedeflerimize katk\u0131da\u00a0bulunan fuarlar\u0131n, milli projeler ve sanayi geli\u015fimi \u00fczerinde ciddi olumlu etkileri\u00a0oldu\u011funu belirtti. \u0130GEF\u2019in Savunma sanayiindeki di\u011fer fuarlar\u0131n alternatifi\u00a0olmad\u0131\u011f\u0131n\u0131 vurgulayan Erdo\u011fan \u201cT\u00fcrkiye&#8217;nin savunma sanayii alan\u0131nda \u00e7ok g\u00fc\u00e7l\u00fc\u00a0fuarlar\u0131 var. D\u00fcnyan\u0131n bir\u00e7ok \u00fclkesinde i\u00e7 g\u00fcvenlikle ilgili fuarlar organize\u00a0edilirken \u00fclkemizde sadece iki savunma fuar\u0131 markala\u015fm\u0131\u015ft\u0131r. \u0130\u00e7i\u015fleri\u00a0Bakanl\u0131\u011f\u0131m\u0131z\u0131n ihtiya\u00e7lar\u0131n\u0131 \u00fcreten ve tedarik eden firmalar\u0131n \u00fcr\u00fcnlerini i\u00e7 ve\u00a0d\u0131\u015f pazarda g\u00f6sterebilece\u011fi kapsaml\u0131 bir \u00e7at\u0131 fuara duyulan ihtiya\u00e7 \u0130GEF\u2019i\u00a0do\u011furmu\u015ftur. &hellip;","og_url":"https:\/\/denizcankizil.tr\/de\/haberler\/gundem\/igef25-fuar-hazirliklari-basladi\/","og_site_name":"Av. Deniz Can K\u0131z\u0131l","article_published_time":"2024-11-25T07:41:57+00:00","twitter_card":"summary_large_image","twitter_misc":{"Gesch\u00e4tzte Lesezeit":"3\u00a0Minuten"},"schema":{"@context":"https:\/\/schema.org","@graph":[{"@type":"Article","@id":"https:\/\/denizcankizil.tr\/de\/haberler\/gundem\/igef25-fuar-hazirliklari-basladi\/#article","isPartOf":{"@id":"https:\/\/denizcankizil.tr\/de\/haberler\/gundem\/igef25-fuar-hazirliklari-basladi\/"},"author":{"name":"","@id":""},"headline":"\u0130GEF&#8217;25 Fuar haz\u0131rl\u0131klar\u0131 ba\u015flad\u0131","datePublished":"2024-11-25T07:41:57+00:00","mainEntityOfPage":{"@id":"https:\/\/denizcankizil.tr\/de\/haberler\/gundem\/igef25-fuar-hazirliklari-basladi\/"},"wordCount":695,"commentCount":0,"publisher":{"@id":"https:\/\/denizcankizil.tr\/#organization"},"articleSection":["G\u00fcndem","Uncategorized"],"inLanguage":"de","potentialAction":[{"@type":"CommentAction","name":"Comment","target":["https:\/\/denizcankizil.tr\/de\/haberler\/gundem\/igef25-fuar-hazirliklari-basladi\/#respond"]}]},{"@type":"WebPage","@id":"https:\/\/denizcankizil.tr\/de\/haberler\/gundem\/igef25-fuar-hazirliklari-basladi\/","url":"https:\/\/denizcankizil.tr\/de\/haberler\/gundem\/igef25-fuar-hazirliklari-basladi\/","name":"\u0130GEF'25 Fuar haz\u0131rl\u0131klar\u0131 ba\u015flad\u0131 - Av. Deniz Can K\u0131z\u0131l","isPartOf":{"@id":"https:\/\/denizcankizil.tr\/#website"},"datePublished":"2024-11-25T07:41:57+00:00","breadcrumb":{"@id":"https:\/\/denizcankizil.tr\/de\/haberler\/gundem\/igef25-fuar-hazirliklari-basladi\/#breadcrumb"},"inLanguage":"de","potentialAction":[{"@type":"ReadAction","target":["https:\/\/denizcankizil.tr\/de\/haberler\/gundem\/igef25-fuar-hazirliklari-basladi\/"]}]},{"@type":"BreadcrumbList","@id":"https:\/\/denizcankizil.tr\/de\/haberler\/gundem\/igef25-fuar-hazirliklari-basladi\/#breadcrumb","itemListElement":[{"@type":"ListItem","position":1,"name":"Home","item":"https:\/\/denizcankizil.tr\/de\/"},{"@type":"ListItem","position":2,"name":"\u0130GEF&#8217;25 Fuar haz\u0131rl\u0131klar\u0131 ba\u015flad\u0131"}]},{"@type":"WebSite","@id":"https:\/\/denizcankizil.tr\/#website","url":"https:\/\/denizcankizil.tr\/","name":"Av. Deniz Can K\u0131z\u0131l","description":"Avukat Deniz Can K\u0131z\u0131l Antalya Barosu","publisher":{"@id":"https:\/\/denizcankizil.tr\/#organization"},"potentialAction":[{"@type":"SearchAction","target":{"@type":"EntryPoint","urlTemplate":"https:\/\/denizcankizil.tr\/?s={search_term_string}"},"query-input":{"@type":"PropertyValueSpecification","valueRequired":true,"valueName":"search_term_string"}}],"inLanguage":"de"},{"@type":"Organization","@id":"https:\/\/denizcankizil.tr\/#organization","name":"Av. Deniz Can K\u0131z\u0131l","url":"https:\/\/denizcankizil.tr\/","logo":{"@type":"ImageObject","inLanguage":"de","@id":"https:\/\/denizcankizil.tr\/#\/schema\/logo\/image\/","url":"https:\/\/denizcankizil.tr\/wp-content\/uploads\/2024\/10\/siyah-logo-svg.svg","contentUrl":"https:\/\/denizcankizil.tr\/wp-content\/uploads\/2024\/10\/siyah-logo-svg.svg","width":1080,"height":1080,"caption":"Av. Deniz Can K\u0131z\u0131l"},"image":{"@id":"https:\/\/denizcankizil.tr\/#\/schema\/logo\/image\/"}}]}},"_links":{"self":[{"href":"https:\/\/denizcankizil.tr\/de\/wp-json\/wp\/v2\/posts\/17499","targetHints":{"allow":["GET"]}}],"collection":[{"href":"https:\/\/denizcankizil.tr\/de\/wp-json\/wp\/v2\/posts"}],"about":[{"href":"https:\/\/denizcankizil.tr\/de\/wp-json\/wp\/v2\/types\/post"}],"replies":[{"embeddable":true,"href":"https:\/\/denizcankizil.tr\/de\/wp-json\/wp\/v2\/comments?post=17499"}],"version-history":[{"count":0,"href":"https:\/\/denizcankizil.tr\/de\/wp-json\/wp\/v2\/posts\/17499\/revisions"}],"wp:attachment":[{"href":"https:\/\/denizcankizil.tr\/de\/wp-json\/wp\/v2\/media?parent=17499"}],"wp:term":[{"taxonomy":"category","embeddable":true,"href":"https:\/\/denizcankizil.tr\/de\/wp-json\/wp\/v2\/categories?post=17499"},{"taxonomy":"post_tag","embeddable":true,"href":"https:\/\/denizcankizil.tr\/de\/wp-json\/wp\/v2\/tags?post=17499"}],"curies":[{"name":"wp","href":"https:\/\/api.w.org\/{rel}","templated":true}]}}