{"id":17007,"date":"2024-11-22T09:41:35","date_gmt":"2024-11-22T06:41:35","guid":{"rendered":"https:\/\/denizcankizil.tr\/uncategorized-tr\/kaosa-donen-antalya-trafiginde-yeni-buyuk-tehlike\/"},"modified":"2024-11-22T09:41:35","modified_gmt":"2024-11-22T06:41:35","slug":"kaosa-donen-antalya-trafiginde-yeni-buyuk-tehlike","status":"publish","type":"post","link":"https:\/\/denizcankizil.tr\/de\/haberler\/gundem\/kaosa-donen-antalya-trafiginde-yeni-buyuk-tehlike\/","title":{"rendered":"Kaosa d\u00f6nen Antalya trafi\u011finde yeni b\u00fcy\u00fck tehlike!"},"content":{"rendered":"<p>Antalya gibi yo\u011fun trafi\u011fi olan bir \u015fehirde, yaya \u00f6nceli\u011fini hat\u0131rlatan bu i\u015faretlerin silinmesi b\u00fcy\u00fck bir sorun olu\u015fturdu. S\u00fcr\u00fcc\u00fcler, uyar\u0131lar\u0131 fark edemedikleri i\u00e7in yaya ge\u00e7itlerinde durmayarak hem yayalar\u0131n hayat\u0131n\u0131 tehlikeye at\u0131yor hem de trafik kurallar\u0131n\u0131 ihlal ediyorlar. Baz\u0131 b\u00f6lgelerde s\u00fcr\u00fcc\u00fcler, g\u00f6r\u00fcnmez hale gelen bu uyar\u0131lar nedeniyle ceza yemekten \u015fik\u00e2yet ederken, yayalar ise s\u00fcr\u00fcc\u00fclerin kendilerine yol vermemesinden dert yand\u0131.\u00a0<\/p>\n<p>SIK SIK YEN\u0130LEME<\/p>\n<p>Antalya\u2019da ya\u015fayan vatanda\u015flar, bu sorunun bir an \u00f6nce \u00e7\u00f6z\u00fclmesi i\u00e7in yetkililere \u00e7a\u011fr\u0131da bulundu. \u00d6zellikle yo\u011fun yaya ve ara\u00e7 trafi\u011finin oldu\u011fu b\u00f6lgelerde i\u015faretlerin yenilenmesi gerekti\u011fini belirten vatanda\u015flar, \u201cAntalya gibi s\u0131cak bir \u015fehirde bu t\u00fcr yol i\u015faretlerinin d\u00fczenli olarak bak\u0131m\u0131n\u0131n yap\u0131lmas\u0131 \u015fart. \u00d6zellikle yaz aylar\u0131nda asfalt\u0131n \u0131s\u0131s\u0131 artt\u0131\u011f\u0131 i\u00e7in boyalar daha \u00e7abuk siliniyor. Bu yaz\u0131lar\u0131n en az 3 ayda bir g\u00f6zden ge\u00e7irilmesi gerekiyor\u201d ifadelerine yer verdi.\u00a0<\/p>\n<p>5 METRE KALAN FARK ED\u0130L\u0130YOR<\/p>\n<p>S\u00fcr\u00fcc\u00fcler ise i\u015faretlerin g\u00f6r\u00fcnmez olmas\u0131n\u0131n kendileri i\u00e7in de bir ma\u011fduriyet yaratt\u0131\u011f\u0131n\u0131 belirterek, \u201c5 metre kala fark edemedi\u011fimiz i\u015faretler y\u00fcz\u00fcnden hem trafik cezas\u0131 yiyoruz hem de fark\u0131nda olmadan kurallar\u0131 ihlal etmi\u015f oluyoruz. Bu i\u015faretler zaman\u0131nda yenilense, herkes i\u00e7in daha g\u00fcvenli olur\u201d dedi. S\u00fcr\u00fcc\u00fcler ve yayalar Antalya B\u00fcy\u00fck\u015fehir Belediyesi Ula\u015f\u0131m Daire Ba\u015fkanl\u0131\u011f\u0131\u2019na seslenerek daha s\u0131k yenileme \u00e7al\u0131\u015fmas\u0131 yap\u0131lmas\u0131n\u0131 istedi.\u00a0<\/p>\n<p>UYARILAR G\u00d6R\u00dcNM\u00dcYOR<\/p>\n<p>Daha dayan\u0131kl\u0131 boyalar kullan\u0131lmas\u0131, yaya ge\u00e7itlerinin daha belirgin hale getirilmesi ve i\u015faret yenileme s\u0131kl\u0131\u011f\u0131n\u0131n art\u0131r\u0131lmas\u0131, vatanda\u015flar\u0131n talepleri aras\u0131nda yer ald\u0131. \u00a0\u00d6zellikle okullar, hastaneler ve turistik b\u00f6lgelerde yaya \u00f6nceli\u011fini vurgulayan uyar\u0131lar\u0131n net bir \u015fekilde g\u00f6r\u00fclmesi, yayalar\u0131n ve s\u00fcr\u00fcc\u00fclerin g\u00fcvenli\u011fi a\u00e7\u0131s\u0131ndan b\u00fcy\u00fck \u00f6nem ta\u015f\u0131d\u0131\u011f\u0131 ifade edildi. S\u00fcr\u00fcc\u00fcler ise Antalya \u0130l Emniyet M\u00fcd\u00fcrl\u00fc\u011f\u00fc ekiplerince yap\u0131lan denetimlerin i\u015faretlemelerin daha belirlin olan yerlerde yap\u0131lmas\u0131n\u0131 talep etti.\u00a0<br \/>\n\u00a0<\/p>\n<p>\u200bAntalya\u2019n\u0131n \u015fehir i\u00e7i trafi\u011fi hem s\u00fcr\u00fcc\u00fcler hem de yayalar i\u00e7in yeni bir tehlike bar\u0131nd\u0131r\u0131yor. Kentin farkl\u0131 b\u00f6lgelerindeki karayollar\u0131nda bulunan &#8216;\u00d6ncelikli Yaya&#8217; uyar\u0131 yaz\u0131lar\u0131, s\u0131cak hava ve yo\u011fun kullan\u0131m nedeniyle zamanla silinerek neredeyse g\u00f6r\u00fcnmez hale geldi. Bu durum, \u00f6zellikle yaya ge\u00e7itlerinde ciddi kazalara ve trafik cezalar\u0131na neden olmaya ba\u015flad\u0131.\u00a0<\/p>\n<p>\u200bHaberin Al\u0131nt\u0131land\u0131\u011f\u0131 Kaynak: www.antalyakorfez.com<\/p>","protected":false},"excerpt":{"rendered":"<p>Antalya gibi yo\u011fun trafi\u011fi olan bir \u015fehirde, yaya \u00f6nceli\u011fini hat\u0131rlatan bu i\u015faretlerin silinmesi b\u00fcy\u00fck bir sorun olu\u015fturdu. S\u00fcr\u00fcc\u00fcler, uyar\u0131lar\u0131 fark edemedikleri i\u00e7in yaya ge\u00e7itlerinde durmayarak hem yayalar\u0131n hayat\u0131n\u0131 tehlikeye at\u0131yor hem de trafik kurallar\u0131n\u0131 ihlal ediyorlar. Baz\u0131 b\u00f6lgelerde s\u00fcr\u00fcc\u00fcler, g\u00f6r\u00fcnmez hale gelen bu uyar\u0131lar nedeniyle ceza yemekten \u015fik\u00e2yet ederken, yayalar ise s\u00fcr\u00fcc\u00fclerin kendilerine yol vermemesinden dert yand\u0131.\u00a0 SIK SIK YEN\u0130LEME Antalya\u2019da ya\u015fayan vatanda\u015flar, bu sorunun bir an \u00f6nce \u00e7\u00f6z\u00fclmesi i\u00e7in yetkililere \u00e7a\u011fr\u0131da bulundu. \u00d6zellikle yo\u011fun yaya ve ara\u00e7 trafi\u011finin oldu\u011fu b\u00f6lgelerde i\u015faretlerin yenilenmesi gerekti\u011fini belirten vatanda\u015flar, \u201cAntalya gibi s\u0131cak bir \u015fehirde bu t\u00fcr yol i\u015faretlerinin d\u00fczenli olarak bak\u0131m\u0131n\u0131n yap\u0131lmas\u0131 \u015fart. \u00d6zellikle yaz aylar\u0131nda asfalt\u0131n \u0131s\u0131s\u0131 artt\u0131\u011f\u0131 i\u00e7in boyalar daha \u00e7abuk siliniyor. Bu yaz\u0131lar\u0131n en az 3 ayda bir g\u00f6zden ge\u00e7irilmesi gerekiyor\u201d ifadelerine yer verdi.\u00a0 5 METRE KALAN FARK ED\u0130L\u0130YOR S\u00fcr\u00fcc\u00fcler ise i\u015faretlerin g\u00f6r\u00fcnmez olmas\u0131n\u0131n kendileri i\u00e7in de bir ma\u011fduriyet yaratt\u0131\u011f\u0131n\u0131 belirterek, \u201c5 metre kala fark edemedi\u011fimiz i\u015faretler y\u00fcz\u00fcnden hem trafik cezas\u0131 yiyoruz hem de fark\u0131nda olmadan kurallar\u0131 ihlal etmi\u015f oluyoruz. Bu i\u015faretler zaman\u0131nda yenilense, herkes i\u00e7in daha g\u00fcvenli olur\u201d dedi. S\u00fcr\u00fcc\u00fcler ve yayalar Antalya B\u00fcy\u00fck\u015fehir Belediyesi Ula\u015f\u0131m Daire Ba\u015fkanl\u0131\u011f\u0131\u2019na seslenerek daha s\u0131k yenileme \u00e7al\u0131\u015fmas\u0131 yap\u0131lmas\u0131n\u0131 istedi.\u00a0 UYARILAR G\u00d6R\u00dcNM\u00dcYOR Daha dayan\u0131kl\u0131 boyalar kullan\u0131lmas\u0131, yaya ge\u00e7itlerinin daha belirgin hale getirilmesi ve i\u015faret &hellip;<\/p>","protected":false},"author":0,"featured_media":0,"comment_status":"open","ping_status":"open","sticky":false,"template":"","format":"standard","meta":{"_acf_changed":false,"footnotes":""},"categories":[24,535],"tags":[],"class_list":["post-17007","post","type-post","status-publish","format-standard","has-post-thumbnail","hentry","category-gundem","category-uncategorized-tr"],"acf":[],"yoast_head":"<!-- This site is optimized with the Yoast SEO Premium plugin v26.6 (Yoast SEO v27.1.1) - https:\/\/yoast.com\/product\/yoast-seo-premium-wordpress\/ -->\n<title>Kaosa d\u00f6nen Antalya trafi\u011finde yeni b\u00fcy\u00fck tehlike! - Av. Deniz Can K\u0131z\u0131l<\/title>\n<meta name=\"robots\" content=\"index, follow, max-snippet:-1, max-image-preview:large, max-video-preview:-1\" \/>\n<link rel=\"canonical\" href=\"https:\/\/denizcankizil.tr\/de\/haberler\/gundem\/kaosa-donen-antalya-trafiginde-yeni-buyuk-tehlike\/\" \/>\n<meta property=\"og:locale\" content=\"de_DE\" \/>\n<meta property=\"og:type\" content=\"article\" \/>\n<meta property=\"og:title\" content=\"Kaosa d\u00f6nen Antalya trafi\u011finde yeni b\u00fcy\u00fck tehlike!\" \/>\n<meta property=\"og:description\" content=\"Antalya gibi yo\u011fun trafi\u011fi olan bir \u015fehirde, yaya \u00f6nceli\u011fini hat\u0131rlatan bu i\u015faretlerin silinmesi b\u00fcy\u00fck bir sorun olu\u015fturdu. S\u00fcr\u00fcc\u00fcler, uyar\u0131lar\u0131 fark edemedikleri i\u00e7in yaya ge\u00e7itlerinde durmayarak hem yayalar\u0131n hayat\u0131n\u0131 tehlikeye at\u0131yor hem de trafik kurallar\u0131n\u0131 ihlal ediyorlar. Baz\u0131 b\u00f6lgelerde s\u00fcr\u00fcc\u00fcler, g\u00f6r\u00fcnmez hale gelen bu uyar\u0131lar nedeniyle ceza yemekten \u015fik\u00e2yet ederken, yayalar ise s\u00fcr\u00fcc\u00fclerin kendilerine yol vermemesinden dert yand\u0131.\u00a0 SIK SIK YEN\u0130LEME Antalya\u2019da ya\u015fayan vatanda\u015flar, bu sorunun bir an \u00f6nce \u00e7\u00f6z\u00fclmesi i\u00e7in yetkililere \u00e7a\u011fr\u0131da bulundu. \u00d6zellikle yo\u011fun yaya ve ara\u00e7 trafi\u011finin oldu\u011fu b\u00f6lgelerde i\u015faretlerin yenilenmesi gerekti\u011fini belirten vatanda\u015flar, \u201cAntalya gibi s\u0131cak bir \u015fehirde bu t\u00fcr yol i\u015faretlerinin d\u00fczenli olarak bak\u0131m\u0131n\u0131n yap\u0131lmas\u0131 \u015fart. \u00d6zellikle yaz aylar\u0131nda asfalt\u0131n \u0131s\u0131s\u0131 artt\u0131\u011f\u0131 i\u00e7in boyalar daha \u00e7abuk siliniyor. Bu yaz\u0131lar\u0131n en az 3 ayda bir g\u00f6zden ge\u00e7irilmesi gerekiyor\u201d ifadelerine yer verdi.\u00a0 5 METRE KALAN FARK ED\u0130L\u0130YOR S\u00fcr\u00fcc\u00fcler ise i\u015faretlerin g\u00f6r\u00fcnmez olmas\u0131n\u0131n kendileri i\u00e7in de bir ma\u011fduriyet yaratt\u0131\u011f\u0131n\u0131 belirterek, \u201c5 metre kala fark edemedi\u011fimiz i\u015faretler y\u00fcz\u00fcnden hem trafik cezas\u0131 yiyoruz hem de fark\u0131nda olmadan kurallar\u0131 ihlal etmi\u015f oluyoruz. Bu i\u015faretler zaman\u0131nda yenilense, herkes i\u00e7in daha g\u00fcvenli olur\u201d dedi. S\u00fcr\u00fcc\u00fcler ve yayalar Antalya B\u00fcy\u00fck\u015fehir Belediyesi Ula\u015f\u0131m Daire Ba\u015fkanl\u0131\u011f\u0131\u2019na seslenerek daha s\u0131k yenileme \u00e7al\u0131\u015fmas\u0131 yap\u0131lmas\u0131n\u0131 istedi.\u00a0 UYARILAR G\u00d6R\u00dcNM\u00dcYOR Daha dayan\u0131kl\u0131 boyalar kullan\u0131lmas\u0131, yaya ge\u00e7itlerinin daha belirgin hale getirilmesi ve i\u015faret &hellip;\" \/>\n<meta property=\"og:url\" content=\"https:\/\/denizcankizil.tr\/de\/haberler\/gundem\/kaosa-donen-antalya-trafiginde-yeni-buyuk-tehlike\/\" \/>\n<meta property=\"og:site_name\" content=\"Av. Deniz Can K\u0131z\u0131l\" \/>\n<meta property=\"article:published_time\" content=\"2024-11-22T06:41:35+00:00\" \/>\n<meta name=\"twitter:card\" content=\"summary_large_image\" \/>\n<meta name=\"twitter:label1\" content=\"Gesch\u00e4tzte Lesezeit\" \/>\n\t<meta name=\"twitter:data1\" content=\"2\u00a0Minuten\" \/>\n<script type=\"application\/ld+json\" class=\"yoast-schema-graph\">{\"@context\":\"https:\/\/schema.org\",\"@graph\":[{\"@type\":\"Article\",\"@id\":\"https:\/\/denizcankizil.tr\/de\/haberler\/gundem\/kaosa-donen-antalya-trafiginde-yeni-buyuk-tehlike\/#article\",\"isPartOf\":{\"@id\":\"https:\/\/denizcankizil.tr\/de\/haberler\/gundem\/kaosa-donen-antalya-trafiginde-yeni-buyuk-tehlike\/\"},\"author\":{\"name\":\"\",\"@id\":\"\"},\"headline\":\"Kaosa d\u00f6nen Antalya trafi\u011finde yeni b\u00fcy\u00fck tehlike!\",\"datePublished\":\"2024-11-22T06:41:35+00:00\",\"mainEntityOfPage\":{\"@id\":\"https:\/\/denizcankizil.tr\/de\/haberler\/gundem\/kaosa-donen-antalya-trafiginde-yeni-buyuk-tehlike\/\"},\"wordCount\":471,\"commentCount\":0,\"publisher\":{\"@id\":\"https:\/\/denizcankizil.tr\/#organization\"},\"articleSection\":[\"G\u00fcndem\",\"Uncategorized\"],\"inLanguage\":\"de\",\"potentialAction\":[{\"@type\":\"CommentAction\",\"name\":\"Comment\",\"target\":[\"https:\/\/denizcankizil.tr\/de\/haberler\/gundem\/kaosa-donen-antalya-trafiginde-yeni-buyuk-tehlike\/#respond\"]}]},{\"@type\":\"WebPage\",\"@id\":\"https:\/\/denizcankizil.tr\/de\/haberler\/gundem\/kaosa-donen-antalya-trafiginde-yeni-buyuk-tehlike\/\",\"url\":\"https:\/\/denizcankizil.tr\/de\/haberler\/gundem\/kaosa-donen-antalya-trafiginde-yeni-buyuk-tehlike\/\",\"name\":\"Kaosa d\u00f6nen Antalya trafi\u011finde yeni b\u00fcy\u00fck tehlike! - Av. Deniz Can K\u0131z\u0131l\",\"isPartOf\":{\"@id\":\"https:\/\/denizcankizil.tr\/#website\"},\"datePublished\":\"2024-11-22T06:41:35+00:00\",\"breadcrumb\":{\"@id\":\"https:\/\/denizcankizil.tr\/de\/haberler\/gundem\/kaosa-donen-antalya-trafiginde-yeni-buyuk-tehlike\/#breadcrumb\"},\"inLanguage\":\"de\",\"potentialAction\":[{\"@type\":\"ReadAction\",\"target\":[\"https:\/\/denizcankizil.tr\/de\/haberler\/gundem\/kaosa-donen-antalya-trafiginde-yeni-buyuk-tehlike\/\"]}]},{\"@type\":\"BreadcrumbList\",\"@id\":\"https:\/\/denizcankizil.tr\/de\/haberler\/gundem\/kaosa-donen-antalya-trafiginde-yeni-buyuk-tehlike\/#breadcrumb\",\"itemListElement\":[{\"@type\":\"ListItem\",\"position\":1,\"name\":\"Home\",\"item\":\"https:\/\/denizcankizil.tr\/de\/\"},{\"@type\":\"ListItem\",\"position\":2,\"name\":\"Kaosa d\u00f6nen Antalya trafi\u011finde yeni b\u00fcy\u00fck tehlike!\"}]},{\"@type\":\"WebSite\",\"@id\":\"https:\/\/denizcankizil.tr\/#website\",\"url\":\"https:\/\/denizcankizil.tr\/\",\"name\":\"Av. Deniz Can K\u0131z\u0131l\",\"description\":\"Avukat Deniz Can K\u0131z\u0131l Antalya Barosu\",\"publisher\":{\"@id\":\"https:\/\/denizcankizil.tr\/#organization\"},\"potentialAction\":[{\"@type\":\"SearchAction\",\"target\":{\"@type\":\"EntryPoint\",\"urlTemplate\":\"https:\/\/denizcankizil.tr\/?s={search_term_string}\"},\"query-input\":{\"@type\":\"PropertyValueSpecification\",\"valueRequired\":true,\"valueName\":\"search_term_string\"}}],\"inLanguage\":\"de\"},{\"@type\":\"Organization\",\"@id\":\"https:\/\/denizcankizil.tr\/#organization\",\"name\":\"Av. Deniz Can K\u0131z\u0131l\",\"url\":\"https:\/\/denizcankizil.tr\/\",\"logo\":{\"@type\":\"ImageObject\",\"inLanguage\":\"de\",\"@id\":\"https:\/\/denizcankizil.tr\/#\/schema\/logo\/image\/\",\"url\":\"https:\/\/denizcankizil.tr\/wp-content\/uploads\/2024\/10\/siyah-logo-svg.svg\",\"contentUrl\":\"https:\/\/denizcankizil.tr\/wp-content\/uploads\/2024\/10\/siyah-logo-svg.svg\",\"width\":1080,\"height\":1080,\"caption\":\"Av. Deniz Can K\u0131z\u0131l\"},\"image\":{\"@id\":\"https:\/\/denizcankizil.tr\/#\/schema\/logo\/image\/\"}}]}<\/script>\n<!-- \/ Yoast SEO Premium plugin. -->","yoast_head_json":{"title":"Kaosa d\u00f6nen Antalya trafi\u011finde yeni b\u00fcy\u00fck tehlike! - Av. Deniz Can K\u0131z\u0131l","robots":{"index":"index","follow":"follow","max-snippet":"max-snippet:-1","max-image-preview":"max-image-preview:large","max-video-preview":"max-video-preview:-1"},"canonical":"https:\/\/denizcankizil.tr\/de\/haberler\/gundem\/kaosa-donen-antalya-trafiginde-yeni-buyuk-tehlike\/","og_locale":"de_DE","og_type":"article","og_title":"Kaosa d\u00f6nen Antalya trafi\u011finde yeni b\u00fcy\u00fck tehlike!","og_description":"Antalya gibi yo\u011fun trafi\u011fi olan bir \u015fehirde, yaya \u00f6nceli\u011fini hat\u0131rlatan bu i\u015faretlerin silinmesi b\u00fcy\u00fck bir sorun olu\u015fturdu. S\u00fcr\u00fcc\u00fcler, uyar\u0131lar\u0131 fark edemedikleri i\u00e7in yaya ge\u00e7itlerinde durmayarak hem yayalar\u0131n hayat\u0131n\u0131 tehlikeye at\u0131yor hem de trafik kurallar\u0131n\u0131 ihlal ediyorlar. Baz\u0131 b\u00f6lgelerde s\u00fcr\u00fcc\u00fcler, g\u00f6r\u00fcnmez hale gelen bu uyar\u0131lar nedeniyle ceza yemekten \u015fik\u00e2yet ederken, yayalar ise s\u00fcr\u00fcc\u00fclerin kendilerine yol vermemesinden dert yand\u0131.\u00a0 SIK SIK YEN\u0130LEME Antalya\u2019da ya\u015fayan vatanda\u015flar, bu sorunun bir an \u00f6nce \u00e7\u00f6z\u00fclmesi i\u00e7in yetkililere \u00e7a\u011fr\u0131da bulundu. \u00d6zellikle yo\u011fun yaya ve ara\u00e7 trafi\u011finin oldu\u011fu b\u00f6lgelerde i\u015faretlerin yenilenmesi gerekti\u011fini belirten vatanda\u015flar, \u201cAntalya gibi s\u0131cak bir \u015fehirde bu t\u00fcr yol i\u015faretlerinin d\u00fczenli olarak bak\u0131m\u0131n\u0131n yap\u0131lmas\u0131 \u015fart. \u00d6zellikle yaz aylar\u0131nda asfalt\u0131n \u0131s\u0131s\u0131 artt\u0131\u011f\u0131 i\u00e7in boyalar daha \u00e7abuk siliniyor. Bu yaz\u0131lar\u0131n en az 3 ayda bir g\u00f6zden ge\u00e7irilmesi gerekiyor\u201d ifadelerine yer verdi.\u00a0 5 METRE KALAN FARK ED\u0130L\u0130YOR S\u00fcr\u00fcc\u00fcler ise i\u015faretlerin g\u00f6r\u00fcnmez olmas\u0131n\u0131n kendileri i\u00e7in de bir ma\u011fduriyet yaratt\u0131\u011f\u0131n\u0131 belirterek, \u201c5 metre kala fark edemedi\u011fimiz i\u015faretler y\u00fcz\u00fcnden hem trafik cezas\u0131 yiyoruz hem de fark\u0131nda olmadan kurallar\u0131 ihlal etmi\u015f oluyoruz. Bu i\u015faretler zaman\u0131nda yenilense, herkes i\u00e7in daha g\u00fcvenli olur\u201d dedi. S\u00fcr\u00fcc\u00fcler ve yayalar Antalya B\u00fcy\u00fck\u015fehir Belediyesi Ula\u015f\u0131m Daire Ba\u015fkanl\u0131\u011f\u0131\u2019na seslenerek daha s\u0131k yenileme \u00e7al\u0131\u015fmas\u0131 yap\u0131lmas\u0131n\u0131 istedi.\u00a0 UYARILAR G\u00d6R\u00dcNM\u00dcYOR Daha dayan\u0131kl\u0131 boyalar kullan\u0131lmas\u0131, yaya ge\u00e7itlerinin daha belirgin hale getirilmesi ve i\u015faret &hellip;","og_url":"https:\/\/denizcankizil.tr\/de\/haberler\/gundem\/kaosa-donen-antalya-trafiginde-yeni-buyuk-tehlike\/","og_site_name":"Av. Deniz Can K\u0131z\u0131l","article_published_time":"2024-11-22T06:41:35+00:00","twitter_card":"summary_large_image","twitter_misc":{"Gesch\u00e4tzte Lesezeit":"2\u00a0Minuten"},"schema":{"@context":"https:\/\/schema.org","@graph":[{"@type":"Article","@id":"https:\/\/denizcankizil.tr\/de\/haberler\/gundem\/kaosa-donen-antalya-trafiginde-yeni-buyuk-tehlike\/#article","isPartOf":{"@id":"https:\/\/denizcankizil.tr\/de\/haberler\/gundem\/kaosa-donen-antalya-trafiginde-yeni-buyuk-tehlike\/"},"author":{"name":"","@id":""},"headline":"Kaosa d\u00f6nen Antalya trafi\u011finde yeni b\u00fcy\u00fck tehlike!","datePublished":"2024-11-22T06:41:35+00:00","mainEntityOfPage":{"@id":"https:\/\/denizcankizil.tr\/de\/haberler\/gundem\/kaosa-donen-antalya-trafiginde-yeni-buyuk-tehlike\/"},"wordCount":471,"commentCount":0,"publisher":{"@id":"https:\/\/denizcankizil.tr\/#organization"},"articleSection":["G\u00fcndem","Uncategorized"],"inLanguage":"de","potentialAction":[{"@type":"CommentAction","name":"Comment","target":["https:\/\/denizcankizil.tr\/de\/haberler\/gundem\/kaosa-donen-antalya-trafiginde-yeni-buyuk-tehlike\/#respond"]}]},{"@type":"WebPage","@id":"https:\/\/denizcankizil.tr\/de\/haberler\/gundem\/kaosa-donen-antalya-trafiginde-yeni-buyuk-tehlike\/","url":"https:\/\/denizcankizil.tr\/de\/haberler\/gundem\/kaosa-donen-antalya-trafiginde-yeni-buyuk-tehlike\/","name":"Kaosa d\u00f6nen Antalya trafi\u011finde yeni b\u00fcy\u00fck tehlike! - Av. Deniz Can K\u0131z\u0131l","isPartOf":{"@id":"https:\/\/denizcankizil.tr\/#website"},"datePublished":"2024-11-22T06:41:35+00:00","breadcrumb":{"@id":"https:\/\/denizcankizil.tr\/de\/haberler\/gundem\/kaosa-donen-antalya-trafiginde-yeni-buyuk-tehlike\/#breadcrumb"},"inLanguage":"de","potentialAction":[{"@type":"ReadAction","target":["https:\/\/denizcankizil.tr\/de\/haberler\/gundem\/kaosa-donen-antalya-trafiginde-yeni-buyuk-tehlike\/"]}]},{"@type":"BreadcrumbList","@id":"https:\/\/denizcankizil.tr\/de\/haberler\/gundem\/kaosa-donen-antalya-trafiginde-yeni-buyuk-tehlike\/#breadcrumb","itemListElement":[{"@type":"ListItem","position":1,"name":"Home","item":"https:\/\/denizcankizil.tr\/de\/"},{"@type":"ListItem","position":2,"name":"Kaosa d\u00f6nen Antalya trafi\u011finde yeni b\u00fcy\u00fck tehlike!"}]},{"@type":"WebSite","@id":"https:\/\/denizcankizil.tr\/#website","url":"https:\/\/denizcankizil.tr\/","name":"Av. Deniz Can K\u0131z\u0131l","description":"Avukat Deniz Can K\u0131z\u0131l Antalya Barosu","publisher":{"@id":"https:\/\/denizcankizil.tr\/#organization"},"potentialAction":[{"@type":"SearchAction","target":{"@type":"EntryPoint","urlTemplate":"https:\/\/denizcankizil.tr\/?s={search_term_string}"},"query-input":{"@type":"PropertyValueSpecification","valueRequired":true,"valueName":"search_term_string"}}],"inLanguage":"de"},{"@type":"Organization","@id":"https:\/\/denizcankizil.tr\/#organization","name":"Av. Deniz Can K\u0131z\u0131l","url":"https:\/\/denizcankizil.tr\/","logo":{"@type":"ImageObject","inLanguage":"de","@id":"https:\/\/denizcankizil.tr\/#\/schema\/logo\/image\/","url":"https:\/\/denizcankizil.tr\/wp-content\/uploads\/2024\/10\/siyah-logo-svg.svg","contentUrl":"https:\/\/denizcankizil.tr\/wp-content\/uploads\/2024\/10\/siyah-logo-svg.svg","width":1080,"height":1080,"caption":"Av. Deniz Can K\u0131z\u0131l"},"image":{"@id":"https:\/\/denizcankizil.tr\/#\/schema\/logo\/image\/"}}]}},"_links":{"self":[{"href":"https:\/\/denizcankizil.tr\/de\/wp-json\/wp\/v2\/posts\/17007","targetHints":{"allow":["GET"]}}],"collection":[{"href":"https:\/\/denizcankizil.tr\/de\/wp-json\/wp\/v2\/posts"}],"about":[{"href":"https:\/\/denizcankizil.tr\/de\/wp-json\/wp\/v2\/types\/post"}],"replies":[{"embeddable":true,"href":"https:\/\/denizcankizil.tr\/de\/wp-json\/wp\/v2\/comments?post=17007"}],"version-history":[{"count":0,"href":"https:\/\/denizcankizil.tr\/de\/wp-json\/wp\/v2\/posts\/17007\/revisions"}],"wp:attachment":[{"href":"https:\/\/denizcankizil.tr\/de\/wp-json\/wp\/v2\/media?parent=17007"}],"wp:term":[{"taxonomy":"category","embeddable":true,"href":"https:\/\/denizcankizil.tr\/de\/wp-json\/wp\/v2\/categories?post=17007"},{"taxonomy":"post_tag","embeddable":true,"href":"https:\/\/denizcankizil.tr\/de\/wp-json\/wp\/v2\/tags?post=17007"}],"curies":[{"name":"wp","href":"https:\/\/api.w.org\/{rel}","templated":true}]}}