{"id":16928,"date":"2024-11-21T17:41:45","date_gmt":"2024-11-21T14:41:45","guid":{"rendered":"https:\/\/denizcankizil.tr\/uncategorized-tr\/antalyaya-turuncu-kod-alarmi-okullar-tatil-mi\/"},"modified":"2024-11-21T17:41:45","modified_gmt":"2024-11-21T14:41:45","slug":"antalyaya-turuncu-kod-alarmi-okullar-tatil-mi","status":"publish","type":"post","link":"https:\/\/denizcankizil.tr\/de\/haberler\/gundem\/antalyaya-turuncu-kod-alarmi-okullar-tatil-mi\/","title":{"rendered":"Antalya\u2019ya turuncu kod alarm\u0131&#8230; Okullar tatil mi?"},"content":{"rendered":"<p>Meteoroloji Genel M\u00fcd\u00fcrl\u00fc\u011f\u00fc, Antalya\u2019n\u0131n do\u011fusunda yer alan baz\u0131 il\u00e7eler i\u00e7in turuncu kodlu uyar\u0131 yay\u0131nlad\u0131. Akseki, G\u00fcndo\u011fmu\u015f, Serik, \u0130brad\u0131, Alanya ve Manavgat il\u00e7elerinde ba\u015flayan sa\u011fanak ya\u011f\u0131\u015flar\u0131n, 21 Kas\u0131m 2024 Per\u015fembe \u00f6\u011fle saatlerinden itibaren \u015fiddetini art\u0131rarak 22 Kas\u0131m Cuma gece saatlerine kadar devam etmesi bekleniyor. Yap\u0131lan a\u00e7\u0131klamaya g\u00f6re, Bat\u0131 Akdeniz genelinde etkili olacak sa\u011fanak ve g\u00f6k g\u00fcr\u00fclt\u00fcl\u00fc sa\u011fanak ya\u011f\u0131\u015flar\u0131n, Antalya\u2019n\u0131n do\u011fu kesimlerinde yer yer \u00e7ok kuvvetli, hatta baz\u0131 b\u00f6lgelerde \u015fiddetli olaca\u011f\u0131 tahmin ediliyor. Meteoroloji, ya\u011f\u0131\u015f miktar\u0131n\u0131n 51-100 kilogram metrekare aras\u0131nda, baz\u0131 b\u00f6lgelerde ise 100 kg\/m\u00b2\u2019nin \u00fczerine \u00e7\u0131kabilece\u011fini bildirdi.<\/p>\n<p>AN\u0130 SEL VE YILDIRIM TEHL\u0130KES\u0130<\/p>\n<p>Antalya K\u00f6rfez Gazetesi muhabiri Ertu\u011frul G\u00fcn&#8217;\u00fcn haberine g\u00f6re; kuvvetli ya\u011f\u0131\u015flarla birlikte b\u00f6lgede ani sel, su bask\u0131n\u0131, dolu, hortum ve y\u0131ld\u0131r\u0131m gibi do\u011fa olaylar\u0131n\u0131n g\u00f6r\u00fclebilece\u011fi belirtildi. Ayr\u0131ca ani kuvvetli r\u00fczg\u00e2r ve k\u0131sa s\u00fcreli f\u0131rt\u0131na nedeniyle ula\u015f\u0131mda aksakl\u0131klar ya\u015fanabilece\u011fi vurguland\u0131. Y\u00fcksek kesimlerde y\u0131ld\u0131r\u0131m d\u00fc\u015fmesi riskinin artt\u0131\u011f\u0131na dikkat \u00e7eken uzmanlar, bu t\u00fcr durumlara kar\u015f\u0131 tedbirli olunmas\u0131 gerekti\u011fini ifade etti.<\/p>\n<p>AC\u0130L DURUMLARA KAR\u015eI UYARI<\/p>\n<p>Uzmanlar, vatanda\u015flar\u0131 a\u015f\u0131r\u0131 ya\u011f\u0131\u015flara kar\u015f\u0131 dikkatli olmaya \u00e7a\u011f\u0131rd\u0131. \u00d6zellikle sel ve su bask\u0131nlar\u0131na kar\u015f\u0131 haz\u0131rl\u0131kl\u0131 olunmas\u0131, a\u00e7\u0131k alanlarda bulunulmamas\u0131 ve ara\u00e7 kullan\u0131rken dikkatli olunmas\u0131 gerekti\u011fi vurguland\u0131. Ayr\u0131ca y\u00fcksek kesimlerde ve a\u00e7\u0131k alanlarda y\u0131ld\u0131r\u0131ma kar\u015f\u0131 korunmak i\u00e7in gerekli \u00f6nlemlerin al\u0131nmas\u0131 gerekti\u011fi ifade edildi. Meteoroloji yetkilileri, ya\u011f\u0131\u015f\u0131n \u00f6zellikle Antalya\u2019n\u0131n do\u011fu k\u0131y\u0131lar\u0131, Burdur\u2019un g\u00fcneydo\u011fu kesimleri ve Isparta\u2019n\u0131n g\u00fcney b\u00f6lgelerinde etkili olaca\u011f\u0131n\u0131 belirtti. Bu b\u00f6lgelerde ya\u015fayan vatanda\u015flar\u0131n yerel yetkililerin duyurular\u0131n\u0131 takip etmeleri ve acil durumlara kar\u015f\u0131 haz\u0131rl\u0131kl\u0131 olmalar\u0131 \u00f6nerildi.<\/p>\n<p>CUMA GECES\u0130 SON BULACAK<\/p>\n<p>Meteoroloji, ya\u011f\u0131\u015flar\u0131n 21 Kas\u0131m \u00f6\u011fle saatlerinde ba\u015flad\u0131\u011f\u0131n\u0131 ve 22 Kas\u0131m gece yar\u0131s\u0131na kadar etkisini s\u00fcrd\u00fcrece\u011fini a\u00e7\u0131klad\u0131. Bu s\u00fcre zarf\u0131nda yer yer \u015fiddetli ya\u011f\u0131\u015flarla birlikte dolu ve k\u0131sa s\u00fcreli hortum gibi ani hava olaylar\u0131n\u0131n ya\u015fanabilece\u011fi belirtildi.\u00a0<\/p>\n<p>OKULLAR TAT\u0130L M\u0130 OLACAK?<\/p>\n<p>Valimiz Say\u0131n Hulusi \u015eahin Ba\u015fkanl\u0131\u011f\u0131nda Ya\u011f\u0131\u015flarla ilgili \u0130l Koordinasyon Kurulu Toplant\u0131s\u0131 yap\u0131lacakt\u0131r. Uyar\u0131n\u0131n ard\u0131ndan Antalya\u2019da yar\u0131n okullar\u0131n tatil edilebilece\u011fi ileri s\u00fcr\u00fcld\u00fc. Antalya Valisi Hulusi \u015eahin, saat 16.00\u2019da AFAD \u0130l M\u00fcd\u00fcrl\u00fc\u011f\u00fc Afet Y\u00f6netim Merkezinde ya\u011f\u0131\u015flarla ilgili il koordinasyon kurulu toplant\u0131s\u0131na ba\u015fkanl\u0131k edecek. Ard\u0131ndan ise gazetecilere al\u0131nacak tedbirlere y\u00f6nelik olarak a\u00e7\u0131klamalarda bulunacak.<\/p>\n<p>\u200bMeteoroloji Genel M\u00fcd\u00fcrl\u00fc\u011f\u00fc, Antalya\u2019n\u0131n do\u011fusunda yer alan baz\u0131 il\u00e7eler i\u00e7in turuncu kodlu uyar\u0131 yay\u0131nlad\u0131. Uyar\u0131n\u0131n ard\u0131ndan Antalya\u2019da yar\u0131n okullar\u0131n tatil edilebilece\u011fi ileri s\u00fcr\u00fcld\u00fc. Antalya Valisi Hulusi \u015eahin, saat 16.00\u2019da gazetecilere al\u0131nacak tedbirlere y\u00f6nelik olarak a\u00e7\u0131klamalarda bulunacak\u00a0<\/p>\n<p>\u200bHaberin Al\u0131nt\u0131land\u0131\u011f\u0131 Kaynak: www.antalyakorfez.com<\/p>","protected":false},"excerpt":{"rendered":"<p>Meteoroloji Genel M\u00fcd\u00fcrl\u00fc\u011f\u00fc, Antalya\u2019n\u0131n do\u011fusunda yer alan baz\u0131 il\u00e7eler i\u00e7in turuncu kodlu uyar\u0131 yay\u0131nlad\u0131. Akseki, G\u00fcndo\u011fmu\u015f, Serik, \u0130brad\u0131, Alanya ve Manavgat il\u00e7elerinde ba\u015flayan sa\u011fanak ya\u011f\u0131\u015flar\u0131n, 21 Kas\u0131m 2024 Per\u015fembe \u00f6\u011fle saatlerinden itibaren \u015fiddetini art\u0131rarak 22 Kas\u0131m Cuma gece saatlerine kadar devam etmesi bekleniyor. Yap\u0131lan a\u00e7\u0131klamaya g\u00f6re, Bat\u0131 Akdeniz genelinde etkili olacak sa\u011fanak ve g\u00f6k g\u00fcr\u00fclt\u00fcl\u00fc sa\u011fanak ya\u011f\u0131\u015flar\u0131n, Antalya\u2019n\u0131n do\u011fu kesimlerinde yer yer \u00e7ok kuvvetli, hatta baz\u0131 b\u00f6lgelerde \u015fiddetli olaca\u011f\u0131 tahmin ediliyor. Meteoroloji, ya\u011f\u0131\u015f miktar\u0131n\u0131n 51-100 kilogram metrekare aras\u0131nda, baz\u0131 b\u00f6lgelerde ise 100 kg\/m\u00b2\u2019nin \u00fczerine \u00e7\u0131kabilece\u011fini bildirdi. AN\u0130 SEL VE YILDIRIM TEHL\u0130KES\u0130 Antalya K\u00f6rfez Gazetesi muhabiri Ertu\u011frul G\u00fcn&#8217;\u00fcn haberine g\u00f6re; kuvvetli ya\u011f\u0131\u015flarla birlikte b\u00f6lgede ani sel, su bask\u0131n\u0131, dolu, hortum ve y\u0131ld\u0131r\u0131m gibi do\u011fa olaylar\u0131n\u0131n g\u00f6r\u00fclebilece\u011fi belirtildi. Ayr\u0131ca ani kuvvetli r\u00fczg\u00e2r ve k\u0131sa s\u00fcreli f\u0131rt\u0131na nedeniyle ula\u015f\u0131mda aksakl\u0131klar ya\u015fanabilece\u011fi vurguland\u0131. Y\u00fcksek kesimlerde y\u0131ld\u0131r\u0131m d\u00fc\u015fmesi riskinin artt\u0131\u011f\u0131na dikkat \u00e7eken uzmanlar, bu t\u00fcr durumlara kar\u015f\u0131 tedbirli olunmas\u0131 gerekti\u011fini ifade etti. AC\u0130L DURUMLARA KAR\u015eI UYARI Uzmanlar, vatanda\u015flar\u0131 a\u015f\u0131r\u0131 ya\u011f\u0131\u015flara kar\u015f\u0131 dikkatli olmaya \u00e7a\u011f\u0131rd\u0131. \u00d6zellikle sel ve su bask\u0131nlar\u0131na kar\u015f\u0131 haz\u0131rl\u0131kl\u0131 olunmas\u0131, a\u00e7\u0131k alanlarda bulunulmamas\u0131 ve ara\u00e7 kullan\u0131rken dikkatli olunmas\u0131 gerekti\u011fi vurguland\u0131. Ayr\u0131ca y\u00fcksek kesimlerde ve a\u00e7\u0131k alanlarda y\u0131ld\u0131r\u0131ma kar\u015f\u0131 korunmak i\u00e7in gerekli \u00f6nlemlerin al\u0131nmas\u0131 gerekti\u011fi ifade edildi. Meteoroloji yetkilileri, ya\u011f\u0131\u015f\u0131n \u00f6zellikle Antalya\u2019n\u0131n do\u011fu k\u0131y\u0131lar\u0131, &hellip;<\/p>","protected":false},"author":0,"featured_media":0,"comment_status":"open","ping_status":"open","sticky":false,"template":"","format":"standard","meta":{"_acf_changed":false,"footnotes":""},"categories":[24,535],"tags":[],"class_list":["post-16928","post","type-post","status-publish","format-standard","has-post-thumbnail","hentry","category-gundem","category-uncategorized-tr"],"acf":[],"yoast_head":"<!-- This site is optimized with the Yoast SEO Premium plugin v26.6 (Yoast SEO v27.1.1) - https:\/\/yoast.com\/product\/yoast-seo-premium-wordpress\/ -->\n<title>Antalya\u2019ya turuncu kod alarm\u0131... Okullar tatil mi? - Av. Deniz Can K\u0131z\u0131l<\/title>\n<meta name=\"robots\" content=\"index, follow, max-snippet:-1, max-image-preview:large, max-video-preview:-1\" \/>\n<link rel=\"canonical\" href=\"https:\/\/denizcankizil.tr\/de\/haberler\/gundem\/antalyaya-turuncu-kod-alarmi-okullar-tatil-mi\/\" \/>\n<meta property=\"og:locale\" content=\"de_DE\" \/>\n<meta property=\"og:type\" content=\"article\" \/>\n<meta property=\"og:title\" content=\"Antalya\u2019ya turuncu kod alarm\u0131... Okullar tatil mi?\" \/>\n<meta property=\"og:description\" content=\"Meteoroloji Genel M\u00fcd\u00fcrl\u00fc\u011f\u00fc, Antalya\u2019n\u0131n do\u011fusunda yer alan baz\u0131 il\u00e7eler i\u00e7in turuncu kodlu uyar\u0131 yay\u0131nlad\u0131. Akseki, G\u00fcndo\u011fmu\u015f, Serik, \u0130brad\u0131, Alanya ve Manavgat il\u00e7elerinde ba\u015flayan sa\u011fanak ya\u011f\u0131\u015flar\u0131n, 21 Kas\u0131m 2024 Per\u015fembe \u00f6\u011fle saatlerinden itibaren \u015fiddetini art\u0131rarak 22 Kas\u0131m Cuma gece saatlerine kadar devam etmesi bekleniyor. Yap\u0131lan a\u00e7\u0131klamaya g\u00f6re, Bat\u0131 Akdeniz genelinde etkili olacak sa\u011fanak ve g\u00f6k g\u00fcr\u00fclt\u00fcl\u00fc sa\u011fanak ya\u011f\u0131\u015flar\u0131n, Antalya\u2019n\u0131n do\u011fu kesimlerinde yer yer \u00e7ok kuvvetli, hatta baz\u0131 b\u00f6lgelerde \u015fiddetli olaca\u011f\u0131 tahmin ediliyor. Meteoroloji, ya\u011f\u0131\u015f miktar\u0131n\u0131n 51-100 kilogram metrekare aras\u0131nda, baz\u0131 b\u00f6lgelerde ise 100 kg\/m\u00b2\u2019nin \u00fczerine \u00e7\u0131kabilece\u011fini bildirdi. AN\u0130 SEL VE YILDIRIM TEHL\u0130KES\u0130 Antalya K\u00f6rfez Gazetesi muhabiri Ertu\u011frul G\u00fcn&#8217;\u00fcn haberine g\u00f6re; kuvvetli ya\u011f\u0131\u015flarla birlikte b\u00f6lgede ani sel, su bask\u0131n\u0131, dolu, hortum ve y\u0131ld\u0131r\u0131m gibi do\u011fa olaylar\u0131n\u0131n g\u00f6r\u00fclebilece\u011fi belirtildi. Ayr\u0131ca ani kuvvetli r\u00fczg\u00e2r ve k\u0131sa s\u00fcreli f\u0131rt\u0131na nedeniyle ula\u015f\u0131mda aksakl\u0131klar ya\u015fanabilece\u011fi vurguland\u0131. Y\u00fcksek kesimlerde y\u0131ld\u0131r\u0131m d\u00fc\u015fmesi riskinin artt\u0131\u011f\u0131na dikkat \u00e7eken uzmanlar, bu t\u00fcr durumlara kar\u015f\u0131 tedbirli olunmas\u0131 gerekti\u011fini ifade etti. AC\u0130L DURUMLARA KAR\u015eI UYARI Uzmanlar, vatanda\u015flar\u0131 a\u015f\u0131r\u0131 ya\u011f\u0131\u015flara kar\u015f\u0131 dikkatli olmaya \u00e7a\u011f\u0131rd\u0131. \u00d6zellikle sel ve su bask\u0131nlar\u0131na kar\u015f\u0131 haz\u0131rl\u0131kl\u0131 olunmas\u0131, a\u00e7\u0131k alanlarda bulunulmamas\u0131 ve ara\u00e7 kullan\u0131rken dikkatli olunmas\u0131 gerekti\u011fi vurguland\u0131. Ayr\u0131ca y\u00fcksek kesimlerde ve a\u00e7\u0131k alanlarda y\u0131ld\u0131r\u0131ma kar\u015f\u0131 korunmak i\u00e7in gerekli \u00f6nlemlerin al\u0131nmas\u0131 gerekti\u011fi ifade edildi. Meteoroloji yetkilileri, ya\u011f\u0131\u015f\u0131n \u00f6zellikle Antalya\u2019n\u0131n do\u011fu k\u0131y\u0131lar\u0131, &hellip;\" \/>\n<meta property=\"og:url\" content=\"https:\/\/denizcankizil.tr\/de\/haberler\/gundem\/antalyaya-turuncu-kod-alarmi-okullar-tatil-mi\/\" \/>\n<meta property=\"og:site_name\" content=\"Av. Deniz Can K\u0131z\u0131l\" \/>\n<meta property=\"article:published_time\" content=\"2024-11-21T14:41:45+00:00\" \/>\n<meta name=\"twitter:card\" content=\"summary_large_image\" \/>\n<meta name=\"twitter:label1\" content=\"Gesch\u00e4tzte Lesezeit\" \/>\n\t<meta name=\"twitter:data1\" content=\"3\u00a0Minuten\" \/>\n<script type=\"application\/ld+json\" class=\"yoast-schema-graph\">{\"@context\":\"https:\/\/schema.org\",\"@graph\":[{\"@type\":\"Article\",\"@id\":\"https:\/\/denizcankizil.tr\/de\/haberler\/gundem\/antalyaya-turuncu-kod-alarmi-okullar-tatil-mi\/#article\",\"isPartOf\":{\"@id\":\"https:\/\/denizcankizil.tr\/de\/haberler\/gundem\/antalyaya-turuncu-kod-alarmi-okullar-tatil-mi\/\"},\"author\":{\"name\":\"\",\"@id\":\"\"},\"headline\":\"Antalya\u2019ya turuncu kod alarm\u0131&#8230; Okullar tatil mi?\",\"datePublished\":\"2024-11-21T14:41:45+00:00\",\"mainEntityOfPage\":{\"@id\":\"https:\/\/denizcankizil.tr\/de\/haberler\/gundem\/antalyaya-turuncu-kod-alarmi-okullar-tatil-mi\/\"},\"wordCount\":556,\"commentCount\":0,\"publisher\":{\"@id\":\"https:\/\/denizcankizil.tr\/de\/#organization\"},\"articleSection\":[\"G\u00fcndem\",\"Uncategorized\"],\"inLanguage\":\"de\",\"potentialAction\":[{\"@type\":\"CommentAction\",\"name\":\"Comment\",\"target\":[\"https:\/\/denizcankizil.tr\/de\/haberler\/gundem\/antalyaya-turuncu-kod-alarmi-okullar-tatil-mi\/#respond\"]}]},{\"@type\":\"WebPage\",\"@id\":\"https:\/\/denizcankizil.tr\/de\/haberler\/gundem\/antalyaya-turuncu-kod-alarmi-okullar-tatil-mi\/\",\"url\":\"https:\/\/denizcankizil.tr\/de\/haberler\/gundem\/antalyaya-turuncu-kod-alarmi-okullar-tatil-mi\/\",\"name\":\"Antalya\u2019ya turuncu kod alarm\u0131... Okullar tatil mi? - Av. Deniz Can K\u0131z\u0131l\",\"isPartOf\":{\"@id\":\"https:\/\/denizcankizil.tr\/de\/#website\"},\"datePublished\":\"2024-11-21T14:41:45+00:00\",\"breadcrumb\":{\"@id\":\"https:\/\/denizcankizil.tr\/de\/haberler\/gundem\/antalyaya-turuncu-kod-alarmi-okullar-tatil-mi\/#breadcrumb\"},\"inLanguage\":\"de\",\"potentialAction\":[{\"@type\":\"ReadAction\",\"target\":[\"https:\/\/denizcankizil.tr\/de\/haberler\/gundem\/antalyaya-turuncu-kod-alarmi-okullar-tatil-mi\/\"]}]},{\"@type\":\"BreadcrumbList\",\"@id\":\"https:\/\/denizcankizil.tr\/de\/haberler\/gundem\/antalyaya-turuncu-kod-alarmi-okullar-tatil-mi\/#breadcrumb\",\"itemListElement\":[{\"@type\":\"ListItem\",\"position\":1,\"name\":\"Home\",\"item\":\"https:\/\/denizcankizil.tr\/de\/\"},{\"@type\":\"ListItem\",\"position\":2,\"name\":\"Antalya\u2019ya turuncu kod alarm\u0131&#8230; Okullar tatil mi?\"}]},{\"@type\":\"WebSite\",\"@id\":\"https:\/\/denizcankizil.tr\/de\/#website\",\"url\":\"https:\/\/denizcankizil.tr\/de\/\",\"name\":\"Av. Deniz Can K\u0131z\u0131l\",\"description\":\"Avukat Deniz Can K\u0131z\u0131l Antalya Barosu\",\"publisher\":{\"@id\":\"https:\/\/denizcankizil.tr\/de\/#organization\"},\"potentialAction\":[{\"@type\":\"SearchAction\",\"target\":{\"@type\":\"EntryPoint\",\"urlTemplate\":\"https:\/\/denizcankizil.tr\/de\/?s={search_term_string}\"},\"query-input\":{\"@type\":\"PropertyValueSpecification\",\"valueRequired\":true,\"valueName\":\"search_term_string\"}}],\"inLanguage\":\"de\"},{\"@type\":\"Organization\",\"@id\":\"https:\/\/denizcankizil.tr\/de\/#organization\",\"name\":\"Av. Deniz Can K\u0131z\u0131l\",\"url\":\"https:\/\/denizcankizil.tr\/de\/\",\"logo\":{\"@type\":\"ImageObject\",\"inLanguage\":\"de\",\"@id\":\"https:\/\/denizcankizil.tr\/de\/#\/schema\/logo\/image\/\",\"url\":\"https:\/\/denizcankizil.tr\/wp-content\/uploads\/2024\/10\/siyah-logo-svg.svg\",\"contentUrl\":\"https:\/\/denizcankizil.tr\/wp-content\/uploads\/2024\/10\/siyah-logo-svg.svg\",\"width\":1080,\"height\":1080,\"caption\":\"Av. Deniz Can K\u0131z\u0131l\"},\"image\":{\"@id\":\"https:\/\/denizcankizil.tr\/de\/#\/schema\/logo\/image\/\"}}]}<\/script>\n<!-- \/ Yoast SEO Premium plugin. -->","yoast_head_json":{"title":"Antalya\u2019ya turuncu kod alarm\u0131... Okullar tatil mi? - Av. Deniz Can K\u0131z\u0131l","robots":{"index":"index","follow":"follow","max-snippet":"max-snippet:-1","max-image-preview":"max-image-preview:large","max-video-preview":"max-video-preview:-1"},"canonical":"https:\/\/denizcankizil.tr\/de\/haberler\/gundem\/antalyaya-turuncu-kod-alarmi-okullar-tatil-mi\/","og_locale":"de_DE","og_type":"article","og_title":"Antalya\u2019ya turuncu kod alarm\u0131... Okullar tatil mi?","og_description":"Meteoroloji Genel M\u00fcd\u00fcrl\u00fc\u011f\u00fc, Antalya\u2019n\u0131n do\u011fusunda yer alan baz\u0131 il\u00e7eler i\u00e7in turuncu kodlu uyar\u0131 yay\u0131nlad\u0131. Akseki, G\u00fcndo\u011fmu\u015f, Serik, \u0130brad\u0131, Alanya ve Manavgat il\u00e7elerinde ba\u015flayan sa\u011fanak ya\u011f\u0131\u015flar\u0131n, 21 Kas\u0131m 2024 Per\u015fembe \u00f6\u011fle saatlerinden itibaren \u015fiddetini art\u0131rarak 22 Kas\u0131m Cuma gece saatlerine kadar devam etmesi bekleniyor. Yap\u0131lan a\u00e7\u0131klamaya g\u00f6re, Bat\u0131 Akdeniz genelinde etkili olacak sa\u011fanak ve g\u00f6k g\u00fcr\u00fclt\u00fcl\u00fc sa\u011fanak ya\u011f\u0131\u015flar\u0131n, Antalya\u2019n\u0131n do\u011fu kesimlerinde yer yer \u00e7ok kuvvetli, hatta baz\u0131 b\u00f6lgelerde \u015fiddetli olaca\u011f\u0131 tahmin ediliyor. Meteoroloji, ya\u011f\u0131\u015f miktar\u0131n\u0131n 51-100 kilogram metrekare aras\u0131nda, baz\u0131 b\u00f6lgelerde ise 100 kg\/m\u00b2\u2019nin \u00fczerine \u00e7\u0131kabilece\u011fini bildirdi. AN\u0130 SEL VE YILDIRIM TEHL\u0130KES\u0130 Antalya K\u00f6rfez Gazetesi muhabiri Ertu\u011frul G\u00fcn&#8217;\u00fcn haberine g\u00f6re; kuvvetli ya\u011f\u0131\u015flarla birlikte b\u00f6lgede ani sel, su bask\u0131n\u0131, dolu, hortum ve y\u0131ld\u0131r\u0131m gibi do\u011fa olaylar\u0131n\u0131n g\u00f6r\u00fclebilece\u011fi belirtildi. Ayr\u0131ca ani kuvvetli r\u00fczg\u00e2r ve k\u0131sa s\u00fcreli f\u0131rt\u0131na nedeniyle ula\u015f\u0131mda aksakl\u0131klar ya\u015fanabilece\u011fi vurguland\u0131. Y\u00fcksek kesimlerde y\u0131ld\u0131r\u0131m d\u00fc\u015fmesi riskinin artt\u0131\u011f\u0131na dikkat \u00e7eken uzmanlar, bu t\u00fcr durumlara kar\u015f\u0131 tedbirli olunmas\u0131 gerekti\u011fini ifade etti. AC\u0130L DURUMLARA KAR\u015eI UYARI Uzmanlar, vatanda\u015flar\u0131 a\u015f\u0131r\u0131 ya\u011f\u0131\u015flara kar\u015f\u0131 dikkatli olmaya \u00e7a\u011f\u0131rd\u0131. \u00d6zellikle sel ve su bask\u0131nlar\u0131na kar\u015f\u0131 haz\u0131rl\u0131kl\u0131 olunmas\u0131, a\u00e7\u0131k alanlarda bulunulmamas\u0131 ve ara\u00e7 kullan\u0131rken dikkatli olunmas\u0131 gerekti\u011fi vurguland\u0131. Ayr\u0131ca y\u00fcksek kesimlerde ve a\u00e7\u0131k alanlarda y\u0131ld\u0131r\u0131ma kar\u015f\u0131 korunmak i\u00e7in gerekli \u00f6nlemlerin al\u0131nmas\u0131 gerekti\u011fi ifade edildi. Meteoroloji yetkilileri, ya\u011f\u0131\u015f\u0131n \u00f6zellikle Antalya\u2019n\u0131n do\u011fu k\u0131y\u0131lar\u0131, &hellip;","og_url":"https:\/\/denizcankizil.tr\/de\/haberler\/gundem\/antalyaya-turuncu-kod-alarmi-okullar-tatil-mi\/","og_site_name":"Av. Deniz Can K\u0131z\u0131l","article_published_time":"2024-11-21T14:41:45+00:00","twitter_card":"summary_large_image","twitter_misc":{"Gesch\u00e4tzte Lesezeit":"3\u00a0Minuten"},"schema":{"@context":"https:\/\/schema.org","@graph":[{"@type":"Article","@id":"https:\/\/denizcankizil.tr\/de\/haberler\/gundem\/antalyaya-turuncu-kod-alarmi-okullar-tatil-mi\/#article","isPartOf":{"@id":"https:\/\/denizcankizil.tr\/de\/haberler\/gundem\/antalyaya-turuncu-kod-alarmi-okullar-tatil-mi\/"},"author":{"name":"","@id":""},"headline":"Antalya\u2019ya turuncu kod alarm\u0131&#8230; Okullar tatil mi?","datePublished":"2024-11-21T14:41:45+00:00","mainEntityOfPage":{"@id":"https:\/\/denizcankizil.tr\/de\/haberler\/gundem\/antalyaya-turuncu-kod-alarmi-okullar-tatil-mi\/"},"wordCount":556,"commentCount":0,"publisher":{"@id":"https:\/\/denizcankizil.tr\/de\/#organization"},"articleSection":["G\u00fcndem","Uncategorized"],"inLanguage":"de","potentialAction":[{"@type":"CommentAction","name":"Comment","target":["https:\/\/denizcankizil.tr\/de\/haberler\/gundem\/antalyaya-turuncu-kod-alarmi-okullar-tatil-mi\/#respond"]}]},{"@type":"WebPage","@id":"https:\/\/denizcankizil.tr\/de\/haberler\/gundem\/antalyaya-turuncu-kod-alarmi-okullar-tatil-mi\/","url":"https:\/\/denizcankizil.tr\/de\/haberler\/gundem\/antalyaya-turuncu-kod-alarmi-okullar-tatil-mi\/","name":"Antalya\u2019ya turuncu kod alarm\u0131... Okullar tatil mi? - Av. Deniz Can K\u0131z\u0131l","isPartOf":{"@id":"https:\/\/denizcankizil.tr\/de\/#website"},"datePublished":"2024-11-21T14:41:45+00:00","breadcrumb":{"@id":"https:\/\/denizcankizil.tr\/de\/haberler\/gundem\/antalyaya-turuncu-kod-alarmi-okullar-tatil-mi\/#breadcrumb"},"inLanguage":"de","potentialAction":[{"@type":"ReadAction","target":["https:\/\/denizcankizil.tr\/de\/haberler\/gundem\/antalyaya-turuncu-kod-alarmi-okullar-tatil-mi\/"]}]},{"@type":"BreadcrumbList","@id":"https:\/\/denizcankizil.tr\/de\/haberler\/gundem\/antalyaya-turuncu-kod-alarmi-okullar-tatil-mi\/#breadcrumb","itemListElement":[{"@type":"ListItem","position":1,"name":"Home","item":"https:\/\/denizcankizil.tr\/de\/"},{"@type":"ListItem","position":2,"name":"Antalya\u2019ya turuncu kod alarm\u0131&#8230; Okullar tatil mi?"}]},{"@type":"WebSite","@id":"https:\/\/denizcankizil.tr\/de\/#website","url":"https:\/\/denizcankizil.tr\/de\/","name":"Av. Deniz Can K\u0131z\u0131l","description":"Avukat Deniz Can K\u0131z\u0131l Antalya Barosu","publisher":{"@id":"https:\/\/denizcankizil.tr\/de\/#organization"},"potentialAction":[{"@type":"SearchAction","target":{"@type":"EntryPoint","urlTemplate":"https:\/\/denizcankizil.tr\/de\/?s={search_term_string}"},"query-input":{"@type":"PropertyValueSpecification","valueRequired":true,"valueName":"search_term_string"}}],"inLanguage":"de"},{"@type":"Organization","@id":"https:\/\/denizcankizil.tr\/de\/#organization","name":"Av. Deniz Can K\u0131z\u0131l","url":"https:\/\/denizcankizil.tr\/de\/","logo":{"@type":"ImageObject","inLanguage":"de","@id":"https:\/\/denizcankizil.tr\/de\/#\/schema\/logo\/image\/","url":"https:\/\/denizcankizil.tr\/wp-content\/uploads\/2024\/10\/siyah-logo-svg.svg","contentUrl":"https:\/\/denizcankizil.tr\/wp-content\/uploads\/2024\/10\/siyah-logo-svg.svg","width":1080,"height":1080,"caption":"Av. Deniz Can K\u0131z\u0131l"},"image":{"@id":"https:\/\/denizcankizil.tr\/de\/#\/schema\/logo\/image\/"}}]}},"_links":{"self":[{"href":"https:\/\/denizcankizil.tr\/de\/wp-json\/wp\/v2\/posts\/16928","targetHints":{"allow":["GET"]}}],"collection":[{"href":"https:\/\/denizcankizil.tr\/de\/wp-json\/wp\/v2\/posts"}],"about":[{"href":"https:\/\/denizcankizil.tr\/de\/wp-json\/wp\/v2\/types\/post"}],"replies":[{"embeddable":true,"href":"https:\/\/denizcankizil.tr\/de\/wp-json\/wp\/v2\/comments?post=16928"}],"version-history":[{"count":0,"href":"https:\/\/denizcankizil.tr\/de\/wp-json\/wp\/v2\/posts\/16928\/revisions"}],"wp:attachment":[{"href":"https:\/\/denizcankizil.tr\/de\/wp-json\/wp\/v2\/media?parent=16928"}],"wp:term":[{"taxonomy":"category","embeddable":true,"href":"https:\/\/denizcankizil.tr\/de\/wp-json\/wp\/v2\/categories?post=16928"},{"taxonomy":"post_tag","embeddable":true,"href":"https:\/\/denizcankizil.tr\/de\/wp-json\/wp\/v2\/tags?post=16928"}],"curies":[{"name":"wp","href":"https:\/\/api.w.org\/{rel}","templated":true}]}}