{"id":16877,"date":"2024-11-21T13:43:21","date_gmt":"2024-11-21T10:43:21","guid":{"rendered":"https:\/\/denizcankizil.tr\/uncategorized-tr\/olumu-antalyada-yendi\/"},"modified":"2024-11-21T13:43:21","modified_gmt":"2024-11-21T10:43:21","slug":"olumu-antalyada-yendi","status":"publish","type":"post","link":"https:\/\/denizcankizil.tr\/de\/haberler\/antalya\/olumu-antalyada-yendi\/","title":{"rendered":"\u00d6l\u00fcm\u00fc Antalya&#8217;da yendi"},"content":{"rendered":"<p>Van\u2019da ya\u015fayan Hekim Tutal\u2019da 1 sene \u00f6nce \u015fiddetli kar\u0131n a\u011fr\u0131s\u0131 ba\u015flad\u0131. Tedavi i\u00e7in ba\u015fvurdu\u011fu merkezde ba\u011f\u0131rsaklar\u0131nda t\u0131kan\u0131kl\u0131k g\u00f6r\u00fcld\u00fc\u011f\u00fc i\u00e7in acilen ameliyata al\u0131nmas\u0131 gerekti\u011fi s\u00f6ylendi. Apar topar ameliyata al\u0131nan Tutal, ameliyat sonras\u0131nda ba\u011f\u0131rsa\u011f\u0131n\u0131n b\u00fcy\u00fck bir k\u0131sm\u0131n\u0131 kaybetti\u011fini ve art\u0131k ba\u011f\u0131rsaklar\u0131n\u0131n kolostomi ad\u0131 verilen bir y\u00f6ntemle d\u0131\u015far\u0131ya al\u0131nd\u0131\u011f\u0131n\u0131 \u00f6\u011frendi. Hatta ortalama 6 ayl\u0131k bir \u00f6mr\u00fcn\u00fcn kald\u0131\u011f\u0131 ve bu s\u00fcreyi de ba\u011f\u0131rsaklar\u0131 torbada ge\u00e7irmek zorunda oldu\u011fu da iletildi.<br \/>\nBa\u011f\u0131rsak damarlar\u0131n\u0131n t\u0131kanmas\u0131 sonucu ba\u011f\u0131rsa\u011f\u0131n\u0131n b\u00fcy\u00fck k\u0131sm\u0131n\u0131 kaybeden Tutal\u2019a, ba\u015fka bir \u00e7aresi olmad\u0131\u011f\u0131 s\u00f6ylendi. Ancak k\u0131z\u0131 Gizem Tutal bu durumu kabullenmedi ve internette babas\u0131n\u0131 kurtaracak bir tedavi y\u00f6ntemi i\u00e7in ara\u015ft\u0131rma yapmaya ba\u015flad\u0131. Tutal ailesi Prof. Dr. \u0130smail G\u00f6mceli\u2019ye ula\u015ft\u0131. Sonu\u00e7lar\u0131 de\u011ferlendiren Prof. Dr. G\u00f6mceli hastay\u0131 bir s\u00fcre takip edip ameliyat karar\u0131 ald\u0131.<\/p>\n<p>\u201cBa\u011f\u0131rsaklar\u0131 akordeon y\u00f6ntemi ile 2 kat\u0131na \u00e7\u0131kar\u0131ld\u0131\u201d<br \/>\n6 ay \u00f6mr\u00fc kald\u0131\u011f\u0131n\u0131 \u00f6\u011frenen ve t\u00fcm ya\u015fama sevincini kaybeden Hekim Tutal, kendi hayat\u0131ndan tamamen vazge\u00e7ti ancak k\u0131z\u0131 internette yapt\u0131\u011f\u0131 ara\u015ft\u0131rmalar sonucunda bir \u00e7arenin olabilece\u011fini umarak babas\u0131n\u0131 Antalya\u2019ya g\u00f6t\u00fcrmeye ikna etti. Hekim Tutal\u2019\u0131n sonu\u00e7lar\u0131 Memorial Sa\u011fl\u0131k Grubu Medstar Antalya Hastanesi Genel Cerrahi B\u00f6l\u00fcm\u00fc\u2019nden Prof. Dr. \u0130smail G\u00f6mceli taraf\u0131ndan de\u011ferlendirildi. Bir s\u00fcre Prof. Dr. G\u00f6mceli\u2019nin takibinde olan Tutal i\u00e7in, doktoru yeniden ameliyat olabilece\u011fine karar veri. Prof. Dr. \u0130smail G\u00f6mceli, ameliyatta Tutal\u2019\u0131n yar\u0131s\u0131ndan fazlas\u0131n\u0131 kaybetti\u011fi ba\u011f\u0131rsa\u011f\u0131n\u0131 \u00f6zel bir teknikle iki kat\u0131na \u00e7\u0131karmay\u0131 ba\u015fard\u0131. Ameliyat sonras\u0131ndaki iyile\u015fme s\u00fcrecinde Tutal\u2019\u0131n beslenme d\u00fczenlemesi yap\u0131ld\u0131, gerekli destek tedaviler sa\u011fland\u0131 ve Tutal a\u011f\u0131zdan beslenmeye de ba\u015flad\u0131.<\/p>\n<p>\u201cK\u0131z\u0131 sayesinde \u00f6l\u00fcmden d\u00f6nd\u00fc\u201d<br \/>\n6 ay sonra \u00f6lece\u011fini, ya\u015famak i\u00e7in \u00e7aresi olmayan bir durumda oldu\u011funu d\u00fc\u015f\u00fcnen Tutal\u2019\u0131n hayat\u0131 k\u0131z\u0131n\u0131n onu Antalya\u2019ya getirmesiyle tamamen de\u011fi\u015fti. Ba\u011f\u0131rsak uzatma ameliyat\u0131 ile k\u0131salan ba\u011f\u0131rsaklar\u0131 uzad\u0131, d\u0131\u015far\u0131 al\u0131nan ba\u011f\u0131rsaklar\u0131 yeniden i\u00e7eriye al\u0131nd\u0131, a\u011f\u0131zdan beslenmeye ba\u015flad\u0131, i\u015ftah\u0131 a\u00e7\u0131ld\u0131 ve sonras\u0131nda h\u0131zla verdi\u011fi kilolar\u0131 geri ald\u0131. Kaybetti\u011fi sa\u011fl\u0131\u011f\u0131na yeniden kavu\u015fan Tutal ya\u015fad\u0131\u011f\u0131 s\u00fcre\u00e7le ilgili \u015funlar\u0131 s\u00f6yledi; \u201cBana iyile\u015fmem i\u00e7in hi\u00e7bir \u00e7are yok demi\u015flerdi ama \u015fimdi e\u015fimle y\u00fcr\u00fcy\u00fc\u015flere bile \u00e7\u0131k\u0131yorum. Ameliyat olal\u0131 1 y\u0131l oldu ve kontrol i\u00e7in hocama geldim. Sa\u011fl\u0131\u011f\u0131ma kavu\u015fmama sebep oldu\u011fu i\u00e7in kendisine \u00e7ok te\u015fekk\u00fcr ediyorum.\u201d<\/p>\n<p>\u201cMutlu bir \u015fekilde Van\u2019a yolcu ediyoruz\u201d<br \/>\nBa\u011f\u0131rsak uzatma ameliyat\u0131n\u0131 ba\u015far\u0131yla ger\u00e7ekle\u015ftiren Prof. Dr. \u0130smail G\u00f6mceli Hekim Tutal\u2019\u0131n durumu hakk\u0131nda \u015funlar\u0131 s\u00f6yledi; \u201cVan\u2019dan gelerek bize ba\u015fvuran hastam\u0131z ilk geldi\u011fi haline g\u00f6re \u00e7ok iyi bir durumda. 1 sene \u00f6nce kendisine verdi\u011fimiz destek tedavilerle durumunu kontrol alt\u0131na ald\u0131k ve ameliyata haz\u0131rlad\u0131k. Ameliyatta bir \u00f6nceki operasyonda yar\u0131s\u0131ndan fazlas\u0131 al\u0131nan ba\u011f\u0131rsaklar\u0131n\u0131 iki kat\u0131na \u00e7\u0131kard\u0131k, e\u015f zamanl\u0131 olarak a\u00e7\u0131lan kolostomiyi yerine alarak hastan\u0131n konforlu bir ya\u015fama geri d\u00f6nmesini sa\u011flad\u0131k. Onu sa\u011fl\u0131kl\u0131 g\u00f6rmek bizleri de \u00e7ok mutlu etti. 1.y\u0131l kontrollerimizi yapt\u0131\u011f\u0131m\u0131z ve durumunu \u00e7ok iyi g\u00f6rd\u00fc\u011f\u00fcm\u00fcz hastam\u0131z\u0131 yeniden y\u00fcz\u00fc g\u00fclerek memleketine yolcu ediyoruz.\u201d<\/p>\n<p>Kaynak: www.kanalv.com.tr Haber Sitesinden Al\u0131nm\u0131\u015ft\u0131r.<\/p>","protected":false},"excerpt":{"rendered":"<p>Van\u2019da ya\u015fayan Hekim Tutal\u2019da 1 sene \u00f6nce \u015fiddetli kar\u0131n a\u011fr\u0131s\u0131 ba\u015flad\u0131. Tedavi i\u00e7in ba\u015fvurdu\u011fu merkezde ba\u011f\u0131rsaklar\u0131nda t\u0131kan\u0131kl\u0131k g\u00f6r\u00fcld\u00fc\u011f\u00fc i\u00e7in acilen ameliyata al\u0131nmas\u0131 gerekti\u011fi s\u00f6ylendi. Apar topar ameliyata al\u0131nan Tutal, ameliyat sonras\u0131nda ba\u011f\u0131rsa\u011f\u0131n\u0131n b\u00fcy\u00fck bir k\u0131sm\u0131n\u0131 kaybetti\u011fini ve art\u0131k ba\u011f\u0131rsaklar\u0131n\u0131n kolostomi ad\u0131 verilen bir y\u00f6ntemle d\u0131\u015far\u0131ya al\u0131nd\u0131\u011f\u0131n\u0131 \u00f6\u011frendi. Hatta ortalama 6 ayl\u0131k bir \u00f6mr\u00fcn\u00fcn kald\u0131\u011f\u0131 ve bu s\u00fcreyi de ba\u011f\u0131rsaklar\u0131 torbada ge\u00e7irmek zorunda oldu\u011fu da iletildi. Ba\u011f\u0131rsak damarlar\u0131n\u0131n t\u0131kanmas\u0131 sonucu ba\u011f\u0131rsa\u011f\u0131n\u0131n b\u00fcy\u00fck k\u0131sm\u0131n\u0131 kaybeden Tutal\u2019a, ba\u015fka bir \u00e7aresi olmad\u0131\u011f\u0131 s\u00f6ylendi. Ancak k\u0131z\u0131 Gizem Tutal bu durumu kabullenmedi ve internette babas\u0131n\u0131 kurtaracak bir tedavi y\u00f6ntemi i\u00e7in ara\u015ft\u0131rma yapmaya ba\u015flad\u0131. Tutal ailesi Prof. Dr. \u0130smail G\u00f6mceli\u2019ye ula\u015ft\u0131. Sonu\u00e7lar\u0131 de\u011ferlendiren Prof. Dr. G\u00f6mceli hastay\u0131 bir s\u00fcre takip edip ameliyat karar\u0131 ald\u0131. \u201cBa\u011f\u0131rsaklar\u0131 akordeon y\u00f6ntemi ile 2 kat\u0131na \u00e7\u0131kar\u0131ld\u0131\u201d 6 ay \u00f6mr\u00fc kald\u0131\u011f\u0131n\u0131 \u00f6\u011frenen ve t\u00fcm ya\u015fama sevincini kaybeden Hekim Tutal, kendi hayat\u0131ndan tamamen vazge\u00e7ti ancak k\u0131z\u0131 internette yapt\u0131\u011f\u0131 ara\u015ft\u0131rmalar sonucunda bir \u00e7arenin olabilece\u011fini umarak babas\u0131n\u0131 Antalya\u2019ya g\u00f6t\u00fcrmeye ikna etti. Hekim Tutal\u2019\u0131n sonu\u00e7lar\u0131 Memorial Sa\u011fl\u0131k Grubu Medstar Antalya Hastanesi Genel Cerrahi B\u00f6l\u00fcm\u00fc\u2019nden Prof. Dr. \u0130smail G\u00f6mceli taraf\u0131ndan de\u011ferlendirildi. Bir s\u00fcre Prof. Dr. G\u00f6mceli\u2019nin takibinde olan Tutal i\u00e7in, doktoru yeniden ameliyat olabilece\u011fine karar veri. Prof. Dr. \u0130smail G\u00f6mceli, ameliyatta Tutal\u2019\u0131n yar\u0131s\u0131ndan fazlas\u0131n\u0131 kaybetti\u011fi ba\u011f\u0131rsa\u011f\u0131n\u0131 \u00f6zel bir &hellip;<\/p>","protected":false},"author":0,"featured_media":16878,"comment_status":"open","ping_status":"open","sticky":false,"template":"","format":"standard","meta":{"_acf_changed":false,"footnotes":""},"categories":[26,535],"tags":[],"class_list":["post-16877","post","type-post","status-publish","format-standard","has-post-thumbnail","hentry","category-antalya","category-uncategorized-tr"],"acf":[],"yoast_head":"<!-- This site is optimized with the Yoast SEO Premium plugin v26.6 (Yoast SEO v27.1.1) - https:\/\/yoast.com\/product\/yoast-seo-premium-wordpress\/ -->\n<title>\u00d6l\u00fcm\u00fc Antalya&#039;da yendi - Av. Deniz Can K\u0131z\u0131l<\/title>\n<meta name=\"robots\" content=\"index, follow, max-snippet:-1, max-image-preview:large, max-video-preview:-1\" \/>\n<link rel=\"canonical\" href=\"https:\/\/denizcankizil.tr\/de\/haberler\/antalya\/olumu-antalyada-yendi\/\" \/>\n<meta property=\"og:locale\" content=\"de_DE\" \/>\n<meta property=\"og:type\" content=\"article\" \/>\n<meta property=\"og:title\" content=\"\u00d6l\u00fcm\u00fc Antalya&#039;da yendi\" \/>\n<meta property=\"og:description\" content=\"Van\u2019da ya\u015fayan Hekim Tutal\u2019da 1 sene \u00f6nce \u015fiddetli kar\u0131n a\u011fr\u0131s\u0131 ba\u015flad\u0131. Tedavi i\u00e7in ba\u015fvurdu\u011fu merkezde ba\u011f\u0131rsaklar\u0131nda t\u0131kan\u0131kl\u0131k g\u00f6r\u00fcld\u00fc\u011f\u00fc i\u00e7in acilen ameliyata al\u0131nmas\u0131 gerekti\u011fi s\u00f6ylendi. Apar topar ameliyata al\u0131nan Tutal, ameliyat sonras\u0131nda ba\u011f\u0131rsa\u011f\u0131n\u0131n b\u00fcy\u00fck bir k\u0131sm\u0131n\u0131 kaybetti\u011fini ve art\u0131k ba\u011f\u0131rsaklar\u0131n\u0131n kolostomi ad\u0131 verilen bir y\u00f6ntemle d\u0131\u015far\u0131ya al\u0131nd\u0131\u011f\u0131n\u0131 \u00f6\u011frendi. Hatta ortalama 6 ayl\u0131k bir \u00f6mr\u00fcn\u00fcn kald\u0131\u011f\u0131 ve bu s\u00fcreyi de ba\u011f\u0131rsaklar\u0131 torbada ge\u00e7irmek zorunda oldu\u011fu da iletildi. Ba\u011f\u0131rsak damarlar\u0131n\u0131n t\u0131kanmas\u0131 sonucu ba\u011f\u0131rsa\u011f\u0131n\u0131n b\u00fcy\u00fck k\u0131sm\u0131n\u0131 kaybeden Tutal\u2019a, ba\u015fka bir \u00e7aresi olmad\u0131\u011f\u0131 s\u00f6ylendi. Ancak k\u0131z\u0131 Gizem Tutal bu durumu kabullenmedi ve internette babas\u0131n\u0131 kurtaracak bir tedavi y\u00f6ntemi i\u00e7in ara\u015ft\u0131rma yapmaya ba\u015flad\u0131. Tutal ailesi Prof. Dr. \u0130smail G\u00f6mceli\u2019ye ula\u015ft\u0131. Sonu\u00e7lar\u0131 de\u011ferlendiren Prof. Dr. G\u00f6mceli hastay\u0131 bir s\u00fcre takip edip ameliyat karar\u0131 ald\u0131. \u201cBa\u011f\u0131rsaklar\u0131 akordeon y\u00f6ntemi ile 2 kat\u0131na \u00e7\u0131kar\u0131ld\u0131\u201d 6 ay \u00f6mr\u00fc kald\u0131\u011f\u0131n\u0131 \u00f6\u011frenen ve t\u00fcm ya\u015fama sevincini kaybeden Hekim Tutal, kendi hayat\u0131ndan tamamen vazge\u00e7ti ancak k\u0131z\u0131 internette yapt\u0131\u011f\u0131 ara\u015ft\u0131rmalar sonucunda bir \u00e7arenin olabilece\u011fini umarak babas\u0131n\u0131 Antalya\u2019ya g\u00f6t\u00fcrmeye ikna etti. Hekim Tutal\u2019\u0131n sonu\u00e7lar\u0131 Memorial Sa\u011fl\u0131k Grubu Medstar Antalya Hastanesi Genel Cerrahi B\u00f6l\u00fcm\u00fc\u2019nden Prof. Dr. \u0130smail G\u00f6mceli taraf\u0131ndan de\u011ferlendirildi. Bir s\u00fcre Prof. Dr. G\u00f6mceli\u2019nin takibinde olan Tutal i\u00e7in, doktoru yeniden ameliyat olabilece\u011fine karar veri. Prof. Dr. \u0130smail G\u00f6mceli, ameliyatta Tutal\u2019\u0131n yar\u0131s\u0131ndan fazlas\u0131n\u0131 kaybetti\u011fi ba\u011f\u0131rsa\u011f\u0131n\u0131 \u00f6zel bir &hellip;\" \/>\n<meta property=\"og:url\" content=\"https:\/\/denizcankizil.tr\/de\/haberler\/antalya\/olumu-antalyada-yendi\/\" \/>\n<meta property=\"og:site_name\" content=\"Av. Deniz Can K\u0131z\u0131l\" \/>\n<meta property=\"article:published_time\" content=\"2024-11-21T10:43:21+00:00\" \/>\n<meta property=\"og:image\" content=\"https:\/\/denizcankizil.tr\/wp-content\/uploads\/2024\/11\/3207-01-dOTXME.jpeg\" \/>\n\t<meta property=\"og:image:width\" content=\"1280\" \/>\n\t<meta property=\"og:image:height\" content=\"720\" \/>\n\t<meta property=\"og:image:type\" content=\"image\/jpeg\" \/>\n<meta name=\"twitter:card\" content=\"summary_large_image\" \/>\n<meta name=\"twitter:label1\" content=\"Gesch\u00e4tzte Lesezeit\" \/>\n\t<meta name=\"twitter:data1\" content=\"3\u00a0Minuten\" \/>\n<script type=\"application\/ld+json\" class=\"yoast-schema-graph\">{\"@context\":\"https:\/\/schema.org\",\"@graph\":[{\"@type\":\"Article\",\"@id\":\"https:\/\/denizcankizil.tr\/de\/haberler\/antalya\/olumu-antalyada-yendi\/#article\",\"isPartOf\":{\"@id\":\"https:\/\/denizcankizil.tr\/de\/haberler\/antalya\/olumu-antalyada-yendi\/\"},\"author\":{\"name\":\"\",\"@id\":\"\"},\"headline\":\"\u00d6l\u00fcm\u00fc Antalya&#8217;da yendi\",\"datePublished\":\"2024-11-21T10:43:21+00:00\",\"mainEntityOfPage\":{\"@id\":\"https:\/\/denizcankizil.tr\/de\/haberler\/antalya\/olumu-antalyada-yendi\/\"},\"wordCount\":647,\"commentCount\":0,\"publisher\":{\"@id\":\"https:\/\/denizcankizil.tr\/#organization\"},\"image\":{\"@id\":\"https:\/\/denizcankizil.tr\/de\/haberler\/antalya\/olumu-antalyada-yendi\/#primaryimage\"},\"thumbnailUrl\":\"https:\/\/denizcankizil.tr\/wp-content\/uploads\/2024\/11\/3207-01-dOTXME.jpeg\",\"articleSection\":[\"Antalya\",\"Uncategorized\"],\"inLanguage\":\"de\",\"potentialAction\":[{\"@type\":\"CommentAction\",\"name\":\"Comment\",\"target\":[\"https:\/\/denizcankizil.tr\/de\/haberler\/antalya\/olumu-antalyada-yendi\/#respond\"]}]},{\"@type\":\"WebPage\",\"@id\":\"https:\/\/denizcankizil.tr\/de\/haberler\/antalya\/olumu-antalyada-yendi\/\",\"url\":\"https:\/\/denizcankizil.tr\/de\/haberler\/antalya\/olumu-antalyada-yendi\/\",\"name\":\"\u00d6l\u00fcm\u00fc Antalya'da yendi - Av. Deniz Can K\u0131z\u0131l\",\"isPartOf\":{\"@id\":\"https:\/\/denizcankizil.tr\/#website\"},\"primaryImageOfPage\":{\"@id\":\"https:\/\/denizcankizil.tr\/de\/haberler\/antalya\/olumu-antalyada-yendi\/#primaryimage\"},\"image\":{\"@id\":\"https:\/\/denizcankizil.tr\/de\/haberler\/antalya\/olumu-antalyada-yendi\/#primaryimage\"},\"thumbnailUrl\":\"https:\/\/denizcankizil.tr\/wp-content\/uploads\/2024\/11\/3207-01-dOTXME.jpeg\",\"datePublished\":\"2024-11-21T10:43:21+00:00\",\"breadcrumb\":{\"@id\":\"https:\/\/denizcankizil.tr\/de\/haberler\/antalya\/olumu-antalyada-yendi\/#breadcrumb\"},\"inLanguage\":\"de\",\"potentialAction\":[{\"@type\":\"ReadAction\",\"target\":[\"https:\/\/denizcankizil.tr\/de\/haberler\/antalya\/olumu-antalyada-yendi\/\"]}]},{\"@type\":\"ImageObject\",\"inLanguage\":\"de\",\"@id\":\"https:\/\/denizcankizil.tr\/de\/haberler\/antalya\/olumu-antalyada-yendi\/#primaryimage\",\"url\":\"https:\/\/denizcankizil.tr\/wp-content\/uploads\/2024\/11\/3207-01-dOTXME.jpeg\",\"contentUrl\":\"https:\/\/denizcankizil.tr\/wp-content\/uploads\/2024\/11\/3207-01-dOTXME.jpeg\",\"width\":1280,\"height\":720},{\"@type\":\"BreadcrumbList\",\"@id\":\"https:\/\/denizcankizil.tr\/de\/haberler\/antalya\/olumu-antalyada-yendi\/#breadcrumb\",\"itemListElement\":[{\"@type\":\"ListItem\",\"position\":1,\"name\":\"Home\",\"item\":\"https:\/\/denizcankizil.tr\/de\/\"},{\"@type\":\"ListItem\",\"position\":2,\"name\":\"\u00d6l\u00fcm\u00fc Antalya&#8217;da yendi\"}]},{\"@type\":\"WebSite\",\"@id\":\"https:\/\/denizcankizil.tr\/#website\",\"url\":\"https:\/\/denizcankizil.tr\/\",\"name\":\"Av. Deniz Can K\u0131z\u0131l\",\"description\":\"Avukat Deniz Can K\u0131z\u0131l Antalya Barosu\",\"publisher\":{\"@id\":\"https:\/\/denizcankizil.tr\/#organization\"},\"potentialAction\":[{\"@type\":\"SearchAction\",\"target\":{\"@type\":\"EntryPoint\",\"urlTemplate\":\"https:\/\/denizcankizil.tr\/?s={search_term_string}\"},\"query-input\":{\"@type\":\"PropertyValueSpecification\",\"valueRequired\":true,\"valueName\":\"search_term_string\"}}],\"inLanguage\":\"de\"},{\"@type\":\"Organization\",\"@id\":\"https:\/\/denizcankizil.tr\/#organization\",\"name\":\"Av. Deniz Can K\u0131z\u0131l\",\"url\":\"https:\/\/denizcankizil.tr\/\",\"logo\":{\"@type\":\"ImageObject\",\"inLanguage\":\"de\",\"@id\":\"https:\/\/denizcankizil.tr\/#\/schema\/logo\/image\/\",\"url\":\"https:\/\/denizcankizil.tr\/wp-content\/uploads\/2024\/10\/siyah-logo-svg.svg\",\"contentUrl\":\"https:\/\/denizcankizil.tr\/wp-content\/uploads\/2024\/10\/siyah-logo-svg.svg\",\"width\":1080,\"height\":1080,\"caption\":\"Av. Deniz Can K\u0131z\u0131l\"},\"image\":{\"@id\":\"https:\/\/denizcankizil.tr\/#\/schema\/logo\/image\/\"}}]}<\/script>\n<!-- \/ Yoast SEO Premium plugin. -->","yoast_head_json":{"title":"\u00d6l\u00fcm\u00fc Antalya'da yendi - Av. Deniz Can K\u0131z\u0131l","robots":{"index":"index","follow":"follow","max-snippet":"max-snippet:-1","max-image-preview":"max-image-preview:large","max-video-preview":"max-video-preview:-1"},"canonical":"https:\/\/denizcankizil.tr\/de\/haberler\/antalya\/olumu-antalyada-yendi\/","og_locale":"de_DE","og_type":"article","og_title":"\u00d6l\u00fcm\u00fc Antalya'da yendi","og_description":"Van\u2019da ya\u015fayan Hekim Tutal\u2019da 1 sene \u00f6nce \u015fiddetli kar\u0131n a\u011fr\u0131s\u0131 ba\u015flad\u0131. Tedavi i\u00e7in ba\u015fvurdu\u011fu merkezde ba\u011f\u0131rsaklar\u0131nda t\u0131kan\u0131kl\u0131k g\u00f6r\u00fcld\u00fc\u011f\u00fc i\u00e7in acilen ameliyata al\u0131nmas\u0131 gerekti\u011fi s\u00f6ylendi. Apar topar ameliyata al\u0131nan Tutal, ameliyat sonras\u0131nda ba\u011f\u0131rsa\u011f\u0131n\u0131n b\u00fcy\u00fck bir k\u0131sm\u0131n\u0131 kaybetti\u011fini ve art\u0131k ba\u011f\u0131rsaklar\u0131n\u0131n kolostomi ad\u0131 verilen bir y\u00f6ntemle d\u0131\u015far\u0131ya al\u0131nd\u0131\u011f\u0131n\u0131 \u00f6\u011frendi. Hatta ortalama 6 ayl\u0131k bir \u00f6mr\u00fcn\u00fcn kald\u0131\u011f\u0131 ve bu s\u00fcreyi de ba\u011f\u0131rsaklar\u0131 torbada ge\u00e7irmek zorunda oldu\u011fu da iletildi. Ba\u011f\u0131rsak damarlar\u0131n\u0131n t\u0131kanmas\u0131 sonucu ba\u011f\u0131rsa\u011f\u0131n\u0131n b\u00fcy\u00fck k\u0131sm\u0131n\u0131 kaybeden Tutal\u2019a, ba\u015fka bir \u00e7aresi olmad\u0131\u011f\u0131 s\u00f6ylendi. Ancak k\u0131z\u0131 Gizem Tutal bu durumu kabullenmedi ve internette babas\u0131n\u0131 kurtaracak bir tedavi y\u00f6ntemi i\u00e7in ara\u015ft\u0131rma yapmaya ba\u015flad\u0131. Tutal ailesi Prof. Dr. \u0130smail G\u00f6mceli\u2019ye ula\u015ft\u0131. Sonu\u00e7lar\u0131 de\u011ferlendiren Prof. Dr. G\u00f6mceli hastay\u0131 bir s\u00fcre takip edip ameliyat karar\u0131 ald\u0131. \u201cBa\u011f\u0131rsaklar\u0131 akordeon y\u00f6ntemi ile 2 kat\u0131na \u00e7\u0131kar\u0131ld\u0131\u201d 6 ay \u00f6mr\u00fc kald\u0131\u011f\u0131n\u0131 \u00f6\u011frenen ve t\u00fcm ya\u015fama sevincini kaybeden Hekim Tutal, kendi hayat\u0131ndan tamamen vazge\u00e7ti ancak k\u0131z\u0131 internette yapt\u0131\u011f\u0131 ara\u015ft\u0131rmalar sonucunda bir \u00e7arenin olabilece\u011fini umarak babas\u0131n\u0131 Antalya\u2019ya g\u00f6t\u00fcrmeye ikna etti. Hekim Tutal\u2019\u0131n sonu\u00e7lar\u0131 Memorial Sa\u011fl\u0131k Grubu Medstar Antalya Hastanesi Genel Cerrahi B\u00f6l\u00fcm\u00fc\u2019nden Prof. Dr. \u0130smail G\u00f6mceli taraf\u0131ndan de\u011ferlendirildi. Bir s\u00fcre Prof. Dr. G\u00f6mceli\u2019nin takibinde olan Tutal i\u00e7in, doktoru yeniden ameliyat olabilece\u011fine karar veri. Prof. Dr. \u0130smail G\u00f6mceli, ameliyatta Tutal\u2019\u0131n yar\u0131s\u0131ndan fazlas\u0131n\u0131 kaybetti\u011fi ba\u011f\u0131rsa\u011f\u0131n\u0131 \u00f6zel bir &hellip;","og_url":"https:\/\/denizcankizil.tr\/de\/haberler\/antalya\/olumu-antalyada-yendi\/","og_site_name":"Av. Deniz Can K\u0131z\u0131l","article_published_time":"2024-11-21T10:43:21+00:00","og_image":[{"width":1280,"height":720,"url":"https:\/\/denizcankizil.tr\/wp-content\/uploads\/2024\/11\/3207-01-dOTXME.jpeg","type":"image\/jpeg"}],"twitter_card":"summary_large_image","twitter_misc":{"Gesch\u00e4tzte Lesezeit":"3\u00a0Minuten"},"schema":{"@context":"https:\/\/schema.org","@graph":[{"@type":"Article","@id":"https:\/\/denizcankizil.tr\/de\/haberler\/antalya\/olumu-antalyada-yendi\/#article","isPartOf":{"@id":"https:\/\/denizcankizil.tr\/de\/haberler\/antalya\/olumu-antalyada-yendi\/"},"author":{"name":"","@id":""},"headline":"\u00d6l\u00fcm\u00fc Antalya&#8217;da yendi","datePublished":"2024-11-21T10:43:21+00:00","mainEntityOfPage":{"@id":"https:\/\/denizcankizil.tr\/de\/haberler\/antalya\/olumu-antalyada-yendi\/"},"wordCount":647,"commentCount":0,"publisher":{"@id":"https:\/\/denizcankizil.tr\/#organization"},"image":{"@id":"https:\/\/denizcankizil.tr\/de\/haberler\/antalya\/olumu-antalyada-yendi\/#primaryimage"},"thumbnailUrl":"https:\/\/denizcankizil.tr\/wp-content\/uploads\/2024\/11\/3207-01-dOTXME.jpeg","articleSection":["Antalya","Uncategorized"],"inLanguage":"de","potentialAction":[{"@type":"CommentAction","name":"Comment","target":["https:\/\/denizcankizil.tr\/de\/haberler\/antalya\/olumu-antalyada-yendi\/#respond"]}]},{"@type":"WebPage","@id":"https:\/\/denizcankizil.tr\/de\/haberler\/antalya\/olumu-antalyada-yendi\/","url":"https:\/\/denizcankizil.tr\/de\/haberler\/antalya\/olumu-antalyada-yendi\/","name":"\u00d6l\u00fcm\u00fc Antalya'da yendi - Av. Deniz Can K\u0131z\u0131l","isPartOf":{"@id":"https:\/\/denizcankizil.tr\/#website"},"primaryImageOfPage":{"@id":"https:\/\/denizcankizil.tr\/de\/haberler\/antalya\/olumu-antalyada-yendi\/#primaryimage"},"image":{"@id":"https:\/\/denizcankizil.tr\/de\/haberler\/antalya\/olumu-antalyada-yendi\/#primaryimage"},"thumbnailUrl":"https:\/\/denizcankizil.tr\/wp-content\/uploads\/2024\/11\/3207-01-dOTXME.jpeg","datePublished":"2024-11-21T10:43:21+00:00","breadcrumb":{"@id":"https:\/\/denizcankizil.tr\/de\/haberler\/antalya\/olumu-antalyada-yendi\/#breadcrumb"},"inLanguage":"de","potentialAction":[{"@type":"ReadAction","target":["https:\/\/denizcankizil.tr\/de\/haberler\/antalya\/olumu-antalyada-yendi\/"]}]},{"@type":"ImageObject","inLanguage":"de","@id":"https:\/\/denizcankizil.tr\/de\/haberler\/antalya\/olumu-antalyada-yendi\/#primaryimage","url":"https:\/\/denizcankizil.tr\/wp-content\/uploads\/2024\/11\/3207-01-dOTXME.jpeg","contentUrl":"https:\/\/denizcankizil.tr\/wp-content\/uploads\/2024\/11\/3207-01-dOTXME.jpeg","width":1280,"height":720},{"@type":"BreadcrumbList","@id":"https:\/\/denizcankizil.tr\/de\/haberler\/antalya\/olumu-antalyada-yendi\/#breadcrumb","itemListElement":[{"@type":"ListItem","position":1,"name":"Home","item":"https:\/\/denizcankizil.tr\/de\/"},{"@type":"ListItem","position":2,"name":"\u00d6l\u00fcm\u00fc Antalya&#8217;da yendi"}]},{"@type":"WebSite","@id":"https:\/\/denizcankizil.tr\/#website","url":"https:\/\/denizcankizil.tr\/","name":"Av. Deniz Can K\u0131z\u0131l","description":"Avukat Deniz Can K\u0131z\u0131l Antalya Barosu","publisher":{"@id":"https:\/\/denizcankizil.tr\/#organization"},"potentialAction":[{"@type":"SearchAction","target":{"@type":"EntryPoint","urlTemplate":"https:\/\/denizcankizil.tr\/?s={search_term_string}"},"query-input":{"@type":"PropertyValueSpecification","valueRequired":true,"valueName":"search_term_string"}}],"inLanguage":"de"},{"@type":"Organization","@id":"https:\/\/denizcankizil.tr\/#organization","name":"Av. Deniz Can K\u0131z\u0131l","url":"https:\/\/denizcankizil.tr\/","logo":{"@type":"ImageObject","inLanguage":"de","@id":"https:\/\/denizcankizil.tr\/#\/schema\/logo\/image\/","url":"https:\/\/denizcankizil.tr\/wp-content\/uploads\/2024\/10\/siyah-logo-svg.svg","contentUrl":"https:\/\/denizcankizil.tr\/wp-content\/uploads\/2024\/10\/siyah-logo-svg.svg","width":1080,"height":1080,"caption":"Av. Deniz Can K\u0131z\u0131l"},"image":{"@id":"https:\/\/denizcankizil.tr\/#\/schema\/logo\/image\/"}}]}},"_links":{"self":[{"href":"https:\/\/denizcankizil.tr\/de\/wp-json\/wp\/v2\/posts\/16877","targetHints":{"allow":["GET"]}}],"collection":[{"href":"https:\/\/denizcankizil.tr\/de\/wp-json\/wp\/v2\/posts"}],"about":[{"href":"https:\/\/denizcankizil.tr\/de\/wp-json\/wp\/v2\/types\/post"}],"replies":[{"embeddable":true,"href":"https:\/\/denizcankizil.tr\/de\/wp-json\/wp\/v2\/comments?post=16877"}],"version-history":[{"count":0,"href":"https:\/\/denizcankizil.tr\/de\/wp-json\/wp\/v2\/posts\/16877\/revisions"}],"wp:featuredmedia":[{"embeddable":true,"href":"https:\/\/denizcankizil.tr\/de\/wp-json\/wp\/v2\/media\/16878"}],"wp:attachment":[{"href":"https:\/\/denizcankizil.tr\/de\/wp-json\/wp\/v2\/media?parent=16877"}],"wp:term":[{"taxonomy":"category","embeddable":true,"href":"https:\/\/denizcankizil.tr\/de\/wp-json\/wp\/v2\/categories?post=16877"},{"taxonomy":"post_tag","embeddable":true,"href":"https:\/\/denizcankizil.tr\/de\/wp-json\/wp\/v2\/tags?post=16877"}],"curies":[{"name":"wp","href":"https:\/\/api.w.org\/{rel}","templated":true}]}}