{"id":16859,"date":"2024-11-21T12:41:43","date_gmt":"2024-11-21T09:41:43","guid":{"rendered":"https:\/\/denizcankizil.tr\/uncategorized-tr\/kuruyemis-yuklu-arac-alev-alev-yandi\/"},"modified":"2024-11-21T12:41:43","modified_gmt":"2024-11-21T09:41:43","slug":"kuruyemis-yuklu-arac-alev-alev-yandi","status":"publish","type":"post","link":"https:\/\/denizcankizil.tr\/de\/haberler\/antalya\/kuruyemis-yuklu-arac-alev-alev-yandi\/","title":{"rendered":"Kuruyemi\u015f y\u00fckl\u00fc ara\u00e7 alev alev yand\u0131"},"content":{"rendered":"<p>Olay, Antalya Alanya D400 karayolu Cumal\u0131 mevkiinde meydana geldi. Serik&#8217;ten Antalya istikametine seyir halindeki A.T. idaresindeki 07 DZ 361 plakal\u0131 hafif ticari ara\u00e7 bilinmeyen bir nedenle alev alarak yanmaya ba\u015flad\u0131. Arac\u0131n motor k\u0131sm\u0131ndan gelen dumanlar\u0131 fark eden ara\u00e7 s\u00fcr\u00fcc\u00fcs\u00fc arac\u0131n\u0131 yolu sa\u011f\u0131na \u00e7ekerek durdu ve ara\u00e7tan kendisini d\u0131\u015far\u0131 att\u0131. Vatanda\u015flar\u0131n ihbar\u0131 \u00fczerine olay yerine polis ve itfaiye ekipleri sevk edildi. Yang\u0131na ilk m\u00fcdahaleyi ara\u00e7 s\u00fcr\u00fcc\u00fcs\u00fc yang\u0131n t\u00fcp\u00fc ile yaparken, itfaiyenin m\u00fcdahalesi ile ara\u00e7 k\u0131sa s\u00fcrede s\u00f6nd\u00fcr\u00fcld\u00fc.<br \/>\nBir kuruyemi\u015f firmas\u0131na ait olan ara\u00e7 tamamen yanarak kullan\u0131lamaz hale gelirken, ara\u00e7ta bulunan kuruyemi\u015flerde k\u00fcle d\u00f6nd\u00fc. Ara\u00e7 s\u00fcr\u00fcc\u00fcs\u00fc A.T. yang\u0131n\u0131n nas\u0131l \u00e7\u0131kt\u0131\u011f\u0131n\u0131 anlayamad\u0131\u011f\u0131n\u0131 birden dumanlar\u0131 fark edince arac\u0131 yol kenar\u0131na \u00e7ekip yang\u0131n s\u00f6nd\u00fcrme t\u00fcp\u00fc ile m\u00fcdahale etti\u011fini s\u00f6yledi.<br \/>\nPolis yang\u0131nla ilgili inceleme ba\u015flatt\u0131.<\/p>\n<p>Kaynak: www.kanalv.com.tr Haber Sitesinden Al\u0131nm\u0131\u015ft\u0131r.<\/p>","protected":false},"excerpt":{"rendered":"<p>Olay, Antalya Alanya D400 karayolu Cumal\u0131 mevkiinde meydana geldi. Serik&#8217;ten Antalya istikametine seyir halindeki A.T. idaresindeki 07 DZ 361 plakal\u0131 hafif ticari ara\u00e7 bilinmeyen bir nedenle alev alarak yanmaya ba\u015flad\u0131. Arac\u0131n motor k\u0131sm\u0131ndan gelen dumanlar\u0131 fark eden ara\u00e7 s\u00fcr\u00fcc\u00fcs\u00fc arac\u0131n\u0131 yolu sa\u011f\u0131na \u00e7ekerek durdu ve ara\u00e7tan kendisini d\u0131\u015far\u0131 att\u0131. Vatanda\u015flar\u0131n ihbar\u0131 \u00fczerine olay yerine polis ve itfaiye ekipleri sevk edildi. Yang\u0131na ilk m\u00fcdahaleyi ara\u00e7 s\u00fcr\u00fcc\u00fcs\u00fc yang\u0131n t\u00fcp\u00fc ile yaparken, itfaiyenin m\u00fcdahalesi ile ara\u00e7 k\u0131sa s\u00fcrede s\u00f6nd\u00fcr\u00fcld\u00fc. Bir kuruyemi\u015f firmas\u0131na ait olan ara\u00e7 tamamen yanarak kullan\u0131lamaz hale gelirken, ara\u00e7ta bulunan kuruyemi\u015flerde k\u00fcle d\u00f6nd\u00fc. Ara\u00e7 s\u00fcr\u00fcc\u00fcs\u00fc A.T. yang\u0131n\u0131n nas\u0131l \u00e7\u0131kt\u0131\u011f\u0131n\u0131 anlayamad\u0131\u011f\u0131n\u0131 birden dumanlar\u0131 fark edince arac\u0131 yol kenar\u0131na \u00e7ekip yang\u0131n s\u00f6nd\u00fcrme t\u00fcp\u00fc ile m\u00fcdahale etti\u011fini s\u00f6yledi. Polis yang\u0131nla ilgili inceleme ba\u015flatt\u0131. Kaynak: www.kanalv.com.tr Haber Sitesinden Al\u0131nm\u0131\u015ft\u0131r.<\/p>","protected":false},"author":0,"featured_media":16860,"comment_status":"open","ping_status":"open","sticky":false,"template":"","format":"standard","meta":{"_acf_changed":false,"footnotes":""},"categories":[26,535],"tags":[],"class_list":["post-16859","post","type-post","status-publish","format-standard","has-post-thumbnail","hentry","category-antalya","category-uncategorized-tr"],"acf":[],"yoast_head":"<!-- This site is optimized with the Yoast SEO Premium plugin v26.6 (Yoast SEO v27.1.1) - https:\/\/yoast.com\/product\/yoast-seo-premium-wordpress\/ -->\n<title>Kuruyemi\u015f y\u00fckl\u00fc ara\u00e7 alev alev yand\u0131 - Av. Deniz Can K\u0131z\u0131l<\/title>\n<meta name=\"robots\" content=\"index, follow, max-snippet:-1, max-image-preview:large, max-video-preview:-1\" \/>\n<link rel=\"canonical\" href=\"https:\/\/denizcankizil.tr\/de\/haberler\/antalya\/kuruyemis-yuklu-arac-alev-alev-yandi\/\" \/>\n<meta property=\"og:locale\" content=\"de_DE\" \/>\n<meta property=\"og:type\" content=\"article\" \/>\n<meta property=\"og:title\" content=\"Kuruyemi\u015f y\u00fckl\u00fc ara\u00e7 alev alev yand\u0131\" \/>\n<meta property=\"og:description\" content=\"Olay, Antalya Alanya D400 karayolu Cumal\u0131 mevkiinde meydana geldi. Serik&#8217;ten Antalya istikametine seyir halindeki A.T. idaresindeki 07 DZ 361 plakal\u0131 hafif ticari ara\u00e7 bilinmeyen bir nedenle alev alarak yanmaya ba\u015flad\u0131. Arac\u0131n motor k\u0131sm\u0131ndan gelen dumanlar\u0131 fark eden ara\u00e7 s\u00fcr\u00fcc\u00fcs\u00fc arac\u0131n\u0131 yolu sa\u011f\u0131na \u00e7ekerek durdu ve ara\u00e7tan kendisini d\u0131\u015far\u0131 att\u0131. Vatanda\u015flar\u0131n ihbar\u0131 \u00fczerine olay yerine polis ve itfaiye ekipleri sevk edildi. Yang\u0131na ilk m\u00fcdahaleyi ara\u00e7 s\u00fcr\u00fcc\u00fcs\u00fc yang\u0131n t\u00fcp\u00fc ile yaparken, itfaiyenin m\u00fcdahalesi ile ara\u00e7 k\u0131sa s\u00fcrede s\u00f6nd\u00fcr\u00fcld\u00fc. Bir kuruyemi\u015f firmas\u0131na ait olan ara\u00e7 tamamen yanarak kullan\u0131lamaz hale gelirken, ara\u00e7ta bulunan kuruyemi\u015flerde k\u00fcle d\u00f6nd\u00fc. Ara\u00e7 s\u00fcr\u00fcc\u00fcs\u00fc A.T. yang\u0131n\u0131n nas\u0131l \u00e7\u0131kt\u0131\u011f\u0131n\u0131 anlayamad\u0131\u011f\u0131n\u0131 birden dumanlar\u0131 fark edince arac\u0131 yol kenar\u0131na \u00e7ekip yang\u0131n s\u00f6nd\u00fcrme t\u00fcp\u00fc ile m\u00fcdahale etti\u011fini s\u00f6yledi. Polis yang\u0131nla ilgili inceleme ba\u015flatt\u0131. Kaynak: www.kanalv.com.tr Haber Sitesinden Al\u0131nm\u0131\u015ft\u0131r.\" \/>\n<meta property=\"og:url\" content=\"https:\/\/denizcankizil.tr\/de\/haberler\/antalya\/kuruyemis-yuklu-arac-alev-alev-yandi\/\" \/>\n<meta property=\"og:site_name\" content=\"Av. Deniz Can K\u0131z\u0131l\" \/>\n<meta property=\"article:published_time\" content=\"2024-11-21T09:41:43+00:00\" \/>\n<meta property=\"og:image\" content=\"https:\/\/denizcankizil.tr\/wp-content\/uploads\/2024\/11\/3204-01-R72ZLC.jpeg\" \/>\n\t<meta property=\"og:image:width\" content=\"1280\" \/>\n\t<meta property=\"og:image:height\" content=\"720\" \/>\n\t<meta property=\"og:image:type\" content=\"image\/jpeg\" \/>\n<meta name=\"twitter:card\" content=\"summary_large_image\" \/>\n<meta name=\"twitter:label1\" content=\"Gesch\u00e4tzte Lesezeit\" \/>\n\t<meta name=\"twitter:data1\" content=\"1\u00a0Minute\" \/>\n<script type=\"application\/ld+json\" class=\"yoast-schema-graph\">{\"@context\":\"https:\/\/schema.org\",\"@graph\":[{\"@type\":\"Article\",\"@id\":\"https:\/\/denizcankizil.tr\/en\/haberler\/antalya\/kuruyemis-yuklu-arac-alev-alev-yandi\/#article\",\"isPartOf\":{\"@id\":\"https:\/\/denizcankizil.tr\/en\/haberler\/antalya\/kuruyemis-yuklu-arac-alev-alev-yandi\/\"},\"author\":{\"name\":\"\",\"@id\":\"\"},\"headline\":\"Kuruyemi\u015f y\u00fckl\u00fc ara\u00e7 alev alev yand\u0131\",\"datePublished\":\"2024-11-21T09:41:43+00:00\",\"mainEntityOfPage\":{\"@id\":\"https:\/\/denizcankizil.tr\/en\/haberler\/antalya\/kuruyemis-yuklu-arac-alev-alev-yandi\/\"},\"wordCount\":188,\"commentCount\":0,\"publisher\":{\"@id\":\"https:\/\/denizcankizil.tr\/de\/#organization\"},\"image\":{\"@id\":\"https:\/\/denizcankizil.tr\/en\/haberler\/antalya\/kuruyemis-yuklu-arac-alev-alev-yandi\/#primaryimage\"},\"thumbnailUrl\":\"https:\/\/denizcankizil.tr\/wp-content\/uploads\/2024\/11\/3204-01-R72ZLC.jpeg\",\"articleSection\":[\"Antalya\",\"Uncategorized\"],\"inLanguage\":\"de\",\"potentialAction\":[{\"@type\":\"CommentAction\",\"name\":\"Comment\",\"target\":[\"https:\/\/denizcankizil.tr\/en\/haberler\/antalya\/kuruyemis-yuklu-arac-alev-alev-yandi\/#respond\"]}]},{\"@type\":\"WebPage\",\"@id\":\"https:\/\/denizcankizil.tr\/en\/haberler\/antalya\/kuruyemis-yuklu-arac-alev-alev-yandi\/\",\"url\":\"https:\/\/denizcankizil.tr\/en\/haberler\/antalya\/kuruyemis-yuklu-arac-alev-alev-yandi\/\",\"name\":\"Kuruyemi\u015f y\u00fckl\u00fc ara\u00e7 alev alev yand\u0131 - Av. Deniz Can K\u0131z\u0131l\",\"isPartOf\":{\"@id\":\"https:\/\/denizcankizil.tr\/de\/#website\"},\"primaryImageOfPage\":{\"@id\":\"https:\/\/denizcankizil.tr\/en\/haberler\/antalya\/kuruyemis-yuklu-arac-alev-alev-yandi\/#primaryimage\"},\"image\":{\"@id\":\"https:\/\/denizcankizil.tr\/en\/haberler\/antalya\/kuruyemis-yuklu-arac-alev-alev-yandi\/#primaryimage\"},\"thumbnailUrl\":\"https:\/\/denizcankizil.tr\/wp-content\/uploads\/2024\/11\/3204-01-R72ZLC.jpeg\",\"datePublished\":\"2024-11-21T09:41:43+00:00\",\"breadcrumb\":{\"@id\":\"https:\/\/denizcankizil.tr\/en\/haberler\/antalya\/kuruyemis-yuklu-arac-alev-alev-yandi\/#breadcrumb\"},\"inLanguage\":\"de\",\"potentialAction\":[{\"@type\":\"ReadAction\",\"target\":[\"https:\/\/denizcankizil.tr\/en\/haberler\/antalya\/kuruyemis-yuklu-arac-alev-alev-yandi\/\"]}]},{\"@type\":\"ImageObject\",\"inLanguage\":\"de\",\"@id\":\"https:\/\/denizcankizil.tr\/en\/haberler\/antalya\/kuruyemis-yuklu-arac-alev-alev-yandi\/#primaryimage\",\"url\":\"https:\/\/denizcankizil.tr\/wp-content\/uploads\/2024\/11\/3204-01-R72ZLC.jpeg\",\"contentUrl\":\"https:\/\/denizcankizil.tr\/wp-content\/uploads\/2024\/11\/3204-01-R72ZLC.jpeg\",\"width\":1280,\"height\":720},{\"@type\":\"BreadcrumbList\",\"@id\":\"https:\/\/denizcankizil.tr\/en\/haberler\/antalya\/kuruyemis-yuklu-arac-alev-alev-yandi\/#breadcrumb\",\"itemListElement\":[{\"@type\":\"ListItem\",\"position\":1,\"name\":\"Home\",\"item\":\"https:\/\/denizcankizil.tr\/de\/\"},{\"@type\":\"ListItem\",\"position\":2,\"name\":\"Kuruyemi\u015f y\u00fckl\u00fc ara\u00e7 alev alev yand\u0131\"}]},{\"@type\":\"WebSite\",\"@id\":\"https:\/\/denizcankizil.tr\/de\/#website\",\"url\":\"https:\/\/denizcankizil.tr\/de\/\",\"name\":\"Av. Deniz Can K\u0131z\u0131l\",\"description\":\"Avukat Deniz Can K\u0131z\u0131l Antalya Barosu\",\"publisher\":{\"@id\":\"https:\/\/denizcankizil.tr\/de\/#organization\"},\"potentialAction\":[{\"@type\":\"SearchAction\",\"target\":{\"@type\":\"EntryPoint\",\"urlTemplate\":\"https:\/\/denizcankizil.tr\/de\/?s={search_term_string}\"},\"query-input\":{\"@type\":\"PropertyValueSpecification\",\"valueRequired\":true,\"valueName\":\"search_term_string\"}}],\"inLanguage\":\"de\"},{\"@type\":\"Organization\",\"@id\":\"https:\/\/denizcankizil.tr\/de\/#organization\",\"name\":\"Av. Deniz Can K\u0131z\u0131l\",\"url\":\"https:\/\/denizcankizil.tr\/de\/\",\"logo\":{\"@type\":\"ImageObject\",\"inLanguage\":\"de\",\"@id\":\"https:\/\/denizcankizil.tr\/de\/#\/schema\/logo\/image\/\",\"url\":\"https:\/\/denizcankizil.tr\/wp-content\/uploads\/2024\/10\/siyah-logo-svg.svg\",\"contentUrl\":\"https:\/\/denizcankizil.tr\/wp-content\/uploads\/2024\/10\/siyah-logo-svg.svg\",\"width\":1080,\"height\":1080,\"caption\":\"Av. Deniz Can K\u0131z\u0131l\"},\"image\":{\"@id\":\"https:\/\/denizcankizil.tr\/de\/#\/schema\/logo\/image\/\"}}]}<\/script>\n<!-- \/ Yoast SEO Premium plugin. -->","yoast_head_json":{"title":"Kuruyemi\u015f y\u00fckl\u00fc ara\u00e7 alev alev yand\u0131 - Av. Deniz Can K\u0131z\u0131l","robots":{"index":"index","follow":"follow","max-snippet":"max-snippet:-1","max-image-preview":"max-image-preview:large","max-video-preview":"max-video-preview:-1"},"canonical":"https:\/\/denizcankizil.tr\/de\/haberler\/antalya\/kuruyemis-yuklu-arac-alev-alev-yandi\/","og_locale":"de_DE","og_type":"article","og_title":"Kuruyemi\u015f y\u00fckl\u00fc ara\u00e7 alev alev yand\u0131","og_description":"Olay, Antalya Alanya D400 karayolu Cumal\u0131 mevkiinde meydana geldi. Serik&#8217;ten Antalya istikametine seyir halindeki A.T. idaresindeki 07 DZ 361 plakal\u0131 hafif ticari ara\u00e7 bilinmeyen bir nedenle alev alarak yanmaya ba\u015flad\u0131. Arac\u0131n motor k\u0131sm\u0131ndan gelen dumanlar\u0131 fark eden ara\u00e7 s\u00fcr\u00fcc\u00fcs\u00fc arac\u0131n\u0131 yolu sa\u011f\u0131na \u00e7ekerek durdu ve ara\u00e7tan kendisini d\u0131\u015far\u0131 att\u0131. Vatanda\u015flar\u0131n ihbar\u0131 \u00fczerine olay yerine polis ve itfaiye ekipleri sevk edildi. Yang\u0131na ilk m\u00fcdahaleyi ara\u00e7 s\u00fcr\u00fcc\u00fcs\u00fc yang\u0131n t\u00fcp\u00fc ile yaparken, itfaiyenin m\u00fcdahalesi ile ara\u00e7 k\u0131sa s\u00fcrede s\u00f6nd\u00fcr\u00fcld\u00fc. Bir kuruyemi\u015f firmas\u0131na ait olan ara\u00e7 tamamen yanarak kullan\u0131lamaz hale gelirken, ara\u00e7ta bulunan kuruyemi\u015flerde k\u00fcle d\u00f6nd\u00fc. Ara\u00e7 s\u00fcr\u00fcc\u00fcs\u00fc A.T. yang\u0131n\u0131n nas\u0131l \u00e7\u0131kt\u0131\u011f\u0131n\u0131 anlayamad\u0131\u011f\u0131n\u0131 birden dumanlar\u0131 fark edince arac\u0131 yol kenar\u0131na \u00e7ekip yang\u0131n s\u00f6nd\u00fcrme t\u00fcp\u00fc ile m\u00fcdahale etti\u011fini s\u00f6yledi. Polis yang\u0131nla ilgili inceleme ba\u015flatt\u0131. Kaynak: www.kanalv.com.tr Haber Sitesinden Al\u0131nm\u0131\u015ft\u0131r.","og_url":"https:\/\/denizcankizil.tr\/de\/haberler\/antalya\/kuruyemis-yuklu-arac-alev-alev-yandi\/","og_site_name":"Av. Deniz Can K\u0131z\u0131l","article_published_time":"2024-11-21T09:41:43+00:00","og_image":[{"width":1280,"height":720,"url":"https:\/\/denizcankizil.tr\/wp-content\/uploads\/2024\/11\/3204-01-R72ZLC.jpeg","type":"image\/jpeg"}],"twitter_card":"summary_large_image","twitter_misc":{"Gesch\u00e4tzte Lesezeit":"1\u00a0Minute"},"schema":{"@context":"https:\/\/schema.org","@graph":[{"@type":"Article","@id":"https:\/\/denizcankizil.tr\/en\/haberler\/antalya\/kuruyemis-yuklu-arac-alev-alev-yandi\/#article","isPartOf":{"@id":"https:\/\/denizcankizil.tr\/en\/haberler\/antalya\/kuruyemis-yuklu-arac-alev-alev-yandi\/"},"author":{"name":"","@id":""},"headline":"Kuruyemi\u015f y\u00fckl\u00fc ara\u00e7 alev alev yand\u0131","datePublished":"2024-11-21T09:41:43+00:00","mainEntityOfPage":{"@id":"https:\/\/denizcankizil.tr\/en\/haberler\/antalya\/kuruyemis-yuklu-arac-alev-alev-yandi\/"},"wordCount":188,"commentCount":0,"publisher":{"@id":"https:\/\/denizcankizil.tr\/de\/#organization"},"image":{"@id":"https:\/\/denizcankizil.tr\/en\/haberler\/antalya\/kuruyemis-yuklu-arac-alev-alev-yandi\/#primaryimage"},"thumbnailUrl":"https:\/\/denizcankizil.tr\/wp-content\/uploads\/2024\/11\/3204-01-R72ZLC.jpeg","articleSection":["Antalya","Uncategorized"],"inLanguage":"de","potentialAction":[{"@type":"CommentAction","name":"Comment","target":["https:\/\/denizcankizil.tr\/en\/haberler\/antalya\/kuruyemis-yuklu-arac-alev-alev-yandi\/#respond"]}]},{"@type":"WebPage","@id":"https:\/\/denizcankizil.tr\/en\/haberler\/antalya\/kuruyemis-yuklu-arac-alev-alev-yandi\/","url":"https:\/\/denizcankizil.tr\/en\/haberler\/antalya\/kuruyemis-yuklu-arac-alev-alev-yandi\/","name":"Kuruyemi\u015f y\u00fckl\u00fc ara\u00e7 alev alev yand\u0131 - Av. Deniz Can K\u0131z\u0131l","isPartOf":{"@id":"https:\/\/denizcankizil.tr\/de\/#website"},"primaryImageOfPage":{"@id":"https:\/\/denizcankizil.tr\/en\/haberler\/antalya\/kuruyemis-yuklu-arac-alev-alev-yandi\/#primaryimage"},"image":{"@id":"https:\/\/denizcankizil.tr\/en\/haberler\/antalya\/kuruyemis-yuklu-arac-alev-alev-yandi\/#primaryimage"},"thumbnailUrl":"https:\/\/denizcankizil.tr\/wp-content\/uploads\/2024\/11\/3204-01-R72ZLC.jpeg","datePublished":"2024-11-21T09:41:43+00:00","breadcrumb":{"@id":"https:\/\/denizcankizil.tr\/en\/haberler\/antalya\/kuruyemis-yuklu-arac-alev-alev-yandi\/#breadcrumb"},"inLanguage":"de","potentialAction":[{"@type":"ReadAction","target":["https:\/\/denizcankizil.tr\/en\/haberler\/antalya\/kuruyemis-yuklu-arac-alev-alev-yandi\/"]}]},{"@type":"ImageObject","inLanguage":"de","@id":"https:\/\/denizcankizil.tr\/en\/haberler\/antalya\/kuruyemis-yuklu-arac-alev-alev-yandi\/#primaryimage","url":"https:\/\/denizcankizil.tr\/wp-content\/uploads\/2024\/11\/3204-01-R72ZLC.jpeg","contentUrl":"https:\/\/denizcankizil.tr\/wp-content\/uploads\/2024\/11\/3204-01-R72ZLC.jpeg","width":1280,"height":720},{"@type":"BreadcrumbList","@id":"https:\/\/denizcankizil.tr\/en\/haberler\/antalya\/kuruyemis-yuklu-arac-alev-alev-yandi\/#breadcrumb","itemListElement":[{"@type":"ListItem","position":1,"name":"Home","item":"https:\/\/denizcankizil.tr\/de\/"},{"@type":"ListItem","position":2,"name":"Kuruyemi\u015f y\u00fckl\u00fc ara\u00e7 alev alev yand\u0131"}]},{"@type":"WebSite","@id":"https:\/\/denizcankizil.tr\/de\/#website","url":"https:\/\/denizcankizil.tr\/de\/","name":"Av. Deniz Can K\u0131z\u0131l","description":"Avukat Deniz Can K\u0131z\u0131l Antalya Barosu","publisher":{"@id":"https:\/\/denizcankizil.tr\/de\/#organization"},"potentialAction":[{"@type":"SearchAction","target":{"@type":"EntryPoint","urlTemplate":"https:\/\/denizcankizil.tr\/de\/?s={search_term_string}"},"query-input":{"@type":"PropertyValueSpecification","valueRequired":true,"valueName":"search_term_string"}}],"inLanguage":"de"},{"@type":"Organization","@id":"https:\/\/denizcankizil.tr\/de\/#organization","name":"Av. Deniz Can K\u0131z\u0131l","url":"https:\/\/denizcankizil.tr\/de\/","logo":{"@type":"ImageObject","inLanguage":"de","@id":"https:\/\/denizcankizil.tr\/de\/#\/schema\/logo\/image\/","url":"https:\/\/denizcankizil.tr\/wp-content\/uploads\/2024\/10\/siyah-logo-svg.svg","contentUrl":"https:\/\/denizcankizil.tr\/wp-content\/uploads\/2024\/10\/siyah-logo-svg.svg","width":1080,"height":1080,"caption":"Av. Deniz Can K\u0131z\u0131l"},"image":{"@id":"https:\/\/denizcankizil.tr\/de\/#\/schema\/logo\/image\/"}}]}},"_links":{"self":[{"href":"https:\/\/denizcankizil.tr\/de\/wp-json\/wp\/v2\/posts\/16859","targetHints":{"allow":["GET"]}}],"collection":[{"href":"https:\/\/denizcankizil.tr\/de\/wp-json\/wp\/v2\/posts"}],"about":[{"href":"https:\/\/denizcankizil.tr\/de\/wp-json\/wp\/v2\/types\/post"}],"replies":[{"embeddable":true,"href":"https:\/\/denizcankizil.tr\/de\/wp-json\/wp\/v2\/comments?post=16859"}],"version-history":[{"count":0,"href":"https:\/\/denizcankizil.tr\/de\/wp-json\/wp\/v2\/posts\/16859\/revisions"}],"wp:featuredmedia":[{"embeddable":true,"href":"https:\/\/denizcankizil.tr\/de\/wp-json\/wp\/v2\/media\/16860"}],"wp:attachment":[{"href":"https:\/\/denizcankizil.tr\/de\/wp-json\/wp\/v2\/media?parent=16859"}],"wp:term":[{"taxonomy":"category","embeddable":true,"href":"https:\/\/denizcankizil.tr\/de\/wp-json\/wp\/v2\/categories?post=16859"},{"taxonomy":"post_tag","embeddable":true,"href":"https:\/\/denizcankizil.tr\/de\/wp-json\/wp\/v2\/tags?post=16859"}],"curies":[{"name":"wp","href":"https:\/\/api.w.org\/{rel}","templated":true}]}}