{"id":16680,"date":"2024-11-20T14:42:01","date_gmt":"2024-11-20T11:42:01","guid":{"rendered":"https:\/\/denizcankizil.tr\/uncategorized-tr\/mersinde-3-art-land-sanat-calistayi-sergisi-acildi\/"},"modified":"2024-11-20T14:42:01","modified_gmt":"2024-11-20T11:42:01","slug":"mersinde-3-art-land-sanat-calistayi-sergisi-acildi","status":"publish","type":"post","link":"https:\/\/denizcankizil.tr\/de\/haberler\/gundem\/mersinde-3-art-land-sanat-calistayi-sergisi-acildi\/","title":{"rendered":"Mersin&#8217;de &#8216;3. Art Land Sanat \u00c7al\u0131\u015ftay\u0131&#8217; sergisi a\u00e7\u0131ld\u0131"},"content":{"rendered":"<p>\u201cDo\u011fdu\u011fu Topra\u011fa Akan Sanat\u201d mottosuyla Bayburt Kenan Yavuz Etnografya M\u00fczesi\u2019nde ger\u00e7ekle\u015ftirilen 3. Arnica Art Land Sanat \u00c7al\u0131\u015ftay\u0131\u2019nda \u00fcretilen eserler, Bayburt\u2019tan sonra Mersin\u2019de sanatseverler ile bulu\u015ftu. Mersin\u2019in ad\u0131n\u0131 sanatla \u00f6zde\u015fle\u015ftirmeyi ve toplumda sanat okuryazarl\u0131\u011f\u0131n\u0131 g\u00fc\u00e7lendirmeyi ama\u00e7layan projede sanat\u00e7\u0131lar, d\u00fcnyaca \u00fcnl\u00fc dokuma sanat\u00e7\u0131s\u0131 F\u0131rat Neziro\u011flu\u2019nun k\u00fcrat\u00f6rl\u00fc\u011f\u00fcnde farkl\u0131 disiplinlerden eserlere imza att\u0131.MERS\u0130N (\u0130GFA) &#8211;\u00a0 \u201cDo\u011fdu\u011fu topra\u011fa akan sanat\u201d mottosunun m\u00fczenin \u201cK\u00f6klere D\u00f6n\u00fc\u015f\u201d mottosuyla birle\u015fti\u011fi ve ge\u00e7mi\u015fin k\u00fclt\u00fcr\u00fcn\u00fc gelece\u011fe ta\u015f\u0131yan \u00e7al\u0131\u015ftaya bu y\u0131l, farkl\u0131 disiplinlerden sanat\u00e7\u0131lar kat\u0131ld\u0131. Arnica Art Land Sanat \u00c7al\u0131\u015ftay\u0131 Kurucusu ve Dan\u0131\u015fma Kurulu Ba\u015fkan\u0131 Senur Ak\u0131n Bi\u00e7er\u2019in hayata ge\u00e7irdi\u011fi ve F\u0131rat Neziro\u011flu\u2019nun k\u00fcrat\u00f6rl\u00fc\u011f\u00fcnde bu y\u0131l 3.\u2019s\u00fc ger\u00e7ekle\u015fen \u00e7al\u0131\u015ftayda \u00fcretilen eserler, \u015fimdi de bamba\u015fka bir co\u011frafyan\u0131n rengini, kokusunu ve k\u00fclt\u00fcr\u00fcn\u00fc Mersin\u2019e ta\u015f\u0131yor. Farkl\u0131 teknikleri kullanarak renklerin tuvale ve kuma\u015fa aktar\u0131ld\u0131\u011f\u0131 \u00e7al\u0131\u015ftayda ortaya \u00e7\u0131kan eserler, Mersin G\u00fczel Sanatlar Galerisi\u2019nde sanatseverlerin be\u011fenisine sunuldu.\u00a0<\/p>\n<p>\u00a0Sergi 23 Kas\u0131m\u2019a kadar a\u00e7\u0131k kalacak<br \/>\n\u00a0Serginin Mersin G\u00fczel Sanatlar Galerisi\u2019nde yap\u0131lan ve yo\u011fun ilgi g\u00f6ren a\u00e7\u0131l\u0131\u015f\u0131nda konu\u015fan Arnica Art Land Sanat \u00c7al\u0131\u015ftay\u0131 Kurucusu ve Dan\u0131\u015fma Kurulu Ba\u015fkan\u0131 Senur Ak\u0131n Bi\u00e7er, \u015funlar\u0131 s\u00f6yledi: \u201cSanat\u0131n b\u00fcy\u00fck kentlere s\u0131k\u0131\u015fmas\u0131n\u0131 \u00f6nlemek, sanat okuryazarl\u0131\u011f\u0131n\u0131 art\u0131rmak, bizim i\u00e7in \u00e7ok \u00f6nemli bir yeri olan g\u00fczel Mersinimizin ad\u0131n\u0131 sanatla b\u00fct\u00fcnle\u015ftirmek i\u00e7in \u00e7\u0131kt\u0131\u011f\u0131m\u0131z yolculu\u011fumuzda, sizlerin deste\u011fini hissetmek bizim i\u00e7in paha bi\u00e7ilemez k\u0131ymette. Babam Hasan Ak\u0131n\u2019\u0131n ruhuna sayg\u0131 duru\u015fu niteli\u011findeki Arnica Art Land Sanat \u00c7al\u0131\u015ftay\u0131m\u0131z\u0131n \u00fc\u00e7\u00fcnc\u00fcs\u00fcn\u00fc Bayburt\u2019ta, Kenan Yavuz Etnografya M\u00fczesi\u2019nde yapt\u0131k. K\u0131ymetli dostum Kenan Yavuz\u2019un do\u011fdu\u011fu k\u00f6ye arma\u011fan etti\u011fi Kenan Yavuz Etnografya M\u00fczesi\u2019nde 11-18 A\u011fustos tarihleri aras\u0131nda F\u0131rat Neziro\u011flu k\u00fcrat\u00f6rl\u00fc\u011f\u00fcnde ger\u00e7ekle\u015ftirdi\u011fimiz \u00e7al\u0131\u015ftay, bamba\u015fka co\u011frafyalardan gelen g\u00fczel kalpleri bulu\u015fturdu.<br \/>\nF\u0131rat Bey\u2019e ve k\u0131ymetli sanat\u00e7\u0131lar\u0131m\u0131za huzurunuzda bir kez daha te\u015fekk\u00fcr etmek isterim. Bu sergide \u00e7ok istedi\u011fim, arzulad\u0131\u011f\u0131m bir ba\u015fka bulu\u015fma da ger\u00e7ekle\u015fti. Gelece\u011fin sanat\u00e7\u0131lar\u0131yla bulu\u015fmay\u0131, sanat e\u011fitimi alan \u00e7ocuklara y\u00f6nelik \u00e7e\u015fitli at\u00f6lye \u00e7al\u0131\u015fmalar\u0131 d\u00fczenlemeyi de \u00e7al\u0131\u015ftay\u0131m\u0131z\u0131n bir par\u00e7as\u0131 haline getirebilmek i\u00e7in \u00e7ok g\u00fczel bir ad\u0131m att\u0131k. Mersin\u2019deki Nevit Kodall\u0131 G\u00fczel Sanatlar Lisesinde e\u011fitim g\u00f6ren 30\u2019a yak\u0131n \u00f6\u011frenci, Bayburt\u2019ta bizimle olan sanat\u00e7\u0131m\u0131z Melike Kara\u2019n\u0131n liderli\u011finde bir \u00e7al\u0131\u015fma yapt\u0131. Hem at\u00f6lye \u00e7al\u0131\u015fmas\u0131ndaki hevesleri hem de sergi salonunda k\u00fcrat\u00f6r\u00fcm\u00fcz\u00fcn anlatt\u0131klar\u0131n\u0131 b\u00fcy\u00fck bir dikkatle dinlemeleri do\u011fru yolda oldu\u011fumuzu g\u00f6sterdi.\u201d<\/p>\n<p>\u200b\u201cDo\u011fdu\u011fu Topra\u011fa Akan Sanat\u201d mottosuyla Bayburt Kenan Yavuz Etnografya M\u00fczesi\u2019nde ger\u00e7ekle\u015ftirilen 3  Arnica Art Land Sanat \u00c7al\u0131\u015ftay\u0131\u2019nda \u00fcretilen eserler, Bayburt\u2019tan sonra Mersin\u2019de sanatseverler ile bulu\u015ftu  Mersin\u2019in ad\u0131n\u0131 sanatla \u00f6zde\u015fle\u015ftirmeyi ve toplumda sanat okuryazarl\u0131\u011f\u0131n\u0131 g\u00fc\u00e7lendirmeyi ama\u00e7layan projede sanat\u00e7\u0131lar, d\u00fcnyaca \u00fcnl\u00fc dokuma sanat\u00e7\u0131s\u0131 F\u0131rat Neziro\u011flu\u2019nun k\u00fcrat\u00f6rl\u00fc\u011f\u00fcnde farkl\u0131 disiplinlerden eserlere imza att\u0131\u00a0<\/p>\n<p>\u200bHaberin Al\u0131nt\u0131land\u0131\u011f\u0131 Kaynak: www.iskenderun.org<\/p>","protected":false},"excerpt":{"rendered":"<p>\u201cDo\u011fdu\u011fu Topra\u011fa Akan Sanat\u201d mottosuyla Bayburt Kenan Yavuz Etnografya M\u00fczesi\u2019nde ger\u00e7ekle\u015ftirilen 3. Arnica Art Land Sanat \u00c7al\u0131\u015ftay\u0131\u2019nda \u00fcretilen eserler, Bayburt\u2019tan sonra Mersin\u2019de sanatseverler ile bulu\u015ftu. Mersin\u2019in ad\u0131n\u0131 sanatla \u00f6zde\u015fle\u015ftirmeyi ve toplumda sanat okuryazarl\u0131\u011f\u0131n\u0131 g\u00fc\u00e7lendirmeyi ama\u00e7layan projede sanat\u00e7\u0131lar, d\u00fcnyaca \u00fcnl\u00fc dokuma sanat\u00e7\u0131s\u0131 F\u0131rat Neziro\u011flu\u2019nun k\u00fcrat\u00f6rl\u00fc\u011f\u00fcnde farkl\u0131 disiplinlerden eserlere imza att\u0131.MERS\u0130N (\u0130GFA) &#8211;\u00a0 \u201cDo\u011fdu\u011fu topra\u011fa akan sanat\u201d mottosunun m\u00fczenin \u201cK\u00f6klere D\u00f6n\u00fc\u015f\u201d mottosuyla birle\u015fti\u011fi ve ge\u00e7mi\u015fin k\u00fclt\u00fcr\u00fcn\u00fc gelece\u011fe ta\u015f\u0131yan \u00e7al\u0131\u015ftaya bu y\u0131l, farkl\u0131 disiplinlerden sanat\u00e7\u0131lar kat\u0131ld\u0131. Arnica Art Land Sanat \u00c7al\u0131\u015ftay\u0131 Kurucusu ve Dan\u0131\u015fma Kurulu Ba\u015fkan\u0131 Senur Ak\u0131n Bi\u00e7er\u2019in hayata ge\u00e7irdi\u011fi ve F\u0131rat Neziro\u011flu\u2019nun k\u00fcrat\u00f6rl\u00fc\u011f\u00fcnde bu y\u0131l 3.\u2019s\u00fc ger\u00e7ekle\u015fen \u00e7al\u0131\u015ftayda \u00fcretilen eserler, \u015fimdi de bamba\u015fka bir co\u011frafyan\u0131n rengini, kokusunu ve k\u00fclt\u00fcr\u00fcn\u00fc Mersin\u2019e ta\u015f\u0131yor. Farkl\u0131 teknikleri kullanarak renklerin tuvale ve kuma\u015fa aktar\u0131ld\u0131\u011f\u0131 \u00e7al\u0131\u015ftayda ortaya \u00e7\u0131kan eserler, Mersin G\u00fczel Sanatlar Galerisi\u2019nde sanatseverlerin be\u011fenisine sunuldu.\u00a0 \u00a0Sergi 23 Kas\u0131m\u2019a kadar a\u00e7\u0131k kalacak \u00a0Serginin Mersin G\u00fczel Sanatlar Galerisi\u2019nde yap\u0131lan ve yo\u011fun ilgi g\u00f6ren a\u00e7\u0131l\u0131\u015f\u0131nda konu\u015fan Arnica Art Land Sanat \u00c7al\u0131\u015ftay\u0131 Kurucusu ve Dan\u0131\u015fma Kurulu Ba\u015fkan\u0131 Senur Ak\u0131n Bi\u00e7er, \u015funlar\u0131 s\u00f6yledi: \u201cSanat\u0131n b\u00fcy\u00fck kentlere s\u0131k\u0131\u015fmas\u0131n\u0131 \u00f6nlemek, sanat okuryazarl\u0131\u011f\u0131n\u0131 art\u0131rmak, bizim i\u00e7in \u00e7ok \u00f6nemli bir yeri olan g\u00fczel Mersinimizin ad\u0131n\u0131 sanatla b\u00fct\u00fcnle\u015ftirmek i\u00e7in \u00e7\u0131kt\u0131\u011f\u0131m\u0131z yolculu\u011fumuzda, sizlerin deste\u011fini hissetmek bizim i\u00e7in paha bi\u00e7ilemez k\u0131ymette. Babam Hasan Ak\u0131n\u2019\u0131n ruhuna sayg\u0131 duru\u015fu niteli\u011findeki &hellip;<\/p>","protected":false},"author":0,"featured_media":0,"comment_status":"open","ping_status":"open","sticky":false,"template":"","format":"standard","meta":{"_acf_changed":false,"footnotes":""},"categories":[24,535],"tags":[],"class_list":["post-16680","post","type-post","status-publish","format-standard","has-post-thumbnail","hentry","category-gundem","category-uncategorized-tr"],"acf":[],"yoast_head":"<!-- This site is optimized with the Yoast SEO Premium plugin v26.6 (Yoast SEO v27.1.1) - https:\/\/yoast.com\/product\/yoast-seo-premium-wordpress\/ -->\n<title>Mersin&#039;de &#039;3. Art Land Sanat \u00c7al\u0131\u015ftay\u0131&#039; sergisi a\u00e7\u0131ld\u0131 - Av. Deniz Can K\u0131z\u0131l<\/title>\n<meta name=\"robots\" content=\"index, follow, max-snippet:-1, max-image-preview:large, max-video-preview:-1\" \/>\n<link rel=\"canonical\" href=\"https:\/\/denizcankizil.tr\/de\/haberler\/gundem\/mersinde-3-art-land-sanat-calistayi-sergisi-acildi\/\" \/>\n<meta property=\"og:locale\" content=\"de_DE\" \/>\n<meta property=\"og:type\" content=\"article\" \/>\n<meta property=\"og:title\" content=\"Mersin&#039;de &#039;3. Art Land Sanat \u00c7al\u0131\u015ftay\u0131&#039; sergisi a\u00e7\u0131ld\u0131\" \/>\n<meta property=\"og:description\" content=\"\u201cDo\u011fdu\u011fu Topra\u011fa Akan Sanat\u201d mottosuyla Bayburt Kenan Yavuz Etnografya M\u00fczesi\u2019nde ger\u00e7ekle\u015ftirilen 3. Arnica Art Land Sanat \u00c7al\u0131\u015ftay\u0131\u2019nda \u00fcretilen eserler, Bayburt\u2019tan sonra Mersin\u2019de sanatseverler ile bulu\u015ftu. Mersin\u2019in ad\u0131n\u0131 sanatla \u00f6zde\u015fle\u015ftirmeyi ve toplumda sanat okuryazarl\u0131\u011f\u0131n\u0131 g\u00fc\u00e7lendirmeyi ama\u00e7layan projede sanat\u00e7\u0131lar, d\u00fcnyaca \u00fcnl\u00fc dokuma sanat\u00e7\u0131s\u0131 F\u0131rat Neziro\u011flu\u2019nun k\u00fcrat\u00f6rl\u00fc\u011f\u00fcnde farkl\u0131 disiplinlerden eserlere imza att\u0131.MERS\u0130N (\u0130GFA) &#8211;\u00a0 \u201cDo\u011fdu\u011fu topra\u011fa akan sanat\u201d mottosunun m\u00fczenin \u201cK\u00f6klere D\u00f6n\u00fc\u015f\u201d mottosuyla birle\u015fti\u011fi ve ge\u00e7mi\u015fin k\u00fclt\u00fcr\u00fcn\u00fc gelece\u011fe ta\u015f\u0131yan \u00e7al\u0131\u015ftaya bu y\u0131l, farkl\u0131 disiplinlerden sanat\u00e7\u0131lar kat\u0131ld\u0131. Arnica Art Land Sanat \u00c7al\u0131\u015ftay\u0131 Kurucusu ve Dan\u0131\u015fma Kurulu Ba\u015fkan\u0131 Senur Ak\u0131n Bi\u00e7er\u2019in hayata ge\u00e7irdi\u011fi ve F\u0131rat Neziro\u011flu\u2019nun k\u00fcrat\u00f6rl\u00fc\u011f\u00fcnde bu y\u0131l 3.\u2019s\u00fc ger\u00e7ekle\u015fen \u00e7al\u0131\u015ftayda \u00fcretilen eserler, \u015fimdi de bamba\u015fka bir co\u011frafyan\u0131n rengini, kokusunu ve k\u00fclt\u00fcr\u00fcn\u00fc Mersin\u2019e ta\u015f\u0131yor. Farkl\u0131 teknikleri kullanarak renklerin tuvale ve kuma\u015fa aktar\u0131ld\u0131\u011f\u0131 \u00e7al\u0131\u015ftayda ortaya \u00e7\u0131kan eserler, Mersin G\u00fczel Sanatlar Galerisi\u2019nde sanatseverlerin be\u011fenisine sunuldu.\u00a0 \u00a0Sergi 23 Kas\u0131m\u2019a kadar a\u00e7\u0131k kalacak \u00a0Serginin Mersin G\u00fczel Sanatlar Galerisi\u2019nde yap\u0131lan ve yo\u011fun ilgi g\u00f6ren a\u00e7\u0131l\u0131\u015f\u0131nda konu\u015fan Arnica Art Land Sanat \u00c7al\u0131\u015ftay\u0131 Kurucusu ve Dan\u0131\u015fma Kurulu Ba\u015fkan\u0131 Senur Ak\u0131n Bi\u00e7er, \u015funlar\u0131 s\u00f6yledi: \u201cSanat\u0131n b\u00fcy\u00fck kentlere s\u0131k\u0131\u015fmas\u0131n\u0131 \u00f6nlemek, sanat okuryazarl\u0131\u011f\u0131n\u0131 art\u0131rmak, bizim i\u00e7in \u00e7ok \u00f6nemli bir yeri olan g\u00fczel Mersinimizin ad\u0131n\u0131 sanatla b\u00fct\u00fcnle\u015ftirmek i\u00e7in \u00e7\u0131kt\u0131\u011f\u0131m\u0131z yolculu\u011fumuzda, sizlerin deste\u011fini hissetmek bizim i\u00e7in paha bi\u00e7ilemez k\u0131ymette. Babam Hasan Ak\u0131n\u2019\u0131n ruhuna sayg\u0131 duru\u015fu niteli\u011findeki &hellip;\" \/>\n<meta property=\"og:url\" content=\"https:\/\/denizcankizil.tr\/de\/haberler\/gundem\/mersinde-3-art-land-sanat-calistayi-sergisi-acildi\/\" \/>\n<meta property=\"og:site_name\" content=\"Av. Deniz Can K\u0131z\u0131l\" \/>\n<meta property=\"article:published_time\" content=\"2024-11-20T11:42:01+00:00\" \/>\n<meta name=\"twitter:card\" content=\"summary_large_image\" \/>\n<meta name=\"twitter:label1\" content=\"Gesch\u00e4tzte Lesezeit\" \/>\n\t<meta name=\"twitter:data1\" content=\"3\u00a0Minuten\" \/>\n<script type=\"application\/ld+json\" class=\"yoast-schema-graph\">{\"@context\":\"https:\/\/schema.org\",\"@graph\":[{\"@type\":\"Article\",\"@id\":\"https:\/\/denizcankizil.tr\/de\/haberler\/gundem\/mersinde-3-art-land-sanat-calistayi-sergisi-acildi\/#article\",\"isPartOf\":{\"@id\":\"https:\/\/denizcankizil.tr\/de\/haberler\/gundem\/mersinde-3-art-land-sanat-calistayi-sergisi-acildi\/\"},\"author\":{\"name\":\"\",\"@id\":\"\"},\"headline\":\"Mersin&#8217;de &#8216;3. Art Land Sanat \u00c7al\u0131\u015ftay\u0131&#8217; sergisi a\u00e7\u0131ld\u0131\",\"datePublished\":\"2024-11-20T11:42:01+00:00\",\"mainEntityOfPage\":{\"@id\":\"https:\/\/denizcankizil.tr\/de\/haberler\/gundem\/mersinde-3-art-land-sanat-calistayi-sergisi-acildi\/\"},\"wordCount\":634,\"commentCount\":0,\"publisher\":{\"@id\":\"https:\/\/denizcankizil.tr\/#organization\"},\"articleSection\":[\"G\u00fcndem\",\"Uncategorized\"],\"inLanguage\":\"de\",\"potentialAction\":[{\"@type\":\"CommentAction\",\"name\":\"Comment\",\"target\":[\"https:\/\/denizcankizil.tr\/de\/haberler\/gundem\/mersinde-3-art-land-sanat-calistayi-sergisi-acildi\/#respond\"]}]},{\"@type\":\"WebPage\",\"@id\":\"https:\/\/denizcankizil.tr\/de\/haberler\/gundem\/mersinde-3-art-land-sanat-calistayi-sergisi-acildi\/\",\"url\":\"https:\/\/denizcankizil.tr\/de\/haberler\/gundem\/mersinde-3-art-land-sanat-calistayi-sergisi-acildi\/\",\"name\":\"Mersin'de '3. Art Land Sanat \u00c7al\u0131\u015ftay\u0131' sergisi a\u00e7\u0131ld\u0131 - Av. Deniz Can K\u0131z\u0131l\",\"isPartOf\":{\"@id\":\"https:\/\/denizcankizil.tr\/#website\"},\"datePublished\":\"2024-11-20T11:42:01+00:00\",\"breadcrumb\":{\"@id\":\"https:\/\/denizcankizil.tr\/de\/haberler\/gundem\/mersinde-3-art-land-sanat-calistayi-sergisi-acildi\/#breadcrumb\"},\"inLanguage\":\"de\",\"potentialAction\":[{\"@type\":\"ReadAction\",\"target\":[\"https:\/\/denizcankizil.tr\/de\/haberler\/gundem\/mersinde-3-art-land-sanat-calistayi-sergisi-acildi\/\"]}]},{\"@type\":\"BreadcrumbList\",\"@id\":\"https:\/\/denizcankizil.tr\/de\/haberler\/gundem\/mersinde-3-art-land-sanat-calistayi-sergisi-acildi\/#breadcrumb\",\"itemListElement\":[{\"@type\":\"ListItem\",\"position\":1,\"name\":\"Home\",\"item\":\"https:\/\/denizcankizil.tr\/uk\/\"},{\"@type\":\"ListItem\",\"position\":2,\"name\":\"Mersin&#8217;de &#8216;3. Art Land Sanat \u00c7al\u0131\u015ftay\u0131&#8217; sergisi a\u00e7\u0131ld\u0131\"}]},{\"@type\":\"WebSite\",\"@id\":\"https:\/\/denizcankizil.tr\/#website\",\"url\":\"https:\/\/denizcankizil.tr\/\",\"name\":\"Av. Deniz Can K\u0131z\u0131l\",\"description\":\"Avukat Deniz Can K\u0131z\u0131l Antalya Barosu\",\"publisher\":{\"@id\":\"https:\/\/denizcankizil.tr\/#organization\"},\"potentialAction\":[{\"@type\":\"SearchAction\",\"target\":{\"@type\":\"EntryPoint\",\"urlTemplate\":\"https:\/\/denizcankizil.tr\/?s={search_term_string}\"},\"query-input\":{\"@type\":\"PropertyValueSpecification\",\"valueRequired\":true,\"valueName\":\"search_term_string\"}}],\"inLanguage\":\"de\"},{\"@type\":\"Organization\",\"@id\":\"https:\/\/denizcankizil.tr\/#organization\",\"name\":\"Av. Deniz Can K\u0131z\u0131l\",\"url\":\"https:\/\/denizcankizil.tr\/\",\"logo\":{\"@type\":\"ImageObject\",\"inLanguage\":\"de\",\"@id\":\"https:\/\/denizcankizil.tr\/#\/schema\/logo\/image\/\",\"url\":\"https:\/\/denizcankizil.tr\/wp-content\/uploads\/2024\/10\/siyah-logo-svg.svg\",\"contentUrl\":\"https:\/\/denizcankizil.tr\/wp-content\/uploads\/2024\/10\/siyah-logo-svg.svg\",\"width\":1080,\"height\":1080,\"caption\":\"Av. Deniz Can K\u0131z\u0131l\"},\"image\":{\"@id\":\"https:\/\/denizcankizil.tr\/#\/schema\/logo\/image\/\"}}]}<\/script>\n<!-- \/ Yoast SEO Premium plugin. -->","yoast_head_json":{"title":"Mersin'de '3. Art Land Sanat \u00c7al\u0131\u015ftay\u0131' sergisi a\u00e7\u0131ld\u0131 - Av. Deniz Can K\u0131z\u0131l","robots":{"index":"index","follow":"follow","max-snippet":"max-snippet:-1","max-image-preview":"max-image-preview:large","max-video-preview":"max-video-preview:-1"},"canonical":"https:\/\/denizcankizil.tr\/de\/haberler\/gundem\/mersinde-3-art-land-sanat-calistayi-sergisi-acildi\/","og_locale":"de_DE","og_type":"article","og_title":"Mersin'de '3. Art Land Sanat \u00c7al\u0131\u015ftay\u0131' sergisi a\u00e7\u0131ld\u0131","og_description":"\u201cDo\u011fdu\u011fu Topra\u011fa Akan Sanat\u201d mottosuyla Bayburt Kenan Yavuz Etnografya M\u00fczesi\u2019nde ger\u00e7ekle\u015ftirilen 3. Arnica Art Land Sanat \u00c7al\u0131\u015ftay\u0131\u2019nda \u00fcretilen eserler, Bayburt\u2019tan sonra Mersin\u2019de sanatseverler ile bulu\u015ftu. Mersin\u2019in ad\u0131n\u0131 sanatla \u00f6zde\u015fle\u015ftirmeyi ve toplumda sanat okuryazarl\u0131\u011f\u0131n\u0131 g\u00fc\u00e7lendirmeyi ama\u00e7layan projede sanat\u00e7\u0131lar, d\u00fcnyaca \u00fcnl\u00fc dokuma sanat\u00e7\u0131s\u0131 F\u0131rat Neziro\u011flu\u2019nun k\u00fcrat\u00f6rl\u00fc\u011f\u00fcnde farkl\u0131 disiplinlerden eserlere imza att\u0131.MERS\u0130N (\u0130GFA) &#8211;\u00a0 \u201cDo\u011fdu\u011fu topra\u011fa akan sanat\u201d mottosunun m\u00fczenin \u201cK\u00f6klere D\u00f6n\u00fc\u015f\u201d mottosuyla birle\u015fti\u011fi ve ge\u00e7mi\u015fin k\u00fclt\u00fcr\u00fcn\u00fc gelece\u011fe ta\u015f\u0131yan \u00e7al\u0131\u015ftaya bu y\u0131l, farkl\u0131 disiplinlerden sanat\u00e7\u0131lar kat\u0131ld\u0131. Arnica Art Land Sanat \u00c7al\u0131\u015ftay\u0131 Kurucusu ve Dan\u0131\u015fma Kurulu Ba\u015fkan\u0131 Senur Ak\u0131n Bi\u00e7er\u2019in hayata ge\u00e7irdi\u011fi ve F\u0131rat Neziro\u011flu\u2019nun k\u00fcrat\u00f6rl\u00fc\u011f\u00fcnde bu y\u0131l 3.\u2019s\u00fc ger\u00e7ekle\u015fen \u00e7al\u0131\u015ftayda \u00fcretilen eserler, \u015fimdi de bamba\u015fka bir co\u011frafyan\u0131n rengini, kokusunu ve k\u00fclt\u00fcr\u00fcn\u00fc Mersin\u2019e ta\u015f\u0131yor. Farkl\u0131 teknikleri kullanarak renklerin tuvale ve kuma\u015fa aktar\u0131ld\u0131\u011f\u0131 \u00e7al\u0131\u015ftayda ortaya \u00e7\u0131kan eserler, Mersin G\u00fczel Sanatlar Galerisi\u2019nde sanatseverlerin be\u011fenisine sunuldu.\u00a0 \u00a0Sergi 23 Kas\u0131m\u2019a kadar a\u00e7\u0131k kalacak \u00a0Serginin Mersin G\u00fczel Sanatlar Galerisi\u2019nde yap\u0131lan ve yo\u011fun ilgi g\u00f6ren a\u00e7\u0131l\u0131\u015f\u0131nda konu\u015fan Arnica Art Land Sanat \u00c7al\u0131\u015ftay\u0131 Kurucusu ve Dan\u0131\u015fma Kurulu Ba\u015fkan\u0131 Senur Ak\u0131n Bi\u00e7er, \u015funlar\u0131 s\u00f6yledi: \u201cSanat\u0131n b\u00fcy\u00fck kentlere s\u0131k\u0131\u015fmas\u0131n\u0131 \u00f6nlemek, sanat okuryazarl\u0131\u011f\u0131n\u0131 art\u0131rmak, bizim i\u00e7in \u00e7ok \u00f6nemli bir yeri olan g\u00fczel Mersinimizin ad\u0131n\u0131 sanatla b\u00fct\u00fcnle\u015ftirmek i\u00e7in \u00e7\u0131kt\u0131\u011f\u0131m\u0131z yolculu\u011fumuzda, sizlerin deste\u011fini hissetmek bizim i\u00e7in paha bi\u00e7ilemez k\u0131ymette. Babam Hasan Ak\u0131n\u2019\u0131n ruhuna sayg\u0131 duru\u015fu niteli\u011findeki &hellip;","og_url":"https:\/\/denizcankizil.tr\/de\/haberler\/gundem\/mersinde-3-art-land-sanat-calistayi-sergisi-acildi\/","og_site_name":"Av. Deniz Can K\u0131z\u0131l","article_published_time":"2024-11-20T11:42:01+00:00","twitter_card":"summary_large_image","twitter_misc":{"Gesch\u00e4tzte Lesezeit":"3\u00a0Minuten"},"schema":{"@context":"https:\/\/schema.org","@graph":[{"@type":"Article","@id":"https:\/\/denizcankizil.tr\/de\/haberler\/gundem\/mersinde-3-art-land-sanat-calistayi-sergisi-acildi\/#article","isPartOf":{"@id":"https:\/\/denizcankizil.tr\/de\/haberler\/gundem\/mersinde-3-art-land-sanat-calistayi-sergisi-acildi\/"},"author":{"name":"","@id":""},"headline":"Mersin&#8217;de &#8216;3. Art Land Sanat \u00c7al\u0131\u015ftay\u0131&#8217; sergisi a\u00e7\u0131ld\u0131","datePublished":"2024-11-20T11:42:01+00:00","mainEntityOfPage":{"@id":"https:\/\/denizcankizil.tr\/de\/haberler\/gundem\/mersinde-3-art-land-sanat-calistayi-sergisi-acildi\/"},"wordCount":634,"commentCount":0,"publisher":{"@id":"https:\/\/denizcankizil.tr\/#organization"},"articleSection":["G\u00fcndem","Uncategorized"],"inLanguage":"de","potentialAction":[{"@type":"CommentAction","name":"Comment","target":["https:\/\/denizcankizil.tr\/de\/haberler\/gundem\/mersinde-3-art-land-sanat-calistayi-sergisi-acildi\/#respond"]}]},{"@type":"WebPage","@id":"https:\/\/denizcankizil.tr\/de\/haberler\/gundem\/mersinde-3-art-land-sanat-calistayi-sergisi-acildi\/","url":"https:\/\/denizcankizil.tr\/de\/haberler\/gundem\/mersinde-3-art-land-sanat-calistayi-sergisi-acildi\/","name":"Mersin'de '3. Art Land Sanat \u00c7al\u0131\u015ftay\u0131' sergisi a\u00e7\u0131ld\u0131 - Av. Deniz Can K\u0131z\u0131l","isPartOf":{"@id":"https:\/\/denizcankizil.tr\/#website"},"datePublished":"2024-11-20T11:42:01+00:00","breadcrumb":{"@id":"https:\/\/denizcankizil.tr\/de\/haberler\/gundem\/mersinde-3-art-land-sanat-calistayi-sergisi-acildi\/#breadcrumb"},"inLanguage":"de","potentialAction":[{"@type":"ReadAction","target":["https:\/\/denizcankizil.tr\/de\/haberler\/gundem\/mersinde-3-art-land-sanat-calistayi-sergisi-acildi\/"]}]},{"@type":"BreadcrumbList","@id":"https:\/\/denizcankizil.tr\/de\/haberler\/gundem\/mersinde-3-art-land-sanat-calistayi-sergisi-acildi\/#breadcrumb","itemListElement":[{"@type":"ListItem","position":1,"name":"Home","item":"https:\/\/denizcankizil.tr\/uk\/"},{"@type":"ListItem","position":2,"name":"Mersin&#8217;de &#8216;3. Art Land Sanat \u00c7al\u0131\u015ftay\u0131&#8217; sergisi a\u00e7\u0131ld\u0131"}]},{"@type":"WebSite","@id":"https:\/\/denizcankizil.tr\/#website","url":"https:\/\/denizcankizil.tr\/","name":"Av. Deniz Can K\u0131z\u0131l","description":"Avukat Deniz Can K\u0131z\u0131l Antalya Barosu","publisher":{"@id":"https:\/\/denizcankizil.tr\/#organization"},"potentialAction":[{"@type":"SearchAction","target":{"@type":"EntryPoint","urlTemplate":"https:\/\/denizcankizil.tr\/?s={search_term_string}"},"query-input":{"@type":"PropertyValueSpecification","valueRequired":true,"valueName":"search_term_string"}}],"inLanguage":"de"},{"@type":"Organization","@id":"https:\/\/denizcankizil.tr\/#organization","name":"Av. Deniz Can K\u0131z\u0131l","url":"https:\/\/denizcankizil.tr\/","logo":{"@type":"ImageObject","inLanguage":"de","@id":"https:\/\/denizcankizil.tr\/#\/schema\/logo\/image\/","url":"https:\/\/denizcankizil.tr\/wp-content\/uploads\/2024\/10\/siyah-logo-svg.svg","contentUrl":"https:\/\/denizcankizil.tr\/wp-content\/uploads\/2024\/10\/siyah-logo-svg.svg","width":1080,"height":1080,"caption":"Av. Deniz Can K\u0131z\u0131l"},"image":{"@id":"https:\/\/denizcankizil.tr\/#\/schema\/logo\/image\/"}}]}},"_links":{"self":[{"href":"https:\/\/denizcankizil.tr\/de\/wp-json\/wp\/v2\/posts\/16680","targetHints":{"allow":["GET"]}}],"collection":[{"href":"https:\/\/denizcankizil.tr\/de\/wp-json\/wp\/v2\/posts"}],"about":[{"href":"https:\/\/denizcankizil.tr\/de\/wp-json\/wp\/v2\/types\/post"}],"replies":[{"embeddable":true,"href":"https:\/\/denizcankizil.tr\/de\/wp-json\/wp\/v2\/comments?post=16680"}],"version-history":[{"count":0,"href":"https:\/\/denizcankizil.tr\/de\/wp-json\/wp\/v2\/posts\/16680\/revisions"}],"wp:attachment":[{"href":"https:\/\/denizcankizil.tr\/de\/wp-json\/wp\/v2\/media?parent=16680"}],"wp:term":[{"taxonomy":"category","embeddable":true,"href":"https:\/\/denizcankizil.tr\/de\/wp-json\/wp\/v2\/categories?post=16680"},{"taxonomy":"post_tag","embeddable":true,"href":"https:\/\/denizcankizil.tr\/de\/wp-json\/wp\/v2\/tags?post=16680"}],"curies":[{"name":"wp","href":"https:\/\/api.w.org\/{rel}","templated":true}]}}