{"id":16672,"date":"2024-11-20T14:41:36","date_gmt":"2024-11-20T11:41:36","guid":{"rendered":"https:\/\/denizcankizil.tr\/uncategorized-tr\/ilk-turizm-subesini-antalyada-acti\/"},"modified":"2024-11-20T14:41:36","modified_gmt":"2024-11-20T11:41:36","slug":"ilk-turizm-subesini-antalyada-acti","status":"publish","type":"post","link":"https:\/\/denizcankizil.tr\/de\/haberler\/antalya\/ilk-turizm-subesini-antalyada-acti\/","title":{"rendered":"\u0130lk turizm \u015fubesini Antalya&#8217;da a\u00e7t\u0131"},"content":{"rendered":"<p>T\u00fcrkiye \u0130\u015f Bankas\u0131, stratejik a\u00e7\u0131dan \u00f6nem verdi\u011fi sekt\u00f6rlerde daha verimli \u00e7\u0131kt\u0131lar elde edilmesi ve katma de\u011ferli \u00fcr\u00fcnler \u00fcretilmesine katk\u0131da bulunmak amac\u0131yla ihtisas \u015fubeleri a\u00e7maya devam ediyor. \u015eimdiye kadar tar\u0131m ve giri\u015fimcilik alanlar\u0131nda teknolojiyi, finans\u0131 ve sekt\u00f6r\u00fc bir araya getirdi\u011fi ihtisas \u015fubeleri a\u00e7an Banka, buna turizm alan\u0131n\u0131 da ekledi.<\/p>\n<p>Farkl\u0131 konsept ve tasar\u0131ma sahip, \u00f6zelle\u015ftirilmi\u015f hizmet modeliyle geleneksel banka \u015fubelerinden ayr\u0131\u015fan ilk turizm ihtisas \u015fubesi Antalya Muratpa\u015fa&#8217;da, Antalya Valisi Hulusi \u015eahin, \u0130\u015f Bankas\u0131 Genel M\u00fcd\u00fcr\u00fc Hakan Aran ve sekt\u00f6r temsilcilerinin kat\u0131ld\u0131\u011f\u0131 t\u00f6renle a\u00e7\u0131ld\u0131.<\/p>\n<p>Hakan Aran, a\u00e7\u0131l\u0131\u015fta yapt\u0131\u011f\u0131 konu\u015fmada, 100 y\u0131l \u00f6nce Gazi Mustafa Kemal Atat\u00fcrk&#8217;\u00fcn kurdu\u011fu bankan\u0131n, ilk g\u00fcnden bu yana \u00fclkemizin geli\u015fimi ve iktisadi kalk\u0131nmas\u0131 a\u00e7\u0131s\u0131ndan \u00f6nem ta\u015f\u0131yan sekt\u00f6rleri destekledi\u011fini s\u00f6yledi.<\/p>\n<p>\u201c2024-2025 y\u0131llar\u0131 i\u00e7erisinde turizme 1 milyar dolar ilave kaynak ay\u0131rd\u0131k, sekt\u00f6r\u00fcn yan\u0131nda olmaya devam edece\u011fiz\u201d<br \/>\nTar\u0131m, sanayi, giri\u015fimcili\u011fin yan\u0131 s\u0131ra turizmi de \u00fclkenin s\u00fcrd\u00fcr\u00fclebilir kalk\u0131nmas\u0131n\u0131 sa\u011flayan temel sekt\u00f6rlerden biri olarak stratejik \u00f6ncelikleri aras\u0131na ald\u0131klar\u0131n\u0131 belirten Hakan Aran, Turizme 2024-2025 y\u0131llar\u0131 i\u00e7erisinde 1 milyar dolar ilave kaynak aktard\u0131klar\u0131n\u0131, bu kayna\u011f\u0131n 500 milyon dolar\u0131n\u0131n hali haz\u0131rda kullan\u0131ld\u0131\u011f\u0131n\u0131 ve Banka&#8217;n\u0131n turizm sekt\u00f6r\u00fcne kulland\u0131rd\u0131\u011f\u0131 kredi bakiyesinin 1,5 milyar dolar\u0131 ge\u00e7ti\u011fini belirtti. Gerek finansal gerek sekt\u00f6rel \u00e7\u00f6z\u00fcmlerle turizm sekt\u00f6r\u00fcn\u00fcn g\u00fc\u00e7l\u00fc bir \u015fekilde yan\u0131nda olmaya devam edeceklerini, bunun yan\u0131 s\u0131ra ihtisasla\u015fma ve s\u00fcrd\u00fcr\u00fclebilirlik odakl\u0131 projelerle sekt\u00f6r\u00fc desteklemeyi s\u00fcrd\u00fcreceklerini ifade etti.<\/p>\n<p>\u201c2,6 milyar dolarl\u0131k yat\u0131r\u0131m\u0131n finansman\u0131n\u0131 sa\u011flayabilecek g\u00fc\u00e7teyiz\u201d<br \/>\nTurizmin, \u00fclkemizdeki d\u0131\u015f ticaret a\u00e7\u0131\u011f\u0131n\u0131n kapanmas\u0131 ve ekonomideki dengeleme i\u00e7in kritik role sahip oldu\u011funu, \u00f6n\u00fcm\u00fczdeki iki y\u0131l i\u00e7erisinde T\u00fcrkiye&#8217;ye 2,6 milyar dolarl\u0131k ilave yat\u0131r\u0131m yap\u0131laca\u011f\u0131n\u0131n \u00f6n g\u00f6r\u00fcld\u00fc\u011f\u00fcn\u00fc ve bu yat\u0131r\u0131mlara finansman sa\u011flayabilecek g\u00fc\u00e7te olduklar\u0131n\u0131 belirten Hakan Aran, konu\u015fmas\u0131n\u0131 \u015f\u00f6yle s\u00fcrd\u00fcrd\u00fc:<br \/>\n\u201cGe\u00e7ti\u011fimiz y\u0131l, turizm gelirlerinin d\u0131\u015f ticaret a\u00e7\u0131\u011f\u0131n\u0131 kapatma oran\u0131 y\u00fczde 51 iken bu oran \u015fimdi y\u00fczde 60&#8217;a \u00e7\u0131km\u0131\u015f durumda. Hem d\u0131\u015f ticaret a\u00e7\u0131\u011f\u0131n\u0131n azalmas\u0131 hem de turizm gelirlerinin artmas\u0131yla olu\u015fan tablo, turizmin ekonomimizdeki dengelenme i\u00e7in \u00f6neminin artt\u0131\u011f\u0131n\u0131 g\u00f6steriyor. \u00d6n\u00fcm\u00fczdeki iki y\u0131l i\u00e7erisinde turizme olan yat\u0131r\u0131mlar\u0131n yerini bulaca\u011f\u0131na ve geri d\u00f6n\u00fc\u015f\u00fcn\u00fc alaca\u011f\u0131m\u0131za inan\u0131yoruz. Turizm sekt\u00f6r\u00fcnde d\u00fc\u015f\u00fcnd\u00fc\u011f\u00fcm\u00fcz, hayal etti\u011fimiz 60 milyar dolarl\u0131k y\u0131ll\u0131k gelir hedefini a\u015farak, 100 milyar dolar seviyesine do\u011fru bir yolculu\u011fu ger\u00e7ekle\u015ftirebilece\u011fini umuyoruz\u201d dedi.<\/p>\n<p>\u0130stanbul, \u0130zmir ve Mu\u011fla&#8217;da da Turizm \u0130htisas \u015eubesi<br \/>\nBankan\u0131n ikinci y\u00fczy\u0131l\u0131na do\u011fru ilerlerken ihtisas \u015fubeleri arac\u0131l\u0131\u011f\u0131yla turizm sekt\u00f6r\u00fcn\u00fc g\u00fc\u00e7lendirecek, ekosistemin ihtiya\u00e7lar\u0131na dokunan daha fazla projeye katk\u0131 sa\u011flayacaklar\u0131n\u0131 belirten Aran, \u00f6n\u00fcm\u00fczdeki d\u00f6nemde \u0130stanbul, \u0130zmir ve Mu\u011fla&#8217;da da Turizm \u0130htisas \u015eubesi a\u00e7may\u0131 planlad\u0131klar\u0131n\u0131 ifade etti.<\/p>\n<p>Kaynak: www.kanalv.com.tr Haber Sitesinden Al\u0131nm\u0131\u015ft\u0131r.<\/p>","protected":false},"excerpt":{"rendered":"<p>T\u00fcrkiye \u0130\u015f Bankas\u0131, stratejik a\u00e7\u0131dan \u00f6nem verdi\u011fi sekt\u00f6rlerde daha verimli \u00e7\u0131kt\u0131lar elde edilmesi ve katma de\u011ferli \u00fcr\u00fcnler \u00fcretilmesine katk\u0131da bulunmak amac\u0131yla ihtisas \u015fubeleri a\u00e7maya devam ediyor. \u015eimdiye kadar tar\u0131m ve giri\u015fimcilik alanlar\u0131nda teknolojiyi, finans\u0131 ve sekt\u00f6r\u00fc bir araya getirdi\u011fi ihtisas \u015fubeleri a\u00e7an Banka, buna turizm alan\u0131n\u0131 da ekledi. Farkl\u0131 konsept ve tasar\u0131ma sahip, \u00f6zelle\u015ftirilmi\u015f hizmet modeliyle geleneksel banka \u015fubelerinden ayr\u0131\u015fan ilk turizm ihtisas \u015fubesi Antalya Muratpa\u015fa&#8217;da, Antalya Valisi Hulusi \u015eahin, \u0130\u015f Bankas\u0131 Genel M\u00fcd\u00fcr\u00fc Hakan Aran ve sekt\u00f6r temsilcilerinin kat\u0131ld\u0131\u011f\u0131 t\u00f6renle a\u00e7\u0131ld\u0131. Hakan Aran, a\u00e7\u0131l\u0131\u015fta yapt\u0131\u011f\u0131 konu\u015fmada, 100 y\u0131l \u00f6nce Gazi Mustafa Kemal Atat\u00fcrk&#8217;\u00fcn kurdu\u011fu bankan\u0131n, ilk g\u00fcnden bu yana \u00fclkemizin geli\u015fimi ve iktisadi kalk\u0131nmas\u0131 a\u00e7\u0131s\u0131ndan \u00f6nem ta\u015f\u0131yan sekt\u00f6rleri destekledi\u011fini s\u00f6yledi. \u201c2024-2025 y\u0131llar\u0131 i\u00e7erisinde turizme 1 milyar dolar ilave kaynak ay\u0131rd\u0131k, sekt\u00f6r\u00fcn yan\u0131nda olmaya devam edece\u011fiz\u201d Tar\u0131m, sanayi, giri\u015fimcili\u011fin yan\u0131 s\u0131ra turizmi de \u00fclkenin s\u00fcrd\u00fcr\u00fclebilir kalk\u0131nmas\u0131n\u0131 sa\u011flayan temel sekt\u00f6rlerden biri olarak stratejik \u00f6ncelikleri aras\u0131na ald\u0131klar\u0131n\u0131 belirten Hakan Aran, Turizme 2024-2025 y\u0131llar\u0131 i\u00e7erisinde 1 milyar dolar ilave kaynak aktard\u0131klar\u0131n\u0131, bu kayna\u011f\u0131n 500 milyon dolar\u0131n\u0131n hali haz\u0131rda kullan\u0131ld\u0131\u011f\u0131n\u0131 ve Banka&#8217;n\u0131n turizm sekt\u00f6r\u00fcne kulland\u0131rd\u0131\u011f\u0131 kredi bakiyesinin 1,5 milyar dolar\u0131 ge\u00e7ti\u011fini belirtti. Gerek finansal gerek sekt\u00f6rel \u00e7\u00f6z\u00fcmlerle turizm sekt\u00f6r\u00fcn\u00fcn g\u00fc\u00e7l\u00fc bir \u015fekilde yan\u0131nda olmaya devam edeceklerini, bunun yan\u0131 s\u0131ra ihtisasla\u015fma ve s\u00fcrd\u00fcr\u00fclebilirlik odakl\u0131 projelerle &hellip;<\/p>","protected":false},"author":0,"featured_media":16673,"comment_status":"open","ping_status":"open","sticky":false,"template":"","format":"standard","meta":{"_acf_changed":false,"footnotes":""},"categories":[26,535],"tags":[],"class_list":["post-16672","post","type-post","status-publish","format-standard","has-post-thumbnail","hentry","category-antalya","category-uncategorized-tr"],"acf":[],"yoast_head":"<!-- This site is optimized with the Yoast SEO Premium plugin v26.6 (Yoast SEO v27.1.1) - https:\/\/yoast.com\/product\/yoast-seo-premium-wordpress\/ -->\n<title>\u0130lk turizm \u015fubesini Antalya&#039;da a\u00e7t\u0131 - Av. Deniz Can K\u0131z\u0131l<\/title>\n<meta name=\"robots\" content=\"index, follow, max-snippet:-1, max-image-preview:large, max-video-preview:-1\" \/>\n<link rel=\"canonical\" href=\"https:\/\/denizcankizil.tr\/de\/haberler\/antalya\/ilk-turizm-subesini-antalyada-acti\/\" \/>\n<meta property=\"og:locale\" content=\"de_DE\" \/>\n<meta property=\"og:type\" content=\"article\" \/>\n<meta property=\"og:title\" content=\"\u0130lk turizm \u015fubesini Antalya&#039;da a\u00e7t\u0131\" \/>\n<meta property=\"og:description\" content=\"T\u00fcrkiye \u0130\u015f Bankas\u0131, stratejik a\u00e7\u0131dan \u00f6nem verdi\u011fi sekt\u00f6rlerde daha verimli \u00e7\u0131kt\u0131lar elde edilmesi ve katma de\u011ferli \u00fcr\u00fcnler \u00fcretilmesine katk\u0131da bulunmak amac\u0131yla ihtisas \u015fubeleri a\u00e7maya devam ediyor. \u015eimdiye kadar tar\u0131m ve giri\u015fimcilik alanlar\u0131nda teknolojiyi, finans\u0131 ve sekt\u00f6r\u00fc bir araya getirdi\u011fi ihtisas \u015fubeleri a\u00e7an Banka, buna turizm alan\u0131n\u0131 da ekledi. Farkl\u0131 konsept ve tasar\u0131ma sahip, \u00f6zelle\u015ftirilmi\u015f hizmet modeliyle geleneksel banka \u015fubelerinden ayr\u0131\u015fan ilk turizm ihtisas \u015fubesi Antalya Muratpa\u015fa&#8217;da, Antalya Valisi Hulusi \u015eahin, \u0130\u015f Bankas\u0131 Genel M\u00fcd\u00fcr\u00fc Hakan Aran ve sekt\u00f6r temsilcilerinin kat\u0131ld\u0131\u011f\u0131 t\u00f6renle a\u00e7\u0131ld\u0131. Hakan Aran, a\u00e7\u0131l\u0131\u015fta yapt\u0131\u011f\u0131 konu\u015fmada, 100 y\u0131l \u00f6nce Gazi Mustafa Kemal Atat\u00fcrk&#8217;\u00fcn kurdu\u011fu bankan\u0131n, ilk g\u00fcnden bu yana \u00fclkemizin geli\u015fimi ve iktisadi kalk\u0131nmas\u0131 a\u00e7\u0131s\u0131ndan \u00f6nem ta\u015f\u0131yan sekt\u00f6rleri destekledi\u011fini s\u00f6yledi. \u201c2024-2025 y\u0131llar\u0131 i\u00e7erisinde turizme 1 milyar dolar ilave kaynak ay\u0131rd\u0131k, sekt\u00f6r\u00fcn yan\u0131nda olmaya devam edece\u011fiz\u201d Tar\u0131m, sanayi, giri\u015fimcili\u011fin yan\u0131 s\u0131ra turizmi de \u00fclkenin s\u00fcrd\u00fcr\u00fclebilir kalk\u0131nmas\u0131n\u0131 sa\u011flayan temel sekt\u00f6rlerden biri olarak stratejik \u00f6ncelikleri aras\u0131na ald\u0131klar\u0131n\u0131 belirten Hakan Aran, Turizme 2024-2025 y\u0131llar\u0131 i\u00e7erisinde 1 milyar dolar ilave kaynak aktard\u0131klar\u0131n\u0131, bu kayna\u011f\u0131n 500 milyon dolar\u0131n\u0131n hali haz\u0131rda kullan\u0131ld\u0131\u011f\u0131n\u0131 ve Banka&#8217;n\u0131n turizm sekt\u00f6r\u00fcne kulland\u0131rd\u0131\u011f\u0131 kredi bakiyesinin 1,5 milyar dolar\u0131 ge\u00e7ti\u011fini belirtti. Gerek finansal gerek sekt\u00f6rel \u00e7\u00f6z\u00fcmlerle turizm sekt\u00f6r\u00fcn\u00fcn g\u00fc\u00e7l\u00fc bir \u015fekilde yan\u0131nda olmaya devam edeceklerini, bunun yan\u0131 s\u0131ra ihtisasla\u015fma ve s\u00fcrd\u00fcr\u00fclebilirlik odakl\u0131 projelerle &hellip;\" \/>\n<meta property=\"og:url\" content=\"https:\/\/denizcankizil.tr\/de\/haberler\/antalya\/ilk-turizm-subesini-antalyada-acti\/\" \/>\n<meta property=\"og:site_name\" content=\"Av. Deniz Can K\u0131z\u0131l\" \/>\n<meta property=\"article:published_time\" content=\"2024-11-20T11:41:36+00:00\" \/>\n<meta property=\"og:image\" content=\"https:\/\/denizcankizil.tr\/wp-content\/uploads\/2024\/11\/3179-01-uMe8UG.jpeg\" \/>\n\t<meta property=\"og:image:width\" content=\"1280\" \/>\n\t<meta property=\"og:image:height\" content=\"720\" \/>\n\t<meta property=\"og:image:type\" content=\"image\/jpeg\" \/>\n<meta name=\"twitter:card\" content=\"summary_large_image\" \/>\n<meta name=\"twitter:label1\" content=\"Gesch\u00e4tzte Lesezeit\" \/>\n\t<meta name=\"twitter:data1\" content=\"3\u00a0Minuten\" \/>\n<script type=\"application\/ld+json\" class=\"yoast-schema-graph\">{\"@context\":\"https:\/\/schema.org\",\"@graph\":[{\"@type\":\"Article\",\"@id\":\"https:\/\/denizcankizil.tr\/de\/haberler\/antalya\/ilk-turizm-subesini-antalyada-acti\/#article\",\"isPartOf\":{\"@id\":\"https:\/\/denizcankizil.tr\/de\/haberler\/antalya\/ilk-turizm-subesini-antalyada-acti\/\"},\"author\":{\"name\":\"\",\"@id\":\"\"},\"headline\":\"\u0130lk turizm \u015fubesini Antalya&#8217;da a\u00e7t\u0131\",\"datePublished\":\"2024-11-20T11:41:36+00:00\",\"mainEntityOfPage\":{\"@id\":\"https:\/\/denizcankizil.tr\/de\/haberler\/antalya\/ilk-turizm-subesini-antalyada-acti\/\"},\"wordCount\":574,\"commentCount\":0,\"publisher\":{\"@id\":\"https:\/\/denizcankizil.tr\/de\/#organization\"},\"image\":{\"@id\":\"https:\/\/denizcankizil.tr\/de\/haberler\/antalya\/ilk-turizm-subesini-antalyada-acti\/#primaryimage\"},\"thumbnailUrl\":\"https:\/\/denizcankizil.tr\/wp-content\/uploads\/2024\/11\/3179-01-uMe8UG.jpeg\",\"articleSection\":[\"Antalya\",\"Uncategorized\"],\"inLanguage\":\"de\",\"potentialAction\":[{\"@type\":\"CommentAction\",\"name\":\"Comment\",\"target\":[\"https:\/\/denizcankizil.tr\/de\/haberler\/antalya\/ilk-turizm-subesini-antalyada-acti\/#respond\"]}]},{\"@type\":\"WebPage\",\"@id\":\"https:\/\/denizcankizil.tr\/de\/haberler\/antalya\/ilk-turizm-subesini-antalyada-acti\/\",\"url\":\"https:\/\/denizcankizil.tr\/de\/haberler\/antalya\/ilk-turizm-subesini-antalyada-acti\/\",\"name\":\"\u0130lk turizm \u015fubesini Antalya'da a\u00e7t\u0131 - Av. Deniz Can K\u0131z\u0131l\",\"isPartOf\":{\"@id\":\"https:\/\/denizcankizil.tr\/de\/#website\"},\"primaryImageOfPage\":{\"@id\":\"https:\/\/denizcankizil.tr\/de\/haberler\/antalya\/ilk-turizm-subesini-antalyada-acti\/#primaryimage\"},\"image\":{\"@id\":\"https:\/\/denizcankizil.tr\/de\/haberler\/antalya\/ilk-turizm-subesini-antalyada-acti\/#primaryimage\"},\"thumbnailUrl\":\"https:\/\/denizcankizil.tr\/wp-content\/uploads\/2024\/11\/3179-01-uMe8UG.jpeg\",\"datePublished\":\"2024-11-20T11:41:36+00:00\",\"breadcrumb\":{\"@id\":\"https:\/\/denizcankizil.tr\/de\/haberler\/antalya\/ilk-turizm-subesini-antalyada-acti\/#breadcrumb\"},\"inLanguage\":\"de\",\"potentialAction\":[{\"@type\":\"ReadAction\",\"target\":[\"https:\/\/denizcankizil.tr\/de\/haberler\/antalya\/ilk-turizm-subesini-antalyada-acti\/\"]}]},{\"@type\":\"ImageObject\",\"inLanguage\":\"de\",\"@id\":\"https:\/\/denizcankizil.tr\/de\/haberler\/antalya\/ilk-turizm-subesini-antalyada-acti\/#primaryimage\",\"url\":\"https:\/\/denizcankizil.tr\/wp-content\/uploads\/2024\/11\/3179-01-uMe8UG.jpeg\",\"contentUrl\":\"https:\/\/denizcankizil.tr\/wp-content\/uploads\/2024\/11\/3179-01-uMe8UG.jpeg\",\"width\":1280,\"height\":720},{\"@type\":\"BreadcrumbList\",\"@id\":\"https:\/\/denizcankizil.tr\/de\/haberler\/antalya\/ilk-turizm-subesini-antalyada-acti\/#breadcrumb\",\"itemListElement\":[{\"@type\":\"ListItem\",\"position\":1,\"name\":\"Home\",\"item\":\"https:\/\/denizcankizil.tr\/de\/\"},{\"@type\":\"ListItem\",\"position\":2,\"name\":\"\u0130lk turizm \u015fubesini Antalya&#8217;da a\u00e7t\u0131\"}]},{\"@type\":\"WebSite\",\"@id\":\"https:\/\/denizcankizil.tr\/de\/#website\",\"url\":\"https:\/\/denizcankizil.tr\/de\/\",\"name\":\"Av. Deniz Can K\u0131z\u0131l\",\"description\":\"Avukat Deniz Can K\u0131z\u0131l Antalya Barosu\",\"publisher\":{\"@id\":\"https:\/\/denizcankizil.tr\/de\/#organization\"},\"potentialAction\":[{\"@type\":\"SearchAction\",\"target\":{\"@type\":\"EntryPoint\",\"urlTemplate\":\"https:\/\/denizcankizil.tr\/de\/?s={search_term_string}\"},\"query-input\":{\"@type\":\"PropertyValueSpecification\",\"valueRequired\":true,\"valueName\":\"search_term_string\"}}],\"inLanguage\":\"de\"},{\"@type\":\"Organization\",\"@id\":\"https:\/\/denizcankizil.tr\/de\/#organization\",\"name\":\"Av. Deniz Can K\u0131z\u0131l\",\"url\":\"https:\/\/denizcankizil.tr\/de\/\",\"logo\":{\"@type\":\"ImageObject\",\"inLanguage\":\"de\",\"@id\":\"https:\/\/denizcankizil.tr\/de\/#\/schema\/logo\/image\/\",\"url\":\"https:\/\/denizcankizil.tr\/wp-content\/uploads\/2024\/10\/siyah-logo-svg.svg\",\"contentUrl\":\"https:\/\/denizcankizil.tr\/wp-content\/uploads\/2024\/10\/siyah-logo-svg.svg\",\"width\":1080,\"height\":1080,\"caption\":\"Av. Deniz Can K\u0131z\u0131l\"},\"image\":{\"@id\":\"https:\/\/denizcankizil.tr\/de\/#\/schema\/logo\/image\/\"}}]}<\/script>\n<!-- \/ Yoast SEO Premium plugin. -->","yoast_head_json":{"title":"\u0130lk turizm \u015fubesini Antalya'da a\u00e7t\u0131 - Av. Deniz Can K\u0131z\u0131l","robots":{"index":"index","follow":"follow","max-snippet":"max-snippet:-1","max-image-preview":"max-image-preview:large","max-video-preview":"max-video-preview:-1"},"canonical":"https:\/\/denizcankizil.tr\/de\/haberler\/antalya\/ilk-turizm-subesini-antalyada-acti\/","og_locale":"de_DE","og_type":"article","og_title":"\u0130lk turizm \u015fubesini Antalya'da a\u00e7t\u0131","og_description":"T\u00fcrkiye \u0130\u015f Bankas\u0131, stratejik a\u00e7\u0131dan \u00f6nem verdi\u011fi sekt\u00f6rlerde daha verimli \u00e7\u0131kt\u0131lar elde edilmesi ve katma de\u011ferli \u00fcr\u00fcnler \u00fcretilmesine katk\u0131da bulunmak amac\u0131yla ihtisas \u015fubeleri a\u00e7maya devam ediyor. \u015eimdiye kadar tar\u0131m ve giri\u015fimcilik alanlar\u0131nda teknolojiyi, finans\u0131 ve sekt\u00f6r\u00fc bir araya getirdi\u011fi ihtisas \u015fubeleri a\u00e7an Banka, buna turizm alan\u0131n\u0131 da ekledi. Farkl\u0131 konsept ve tasar\u0131ma sahip, \u00f6zelle\u015ftirilmi\u015f hizmet modeliyle geleneksel banka \u015fubelerinden ayr\u0131\u015fan ilk turizm ihtisas \u015fubesi Antalya Muratpa\u015fa&#8217;da, Antalya Valisi Hulusi \u015eahin, \u0130\u015f Bankas\u0131 Genel M\u00fcd\u00fcr\u00fc Hakan Aran ve sekt\u00f6r temsilcilerinin kat\u0131ld\u0131\u011f\u0131 t\u00f6renle a\u00e7\u0131ld\u0131. Hakan Aran, a\u00e7\u0131l\u0131\u015fta yapt\u0131\u011f\u0131 konu\u015fmada, 100 y\u0131l \u00f6nce Gazi Mustafa Kemal Atat\u00fcrk&#8217;\u00fcn kurdu\u011fu bankan\u0131n, ilk g\u00fcnden bu yana \u00fclkemizin geli\u015fimi ve iktisadi kalk\u0131nmas\u0131 a\u00e7\u0131s\u0131ndan \u00f6nem ta\u015f\u0131yan sekt\u00f6rleri destekledi\u011fini s\u00f6yledi. \u201c2024-2025 y\u0131llar\u0131 i\u00e7erisinde turizme 1 milyar dolar ilave kaynak ay\u0131rd\u0131k, sekt\u00f6r\u00fcn yan\u0131nda olmaya devam edece\u011fiz\u201d Tar\u0131m, sanayi, giri\u015fimcili\u011fin yan\u0131 s\u0131ra turizmi de \u00fclkenin s\u00fcrd\u00fcr\u00fclebilir kalk\u0131nmas\u0131n\u0131 sa\u011flayan temel sekt\u00f6rlerden biri olarak stratejik \u00f6ncelikleri aras\u0131na ald\u0131klar\u0131n\u0131 belirten Hakan Aran, Turizme 2024-2025 y\u0131llar\u0131 i\u00e7erisinde 1 milyar dolar ilave kaynak aktard\u0131klar\u0131n\u0131, bu kayna\u011f\u0131n 500 milyon dolar\u0131n\u0131n hali haz\u0131rda kullan\u0131ld\u0131\u011f\u0131n\u0131 ve Banka&#8217;n\u0131n turizm sekt\u00f6r\u00fcne kulland\u0131rd\u0131\u011f\u0131 kredi bakiyesinin 1,5 milyar dolar\u0131 ge\u00e7ti\u011fini belirtti. Gerek finansal gerek sekt\u00f6rel \u00e7\u00f6z\u00fcmlerle turizm sekt\u00f6r\u00fcn\u00fcn g\u00fc\u00e7l\u00fc bir \u015fekilde yan\u0131nda olmaya devam edeceklerini, bunun yan\u0131 s\u0131ra ihtisasla\u015fma ve s\u00fcrd\u00fcr\u00fclebilirlik odakl\u0131 projelerle &hellip;","og_url":"https:\/\/denizcankizil.tr\/de\/haberler\/antalya\/ilk-turizm-subesini-antalyada-acti\/","og_site_name":"Av. Deniz Can K\u0131z\u0131l","article_published_time":"2024-11-20T11:41:36+00:00","og_image":[{"width":1280,"height":720,"url":"https:\/\/denizcankizil.tr\/wp-content\/uploads\/2024\/11\/3179-01-uMe8UG.jpeg","type":"image\/jpeg"}],"twitter_card":"summary_large_image","twitter_misc":{"Gesch\u00e4tzte Lesezeit":"3\u00a0Minuten"},"schema":{"@context":"https:\/\/schema.org","@graph":[{"@type":"Article","@id":"https:\/\/denizcankizil.tr\/de\/haberler\/antalya\/ilk-turizm-subesini-antalyada-acti\/#article","isPartOf":{"@id":"https:\/\/denizcankizil.tr\/de\/haberler\/antalya\/ilk-turizm-subesini-antalyada-acti\/"},"author":{"name":"","@id":""},"headline":"\u0130lk turizm \u015fubesini Antalya&#8217;da a\u00e7t\u0131","datePublished":"2024-11-20T11:41:36+00:00","mainEntityOfPage":{"@id":"https:\/\/denizcankizil.tr\/de\/haberler\/antalya\/ilk-turizm-subesini-antalyada-acti\/"},"wordCount":574,"commentCount":0,"publisher":{"@id":"https:\/\/denizcankizil.tr\/de\/#organization"},"image":{"@id":"https:\/\/denizcankizil.tr\/de\/haberler\/antalya\/ilk-turizm-subesini-antalyada-acti\/#primaryimage"},"thumbnailUrl":"https:\/\/denizcankizil.tr\/wp-content\/uploads\/2024\/11\/3179-01-uMe8UG.jpeg","articleSection":["Antalya","Uncategorized"],"inLanguage":"de","potentialAction":[{"@type":"CommentAction","name":"Comment","target":["https:\/\/denizcankizil.tr\/de\/haberler\/antalya\/ilk-turizm-subesini-antalyada-acti\/#respond"]}]},{"@type":"WebPage","@id":"https:\/\/denizcankizil.tr\/de\/haberler\/antalya\/ilk-turizm-subesini-antalyada-acti\/","url":"https:\/\/denizcankizil.tr\/de\/haberler\/antalya\/ilk-turizm-subesini-antalyada-acti\/","name":"\u0130lk turizm \u015fubesini Antalya'da a\u00e7t\u0131 - Av. Deniz Can K\u0131z\u0131l","isPartOf":{"@id":"https:\/\/denizcankizil.tr\/de\/#website"},"primaryImageOfPage":{"@id":"https:\/\/denizcankizil.tr\/de\/haberler\/antalya\/ilk-turizm-subesini-antalyada-acti\/#primaryimage"},"image":{"@id":"https:\/\/denizcankizil.tr\/de\/haberler\/antalya\/ilk-turizm-subesini-antalyada-acti\/#primaryimage"},"thumbnailUrl":"https:\/\/denizcankizil.tr\/wp-content\/uploads\/2024\/11\/3179-01-uMe8UG.jpeg","datePublished":"2024-11-20T11:41:36+00:00","breadcrumb":{"@id":"https:\/\/denizcankizil.tr\/de\/haberler\/antalya\/ilk-turizm-subesini-antalyada-acti\/#breadcrumb"},"inLanguage":"de","potentialAction":[{"@type":"ReadAction","target":["https:\/\/denizcankizil.tr\/de\/haberler\/antalya\/ilk-turizm-subesini-antalyada-acti\/"]}]},{"@type":"ImageObject","inLanguage":"de","@id":"https:\/\/denizcankizil.tr\/de\/haberler\/antalya\/ilk-turizm-subesini-antalyada-acti\/#primaryimage","url":"https:\/\/denizcankizil.tr\/wp-content\/uploads\/2024\/11\/3179-01-uMe8UG.jpeg","contentUrl":"https:\/\/denizcankizil.tr\/wp-content\/uploads\/2024\/11\/3179-01-uMe8UG.jpeg","width":1280,"height":720},{"@type":"BreadcrumbList","@id":"https:\/\/denizcankizil.tr\/de\/haberler\/antalya\/ilk-turizm-subesini-antalyada-acti\/#breadcrumb","itemListElement":[{"@type":"ListItem","position":1,"name":"Home","item":"https:\/\/denizcankizil.tr\/de\/"},{"@type":"ListItem","position":2,"name":"\u0130lk turizm \u015fubesini Antalya&#8217;da a\u00e7t\u0131"}]},{"@type":"WebSite","@id":"https:\/\/denizcankizil.tr\/de\/#website","url":"https:\/\/denizcankizil.tr\/de\/","name":"Av. Deniz Can K\u0131z\u0131l","description":"Avukat Deniz Can K\u0131z\u0131l Antalya Barosu","publisher":{"@id":"https:\/\/denizcankizil.tr\/de\/#organization"},"potentialAction":[{"@type":"SearchAction","target":{"@type":"EntryPoint","urlTemplate":"https:\/\/denizcankizil.tr\/de\/?s={search_term_string}"},"query-input":{"@type":"PropertyValueSpecification","valueRequired":true,"valueName":"search_term_string"}}],"inLanguage":"de"},{"@type":"Organization","@id":"https:\/\/denizcankizil.tr\/de\/#organization","name":"Av. Deniz Can K\u0131z\u0131l","url":"https:\/\/denizcankizil.tr\/de\/","logo":{"@type":"ImageObject","inLanguage":"de","@id":"https:\/\/denizcankizil.tr\/de\/#\/schema\/logo\/image\/","url":"https:\/\/denizcankizil.tr\/wp-content\/uploads\/2024\/10\/siyah-logo-svg.svg","contentUrl":"https:\/\/denizcankizil.tr\/wp-content\/uploads\/2024\/10\/siyah-logo-svg.svg","width":1080,"height":1080,"caption":"Av. Deniz Can K\u0131z\u0131l"},"image":{"@id":"https:\/\/denizcankizil.tr\/de\/#\/schema\/logo\/image\/"}}]}},"_links":{"self":[{"href":"https:\/\/denizcankizil.tr\/de\/wp-json\/wp\/v2\/posts\/16672","targetHints":{"allow":["GET"]}}],"collection":[{"href":"https:\/\/denizcankizil.tr\/de\/wp-json\/wp\/v2\/posts"}],"about":[{"href":"https:\/\/denizcankizil.tr\/de\/wp-json\/wp\/v2\/types\/post"}],"replies":[{"embeddable":true,"href":"https:\/\/denizcankizil.tr\/de\/wp-json\/wp\/v2\/comments?post=16672"}],"version-history":[{"count":0,"href":"https:\/\/denizcankizil.tr\/de\/wp-json\/wp\/v2\/posts\/16672\/revisions"}],"wp:featuredmedia":[{"embeddable":true,"href":"https:\/\/denizcankizil.tr\/de\/wp-json\/wp\/v2\/media\/16673"}],"wp:attachment":[{"href":"https:\/\/denizcankizil.tr\/de\/wp-json\/wp\/v2\/media?parent=16672"}],"wp:term":[{"taxonomy":"category","embeddable":true,"href":"https:\/\/denizcankizil.tr\/de\/wp-json\/wp\/v2\/categories?post=16672"},{"taxonomy":"post_tag","embeddable":true,"href":"https:\/\/denizcankizil.tr\/de\/wp-json\/wp\/v2\/tags?post=16672"}],"curies":[{"name":"wp","href":"https:\/\/api.w.org\/{rel}","templated":true}]}}