{"id":16561,"date":"2024-11-19T17:41:37","date_gmt":"2024-11-19T14:41:37","guid":{"rendered":"https:\/\/denizcankizil.tr\/uncategorized-tr\/belediye-is-sendikasi-bu-sozler-iktidarin-gundem-degistirme-cabasi\/"},"modified":"2024-11-19T17:41:37","modified_gmt":"2024-11-19T14:41:37","slug":"belediye-is-sendikasi-bu-sozler-iktidarin-gundem-degistirme-cabasi","status":"publish","type":"post","link":"https:\/\/denizcankizil.tr\/de\/haberler\/gundem\/belediye-is-sendikasi-bu-sozler-iktidarin-gundem-degistirme-cabasi\/","title":{"rendered":"Belediye-\u0130\u015f Sendikas\u0131, \u201cBu s\u00f6zler iktidar\u0131n g\u00fcndem de\u011fi\u015ftirme \u00e7abas\u0131\u201d"},"content":{"rendered":"<p>Belediye-\u0130\u015f Sendikas\u0131 son g\u00fcnlerde T\u00fcrkiye\u2019nin en \u00e7ok konu\u015ftu\u011fu 2 konu hakk\u0131nda a\u00e7\u0131klamalarda bulundu. Milli E\u011fitim Bakan\u0131 Yusuf Tekin\u2019in laiklikle alakal\u0131 s\u00f6zleri ve bunun ard\u0131ndan &#8216;Mustafa Kemal&#8217;in Askerleriyiz&#8217; diyen te\u011fmenlerin ihra\u00e7 karar\u0131 verilmesinin esas amac\u0131n\u0131n Atat\u00fcrk\u2019e y\u00f6nelik bir sald\u0131r\u0131 oldu\u011funun alt\u0131n\u0131 \u00e7izdi.\u00a0<\/p>\n<p>BELED\u0130YE-\u0130\u015e SEND\u0130KASI SERT TEPK\u0130 G\u00d6STERD\u0130\u00a0<\/p>\n<p>Atat\u00fcrk\u2019e y\u00f6nelik sald\u0131r\u0131lar\u0131n\u0131n temel amac\u0131n\u0131n laiklik ilkesini y\u0131pratmak oldu\u011funu belirten Belediye-\u0130\u015f Sendikas\u0131 esas amac\u0131n g\u00fcndemi de\u011fi\u015ftirmek ve esas sorunlar\u0131n unutulmas\u0131n\u0131 sa\u011flamak oldu\u011funu belirterek, \u201c\u0130ktidar\u0131n g\u00fcndem de\u011fi\u015ftirme, toplumu ayr\u0131\u015ft\u0131rma \u00e7abas\u0131, a\u00e7l\u0131\u011f\u0131, yoksullu\u011fu, i\u015fsizli\u011fi gizleme \u00e7abalar\u0131n\u0131n bir \u00fcr\u00fcn\u00fc\u201d a\u00e7\u0131klamas\u0131nda bulundu.\u00a0<\/p>\n<p>ATAT\u00dcRK\u2019E KAR\u015eI NEFRETLER\u0130N\u0130N NEDEN\u0130N\u0130 B\u0130L\u0130YORUZ\u00a0<\/p>\n<p>Son g\u00fcnlerde Atat\u00fcrk\u2019e y\u00f6nelik sald\u0131r\u0131lar\u0131n art\u0131\u011f\u0131na de\u011finen sendika,\u201d Son g\u00fcnlerde laik T\u00fcrkiye Cumhuriyetine ve kurucusu Mustafa Kemal Atat\u00fcrk\u2019e sald\u0131r\u0131lar yo\u011funla\u015ft\u0131. \u00d6nce Milli E\u011fitim Bakan\u0131 Yusuf Tekin, ge\u00e7mi\u015fin yalanlar\u0131 ve \u00e7arp\u0131tmalar\u0131yla laikli\u011fe, yani T\u00fcrkiye Cumhuriyeti\u2019nin temeli laik Cumhuriyete sald\u0131rd\u0131. Ard\u0131ndan da Kara Harp Okulu 2024 y\u0131l\u0131 mezuniyet t\u00f6reninde &#8216;Mustafa Kemal&#8217;in Askerleriyiz&#8217; diyen te\u011fmenler hakk\u0131nda soru\u015fturma a\u00e7\u0131ld\u0131. \u00a0Bu zihniyetin uzant\u0131lar\u0131n\u0131n, Laik T\u00fcrkiye Cumhuriyetinin kurucusu Mustafa Kemal Atat\u00fcrk\u2019e, Cumhuriyete ve laikli\u011fe kar\u015f\u0131 nefretlerini biliyoruz. \u00a0Onlar \u201cke\u015fke Yunan galip gelseydi\u201d diyen fesli kadirin talebeleri. Bu zihniyetin temsilcileri, kimin dizinin dibinde oturursa otursun, hangi tarikat\u0131n m\u00fcridi olurlarsa olsun; bu onlara sa\u00e7malama, abuk sabuk konu\u015fma hakk\u0131 vermez\u201d ifadelerini kulland\u0131.\u00a0<\/p>\n<p>ESAS G\u00dcNDEM\u0130 G\u0130ZLEMEYE \u00c7ALI\u015eIYORLAR\u00a0<\/p>\n<p>Bu Atat\u00fcrk\u2019e y\u00f6nelik sald\u0131r\u0131lar\u0131n asl\u0131nda g\u00fcndem de\u011fi\u015ftirme \u00e7abas\u0131 oldu\u011funa de\u011finen sendika, \u201cBu s\u00f6zler ister iktidar\u0131n g\u00fcndem de\u011fi\u015ftirme, ister toplumu ayr\u0131\u015ft\u0131rma \u00e7abas\u0131, isterse de a\u00e7l\u0131\u011f\u0131 yoksullu\u011fu i\u015fsizli\u011fi gizleme \u00e7abalar\u0131n\u0131n bir \u00fcr\u00fcn\u00fc olsun, cevaps\u0131z kalamaz. Bu yalanlar\u0131 s\u00f6yleyenler \u00f6nce Milli E\u011fitim Bakanl\u0131\u011f\u0131\u2019n\u0131n haline baks\u0131n. \u00a0\u2018\u0130tibarlar\u0131ndan\u2019 tasarruf yapamayanlar, s\u0131ra okullarda temizlik personeli al\u0131m\u0131na gelince tasarrufa gidiyor. \u00a0Okullar\u0131m\u0131zda \u00e7ocuklar\u0131m\u0131z, veliler temizlik yap\u0131yor, belediyelerin okullar\u0131 biz temizleyelim giri\u015fimleri, engelleniyor. \u00d6\u011fretmenlerimiz sefalet \u00fccretleri ile \u00e7al\u0131\u015ft\u0131r\u0131l\u0131yor. Okul kantinleri denetlenmedi\u011fi i\u00e7in, kantinlerde zehir sa\u00e7an g\u0131dalar \u00e7ocuklar\u0131m\u0131za yediriliyor. Uyu\u015fturucu maddeler ilkokul \u00f6nlerinde dahi sat\u0131l\u0131r hale geliyor, su\u00e7 \u00e7eteleri \u00e7ocuklar\u0131m\u0131z\u0131 taciz ediyor\u201d a\u00e7\u0131klamalar\u0131 ile esas soruna dikkat \u00e7ekti.\u00a0<\/p>\n<p>\u00c7OCUKLAR OKULA A\u00c7 G\u0130D\u0130YOR\u00a0<\/p>\n<p>Hayat pahal\u0131l\u0131\u011f\u0131 nedeniyle velilerin \u00e7ocuklara har\u00e7l\u0131k bile veremedi\u011fini ve bu y\u00fczden \u00e7ocuklar\u0131n a\u00e7 kald\u0131\u011f\u0131n\u0131n alt\u0131n\u0131 \u00e7izen Belediye-\u0130\u015e Sendikas\u0131, \u201cEmek\u00e7i halk\u0131m\u0131z\u0131n \u00e7ocuklar\u0131 hayat pahal\u0131l\u0131\u011f\u0131ndan, i\u015fsizlikten, \u00a0asgari \u00fccretin sefalet \u00fccretine d\u00fc\u015fmesinden kaynakl\u0131 \u00fc\u00e7 \u00f6\u011f\u00fcn yeme\u011fe dahi ula\u015famazken, en az\u0131ndan okullarda bir \u00f6\u011f\u00fcn yemek verilsin talebi cevaps\u0131z kal\u0131yor. Peki bu \u00fclkenin Milli E\u011fitim Bakan\u0131 Yusuf Tekin kendi bakanl\u0131\u011f\u0131nda bunca sorun varken ne yap\u0131yor? Onun tek derdi, laik T\u00fcrkiye Cumhuriyeti ve onun kurucusu Mustafa Kemal Atat\u00fcrk\u2019\u00fc karalamak, \u00a0Anayasal laiklik ilkesini y\u0131pratmak. Halk\u0131m\u0131z\u0131n Atat\u00fcrk sevgisi kar\u015f\u0131s\u0131nda Atat\u00fcrk\u2019e laf s\u00f6yleyemeyen bu anlay\u0131\u015f, yalanlarla, tarihsel ger\u00e7ekleri \u00e7arp\u0131tarak, Atat\u00fcrk\u2019\u00fcn Laiklik ilkesine sald\u0131r\u0131yor. Bu zihniyet, \u00a0Anayasal Laiklik ilkesi olmazsa demokrasinin olmayaca\u011f\u0131n\u0131 bildi\u011fi i\u00e7in Anayasal laiklik ilkesine sald\u0131r\u0131yor. Bu zihniyet, \u00a0Anayasal Laiklik ilkesi olmazsa, \u00e7a\u011fda\u015f hukuk kurallar\u0131 yerine \u015feriat kurallar\u0131 ve \u015feriat mahkemeleri olaca\u011f\u0131n\u0131 bildi\u011fi i\u00e7in laikli\u011fe sald\u0131r\u0131yor. Bu zihniyet, \u00a0Anayasal Laiklik ilkesi olmazsa, \u015feriat\u0131n h\u00fck\u00fcm s\u00fcrd\u00fc\u011f\u00fc bir toplumda kimse \u00f6zg\u00fcr iradesiyle siyasi tercihte bulunamayaca\u011f\u0131 i\u00e7in, vatanda\u015f\u0131 tekrar kula \u00e7evirmek i\u00e7in laiklik ilkesine sald\u0131r\u0131yor. Bu zihniyet, \u00a0Anayasal Laiklik ilkesine, k\u0131z \u00e7ocuklar\u0131n\u0131n okula gitmesini engellemek, kad\u0131n\u0131 eve hapsetmek i\u00e7in sald\u0131r\u0131yor. Bu zihniyet, \u00a0Anayasal Laiklik ilkesi olmazsa, akla, bilime dayal\u0131 e\u011fitim olmayaca\u011f\u0131n\u0131 d\u00fc\u015f\u00fcnerek tarikatlara, cemaatlere yeni m\u00fcritler kazand\u0131rmak i\u00e7in laiklik ilkesine sald\u0131r\u0131yor. Bu zihniyet, \u00a0Anayasal Laiklik ilkesi olmazsa milletin olamayaca\u011f\u0131n\u0131 bildi\u011fi i\u00e7in, \u00fcmmet ve \u00fcmmet\u00e7ili\u011fin de\u011firmenine su ta\u015f\u0131mak i\u00e7in laiklik ilkesine sald\u0131r\u0131yor\u201d dile getirdi.\u00a0<\/p>\n<p>15 TEMMUZ\u2019U UNUTUYORLAR\u00a0<\/p>\n<p>Son olarak askerlere yap\u0131lan haks\u0131zl\u0131\u011fa de\u011finen sendika 15 Temmuz zaman\u0131 ya\u015fananlar\u0131 unuttuklar\u0131na vurgu yaparak, \u201cLaik T\u00fcrkiye Cumhuriyeti, \u00a0kurucusu Mustafa Kemal Atat\u00fcrk\u2019\u00fc ve d\u00fc\u015f\u00fcncelerini can\u0131 pahas\u0131na savunma yemini eden, \u201cMustafa Kemal&#8217;in Askerleriyiz\u201d diyen te\u011fmenlere i\u015fte bu y\u00fczden soru\u015fturma a\u00e7\u0131yorlar. Ne zamandan beri T\u00fcrkiye Cumhuriyeti\u2019nin kurucusuna sahip \u00e7\u0131kmak, \u201cMustafa Kemal\u2019in askerleriyiz\u201d demek su\u00e7 oldu? O nedenle tarihsel ger\u00e7ekler \u00e7arp\u0131t\u0131larak, Fesli Kadir\u2019in z\u0131rvalar\u0131 \u0131s\u0131t\u0131l\u0131p \u0131s\u0131t\u0131l\u0131p g\u00fcndem yap\u0131lmak isteniyor. Bu nedenle Mustafa Kemal\u2019e ve onun ilkelerine sahip \u00e7\u0131kan gen\u00e7 te\u011fmenlere soru\u015fturma a\u00e7\u0131l\u0131yor. Ancak 15 Temmuz \u00f6ncesi ne istedilerse verdik dedikleri FET\u00d6\u2019c\u00fc darbecilerin tarikat liderlerinden ald\u0131klar\u0131 emirlerle, milletin \u00fczerine tank s\u00fcrd\u00fc\u011f\u00fcn\u00fc, direnen halk\u0131, askeri polisi kur\u015funlad\u0131\u011f\u0131n\u0131 unutuyorlar. 15 Temmuz\u2019da darbeye kar\u015f\u0131 direnen ba\u015fta, asker, polis t\u00fcm Atat\u00fcrk\u00e7\u00fclerin Laik Cumhuriyeti savunduklar\u0131n\u0131 unutuyorlar. Laik Cumhuriyete \u015fa\u015f\u0131 bakan bu anlay\u0131\u015f, \u00a015 Temmuz \u00f6ncesi yapt\u0131\u011f\u0131 yanl\u0131\u015f\u0131 bir kez daha tekrarlayarak, askeri \u00fcniformas\u0131yla mesai saati i\u00e7inde tarikat toplant\u0131s\u0131na kat\u0131lan amirale ho\u015fg\u00f6r\u00fc g\u00f6sterirken, gen\u00e7 te\u011fmenlere soru\u015fma a\u00e7arak g\u00f6zda\u011f\u0131 vermek istiyor. Ayn\u0131 \u015feyleri yaparak farkl\u0131 sonu\u00e7 alamazs\u0131n\u0131z. Laik T\u00fcrkiye Cumhuriyetine de te\u011fmenlerimize sahip \u00e7\u0131k\u0131yoruz. Sonuna kadar sahip \u00e7\u0131kaca\u011f\u0131z. Emek\u00e7i halk\u0131m\u0131z tarikat, cemaat temsilcilerinin T\u00fcrkiye Cumhuriyeti\u2019nin temeli, laik Cumhuriyete yap\u0131lan sald\u0131r\u0131lara, \u00fclkemizin Afganistan zihniyetine d\u00f6n\u00fc\u015ft\u00fcr\u00fclmesine demokratik zeminde asla izin vermeyecektir\u201d diyerek a\u00e7\u0131klamalar\u0131na son verdi.\u00a0<\/p>\n<p>\u200bSon g\u00fcnlerde Milli E\u011fitim Bakan\u0131 Yusuf Tekin\u2019in laikle alakal\u0131 a\u00e7\u0131klamalar\u0131 ve &#8216;Mustafa Kemal&#8217;in Askerleriyiz&#8217; diyen te\u011fmenlerin ihra\u00e7 karar\u0131 verilmesiyle alakal\u0131 Belediye-\u0130\u015f Sendikas\u0131 a\u00e7\u0131klamalarda bulundu. \u00a0Sendika, \u201cBu s\u00f6zler \u0130ktidar\u0131n g\u00fcndem de\u011fi\u015ftirme, toplumu ayr\u0131\u015ft\u0131rma \u00e7abas\u0131. A\u00e7l\u0131\u011f\u0131, yoksullu\u011fu, i\u015fsizli\u011fi gizleme \u00e7abalar\u0131n\u0131n bir \u00fcr\u00fcn\u00fc\u201d ifadelerini kulland\u0131\u00a0<\/p>\n<p>\u200bHaberin Al\u0131nt\u0131land\u0131\u011f\u0131 Kaynak: www.antalyakorfez.com<\/p>","protected":false},"excerpt":{"rendered":"<p>Belediye-\u0130\u015f Sendikas\u0131 son g\u00fcnlerde T\u00fcrkiye\u2019nin en \u00e7ok konu\u015ftu\u011fu 2 konu hakk\u0131nda a\u00e7\u0131klamalarda bulundu. Milli E\u011fitim Bakan\u0131 Yusuf Tekin\u2019in laiklikle alakal\u0131 s\u00f6zleri ve bunun ard\u0131ndan &#8216;Mustafa Kemal&#8217;in Askerleriyiz&#8217; diyen te\u011fmenlerin ihra\u00e7 karar\u0131 verilmesinin esas amac\u0131n\u0131n Atat\u00fcrk\u2019e y\u00f6nelik bir sald\u0131r\u0131 oldu\u011funun alt\u0131n\u0131 \u00e7izdi.\u00a0 BELED\u0130YE-\u0130\u015e SEND\u0130KASI SERT TEPK\u0130 G\u00d6STERD\u0130\u00a0 Atat\u00fcrk\u2019e y\u00f6nelik sald\u0131r\u0131lar\u0131n\u0131n temel amac\u0131n\u0131n laiklik ilkesini y\u0131pratmak oldu\u011funu belirten Belediye-\u0130\u015f Sendikas\u0131 esas amac\u0131n g\u00fcndemi de\u011fi\u015ftirmek ve esas sorunlar\u0131n unutulmas\u0131n\u0131 sa\u011flamak oldu\u011funu belirterek, \u201c\u0130ktidar\u0131n g\u00fcndem de\u011fi\u015ftirme, toplumu ayr\u0131\u015ft\u0131rma \u00e7abas\u0131, a\u00e7l\u0131\u011f\u0131, yoksullu\u011fu, i\u015fsizli\u011fi gizleme \u00e7abalar\u0131n\u0131n bir \u00fcr\u00fcn\u00fc\u201d a\u00e7\u0131klamas\u0131nda bulundu.\u00a0 ATAT\u00dcRK\u2019E KAR\u015eI NEFRETLER\u0130N\u0130N NEDEN\u0130N\u0130 B\u0130L\u0130YORUZ\u00a0 Son g\u00fcnlerde Atat\u00fcrk\u2019e y\u00f6nelik sald\u0131r\u0131lar\u0131n art\u0131\u011f\u0131na de\u011finen sendika,\u201d Son g\u00fcnlerde laik T\u00fcrkiye Cumhuriyetine ve kurucusu Mustafa Kemal Atat\u00fcrk\u2019e sald\u0131r\u0131lar yo\u011funla\u015ft\u0131. \u00d6nce Milli E\u011fitim Bakan\u0131 Yusuf Tekin, ge\u00e7mi\u015fin yalanlar\u0131 ve \u00e7arp\u0131tmalar\u0131yla laikli\u011fe, yani T\u00fcrkiye Cumhuriyeti\u2019nin temeli laik Cumhuriyete sald\u0131rd\u0131. Ard\u0131ndan da Kara Harp Okulu 2024 y\u0131l\u0131 mezuniyet t\u00f6reninde &#8216;Mustafa Kemal&#8217;in Askerleriyiz&#8217; diyen te\u011fmenler hakk\u0131nda soru\u015fturma a\u00e7\u0131ld\u0131. \u00a0Bu zihniyetin uzant\u0131lar\u0131n\u0131n, Laik T\u00fcrkiye Cumhuriyetinin kurucusu Mustafa Kemal Atat\u00fcrk\u2019e, Cumhuriyete ve laikli\u011fe kar\u015f\u0131 nefretlerini biliyoruz. \u00a0Onlar \u201cke\u015fke Yunan galip gelseydi\u201d diyen fesli kadirin talebeleri. Bu zihniyetin temsilcileri, kimin dizinin dibinde oturursa otursun, hangi tarikat\u0131n m\u00fcridi olurlarsa olsun; bu onlara sa\u00e7malama, abuk sabuk konu\u015fma hakk\u0131 vermez\u201d ifadelerini kulland\u0131.\u00a0 ESAS G\u00dcNDEM\u0130 G\u0130ZLEMEYE \u00c7ALI\u015eIYORLAR\u00a0 Bu Atat\u00fcrk\u2019e y\u00f6nelik sald\u0131r\u0131lar\u0131n &hellip;<\/p>","protected":false},"author":0,"featured_media":0,"comment_status":"open","ping_status":"open","sticky":false,"template":"","format":"standard","meta":{"_acf_changed":false,"footnotes":""},"categories":[24,535],"tags":[],"class_list":["post-16561","post","type-post","status-publish","format-standard","has-post-thumbnail","hentry","category-gundem","category-uncategorized-tr"],"acf":[],"yoast_head":"<!-- This site is optimized with the Yoast SEO Premium plugin v26.6 (Yoast SEO v27.1.1) - https:\/\/yoast.com\/product\/yoast-seo-premium-wordpress\/ -->\n<title>Belediye-\u0130\u015f Sendikas\u0131, \u201cBu s\u00f6zler iktidar\u0131n g\u00fcndem de\u011fi\u015ftirme \u00e7abas\u0131\u201d - Av. Deniz Can K\u0131z\u0131l<\/title>\n<meta name=\"robots\" content=\"index, follow, max-snippet:-1, max-image-preview:large, max-video-preview:-1\" \/>\n<link rel=\"canonical\" href=\"https:\/\/denizcankizil.tr\/de\/haberler\/gundem\/belediye-is-sendikasi-bu-sozler-iktidarin-gundem-degistirme-cabasi\/\" \/>\n<meta property=\"og:locale\" content=\"de_DE\" \/>\n<meta property=\"og:type\" content=\"article\" \/>\n<meta property=\"og:title\" content=\"Belediye-\u0130\u015f Sendikas\u0131, \u201cBu s\u00f6zler iktidar\u0131n g\u00fcndem de\u011fi\u015ftirme \u00e7abas\u0131\u201d\" \/>\n<meta property=\"og:description\" content=\"Belediye-\u0130\u015f Sendikas\u0131 son g\u00fcnlerde T\u00fcrkiye\u2019nin en \u00e7ok konu\u015ftu\u011fu 2 konu hakk\u0131nda a\u00e7\u0131klamalarda bulundu. Milli E\u011fitim Bakan\u0131 Yusuf Tekin\u2019in laiklikle alakal\u0131 s\u00f6zleri ve bunun ard\u0131ndan &#8216;Mustafa Kemal&#8217;in Askerleriyiz&#8217; diyen te\u011fmenlerin ihra\u00e7 karar\u0131 verilmesinin esas amac\u0131n\u0131n Atat\u00fcrk\u2019e y\u00f6nelik bir sald\u0131r\u0131 oldu\u011funun alt\u0131n\u0131 \u00e7izdi.\u00a0 BELED\u0130YE-\u0130\u015e SEND\u0130KASI SERT TEPK\u0130 G\u00d6STERD\u0130\u00a0 Atat\u00fcrk\u2019e y\u00f6nelik sald\u0131r\u0131lar\u0131n\u0131n temel amac\u0131n\u0131n laiklik ilkesini y\u0131pratmak oldu\u011funu belirten Belediye-\u0130\u015f Sendikas\u0131 esas amac\u0131n g\u00fcndemi de\u011fi\u015ftirmek ve esas sorunlar\u0131n unutulmas\u0131n\u0131 sa\u011flamak oldu\u011funu belirterek, \u201c\u0130ktidar\u0131n g\u00fcndem de\u011fi\u015ftirme, toplumu ayr\u0131\u015ft\u0131rma \u00e7abas\u0131, a\u00e7l\u0131\u011f\u0131, yoksullu\u011fu, i\u015fsizli\u011fi gizleme \u00e7abalar\u0131n\u0131n bir \u00fcr\u00fcn\u00fc\u201d a\u00e7\u0131klamas\u0131nda bulundu.\u00a0 ATAT\u00dcRK\u2019E KAR\u015eI NEFRETLER\u0130N\u0130N NEDEN\u0130N\u0130 B\u0130L\u0130YORUZ\u00a0 Son g\u00fcnlerde Atat\u00fcrk\u2019e y\u00f6nelik sald\u0131r\u0131lar\u0131n art\u0131\u011f\u0131na de\u011finen sendika,\u201d Son g\u00fcnlerde laik T\u00fcrkiye Cumhuriyetine ve kurucusu Mustafa Kemal Atat\u00fcrk\u2019e sald\u0131r\u0131lar yo\u011funla\u015ft\u0131. \u00d6nce Milli E\u011fitim Bakan\u0131 Yusuf Tekin, ge\u00e7mi\u015fin yalanlar\u0131 ve \u00e7arp\u0131tmalar\u0131yla laikli\u011fe, yani T\u00fcrkiye Cumhuriyeti\u2019nin temeli laik Cumhuriyete sald\u0131rd\u0131. Ard\u0131ndan da Kara Harp Okulu 2024 y\u0131l\u0131 mezuniyet t\u00f6reninde &#8216;Mustafa Kemal&#8217;in Askerleriyiz&#8217; diyen te\u011fmenler hakk\u0131nda soru\u015fturma a\u00e7\u0131ld\u0131. \u00a0Bu zihniyetin uzant\u0131lar\u0131n\u0131n, Laik T\u00fcrkiye Cumhuriyetinin kurucusu Mustafa Kemal Atat\u00fcrk\u2019e, Cumhuriyete ve laikli\u011fe kar\u015f\u0131 nefretlerini biliyoruz. \u00a0Onlar \u201cke\u015fke Yunan galip gelseydi\u201d diyen fesli kadirin talebeleri. Bu zihniyetin temsilcileri, kimin dizinin dibinde oturursa otursun, hangi tarikat\u0131n m\u00fcridi olurlarsa olsun; bu onlara sa\u00e7malama, abuk sabuk konu\u015fma hakk\u0131 vermez\u201d ifadelerini kulland\u0131.\u00a0 ESAS G\u00dcNDEM\u0130 G\u0130ZLEMEYE \u00c7ALI\u015eIYORLAR\u00a0 Bu Atat\u00fcrk\u2019e y\u00f6nelik sald\u0131r\u0131lar\u0131n &hellip;\" \/>\n<meta property=\"og:url\" content=\"https:\/\/denizcankizil.tr\/de\/haberler\/gundem\/belediye-is-sendikasi-bu-sozler-iktidarin-gundem-degistirme-cabasi\/\" \/>\n<meta property=\"og:site_name\" content=\"Av. Deniz Can K\u0131z\u0131l\" \/>\n<meta property=\"article:published_time\" content=\"2024-11-19T14:41:37+00:00\" \/>\n<meta name=\"twitter:card\" content=\"summary_large_image\" \/>\n<meta name=\"twitter:label1\" content=\"Gesch\u00e4tzte Lesezeit\" \/>\n\t<meta name=\"twitter:data1\" content=\"6\u00a0Minuten\" \/>\n<script type=\"application\/ld+json\" class=\"yoast-schema-graph\">{\"@context\":\"https:\/\/schema.org\",\"@graph\":[{\"@type\":\"Article\",\"@id\":\"https:\/\/denizcankizil.tr\/de\/haberler\/gundem\/belediye-is-sendikasi-bu-sozler-iktidarin-gundem-degistirme-cabasi\/#article\",\"isPartOf\":{\"@id\":\"https:\/\/denizcankizil.tr\/de\/haberler\/gundem\/belediye-is-sendikasi-bu-sozler-iktidarin-gundem-degistirme-cabasi\/\"},\"author\":{\"name\":\"\",\"@id\":\"\"},\"headline\":\"Belediye-\u0130\u015f Sendikas\u0131, \u201cBu s\u00f6zler iktidar\u0131n g\u00fcndem de\u011fi\u015ftirme \u00e7abas\u0131\u201d\",\"datePublished\":\"2024-11-19T14:41:37+00:00\",\"mainEntityOfPage\":{\"@id\":\"https:\/\/denizcankizil.tr\/de\/haberler\/gundem\/belediye-is-sendikasi-bu-sozler-iktidarin-gundem-degistirme-cabasi\/\"},\"wordCount\":1126,\"commentCount\":0,\"publisher\":{\"@id\":\"https:\/\/denizcankizil.tr\/de\/#organization\"},\"articleSection\":[\"G\u00fcndem\",\"Uncategorized\"],\"inLanguage\":\"de\",\"potentialAction\":[{\"@type\":\"CommentAction\",\"name\":\"Comment\",\"target\":[\"https:\/\/denizcankizil.tr\/de\/haberler\/gundem\/belediye-is-sendikasi-bu-sozler-iktidarin-gundem-degistirme-cabasi\/#respond\"]}]},{\"@type\":\"WebPage\",\"@id\":\"https:\/\/denizcankizil.tr\/de\/haberler\/gundem\/belediye-is-sendikasi-bu-sozler-iktidarin-gundem-degistirme-cabasi\/\",\"url\":\"https:\/\/denizcankizil.tr\/de\/haberler\/gundem\/belediye-is-sendikasi-bu-sozler-iktidarin-gundem-degistirme-cabasi\/\",\"name\":\"Belediye-\u0130\u015f Sendikas\u0131, \u201cBu s\u00f6zler iktidar\u0131n g\u00fcndem de\u011fi\u015ftirme \u00e7abas\u0131\u201d - Av. Deniz Can K\u0131z\u0131l\",\"isPartOf\":{\"@id\":\"https:\/\/denizcankizil.tr\/de\/#website\"},\"datePublished\":\"2024-11-19T14:41:37+00:00\",\"breadcrumb\":{\"@id\":\"https:\/\/denizcankizil.tr\/de\/haberler\/gundem\/belediye-is-sendikasi-bu-sozler-iktidarin-gundem-degistirme-cabasi\/#breadcrumb\"},\"inLanguage\":\"de\",\"potentialAction\":[{\"@type\":\"ReadAction\",\"target\":[\"https:\/\/denizcankizil.tr\/de\/haberler\/gundem\/belediye-is-sendikasi-bu-sozler-iktidarin-gundem-degistirme-cabasi\/\"]}]},{\"@type\":\"BreadcrumbList\",\"@id\":\"https:\/\/denizcankizil.tr\/de\/haberler\/gundem\/belediye-is-sendikasi-bu-sozler-iktidarin-gundem-degistirme-cabasi\/#breadcrumb\",\"itemListElement\":[{\"@type\":\"ListItem\",\"position\":1,\"name\":\"Home\",\"item\":\"https:\/\/denizcankizil.tr\/de\/\"},{\"@type\":\"ListItem\",\"position\":2,\"name\":\"Belediye-\u0130\u015f Sendikas\u0131, \u201cBu s\u00f6zler iktidar\u0131n g\u00fcndem de\u011fi\u015ftirme \u00e7abas\u0131\u201d\"}]},{\"@type\":\"WebSite\",\"@id\":\"https:\/\/denizcankizil.tr\/de\/#website\",\"url\":\"https:\/\/denizcankizil.tr\/de\/\",\"name\":\"Av. Deniz Can K\u0131z\u0131l\",\"description\":\"Avukat Deniz Can K\u0131z\u0131l Antalya Barosu\",\"publisher\":{\"@id\":\"https:\/\/denizcankizil.tr\/de\/#organization\"},\"potentialAction\":[{\"@type\":\"SearchAction\",\"target\":{\"@type\":\"EntryPoint\",\"urlTemplate\":\"https:\/\/denizcankizil.tr\/de\/?s={search_term_string}\"},\"query-input\":{\"@type\":\"PropertyValueSpecification\",\"valueRequired\":true,\"valueName\":\"search_term_string\"}}],\"inLanguage\":\"de\"},{\"@type\":\"Organization\",\"@id\":\"https:\/\/denizcankizil.tr\/de\/#organization\",\"name\":\"Av. Deniz Can K\u0131z\u0131l\",\"url\":\"https:\/\/denizcankizil.tr\/de\/\",\"logo\":{\"@type\":\"ImageObject\",\"inLanguage\":\"de\",\"@id\":\"https:\/\/denizcankizil.tr\/de\/#\/schema\/logo\/image\/\",\"url\":\"https:\/\/denizcankizil.tr\/wp-content\/uploads\/2024\/10\/siyah-logo-svg.svg\",\"contentUrl\":\"https:\/\/denizcankizil.tr\/wp-content\/uploads\/2024\/10\/siyah-logo-svg.svg\",\"width\":1080,\"height\":1080,\"caption\":\"Av. Deniz Can K\u0131z\u0131l\"},\"image\":{\"@id\":\"https:\/\/denizcankizil.tr\/de\/#\/schema\/logo\/image\/\"}}]}<\/script>\n<!-- \/ Yoast SEO Premium plugin. -->","yoast_head_json":{"title":"Belediye-\u0130\u015f Sendikas\u0131, \u201cBu s\u00f6zler iktidar\u0131n g\u00fcndem de\u011fi\u015ftirme \u00e7abas\u0131\u201d - Av. Deniz Can K\u0131z\u0131l","robots":{"index":"index","follow":"follow","max-snippet":"max-snippet:-1","max-image-preview":"max-image-preview:large","max-video-preview":"max-video-preview:-1"},"canonical":"https:\/\/denizcankizil.tr\/de\/haberler\/gundem\/belediye-is-sendikasi-bu-sozler-iktidarin-gundem-degistirme-cabasi\/","og_locale":"de_DE","og_type":"article","og_title":"Belediye-\u0130\u015f Sendikas\u0131, \u201cBu s\u00f6zler iktidar\u0131n g\u00fcndem de\u011fi\u015ftirme \u00e7abas\u0131\u201d","og_description":"Belediye-\u0130\u015f Sendikas\u0131 son g\u00fcnlerde T\u00fcrkiye\u2019nin en \u00e7ok konu\u015ftu\u011fu 2 konu hakk\u0131nda a\u00e7\u0131klamalarda bulundu. Milli E\u011fitim Bakan\u0131 Yusuf Tekin\u2019in laiklikle alakal\u0131 s\u00f6zleri ve bunun ard\u0131ndan &#8216;Mustafa Kemal&#8217;in Askerleriyiz&#8217; diyen te\u011fmenlerin ihra\u00e7 karar\u0131 verilmesinin esas amac\u0131n\u0131n Atat\u00fcrk\u2019e y\u00f6nelik bir sald\u0131r\u0131 oldu\u011funun alt\u0131n\u0131 \u00e7izdi.\u00a0 BELED\u0130YE-\u0130\u015e SEND\u0130KASI SERT TEPK\u0130 G\u00d6STERD\u0130\u00a0 Atat\u00fcrk\u2019e y\u00f6nelik sald\u0131r\u0131lar\u0131n\u0131n temel amac\u0131n\u0131n laiklik ilkesini y\u0131pratmak oldu\u011funu belirten Belediye-\u0130\u015f Sendikas\u0131 esas amac\u0131n g\u00fcndemi de\u011fi\u015ftirmek ve esas sorunlar\u0131n unutulmas\u0131n\u0131 sa\u011flamak oldu\u011funu belirterek, \u201c\u0130ktidar\u0131n g\u00fcndem de\u011fi\u015ftirme, toplumu ayr\u0131\u015ft\u0131rma \u00e7abas\u0131, a\u00e7l\u0131\u011f\u0131, yoksullu\u011fu, i\u015fsizli\u011fi gizleme \u00e7abalar\u0131n\u0131n bir \u00fcr\u00fcn\u00fc\u201d a\u00e7\u0131klamas\u0131nda bulundu.\u00a0 ATAT\u00dcRK\u2019E KAR\u015eI NEFRETLER\u0130N\u0130N NEDEN\u0130N\u0130 B\u0130L\u0130YORUZ\u00a0 Son g\u00fcnlerde Atat\u00fcrk\u2019e y\u00f6nelik sald\u0131r\u0131lar\u0131n art\u0131\u011f\u0131na de\u011finen sendika,\u201d Son g\u00fcnlerde laik T\u00fcrkiye Cumhuriyetine ve kurucusu Mustafa Kemal Atat\u00fcrk\u2019e sald\u0131r\u0131lar yo\u011funla\u015ft\u0131. \u00d6nce Milli E\u011fitim Bakan\u0131 Yusuf Tekin, ge\u00e7mi\u015fin yalanlar\u0131 ve \u00e7arp\u0131tmalar\u0131yla laikli\u011fe, yani T\u00fcrkiye Cumhuriyeti\u2019nin temeli laik Cumhuriyete sald\u0131rd\u0131. Ard\u0131ndan da Kara Harp Okulu 2024 y\u0131l\u0131 mezuniyet t\u00f6reninde &#8216;Mustafa Kemal&#8217;in Askerleriyiz&#8217; diyen te\u011fmenler hakk\u0131nda soru\u015fturma a\u00e7\u0131ld\u0131. \u00a0Bu zihniyetin uzant\u0131lar\u0131n\u0131n, Laik T\u00fcrkiye Cumhuriyetinin kurucusu Mustafa Kemal Atat\u00fcrk\u2019e, Cumhuriyete ve laikli\u011fe kar\u015f\u0131 nefretlerini biliyoruz. \u00a0Onlar \u201cke\u015fke Yunan galip gelseydi\u201d diyen fesli kadirin talebeleri. Bu zihniyetin temsilcileri, kimin dizinin dibinde oturursa otursun, hangi tarikat\u0131n m\u00fcridi olurlarsa olsun; bu onlara sa\u00e7malama, abuk sabuk konu\u015fma hakk\u0131 vermez\u201d ifadelerini kulland\u0131.\u00a0 ESAS G\u00dcNDEM\u0130 G\u0130ZLEMEYE \u00c7ALI\u015eIYORLAR\u00a0 Bu Atat\u00fcrk\u2019e y\u00f6nelik sald\u0131r\u0131lar\u0131n &hellip;","og_url":"https:\/\/denizcankizil.tr\/de\/haberler\/gundem\/belediye-is-sendikasi-bu-sozler-iktidarin-gundem-degistirme-cabasi\/","og_site_name":"Av. Deniz Can K\u0131z\u0131l","article_published_time":"2024-11-19T14:41:37+00:00","twitter_card":"summary_large_image","twitter_misc":{"Gesch\u00e4tzte Lesezeit":"6\u00a0Minuten"},"schema":{"@context":"https:\/\/schema.org","@graph":[{"@type":"Article","@id":"https:\/\/denizcankizil.tr\/de\/haberler\/gundem\/belediye-is-sendikasi-bu-sozler-iktidarin-gundem-degistirme-cabasi\/#article","isPartOf":{"@id":"https:\/\/denizcankizil.tr\/de\/haberler\/gundem\/belediye-is-sendikasi-bu-sozler-iktidarin-gundem-degistirme-cabasi\/"},"author":{"name":"","@id":""},"headline":"Belediye-\u0130\u015f Sendikas\u0131, \u201cBu s\u00f6zler iktidar\u0131n g\u00fcndem de\u011fi\u015ftirme \u00e7abas\u0131\u201d","datePublished":"2024-11-19T14:41:37+00:00","mainEntityOfPage":{"@id":"https:\/\/denizcankizil.tr\/de\/haberler\/gundem\/belediye-is-sendikasi-bu-sozler-iktidarin-gundem-degistirme-cabasi\/"},"wordCount":1126,"commentCount":0,"publisher":{"@id":"https:\/\/denizcankizil.tr\/de\/#organization"},"articleSection":["G\u00fcndem","Uncategorized"],"inLanguage":"de","potentialAction":[{"@type":"CommentAction","name":"Comment","target":["https:\/\/denizcankizil.tr\/de\/haberler\/gundem\/belediye-is-sendikasi-bu-sozler-iktidarin-gundem-degistirme-cabasi\/#respond"]}]},{"@type":"WebPage","@id":"https:\/\/denizcankizil.tr\/de\/haberler\/gundem\/belediye-is-sendikasi-bu-sozler-iktidarin-gundem-degistirme-cabasi\/","url":"https:\/\/denizcankizil.tr\/de\/haberler\/gundem\/belediye-is-sendikasi-bu-sozler-iktidarin-gundem-degistirme-cabasi\/","name":"Belediye-\u0130\u015f Sendikas\u0131, \u201cBu s\u00f6zler iktidar\u0131n g\u00fcndem de\u011fi\u015ftirme \u00e7abas\u0131\u201d - Av. Deniz Can K\u0131z\u0131l","isPartOf":{"@id":"https:\/\/denizcankizil.tr\/de\/#website"},"datePublished":"2024-11-19T14:41:37+00:00","breadcrumb":{"@id":"https:\/\/denizcankizil.tr\/de\/haberler\/gundem\/belediye-is-sendikasi-bu-sozler-iktidarin-gundem-degistirme-cabasi\/#breadcrumb"},"inLanguage":"de","potentialAction":[{"@type":"ReadAction","target":["https:\/\/denizcankizil.tr\/de\/haberler\/gundem\/belediye-is-sendikasi-bu-sozler-iktidarin-gundem-degistirme-cabasi\/"]}]},{"@type":"BreadcrumbList","@id":"https:\/\/denizcankizil.tr\/de\/haberler\/gundem\/belediye-is-sendikasi-bu-sozler-iktidarin-gundem-degistirme-cabasi\/#breadcrumb","itemListElement":[{"@type":"ListItem","position":1,"name":"Home","item":"https:\/\/denizcankizil.tr\/de\/"},{"@type":"ListItem","position":2,"name":"Belediye-\u0130\u015f Sendikas\u0131, \u201cBu s\u00f6zler iktidar\u0131n g\u00fcndem de\u011fi\u015ftirme \u00e7abas\u0131\u201d"}]},{"@type":"WebSite","@id":"https:\/\/denizcankizil.tr\/de\/#website","url":"https:\/\/denizcankizil.tr\/de\/","name":"Av. Deniz Can K\u0131z\u0131l","description":"Avukat Deniz Can K\u0131z\u0131l Antalya Barosu","publisher":{"@id":"https:\/\/denizcankizil.tr\/de\/#organization"},"potentialAction":[{"@type":"SearchAction","target":{"@type":"EntryPoint","urlTemplate":"https:\/\/denizcankizil.tr\/de\/?s={search_term_string}"},"query-input":{"@type":"PropertyValueSpecification","valueRequired":true,"valueName":"search_term_string"}}],"inLanguage":"de"},{"@type":"Organization","@id":"https:\/\/denizcankizil.tr\/de\/#organization","name":"Av. Deniz Can K\u0131z\u0131l","url":"https:\/\/denizcankizil.tr\/de\/","logo":{"@type":"ImageObject","inLanguage":"de","@id":"https:\/\/denizcankizil.tr\/de\/#\/schema\/logo\/image\/","url":"https:\/\/denizcankizil.tr\/wp-content\/uploads\/2024\/10\/siyah-logo-svg.svg","contentUrl":"https:\/\/denizcankizil.tr\/wp-content\/uploads\/2024\/10\/siyah-logo-svg.svg","width":1080,"height":1080,"caption":"Av. Deniz Can K\u0131z\u0131l"},"image":{"@id":"https:\/\/denizcankizil.tr\/de\/#\/schema\/logo\/image\/"}}]}},"_links":{"self":[{"href":"https:\/\/denizcankizil.tr\/de\/wp-json\/wp\/v2\/posts\/16561","targetHints":{"allow":["GET"]}}],"collection":[{"href":"https:\/\/denizcankizil.tr\/de\/wp-json\/wp\/v2\/posts"}],"about":[{"href":"https:\/\/denizcankizil.tr\/de\/wp-json\/wp\/v2\/types\/post"}],"replies":[{"embeddable":true,"href":"https:\/\/denizcankizil.tr\/de\/wp-json\/wp\/v2\/comments?post=16561"}],"version-history":[{"count":0,"href":"https:\/\/denizcankizil.tr\/de\/wp-json\/wp\/v2\/posts\/16561\/revisions"}],"wp:attachment":[{"href":"https:\/\/denizcankizil.tr\/de\/wp-json\/wp\/v2\/media?parent=16561"}],"wp:term":[{"taxonomy":"category","embeddable":true,"href":"https:\/\/denizcankizil.tr\/de\/wp-json\/wp\/v2\/categories?post=16561"},{"taxonomy":"post_tag","embeddable":true,"href":"https:\/\/denizcankizil.tr\/de\/wp-json\/wp\/v2\/tags?post=16561"}],"curies":[{"name":"wp","href":"https:\/\/api.w.org\/{rel}","templated":true}]}}