{"id":16543,"date":"2024-11-19T15:41:26","date_gmt":"2024-11-19T12:41:26","guid":{"rendered":"https:\/\/denizcankizil.tr\/uncategorized-tr\/tuvalette-cigliklariyla-polisi-alarma-gecirdi\/"},"modified":"2024-11-19T15:41:26","modified_gmt":"2024-11-19T12:41:26","slug":"tuvalette-cigliklariyla-polisi-alarma-gecirdi","status":"publish","type":"post","link":"https:\/\/denizcankizil.tr\/de\/haberler\/antalya\/tuvalette-cigliklariyla-polisi-alarma-gecirdi\/","title":{"rendered":"Tuvalette \u00e7\u0131\u011fl\u0131klar\u0131yla polisi alarma ge\u00e7irdi"},"content":{"rendered":"<p>Antalya\u2019da park i\u00e7erisinde bulunan tuvaletten gelen kad\u0131n \u00e7\u0131\u011fl\u0131\u011f\u0131 \u00e7evredeki vatanda\u015flara panik ya\u015fatt\u0131. Olay, saat 13.00 s\u0131ralar\u0131nda Muratpa\u015fa il\u00e7esi K\u0131z\u0131lsaray Mahallesi 65 Sokak \u00fczerinde bulunan bir parkta meydana geldi. Park i\u00e7erisinde bulunan tuvaletten bir kad\u0131n\u0131n \u00e7\u0131\u011fl\u0131klar att\u0131\u011f\u0131n\u0131 duyan vatanda\u015flar durumu 112 acil \u00c7a\u011fr\u0131 Merkezi\u2019ne bildirdi. Kad\u0131na yard\u0131m etmek isteyen vatanda\u015flar ilk ba\u015fta kap\u0131s\u0131nda 3 adet asma kilit bulunan kap\u0131n\u0131n kad\u0131n\u0131n \u00fczerine kilitlendi\u011fini d\u00fc\u015f\u00fcnd\u00fc. Ancak kap\u0131n\u0131n i\u00e7eriden s\u00fcrg\u00fclenerek kapat\u0131ld\u0131\u011f\u0131n\u0131 fark etmelerinin \u00fczerine itfaiye ekiplerinden yard\u0131m istendi.<\/p>\n<p>Polis uzun s\u00fcre dil d\u00f6kt\u00fc<br \/>\nVerilen adrese gelen polis ve itfaiye ekipleri, isminin Gizem \u00d6. oldu\u011fu \u00f6\u011frenilen kad\u0131n\u0131n bulundu\u011fu yerden \u00e7\u0131kmas\u0131 i\u00e7in uzun s\u00fcre \u00e7aba sarf etti. Ekipler gelmeden \u00f6nce \u00e7\u0131\u011fl\u0131klar atan kad\u0131na polis herhangi bir problem olup olmad\u0131\u011f\u0131n\u0131 sordu. Bir s\u00fcre sonra bulundu\u011fu yerden \u00e7\u0131kan kad\u0131n ekiplere \u201cProblem yok&#8221; derken, yap\u0131lan sorgusunda herhangi bir olumsuzlukla kar\u015f\u0131la\u015f\u0131lmad\u0131. Polis ekibi taraf\u0131ndan parktan uzakla\u015ft\u0131r\u0131lan Gizem \u00d6., \u201cKolay gelsin, sizleri \u00e7ok seviyorum\u201d diyerek b\u00f6lgeden ayr\u0131ld\u0131.<\/p>\n<p>Kaynak: www.kanalv.com.tr Haber Sitesinden Al\u0131nm\u0131\u015ft\u0131r.<\/p>","protected":false},"excerpt":{"rendered":"<p>Antalya\u2019da park i\u00e7erisinde bulunan tuvaletten gelen kad\u0131n \u00e7\u0131\u011fl\u0131\u011f\u0131 \u00e7evredeki vatanda\u015flara panik ya\u015fatt\u0131. Olay, saat 13.00 s\u0131ralar\u0131nda Muratpa\u015fa il\u00e7esi K\u0131z\u0131lsaray Mahallesi 65 Sokak \u00fczerinde bulunan bir parkta meydana geldi. Park i\u00e7erisinde bulunan tuvaletten bir kad\u0131n\u0131n \u00e7\u0131\u011fl\u0131klar att\u0131\u011f\u0131n\u0131 duyan vatanda\u015flar durumu 112 acil \u00c7a\u011fr\u0131 Merkezi\u2019ne bildirdi. Kad\u0131na yard\u0131m etmek isteyen vatanda\u015flar ilk ba\u015fta kap\u0131s\u0131nda 3 adet asma kilit bulunan kap\u0131n\u0131n kad\u0131n\u0131n \u00fczerine kilitlendi\u011fini d\u00fc\u015f\u00fcnd\u00fc. Ancak kap\u0131n\u0131n i\u00e7eriden s\u00fcrg\u00fclenerek kapat\u0131ld\u0131\u011f\u0131n\u0131 fark etmelerinin \u00fczerine itfaiye ekiplerinden yard\u0131m istendi. Polis uzun s\u00fcre dil d\u00f6kt\u00fc Verilen adrese gelen polis ve itfaiye ekipleri, isminin Gizem \u00d6. oldu\u011fu \u00f6\u011frenilen kad\u0131n\u0131n bulundu\u011fu yerden \u00e7\u0131kmas\u0131 i\u00e7in uzun s\u00fcre \u00e7aba sarf etti. Ekipler gelmeden \u00f6nce \u00e7\u0131\u011fl\u0131klar atan kad\u0131na polis herhangi bir problem olup olmad\u0131\u011f\u0131n\u0131 sordu. Bir s\u00fcre sonra bulundu\u011fu yerden \u00e7\u0131kan kad\u0131n ekiplere \u201cProblem yok&#8221; derken, yap\u0131lan sorgusunda herhangi bir olumsuzlukla kar\u015f\u0131la\u015f\u0131lmad\u0131. Polis ekibi taraf\u0131ndan parktan uzakla\u015ft\u0131r\u0131lan Gizem \u00d6., \u201cKolay gelsin, sizleri \u00e7ok seviyorum\u201d diyerek b\u00f6lgeden ayr\u0131ld\u0131. Kaynak: www.kanalv.com.tr Haber Sitesinden Al\u0131nm\u0131\u015ft\u0131r.<\/p>","protected":false},"author":0,"featured_media":16544,"comment_status":"open","ping_status":"open","sticky":false,"template":"","format":"standard","meta":{"_acf_changed":false,"footnotes":""},"categories":[26,535],"tags":[],"class_list":["post-16543","post","type-post","status-publish","format-standard","has-post-thumbnail","hentry","category-antalya","category-uncategorized-tr"],"acf":[],"yoast_head":"<!-- This site is optimized with the Yoast SEO Premium plugin v26.6 (Yoast SEO v27.1.1) - https:\/\/yoast.com\/product\/yoast-seo-premium-wordpress\/ -->\n<title>Tuvalette \u00e7\u0131\u011fl\u0131klar\u0131yla polisi alarma ge\u00e7irdi - Av. Deniz Can K\u0131z\u0131l<\/title>\n<meta name=\"robots\" content=\"index, follow, max-snippet:-1, max-image-preview:large, max-video-preview:-1\" \/>\n<link rel=\"canonical\" href=\"https:\/\/denizcankizil.tr\/de\/haberler\/antalya\/tuvalette-cigliklariyla-polisi-alarma-gecirdi\/\" \/>\n<meta property=\"og:locale\" content=\"de_DE\" \/>\n<meta property=\"og:type\" content=\"article\" \/>\n<meta property=\"og:title\" content=\"Tuvalette \u00e7\u0131\u011fl\u0131klar\u0131yla polisi alarma ge\u00e7irdi\" \/>\n<meta property=\"og:description\" content=\"Antalya\u2019da park i\u00e7erisinde bulunan tuvaletten gelen kad\u0131n \u00e7\u0131\u011fl\u0131\u011f\u0131 \u00e7evredeki vatanda\u015flara panik ya\u015fatt\u0131. Olay, saat 13.00 s\u0131ralar\u0131nda Muratpa\u015fa il\u00e7esi K\u0131z\u0131lsaray Mahallesi 65 Sokak \u00fczerinde bulunan bir parkta meydana geldi. Park i\u00e7erisinde bulunan tuvaletten bir kad\u0131n\u0131n \u00e7\u0131\u011fl\u0131klar att\u0131\u011f\u0131n\u0131 duyan vatanda\u015flar durumu 112 acil \u00c7a\u011fr\u0131 Merkezi\u2019ne bildirdi. Kad\u0131na yard\u0131m etmek isteyen vatanda\u015flar ilk ba\u015fta kap\u0131s\u0131nda 3 adet asma kilit bulunan kap\u0131n\u0131n kad\u0131n\u0131n \u00fczerine kilitlendi\u011fini d\u00fc\u015f\u00fcnd\u00fc. Ancak kap\u0131n\u0131n i\u00e7eriden s\u00fcrg\u00fclenerek kapat\u0131ld\u0131\u011f\u0131n\u0131 fark etmelerinin \u00fczerine itfaiye ekiplerinden yard\u0131m istendi. Polis uzun s\u00fcre dil d\u00f6kt\u00fc Verilen adrese gelen polis ve itfaiye ekipleri, isminin Gizem \u00d6. oldu\u011fu \u00f6\u011frenilen kad\u0131n\u0131n bulundu\u011fu yerden \u00e7\u0131kmas\u0131 i\u00e7in uzun s\u00fcre \u00e7aba sarf etti. Ekipler gelmeden \u00f6nce \u00e7\u0131\u011fl\u0131klar atan kad\u0131na polis herhangi bir problem olup olmad\u0131\u011f\u0131n\u0131 sordu. Bir s\u00fcre sonra bulundu\u011fu yerden \u00e7\u0131kan kad\u0131n ekiplere \u201cProblem yok&#8221; derken, yap\u0131lan sorgusunda herhangi bir olumsuzlukla kar\u015f\u0131la\u015f\u0131lmad\u0131. Polis ekibi taraf\u0131ndan parktan uzakla\u015ft\u0131r\u0131lan Gizem \u00d6., \u201cKolay gelsin, sizleri \u00e7ok seviyorum\u201d diyerek b\u00f6lgeden ayr\u0131ld\u0131. Kaynak: www.kanalv.com.tr Haber Sitesinden Al\u0131nm\u0131\u015ft\u0131r.\" \/>\n<meta property=\"og:url\" content=\"https:\/\/denizcankizil.tr\/de\/haberler\/antalya\/tuvalette-cigliklariyla-polisi-alarma-gecirdi\/\" \/>\n<meta property=\"og:site_name\" content=\"Av. Deniz Can K\u0131z\u0131l\" \/>\n<meta property=\"article:published_time\" content=\"2024-11-19T12:41:26+00:00\" \/>\n<meta property=\"og:image\" content=\"https:\/\/denizcankizil.tr\/wp-content\/uploads\/2024\/11\/3161-01-FJ6LLV.jpeg\" \/>\n\t<meta property=\"og:image:width\" content=\"1280\" \/>\n\t<meta property=\"og:image:height\" content=\"720\" \/>\n\t<meta property=\"og:image:type\" content=\"image\/jpeg\" \/>\n<meta name=\"twitter:card\" content=\"summary_large_image\" \/>\n<meta name=\"twitter:label1\" content=\"Gesch\u00e4tzte Lesezeit\" \/>\n\t<meta name=\"twitter:data1\" content=\"1\u00a0Minute\" \/>\n<script type=\"application\/ld+json\" class=\"yoast-schema-graph\">{\"@context\":\"https:\/\/schema.org\",\"@graph\":[{\"@type\":\"Article\",\"@id\":\"https:\/\/denizcankizil.tr\/de\/haberler\/antalya\/tuvalette-cigliklariyla-polisi-alarma-gecirdi\/#article\",\"isPartOf\":{\"@id\":\"https:\/\/denizcankizil.tr\/de\/haberler\/antalya\/tuvalette-cigliklariyla-polisi-alarma-gecirdi\/\"},\"author\":{\"name\":\"\",\"@id\":\"\"},\"headline\":\"Tuvalette \u00e7\u0131\u011fl\u0131klar\u0131yla polisi alarma ge\u00e7irdi\",\"datePublished\":\"2024-11-19T12:41:26+00:00\",\"mainEntityOfPage\":{\"@id\":\"https:\/\/denizcankizil.tr\/de\/haberler\/antalya\/tuvalette-cigliklariyla-polisi-alarma-gecirdi\/\"},\"wordCount\":221,\"commentCount\":0,\"publisher\":{\"@id\":\"https:\/\/denizcankizil.tr\/#organization\"},\"image\":{\"@id\":\"https:\/\/denizcankizil.tr\/de\/haberler\/antalya\/tuvalette-cigliklariyla-polisi-alarma-gecirdi\/#primaryimage\"},\"thumbnailUrl\":\"https:\/\/denizcankizil.tr\/wp-content\/uploads\/2024\/11\/3161-01-FJ6LLV.jpeg\",\"articleSection\":[\"Antalya\",\"Uncategorized\"],\"inLanguage\":\"de\",\"potentialAction\":[{\"@type\":\"CommentAction\",\"name\":\"Comment\",\"target\":[\"https:\/\/denizcankizil.tr\/de\/haberler\/antalya\/tuvalette-cigliklariyla-polisi-alarma-gecirdi\/#respond\"]}]},{\"@type\":\"WebPage\",\"@id\":\"https:\/\/denizcankizil.tr\/de\/haberler\/antalya\/tuvalette-cigliklariyla-polisi-alarma-gecirdi\/\",\"url\":\"https:\/\/denizcankizil.tr\/de\/haberler\/antalya\/tuvalette-cigliklariyla-polisi-alarma-gecirdi\/\",\"name\":\"Tuvalette \u00e7\u0131\u011fl\u0131klar\u0131yla polisi alarma ge\u00e7irdi - Av. Deniz Can K\u0131z\u0131l\",\"isPartOf\":{\"@id\":\"https:\/\/denizcankizil.tr\/#website\"},\"primaryImageOfPage\":{\"@id\":\"https:\/\/denizcankizil.tr\/de\/haberler\/antalya\/tuvalette-cigliklariyla-polisi-alarma-gecirdi\/#primaryimage\"},\"image\":{\"@id\":\"https:\/\/denizcankizil.tr\/de\/haberler\/antalya\/tuvalette-cigliklariyla-polisi-alarma-gecirdi\/#primaryimage\"},\"thumbnailUrl\":\"https:\/\/denizcankizil.tr\/wp-content\/uploads\/2024\/11\/3161-01-FJ6LLV.jpeg\",\"datePublished\":\"2024-11-19T12:41:26+00:00\",\"breadcrumb\":{\"@id\":\"https:\/\/denizcankizil.tr\/de\/haberler\/antalya\/tuvalette-cigliklariyla-polisi-alarma-gecirdi\/#breadcrumb\"},\"inLanguage\":\"de\",\"potentialAction\":[{\"@type\":\"ReadAction\",\"target\":[\"https:\/\/denizcankizil.tr\/de\/haberler\/antalya\/tuvalette-cigliklariyla-polisi-alarma-gecirdi\/\"]}]},{\"@type\":\"ImageObject\",\"inLanguage\":\"de\",\"@id\":\"https:\/\/denizcankizil.tr\/de\/haberler\/antalya\/tuvalette-cigliklariyla-polisi-alarma-gecirdi\/#primaryimage\",\"url\":\"https:\/\/denizcankizil.tr\/wp-content\/uploads\/2024\/11\/3161-01-FJ6LLV.jpeg\",\"contentUrl\":\"https:\/\/denizcankizil.tr\/wp-content\/uploads\/2024\/11\/3161-01-FJ6LLV.jpeg\",\"width\":1280,\"height\":720},{\"@type\":\"BreadcrumbList\",\"@id\":\"https:\/\/denizcankizil.tr\/de\/haberler\/antalya\/tuvalette-cigliklariyla-polisi-alarma-gecirdi\/#breadcrumb\",\"itemListElement\":[{\"@type\":\"ListItem\",\"position\":1,\"name\":\"Home\",\"item\":\"https:\/\/denizcankizil.tr\/de\/\"},{\"@type\":\"ListItem\",\"position\":2,\"name\":\"Tuvalette \u00e7\u0131\u011fl\u0131klar\u0131yla polisi alarma ge\u00e7irdi\"}]},{\"@type\":\"WebSite\",\"@id\":\"https:\/\/denizcankizil.tr\/#website\",\"url\":\"https:\/\/denizcankizil.tr\/\",\"name\":\"Av. Deniz Can K\u0131z\u0131l\",\"description\":\"Avukat Deniz Can K\u0131z\u0131l Antalya Barosu\",\"publisher\":{\"@id\":\"https:\/\/denizcankizil.tr\/#organization\"},\"potentialAction\":[{\"@type\":\"SearchAction\",\"target\":{\"@type\":\"EntryPoint\",\"urlTemplate\":\"https:\/\/denizcankizil.tr\/?s={search_term_string}\"},\"query-input\":{\"@type\":\"PropertyValueSpecification\",\"valueRequired\":true,\"valueName\":\"search_term_string\"}}],\"inLanguage\":\"de\"},{\"@type\":\"Organization\",\"@id\":\"https:\/\/denizcankizil.tr\/#organization\",\"name\":\"Av. Deniz Can K\u0131z\u0131l\",\"url\":\"https:\/\/denizcankizil.tr\/\",\"logo\":{\"@type\":\"ImageObject\",\"inLanguage\":\"de\",\"@id\":\"https:\/\/denizcankizil.tr\/#\/schema\/logo\/image\/\",\"url\":\"https:\/\/denizcankizil.tr\/wp-content\/uploads\/2024\/10\/siyah-logo-svg.svg\",\"contentUrl\":\"https:\/\/denizcankizil.tr\/wp-content\/uploads\/2024\/10\/siyah-logo-svg.svg\",\"width\":1080,\"height\":1080,\"caption\":\"Av. Deniz Can K\u0131z\u0131l\"},\"image\":{\"@id\":\"https:\/\/denizcankizil.tr\/#\/schema\/logo\/image\/\"}}]}<\/script>\n<!-- \/ Yoast SEO Premium plugin. -->","yoast_head_json":{"title":"Tuvalette \u00e7\u0131\u011fl\u0131klar\u0131yla polisi alarma ge\u00e7irdi - Av. Deniz Can K\u0131z\u0131l","robots":{"index":"index","follow":"follow","max-snippet":"max-snippet:-1","max-image-preview":"max-image-preview:large","max-video-preview":"max-video-preview:-1"},"canonical":"https:\/\/denizcankizil.tr\/de\/haberler\/antalya\/tuvalette-cigliklariyla-polisi-alarma-gecirdi\/","og_locale":"de_DE","og_type":"article","og_title":"Tuvalette \u00e7\u0131\u011fl\u0131klar\u0131yla polisi alarma ge\u00e7irdi","og_description":"Antalya\u2019da park i\u00e7erisinde bulunan tuvaletten gelen kad\u0131n \u00e7\u0131\u011fl\u0131\u011f\u0131 \u00e7evredeki vatanda\u015flara panik ya\u015fatt\u0131. Olay, saat 13.00 s\u0131ralar\u0131nda Muratpa\u015fa il\u00e7esi K\u0131z\u0131lsaray Mahallesi 65 Sokak \u00fczerinde bulunan bir parkta meydana geldi. Park i\u00e7erisinde bulunan tuvaletten bir kad\u0131n\u0131n \u00e7\u0131\u011fl\u0131klar att\u0131\u011f\u0131n\u0131 duyan vatanda\u015flar durumu 112 acil \u00c7a\u011fr\u0131 Merkezi\u2019ne bildirdi. Kad\u0131na yard\u0131m etmek isteyen vatanda\u015flar ilk ba\u015fta kap\u0131s\u0131nda 3 adet asma kilit bulunan kap\u0131n\u0131n kad\u0131n\u0131n \u00fczerine kilitlendi\u011fini d\u00fc\u015f\u00fcnd\u00fc. Ancak kap\u0131n\u0131n i\u00e7eriden s\u00fcrg\u00fclenerek kapat\u0131ld\u0131\u011f\u0131n\u0131 fark etmelerinin \u00fczerine itfaiye ekiplerinden yard\u0131m istendi. Polis uzun s\u00fcre dil d\u00f6kt\u00fc Verilen adrese gelen polis ve itfaiye ekipleri, isminin Gizem \u00d6. oldu\u011fu \u00f6\u011frenilen kad\u0131n\u0131n bulundu\u011fu yerden \u00e7\u0131kmas\u0131 i\u00e7in uzun s\u00fcre \u00e7aba sarf etti. Ekipler gelmeden \u00f6nce \u00e7\u0131\u011fl\u0131klar atan kad\u0131na polis herhangi bir problem olup olmad\u0131\u011f\u0131n\u0131 sordu. Bir s\u00fcre sonra bulundu\u011fu yerden \u00e7\u0131kan kad\u0131n ekiplere \u201cProblem yok&#8221; derken, yap\u0131lan sorgusunda herhangi bir olumsuzlukla kar\u015f\u0131la\u015f\u0131lmad\u0131. Polis ekibi taraf\u0131ndan parktan uzakla\u015ft\u0131r\u0131lan Gizem \u00d6., \u201cKolay gelsin, sizleri \u00e7ok seviyorum\u201d diyerek b\u00f6lgeden ayr\u0131ld\u0131. Kaynak: www.kanalv.com.tr Haber Sitesinden Al\u0131nm\u0131\u015ft\u0131r.","og_url":"https:\/\/denizcankizil.tr\/de\/haberler\/antalya\/tuvalette-cigliklariyla-polisi-alarma-gecirdi\/","og_site_name":"Av. Deniz Can K\u0131z\u0131l","article_published_time":"2024-11-19T12:41:26+00:00","og_image":[{"width":1280,"height":720,"url":"https:\/\/denizcankizil.tr\/wp-content\/uploads\/2024\/11\/3161-01-FJ6LLV.jpeg","type":"image\/jpeg"}],"twitter_card":"summary_large_image","twitter_misc":{"Gesch\u00e4tzte Lesezeit":"1\u00a0Minute"},"schema":{"@context":"https:\/\/schema.org","@graph":[{"@type":"Article","@id":"https:\/\/denizcankizil.tr\/de\/haberler\/antalya\/tuvalette-cigliklariyla-polisi-alarma-gecirdi\/#article","isPartOf":{"@id":"https:\/\/denizcankizil.tr\/de\/haberler\/antalya\/tuvalette-cigliklariyla-polisi-alarma-gecirdi\/"},"author":{"name":"","@id":""},"headline":"Tuvalette \u00e7\u0131\u011fl\u0131klar\u0131yla polisi alarma ge\u00e7irdi","datePublished":"2024-11-19T12:41:26+00:00","mainEntityOfPage":{"@id":"https:\/\/denizcankizil.tr\/de\/haberler\/antalya\/tuvalette-cigliklariyla-polisi-alarma-gecirdi\/"},"wordCount":221,"commentCount":0,"publisher":{"@id":"https:\/\/denizcankizil.tr\/#organization"},"image":{"@id":"https:\/\/denizcankizil.tr\/de\/haberler\/antalya\/tuvalette-cigliklariyla-polisi-alarma-gecirdi\/#primaryimage"},"thumbnailUrl":"https:\/\/denizcankizil.tr\/wp-content\/uploads\/2024\/11\/3161-01-FJ6LLV.jpeg","articleSection":["Antalya","Uncategorized"],"inLanguage":"de","potentialAction":[{"@type":"CommentAction","name":"Comment","target":["https:\/\/denizcankizil.tr\/de\/haberler\/antalya\/tuvalette-cigliklariyla-polisi-alarma-gecirdi\/#respond"]}]},{"@type":"WebPage","@id":"https:\/\/denizcankizil.tr\/de\/haberler\/antalya\/tuvalette-cigliklariyla-polisi-alarma-gecirdi\/","url":"https:\/\/denizcankizil.tr\/de\/haberler\/antalya\/tuvalette-cigliklariyla-polisi-alarma-gecirdi\/","name":"Tuvalette \u00e7\u0131\u011fl\u0131klar\u0131yla polisi alarma ge\u00e7irdi - Av. Deniz Can K\u0131z\u0131l","isPartOf":{"@id":"https:\/\/denizcankizil.tr\/#website"},"primaryImageOfPage":{"@id":"https:\/\/denizcankizil.tr\/de\/haberler\/antalya\/tuvalette-cigliklariyla-polisi-alarma-gecirdi\/#primaryimage"},"image":{"@id":"https:\/\/denizcankizil.tr\/de\/haberler\/antalya\/tuvalette-cigliklariyla-polisi-alarma-gecirdi\/#primaryimage"},"thumbnailUrl":"https:\/\/denizcankizil.tr\/wp-content\/uploads\/2024\/11\/3161-01-FJ6LLV.jpeg","datePublished":"2024-11-19T12:41:26+00:00","breadcrumb":{"@id":"https:\/\/denizcankizil.tr\/de\/haberler\/antalya\/tuvalette-cigliklariyla-polisi-alarma-gecirdi\/#breadcrumb"},"inLanguage":"de","potentialAction":[{"@type":"ReadAction","target":["https:\/\/denizcankizil.tr\/de\/haberler\/antalya\/tuvalette-cigliklariyla-polisi-alarma-gecirdi\/"]}]},{"@type":"ImageObject","inLanguage":"de","@id":"https:\/\/denizcankizil.tr\/de\/haberler\/antalya\/tuvalette-cigliklariyla-polisi-alarma-gecirdi\/#primaryimage","url":"https:\/\/denizcankizil.tr\/wp-content\/uploads\/2024\/11\/3161-01-FJ6LLV.jpeg","contentUrl":"https:\/\/denizcankizil.tr\/wp-content\/uploads\/2024\/11\/3161-01-FJ6LLV.jpeg","width":1280,"height":720},{"@type":"BreadcrumbList","@id":"https:\/\/denizcankizil.tr\/de\/haberler\/antalya\/tuvalette-cigliklariyla-polisi-alarma-gecirdi\/#breadcrumb","itemListElement":[{"@type":"ListItem","position":1,"name":"Home","item":"https:\/\/denizcankizil.tr\/de\/"},{"@type":"ListItem","position":2,"name":"Tuvalette \u00e7\u0131\u011fl\u0131klar\u0131yla polisi alarma ge\u00e7irdi"}]},{"@type":"WebSite","@id":"https:\/\/denizcankizil.tr\/#website","url":"https:\/\/denizcankizil.tr\/","name":"Av. Deniz Can K\u0131z\u0131l","description":"Avukat Deniz Can K\u0131z\u0131l Antalya Barosu","publisher":{"@id":"https:\/\/denizcankizil.tr\/#organization"},"potentialAction":[{"@type":"SearchAction","target":{"@type":"EntryPoint","urlTemplate":"https:\/\/denizcankizil.tr\/?s={search_term_string}"},"query-input":{"@type":"PropertyValueSpecification","valueRequired":true,"valueName":"search_term_string"}}],"inLanguage":"de"},{"@type":"Organization","@id":"https:\/\/denizcankizil.tr\/#organization","name":"Av. Deniz Can K\u0131z\u0131l","url":"https:\/\/denizcankizil.tr\/","logo":{"@type":"ImageObject","inLanguage":"de","@id":"https:\/\/denizcankizil.tr\/#\/schema\/logo\/image\/","url":"https:\/\/denizcankizil.tr\/wp-content\/uploads\/2024\/10\/siyah-logo-svg.svg","contentUrl":"https:\/\/denizcankizil.tr\/wp-content\/uploads\/2024\/10\/siyah-logo-svg.svg","width":1080,"height":1080,"caption":"Av. Deniz Can K\u0131z\u0131l"},"image":{"@id":"https:\/\/denizcankizil.tr\/#\/schema\/logo\/image\/"}}]}},"_links":{"self":[{"href":"https:\/\/denizcankizil.tr\/de\/wp-json\/wp\/v2\/posts\/16543","targetHints":{"allow":["GET"]}}],"collection":[{"href":"https:\/\/denizcankizil.tr\/de\/wp-json\/wp\/v2\/posts"}],"about":[{"href":"https:\/\/denizcankizil.tr\/de\/wp-json\/wp\/v2\/types\/post"}],"replies":[{"embeddable":true,"href":"https:\/\/denizcankizil.tr\/de\/wp-json\/wp\/v2\/comments?post=16543"}],"version-history":[{"count":0,"href":"https:\/\/denizcankizil.tr\/de\/wp-json\/wp\/v2\/posts\/16543\/revisions"}],"wp:featuredmedia":[{"embeddable":true,"href":"https:\/\/denizcankizil.tr\/de\/wp-json\/wp\/v2\/media\/16544"}],"wp:attachment":[{"href":"https:\/\/denizcankizil.tr\/de\/wp-json\/wp\/v2\/media?parent=16543"}],"wp:term":[{"taxonomy":"category","embeddable":true,"href":"https:\/\/denizcankizil.tr\/de\/wp-json\/wp\/v2\/categories?post=16543"},{"taxonomy":"post_tag","embeddable":true,"href":"https:\/\/denizcankizil.tr\/de\/wp-json\/wp\/v2\/tags?post=16543"}],"curies":[{"name":"wp","href":"https:\/\/api.w.org\/{rel}","templated":true}]}}