{"id":16425,"date":"2024-11-18T17:41:41","date_gmt":"2024-11-18T14:41:41","guid":{"rendered":"https:\/\/denizcankizil.tr\/uncategorized-tr\/lara-sahili-ucretli-mi-olacak-buyuksehir-meclisinde-gerilim\/"},"modified":"2024-11-18T17:41:41","modified_gmt":"2024-11-18T14:41:41","slug":"lara-sahili-ucretli-mi-olacak-buyuksehir-meclisinde-gerilim","status":"publish","type":"post","link":"https:\/\/denizcankizil.tr\/de\/haberler\/gundem\/lara-sahili-ucretli-mi-olacak-buyuksehir-meclisinde-gerilim\/","title":{"rendered":"Lara Sahili \u00fccretli mi olacak? B\u00fcy\u00fck\u015fehir Meclisinde gerilim&#8230;"},"content":{"rendered":"<p>Antalya B\u00fcy\u00fck\u015fehir Belediyesi Kas\u0131m Ay\u0131 Ola\u011fan Meclisi\u2019nin devam toplant\u0131s\u0131 ger\u00e7ekle\u015ftirildi. 55 g\u00fcndem maddesinin g\u00f6r\u00fc\u015f\u00fcld\u00fc\u011f\u00fc toplant\u0131da Antalya B\u00fcy\u00fck\u015fehir Belediyesi\u2019nin 2025 Performans Raporu ve 2024 Taslak B\u00fct\u00e7esi kabul edildi. Ba\u015fkan B\u00f6cek, B\u00fcy\u00fck\u015fehir Belediyesi\u2019nin 2024 y\u0131l\u0131 b\u00fct\u00e7esinin 39 milyar olarak belirlendi\u011fini s\u00f6yledi. Ba\u015fkan B\u00f6cek, Antalya B\u00fcy\u00fck\u015fehir Belediyesi 2024 Mali Y\u0131l\u0131 B\u00fct\u00e7esinde 39 milyar TL gider, 33 milyar TL gelir tahmin edildi\u011fini belirterek, gelir gider aras\u0131ndaki fark\u0131n 6 milyar TL bor\u00e7lanma yap\u0131larak denklenece\u011fini s\u00f6yledi. \u0130l\u00e7e belediyeler b\u00fct\u00e7esi ise 103 milyar 800 milyon TL olarak belirlendi. Antalya B\u00fcy\u00fck\u015fehir Belediyesi ve Meclis Ba\u015fkan\u0131 Muhittin B\u00f6cek, b\u00fct\u00e7enin haz\u0131rlanmas\u0131nda gece g\u00fcnd\u00fcz demeden \u00e7al\u0131\u015fan b\u00fct\u00e7e komisyonu ba\u015fkan\u0131 ba\u015fta olmak \u00fczere eme\u011fi ge\u00e7enlere te\u015fekk\u00fcr etti.\u00a0<\/p>\n<p>BASININ B\u00dcT\u00c7ES\u0130 D\u0130KKAT \u00c7EKT\u0130<\/p>\n<p>Antalya K\u00f6rfez Gazetesi Muhabiri Ertu\u011frul G\u00fcn&#8217;\u00fcn haberine g\u00f6re b\u00fct\u00e7e i\u00e7erisinde Bas\u0131n ve Halkla \u0130li\u015fkiler Dairesi\u2019ne ayr\u0131lan 13 milyon 990 bin TL\u2019lik b\u00fct\u00e7enin azl\u0131\u011f\u0131 dikkat \u00e7ekerken yaz\u0131l\u0131 ve g\u00f6rsel bas\u0131na verilecek destek mal ve hizmet al\u0131m\u0131 i\u00e7erisindeki 11 milyon 535 bin TL\u2019lik tutar\u0131n i\u00e7erisinde yer al\u0131yor. 11 milyon 535 bin TL\u2019lik b\u00fct\u00e7enin i\u00e7erisinde proje tan\u0131t\u0131m\u0131 ve \u00f6nemli g\u00fcnlerde bas\u0131na verilecek ilan ve reklam tutarlar\u0131na ayr\u0131lan azl\u0131k dikkat \u00e7ekti. Tasarruf Tedbirleri ile yerel bas\u0131na verilen destek tamamen kesilirken, 2025 y\u0131l\u0131 itibari ile haz\u0131rlanan b\u00fct\u00e7elerde bas\u0131na destek neredeyse kesilirken artan enflasyon ile birlikte B\u00fcy\u00fck\u015fehir Belediyesi\u2019nin b\u00fct\u00e7esi y\u00fczde 100\u2019den fazla artarken bas\u0131na ayr\u0131lan b\u00fct\u00e7e y\u00fczde 10 artt\u0131.\u00a0<\/p>\n<p>\u0130\u015e\u00c7\u0130 TARTI\u015eMASI<\/p>\n<p>B\u00fct\u00e7e g\u00f6r\u00fc\u015fmeleri s\u0131ras\u0131nda zaman zaman AK Parti Grup S\u00f6zc\u00fcs\u00fc Bahattin Bayraktar ve Ba\u015fkan Muhitin B\u00f6cek aras\u0131nda tart\u0131\u015fma ya\u015fand\u0131. Bahattin Bayraktar, b\u00fct\u00e7ede bahsi ge\u00e7en personel say\u0131s\u0131n\u0131n azl\u0131\u011f\u0131ndan \u015fik\u00e2yet ederek, ilerleyen g\u00fcnlerde personelin \u00e7\u0131kar\u0131l\u0131p \u00e7\u0131kar\u0131lmayaca\u011f\u0131n\u0131 sordu. Bu s\u00f6zlere cevap veren Ba\u015fkan B\u00f6cek, 2019 y\u0131l\u0131ndan bu yana disiplin su\u00e7u i\u015fleyen 28 ki\u015finin haricinde herhangi bir i\u015f\u00e7i \u00e7\u0131kar\u0131m\u0131n\u0131n olmad\u0131\u011f\u0131n\u0131 ifade ederek, baz\u0131 \u00e7al\u0131\u015fanlar\u0131n yerlerinin de\u011fi\u015ftirildi\u011fini s\u00f6yledi.\u00a0<\/p>\n<p>ATAT\u00dcRK B\u0130Z\u0130 ALKI\u015eLARDI<\/p>\n<p>Bahattin Bayraktar konu\u015fmas\u0131nda, \u201c\u00d6n\u00fcm\u00fczdeki d\u00f6nem \u00e7ok ciddi bir i\u015f\u00e7i \u00e7\u0131k\u0131m\u0131 olacak. Personel \u00e7\u0131karma konusunda sizin elinize su d\u00f6kemeyiz. \u00c7\u0131kanlar da durumun fark\u0131nda. Biz mi yanl\u0131\u015f yorumlad\u0131k? AK Parti 2002 y\u0131l\u0131nda bu \u00fclkeyi ald\u0131\u011f\u0131nda \u00fclke u\u00e7urumdan yere d\u00fc\u015f\u00fcyordu. Gazi Mustafa Kemal hayatta olsa bizi alk\u0131\u015flard\u0131.\u201d dedi.<\/p>\n<p>SADECE 28 K\u0130\u015e\u0130 \u00c7IKARDIK<\/p>\n<p>Bu s\u00f6zlere cevap veren B\u00f6cek, \u201cSiz \u00e7\u0131kard\u0131n\u0131z biz \u00e7\u0131karmad\u0131k. 7 binin 3 bin 500\u2019\u00fcn\u00fc \u00e7\u0131karm\u0131\u015ft\u0131n\u0131z. 2019\u2019dan bu yana herkes maa\u015f\u0131n\u0131 ald\u0131. Disiplin su\u00e7u i\u015fleyen sadece 28 ki\u015fi \u00e7\u0131kar\u0131ld\u0131. Sizin meclis \u00fcyeniz dahi bizimle \u00e7al\u0131\u015ft\u0131. Bunlarla ilgili sadece yer de\u011fi\u015fikli\u011fi oldu. Siyasi davran\u0131lmamas\u0131n\u0131 istedim. 2019 y\u0131l\u0131nda g\u00f6reve geldi\u011fimizde herkes maa\u015f\u0131n\u0131 ald\u0131, 6 y\u0131lda kimsenin alaca\u011f\u0131 yok. Siyasi davran\u0131lmas\u0131n\u0131 istemedik.\u201d dedi. Meclise bilgi veren b\u00fct\u00e7e uzmanlar\u0131 ise y\u00f6netmelik gere\u011fi sadece memurlar\u0131n say\u0131lar\u0131n\u0131n b\u00fct\u00e7eye yans\u0131t\u0131ld\u0131\u011f\u0131n\u0131 savundu.\u00a0<\/p>\n<p>LARA SAH\u0130L K\u0130RALANIYOR<\/p>\n<p>Meclisin \u00f6nemli g\u00fcndem maddelerinden birisi de Antalya\u2019da yerel se\u00e7im \u00f6ncesinde g\u00fcndeme gelen ancak tepkiler \u00fczerine geri \u00e7ekilen Lara sahilinin ihaleyle kiralanmas\u0131 yeniden B\u00fcy\u00fck\u015fehir Belediye Meclisi\u2019nin g\u00fcndemine geldi. Meclis \u00fcyelerinin ne y\u00f6nde oy kullanaca\u011f\u0131 merak edilen g\u00fcndem maddesi \u00f6nceki toplant\u0131da komisyona sevk edilmi\u015fti. Antalya B\u00fcy\u00fck\u015fehir Belediyesi Lara sahilindeki yakla\u015f\u0131k 178 bin metrekarelik araziyi 30 y\u0131ll\u0131\u011f\u0131na kiraya vermek i\u00e7in ihaleye \u00e7\u0131kmas\u0131 y\u00f6n\u00fcndeki 40 ve 41\u2019inci g\u00fcndem maddeleri oy \u00e7oklu\u011fu ile kabul edildi. G\u00fcndem maddesine AK Parti ve MHP\u2019li meclis \u00fcyeleri ret y\u00f6n\u00fcnde oy kulland\u0131.\u00a0<\/p>\n<p>BAYRAKTAR SORDU B\u00d6CEK CEVAP VERD\u0130<\/p>\n<p>Bahattin Bayraktar meclisin proje konusunda bilgilendirilmesini istedi. Meclise k\u0131sa bir bilgi veren Ba\u015fkan Muhittin B\u00f6cek, b\u00f6lgenin Konyaalt\u0131\u2019da yap\u0131lan gibi bir kiralama i\u015fleminin yap\u0131lmayaca\u011f\u0131n\u0131 s\u00f6yledi. Projenin belediyenin b\u00fct\u00e7esi ile yap\u0131l\u0131p daha sonra birilerine i\u015flet denilmeyece\u011fini ifade eden B\u00f6cek, \u201cDaha \u00f6nceki projede i\u00e7erisinde 250 yatakl\u0131 bir otel vard\u0131. Bu alan g\u00fcndemde yok. Belediyemize ait yerde yap i\u015flet devret modeli uygulanacak.\u201d s\u00f6zlerine yer verdi.\u00a0<\/p>\n<p>156 D\u00d6N\u00dcM ALAN<\/p>\n<p>Genel Sekreter Yard\u0131mc\u0131s\u0131 Serkan Temu\u00e7in ise, \u201c156 d\u00f6n\u00fcml\u00fck bir aland\u0131r, milli emla\u011fa ait arazilerle ilgili bize yaz\u0131 geldi. Biz bu alanlar\u0131 \u00e7\u0131kard\u0131k. G\u00fcn\u00fcbirlik tesis alan\u0131d\u0131r. \u0130mar durumuna g\u00f6re proje haz\u0131rlanacak. Daha \u00f6nce mahkemelik olan otel alan\u0131 projenin d\u0131\u015f\u0131nda tutuldu\u201d dedi<\/p>\n<p>\u200bAntalya B\u00fcy\u00fck\u015fehir Belediyesi\u2019nin ge\u00e7en y\u0131l 16 milyar olarak belirlenen b\u00fct\u00e7esi bu y\u0131l y\u00fczde 143 artarak 39 milyar lira olarak B\u00fcy\u00fck\u015fehir Meclisi\u2019nde oy birli\u011fi ile kabul edildi. Antalya B\u00fcy\u00fck\u015fehir Belediyesi\u2019nin Lara sahilindeki yakla\u015f\u0131k 178 bin metrekarelik araziyi 30 y\u0131ll\u0131\u011f\u0131na kiraya vermek i\u00e7in ihaleye \u00e7\u0131kmas\u0131 y\u00f6n\u00fcndeki g\u00fcndem maddeleri AK Parti ve MHP\u2019li meclis \u00fcyelerinin ret y\u00f6n\u00fcnde oy kullanmas\u0131na ra\u011fmen oy \u00e7oklu\u011fu ile kabul edildi\u00a0<\/p>\n<p>\u200bHaberin Al\u0131nt\u0131land\u0131\u011f\u0131 Kaynak: www.antalyakorfez.com<\/p>","protected":false},"excerpt":{"rendered":"<p>Antalya B\u00fcy\u00fck\u015fehir Belediyesi Kas\u0131m Ay\u0131 Ola\u011fan Meclisi\u2019nin devam toplant\u0131s\u0131 ger\u00e7ekle\u015ftirildi. 55 g\u00fcndem maddesinin g\u00f6r\u00fc\u015f\u00fcld\u00fc\u011f\u00fc toplant\u0131da Antalya B\u00fcy\u00fck\u015fehir Belediyesi\u2019nin 2025 Performans Raporu ve 2024 Taslak B\u00fct\u00e7esi kabul edildi. Ba\u015fkan B\u00f6cek, B\u00fcy\u00fck\u015fehir Belediyesi\u2019nin 2024 y\u0131l\u0131 b\u00fct\u00e7esinin 39 milyar olarak belirlendi\u011fini s\u00f6yledi. Ba\u015fkan B\u00f6cek, Antalya B\u00fcy\u00fck\u015fehir Belediyesi 2024 Mali Y\u0131l\u0131 B\u00fct\u00e7esinde 39 milyar TL gider, 33 milyar TL gelir tahmin edildi\u011fini belirterek, gelir gider aras\u0131ndaki fark\u0131n 6 milyar TL bor\u00e7lanma yap\u0131larak denklenece\u011fini s\u00f6yledi. \u0130l\u00e7e belediyeler b\u00fct\u00e7esi ise 103 milyar 800 milyon TL olarak belirlendi. Antalya B\u00fcy\u00fck\u015fehir Belediyesi ve Meclis Ba\u015fkan\u0131 Muhittin B\u00f6cek, b\u00fct\u00e7enin haz\u0131rlanmas\u0131nda gece g\u00fcnd\u00fcz demeden \u00e7al\u0131\u015fan b\u00fct\u00e7e komisyonu ba\u015fkan\u0131 ba\u015fta olmak \u00fczere eme\u011fi ge\u00e7enlere te\u015fekk\u00fcr etti.\u00a0 BASININ B\u00dcT\u00c7ES\u0130 D\u0130KKAT \u00c7EKT\u0130 Antalya K\u00f6rfez Gazetesi Muhabiri Ertu\u011frul G\u00fcn&#8217;\u00fcn haberine g\u00f6re b\u00fct\u00e7e i\u00e7erisinde Bas\u0131n ve Halkla \u0130li\u015fkiler Dairesi\u2019ne ayr\u0131lan 13 milyon 990 bin TL\u2019lik b\u00fct\u00e7enin azl\u0131\u011f\u0131 dikkat \u00e7ekerken yaz\u0131l\u0131 ve g\u00f6rsel bas\u0131na verilecek destek mal ve hizmet al\u0131m\u0131 i\u00e7erisindeki 11 milyon 535 bin TL\u2019lik tutar\u0131n i\u00e7erisinde yer al\u0131yor. 11 milyon 535 bin TL\u2019lik b\u00fct\u00e7enin i\u00e7erisinde proje tan\u0131t\u0131m\u0131 ve \u00f6nemli g\u00fcnlerde bas\u0131na verilecek ilan ve reklam tutarlar\u0131na ayr\u0131lan azl\u0131k dikkat \u00e7ekti. Tasarruf Tedbirleri ile yerel bas\u0131na verilen destek tamamen kesilirken, 2025 y\u0131l\u0131 itibari ile haz\u0131rlanan b\u00fct\u00e7elerde bas\u0131na destek neredeyse kesilirken artan enflasyon ile birlikte B\u00fcy\u00fck\u015fehir &hellip;<\/p>","protected":false},"author":0,"featured_media":0,"comment_status":"open","ping_status":"open","sticky":false,"template":"","format":"standard","meta":{"_acf_changed":false,"footnotes":""},"categories":[24,535],"tags":[],"class_list":["post-16425","post","type-post","status-publish","format-standard","has-post-thumbnail","hentry","category-gundem","category-uncategorized-tr"],"acf":[],"yoast_head":"<!-- This site is optimized with the Yoast SEO Premium plugin v26.6 (Yoast SEO v27.1.1) - https:\/\/yoast.com\/product\/yoast-seo-premium-wordpress\/ -->\n<title>Lara Sahili \u00fccretli mi olacak? B\u00fcy\u00fck\u015fehir Meclisinde gerilim... - Av. Deniz Can K\u0131z\u0131l<\/title>\n<meta name=\"robots\" content=\"index, follow, max-snippet:-1, max-image-preview:large, max-video-preview:-1\" \/>\n<link rel=\"canonical\" href=\"https:\/\/denizcankizil.tr\/de\/haberler\/gundem\/lara-sahili-ucretli-mi-olacak-buyuksehir-meclisinde-gerilim\/\" \/>\n<meta property=\"og:locale\" content=\"de_DE\" \/>\n<meta property=\"og:type\" content=\"article\" \/>\n<meta property=\"og:title\" content=\"Lara Sahili \u00fccretli mi olacak? B\u00fcy\u00fck\u015fehir Meclisinde gerilim...\" \/>\n<meta property=\"og:description\" content=\"Antalya B\u00fcy\u00fck\u015fehir Belediyesi Kas\u0131m Ay\u0131 Ola\u011fan Meclisi\u2019nin devam toplant\u0131s\u0131 ger\u00e7ekle\u015ftirildi. 55 g\u00fcndem maddesinin g\u00f6r\u00fc\u015f\u00fcld\u00fc\u011f\u00fc toplant\u0131da Antalya B\u00fcy\u00fck\u015fehir Belediyesi\u2019nin 2025 Performans Raporu ve 2024 Taslak B\u00fct\u00e7esi kabul edildi. Ba\u015fkan B\u00f6cek, B\u00fcy\u00fck\u015fehir Belediyesi\u2019nin 2024 y\u0131l\u0131 b\u00fct\u00e7esinin 39 milyar olarak belirlendi\u011fini s\u00f6yledi. Ba\u015fkan B\u00f6cek, Antalya B\u00fcy\u00fck\u015fehir Belediyesi 2024 Mali Y\u0131l\u0131 B\u00fct\u00e7esinde 39 milyar TL gider, 33 milyar TL gelir tahmin edildi\u011fini belirterek, gelir gider aras\u0131ndaki fark\u0131n 6 milyar TL bor\u00e7lanma yap\u0131larak denklenece\u011fini s\u00f6yledi. \u0130l\u00e7e belediyeler b\u00fct\u00e7esi ise 103 milyar 800 milyon TL olarak belirlendi. Antalya B\u00fcy\u00fck\u015fehir Belediyesi ve Meclis Ba\u015fkan\u0131 Muhittin B\u00f6cek, b\u00fct\u00e7enin haz\u0131rlanmas\u0131nda gece g\u00fcnd\u00fcz demeden \u00e7al\u0131\u015fan b\u00fct\u00e7e komisyonu ba\u015fkan\u0131 ba\u015fta olmak \u00fczere eme\u011fi ge\u00e7enlere te\u015fekk\u00fcr etti.\u00a0 BASININ B\u00dcT\u00c7ES\u0130 D\u0130KKAT \u00c7EKT\u0130 Antalya K\u00f6rfez Gazetesi Muhabiri Ertu\u011frul G\u00fcn&#8217;\u00fcn haberine g\u00f6re b\u00fct\u00e7e i\u00e7erisinde Bas\u0131n ve Halkla \u0130li\u015fkiler Dairesi\u2019ne ayr\u0131lan 13 milyon 990 bin TL\u2019lik b\u00fct\u00e7enin azl\u0131\u011f\u0131 dikkat \u00e7ekerken yaz\u0131l\u0131 ve g\u00f6rsel bas\u0131na verilecek destek mal ve hizmet al\u0131m\u0131 i\u00e7erisindeki 11 milyon 535 bin TL\u2019lik tutar\u0131n i\u00e7erisinde yer al\u0131yor. 11 milyon 535 bin TL\u2019lik b\u00fct\u00e7enin i\u00e7erisinde proje tan\u0131t\u0131m\u0131 ve \u00f6nemli g\u00fcnlerde bas\u0131na verilecek ilan ve reklam tutarlar\u0131na ayr\u0131lan azl\u0131k dikkat \u00e7ekti. Tasarruf Tedbirleri ile yerel bas\u0131na verilen destek tamamen kesilirken, 2025 y\u0131l\u0131 itibari ile haz\u0131rlanan b\u00fct\u00e7elerde bas\u0131na destek neredeyse kesilirken artan enflasyon ile birlikte B\u00fcy\u00fck\u015fehir &hellip;\" \/>\n<meta property=\"og:url\" content=\"https:\/\/denizcankizil.tr\/de\/haberler\/gundem\/lara-sahili-ucretli-mi-olacak-buyuksehir-meclisinde-gerilim\/\" \/>\n<meta property=\"og:site_name\" content=\"Av. Deniz Can K\u0131z\u0131l\" \/>\n<meta property=\"article:published_time\" content=\"2024-11-18T14:41:41+00:00\" \/>\n<meta name=\"twitter:card\" content=\"summary_large_image\" \/>\n<meta name=\"twitter:label1\" content=\"Gesch\u00e4tzte Lesezeit\" \/>\n\t<meta name=\"twitter:data1\" content=\"5\u00a0Minuten\" \/>\n<script type=\"application\/ld+json\" class=\"yoast-schema-graph\">{\"@context\":\"https:\/\/schema.org\",\"@graph\":[{\"@type\":\"Article\",\"@id\":\"https:\/\/denizcankizil.tr\/de\/haberler\/gundem\/lara-sahili-ucretli-mi-olacak-buyuksehir-meclisinde-gerilim\/#article\",\"isPartOf\":{\"@id\":\"https:\/\/denizcankizil.tr\/de\/haberler\/gundem\/lara-sahili-ucretli-mi-olacak-buyuksehir-meclisinde-gerilim\/\"},\"author\":{\"name\":\"\",\"@id\":\"\"},\"headline\":\"Lara Sahili \u00fccretli mi olacak? B\u00fcy\u00fck\u015fehir Meclisinde gerilim&#8230;\",\"datePublished\":\"2024-11-18T14:41:41+00:00\",\"mainEntityOfPage\":{\"@id\":\"https:\/\/denizcankizil.tr\/de\/haberler\/gundem\/lara-sahili-ucretli-mi-olacak-buyuksehir-meclisinde-gerilim\/\"},\"wordCount\":967,\"commentCount\":0,\"publisher\":{\"@id\":\"https:\/\/denizcankizil.tr\/#organization\"},\"articleSection\":[\"G\u00fcndem\",\"Uncategorized\"],\"inLanguage\":\"de\",\"potentialAction\":[{\"@type\":\"CommentAction\",\"name\":\"Comment\",\"target\":[\"https:\/\/denizcankizil.tr\/de\/haberler\/gundem\/lara-sahili-ucretli-mi-olacak-buyuksehir-meclisinde-gerilim\/#respond\"]}]},{\"@type\":\"WebPage\",\"@id\":\"https:\/\/denizcankizil.tr\/de\/haberler\/gundem\/lara-sahili-ucretli-mi-olacak-buyuksehir-meclisinde-gerilim\/\",\"url\":\"https:\/\/denizcankizil.tr\/de\/haberler\/gundem\/lara-sahili-ucretli-mi-olacak-buyuksehir-meclisinde-gerilim\/\",\"name\":\"Lara Sahili \u00fccretli mi olacak? B\u00fcy\u00fck\u015fehir Meclisinde gerilim... - Av. Deniz Can K\u0131z\u0131l\",\"isPartOf\":{\"@id\":\"https:\/\/denizcankizil.tr\/#website\"},\"datePublished\":\"2024-11-18T14:41:41+00:00\",\"breadcrumb\":{\"@id\":\"https:\/\/denizcankizil.tr\/de\/haberler\/gundem\/lara-sahili-ucretli-mi-olacak-buyuksehir-meclisinde-gerilim\/#breadcrumb\"},\"inLanguage\":\"de\",\"potentialAction\":[{\"@type\":\"ReadAction\",\"target\":[\"https:\/\/denizcankizil.tr\/de\/haberler\/gundem\/lara-sahili-ucretli-mi-olacak-buyuksehir-meclisinde-gerilim\/\"]}]},{\"@type\":\"BreadcrumbList\",\"@id\":\"https:\/\/denizcankizil.tr\/de\/haberler\/gundem\/lara-sahili-ucretli-mi-olacak-buyuksehir-meclisinde-gerilim\/#breadcrumb\",\"itemListElement\":[{\"@type\":\"ListItem\",\"position\":1,\"name\":\"Home\",\"item\":\"https:\/\/denizcankizil.tr\/de\/\"},{\"@type\":\"ListItem\",\"position\":2,\"name\":\"Lara Sahili \u00fccretli mi olacak? B\u00fcy\u00fck\u015fehir Meclisinde gerilim&#8230;\"}]},{\"@type\":\"WebSite\",\"@id\":\"https:\/\/denizcankizil.tr\/#website\",\"url\":\"https:\/\/denizcankizil.tr\/\",\"name\":\"Av. Deniz Can K\u0131z\u0131l\",\"description\":\"Avukat Deniz Can K\u0131z\u0131l Antalya Barosu\",\"publisher\":{\"@id\":\"https:\/\/denizcankizil.tr\/#organization\"},\"potentialAction\":[{\"@type\":\"SearchAction\",\"target\":{\"@type\":\"EntryPoint\",\"urlTemplate\":\"https:\/\/denizcankizil.tr\/?s={search_term_string}\"},\"query-input\":{\"@type\":\"PropertyValueSpecification\",\"valueRequired\":true,\"valueName\":\"search_term_string\"}}],\"inLanguage\":\"de\"},{\"@type\":\"Organization\",\"@id\":\"https:\/\/denizcankizil.tr\/#organization\",\"name\":\"Av. Deniz Can K\u0131z\u0131l\",\"url\":\"https:\/\/denizcankizil.tr\/\",\"logo\":{\"@type\":\"ImageObject\",\"inLanguage\":\"de\",\"@id\":\"https:\/\/denizcankizil.tr\/#\/schema\/logo\/image\/\",\"url\":\"https:\/\/denizcankizil.tr\/wp-content\/uploads\/2024\/10\/siyah-logo-svg.svg\",\"contentUrl\":\"https:\/\/denizcankizil.tr\/wp-content\/uploads\/2024\/10\/siyah-logo-svg.svg\",\"width\":1080,\"height\":1080,\"caption\":\"Av. Deniz Can K\u0131z\u0131l\"},\"image\":{\"@id\":\"https:\/\/denizcankizil.tr\/#\/schema\/logo\/image\/\"}}]}<\/script>\n<!-- \/ Yoast SEO Premium plugin. -->","yoast_head_json":{"title":"Lara Sahili \u00fccretli mi olacak? B\u00fcy\u00fck\u015fehir Meclisinde gerilim... - Av. Deniz Can K\u0131z\u0131l","robots":{"index":"index","follow":"follow","max-snippet":"max-snippet:-1","max-image-preview":"max-image-preview:large","max-video-preview":"max-video-preview:-1"},"canonical":"https:\/\/denizcankizil.tr\/de\/haberler\/gundem\/lara-sahili-ucretli-mi-olacak-buyuksehir-meclisinde-gerilim\/","og_locale":"de_DE","og_type":"article","og_title":"Lara Sahili \u00fccretli mi olacak? B\u00fcy\u00fck\u015fehir Meclisinde gerilim...","og_description":"Antalya B\u00fcy\u00fck\u015fehir Belediyesi Kas\u0131m Ay\u0131 Ola\u011fan Meclisi\u2019nin devam toplant\u0131s\u0131 ger\u00e7ekle\u015ftirildi. 55 g\u00fcndem maddesinin g\u00f6r\u00fc\u015f\u00fcld\u00fc\u011f\u00fc toplant\u0131da Antalya B\u00fcy\u00fck\u015fehir Belediyesi\u2019nin 2025 Performans Raporu ve 2024 Taslak B\u00fct\u00e7esi kabul edildi. Ba\u015fkan B\u00f6cek, B\u00fcy\u00fck\u015fehir Belediyesi\u2019nin 2024 y\u0131l\u0131 b\u00fct\u00e7esinin 39 milyar olarak belirlendi\u011fini s\u00f6yledi. Ba\u015fkan B\u00f6cek, Antalya B\u00fcy\u00fck\u015fehir Belediyesi 2024 Mali Y\u0131l\u0131 B\u00fct\u00e7esinde 39 milyar TL gider, 33 milyar TL gelir tahmin edildi\u011fini belirterek, gelir gider aras\u0131ndaki fark\u0131n 6 milyar TL bor\u00e7lanma yap\u0131larak denklenece\u011fini s\u00f6yledi. \u0130l\u00e7e belediyeler b\u00fct\u00e7esi ise 103 milyar 800 milyon TL olarak belirlendi. Antalya B\u00fcy\u00fck\u015fehir Belediyesi ve Meclis Ba\u015fkan\u0131 Muhittin B\u00f6cek, b\u00fct\u00e7enin haz\u0131rlanmas\u0131nda gece g\u00fcnd\u00fcz demeden \u00e7al\u0131\u015fan b\u00fct\u00e7e komisyonu ba\u015fkan\u0131 ba\u015fta olmak \u00fczere eme\u011fi ge\u00e7enlere te\u015fekk\u00fcr etti.\u00a0 BASININ B\u00dcT\u00c7ES\u0130 D\u0130KKAT \u00c7EKT\u0130 Antalya K\u00f6rfez Gazetesi Muhabiri Ertu\u011frul G\u00fcn&#8217;\u00fcn haberine g\u00f6re b\u00fct\u00e7e i\u00e7erisinde Bas\u0131n ve Halkla \u0130li\u015fkiler Dairesi\u2019ne ayr\u0131lan 13 milyon 990 bin TL\u2019lik b\u00fct\u00e7enin azl\u0131\u011f\u0131 dikkat \u00e7ekerken yaz\u0131l\u0131 ve g\u00f6rsel bas\u0131na verilecek destek mal ve hizmet al\u0131m\u0131 i\u00e7erisindeki 11 milyon 535 bin TL\u2019lik tutar\u0131n i\u00e7erisinde yer al\u0131yor. 11 milyon 535 bin TL\u2019lik b\u00fct\u00e7enin i\u00e7erisinde proje tan\u0131t\u0131m\u0131 ve \u00f6nemli g\u00fcnlerde bas\u0131na verilecek ilan ve reklam tutarlar\u0131na ayr\u0131lan azl\u0131k dikkat \u00e7ekti. Tasarruf Tedbirleri ile yerel bas\u0131na verilen destek tamamen kesilirken, 2025 y\u0131l\u0131 itibari ile haz\u0131rlanan b\u00fct\u00e7elerde bas\u0131na destek neredeyse kesilirken artan enflasyon ile birlikte B\u00fcy\u00fck\u015fehir &hellip;","og_url":"https:\/\/denizcankizil.tr\/de\/haberler\/gundem\/lara-sahili-ucretli-mi-olacak-buyuksehir-meclisinde-gerilim\/","og_site_name":"Av. Deniz Can K\u0131z\u0131l","article_published_time":"2024-11-18T14:41:41+00:00","twitter_card":"summary_large_image","twitter_misc":{"Gesch\u00e4tzte Lesezeit":"5\u00a0Minuten"},"schema":{"@context":"https:\/\/schema.org","@graph":[{"@type":"Article","@id":"https:\/\/denizcankizil.tr\/de\/haberler\/gundem\/lara-sahili-ucretli-mi-olacak-buyuksehir-meclisinde-gerilim\/#article","isPartOf":{"@id":"https:\/\/denizcankizil.tr\/de\/haberler\/gundem\/lara-sahili-ucretli-mi-olacak-buyuksehir-meclisinde-gerilim\/"},"author":{"name":"","@id":""},"headline":"Lara Sahili \u00fccretli mi olacak? B\u00fcy\u00fck\u015fehir Meclisinde gerilim&#8230;","datePublished":"2024-11-18T14:41:41+00:00","mainEntityOfPage":{"@id":"https:\/\/denizcankizil.tr\/de\/haberler\/gundem\/lara-sahili-ucretli-mi-olacak-buyuksehir-meclisinde-gerilim\/"},"wordCount":967,"commentCount":0,"publisher":{"@id":"https:\/\/denizcankizil.tr\/#organization"},"articleSection":["G\u00fcndem","Uncategorized"],"inLanguage":"de","potentialAction":[{"@type":"CommentAction","name":"Comment","target":["https:\/\/denizcankizil.tr\/de\/haberler\/gundem\/lara-sahili-ucretli-mi-olacak-buyuksehir-meclisinde-gerilim\/#respond"]}]},{"@type":"WebPage","@id":"https:\/\/denizcankizil.tr\/de\/haberler\/gundem\/lara-sahili-ucretli-mi-olacak-buyuksehir-meclisinde-gerilim\/","url":"https:\/\/denizcankizil.tr\/de\/haberler\/gundem\/lara-sahili-ucretli-mi-olacak-buyuksehir-meclisinde-gerilim\/","name":"Lara Sahili \u00fccretli mi olacak? B\u00fcy\u00fck\u015fehir Meclisinde gerilim... - Av. Deniz Can K\u0131z\u0131l","isPartOf":{"@id":"https:\/\/denizcankizil.tr\/#website"},"datePublished":"2024-11-18T14:41:41+00:00","breadcrumb":{"@id":"https:\/\/denizcankizil.tr\/de\/haberler\/gundem\/lara-sahili-ucretli-mi-olacak-buyuksehir-meclisinde-gerilim\/#breadcrumb"},"inLanguage":"de","potentialAction":[{"@type":"ReadAction","target":["https:\/\/denizcankizil.tr\/de\/haberler\/gundem\/lara-sahili-ucretli-mi-olacak-buyuksehir-meclisinde-gerilim\/"]}]},{"@type":"BreadcrumbList","@id":"https:\/\/denizcankizil.tr\/de\/haberler\/gundem\/lara-sahili-ucretli-mi-olacak-buyuksehir-meclisinde-gerilim\/#breadcrumb","itemListElement":[{"@type":"ListItem","position":1,"name":"Home","item":"https:\/\/denizcankizil.tr\/de\/"},{"@type":"ListItem","position":2,"name":"Lara Sahili \u00fccretli mi olacak? B\u00fcy\u00fck\u015fehir Meclisinde gerilim&#8230;"}]},{"@type":"WebSite","@id":"https:\/\/denizcankizil.tr\/#website","url":"https:\/\/denizcankizil.tr\/","name":"Av. Deniz Can K\u0131z\u0131l","description":"Avukat Deniz Can K\u0131z\u0131l Antalya Barosu","publisher":{"@id":"https:\/\/denizcankizil.tr\/#organization"},"potentialAction":[{"@type":"SearchAction","target":{"@type":"EntryPoint","urlTemplate":"https:\/\/denizcankizil.tr\/?s={search_term_string}"},"query-input":{"@type":"PropertyValueSpecification","valueRequired":true,"valueName":"search_term_string"}}],"inLanguage":"de"},{"@type":"Organization","@id":"https:\/\/denizcankizil.tr\/#organization","name":"Av. Deniz Can K\u0131z\u0131l","url":"https:\/\/denizcankizil.tr\/","logo":{"@type":"ImageObject","inLanguage":"de","@id":"https:\/\/denizcankizil.tr\/#\/schema\/logo\/image\/","url":"https:\/\/denizcankizil.tr\/wp-content\/uploads\/2024\/10\/siyah-logo-svg.svg","contentUrl":"https:\/\/denizcankizil.tr\/wp-content\/uploads\/2024\/10\/siyah-logo-svg.svg","width":1080,"height":1080,"caption":"Av. Deniz Can K\u0131z\u0131l"},"image":{"@id":"https:\/\/denizcankizil.tr\/#\/schema\/logo\/image\/"}}]}},"_links":{"self":[{"href":"https:\/\/denizcankizil.tr\/de\/wp-json\/wp\/v2\/posts\/16425","targetHints":{"allow":["GET"]}}],"collection":[{"href":"https:\/\/denizcankizil.tr\/de\/wp-json\/wp\/v2\/posts"}],"about":[{"href":"https:\/\/denizcankizil.tr\/de\/wp-json\/wp\/v2\/types\/post"}],"replies":[{"embeddable":true,"href":"https:\/\/denizcankizil.tr\/de\/wp-json\/wp\/v2\/comments?post=16425"}],"version-history":[{"count":0,"href":"https:\/\/denizcankizil.tr\/de\/wp-json\/wp\/v2\/posts\/16425\/revisions"}],"wp:attachment":[{"href":"https:\/\/denizcankizil.tr\/de\/wp-json\/wp\/v2\/media?parent=16425"}],"wp:term":[{"taxonomy":"category","embeddable":true,"href":"https:\/\/denizcankizil.tr\/de\/wp-json\/wp\/v2\/categories?post=16425"},{"taxonomy":"post_tag","embeddable":true,"href":"https:\/\/denizcankizil.tr\/de\/wp-json\/wp\/v2\/tags?post=16425"}],"curies":[{"name":"wp","href":"https:\/\/api.w.org\/{rel}","templated":true}]}}