{"id":16308,"date":"2024-11-18T10:41:53","date_gmt":"2024-11-18T07:41:53","guid":{"rendered":"https:\/\/denizcankizil.tr\/uncategorized-tr\/ogrenciler-ara-tatilde-konya-bilim-merkezinde-dijital-dunyayi-kesfetti\/"},"modified":"2024-11-18T10:41:53","modified_gmt":"2024-11-18T07:41:53","slug":"ogrenciler-ara-tatilde-konya-bilim-merkezinde-dijital-dunyayi-kesfetti","status":"publish","type":"post","link":"https:\/\/denizcankizil.tr\/de\/haberler\/gundem\/ogrenciler-ara-tatilde-konya-bilim-merkezinde-dijital-dunyayi-kesfetti\/","title":{"rendered":"\u00d6\u011frenciler Ara Tatilde Konya Bilim Merkezi\u2019nde Dijital D\u00fcnyay\u0131 Ke\u015ffetti"},"content":{"rendered":"<p>Konya B\u00fcy\u00fck\u015fehir Belediyesi taraf\u0131ndan \u015fehre kazand\u0131r\u0131lan T\u00dcB\u0130TAK destekli T\u00fcrkiye\u2019nin ilk ve en b\u00fcy\u00fck bilim merkezi olan Konya Bilim Merkezi, ara tatilde \u201cDijital Ya\u015fam Haftas\u0131\u201d etkinliklerine ev sahipli\u011fi yapt\u0131. Dijital d\u00fcnyay\u0131 ke\u015ffetmeye y\u00f6nelik bir\u00e7ok e\u011fitici at\u00f6lye ve deneyimle \u00f6\u011frenciler teknolojiyle i\u00e7 i\u00e7e bir hafta ge\u00e7irdi.<\/p>\n<p>\u200bKonya B\u00fcy\u00fck\u015fehir Belediyesi taraf\u0131ndan \u015fehre kazand\u0131r\u0131lan T\u00dcB\u0130TAK destekli T\u00fcrkiye\u2019nin ilk ve en b\u00fcy\u00fck bilim merkezi olan Konya Bilim Merkezi, ara tatilde \u201cDijital Ya\u015fam Haftas\u0131\u201d etkinliklerine ev sahipli\u011fi yapt\u0131. Dijital d\u00fcnyay\u0131 ke\u015ffetmeye y\u00f6nelik bir\u00e7ok e\u011fitici at\u00f6lye ve deneyimle \u00f6\u011frenciler teknolojiyle i\u00e7 i\u00e7e bir hafta ge\u00e7irdi.\u00a0<\/p>\n<p>\u200bHaberin Al\u0131nt\u0131land\u0131\u011f\u0131 Kaynak: www.iskenderun.org<\/p>","protected":false},"excerpt":{"rendered":"<p>Konya B\u00fcy\u00fck\u015fehir Belediyesi taraf\u0131ndan \u015fehre kazand\u0131r\u0131lan T\u00dcB\u0130TAK destekli T\u00fcrkiye\u2019nin ilk ve en b\u00fcy\u00fck bilim merkezi olan Konya Bilim Merkezi, ara tatilde \u201cDijital Ya\u015fam Haftas\u0131\u201d etkinliklerine ev sahipli\u011fi yapt\u0131. Dijital d\u00fcnyay\u0131 ke\u015ffetmeye y\u00f6nelik bir\u00e7ok e\u011fitici at\u00f6lye ve deneyimle \u00f6\u011frenciler teknolojiyle i\u00e7 i\u00e7e bir hafta ge\u00e7irdi. \u200bKonya B\u00fcy\u00fck\u015fehir Belediyesi taraf\u0131ndan \u015fehre kazand\u0131r\u0131lan T\u00dcB\u0130TAK destekli T\u00fcrkiye\u2019nin ilk ve en b\u00fcy\u00fck bilim merkezi olan Konya Bilim Merkezi, ara tatilde \u201cDijital Ya\u015fam Haftas\u0131\u201d etkinliklerine ev sahipli\u011fi yapt\u0131. Dijital d\u00fcnyay\u0131 ke\u015ffetmeye y\u00f6nelik bir\u00e7ok e\u011fitici at\u00f6lye ve deneyimle \u00f6\u011frenciler teknolojiyle i\u00e7 i\u00e7e bir hafta ge\u00e7irdi.\u00a0 \u200bHaberin Al\u0131nt\u0131land\u0131\u011f\u0131 Kaynak: www.iskenderun.org<\/p>","protected":false},"author":0,"featured_media":0,"comment_status":"open","ping_status":"open","sticky":false,"template":"","format":"standard","meta":{"_acf_changed":false,"footnotes":""},"categories":[24,535],"tags":[],"class_list":["post-16308","post","type-post","status-publish","format-standard","has-post-thumbnail","hentry","category-gundem","category-uncategorized-tr"],"acf":[],"yoast_head":"<!-- This site is optimized with the Yoast SEO Premium plugin v26.6 (Yoast SEO v27.1.1) - https:\/\/yoast.com\/product\/yoast-seo-premium-wordpress\/ -->\n<title>\u00d6\u011frenciler Ara Tatilde Konya Bilim Merkezi\u2019nde Dijital D\u00fcnyay\u0131 Ke\u015ffetti - Av. Deniz Can K\u0131z\u0131l<\/title>\n<meta name=\"robots\" content=\"index, follow, max-snippet:-1, max-image-preview:large, max-video-preview:-1\" \/>\n<link rel=\"canonical\" href=\"https:\/\/denizcankizil.tr\/de\/haberler\/gundem\/ogrenciler-ara-tatilde-konya-bilim-merkezinde-dijital-dunyayi-kesfetti\/\" \/>\n<meta property=\"og:locale\" content=\"de_DE\" \/>\n<meta property=\"og:type\" content=\"article\" \/>\n<meta property=\"og:title\" content=\"\u00d6\u011frenciler Ara Tatilde Konya Bilim Merkezi\u2019nde Dijital D\u00fcnyay\u0131 Ke\u015ffetti\" \/>\n<meta property=\"og:description\" content=\"Konya B\u00fcy\u00fck\u015fehir Belediyesi taraf\u0131ndan \u015fehre kazand\u0131r\u0131lan T\u00dcB\u0130TAK destekli T\u00fcrkiye\u2019nin ilk ve en b\u00fcy\u00fck bilim merkezi olan Konya Bilim Merkezi, ara tatilde \u201cDijital Ya\u015fam Haftas\u0131\u201d etkinliklerine ev sahipli\u011fi yapt\u0131. Dijital d\u00fcnyay\u0131 ke\u015ffetmeye y\u00f6nelik bir\u00e7ok e\u011fitici at\u00f6lye ve deneyimle \u00f6\u011frenciler teknolojiyle i\u00e7 i\u00e7e bir hafta ge\u00e7irdi. \u200bKonya B\u00fcy\u00fck\u015fehir Belediyesi taraf\u0131ndan \u015fehre kazand\u0131r\u0131lan T\u00dcB\u0130TAK destekli T\u00fcrkiye\u2019nin ilk ve en b\u00fcy\u00fck bilim merkezi olan Konya Bilim Merkezi, ara tatilde \u201cDijital Ya\u015fam Haftas\u0131\u201d etkinliklerine ev sahipli\u011fi yapt\u0131. Dijital d\u00fcnyay\u0131 ke\u015ffetmeye y\u00f6nelik bir\u00e7ok e\u011fitici at\u00f6lye ve deneyimle \u00f6\u011frenciler teknolojiyle i\u00e7 i\u00e7e bir hafta ge\u00e7irdi.\u00a0 \u200bHaberin Al\u0131nt\u0131land\u0131\u011f\u0131 Kaynak: www.iskenderun.org\" \/>\n<meta property=\"og:url\" content=\"https:\/\/denizcankizil.tr\/de\/haberler\/gundem\/ogrenciler-ara-tatilde-konya-bilim-merkezinde-dijital-dunyayi-kesfetti\/\" \/>\n<meta property=\"og:site_name\" content=\"Av. Deniz Can K\u0131z\u0131l\" \/>\n<meta property=\"article:published_time\" content=\"2024-11-18T07:41:53+00:00\" \/>\n<meta name=\"twitter:card\" content=\"summary_large_image\" \/>\n<meta name=\"twitter:label1\" content=\"Gesch\u00e4tzte Lesezeit\" \/>\n\t<meta name=\"twitter:data1\" content=\"1\u00a0Minute\" \/>\n<script type=\"application\/ld+json\" class=\"yoast-schema-graph\">{\"@context\":\"https:\/\/schema.org\",\"@graph\":[{\"@type\":\"Article\",\"@id\":\"https:\/\/denizcankizil.tr\/de\/haberler\/gundem\/ogrenciler-ara-tatilde-konya-bilim-merkezinde-dijital-dunyayi-kesfetti\/#article\",\"isPartOf\":{\"@id\":\"https:\/\/denizcankizil.tr\/de\/haberler\/gundem\/ogrenciler-ara-tatilde-konya-bilim-merkezinde-dijital-dunyayi-kesfetti\/\"},\"author\":{\"name\":\"\",\"@id\":\"\"},\"headline\":\"\u00d6\u011frenciler Ara Tatilde Konya Bilim Merkezi\u2019nde Dijital D\u00fcnyay\u0131 Ke\u015ffetti\",\"datePublished\":\"2024-11-18T07:41:53+00:00\",\"mainEntityOfPage\":{\"@id\":\"https:\/\/denizcankizil.tr\/de\/haberler\/gundem\/ogrenciler-ara-tatilde-konya-bilim-merkezinde-dijital-dunyayi-kesfetti\/\"},\"wordCount\":152,\"commentCount\":0,\"publisher\":{\"@id\":\"https:\/\/denizcankizil.tr\/#organization\"},\"articleSection\":[\"G\u00fcndem\",\"Uncategorized\"],\"inLanguage\":\"de\",\"potentialAction\":[{\"@type\":\"CommentAction\",\"name\":\"Comment\",\"target\":[\"https:\/\/denizcankizil.tr\/de\/haberler\/gundem\/ogrenciler-ara-tatilde-konya-bilim-merkezinde-dijital-dunyayi-kesfetti\/#respond\"]}]},{\"@type\":\"WebPage\",\"@id\":\"https:\/\/denizcankizil.tr\/de\/haberler\/gundem\/ogrenciler-ara-tatilde-konya-bilim-merkezinde-dijital-dunyayi-kesfetti\/\",\"url\":\"https:\/\/denizcankizil.tr\/de\/haberler\/gundem\/ogrenciler-ara-tatilde-konya-bilim-merkezinde-dijital-dunyayi-kesfetti\/\",\"name\":\"\u00d6\u011frenciler Ara Tatilde Konya Bilim Merkezi\u2019nde Dijital D\u00fcnyay\u0131 Ke\u015ffetti - Av. Deniz Can K\u0131z\u0131l\",\"isPartOf\":{\"@id\":\"https:\/\/denizcankizil.tr\/#website\"},\"datePublished\":\"2024-11-18T07:41:53+00:00\",\"breadcrumb\":{\"@id\":\"https:\/\/denizcankizil.tr\/de\/haberler\/gundem\/ogrenciler-ara-tatilde-konya-bilim-merkezinde-dijital-dunyayi-kesfetti\/#breadcrumb\"},\"inLanguage\":\"de\",\"potentialAction\":[{\"@type\":\"ReadAction\",\"target\":[\"https:\/\/denizcankizil.tr\/de\/haberler\/gundem\/ogrenciler-ara-tatilde-konya-bilim-merkezinde-dijital-dunyayi-kesfetti\/\"]}]},{\"@type\":\"BreadcrumbList\",\"@id\":\"https:\/\/denizcankizil.tr\/de\/haberler\/gundem\/ogrenciler-ara-tatilde-konya-bilim-merkezinde-dijital-dunyayi-kesfetti\/#breadcrumb\",\"itemListElement\":[{\"@type\":\"ListItem\",\"position\":1,\"name\":\"Home\",\"item\":\"https:\/\/denizcankizil.tr\/de\/\"},{\"@type\":\"ListItem\",\"position\":2,\"name\":\"\u00d6\u011frenciler Ara Tatilde Konya Bilim Merkezi\u2019nde Dijital D\u00fcnyay\u0131 Ke\u015ffetti\"}]},{\"@type\":\"WebSite\",\"@id\":\"https:\/\/denizcankizil.tr\/#website\",\"url\":\"https:\/\/denizcankizil.tr\/\",\"name\":\"Av. Deniz Can K\u0131z\u0131l\",\"description\":\"Avukat Deniz Can K\u0131z\u0131l Antalya Barosu\",\"publisher\":{\"@id\":\"https:\/\/denizcankizil.tr\/#organization\"},\"potentialAction\":[{\"@type\":\"SearchAction\",\"target\":{\"@type\":\"EntryPoint\",\"urlTemplate\":\"https:\/\/denizcankizil.tr\/?s={search_term_string}\"},\"query-input\":{\"@type\":\"PropertyValueSpecification\",\"valueRequired\":true,\"valueName\":\"search_term_string\"}}],\"inLanguage\":\"de\"},{\"@type\":\"Organization\",\"@id\":\"https:\/\/denizcankizil.tr\/#organization\",\"name\":\"Av. Deniz Can K\u0131z\u0131l\",\"url\":\"https:\/\/denizcankizil.tr\/\",\"logo\":{\"@type\":\"ImageObject\",\"inLanguage\":\"de\",\"@id\":\"https:\/\/denizcankizil.tr\/#\/schema\/logo\/image\/\",\"url\":\"https:\/\/denizcankizil.tr\/wp-content\/uploads\/2024\/10\/siyah-logo-svg.svg\",\"contentUrl\":\"https:\/\/denizcankizil.tr\/wp-content\/uploads\/2024\/10\/siyah-logo-svg.svg\",\"width\":1080,\"height\":1080,\"caption\":\"Av. Deniz Can K\u0131z\u0131l\"},\"image\":{\"@id\":\"https:\/\/denizcankizil.tr\/#\/schema\/logo\/image\/\"}}]}<\/script>\n<!-- \/ Yoast SEO Premium plugin. -->","yoast_head_json":{"title":"\u00d6\u011frenciler Ara Tatilde Konya Bilim Merkezi\u2019nde Dijital D\u00fcnyay\u0131 Ke\u015ffetti - Av. Deniz Can K\u0131z\u0131l","robots":{"index":"index","follow":"follow","max-snippet":"max-snippet:-1","max-image-preview":"max-image-preview:large","max-video-preview":"max-video-preview:-1"},"canonical":"https:\/\/denizcankizil.tr\/de\/haberler\/gundem\/ogrenciler-ara-tatilde-konya-bilim-merkezinde-dijital-dunyayi-kesfetti\/","og_locale":"de_DE","og_type":"article","og_title":"\u00d6\u011frenciler Ara Tatilde Konya Bilim Merkezi\u2019nde Dijital D\u00fcnyay\u0131 Ke\u015ffetti","og_description":"Konya B\u00fcy\u00fck\u015fehir Belediyesi taraf\u0131ndan \u015fehre kazand\u0131r\u0131lan T\u00dcB\u0130TAK destekli T\u00fcrkiye\u2019nin ilk ve en b\u00fcy\u00fck bilim merkezi olan Konya Bilim Merkezi, ara tatilde \u201cDijital Ya\u015fam Haftas\u0131\u201d etkinliklerine ev sahipli\u011fi yapt\u0131. Dijital d\u00fcnyay\u0131 ke\u015ffetmeye y\u00f6nelik bir\u00e7ok e\u011fitici at\u00f6lye ve deneyimle \u00f6\u011frenciler teknolojiyle i\u00e7 i\u00e7e bir hafta ge\u00e7irdi. \u200bKonya B\u00fcy\u00fck\u015fehir Belediyesi taraf\u0131ndan \u015fehre kazand\u0131r\u0131lan T\u00dcB\u0130TAK destekli T\u00fcrkiye\u2019nin ilk ve en b\u00fcy\u00fck bilim merkezi olan Konya Bilim Merkezi, ara tatilde \u201cDijital Ya\u015fam Haftas\u0131\u201d etkinliklerine ev sahipli\u011fi yapt\u0131. Dijital d\u00fcnyay\u0131 ke\u015ffetmeye y\u00f6nelik bir\u00e7ok e\u011fitici at\u00f6lye ve deneyimle \u00f6\u011frenciler teknolojiyle i\u00e7 i\u00e7e bir hafta ge\u00e7irdi.\u00a0 \u200bHaberin Al\u0131nt\u0131land\u0131\u011f\u0131 Kaynak: www.iskenderun.org","og_url":"https:\/\/denizcankizil.tr\/de\/haberler\/gundem\/ogrenciler-ara-tatilde-konya-bilim-merkezinde-dijital-dunyayi-kesfetti\/","og_site_name":"Av. Deniz Can K\u0131z\u0131l","article_published_time":"2024-11-18T07:41:53+00:00","twitter_card":"summary_large_image","twitter_misc":{"Gesch\u00e4tzte Lesezeit":"1\u00a0Minute"},"schema":{"@context":"https:\/\/schema.org","@graph":[{"@type":"Article","@id":"https:\/\/denizcankizil.tr\/de\/haberler\/gundem\/ogrenciler-ara-tatilde-konya-bilim-merkezinde-dijital-dunyayi-kesfetti\/#article","isPartOf":{"@id":"https:\/\/denizcankizil.tr\/de\/haberler\/gundem\/ogrenciler-ara-tatilde-konya-bilim-merkezinde-dijital-dunyayi-kesfetti\/"},"author":{"name":"","@id":""},"headline":"\u00d6\u011frenciler Ara Tatilde Konya Bilim Merkezi\u2019nde Dijital D\u00fcnyay\u0131 Ke\u015ffetti","datePublished":"2024-11-18T07:41:53+00:00","mainEntityOfPage":{"@id":"https:\/\/denizcankizil.tr\/de\/haberler\/gundem\/ogrenciler-ara-tatilde-konya-bilim-merkezinde-dijital-dunyayi-kesfetti\/"},"wordCount":152,"commentCount":0,"publisher":{"@id":"https:\/\/denizcankizil.tr\/#organization"},"articleSection":["G\u00fcndem","Uncategorized"],"inLanguage":"de","potentialAction":[{"@type":"CommentAction","name":"Comment","target":["https:\/\/denizcankizil.tr\/de\/haberler\/gundem\/ogrenciler-ara-tatilde-konya-bilim-merkezinde-dijital-dunyayi-kesfetti\/#respond"]}]},{"@type":"WebPage","@id":"https:\/\/denizcankizil.tr\/de\/haberler\/gundem\/ogrenciler-ara-tatilde-konya-bilim-merkezinde-dijital-dunyayi-kesfetti\/","url":"https:\/\/denizcankizil.tr\/de\/haberler\/gundem\/ogrenciler-ara-tatilde-konya-bilim-merkezinde-dijital-dunyayi-kesfetti\/","name":"\u00d6\u011frenciler Ara Tatilde Konya Bilim Merkezi\u2019nde Dijital D\u00fcnyay\u0131 Ke\u015ffetti - Av. Deniz Can K\u0131z\u0131l","isPartOf":{"@id":"https:\/\/denizcankizil.tr\/#website"},"datePublished":"2024-11-18T07:41:53+00:00","breadcrumb":{"@id":"https:\/\/denizcankizil.tr\/de\/haberler\/gundem\/ogrenciler-ara-tatilde-konya-bilim-merkezinde-dijital-dunyayi-kesfetti\/#breadcrumb"},"inLanguage":"de","potentialAction":[{"@type":"ReadAction","target":["https:\/\/denizcankizil.tr\/de\/haberler\/gundem\/ogrenciler-ara-tatilde-konya-bilim-merkezinde-dijital-dunyayi-kesfetti\/"]}]},{"@type":"BreadcrumbList","@id":"https:\/\/denizcankizil.tr\/de\/haberler\/gundem\/ogrenciler-ara-tatilde-konya-bilim-merkezinde-dijital-dunyayi-kesfetti\/#breadcrumb","itemListElement":[{"@type":"ListItem","position":1,"name":"Home","item":"https:\/\/denizcankizil.tr\/de\/"},{"@type":"ListItem","position":2,"name":"\u00d6\u011frenciler Ara Tatilde Konya Bilim Merkezi\u2019nde Dijital D\u00fcnyay\u0131 Ke\u015ffetti"}]},{"@type":"WebSite","@id":"https:\/\/denizcankizil.tr\/#website","url":"https:\/\/denizcankizil.tr\/","name":"Av. Deniz Can K\u0131z\u0131l","description":"Avukat Deniz Can K\u0131z\u0131l Antalya Barosu","publisher":{"@id":"https:\/\/denizcankizil.tr\/#organization"},"potentialAction":[{"@type":"SearchAction","target":{"@type":"EntryPoint","urlTemplate":"https:\/\/denizcankizil.tr\/?s={search_term_string}"},"query-input":{"@type":"PropertyValueSpecification","valueRequired":true,"valueName":"search_term_string"}}],"inLanguage":"de"},{"@type":"Organization","@id":"https:\/\/denizcankizil.tr\/#organization","name":"Av. Deniz Can K\u0131z\u0131l","url":"https:\/\/denizcankizil.tr\/","logo":{"@type":"ImageObject","inLanguage":"de","@id":"https:\/\/denizcankizil.tr\/#\/schema\/logo\/image\/","url":"https:\/\/denizcankizil.tr\/wp-content\/uploads\/2024\/10\/siyah-logo-svg.svg","contentUrl":"https:\/\/denizcankizil.tr\/wp-content\/uploads\/2024\/10\/siyah-logo-svg.svg","width":1080,"height":1080,"caption":"Av. Deniz Can K\u0131z\u0131l"},"image":{"@id":"https:\/\/denizcankizil.tr\/#\/schema\/logo\/image\/"}}]}},"_links":{"self":[{"href":"https:\/\/denizcankizil.tr\/de\/wp-json\/wp\/v2\/posts\/16308","targetHints":{"allow":["GET"]}}],"collection":[{"href":"https:\/\/denizcankizil.tr\/de\/wp-json\/wp\/v2\/posts"}],"about":[{"href":"https:\/\/denizcankizil.tr\/de\/wp-json\/wp\/v2\/types\/post"}],"replies":[{"embeddable":true,"href":"https:\/\/denizcankizil.tr\/de\/wp-json\/wp\/v2\/comments?post=16308"}],"version-history":[{"count":0,"href":"https:\/\/denizcankizil.tr\/de\/wp-json\/wp\/v2\/posts\/16308\/revisions"}],"wp:attachment":[{"href":"https:\/\/denizcankizil.tr\/de\/wp-json\/wp\/v2\/media?parent=16308"}],"wp:term":[{"taxonomy":"category","embeddable":true,"href":"https:\/\/denizcankizil.tr\/de\/wp-json\/wp\/v2\/categories?post=16308"},{"taxonomy":"post_tag","embeddable":true,"href":"https:\/\/denizcankizil.tr\/de\/wp-json\/wp\/v2\/tags?post=16308"}],"curies":[{"name":"wp","href":"https:\/\/api.w.org\/{rel}","templated":true}]}}