{"id":16298,"date":"2024-11-18T10:41:46","date_gmt":"2024-11-18T07:41:46","guid":{"rendered":"https:\/\/denizcankizil.tr\/uncategorized-tr\/antalyada-chpliler-esnafi-dinledi\/"},"modified":"2024-11-18T10:41:46","modified_gmt":"2024-11-18T07:41:46","slug":"antalyada-chpliler-esnafi-dinledi","status":"publish","type":"post","link":"https:\/\/denizcankizil.tr\/de\/haberler\/gundem\/antalyada-chpliler-esnafi-dinledi\/","title":{"rendered":"Antalya\u2019da CHP\u2019liler esnaf\u0131 dinledi"},"content":{"rendered":"<p>CHP, 81 ilde esnaf ziyaretleri ger\u00e7ekle\u015ftirip, vatanda\u015flar\u0131n sorunlar\u0131n\u0131 dinledi. \u00a0\u00c7al\u0131\u015fmalar kapsam\u0131nda CHP Manisa Milletvekili Bekir Ba\u015fevirgen, Antalya&#8217;da esnaf\u0131 ziyaret etti. Ba\u015fevirgen&#8217;e ya\u015fad\u0131klar\u0131 ekonomik zorluklar\u0131 anlatan esnaflar, dert yand\u0131. Esnaf ziyaretlerine CHP Antalya \u0130l Ba\u015fkan\u0131 Nail Kamac\u0131 ile Muratpa\u015fa \u0130l\u00e7e Ba\u015fkan\u0131 Okan Can K\u0131ran\u2019da kat\u0131ld\u0131.\u00a0<\/p>\n<p>F\u0130YAT ARTI\u015eI VATANDA\u015e KADAR ESNAFIDA BIKTIRDI<\/p>\n<p>CHP Manisa Milletvekili Bekir Ba\u015fevirgen, Antalya ziyaret program\u0131 \u00e7er\u00e7evesinde pazarc\u0131 esnaf\u0131n\u0131 ziyaret etti. Ziyarette Ba\u015fevirgen\u2019e CHP Antalya \u0130l Ba\u015fkan\u0131 Nail Kamac\u0131 ile Muratpa\u015fa \u0130l\u00e7e Ba\u015fkan\u0131 Okan Can K\u0131ran\u2019da e\u015flik etti. Cumhuriyet Halk Partisi\u2019nin 81 ilde d\u00fczenledi\u011fi ziyaretlerde milletvekilleri, esnaf ve vatanda\u015flara asgari \u00fccret i\u00e7in talep edilen 30 bin TL\u2019yi anlatt\u0131. Esnaf\u0131n sorunlar\u0131n\u0131 dinleyen milletvekillerin g\u00fcndemi, ya\u015fanan zamlar ve ge\u00e7im derdi. CHP\u2019li milletvekilleri sadece Muratpa\u015fa il\u00e7esinde de\u011fil Kepez ve Konyaalt\u0131\u2019nda da pazarc\u0131 esnaflar\u0131n\u0131 ziyaret etti.<\/p>\n<p>\u0130\u015e YAPAMAZ HALE GELD\u0130K<\/p>\n<p>Antalya Muratpa\u015fa il\u00e7esindeki kapal\u0131 pazar alan\u0131nda yer alan esnaflar\u0131n, sorunlar\u0131n\u0131 dinleyen CHP Manisa Milletvekili Bekir Ba\u015fevirgen bir esnaf\u0131n kendisine; \u201cEski i\u015fler nerede? Eski i\u015fler \u015fu anda y\u00fczde 5! Ben bu pazarda be\u015f torba yo\u011furt sat\u0131yordum. Be\u015f torba yo\u011furt 20 kilodan 100 kilo yap\u0131yordu. \u015eimdi bir torba yo\u011furt satam\u0131yorum. Bu da 10 kilo. Ben bu peynirleri sabah a\u00e7t\u0131m eski zamanda olsa biterdi. Bu peynirin tenekesi bir bu\u00e7uk sene \u00f6nce 800 lirayd\u0131. \u015eimdi ise 5 bin 400 lira. Bu fiyat iki y\u0131l \u00f6nceydi. \u015eimdi enflasyon ka\u00e7?&#8221; s\u00f6zlerini sarf ederek derdini anlatt\u0131.<\/p>\n<p>PAZARCI ESNAFI M\u0130LLETVEK\u0130L\u0130NE B\u00d6YLE DERT YANDI<\/p>\n<p>Bir ba\u015fka esnaf ise \u015fu anda kendi i\u015fini yapt\u0131\u011f\u0131 halde zor kazand\u0131\u011f\u0131n\u0131 belirterek, \u201cBizler eskiden harbiden para kazan\u0131yormu\u015fuz. \u015eu anda kazanam\u0131yoruz ba\u015fa ba\u015f belki denk geliyor. Ben \u015fu anda kendi i\u015fimi yapt\u0131\u011f\u0131m halde zor ge\u00e7iniyorum. Burada g\u00f6rd\u00fc\u011f\u00fcn\u00fcz malzemelerin \u00e7o\u011funu ben kendim dikiyorum. Ben ustay\u0131m. \u00d6yle oldu\u011fu halde bile zor ge\u00e7iniyorum. Ald\u0131m fiyatlar art\u0131k birbirini tutmuyor. Bir parti kuma\u015f al\u0131yorsun, bir daha gitti\u011finde di\u011fer parti kuma\u015f almaya bir bak\u0131yorsun \u00fczerine para koymu\u015f. Ben esnaf olarak fark koyam\u0131yorum. Vatanda\u015f daha da indirim istiyor. E\u011fer ki indirim yapmazsan ba\u015fkalar\u0131na gidiyor. Sen her \u015feyi y\u00fczde 65 zam yap memura y\u00fczde 13 zam ver. Emekli maa\u015f\u0131 12 bin 500 lira. Benim kom\u015fum vard\u0131 ta\u015f\u0131nd\u0131. Isparta&#8217;ya gitti. Ge\u00e7inemedi gitti. K\u00f6y\u00fcne gitti. Antalya&#8217;daki evinde 15 bin lira kira istiyorlar\u201d \u015feklinde konu\u015farak derdini partililerle payla\u015ft\u0131.<\/p>\n<p>\u00a0<\/p>\n<p>\u200bCHP Manisa Milletvekili Bekir Ba\u015fevirgen, Antalya\u2019n\u0131n Muratpa\u015fa il\u00e7esindeki kapal\u0131 pazar alan\u0131nda esnaf ziyareti yapt\u0131. CHP il ve il\u00e7e ba\u015fkanlar\u0131n\u0131n da kat\u0131ld\u0131\u011f\u0131 ziyarette Milletvekili Ba\u015fevirgen, esnafa kulak verdi\u00a0<\/p>\n<p>\u200bHaberin Al\u0131nt\u0131land\u0131\u011f\u0131 Kaynak: www.antalyakorfez.com<\/p>","protected":false},"excerpt":{"rendered":"<p>CHP, 81 ilde esnaf ziyaretleri ger\u00e7ekle\u015ftirip, vatanda\u015flar\u0131n sorunlar\u0131n\u0131 dinledi. \u00a0\u00c7al\u0131\u015fmalar kapsam\u0131nda CHP Manisa Milletvekili Bekir Ba\u015fevirgen, Antalya&#8217;da esnaf\u0131 ziyaret etti. Ba\u015fevirgen&#8217;e ya\u015fad\u0131klar\u0131 ekonomik zorluklar\u0131 anlatan esnaflar, dert yand\u0131. Esnaf ziyaretlerine CHP Antalya \u0130l Ba\u015fkan\u0131 Nail Kamac\u0131 ile Muratpa\u015fa \u0130l\u00e7e Ba\u015fkan\u0131 Okan Can K\u0131ran\u2019da kat\u0131ld\u0131.\u00a0 F\u0130YAT ARTI\u015eI VATANDA\u015e KADAR ESNAFIDA BIKTIRDI CHP Manisa Milletvekili Bekir Ba\u015fevirgen, Antalya ziyaret program\u0131 \u00e7er\u00e7evesinde pazarc\u0131 esnaf\u0131n\u0131 ziyaret etti. Ziyarette Ba\u015fevirgen\u2019e CHP Antalya \u0130l Ba\u015fkan\u0131 Nail Kamac\u0131 ile Muratpa\u015fa \u0130l\u00e7e Ba\u015fkan\u0131 Okan Can K\u0131ran\u2019da e\u015flik etti. Cumhuriyet Halk Partisi\u2019nin 81 ilde d\u00fczenledi\u011fi ziyaretlerde milletvekilleri, esnaf ve vatanda\u015flara asgari \u00fccret i\u00e7in talep edilen 30 bin TL\u2019yi anlatt\u0131. Esnaf\u0131n sorunlar\u0131n\u0131 dinleyen milletvekillerin g\u00fcndemi, ya\u015fanan zamlar ve ge\u00e7im derdi. CHP\u2019li milletvekilleri sadece Muratpa\u015fa il\u00e7esinde de\u011fil Kepez ve Konyaalt\u0131\u2019nda da pazarc\u0131 esnaflar\u0131n\u0131 ziyaret etti. \u0130\u015e YAPAMAZ HALE GELD\u0130K Antalya Muratpa\u015fa il\u00e7esindeki kapal\u0131 pazar alan\u0131nda yer alan esnaflar\u0131n, sorunlar\u0131n\u0131 dinleyen CHP Manisa Milletvekili Bekir Ba\u015fevirgen bir esnaf\u0131n kendisine; \u201cEski i\u015fler nerede? Eski i\u015fler \u015fu anda y\u00fczde 5! Ben bu pazarda be\u015f torba yo\u011furt sat\u0131yordum. Be\u015f torba yo\u011furt 20 kilodan 100 kilo yap\u0131yordu. \u015eimdi bir torba yo\u011furt satam\u0131yorum. Bu da 10 kilo. Ben bu peynirleri sabah a\u00e7t\u0131m eski zamanda olsa biterdi. Bu peynirin tenekesi bir bu\u00e7uk sene \u00f6nce 800 lirayd\u0131. \u015eimdi ise &hellip;<\/p>","protected":false},"author":0,"featured_media":0,"comment_status":"open","ping_status":"open","sticky":false,"template":"","format":"standard","meta":{"_acf_changed":false,"footnotes":""},"categories":[24,535],"tags":[],"class_list":["post-16298","post","type-post","status-publish","format-standard","has-post-thumbnail","hentry","category-gundem","category-uncategorized-tr"],"acf":[],"yoast_head":"<!-- This site is optimized with the Yoast SEO Premium plugin v26.6 (Yoast SEO v27.1.1) - https:\/\/yoast.com\/product\/yoast-seo-premium-wordpress\/ -->\n<title>Antalya\u2019da CHP\u2019liler esnaf\u0131 dinledi - Av. Deniz Can K\u0131z\u0131l<\/title>\n<meta name=\"robots\" content=\"index, follow, max-snippet:-1, max-image-preview:large, max-video-preview:-1\" \/>\n<link rel=\"canonical\" href=\"https:\/\/denizcankizil.tr\/de\/haberler\/gundem\/antalyada-chpliler-esnafi-dinledi\/\" \/>\n<meta property=\"og:locale\" content=\"de_DE\" \/>\n<meta property=\"og:type\" content=\"article\" \/>\n<meta property=\"og:title\" content=\"Antalya\u2019da CHP\u2019liler esnaf\u0131 dinledi\" \/>\n<meta property=\"og:description\" content=\"CHP, 81 ilde esnaf ziyaretleri ger\u00e7ekle\u015ftirip, vatanda\u015flar\u0131n sorunlar\u0131n\u0131 dinledi. \u00a0\u00c7al\u0131\u015fmalar kapsam\u0131nda CHP Manisa Milletvekili Bekir Ba\u015fevirgen, Antalya&#8217;da esnaf\u0131 ziyaret etti. Ba\u015fevirgen&#8217;e ya\u015fad\u0131klar\u0131 ekonomik zorluklar\u0131 anlatan esnaflar, dert yand\u0131. Esnaf ziyaretlerine CHP Antalya \u0130l Ba\u015fkan\u0131 Nail Kamac\u0131 ile Muratpa\u015fa \u0130l\u00e7e Ba\u015fkan\u0131 Okan Can K\u0131ran\u2019da kat\u0131ld\u0131.\u00a0 F\u0130YAT ARTI\u015eI VATANDA\u015e KADAR ESNAFIDA BIKTIRDI CHP Manisa Milletvekili Bekir Ba\u015fevirgen, Antalya ziyaret program\u0131 \u00e7er\u00e7evesinde pazarc\u0131 esnaf\u0131n\u0131 ziyaret etti. Ziyarette Ba\u015fevirgen\u2019e CHP Antalya \u0130l Ba\u015fkan\u0131 Nail Kamac\u0131 ile Muratpa\u015fa \u0130l\u00e7e Ba\u015fkan\u0131 Okan Can K\u0131ran\u2019da e\u015flik etti. Cumhuriyet Halk Partisi\u2019nin 81 ilde d\u00fczenledi\u011fi ziyaretlerde milletvekilleri, esnaf ve vatanda\u015flara asgari \u00fccret i\u00e7in talep edilen 30 bin TL\u2019yi anlatt\u0131. Esnaf\u0131n sorunlar\u0131n\u0131 dinleyen milletvekillerin g\u00fcndemi, ya\u015fanan zamlar ve ge\u00e7im derdi. CHP\u2019li milletvekilleri sadece Muratpa\u015fa il\u00e7esinde de\u011fil Kepez ve Konyaalt\u0131\u2019nda da pazarc\u0131 esnaflar\u0131n\u0131 ziyaret etti. \u0130\u015e YAPAMAZ HALE GELD\u0130K Antalya Muratpa\u015fa il\u00e7esindeki kapal\u0131 pazar alan\u0131nda yer alan esnaflar\u0131n, sorunlar\u0131n\u0131 dinleyen CHP Manisa Milletvekili Bekir Ba\u015fevirgen bir esnaf\u0131n kendisine; \u201cEski i\u015fler nerede? Eski i\u015fler \u015fu anda y\u00fczde 5! Ben bu pazarda be\u015f torba yo\u011furt sat\u0131yordum. Be\u015f torba yo\u011furt 20 kilodan 100 kilo yap\u0131yordu. \u015eimdi bir torba yo\u011furt satam\u0131yorum. Bu da 10 kilo. Ben bu peynirleri sabah a\u00e7t\u0131m eski zamanda olsa biterdi. Bu peynirin tenekesi bir bu\u00e7uk sene \u00f6nce 800 lirayd\u0131. \u015eimdi ise &hellip;\" \/>\n<meta property=\"og:url\" content=\"https:\/\/denizcankizil.tr\/de\/haberler\/gundem\/antalyada-chpliler-esnafi-dinledi\/\" \/>\n<meta property=\"og:site_name\" content=\"Av. Deniz Can K\u0131z\u0131l\" \/>\n<meta property=\"article:published_time\" content=\"2024-11-18T07:41:46+00:00\" \/>\n<meta name=\"twitter:card\" content=\"summary_large_image\" \/>\n<meta name=\"twitter:label1\" content=\"Gesch\u00e4tzte Lesezeit\" \/>\n\t<meta name=\"twitter:data1\" content=\"2\u00a0Minuten\" \/>\n<script type=\"application\/ld+json\" class=\"yoast-schema-graph\">{\"@context\":\"https:\/\/schema.org\",\"@graph\":[{\"@type\":\"Article\",\"@id\":\"https:\/\/denizcankizil.tr\/de\/haberler\/gundem\/antalyada-chpliler-esnafi-dinledi\/#article\",\"isPartOf\":{\"@id\":\"https:\/\/denizcankizil.tr\/de\/haberler\/gundem\/antalyada-chpliler-esnafi-dinledi\/\"},\"author\":{\"name\":\"\",\"@id\":\"\"},\"headline\":\"Antalya\u2019da CHP\u2019liler esnaf\u0131 dinledi\",\"datePublished\":\"2024-11-18T07:41:46+00:00\",\"mainEntityOfPage\":{\"@id\":\"https:\/\/denizcankizil.tr\/de\/haberler\/gundem\/antalyada-chpliler-esnafi-dinledi\/\"},\"wordCount\":502,\"commentCount\":0,\"publisher\":{\"@id\":\"https:\/\/denizcankizil.tr\/de\/#organization\"},\"articleSection\":[\"G\u00fcndem\",\"Uncategorized\"],\"inLanguage\":\"de\",\"potentialAction\":[{\"@type\":\"CommentAction\",\"name\":\"Comment\",\"target\":[\"https:\/\/denizcankizil.tr\/de\/haberler\/gundem\/antalyada-chpliler-esnafi-dinledi\/#respond\"]}]},{\"@type\":\"WebPage\",\"@id\":\"https:\/\/denizcankizil.tr\/de\/haberler\/gundem\/antalyada-chpliler-esnafi-dinledi\/\",\"url\":\"https:\/\/denizcankizil.tr\/de\/haberler\/gundem\/antalyada-chpliler-esnafi-dinledi\/\",\"name\":\"Antalya\u2019da CHP\u2019liler esnaf\u0131 dinledi - Av. Deniz Can K\u0131z\u0131l\",\"isPartOf\":{\"@id\":\"https:\/\/denizcankizil.tr\/de\/#website\"},\"datePublished\":\"2024-11-18T07:41:46+00:00\",\"breadcrumb\":{\"@id\":\"https:\/\/denizcankizil.tr\/de\/haberler\/gundem\/antalyada-chpliler-esnafi-dinledi\/#breadcrumb\"},\"inLanguage\":\"de\",\"potentialAction\":[{\"@type\":\"ReadAction\",\"target\":[\"https:\/\/denizcankizil.tr\/de\/haberler\/gundem\/antalyada-chpliler-esnafi-dinledi\/\"]}]},{\"@type\":\"BreadcrumbList\",\"@id\":\"https:\/\/denizcankizil.tr\/de\/haberler\/gundem\/antalyada-chpliler-esnafi-dinledi\/#breadcrumb\",\"itemListElement\":[{\"@type\":\"ListItem\",\"position\":1,\"name\":\"Home\",\"item\":\"https:\/\/denizcankizil.tr\/de\/\"},{\"@type\":\"ListItem\",\"position\":2,\"name\":\"Antalya\u2019da CHP\u2019liler esnaf\u0131 dinledi\"}]},{\"@type\":\"WebSite\",\"@id\":\"https:\/\/denizcankizil.tr\/de\/#website\",\"url\":\"https:\/\/denizcankizil.tr\/de\/\",\"name\":\"Av. Deniz Can K\u0131z\u0131l\",\"description\":\"Avukat Deniz Can K\u0131z\u0131l Antalya Barosu\",\"publisher\":{\"@id\":\"https:\/\/denizcankizil.tr\/de\/#organization\"},\"potentialAction\":[{\"@type\":\"SearchAction\",\"target\":{\"@type\":\"EntryPoint\",\"urlTemplate\":\"https:\/\/denizcankizil.tr\/de\/?s={search_term_string}\"},\"query-input\":{\"@type\":\"PropertyValueSpecification\",\"valueRequired\":true,\"valueName\":\"search_term_string\"}}],\"inLanguage\":\"de\"},{\"@type\":\"Organization\",\"@id\":\"https:\/\/denizcankizil.tr\/de\/#organization\",\"name\":\"Av. Deniz Can K\u0131z\u0131l\",\"url\":\"https:\/\/denizcankizil.tr\/de\/\",\"logo\":{\"@type\":\"ImageObject\",\"inLanguage\":\"de\",\"@id\":\"https:\/\/denizcankizil.tr\/de\/#\/schema\/logo\/image\/\",\"url\":\"https:\/\/denizcankizil.tr\/wp-content\/uploads\/2024\/10\/siyah-logo-svg.svg\",\"contentUrl\":\"https:\/\/denizcankizil.tr\/wp-content\/uploads\/2024\/10\/siyah-logo-svg.svg\",\"width\":1080,\"height\":1080,\"caption\":\"Av. Deniz Can K\u0131z\u0131l\"},\"image\":{\"@id\":\"https:\/\/denizcankizil.tr\/de\/#\/schema\/logo\/image\/\"}}]}<\/script>\n<!-- \/ Yoast SEO Premium plugin. -->","yoast_head_json":{"title":"Antalya\u2019da CHP\u2019liler esnaf\u0131 dinledi - Av. Deniz Can K\u0131z\u0131l","robots":{"index":"index","follow":"follow","max-snippet":"max-snippet:-1","max-image-preview":"max-image-preview:large","max-video-preview":"max-video-preview:-1"},"canonical":"https:\/\/denizcankizil.tr\/de\/haberler\/gundem\/antalyada-chpliler-esnafi-dinledi\/","og_locale":"de_DE","og_type":"article","og_title":"Antalya\u2019da CHP\u2019liler esnaf\u0131 dinledi","og_description":"CHP, 81 ilde esnaf ziyaretleri ger\u00e7ekle\u015ftirip, vatanda\u015flar\u0131n sorunlar\u0131n\u0131 dinledi. \u00a0\u00c7al\u0131\u015fmalar kapsam\u0131nda CHP Manisa Milletvekili Bekir Ba\u015fevirgen, Antalya&#8217;da esnaf\u0131 ziyaret etti. Ba\u015fevirgen&#8217;e ya\u015fad\u0131klar\u0131 ekonomik zorluklar\u0131 anlatan esnaflar, dert yand\u0131. Esnaf ziyaretlerine CHP Antalya \u0130l Ba\u015fkan\u0131 Nail Kamac\u0131 ile Muratpa\u015fa \u0130l\u00e7e Ba\u015fkan\u0131 Okan Can K\u0131ran\u2019da kat\u0131ld\u0131.\u00a0 F\u0130YAT ARTI\u015eI VATANDA\u015e KADAR ESNAFIDA BIKTIRDI CHP Manisa Milletvekili Bekir Ba\u015fevirgen, Antalya ziyaret program\u0131 \u00e7er\u00e7evesinde pazarc\u0131 esnaf\u0131n\u0131 ziyaret etti. Ziyarette Ba\u015fevirgen\u2019e CHP Antalya \u0130l Ba\u015fkan\u0131 Nail Kamac\u0131 ile Muratpa\u015fa \u0130l\u00e7e Ba\u015fkan\u0131 Okan Can K\u0131ran\u2019da e\u015flik etti. Cumhuriyet Halk Partisi\u2019nin 81 ilde d\u00fczenledi\u011fi ziyaretlerde milletvekilleri, esnaf ve vatanda\u015flara asgari \u00fccret i\u00e7in talep edilen 30 bin TL\u2019yi anlatt\u0131. Esnaf\u0131n sorunlar\u0131n\u0131 dinleyen milletvekillerin g\u00fcndemi, ya\u015fanan zamlar ve ge\u00e7im derdi. CHP\u2019li milletvekilleri sadece Muratpa\u015fa il\u00e7esinde de\u011fil Kepez ve Konyaalt\u0131\u2019nda da pazarc\u0131 esnaflar\u0131n\u0131 ziyaret etti. \u0130\u015e YAPAMAZ HALE GELD\u0130K Antalya Muratpa\u015fa il\u00e7esindeki kapal\u0131 pazar alan\u0131nda yer alan esnaflar\u0131n, sorunlar\u0131n\u0131 dinleyen CHP Manisa Milletvekili Bekir Ba\u015fevirgen bir esnaf\u0131n kendisine; \u201cEski i\u015fler nerede? Eski i\u015fler \u015fu anda y\u00fczde 5! Ben bu pazarda be\u015f torba yo\u011furt sat\u0131yordum. Be\u015f torba yo\u011furt 20 kilodan 100 kilo yap\u0131yordu. \u015eimdi bir torba yo\u011furt satam\u0131yorum. Bu da 10 kilo. Ben bu peynirleri sabah a\u00e7t\u0131m eski zamanda olsa biterdi. Bu peynirin tenekesi bir bu\u00e7uk sene \u00f6nce 800 lirayd\u0131. \u015eimdi ise &hellip;","og_url":"https:\/\/denizcankizil.tr\/de\/haberler\/gundem\/antalyada-chpliler-esnafi-dinledi\/","og_site_name":"Av. Deniz Can K\u0131z\u0131l","article_published_time":"2024-11-18T07:41:46+00:00","twitter_card":"summary_large_image","twitter_misc":{"Gesch\u00e4tzte Lesezeit":"2\u00a0Minuten"},"schema":{"@context":"https:\/\/schema.org","@graph":[{"@type":"Article","@id":"https:\/\/denizcankizil.tr\/de\/haberler\/gundem\/antalyada-chpliler-esnafi-dinledi\/#article","isPartOf":{"@id":"https:\/\/denizcankizil.tr\/de\/haberler\/gundem\/antalyada-chpliler-esnafi-dinledi\/"},"author":{"name":"","@id":""},"headline":"Antalya\u2019da CHP\u2019liler esnaf\u0131 dinledi","datePublished":"2024-11-18T07:41:46+00:00","mainEntityOfPage":{"@id":"https:\/\/denizcankizil.tr\/de\/haberler\/gundem\/antalyada-chpliler-esnafi-dinledi\/"},"wordCount":502,"commentCount":0,"publisher":{"@id":"https:\/\/denizcankizil.tr\/de\/#organization"},"articleSection":["G\u00fcndem","Uncategorized"],"inLanguage":"de","potentialAction":[{"@type":"CommentAction","name":"Comment","target":["https:\/\/denizcankizil.tr\/de\/haberler\/gundem\/antalyada-chpliler-esnafi-dinledi\/#respond"]}]},{"@type":"WebPage","@id":"https:\/\/denizcankizil.tr\/de\/haberler\/gundem\/antalyada-chpliler-esnafi-dinledi\/","url":"https:\/\/denizcankizil.tr\/de\/haberler\/gundem\/antalyada-chpliler-esnafi-dinledi\/","name":"Antalya\u2019da CHP\u2019liler esnaf\u0131 dinledi - Av. Deniz Can K\u0131z\u0131l","isPartOf":{"@id":"https:\/\/denizcankizil.tr\/de\/#website"},"datePublished":"2024-11-18T07:41:46+00:00","breadcrumb":{"@id":"https:\/\/denizcankizil.tr\/de\/haberler\/gundem\/antalyada-chpliler-esnafi-dinledi\/#breadcrumb"},"inLanguage":"de","potentialAction":[{"@type":"ReadAction","target":["https:\/\/denizcankizil.tr\/de\/haberler\/gundem\/antalyada-chpliler-esnafi-dinledi\/"]}]},{"@type":"BreadcrumbList","@id":"https:\/\/denizcankizil.tr\/de\/haberler\/gundem\/antalyada-chpliler-esnafi-dinledi\/#breadcrumb","itemListElement":[{"@type":"ListItem","position":1,"name":"Home","item":"https:\/\/denizcankizil.tr\/de\/"},{"@type":"ListItem","position":2,"name":"Antalya\u2019da CHP\u2019liler esnaf\u0131 dinledi"}]},{"@type":"WebSite","@id":"https:\/\/denizcankizil.tr\/de\/#website","url":"https:\/\/denizcankizil.tr\/de\/","name":"Av. Deniz Can K\u0131z\u0131l","description":"Avukat Deniz Can K\u0131z\u0131l Antalya Barosu","publisher":{"@id":"https:\/\/denizcankizil.tr\/de\/#organization"},"potentialAction":[{"@type":"SearchAction","target":{"@type":"EntryPoint","urlTemplate":"https:\/\/denizcankizil.tr\/de\/?s={search_term_string}"},"query-input":{"@type":"PropertyValueSpecification","valueRequired":true,"valueName":"search_term_string"}}],"inLanguage":"de"},{"@type":"Organization","@id":"https:\/\/denizcankizil.tr\/de\/#organization","name":"Av. Deniz Can K\u0131z\u0131l","url":"https:\/\/denizcankizil.tr\/de\/","logo":{"@type":"ImageObject","inLanguage":"de","@id":"https:\/\/denizcankizil.tr\/de\/#\/schema\/logo\/image\/","url":"https:\/\/denizcankizil.tr\/wp-content\/uploads\/2024\/10\/siyah-logo-svg.svg","contentUrl":"https:\/\/denizcankizil.tr\/wp-content\/uploads\/2024\/10\/siyah-logo-svg.svg","width":1080,"height":1080,"caption":"Av. Deniz Can K\u0131z\u0131l"},"image":{"@id":"https:\/\/denizcankizil.tr\/de\/#\/schema\/logo\/image\/"}}]}},"_links":{"self":[{"href":"https:\/\/denizcankizil.tr\/de\/wp-json\/wp\/v2\/posts\/16298","targetHints":{"allow":["GET"]}}],"collection":[{"href":"https:\/\/denizcankizil.tr\/de\/wp-json\/wp\/v2\/posts"}],"about":[{"href":"https:\/\/denizcankizil.tr\/de\/wp-json\/wp\/v2\/types\/post"}],"replies":[{"embeddable":true,"href":"https:\/\/denizcankizil.tr\/de\/wp-json\/wp\/v2\/comments?post=16298"}],"version-history":[{"count":0,"href":"https:\/\/denizcankizil.tr\/de\/wp-json\/wp\/v2\/posts\/16298\/revisions"}],"wp:attachment":[{"href":"https:\/\/denizcankizil.tr\/de\/wp-json\/wp\/v2\/media?parent=16298"}],"wp:term":[{"taxonomy":"category","embeddable":true,"href":"https:\/\/denizcankizil.tr\/de\/wp-json\/wp\/v2\/categories?post=16298"},{"taxonomy":"post_tag","embeddable":true,"href":"https:\/\/denizcankizil.tr\/de\/wp-json\/wp\/v2\/tags?post=16298"}],"curies":[{"name":"wp","href":"https:\/\/api.w.org\/{rel}","templated":true}]}}