{"id":16052,"date":"2024-11-15T17:41:48","date_gmt":"2024-11-15T14:41:48","guid":{"rendered":"https:\/\/denizcankizil.tr\/uncategorized-tr\/13-suriye-uyruklu-gocmenle-4-supheli-yakalandi\/"},"modified":"2024-11-15T17:41:48","modified_gmt":"2024-11-15T14:41:48","slug":"13-suriye-uyruklu-gocmenle-4-supheli-yakalandi","status":"publish","type":"post","link":"https:\/\/denizcankizil.tr\/de\/haberler\/gundem\/13-suriye-uyruklu-gocmenle-4-supheli-yakalandi\/","title":{"rendered":"13 Suriye Uyruklu G\u00f6\u00e7menle, 4 \u015e\u00fcpheli yakaland\u0131!"},"content":{"rendered":"<p>Edinilen bilgilere g\u00f6re, Antakya-Belen yolunda d\u00fczenlenen denetimler s\u0131ras\u0131nda, \u015f\u00fcpheli 79&#8230; ve 31&#8230; plakal\u0131 ara\u00e7lar emniyet ekiplerince durduruldu. Yap\u0131lan kontrollerde, ara\u00e7larda \u2018ikamet izni\u2019 bulunmayan toplam 13 Suriye uyruklu g\u00f6\u00e7men tespit edildi. Ayr\u0131ca olayla ilgili olarak ara\u00e7lar\u0131n s\u00fcr\u00fcc\u00fcs\u00fc ve di\u011fer \u015f\u00fcpheliler, F.U., C.O., H.\u0130.Y. ve C.U. yakalanarak g\u00f6zalt\u0131na al\u0131nd\u0131. G\u00f6zalt\u0131na al\u0131nan \u015f\u00fcpheliler, sevk edildikleri adli makamlarca tutukland\u0131.<\/p>\n<p>\u0130\u00e7i\u015fleri Bakanl\u0131\u011f\u0131&#8217;na ba\u011fl\u0131 \u0130l G\u00f6\u00e7 \u0130daresi M\u00fcd\u00fcrl\u00fc\u011f\u00fc&#8217;ne teslim edilen g\u00f6\u00e7menler, i\u015flemlerinin ard\u0131ndan gerekli yasal i\u015flemler i\u00e7in ilgili birimlere y\u00f6nlendirildi. Hatay Emniyet M\u00fcd\u00fcrl\u00fc\u011f\u00fc, g\u00f6\u00e7men ka\u00e7ak\u00e7\u0131l\u0131\u011f\u0131yla m\u00fccadelenin kararl\u0131l\u0131kla s\u00fcrd\u00fcr\u00fclece\u011fini duyurdu.<\/p>\n<p>\u200bHatay Emniyet M\u00fcd\u00fcrl\u00fc\u011f\u00fc, g\u00f6\u00e7men ka\u00e7ak\u00e7\u0131l\u0131\u011f\u0131na y\u00f6nelik yapt\u0131\u011f\u0131 operasyonlar kapsam\u0131nda, \u00f6nemli bir ba\u015far\u0131ya imza atarak yurda ka\u00e7ak yollarla girdikleri belirlenen 13 Suriye Uyruklu g\u00f6\u00e7men ile birlikte 4 \u015f\u00fcpheli yakaland\u0131.\u00a0<\/p>\n<p>\u200bHaberin Al\u0131nt\u0131land\u0131\u011f\u0131 Kaynak: www.iskenderun.org<\/p>","protected":false},"excerpt":{"rendered":"<p>Edinilen bilgilere g\u00f6re, Antakya-Belen yolunda d\u00fczenlenen denetimler s\u0131ras\u0131nda, \u015f\u00fcpheli 79&#8230; ve 31&#8230; plakal\u0131 ara\u00e7lar emniyet ekiplerince durduruldu. Yap\u0131lan kontrollerde, ara\u00e7larda \u2018ikamet izni\u2019 bulunmayan toplam 13 Suriye uyruklu g\u00f6\u00e7men tespit edildi. Ayr\u0131ca olayla ilgili olarak ara\u00e7lar\u0131n s\u00fcr\u00fcc\u00fcs\u00fc ve di\u011fer \u015f\u00fcpheliler, F.U., C.O., H.\u0130.Y. ve C.U. yakalanarak g\u00f6zalt\u0131na al\u0131nd\u0131. G\u00f6zalt\u0131na al\u0131nan \u015f\u00fcpheliler, sevk edildikleri adli makamlarca tutukland\u0131. \u0130\u00e7i\u015fleri Bakanl\u0131\u011f\u0131&#8217;na ba\u011fl\u0131 \u0130l G\u00f6\u00e7 \u0130daresi M\u00fcd\u00fcrl\u00fc\u011f\u00fc&#8217;ne teslim edilen g\u00f6\u00e7menler, i\u015flemlerinin ard\u0131ndan gerekli yasal i\u015flemler i\u00e7in ilgili birimlere y\u00f6nlendirildi. Hatay Emniyet M\u00fcd\u00fcrl\u00fc\u011f\u00fc, g\u00f6\u00e7men ka\u00e7ak\u00e7\u0131l\u0131\u011f\u0131yla m\u00fccadelenin kararl\u0131l\u0131kla s\u00fcrd\u00fcr\u00fclece\u011fini duyurdu. \u200bHatay Emniyet M\u00fcd\u00fcrl\u00fc\u011f\u00fc, g\u00f6\u00e7men ka\u00e7ak\u00e7\u0131l\u0131\u011f\u0131na y\u00f6nelik yapt\u0131\u011f\u0131 operasyonlar kapsam\u0131nda, \u00f6nemli bir ba\u015far\u0131ya imza atarak yurda ka\u00e7ak yollarla girdikleri belirlenen 13 Suriye Uyruklu g\u00f6\u00e7men ile birlikte 4 \u015f\u00fcpheli yakaland\u0131.\u00a0 \u200bHaberin Al\u0131nt\u0131land\u0131\u011f\u0131 Kaynak: www.iskenderun.org<\/p>","protected":false},"author":0,"featured_media":0,"comment_status":"open","ping_status":"open","sticky":false,"template":"","format":"standard","meta":{"_acf_changed":false,"footnotes":""},"categories":[24,535],"tags":[],"class_list":["post-16052","post","type-post","status-publish","format-standard","has-post-thumbnail","hentry","category-gundem","category-uncategorized-tr"],"acf":[],"yoast_head":"<!-- This site is optimized with the Yoast SEO Premium plugin v26.6 (Yoast SEO v27.1.1) - https:\/\/yoast.com\/product\/yoast-seo-premium-wordpress\/ -->\n<title>13 Suriye Uyruklu G\u00f6\u00e7menle, 4 \u015e\u00fcpheli yakaland\u0131! - Av. Deniz Can K\u0131z\u0131l<\/title>\n<meta name=\"robots\" content=\"index, follow, max-snippet:-1, max-image-preview:large, max-video-preview:-1\" \/>\n<link rel=\"canonical\" href=\"https:\/\/denizcankizil.tr\/de\/haberler\/gundem\/13-suriye-uyruklu-gocmenle-4-supheli-yakalandi\/\" \/>\n<meta property=\"og:locale\" content=\"de_DE\" \/>\n<meta property=\"og:type\" content=\"article\" \/>\n<meta property=\"og:title\" content=\"13 Suriye Uyruklu G\u00f6\u00e7menle, 4 \u015e\u00fcpheli yakaland\u0131!\" \/>\n<meta property=\"og:description\" content=\"Edinilen bilgilere g\u00f6re, Antakya-Belen yolunda d\u00fczenlenen denetimler s\u0131ras\u0131nda, \u015f\u00fcpheli 79&#8230; ve 31&#8230; plakal\u0131 ara\u00e7lar emniyet ekiplerince durduruldu. Yap\u0131lan kontrollerde, ara\u00e7larda \u2018ikamet izni\u2019 bulunmayan toplam 13 Suriye uyruklu g\u00f6\u00e7men tespit edildi. Ayr\u0131ca olayla ilgili olarak ara\u00e7lar\u0131n s\u00fcr\u00fcc\u00fcs\u00fc ve di\u011fer \u015f\u00fcpheliler, F.U., C.O., H.\u0130.Y. ve C.U. yakalanarak g\u00f6zalt\u0131na al\u0131nd\u0131. G\u00f6zalt\u0131na al\u0131nan \u015f\u00fcpheliler, sevk edildikleri adli makamlarca tutukland\u0131. \u0130\u00e7i\u015fleri Bakanl\u0131\u011f\u0131&#8217;na ba\u011fl\u0131 \u0130l G\u00f6\u00e7 \u0130daresi M\u00fcd\u00fcrl\u00fc\u011f\u00fc&#8217;ne teslim edilen g\u00f6\u00e7menler, i\u015flemlerinin ard\u0131ndan gerekli yasal i\u015flemler i\u00e7in ilgili birimlere y\u00f6nlendirildi. Hatay Emniyet M\u00fcd\u00fcrl\u00fc\u011f\u00fc, g\u00f6\u00e7men ka\u00e7ak\u00e7\u0131l\u0131\u011f\u0131yla m\u00fccadelenin kararl\u0131l\u0131kla s\u00fcrd\u00fcr\u00fclece\u011fini duyurdu. \u200bHatay Emniyet M\u00fcd\u00fcrl\u00fc\u011f\u00fc, g\u00f6\u00e7men ka\u00e7ak\u00e7\u0131l\u0131\u011f\u0131na y\u00f6nelik yapt\u0131\u011f\u0131 operasyonlar kapsam\u0131nda, \u00f6nemli bir ba\u015far\u0131ya imza atarak yurda ka\u00e7ak yollarla girdikleri belirlenen 13 Suriye Uyruklu g\u00f6\u00e7men ile birlikte 4 \u015f\u00fcpheli yakaland\u0131.\u00a0 \u200bHaberin Al\u0131nt\u0131land\u0131\u011f\u0131 Kaynak: www.iskenderun.org\" \/>\n<meta property=\"og:url\" content=\"https:\/\/denizcankizil.tr\/de\/haberler\/gundem\/13-suriye-uyruklu-gocmenle-4-supheli-yakalandi\/\" \/>\n<meta property=\"og:site_name\" content=\"Av. Deniz Can K\u0131z\u0131l\" \/>\n<meta property=\"article:published_time\" content=\"2024-11-15T14:41:48+00:00\" \/>\n<meta name=\"twitter:card\" content=\"summary_large_image\" \/>\n<meta name=\"twitter:label1\" content=\"Gesch\u00e4tzte Lesezeit\" \/>\n\t<meta name=\"twitter:data1\" content=\"1\u00a0Minute\" \/>\n<script type=\"application\/ld+json\" class=\"yoast-schema-graph\">{\"@context\":\"https:\/\/schema.org\",\"@graph\":[{\"@type\":\"Article\",\"@id\":\"https:\/\/denizcankizil.tr\/de\/haberler\/gundem\/13-suriye-uyruklu-gocmenle-4-supheli-yakalandi\/#article\",\"isPartOf\":{\"@id\":\"https:\/\/denizcankizil.tr\/de\/haberler\/gundem\/13-suriye-uyruklu-gocmenle-4-supheli-yakalandi\/\"},\"author\":{\"name\":\"\",\"@id\":\"\"},\"headline\":\"13 Suriye Uyruklu G\u00f6\u00e7menle, 4 \u015e\u00fcpheli yakaland\u0131!\",\"datePublished\":\"2024-11-15T14:41:48+00:00\",\"mainEntityOfPage\":{\"@id\":\"https:\/\/denizcankizil.tr\/de\/haberler\/gundem\/13-suriye-uyruklu-gocmenle-4-supheli-yakalandi\/\"},\"wordCount\":182,\"commentCount\":0,\"publisher\":{\"@id\":\"https:\/\/denizcankizil.tr\/#organization\"},\"articleSection\":[\"G\u00fcndem\",\"Uncategorized\"],\"inLanguage\":\"de\",\"potentialAction\":[{\"@type\":\"CommentAction\",\"name\":\"Comment\",\"target\":[\"https:\/\/denizcankizil.tr\/de\/haberler\/gundem\/13-suriye-uyruklu-gocmenle-4-supheli-yakalandi\/#respond\"]}]},{\"@type\":\"WebPage\",\"@id\":\"https:\/\/denizcankizil.tr\/de\/haberler\/gundem\/13-suriye-uyruklu-gocmenle-4-supheli-yakalandi\/\",\"url\":\"https:\/\/denizcankizil.tr\/de\/haberler\/gundem\/13-suriye-uyruklu-gocmenle-4-supheli-yakalandi\/\",\"name\":\"13 Suriye Uyruklu G\u00f6\u00e7menle, 4 \u015e\u00fcpheli yakaland\u0131! - Av. Deniz Can K\u0131z\u0131l\",\"isPartOf\":{\"@id\":\"https:\/\/denizcankizil.tr\/#website\"},\"datePublished\":\"2024-11-15T14:41:48+00:00\",\"breadcrumb\":{\"@id\":\"https:\/\/denizcankizil.tr\/de\/haberler\/gundem\/13-suriye-uyruklu-gocmenle-4-supheli-yakalandi\/#breadcrumb\"},\"inLanguage\":\"de\",\"potentialAction\":[{\"@type\":\"ReadAction\",\"target\":[\"https:\/\/denizcankizil.tr\/de\/haberler\/gundem\/13-suriye-uyruklu-gocmenle-4-supheli-yakalandi\/\"]}]},{\"@type\":\"BreadcrumbList\",\"@id\":\"https:\/\/denizcankizil.tr\/de\/haberler\/gundem\/13-suriye-uyruklu-gocmenle-4-supheli-yakalandi\/#breadcrumb\",\"itemListElement\":[{\"@type\":\"ListItem\",\"position\":1,\"name\":\"Home\",\"item\":\"https:\/\/denizcankizil.tr\/uk\/\"},{\"@type\":\"ListItem\",\"position\":2,\"name\":\"13 Suriye Uyruklu G\u00f6\u00e7menle, 4 \u015e\u00fcpheli yakaland\u0131!\"}]},{\"@type\":\"WebSite\",\"@id\":\"https:\/\/denizcankizil.tr\/#website\",\"url\":\"https:\/\/denizcankizil.tr\/\",\"name\":\"Av. Deniz Can K\u0131z\u0131l\",\"description\":\"Avukat Deniz Can K\u0131z\u0131l Antalya Barosu\",\"publisher\":{\"@id\":\"https:\/\/denizcankizil.tr\/#organization\"},\"potentialAction\":[{\"@type\":\"SearchAction\",\"target\":{\"@type\":\"EntryPoint\",\"urlTemplate\":\"https:\/\/denizcankizil.tr\/?s={search_term_string}\"},\"query-input\":{\"@type\":\"PropertyValueSpecification\",\"valueRequired\":true,\"valueName\":\"search_term_string\"}}],\"inLanguage\":\"de\"},{\"@type\":\"Organization\",\"@id\":\"https:\/\/denizcankizil.tr\/#organization\",\"name\":\"Av. Deniz Can K\u0131z\u0131l\",\"url\":\"https:\/\/denizcankizil.tr\/\",\"logo\":{\"@type\":\"ImageObject\",\"inLanguage\":\"de\",\"@id\":\"https:\/\/denizcankizil.tr\/#\/schema\/logo\/image\/\",\"url\":\"https:\/\/denizcankizil.tr\/wp-content\/uploads\/2024\/10\/siyah-logo-svg.svg\",\"contentUrl\":\"https:\/\/denizcankizil.tr\/wp-content\/uploads\/2024\/10\/siyah-logo-svg.svg\",\"width\":1080,\"height\":1080,\"caption\":\"Av. Deniz Can K\u0131z\u0131l\"},\"image\":{\"@id\":\"https:\/\/denizcankizil.tr\/#\/schema\/logo\/image\/\"}}]}<\/script>\n<!-- \/ Yoast SEO Premium plugin. -->","yoast_head_json":{"title":"13 Suriye Uyruklu G\u00f6\u00e7menle, 4 \u015e\u00fcpheli yakaland\u0131! - Av. Deniz Can K\u0131z\u0131l","robots":{"index":"index","follow":"follow","max-snippet":"max-snippet:-1","max-image-preview":"max-image-preview:large","max-video-preview":"max-video-preview:-1"},"canonical":"https:\/\/denizcankizil.tr\/de\/haberler\/gundem\/13-suriye-uyruklu-gocmenle-4-supheli-yakalandi\/","og_locale":"de_DE","og_type":"article","og_title":"13 Suriye Uyruklu G\u00f6\u00e7menle, 4 \u015e\u00fcpheli yakaland\u0131!","og_description":"Edinilen bilgilere g\u00f6re, Antakya-Belen yolunda d\u00fczenlenen denetimler s\u0131ras\u0131nda, \u015f\u00fcpheli 79&#8230; ve 31&#8230; plakal\u0131 ara\u00e7lar emniyet ekiplerince durduruldu. Yap\u0131lan kontrollerde, ara\u00e7larda \u2018ikamet izni\u2019 bulunmayan toplam 13 Suriye uyruklu g\u00f6\u00e7men tespit edildi. Ayr\u0131ca olayla ilgili olarak ara\u00e7lar\u0131n s\u00fcr\u00fcc\u00fcs\u00fc ve di\u011fer \u015f\u00fcpheliler, F.U., C.O., H.\u0130.Y. ve C.U. yakalanarak g\u00f6zalt\u0131na al\u0131nd\u0131. G\u00f6zalt\u0131na al\u0131nan \u015f\u00fcpheliler, sevk edildikleri adli makamlarca tutukland\u0131. \u0130\u00e7i\u015fleri Bakanl\u0131\u011f\u0131&#8217;na ba\u011fl\u0131 \u0130l G\u00f6\u00e7 \u0130daresi M\u00fcd\u00fcrl\u00fc\u011f\u00fc&#8217;ne teslim edilen g\u00f6\u00e7menler, i\u015flemlerinin ard\u0131ndan gerekli yasal i\u015flemler i\u00e7in ilgili birimlere y\u00f6nlendirildi. Hatay Emniyet M\u00fcd\u00fcrl\u00fc\u011f\u00fc, g\u00f6\u00e7men ka\u00e7ak\u00e7\u0131l\u0131\u011f\u0131yla m\u00fccadelenin kararl\u0131l\u0131kla s\u00fcrd\u00fcr\u00fclece\u011fini duyurdu. \u200bHatay Emniyet M\u00fcd\u00fcrl\u00fc\u011f\u00fc, g\u00f6\u00e7men ka\u00e7ak\u00e7\u0131l\u0131\u011f\u0131na y\u00f6nelik yapt\u0131\u011f\u0131 operasyonlar kapsam\u0131nda, \u00f6nemli bir ba\u015far\u0131ya imza atarak yurda ka\u00e7ak yollarla girdikleri belirlenen 13 Suriye Uyruklu g\u00f6\u00e7men ile birlikte 4 \u015f\u00fcpheli yakaland\u0131.\u00a0 \u200bHaberin Al\u0131nt\u0131land\u0131\u011f\u0131 Kaynak: www.iskenderun.org","og_url":"https:\/\/denizcankizil.tr\/de\/haberler\/gundem\/13-suriye-uyruklu-gocmenle-4-supheli-yakalandi\/","og_site_name":"Av. Deniz Can K\u0131z\u0131l","article_published_time":"2024-11-15T14:41:48+00:00","twitter_card":"summary_large_image","twitter_misc":{"Gesch\u00e4tzte Lesezeit":"1\u00a0Minute"},"schema":{"@context":"https:\/\/schema.org","@graph":[{"@type":"Article","@id":"https:\/\/denizcankizil.tr\/de\/haberler\/gundem\/13-suriye-uyruklu-gocmenle-4-supheli-yakalandi\/#article","isPartOf":{"@id":"https:\/\/denizcankizil.tr\/de\/haberler\/gundem\/13-suriye-uyruklu-gocmenle-4-supheli-yakalandi\/"},"author":{"name":"","@id":""},"headline":"13 Suriye Uyruklu G\u00f6\u00e7menle, 4 \u015e\u00fcpheli yakaland\u0131!","datePublished":"2024-11-15T14:41:48+00:00","mainEntityOfPage":{"@id":"https:\/\/denizcankizil.tr\/de\/haberler\/gundem\/13-suriye-uyruklu-gocmenle-4-supheli-yakalandi\/"},"wordCount":182,"commentCount":0,"publisher":{"@id":"https:\/\/denizcankizil.tr\/#organization"},"articleSection":["G\u00fcndem","Uncategorized"],"inLanguage":"de","potentialAction":[{"@type":"CommentAction","name":"Comment","target":["https:\/\/denizcankizil.tr\/de\/haberler\/gundem\/13-suriye-uyruklu-gocmenle-4-supheli-yakalandi\/#respond"]}]},{"@type":"WebPage","@id":"https:\/\/denizcankizil.tr\/de\/haberler\/gundem\/13-suriye-uyruklu-gocmenle-4-supheli-yakalandi\/","url":"https:\/\/denizcankizil.tr\/de\/haberler\/gundem\/13-suriye-uyruklu-gocmenle-4-supheli-yakalandi\/","name":"13 Suriye Uyruklu G\u00f6\u00e7menle, 4 \u015e\u00fcpheli yakaland\u0131! - Av. Deniz Can K\u0131z\u0131l","isPartOf":{"@id":"https:\/\/denizcankizil.tr\/#website"},"datePublished":"2024-11-15T14:41:48+00:00","breadcrumb":{"@id":"https:\/\/denizcankizil.tr\/de\/haberler\/gundem\/13-suriye-uyruklu-gocmenle-4-supheli-yakalandi\/#breadcrumb"},"inLanguage":"de","potentialAction":[{"@type":"ReadAction","target":["https:\/\/denizcankizil.tr\/de\/haberler\/gundem\/13-suriye-uyruklu-gocmenle-4-supheli-yakalandi\/"]}]},{"@type":"BreadcrumbList","@id":"https:\/\/denizcankizil.tr\/de\/haberler\/gundem\/13-suriye-uyruklu-gocmenle-4-supheli-yakalandi\/#breadcrumb","itemListElement":[{"@type":"ListItem","position":1,"name":"Home","item":"https:\/\/denizcankizil.tr\/uk\/"},{"@type":"ListItem","position":2,"name":"13 Suriye Uyruklu G\u00f6\u00e7menle, 4 \u015e\u00fcpheli yakaland\u0131!"}]},{"@type":"WebSite","@id":"https:\/\/denizcankizil.tr\/#website","url":"https:\/\/denizcankizil.tr\/","name":"Av. Deniz Can K\u0131z\u0131l","description":"Avukat Deniz Can K\u0131z\u0131l Antalya Barosu","publisher":{"@id":"https:\/\/denizcankizil.tr\/#organization"},"potentialAction":[{"@type":"SearchAction","target":{"@type":"EntryPoint","urlTemplate":"https:\/\/denizcankizil.tr\/?s={search_term_string}"},"query-input":{"@type":"PropertyValueSpecification","valueRequired":true,"valueName":"search_term_string"}}],"inLanguage":"de"},{"@type":"Organization","@id":"https:\/\/denizcankizil.tr\/#organization","name":"Av. Deniz Can K\u0131z\u0131l","url":"https:\/\/denizcankizil.tr\/","logo":{"@type":"ImageObject","inLanguage":"de","@id":"https:\/\/denizcankizil.tr\/#\/schema\/logo\/image\/","url":"https:\/\/denizcankizil.tr\/wp-content\/uploads\/2024\/10\/siyah-logo-svg.svg","contentUrl":"https:\/\/denizcankizil.tr\/wp-content\/uploads\/2024\/10\/siyah-logo-svg.svg","width":1080,"height":1080,"caption":"Av. Deniz Can K\u0131z\u0131l"},"image":{"@id":"https:\/\/denizcankizil.tr\/#\/schema\/logo\/image\/"}}]}},"_links":{"self":[{"href":"https:\/\/denizcankizil.tr\/de\/wp-json\/wp\/v2\/posts\/16052","targetHints":{"allow":["GET"]}}],"collection":[{"href":"https:\/\/denizcankizil.tr\/de\/wp-json\/wp\/v2\/posts"}],"about":[{"href":"https:\/\/denizcankizil.tr\/de\/wp-json\/wp\/v2\/types\/post"}],"replies":[{"embeddable":true,"href":"https:\/\/denizcankizil.tr\/de\/wp-json\/wp\/v2\/comments?post=16052"}],"version-history":[{"count":0,"href":"https:\/\/denizcankizil.tr\/de\/wp-json\/wp\/v2\/posts\/16052\/revisions"}],"wp:attachment":[{"href":"https:\/\/denizcankizil.tr\/de\/wp-json\/wp\/v2\/media?parent=16052"}],"wp:term":[{"taxonomy":"category","embeddable":true,"href":"https:\/\/denizcankizil.tr\/de\/wp-json\/wp\/v2\/categories?post=16052"},{"taxonomy":"post_tag","embeddable":true,"href":"https:\/\/denizcankizil.tr\/de\/wp-json\/wp\/v2\/tags?post=16052"}],"curies":[{"name":"wp","href":"https:\/\/api.w.org\/{rel}","templated":true}]}}