{"id":15912,"date":"2024-11-14T17:43:33","date_gmt":"2024-11-14T14:43:33","guid":{"rendered":"https:\/\/denizcankizil.tr\/uncategorized-tr\/iskenderun-kucuk-sanayi-sitesi-arsasi-belirsizligi\/"},"modified":"2024-11-14T17:43:33","modified_gmt":"2024-11-14T14:43:33","slug":"iskenderun-kucuk-sanayi-sitesi-arsasi-belirsizligi","status":"publish","type":"post","link":"https:\/\/denizcankizil.tr\/de\/haberler\/gundem\/iskenderun-kucuk-sanayi-sitesi-arsasi-belirsizligi\/","title":{"rendered":"\u0130skenderun K\u00fc\u00e7\u00fck Sanayi Sitesi arsas\u0131 belirsizli\u011fi\u2026"},"content":{"rendered":"<p>K\u00fc\u00e7\u00fck Sanayi Sitesi Yap\u0131 Kooperatifinin Ba\u015fkan\u0131 \u0130brahim A\u00e7\u0131kg\u00f6z ile y\u00f6netimi ziyaret ettikleri \u0130skenderun Gazeteciler Cemiyeti yeni y\u00f6netimini kutlad\u0131, ba\u015far\u0131lar diledi.<\/p>\n<p>\u0130GC Ba\u015fkan\u0131 Diyap Atar da, ziyaretten duydu\u011fu memnuniyeti dile getirerek, Kooperatif Ba\u015fkan\u0131 \u0130brahim A\u00e7\u0131kg\u00f6z ile y\u00f6netimine te\u015fekk\u00fcr etti. \u00a0<\/p>\n<p>\u0130GC Bas\u0131n Merkezindeki ziyaretinde gazetecilere kooperatifin son durumu ile ilgili bilgiler payla\u015fan Ba\u015fkan \u0130brahim A\u00e7\u0131kg\u00f6z, depremden \u00f6nce sonu\u00e7 a\u015famas\u0131na getirilen sorunun, \u015fu anda \u00e7\u00f6z\u00fcms\u00fcz bir hal ald\u0131\u011f\u0131na dikkat \u00e7ekerek \u201c3 ay \u00f6nce Cumhurba\u015fkan\u0131 kararnamesiyle, bize ait 80 d\u00f6n\u00fcm ile birlikte 565 d\u00f6n\u00fcm araz\u0131, sanayi alan\u0131na d\u00f6n\u00fc\u015ft\u00fc. \u00c7evre ve \u015eehircilik bakanl\u0131\u011f\u0131 b\u00fcnyesinde bulunan bu arazi Sanayi ve Ticaret Bakanl\u0131\u011f\u0131na devredilip, komple bir proje ile yap\u0131laca\u011f\u0131 bildirildi\u201d dedi.<\/p>\n<p>\u015eu anda kendilerinin ne yapaca\u011f\u0131, ne istendi\u011fi konusunda bir bilgilerinin de olmad\u0131\u011f\u0131n\u0131 aktaran \u0130brahim A\u00e7\u0131kg\u00f6z \u201cGe\u00e7ti\u011fimiz g\u00fcnlerde \u0130skenderun Belediye Ba\u015fkan\u0131 Mehmet D\u00f6nmez, Kooperatifimize ait \u00fcyelerimiz i\u00e7in Nard\u00fcz\u00fc\u2019nde planlama yap\u0131laca\u011f\u0131 s\u00f6yleminde bulundu. Biz hala ne yap\u0131lacak, ne d\u00fc\u015f\u00fcn\u00fcl\u00fcyor, bu konuda bilgimiz yok, ma\u011fduruz. 20 y\u0131ld\u0131r bu esnaf, tahsis edilen Cebike mevkiindeki arazide biran \u00f6nce i\u015fyerlerini yaparak ta\u015f\u0131n\u0131p ekme\u011fini burada kazanmak istiyor\u201d diye konu\u015ftu. \u00a0<\/p>\n<p>\u200bHatay\u2019\u0131n \u0130skenderun il\u00e7esinde, kent merkezinde bulunan K\u00fc\u00e7\u00fck Sanayi Sitesi esnaf\u0131n\u0131n kurdu\u011fu Yap\u0131 Kooperatifinin 20 y\u0131ld\u0131r \u00e7\u00f6z\u00fcm\u00fcn\u00fc bekledi\u011fi arsa sorununun belirsizle\u015fmesi esnaf\u0131 tedirgin ediyor.\u00a0<\/p>\n<p>\u200bHaberin Al\u0131nt\u0131land\u0131\u011f\u0131 Kaynak: www.iskenderun.org<\/p>","protected":false},"excerpt":{"rendered":"<p>K\u00fc\u00e7\u00fck Sanayi Sitesi Yap\u0131 Kooperatifinin Ba\u015fkan\u0131 \u0130brahim A\u00e7\u0131kg\u00f6z ile y\u00f6netimi ziyaret ettikleri \u0130skenderun Gazeteciler Cemiyeti yeni y\u00f6netimini kutlad\u0131, ba\u015far\u0131lar diledi. \u0130GC Ba\u015fkan\u0131 Diyap Atar da, ziyaretten duydu\u011fu memnuniyeti dile getirerek, Kooperatif Ba\u015fkan\u0131 \u0130brahim A\u00e7\u0131kg\u00f6z ile y\u00f6netimine te\u015fekk\u00fcr etti. \u00a0 \u0130GC Bas\u0131n Merkezindeki ziyaretinde gazetecilere kooperatifin son durumu ile ilgili bilgiler payla\u015fan Ba\u015fkan \u0130brahim A\u00e7\u0131kg\u00f6z, depremden \u00f6nce sonu\u00e7 a\u015famas\u0131na getirilen sorunun, \u015fu anda \u00e7\u00f6z\u00fcms\u00fcz bir hal ald\u0131\u011f\u0131na dikkat \u00e7ekerek \u201c3 ay \u00f6nce Cumhurba\u015fkan\u0131 kararnamesiyle, bize ait 80 d\u00f6n\u00fcm ile birlikte 565 d\u00f6n\u00fcm araz\u0131, sanayi alan\u0131na d\u00f6n\u00fc\u015ft\u00fc. \u00c7evre ve \u015eehircilik bakanl\u0131\u011f\u0131 b\u00fcnyesinde bulunan bu arazi Sanayi ve Ticaret Bakanl\u0131\u011f\u0131na devredilip, komple bir proje ile yap\u0131laca\u011f\u0131 bildirildi\u201d dedi. \u015eu anda kendilerinin ne yapaca\u011f\u0131, ne istendi\u011fi konusunda bir bilgilerinin de olmad\u0131\u011f\u0131n\u0131 aktaran \u0130brahim A\u00e7\u0131kg\u00f6z \u201cGe\u00e7ti\u011fimiz g\u00fcnlerde \u0130skenderun Belediye Ba\u015fkan\u0131 Mehmet D\u00f6nmez, Kooperatifimize ait \u00fcyelerimiz i\u00e7in Nard\u00fcz\u00fc\u2019nde planlama yap\u0131laca\u011f\u0131 s\u00f6yleminde bulundu. Biz hala ne yap\u0131lacak, ne d\u00fc\u015f\u00fcn\u00fcl\u00fcyor, bu konuda bilgimiz yok, ma\u011fduruz. 20 y\u0131ld\u0131r bu esnaf, tahsis edilen Cebike mevkiindeki arazide biran \u00f6nce i\u015fyerlerini yaparak ta\u015f\u0131n\u0131p ekme\u011fini burada kazanmak istiyor\u201d diye konu\u015ftu. \u00a0 \u200bHatay\u2019\u0131n \u0130skenderun il\u00e7esinde, kent merkezinde bulunan K\u00fc\u00e7\u00fck Sanayi Sitesi esnaf\u0131n\u0131n kurdu\u011fu Yap\u0131 Kooperatifinin 20 y\u0131ld\u0131r \u00e7\u00f6z\u00fcm\u00fcn\u00fc bekledi\u011fi arsa sorununun belirsizle\u015fmesi esnaf\u0131 tedirgin ediyor.\u00a0 \u200bHaberin Al\u0131nt\u0131land\u0131\u011f\u0131 Kaynak: www.iskenderun.org<\/p>","protected":false},"author":0,"featured_media":0,"comment_status":"open","ping_status":"open","sticky":false,"template":"","format":"standard","meta":{"_acf_changed":false,"footnotes":""},"categories":[24,535],"tags":[],"class_list":["post-15912","post","type-post","status-publish","format-standard","has-post-thumbnail","hentry","category-gundem","category-uncategorized-tr"],"acf":[],"yoast_head":"<!-- This site is optimized with the Yoast SEO Premium plugin v26.6 (Yoast SEO v27.1.1) - https:\/\/yoast.com\/product\/yoast-seo-premium-wordpress\/ -->\n<title>\u0130skenderun K\u00fc\u00e7\u00fck Sanayi Sitesi arsas\u0131 belirsizli\u011fi\u2026 - Av. Deniz Can K\u0131z\u0131l<\/title>\n<meta name=\"robots\" content=\"index, follow, max-snippet:-1, max-image-preview:large, max-video-preview:-1\" \/>\n<link rel=\"canonical\" href=\"https:\/\/denizcankizil.tr\/de\/haberler\/gundem\/iskenderun-kucuk-sanayi-sitesi-arsasi-belirsizligi\/\" \/>\n<meta property=\"og:locale\" content=\"de_DE\" \/>\n<meta property=\"og:type\" content=\"article\" \/>\n<meta property=\"og:title\" content=\"\u0130skenderun K\u00fc\u00e7\u00fck Sanayi Sitesi arsas\u0131 belirsizli\u011fi\u2026\" \/>\n<meta property=\"og:description\" content=\"K\u00fc\u00e7\u00fck Sanayi Sitesi Yap\u0131 Kooperatifinin Ba\u015fkan\u0131 \u0130brahim A\u00e7\u0131kg\u00f6z ile y\u00f6netimi ziyaret ettikleri \u0130skenderun Gazeteciler Cemiyeti yeni y\u00f6netimini kutlad\u0131, ba\u015far\u0131lar diledi. \u0130GC Ba\u015fkan\u0131 Diyap Atar da, ziyaretten duydu\u011fu memnuniyeti dile getirerek, Kooperatif Ba\u015fkan\u0131 \u0130brahim A\u00e7\u0131kg\u00f6z ile y\u00f6netimine te\u015fekk\u00fcr etti. \u00a0 \u0130GC Bas\u0131n Merkezindeki ziyaretinde gazetecilere kooperatifin son durumu ile ilgili bilgiler payla\u015fan Ba\u015fkan \u0130brahim A\u00e7\u0131kg\u00f6z, depremden \u00f6nce sonu\u00e7 a\u015famas\u0131na getirilen sorunun, \u015fu anda \u00e7\u00f6z\u00fcms\u00fcz bir hal ald\u0131\u011f\u0131na dikkat \u00e7ekerek \u201c3 ay \u00f6nce Cumhurba\u015fkan\u0131 kararnamesiyle, bize ait 80 d\u00f6n\u00fcm ile birlikte 565 d\u00f6n\u00fcm araz\u0131, sanayi alan\u0131na d\u00f6n\u00fc\u015ft\u00fc. \u00c7evre ve \u015eehircilik bakanl\u0131\u011f\u0131 b\u00fcnyesinde bulunan bu arazi Sanayi ve Ticaret Bakanl\u0131\u011f\u0131na devredilip, komple bir proje ile yap\u0131laca\u011f\u0131 bildirildi\u201d dedi. \u015eu anda kendilerinin ne yapaca\u011f\u0131, ne istendi\u011fi konusunda bir bilgilerinin de olmad\u0131\u011f\u0131n\u0131 aktaran \u0130brahim A\u00e7\u0131kg\u00f6z \u201cGe\u00e7ti\u011fimiz g\u00fcnlerde \u0130skenderun Belediye Ba\u015fkan\u0131 Mehmet D\u00f6nmez, Kooperatifimize ait \u00fcyelerimiz i\u00e7in Nard\u00fcz\u00fc\u2019nde planlama yap\u0131laca\u011f\u0131 s\u00f6yleminde bulundu. Biz hala ne yap\u0131lacak, ne d\u00fc\u015f\u00fcn\u00fcl\u00fcyor, bu konuda bilgimiz yok, ma\u011fduruz. 20 y\u0131ld\u0131r bu esnaf, tahsis edilen Cebike mevkiindeki arazide biran \u00f6nce i\u015fyerlerini yaparak ta\u015f\u0131n\u0131p ekme\u011fini burada kazanmak istiyor\u201d diye konu\u015ftu. \u00a0 \u200bHatay\u2019\u0131n \u0130skenderun il\u00e7esinde, kent merkezinde bulunan K\u00fc\u00e7\u00fck Sanayi Sitesi esnaf\u0131n\u0131n kurdu\u011fu Yap\u0131 Kooperatifinin 20 y\u0131ld\u0131r \u00e7\u00f6z\u00fcm\u00fcn\u00fc bekledi\u011fi arsa sorununun belirsizle\u015fmesi esnaf\u0131 tedirgin ediyor.\u00a0 \u200bHaberin Al\u0131nt\u0131land\u0131\u011f\u0131 Kaynak: www.iskenderun.org\" \/>\n<meta property=\"og:url\" content=\"https:\/\/denizcankizil.tr\/de\/haberler\/gundem\/iskenderun-kucuk-sanayi-sitesi-arsasi-belirsizligi\/\" \/>\n<meta property=\"og:site_name\" content=\"Av. Deniz Can K\u0131z\u0131l\" \/>\n<meta property=\"article:published_time\" content=\"2024-11-14T14:43:33+00:00\" \/>\n<meta name=\"twitter:card\" content=\"summary_large_image\" \/>\n<meta name=\"twitter:label1\" content=\"Gesch\u00e4tzte Lesezeit\" \/>\n\t<meta name=\"twitter:data1\" content=\"1\u00a0Minute\" \/>\n<script type=\"application\/ld+json\" class=\"yoast-schema-graph\">{\"@context\":\"https:\/\/schema.org\",\"@graph\":[{\"@type\":\"Article\",\"@id\":\"https:\/\/denizcankizil.tr\/ru\/haberler\/gundem\/iskenderun-kucuk-sanayi-sitesi-arsasi-belirsizligi\/#article\",\"isPartOf\":{\"@id\":\"https:\/\/denizcankizil.tr\/ru\/haberler\/gundem\/iskenderun-kucuk-sanayi-sitesi-arsasi-belirsizligi\/\"},\"author\":{\"name\":\"\",\"@id\":\"\"},\"headline\":\"\u0130skenderun K\u00fc\u00e7\u00fck Sanayi Sitesi arsas\u0131 belirsizli\u011fi\u2026\",\"datePublished\":\"2024-11-14T14:43:33+00:00\",\"mainEntityOfPage\":{\"@id\":\"https:\/\/denizcankizil.tr\/ru\/haberler\/gundem\/iskenderun-kucuk-sanayi-sitesi-arsasi-belirsizligi\/\"},\"wordCount\":275,\"commentCount\":0,\"publisher\":{\"@id\":\"https:\/\/denizcankizil.tr\/de\/#organization\"},\"articleSection\":[\"G\u00fcndem\",\"Uncategorized\"],\"inLanguage\":\"de\",\"potentialAction\":[{\"@type\":\"CommentAction\",\"name\":\"Comment\",\"target\":[\"https:\/\/denizcankizil.tr\/ru\/haberler\/gundem\/iskenderun-kucuk-sanayi-sitesi-arsasi-belirsizligi\/#respond\"]}]},{\"@type\":\"WebPage\",\"@id\":\"https:\/\/denizcankizil.tr\/ru\/haberler\/gundem\/iskenderun-kucuk-sanayi-sitesi-arsasi-belirsizligi\/\",\"url\":\"https:\/\/denizcankizil.tr\/ru\/haberler\/gundem\/iskenderun-kucuk-sanayi-sitesi-arsasi-belirsizligi\/\",\"name\":\"\u0130skenderun K\u00fc\u00e7\u00fck Sanayi Sitesi arsas\u0131 belirsizli\u011fi\u2026 - Av. Deniz Can K\u0131z\u0131l\",\"isPartOf\":{\"@id\":\"https:\/\/denizcankizil.tr\/de\/#website\"},\"datePublished\":\"2024-11-14T14:43:33+00:00\",\"breadcrumb\":{\"@id\":\"https:\/\/denizcankizil.tr\/ru\/haberler\/gundem\/iskenderun-kucuk-sanayi-sitesi-arsasi-belirsizligi\/#breadcrumb\"},\"inLanguage\":\"de\",\"potentialAction\":[{\"@type\":\"ReadAction\",\"target\":[\"https:\/\/denizcankizil.tr\/ru\/haberler\/gundem\/iskenderun-kucuk-sanayi-sitesi-arsasi-belirsizligi\/\"]}]},{\"@type\":\"BreadcrumbList\",\"@id\":\"https:\/\/denizcankizil.tr\/ru\/haberler\/gundem\/iskenderun-kucuk-sanayi-sitesi-arsasi-belirsizligi\/#breadcrumb\",\"itemListElement\":[{\"@type\":\"ListItem\",\"position\":1,\"name\":\"Home\",\"item\":\"https:\/\/denizcankizil.tr\/de\/\"},{\"@type\":\"ListItem\",\"position\":2,\"name\":\"\u0130skenderun K\u00fc\u00e7\u00fck Sanayi Sitesi arsas\u0131 belirsizli\u011fi\u2026\"}]},{\"@type\":\"WebSite\",\"@id\":\"https:\/\/denizcankizil.tr\/de\/#website\",\"url\":\"https:\/\/denizcankizil.tr\/de\/\",\"name\":\"Av. Deniz Can K\u0131z\u0131l\",\"description\":\"Avukat Deniz Can K\u0131z\u0131l Antalya Barosu\",\"publisher\":{\"@id\":\"https:\/\/denizcankizil.tr\/de\/#organization\"},\"potentialAction\":[{\"@type\":\"SearchAction\",\"target\":{\"@type\":\"EntryPoint\",\"urlTemplate\":\"https:\/\/denizcankizil.tr\/de\/?s={search_term_string}\"},\"query-input\":{\"@type\":\"PropertyValueSpecification\",\"valueRequired\":true,\"valueName\":\"search_term_string\"}}],\"inLanguage\":\"de\"},{\"@type\":\"Organization\",\"@id\":\"https:\/\/denizcankizil.tr\/de\/#organization\",\"name\":\"Av. Deniz Can K\u0131z\u0131l\",\"url\":\"https:\/\/denizcankizil.tr\/de\/\",\"logo\":{\"@type\":\"ImageObject\",\"inLanguage\":\"de\",\"@id\":\"https:\/\/denizcankizil.tr\/de\/#\/schema\/logo\/image\/\",\"url\":\"https:\/\/denizcankizil.tr\/wp-content\/uploads\/2024\/10\/siyah-logo-svg.svg\",\"contentUrl\":\"https:\/\/denizcankizil.tr\/wp-content\/uploads\/2024\/10\/siyah-logo-svg.svg\",\"width\":1080,\"height\":1080,\"caption\":\"Av. Deniz Can K\u0131z\u0131l\"},\"image\":{\"@id\":\"https:\/\/denizcankizil.tr\/de\/#\/schema\/logo\/image\/\"}}]}<\/script>\n<!-- \/ Yoast SEO Premium plugin. -->","yoast_head_json":{"title":"\u0130skenderun K\u00fc\u00e7\u00fck Sanayi Sitesi arsas\u0131 belirsizli\u011fi\u2026 - Av. Deniz Can K\u0131z\u0131l","robots":{"index":"index","follow":"follow","max-snippet":"max-snippet:-1","max-image-preview":"max-image-preview:large","max-video-preview":"max-video-preview:-1"},"canonical":"https:\/\/denizcankizil.tr\/de\/haberler\/gundem\/iskenderun-kucuk-sanayi-sitesi-arsasi-belirsizligi\/","og_locale":"de_DE","og_type":"article","og_title":"\u0130skenderun K\u00fc\u00e7\u00fck Sanayi Sitesi arsas\u0131 belirsizli\u011fi\u2026","og_description":"K\u00fc\u00e7\u00fck Sanayi Sitesi Yap\u0131 Kooperatifinin Ba\u015fkan\u0131 \u0130brahim A\u00e7\u0131kg\u00f6z ile y\u00f6netimi ziyaret ettikleri \u0130skenderun Gazeteciler Cemiyeti yeni y\u00f6netimini kutlad\u0131, ba\u015far\u0131lar diledi. \u0130GC Ba\u015fkan\u0131 Diyap Atar da, ziyaretten duydu\u011fu memnuniyeti dile getirerek, Kooperatif Ba\u015fkan\u0131 \u0130brahim A\u00e7\u0131kg\u00f6z ile y\u00f6netimine te\u015fekk\u00fcr etti. \u00a0 \u0130GC Bas\u0131n Merkezindeki ziyaretinde gazetecilere kooperatifin son durumu ile ilgili bilgiler payla\u015fan Ba\u015fkan \u0130brahim A\u00e7\u0131kg\u00f6z, depremden \u00f6nce sonu\u00e7 a\u015famas\u0131na getirilen sorunun, \u015fu anda \u00e7\u00f6z\u00fcms\u00fcz bir hal ald\u0131\u011f\u0131na dikkat \u00e7ekerek \u201c3 ay \u00f6nce Cumhurba\u015fkan\u0131 kararnamesiyle, bize ait 80 d\u00f6n\u00fcm ile birlikte 565 d\u00f6n\u00fcm araz\u0131, sanayi alan\u0131na d\u00f6n\u00fc\u015ft\u00fc. \u00c7evre ve \u015eehircilik bakanl\u0131\u011f\u0131 b\u00fcnyesinde bulunan bu arazi Sanayi ve Ticaret Bakanl\u0131\u011f\u0131na devredilip, komple bir proje ile yap\u0131laca\u011f\u0131 bildirildi\u201d dedi. \u015eu anda kendilerinin ne yapaca\u011f\u0131, ne istendi\u011fi konusunda bir bilgilerinin de olmad\u0131\u011f\u0131n\u0131 aktaran \u0130brahim A\u00e7\u0131kg\u00f6z \u201cGe\u00e7ti\u011fimiz g\u00fcnlerde \u0130skenderun Belediye Ba\u015fkan\u0131 Mehmet D\u00f6nmez, Kooperatifimize ait \u00fcyelerimiz i\u00e7in Nard\u00fcz\u00fc\u2019nde planlama yap\u0131laca\u011f\u0131 s\u00f6yleminde bulundu. Biz hala ne yap\u0131lacak, ne d\u00fc\u015f\u00fcn\u00fcl\u00fcyor, bu konuda bilgimiz yok, ma\u011fduruz. 20 y\u0131ld\u0131r bu esnaf, tahsis edilen Cebike mevkiindeki arazide biran \u00f6nce i\u015fyerlerini yaparak ta\u015f\u0131n\u0131p ekme\u011fini burada kazanmak istiyor\u201d diye konu\u015ftu. \u00a0 \u200bHatay\u2019\u0131n \u0130skenderun il\u00e7esinde, kent merkezinde bulunan K\u00fc\u00e7\u00fck Sanayi Sitesi esnaf\u0131n\u0131n kurdu\u011fu Yap\u0131 Kooperatifinin 20 y\u0131ld\u0131r \u00e7\u00f6z\u00fcm\u00fcn\u00fc bekledi\u011fi arsa sorununun belirsizle\u015fmesi esnaf\u0131 tedirgin ediyor.\u00a0 \u200bHaberin Al\u0131nt\u0131land\u0131\u011f\u0131 Kaynak: www.iskenderun.org","og_url":"https:\/\/denizcankizil.tr\/de\/haberler\/gundem\/iskenderun-kucuk-sanayi-sitesi-arsasi-belirsizligi\/","og_site_name":"Av. Deniz Can K\u0131z\u0131l","article_published_time":"2024-11-14T14:43:33+00:00","twitter_card":"summary_large_image","twitter_misc":{"Gesch\u00e4tzte Lesezeit":"1\u00a0Minute"},"schema":{"@context":"https:\/\/schema.org","@graph":[{"@type":"Article","@id":"https:\/\/denizcankizil.tr\/ru\/haberler\/gundem\/iskenderun-kucuk-sanayi-sitesi-arsasi-belirsizligi\/#article","isPartOf":{"@id":"https:\/\/denizcankizil.tr\/ru\/haberler\/gundem\/iskenderun-kucuk-sanayi-sitesi-arsasi-belirsizligi\/"},"author":{"name":"","@id":""},"headline":"\u0130skenderun K\u00fc\u00e7\u00fck Sanayi Sitesi arsas\u0131 belirsizli\u011fi\u2026","datePublished":"2024-11-14T14:43:33+00:00","mainEntityOfPage":{"@id":"https:\/\/denizcankizil.tr\/ru\/haberler\/gundem\/iskenderun-kucuk-sanayi-sitesi-arsasi-belirsizligi\/"},"wordCount":275,"commentCount":0,"publisher":{"@id":"https:\/\/denizcankizil.tr\/de\/#organization"},"articleSection":["G\u00fcndem","Uncategorized"],"inLanguage":"de","potentialAction":[{"@type":"CommentAction","name":"Comment","target":["https:\/\/denizcankizil.tr\/ru\/haberler\/gundem\/iskenderun-kucuk-sanayi-sitesi-arsasi-belirsizligi\/#respond"]}]},{"@type":"WebPage","@id":"https:\/\/denizcankizil.tr\/ru\/haberler\/gundem\/iskenderun-kucuk-sanayi-sitesi-arsasi-belirsizligi\/","url":"https:\/\/denizcankizil.tr\/ru\/haberler\/gundem\/iskenderun-kucuk-sanayi-sitesi-arsasi-belirsizligi\/","name":"\u0130skenderun K\u00fc\u00e7\u00fck Sanayi Sitesi arsas\u0131 belirsizli\u011fi\u2026 - Av. Deniz Can K\u0131z\u0131l","isPartOf":{"@id":"https:\/\/denizcankizil.tr\/de\/#website"},"datePublished":"2024-11-14T14:43:33+00:00","breadcrumb":{"@id":"https:\/\/denizcankizil.tr\/ru\/haberler\/gundem\/iskenderun-kucuk-sanayi-sitesi-arsasi-belirsizligi\/#breadcrumb"},"inLanguage":"de","potentialAction":[{"@type":"ReadAction","target":["https:\/\/denizcankizil.tr\/ru\/haberler\/gundem\/iskenderun-kucuk-sanayi-sitesi-arsasi-belirsizligi\/"]}]},{"@type":"BreadcrumbList","@id":"https:\/\/denizcankizil.tr\/ru\/haberler\/gundem\/iskenderun-kucuk-sanayi-sitesi-arsasi-belirsizligi\/#breadcrumb","itemListElement":[{"@type":"ListItem","position":1,"name":"Home","item":"https:\/\/denizcankizil.tr\/de\/"},{"@type":"ListItem","position":2,"name":"\u0130skenderun K\u00fc\u00e7\u00fck Sanayi Sitesi arsas\u0131 belirsizli\u011fi\u2026"}]},{"@type":"WebSite","@id":"https:\/\/denizcankizil.tr\/de\/#website","url":"https:\/\/denizcankizil.tr\/de\/","name":"Av. Deniz Can K\u0131z\u0131l","description":"Avukat Deniz Can K\u0131z\u0131l Antalya Barosu","publisher":{"@id":"https:\/\/denizcankizil.tr\/de\/#organization"},"potentialAction":[{"@type":"SearchAction","target":{"@type":"EntryPoint","urlTemplate":"https:\/\/denizcankizil.tr\/de\/?s={search_term_string}"},"query-input":{"@type":"PropertyValueSpecification","valueRequired":true,"valueName":"search_term_string"}}],"inLanguage":"de"},{"@type":"Organization","@id":"https:\/\/denizcankizil.tr\/de\/#organization","name":"Av. Deniz Can K\u0131z\u0131l","url":"https:\/\/denizcankizil.tr\/de\/","logo":{"@type":"ImageObject","inLanguage":"de","@id":"https:\/\/denizcankizil.tr\/de\/#\/schema\/logo\/image\/","url":"https:\/\/denizcankizil.tr\/wp-content\/uploads\/2024\/10\/siyah-logo-svg.svg","contentUrl":"https:\/\/denizcankizil.tr\/wp-content\/uploads\/2024\/10\/siyah-logo-svg.svg","width":1080,"height":1080,"caption":"Av. Deniz Can K\u0131z\u0131l"},"image":{"@id":"https:\/\/denizcankizil.tr\/de\/#\/schema\/logo\/image\/"}}]}},"_links":{"self":[{"href":"https:\/\/denizcankizil.tr\/de\/wp-json\/wp\/v2\/posts\/15912","targetHints":{"allow":["GET"]}}],"collection":[{"href":"https:\/\/denizcankizil.tr\/de\/wp-json\/wp\/v2\/posts"}],"about":[{"href":"https:\/\/denizcankizil.tr\/de\/wp-json\/wp\/v2\/types\/post"}],"replies":[{"embeddable":true,"href":"https:\/\/denizcankizil.tr\/de\/wp-json\/wp\/v2\/comments?post=15912"}],"version-history":[{"count":0,"href":"https:\/\/denizcankizil.tr\/de\/wp-json\/wp\/v2\/posts\/15912\/revisions"}],"wp:attachment":[{"href":"https:\/\/denizcankizil.tr\/de\/wp-json\/wp\/v2\/media?parent=15912"}],"wp:term":[{"taxonomy":"category","embeddable":true,"href":"https:\/\/denizcankizil.tr\/de\/wp-json\/wp\/v2\/categories?post=15912"},{"taxonomy":"post_tag","embeddable":true,"href":"https:\/\/denizcankizil.tr\/de\/wp-json\/wp\/v2\/tags?post=15912"}],"curies":[{"name":"wp","href":"https:\/\/api.w.org\/{rel}","templated":true}]}}