{"id":15794,"date":"2024-11-13T16:43:56","date_gmt":"2024-11-13T13:43:56","guid":{"rendered":"https:\/\/denizcankizil.tr\/uncategorized-tr\/iskenderunda-gece-boyunca-denetimler-yapildi\/"},"modified":"2024-11-13T16:43:56","modified_gmt":"2024-11-13T13:43:56","slug":"iskenderunda-gece-boyunca-denetimler-yapildi","status":"publish","type":"post","link":"https:\/\/denizcankizil.tr\/de\/haberler\/gundem\/iskenderunda-gece-boyunca-denetimler-yapildi\/","title":{"rendered":"\u0130skenderun&#8217;da gece boyunca denetimler yap\u0131ld\u0131"},"content":{"rendered":"<p>\u00d6zellikle bar, kafe ve e\u011flence mek\u00e2nlar\u0131n\u0131n yo\u011funlukta oldu\u011fu b\u00f6lgelerde yap\u0131lan denetimlerde, \u015f\u00fcpheli g\u00f6r\u00fclen ki\u015filerin kimlik bilgileri kontrol edilerek, su\u00e7 \u00f6ncesi tedbir al\u0131nd\u0131. Yap\u0131lan d\u00fczenli denetimler sayesinde, su\u00e7a meyilli bireyler \u00fczerinde detayl\u0131 incelemeler yap\u0131ld\u0131 ve aranan \u015f\u00fcpheliler de yakalanarak g\u00f6zalt\u0131na al\u0131nd\u0131. Ekipler, g\u00fcvenlik \u00f6nlemlerini art\u0131rarak \u015fehrin farkl\u0131 b\u00f6lgelerinde denetimlerini s\u00fcrd\u00fcrd\u00fc.<\/p>\n<p>Emniyet yetkilileri, halk\u0131n g\u00fcvenli\u011fini sa\u011flamak amac\u0131yla denetimlerin periyodik olarak devam edece\u011fini belirtti.<\/p>\n<p>\u200bHatay\u2019\u0131n \u0130skenderun \u0130l\u00e7esinde Emniyet M\u00fcd\u00fcrl\u00fc\u011f\u00fcne ba\u011fl\u0131 ekipleri, gece saatlerinde \u015fehrin \u00e7e\u015fitli noktalar\u0131nda kapsaml\u0131 denetimler ger\u00e7ekle\u015ftirdi.\u00a0<\/p>\n<p>\u200bHaberin Al\u0131nt\u0131land\u0131\u011f\u0131 Kaynak: www.iskenderun.org<\/p>","protected":false},"excerpt":{"rendered":"<p>\u00d6zellikle bar, kafe ve e\u011flence mek\u00e2nlar\u0131n\u0131n yo\u011funlukta oldu\u011fu b\u00f6lgelerde yap\u0131lan denetimlerde, \u015f\u00fcpheli g\u00f6r\u00fclen ki\u015filerin kimlik bilgileri kontrol edilerek, su\u00e7 \u00f6ncesi tedbir al\u0131nd\u0131. Yap\u0131lan d\u00fczenli denetimler sayesinde, su\u00e7a meyilli bireyler \u00fczerinde detayl\u0131 incelemeler yap\u0131ld\u0131 ve aranan \u015f\u00fcpheliler de yakalanarak g\u00f6zalt\u0131na al\u0131nd\u0131. Ekipler, g\u00fcvenlik \u00f6nlemlerini art\u0131rarak \u015fehrin farkl\u0131 b\u00f6lgelerinde denetimlerini s\u00fcrd\u00fcrd\u00fc. Emniyet yetkilileri, halk\u0131n g\u00fcvenli\u011fini sa\u011flamak amac\u0131yla denetimlerin periyodik olarak devam edece\u011fini belirtti. \u200bHatay\u2019\u0131n \u0130skenderun \u0130l\u00e7esinde Emniyet M\u00fcd\u00fcrl\u00fc\u011f\u00fcne ba\u011fl\u0131 ekipleri, gece saatlerinde \u015fehrin \u00e7e\u015fitli noktalar\u0131nda kapsaml\u0131 denetimler ger\u00e7ekle\u015ftirdi.\u00a0 \u200bHaberin Al\u0131nt\u0131land\u0131\u011f\u0131 Kaynak: www.iskenderun.org<\/p>","protected":false},"author":0,"featured_media":0,"comment_status":"open","ping_status":"open","sticky":false,"template":"","format":"standard","meta":{"_acf_changed":false,"footnotes":""},"categories":[24,535],"tags":[],"class_list":["post-15794","post","type-post","status-publish","format-standard","has-post-thumbnail","hentry","category-gundem","category-uncategorized-tr"],"acf":[],"yoast_head":"<!-- This site is optimized with the Yoast SEO Premium plugin v26.6 (Yoast SEO v27.1.1) - https:\/\/yoast.com\/product\/yoast-seo-premium-wordpress\/ -->\n<title>\u0130skenderun&#039;da gece boyunca denetimler yap\u0131ld\u0131 - Av. Deniz Can K\u0131z\u0131l<\/title>\n<meta name=\"robots\" content=\"index, follow, max-snippet:-1, max-image-preview:large, max-video-preview:-1\" \/>\n<link rel=\"canonical\" href=\"https:\/\/denizcankizil.tr\/de\/haberler\/gundem\/iskenderunda-gece-boyunca-denetimler-yapildi\/\" \/>\n<meta property=\"og:locale\" content=\"de_DE\" \/>\n<meta property=\"og:type\" content=\"article\" \/>\n<meta property=\"og:title\" content=\"\u0130skenderun&#039;da gece boyunca denetimler yap\u0131ld\u0131\" \/>\n<meta property=\"og:description\" content=\"\u00d6zellikle bar, kafe ve e\u011flence mek\u00e2nlar\u0131n\u0131n yo\u011funlukta oldu\u011fu b\u00f6lgelerde yap\u0131lan denetimlerde, \u015f\u00fcpheli g\u00f6r\u00fclen ki\u015filerin kimlik bilgileri kontrol edilerek, su\u00e7 \u00f6ncesi tedbir al\u0131nd\u0131. Yap\u0131lan d\u00fczenli denetimler sayesinde, su\u00e7a meyilli bireyler \u00fczerinde detayl\u0131 incelemeler yap\u0131ld\u0131 ve aranan \u015f\u00fcpheliler de yakalanarak g\u00f6zalt\u0131na al\u0131nd\u0131. Ekipler, g\u00fcvenlik \u00f6nlemlerini art\u0131rarak \u015fehrin farkl\u0131 b\u00f6lgelerinde denetimlerini s\u00fcrd\u00fcrd\u00fc. Emniyet yetkilileri, halk\u0131n g\u00fcvenli\u011fini sa\u011flamak amac\u0131yla denetimlerin periyodik olarak devam edece\u011fini belirtti. \u200bHatay\u2019\u0131n \u0130skenderun \u0130l\u00e7esinde Emniyet M\u00fcd\u00fcrl\u00fc\u011f\u00fcne ba\u011fl\u0131 ekipleri, gece saatlerinde \u015fehrin \u00e7e\u015fitli noktalar\u0131nda kapsaml\u0131 denetimler ger\u00e7ekle\u015ftirdi.\u00a0 \u200bHaberin Al\u0131nt\u0131land\u0131\u011f\u0131 Kaynak: www.iskenderun.org\" \/>\n<meta property=\"og:url\" content=\"https:\/\/denizcankizil.tr\/de\/haberler\/gundem\/iskenderunda-gece-boyunca-denetimler-yapildi\/\" \/>\n<meta property=\"og:site_name\" content=\"Av. Deniz Can K\u0131z\u0131l\" \/>\n<meta property=\"article:published_time\" content=\"2024-11-13T13:43:56+00:00\" \/>\n<meta name=\"twitter:card\" content=\"summary_large_image\" \/>\n<meta name=\"twitter:label1\" content=\"Gesch\u00e4tzte Lesezeit\" \/>\n\t<meta name=\"twitter:data1\" content=\"1\u00a0Minute\" \/>\n<script type=\"application\/ld+json\" class=\"yoast-schema-graph\">{\"@context\":\"https:\/\/schema.org\",\"@graph\":[{\"@type\":\"Article\",\"@id\":\"https:\/\/denizcankizil.tr\/de\/haberler\/gundem\/iskenderunda-gece-boyunca-denetimler-yapildi\/#article\",\"isPartOf\":{\"@id\":\"https:\/\/denizcankizil.tr\/de\/haberler\/gundem\/iskenderunda-gece-boyunca-denetimler-yapildi\/\"},\"author\":{\"name\":\"\",\"@id\":\"\"},\"headline\":\"\u0130skenderun&#8217;da gece boyunca denetimler yap\u0131ld\u0131\",\"datePublished\":\"2024-11-13T13:43:56+00:00\",\"mainEntityOfPage\":{\"@id\":\"https:\/\/denizcankizil.tr\/de\/haberler\/gundem\/iskenderunda-gece-boyunca-denetimler-yapildi\/\"},\"wordCount\":131,\"commentCount\":0,\"publisher\":{\"@id\":\"https:\/\/denizcankizil.tr\/#organization\"},\"articleSection\":[\"G\u00fcndem\",\"Uncategorized\"],\"inLanguage\":\"de\",\"potentialAction\":[{\"@type\":\"CommentAction\",\"name\":\"Comment\",\"target\":[\"https:\/\/denizcankizil.tr\/de\/haberler\/gundem\/iskenderunda-gece-boyunca-denetimler-yapildi\/#respond\"]}]},{\"@type\":\"WebPage\",\"@id\":\"https:\/\/denizcankizil.tr\/de\/haberler\/gundem\/iskenderunda-gece-boyunca-denetimler-yapildi\/\",\"url\":\"https:\/\/denizcankizil.tr\/de\/haberler\/gundem\/iskenderunda-gece-boyunca-denetimler-yapildi\/\",\"name\":\"\u0130skenderun'da gece boyunca denetimler yap\u0131ld\u0131 - Av. Deniz Can K\u0131z\u0131l\",\"isPartOf\":{\"@id\":\"https:\/\/denizcankizil.tr\/#website\"},\"datePublished\":\"2024-11-13T13:43:56+00:00\",\"breadcrumb\":{\"@id\":\"https:\/\/denizcankizil.tr\/de\/haberler\/gundem\/iskenderunda-gece-boyunca-denetimler-yapildi\/#breadcrumb\"},\"inLanguage\":\"de\",\"potentialAction\":[{\"@type\":\"ReadAction\",\"target\":[\"https:\/\/denizcankizil.tr\/de\/haberler\/gundem\/iskenderunda-gece-boyunca-denetimler-yapildi\/\"]}]},{\"@type\":\"BreadcrumbList\",\"@id\":\"https:\/\/denizcankizil.tr\/de\/haberler\/gundem\/iskenderunda-gece-boyunca-denetimler-yapildi\/#breadcrumb\",\"itemListElement\":[{\"@type\":\"ListItem\",\"position\":1,\"name\":\"Home\",\"item\":\"https:\/\/denizcankizil.tr\/de\/\"},{\"@type\":\"ListItem\",\"position\":2,\"name\":\"\u0130skenderun&#8217;da gece boyunca denetimler yap\u0131ld\u0131\"}]},{\"@type\":\"WebSite\",\"@id\":\"https:\/\/denizcankizil.tr\/#website\",\"url\":\"https:\/\/denizcankizil.tr\/\",\"name\":\"Av. Deniz Can K\u0131z\u0131l\",\"description\":\"Avukat Deniz Can K\u0131z\u0131l Antalya Barosu\",\"publisher\":{\"@id\":\"https:\/\/denizcankizil.tr\/#organization\"},\"potentialAction\":[{\"@type\":\"SearchAction\",\"target\":{\"@type\":\"EntryPoint\",\"urlTemplate\":\"https:\/\/denizcankizil.tr\/?s={search_term_string}\"},\"query-input\":{\"@type\":\"PropertyValueSpecification\",\"valueRequired\":true,\"valueName\":\"search_term_string\"}}],\"inLanguage\":\"de\"},{\"@type\":\"Organization\",\"@id\":\"https:\/\/denizcankizil.tr\/#organization\",\"name\":\"Av. Deniz Can K\u0131z\u0131l\",\"url\":\"https:\/\/denizcankizil.tr\/\",\"logo\":{\"@type\":\"ImageObject\",\"inLanguage\":\"de\",\"@id\":\"https:\/\/denizcankizil.tr\/#\/schema\/logo\/image\/\",\"url\":\"https:\/\/denizcankizil.tr\/wp-content\/uploads\/2024\/10\/siyah-logo-svg.svg\",\"contentUrl\":\"https:\/\/denizcankizil.tr\/wp-content\/uploads\/2024\/10\/siyah-logo-svg.svg\",\"width\":1080,\"height\":1080,\"caption\":\"Av. Deniz Can K\u0131z\u0131l\"},\"image\":{\"@id\":\"https:\/\/denizcankizil.tr\/#\/schema\/logo\/image\/\"}}]}<\/script>\n<!-- \/ Yoast SEO Premium plugin. -->","yoast_head_json":{"title":"\u0130skenderun'da gece boyunca denetimler yap\u0131ld\u0131 - Av. Deniz Can K\u0131z\u0131l","robots":{"index":"index","follow":"follow","max-snippet":"max-snippet:-1","max-image-preview":"max-image-preview:large","max-video-preview":"max-video-preview:-1"},"canonical":"https:\/\/denizcankizil.tr\/de\/haberler\/gundem\/iskenderunda-gece-boyunca-denetimler-yapildi\/","og_locale":"de_DE","og_type":"article","og_title":"\u0130skenderun'da gece boyunca denetimler yap\u0131ld\u0131","og_description":"\u00d6zellikle bar, kafe ve e\u011flence mek\u00e2nlar\u0131n\u0131n yo\u011funlukta oldu\u011fu b\u00f6lgelerde yap\u0131lan denetimlerde, \u015f\u00fcpheli g\u00f6r\u00fclen ki\u015filerin kimlik bilgileri kontrol edilerek, su\u00e7 \u00f6ncesi tedbir al\u0131nd\u0131. Yap\u0131lan d\u00fczenli denetimler sayesinde, su\u00e7a meyilli bireyler \u00fczerinde detayl\u0131 incelemeler yap\u0131ld\u0131 ve aranan \u015f\u00fcpheliler de yakalanarak g\u00f6zalt\u0131na al\u0131nd\u0131. Ekipler, g\u00fcvenlik \u00f6nlemlerini art\u0131rarak \u015fehrin farkl\u0131 b\u00f6lgelerinde denetimlerini s\u00fcrd\u00fcrd\u00fc. Emniyet yetkilileri, halk\u0131n g\u00fcvenli\u011fini sa\u011flamak amac\u0131yla denetimlerin periyodik olarak devam edece\u011fini belirtti. \u200bHatay\u2019\u0131n \u0130skenderun \u0130l\u00e7esinde Emniyet M\u00fcd\u00fcrl\u00fc\u011f\u00fcne ba\u011fl\u0131 ekipleri, gece saatlerinde \u015fehrin \u00e7e\u015fitli noktalar\u0131nda kapsaml\u0131 denetimler ger\u00e7ekle\u015ftirdi.\u00a0 \u200bHaberin Al\u0131nt\u0131land\u0131\u011f\u0131 Kaynak: www.iskenderun.org","og_url":"https:\/\/denizcankizil.tr\/de\/haberler\/gundem\/iskenderunda-gece-boyunca-denetimler-yapildi\/","og_site_name":"Av. Deniz Can K\u0131z\u0131l","article_published_time":"2024-11-13T13:43:56+00:00","twitter_card":"summary_large_image","twitter_misc":{"Gesch\u00e4tzte Lesezeit":"1\u00a0Minute"},"schema":{"@context":"https:\/\/schema.org","@graph":[{"@type":"Article","@id":"https:\/\/denizcankizil.tr\/de\/haberler\/gundem\/iskenderunda-gece-boyunca-denetimler-yapildi\/#article","isPartOf":{"@id":"https:\/\/denizcankizil.tr\/de\/haberler\/gundem\/iskenderunda-gece-boyunca-denetimler-yapildi\/"},"author":{"name":"","@id":""},"headline":"\u0130skenderun&#8217;da gece boyunca denetimler yap\u0131ld\u0131","datePublished":"2024-11-13T13:43:56+00:00","mainEntityOfPage":{"@id":"https:\/\/denizcankizil.tr\/de\/haberler\/gundem\/iskenderunda-gece-boyunca-denetimler-yapildi\/"},"wordCount":131,"commentCount":0,"publisher":{"@id":"https:\/\/denizcankizil.tr\/#organization"},"articleSection":["G\u00fcndem","Uncategorized"],"inLanguage":"de","potentialAction":[{"@type":"CommentAction","name":"Comment","target":["https:\/\/denizcankizil.tr\/de\/haberler\/gundem\/iskenderunda-gece-boyunca-denetimler-yapildi\/#respond"]}]},{"@type":"WebPage","@id":"https:\/\/denizcankizil.tr\/de\/haberler\/gundem\/iskenderunda-gece-boyunca-denetimler-yapildi\/","url":"https:\/\/denizcankizil.tr\/de\/haberler\/gundem\/iskenderunda-gece-boyunca-denetimler-yapildi\/","name":"\u0130skenderun'da gece boyunca denetimler yap\u0131ld\u0131 - Av. Deniz Can K\u0131z\u0131l","isPartOf":{"@id":"https:\/\/denizcankizil.tr\/#website"},"datePublished":"2024-11-13T13:43:56+00:00","breadcrumb":{"@id":"https:\/\/denizcankizil.tr\/de\/haberler\/gundem\/iskenderunda-gece-boyunca-denetimler-yapildi\/#breadcrumb"},"inLanguage":"de","potentialAction":[{"@type":"ReadAction","target":["https:\/\/denizcankizil.tr\/de\/haberler\/gundem\/iskenderunda-gece-boyunca-denetimler-yapildi\/"]}]},{"@type":"BreadcrumbList","@id":"https:\/\/denizcankizil.tr\/de\/haberler\/gundem\/iskenderunda-gece-boyunca-denetimler-yapildi\/#breadcrumb","itemListElement":[{"@type":"ListItem","position":1,"name":"Home","item":"https:\/\/denizcankizil.tr\/de\/"},{"@type":"ListItem","position":2,"name":"\u0130skenderun&#8217;da gece boyunca denetimler yap\u0131ld\u0131"}]},{"@type":"WebSite","@id":"https:\/\/denizcankizil.tr\/#website","url":"https:\/\/denizcankizil.tr\/","name":"Av. Deniz Can K\u0131z\u0131l","description":"Avukat Deniz Can K\u0131z\u0131l Antalya Barosu","publisher":{"@id":"https:\/\/denizcankizil.tr\/#organization"},"potentialAction":[{"@type":"SearchAction","target":{"@type":"EntryPoint","urlTemplate":"https:\/\/denizcankizil.tr\/?s={search_term_string}"},"query-input":{"@type":"PropertyValueSpecification","valueRequired":true,"valueName":"search_term_string"}}],"inLanguage":"de"},{"@type":"Organization","@id":"https:\/\/denizcankizil.tr\/#organization","name":"Av. Deniz Can K\u0131z\u0131l","url":"https:\/\/denizcankizil.tr\/","logo":{"@type":"ImageObject","inLanguage":"de","@id":"https:\/\/denizcankizil.tr\/#\/schema\/logo\/image\/","url":"https:\/\/denizcankizil.tr\/wp-content\/uploads\/2024\/10\/siyah-logo-svg.svg","contentUrl":"https:\/\/denizcankizil.tr\/wp-content\/uploads\/2024\/10\/siyah-logo-svg.svg","width":1080,"height":1080,"caption":"Av. Deniz Can K\u0131z\u0131l"},"image":{"@id":"https:\/\/denizcankizil.tr\/#\/schema\/logo\/image\/"}}]}},"_links":{"self":[{"href":"https:\/\/denizcankizil.tr\/de\/wp-json\/wp\/v2\/posts\/15794","targetHints":{"allow":["GET"]}}],"collection":[{"href":"https:\/\/denizcankizil.tr\/de\/wp-json\/wp\/v2\/posts"}],"about":[{"href":"https:\/\/denizcankizil.tr\/de\/wp-json\/wp\/v2\/types\/post"}],"replies":[{"embeddable":true,"href":"https:\/\/denizcankizil.tr\/de\/wp-json\/wp\/v2\/comments?post=15794"}],"version-history":[{"count":0,"href":"https:\/\/denizcankizil.tr\/de\/wp-json\/wp\/v2\/posts\/15794\/revisions"}],"wp:attachment":[{"href":"https:\/\/denizcankizil.tr\/de\/wp-json\/wp\/v2\/media?parent=15794"}],"wp:term":[{"taxonomy":"category","embeddable":true,"href":"https:\/\/denizcankizil.tr\/de\/wp-json\/wp\/v2\/categories?post=15794"},{"taxonomy":"post_tag","embeddable":true,"href":"https:\/\/denizcankizil.tr\/de\/wp-json\/wp\/v2\/tags?post=15794"}],"curies":[{"name":"wp","href":"https:\/\/api.w.org\/{rel}","templated":true}]}}