{"id":15544,"date":"2024-11-11T14:42:18","date_gmt":"2024-11-11T11:42:18","guid":{"rendered":"https:\/\/denizcankizil.tr\/uncategorized-tr\/esya-yuklu-kamyonet-takla-atti\/"},"modified":"2024-11-11T14:42:18","modified_gmt":"2024-11-11T11:42:18","slug":"esya-yuklu-kamyonet-takla-atti","status":"publish","type":"post","link":"https:\/\/denizcankizil.tr\/de\/haberler\/antalya\/esya-yuklu-kamyonet-takla-atti\/","title":{"rendered":"E\u015fya y\u00fckl\u00fc kamyonet takla att\u0131"},"content":{"rendered":"<p>Kaza, d\u00fcn Manavgat-Alanya D-400 kara yolunda meydana geldi. Al\u0131nan bilgiye g\u00f6re, Durmu\u015f Er&#8217;in kulland\u0131\u011f\u0131 07 E 7664 kamyonet, K\u0131z\u0131la\u011fa\u00e7 kav\u015fa\u011f\u0131 sonras\u0131 ya\u011fmurdan kayganla\u015fan yolda s\u00fcr\u00fcc\u00fcs\u00fcn\u00fcn direksiyon hakimiyetini kaybetmesi nedeniyle takla atarak ref\u00fcje devrildi. Kamyonetteki ev e\u015fyalar\u0131 ref\u00fcje sa\u00e7\u0131l\u0131rken, s\u00fcr\u00fcc\u00fc ile yan\u0131nda bulunan ki\u015fi kazay\u0131 yaralanmadan atlatt\u0131.<br \/>\nKazan\u0131n ard\u0131ndan yola savrulan e\u015fyalar\u0131n sahipleri Alanya Avsallar Mahallesi&#8217;nden gelerek ya\u011fmur alt\u0131nda ba\u015fka bir kamyonete y\u00fckledi.<\/p>\n<p>Kaynak: www.kanalv.com.tr Haber Sitesinden Al\u0131nm\u0131\u015ft\u0131r.<\/p>","protected":false},"excerpt":{"rendered":"<p>Kaza, d\u00fcn Manavgat-Alanya D-400 kara yolunda meydana geldi. Al\u0131nan bilgiye g\u00f6re, Durmu\u015f Er&#8217;in kulland\u0131\u011f\u0131 07 E 7664 kamyonet, K\u0131z\u0131la\u011fa\u00e7 kav\u015fa\u011f\u0131 sonras\u0131 ya\u011fmurdan kayganla\u015fan yolda s\u00fcr\u00fcc\u00fcs\u00fcn\u00fcn direksiyon hakimiyetini kaybetmesi nedeniyle takla atarak ref\u00fcje devrildi. Kamyonetteki ev e\u015fyalar\u0131 ref\u00fcje sa\u00e7\u0131l\u0131rken, s\u00fcr\u00fcc\u00fc ile yan\u0131nda bulunan ki\u015fi kazay\u0131 yaralanmadan atlatt\u0131. Kazan\u0131n ard\u0131ndan yola savrulan e\u015fyalar\u0131n sahipleri Alanya Avsallar Mahallesi&#8217;nden gelerek ya\u011fmur alt\u0131nda ba\u015fka bir kamyonete y\u00fckledi. Kaynak: www.kanalv.com.tr Haber Sitesinden Al\u0131nm\u0131\u015ft\u0131r.<\/p>","protected":false},"author":0,"featured_media":15545,"comment_status":"open","ping_status":"open","sticky":false,"template":"","format":"standard","meta":{"_acf_changed":false,"footnotes":""},"categories":[26,535],"tags":[],"class_list":["post-15544","post","type-post","status-publish","format-standard","has-post-thumbnail","hentry","category-antalya","category-uncategorized-tr"],"acf":[],"yoast_head":"<!-- This site is optimized with the Yoast SEO Premium plugin v26.6 (Yoast SEO v27.1.1) - https:\/\/yoast.com\/product\/yoast-seo-premium-wordpress\/ -->\n<title>E\u015fya y\u00fckl\u00fc kamyonet takla att\u0131 - Av. Deniz Can K\u0131z\u0131l<\/title>\n<meta name=\"robots\" content=\"index, follow, max-snippet:-1, max-image-preview:large, max-video-preview:-1\" \/>\n<link rel=\"canonical\" href=\"https:\/\/denizcankizil.tr\/de\/haberler\/antalya\/esya-yuklu-kamyonet-takla-atti\/\" \/>\n<meta property=\"og:locale\" content=\"de_DE\" \/>\n<meta property=\"og:type\" content=\"article\" \/>\n<meta property=\"og:title\" content=\"E\u015fya y\u00fckl\u00fc kamyonet takla att\u0131\" \/>\n<meta property=\"og:description\" content=\"Kaza, d\u00fcn Manavgat-Alanya D-400 kara yolunda meydana geldi. Al\u0131nan bilgiye g\u00f6re, Durmu\u015f Er&#8217;in kulland\u0131\u011f\u0131 07 E 7664 kamyonet, K\u0131z\u0131la\u011fa\u00e7 kav\u015fa\u011f\u0131 sonras\u0131 ya\u011fmurdan kayganla\u015fan yolda s\u00fcr\u00fcc\u00fcs\u00fcn\u00fcn direksiyon hakimiyetini kaybetmesi nedeniyle takla atarak ref\u00fcje devrildi. Kamyonetteki ev e\u015fyalar\u0131 ref\u00fcje sa\u00e7\u0131l\u0131rken, s\u00fcr\u00fcc\u00fc ile yan\u0131nda bulunan ki\u015fi kazay\u0131 yaralanmadan atlatt\u0131. Kazan\u0131n ard\u0131ndan yola savrulan e\u015fyalar\u0131n sahipleri Alanya Avsallar Mahallesi&#8217;nden gelerek ya\u011fmur alt\u0131nda ba\u015fka bir kamyonete y\u00fckledi. Kaynak: www.kanalv.com.tr Haber Sitesinden Al\u0131nm\u0131\u015ft\u0131r.\" \/>\n<meta property=\"og:url\" content=\"https:\/\/denizcankizil.tr\/de\/haberler\/antalya\/esya-yuklu-kamyonet-takla-atti\/\" \/>\n<meta property=\"og:site_name\" content=\"Av. Deniz Can K\u0131z\u0131l\" \/>\n<meta property=\"article:published_time\" content=\"2024-11-11T11:42:18+00:00\" \/>\n<meta property=\"og:image\" content=\"https:\/\/denizcankizil.tr\/wp-content\/uploads\/2024\/11\/3006-01-IgIMdN.jpeg\" \/>\n\t<meta property=\"og:image:width\" content=\"1280\" \/>\n\t<meta property=\"og:image:height\" content=\"720\" \/>\n\t<meta property=\"og:image:type\" content=\"image\/jpeg\" \/>\n<meta name=\"twitter:card\" content=\"summary_large_image\" \/>\n<meta name=\"twitter:label1\" content=\"Gesch\u00e4tzte Lesezeit\" \/>\n\t<meta name=\"twitter:data1\" content=\"1\u00a0Minute\" \/>\n<script type=\"application\/ld+json\" class=\"yoast-schema-graph\">{\"@context\":\"https:\/\/schema.org\",\"@graph\":[{\"@type\":\"Article\",\"@id\":\"https:\/\/denizcankizil.tr\/de\/haberler\/antalya\/esya-yuklu-kamyonet-takla-atti\/#article\",\"isPartOf\":{\"@id\":\"https:\/\/denizcankizil.tr\/de\/haberler\/antalya\/esya-yuklu-kamyonet-takla-atti\/\"},\"author\":{\"name\":\"\",\"@id\":\"\"},\"headline\":\"E\u015fya y\u00fckl\u00fc kamyonet takla att\u0131\",\"datePublished\":\"2024-11-11T11:42:18+00:00\",\"mainEntityOfPage\":{\"@id\":\"https:\/\/denizcankizil.tr\/de\/haberler\/antalya\/esya-yuklu-kamyonet-takla-atti\/\"},\"wordCount\":111,\"commentCount\":0,\"publisher\":{\"@id\":\"https:\/\/denizcankizil.tr\/de\/#organization\"},\"image\":{\"@id\":\"https:\/\/denizcankizil.tr\/de\/haberler\/antalya\/esya-yuklu-kamyonet-takla-atti\/#primaryimage\"},\"thumbnailUrl\":\"https:\/\/denizcankizil.tr\/wp-content\/uploads\/2024\/11\/3006-01-IgIMdN.jpeg\",\"articleSection\":[\"Antalya\",\"Uncategorized\"],\"inLanguage\":\"de\",\"potentialAction\":[{\"@type\":\"CommentAction\",\"name\":\"Comment\",\"target\":[\"https:\/\/denizcankizil.tr\/de\/haberler\/antalya\/esya-yuklu-kamyonet-takla-atti\/#respond\"]}]},{\"@type\":\"WebPage\",\"@id\":\"https:\/\/denizcankizil.tr\/de\/haberler\/antalya\/esya-yuklu-kamyonet-takla-atti\/\",\"url\":\"https:\/\/denizcankizil.tr\/de\/haberler\/antalya\/esya-yuklu-kamyonet-takla-atti\/\",\"name\":\"E\u015fya y\u00fckl\u00fc kamyonet takla att\u0131 - Av. Deniz Can K\u0131z\u0131l\",\"isPartOf\":{\"@id\":\"https:\/\/denizcankizil.tr\/de\/#website\"},\"primaryImageOfPage\":{\"@id\":\"https:\/\/denizcankizil.tr\/de\/haberler\/antalya\/esya-yuklu-kamyonet-takla-atti\/#primaryimage\"},\"image\":{\"@id\":\"https:\/\/denizcankizil.tr\/de\/haberler\/antalya\/esya-yuklu-kamyonet-takla-atti\/#primaryimage\"},\"thumbnailUrl\":\"https:\/\/denizcankizil.tr\/wp-content\/uploads\/2024\/11\/3006-01-IgIMdN.jpeg\",\"datePublished\":\"2024-11-11T11:42:18+00:00\",\"breadcrumb\":{\"@id\":\"https:\/\/denizcankizil.tr\/de\/haberler\/antalya\/esya-yuklu-kamyonet-takla-atti\/#breadcrumb\"},\"inLanguage\":\"de\",\"potentialAction\":[{\"@type\":\"ReadAction\",\"target\":[\"https:\/\/denizcankizil.tr\/de\/haberler\/antalya\/esya-yuklu-kamyonet-takla-atti\/\"]}]},{\"@type\":\"ImageObject\",\"inLanguage\":\"de\",\"@id\":\"https:\/\/denizcankizil.tr\/de\/haberler\/antalya\/esya-yuklu-kamyonet-takla-atti\/#primaryimage\",\"url\":\"https:\/\/denizcankizil.tr\/wp-content\/uploads\/2024\/11\/3006-01-IgIMdN.jpeg\",\"contentUrl\":\"https:\/\/denizcankizil.tr\/wp-content\/uploads\/2024\/11\/3006-01-IgIMdN.jpeg\",\"width\":1280,\"height\":720},{\"@type\":\"BreadcrumbList\",\"@id\":\"https:\/\/denizcankizil.tr\/de\/haberler\/antalya\/esya-yuklu-kamyonet-takla-atti\/#breadcrumb\",\"itemListElement\":[{\"@type\":\"ListItem\",\"position\":1,\"name\":\"Home\",\"item\":\"https:\/\/denizcankizil.tr\/de\/\"},{\"@type\":\"ListItem\",\"position\":2,\"name\":\"E\u015fya y\u00fckl\u00fc kamyonet takla att\u0131\"}]},{\"@type\":\"WebSite\",\"@id\":\"https:\/\/denizcankizil.tr\/de\/#website\",\"url\":\"https:\/\/denizcankizil.tr\/de\/\",\"name\":\"Av. Deniz Can K\u0131z\u0131l\",\"description\":\"Avukat Deniz Can K\u0131z\u0131l Antalya Barosu\",\"publisher\":{\"@id\":\"https:\/\/denizcankizil.tr\/de\/#organization\"},\"potentialAction\":[{\"@type\":\"SearchAction\",\"target\":{\"@type\":\"EntryPoint\",\"urlTemplate\":\"https:\/\/denizcankizil.tr\/de\/?s={search_term_string}\"},\"query-input\":{\"@type\":\"PropertyValueSpecification\",\"valueRequired\":true,\"valueName\":\"search_term_string\"}}],\"inLanguage\":\"de\"},{\"@type\":\"Organization\",\"@id\":\"https:\/\/denizcankizil.tr\/de\/#organization\",\"name\":\"Av. Deniz Can K\u0131z\u0131l\",\"url\":\"https:\/\/denizcankizil.tr\/de\/\",\"logo\":{\"@type\":\"ImageObject\",\"inLanguage\":\"de\",\"@id\":\"https:\/\/denizcankizil.tr\/de\/#\/schema\/logo\/image\/\",\"url\":\"https:\/\/denizcankizil.tr\/wp-content\/uploads\/2024\/10\/siyah-logo-svg.svg\",\"contentUrl\":\"https:\/\/denizcankizil.tr\/wp-content\/uploads\/2024\/10\/siyah-logo-svg.svg\",\"width\":1080,\"height\":1080,\"caption\":\"Av. Deniz Can K\u0131z\u0131l\"},\"image\":{\"@id\":\"https:\/\/denizcankizil.tr\/de\/#\/schema\/logo\/image\/\"}}]}<\/script>\n<!-- \/ Yoast SEO Premium plugin. -->","yoast_head_json":{"title":"E\u015fya y\u00fckl\u00fc kamyonet takla att\u0131 - Av. Deniz Can K\u0131z\u0131l","robots":{"index":"index","follow":"follow","max-snippet":"max-snippet:-1","max-image-preview":"max-image-preview:large","max-video-preview":"max-video-preview:-1"},"canonical":"https:\/\/denizcankizil.tr\/de\/haberler\/antalya\/esya-yuklu-kamyonet-takla-atti\/","og_locale":"de_DE","og_type":"article","og_title":"E\u015fya y\u00fckl\u00fc kamyonet takla att\u0131","og_description":"Kaza, d\u00fcn Manavgat-Alanya D-400 kara yolunda meydana geldi. Al\u0131nan bilgiye g\u00f6re, Durmu\u015f Er&#8217;in kulland\u0131\u011f\u0131 07 E 7664 kamyonet, K\u0131z\u0131la\u011fa\u00e7 kav\u015fa\u011f\u0131 sonras\u0131 ya\u011fmurdan kayganla\u015fan yolda s\u00fcr\u00fcc\u00fcs\u00fcn\u00fcn direksiyon hakimiyetini kaybetmesi nedeniyle takla atarak ref\u00fcje devrildi. Kamyonetteki ev e\u015fyalar\u0131 ref\u00fcje sa\u00e7\u0131l\u0131rken, s\u00fcr\u00fcc\u00fc ile yan\u0131nda bulunan ki\u015fi kazay\u0131 yaralanmadan atlatt\u0131. Kazan\u0131n ard\u0131ndan yola savrulan e\u015fyalar\u0131n sahipleri Alanya Avsallar Mahallesi&#8217;nden gelerek ya\u011fmur alt\u0131nda ba\u015fka bir kamyonete y\u00fckledi. Kaynak: www.kanalv.com.tr Haber Sitesinden Al\u0131nm\u0131\u015ft\u0131r.","og_url":"https:\/\/denizcankizil.tr\/de\/haberler\/antalya\/esya-yuklu-kamyonet-takla-atti\/","og_site_name":"Av. Deniz Can K\u0131z\u0131l","article_published_time":"2024-11-11T11:42:18+00:00","og_image":[{"width":1280,"height":720,"url":"https:\/\/denizcankizil.tr\/wp-content\/uploads\/2024\/11\/3006-01-IgIMdN.jpeg","type":"image\/jpeg"}],"twitter_card":"summary_large_image","twitter_misc":{"Gesch\u00e4tzte Lesezeit":"1\u00a0Minute"},"schema":{"@context":"https:\/\/schema.org","@graph":[{"@type":"Article","@id":"https:\/\/denizcankizil.tr\/de\/haberler\/antalya\/esya-yuklu-kamyonet-takla-atti\/#article","isPartOf":{"@id":"https:\/\/denizcankizil.tr\/de\/haberler\/antalya\/esya-yuklu-kamyonet-takla-atti\/"},"author":{"name":"","@id":""},"headline":"E\u015fya y\u00fckl\u00fc kamyonet takla att\u0131","datePublished":"2024-11-11T11:42:18+00:00","mainEntityOfPage":{"@id":"https:\/\/denizcankizil.tr\/de\/haberler\/antalya\/esya-yuklu-kamyonet-takla-atti\/"},"wordCount":111,"commentCount":0,"publisher":{"@id":"https:\/\/denizcankizil.tr\/de\/#organization"},"image":{"@id":"https:\/\/denizcankizil.tr\/de\/haberler\/antalya\/esya-yuklu-kamyonet-takla-atti\/#primaryimage"},"thumbnailUrl":"https:\/\/denizcankizil.tr\/wp-content\/uploads\/2024\/11\/3006-01-IgIMdN.jpeg","articleSection":["Antalya","Uncategorized"],"inLanguage":"de","potentialAction":[{"@type":"CommentAction","name":"Comment","target":["https:\/\/denizcankizil.tr\/de\/haberler\/antalya\/esya-yuklu-kamyonet-takla-atti\/#respond"]}]},{"@type":"WebPage","@id":"https:\/\/denizcankizil.tr\/de\/haberler\/antalya\/esya-yuklu-kamyonet-takla-atti\/","url":"https:\/\/denizcankizil.tr\/de\/haberler\/antalya\/esya-yuklu-kamyonet-takla-atti\/","name":"E\u015fya y\u00fckl\u00fc kamyonet takla att\u0131 - Av. Deniz Can K\u0131z\u0131l","isPartOf":{"@id":"https:\/\/denizcankizil.tr\/de\/#website"},"primaryImageOfPage":{"@id":"https:\/\/denizcankizil.tr\/de\/haberler\/antalya\/esya-yuklu-kamyonet-takla-atti\/#primaryimage"},"image":{"@id":"https:\/\/denizcankizil.tr\/de\/haberler\/antalya\/esya-yuklu-kamyonet-takla-atti\/#primaryimage"},"thumbnailUrl":"https:\/\/denizcankizil.tr\/wp-content\/uploads\/2024\/11\/3006-01-IgIMdN.jpeg","datePublished":"2024-11-11T11:42:18+00:00","breadcrumb":{"@id":"https:\/\/denizcankizil.tr\/de\/haberler\/antalya\/esya-yuklu-kamyonet-takla-atti\/#breadcrumb"},"inLanguage":"de","potentialAction":[{"@type":"ReadAction","target":["https:\/\/denizcankizil.tr\/de\/haberler\/antalya\/esya-yuklu-kamyonet-takla-atti\/"]}]},{"@type":"ImageObject","inLanguage":"de","@id":"https:\/\/denizcankizil.tr\/de\/haberler\/antalya\/esya-yuklu-kamyonet-takla-atti\/#primaryimage","url":"https:\/\/denizcankizil.tr\/wp-content\/uploads\/2024\/11\/3006-01-IgIMdN.jpeg","contentUrl":"https:\/\/denizcankizil.tr\/wp-content\/uploads\/2024\/11\/3006-01-IgIMdN.jpeg","width":1280,"height":720},{"@type":"BreadcrumbList","@id":"https:\/\/denizcankizil.tr\/de\/haberler\/antalya\/esya-yuklu-kamyonet-takla-atti\/#breadcrumb","itemListElement":[{"@type":"ListItem","position":1,"name":"Home","item":"https:\/\/denizcankizil.tr\/de\/"},{"@type":"ListItem","position":2,"name":"E\u015fya y\u00fckl\u00fc kamyonet takla att\u0131"}]},{"@type":"WebSite","@id":"https:\/\/denizcankizil.tr\/de\/#website","url":"https:\/\/denizcankizil.tr\/de\/","name":"Av. Deniz Can K\u0131z\u0131l","description":"Avukat Deniz Can K\u0131z\u0131l Antalya Barosu","publisher":{"@id":"https:\/\/denizcankizil.tr\/de\/#organization"},"potentialAction":[{"@type":"SearchAction","target":{"@type":"EntryPoint","urlTemplate":"https:\/\/denizcankizil.tr\/de\/?s={search_term_string}"},"query-input":{"@type":"PropertyValueSpecification","valueRequired":true,"valueName":"search_term_string"}}],"inLanguage":"de"},{"@type":"Organization","@id":"https:\/\/denizcankizil.tr\/de\/#organization","name":"Av. Deniz Can K\u0131z\u0131l","url":"https:\/\/denizcankizil.tr\/de\/","logo":{"@type":"ImageObject","inLanguage":"de","@id":"https:\/\/denizcankizil.tr\/de\/#\/schema\/logo\/image\/","url":"https:\/\/denizcankizil.tr\/wp-content\/uploads\/2024\/10\/siyah-logo-svg.svg","contentUrl":"https:\/\/denizcankizil.tr\/wp-content\/uploads\/2024\/10\/siyah-logo-svg.svg","width":1080,"height":1080,"caption":"Av. Deniz Can K\u0131z\u0131l"},"image":{"@id":"https:\/\/denizcankizil.tr\/de\/#\/schema\/logo\/image\/"}}]}},"_links":{"self":[{"href":"https:\/\/denizcankizil.tr\/de\/wp-json\/wp\/v2\/posts\/15544","targetHints":{"allow":["GET"]}}],"collection":[{"href":"https:\/\/denizcankizil.tr\/de\/wp-json\/wp\/v2\/posts"}],"about":[{"href":"https:\/\/denizcankizil.tr\/de\/wp-json\/wp\/v2\/types\/post"}],"replies":[{"embeddable":true,"href":"https:\/\/denizcankizil.tr\/de\/wp-json\/wp\/v2\/comments?post=15544"}],"version-history":[{"count":0,"href":"https:\/\/denizcankizil.tr\/de\/wp-json\/wp\/v2\/posts\/15544\/revisions"}],"wp:featuredmedia":[{"embeddable":true,"href":"https:\/\/denizcankizil.tr\/de\/wp-json\/wp\/v2\/media\/15545"}],"wp:attachment":[{"href":"https:\/\/denizcankizil.tr\/de\/wp-json\/wp\/v2\/media?parent=15544"}],"wp:term":[{"taxonomy":"category","embeddable":true,"href":"https:\/\/denizcankizil.tr\/de\/wp-json\/wp\/v2\/categories?post=15544"},{"taxonomy":"post_tag","embeddable":true,"href":"https:\/\/denizcankizil.tr\/de\/wp-json\/wp\/v2\/tags?post=15544"}],"curies":[{"name":"wp","href":"https:\/\/api.w.org\/{rel}","templated":true}]}}