{"id":15494,"date":"2024-11-11T08:41:51","date_gmt":"2024-11-11T05:41:51","guid":{"rendered":"https:\/\/denizcankizil.tr\/uncategorized-tr\/bursa-kent-konseyi-aciklama-yapti-bursa-susuzluk-sinirinda\/"},"modified":"2024-11-11T08:41:51","modified_gmt":"2024-11-11T05:41:51","slug":"bursa-kent-konseyi-aciklama-yapti-bursa-susuzluk-sinirinda","status":"publish","type":"post","link":"https:\/\/denizcankizil.tr\/de\/haberler\/gundem\/bursa-kent-konseyi-aciklama-yapti-bursa-susuzluk-sinirinda\/","title":{"rendered":"Bursa Kent Konseyi a\u00e7\u0131klama yapt\u0131&#8230; Bursa susuzluk s\u0131n\u0131r\u0131nda!"},"content":{"rendered":"<p>Bursa&#8217;n\u0131n i\u00e7me suyunu kar\u015f\u0131layan Do\u011fanc\u0131 ve Nil\u00fcfer Barajlar\u0131&#8217;nda su seviyesi alarm vermesi \u00fczerine Bursa Kent Konseyi \u00c7evre Meclisi&#8217;nden Nil\u00fcfer Baraj\u0131&#8217;nda bas\u0131n a\u00e7\u0131klamas\u0131 yap\u0131ld\u0131.BURSA (\u0130GFA) &#8211; Bursa Kent Konseyi b\u00fcnyesindeki \u00c7evre Meclisi, BUSK\u0130 verilerine g\u00f6re barajlar\u0131n su doluluk oranlar\u0131n\u0131n y\u00fczde 19,47&#8217;ye inmesi ard\u0131ndan Nil\u00fcfer Baraj\u0131&#8217;nda bas\u0131n a\u00e7\u0131klamas\u0131nda bulundu.<br \/>\n\u00c7evre Meclisi&#8217;nin a\u00e7\u0131klamas\u0131n\u0131 Meclis Ba\u015fkan\u0131 \u00d6zge Sivrio\u011flu okudu.<\/p>\n<p>Akarsu havzalar\u0131nda i\u015fletilen madenlerin, yeralt\u0131 ve y\u00fczeysel su kaynaklar\u0131m\u0131z\u0131 kullanan ve kirleten kontrols\u00fcz sanayile\u015fmenin, bilin\u00e7sizce kullan\u0131lan tar\u0131m ila\u00e7lar\u0131n\u0131n, geleneksel sulama y\u00f6ntemlerinin su kaynaklar\u0131 \u00fczerindeki tahribat\u0131 az\u0131msanmayacak boyutlarda oldu\u011funun alt\u0131n\u0131 \u00e7izen Sivrio\u011flu, sanayinin daha az su kullanan, s\u0131f\u0131r s\u0131v\u0131 de\u015farj\u0131 sistemleri gibi suyun geri kazan\u0131m\u0131n\u0131 sa\u011flayan ileri teknolojiler kullanmas\u0131n\u0131, vah\u015fi madencili\u011fin terk edilmesi, Ye\u015fil Orman Seferberli\u011finin yap\u0131lmas\u0131, tar\u0131mda vah\u015fi sulamadan vazge\u00e7ilip damla veya ya\u011fmurlama sulamaya ge\u00e7i\u015fin yap\u0131lmas\u0131n\u0131 talep ettiklerini s\u0131ralad\u0131.<\/p>\n<p>Bursa Kent Konseyi Ba\u015fkan\u0131 Ertu\u011frul Aksoy ise suyun s\u0131n\u0131rl\u0131 bir do\u011fal kaynak oldu\u011funu belirterek, T\u00fcrkiye&#8217;nin ise su kaynaklar\u0131 bak\u0131m\u0131ndan zengin bir \u00fclke olmad\u0131\u011f\u0131 s\u00f6yledi. Ba\u015fkan Aksoy, t\u00fcm kamu kurum ve kurulu\u015flar\u0131n\u0131 \u00f6nlem almaya \u00e7a\u011f\u0131rd\u0131.<br \/>\nHat\u0131rlanaca\u011f\u0131 gibi, \u00f6nceki hafta da barajlardaki azalmalar dolay\u0131s\u0131yla Bursa B\u00fcy\u00fck\u015fehir Belediye Ba\u015fkan\u0131 Mustafa Bozbey de, Bursal\u0131lara su tasarrufu \u00e7a\u011fr\u0131s\u0131nda bulunmu\u015ftu.<\/p>\n<p>\u200bBursa&#8217;n\u0131n i\u00e7me suyunu kar\u015f\u0131layan Do\u011fanc\u0131 ve Nil\u00fcfer Barajlar\u0131&#8217;nda su seviyesi alarm vermesi \u00fczerine Bursa Kent Konseyi \u00c7evre Meclisi&#8217;nden Nil\u00fcfer Baraj\u0131&#8217;nda bas\u0131n a\u00e7\u0131klamas\u0131 yap\u0131ld\u0131\u00a0<\/p>\n<p>\u200bHaberin Al\u0131nt\u0131land\u0131\u011f\u0131 Kaynak: www.iskenderun.org<\/p>","protected":false},"excerpt":{"rendered":"<p>Bursa&#8217;n\u0131n i\u00e7me suyunu kar\u015f\u0131layan Do\u011fanc\u0131 ve Nil\u00fcfer Barajlar\u0131&#8217;nda su seviyesi alarm vermesi \u00fczerine Bursa Kent Konseyi \u00c7evre Meclisi&#8217;nden Nil\u00fcfer Baraj\u0131&#8217;nda bas\u0131n a\u00e7\u0131klamas\u0131 yap\u0131ld\u0131.BURSA (\u0130GFA) &#8211; Bursa Kent Konseyi b\u00fcnyesindeki \u00c7evre Meclisi, BUSK\u0130 verilerine g\u00f6re barajlar\u0131n su doluluk oranlar\u0131n\u0131n y\u00fczde 19,47&#8217;ye inmesi ard\u0131ndan Nil\u00fcfer Baraj\u0131&#8217;nda bas\u0131n a\u00e7\u0131klamas\u0131nda bulundu. \u00c7evre Meclisi&#8217;nin a\u00e7\u0131klamas\u0131n\u0131 Meclis Ba\u015fkan\u0131 \u00d6zge Sivrio\u011flu okudu. Akarsu havzalar\u0131nda i\u015fletilen madenlerin, yeralt\u0131 ve y\u00fczeysel su kaynaklar\u0131m\u0131z\u0131 kullanan ve kirleten kontrols\u00fcz sanayile\u015fmenin, bilin\u00e7sizce kullan\u0131lan tar\u0131m ila\u00e7lar\u0131n\u0131n, geleneksel sulama y\u00f6ntemlerinin su kaynaklar\u0131 \u00fczerindeki tahribat\u0131 az\u0131msanmayacak boyutlarda oldu\u011funun alt\u0131n\u0131 \u00e7izen Sivrio\u011flu, sanayinin daha az su kullanan, s\u0131f\u0131r s\u0131v\u0131 de\u015farj\u0131 sistemleri gibi suyun geri kazan\u0131m\u0131n\u0131 sa\u011flayan ileri teknolojiler kullanmas\u0131n\u0131, vah\u015fi madencili\u011fin terk edilmesi, Ye\u015fil Orman Seferberli\u011finin yap\u0131lmas\u0131, tar\u0131mda vah\u015fi sulamadan vazge\u00e7ilip damla veya ya\u011fmurlama sulamaya ge\u00e7i\u015fin yap\u0131lmas\u0131n\u0131 talep ettiklerini s\u0131ralad\u0131. Bursa Kent Konseyi Ba\u015fkan\u0131 Ertu\u011frul Aksoy ise suyun s\u0131n\u0131rl\u0131 bir do\u011fal kaynak oldu\u011funu belirterek, T\u00fcrkiye&#8217;nin ise su kaynaklar\u0131 bak\u0131m\u0131ndan zengin bir \u00fclke olmad\u0131\u011f\u0131 s\u00f6yledi. Ba\u015fkan Aksoy, t\u00fcm kamu kurum ve kurulu\u015flar\u0131n\u0131 \u00f6nlem almaya \u00e7a\u011f\u0131rd\u0131. Hat\u0131rlanaca\u011f\u0131 gibi, \u00f6nceki hafta da barajlardaki azalmalar dolay\u0131s\u0131yla Bursa B\u00fcy\u00fck\u015fehir Belediye Ba\u015fkan\u0131 Mustafa Bozbey de, Bursal\u0131lara su tasarrufu \u00e7a\u011fr\u0131s\u0131nda bulunmu\u015ftu. \u200bBursa&#8217;n\u0131n i\u00e7me suyunu kar\u015f\u0131layan Do\u011fanc\u0131 ve Nil\u00fcfer Barajlar\u0131&#8217;nda su seviyesi alarm vermesi \u00fczerine Bursa Kent Konseyi \u00c7evre Meclisi&#8217;nden Nil\u00fcfer Baraj\u0131&#8217;nda bas\u0131n a\u00e7\u0131klamas\u0131 &hellip;<\/p>","protected":false},"author":0,"featured_media":0,"comment_status":"open","ping_status":"open","sticky":false,"template":"","format":"standard","meta":{"_acf_changed":false,"footnotes":""},"categories":[24,535],"tags":[],"class_list":["post-15494","post","type-post","status-publish","format-standard","has-post-thumbnail","hentry","category-gundem","category-uncategorized-tr"],"acf":[],"yoast_head":"<!-- This site is optimized with the Yoast SEO Premium plugin v26.6 (Yoast SEO v27.1.1) - https:\/\/yoast.com\/product\/yoast-seo-premium-wordpress\/ -->\n<title>Bursa Kent Konseyi a\u00e7\u0131klama yapt\u0131... Bursa susuzluk s\u0131n\u0131r\u0131nda! - Av. Deniz Can K\u0131z\u0131l<\/title>\n<meta name=\"robots\" content=\"index, follow, max-snippet:-1, max-image-preview:large, max-video-preview:-1\" \/>\n<link rel=\"canonical\" href=\"https:\/\/denizcankizil.tr\/de\/haberler\/gundem\/bursa-kent-konseyi-aciklama-yapti-bursa-susuzluk-sinirinda\/\" \/>\n<meta property=\"og:locale\" content=\"de_DE\" \/>\n<meta property=\"og:type\" content=\"article\" \/>\n<meta property=\"og:title\" content=\"Bursa Kent Konseyi a\u00e7\u0131klama yapt\u0131... Bursa susuzluk s\u0131n\u0131r\u0131nda!\" \/>\n<meta property=\"og:description\" content=\"Bursa&#8217;n\u0131n i\u00e7me suyunu kar\u015f\u0131layan Do\u011fanc\u0131 ve Nil\u00fcfer Barajlar\u0131&#8217;nda su seviyesi alarm vermesi \u00fczerine Bursa Kent Konseyi \u00c7evre Meclisi&#8217;nden Nil\u00fcfer Baraj\u0131&#8217;nda bas\u0131n a\u00e7\u0131klamas\u0131 yap\u0131ld\u0131.BURSA (\u0130GFA) &#8211; Bursa Kent Konseyi b\u00fcnyesindeki \u00c7evre Meclisi, BUSK\u0130 verilerine g\u00f6re barajlar\u0131n su doluluk oranlar\u0131n\u0131n y\u00fczde 19,47&#8217;ye inmesi ard\u0131ndan Nil\u00fcfer Baraj\u0131&#8217;nda bas\u0131n a\u00e7\u0131klamas\u0131nda bulundu. \u00c7evre Meclisi&#8217;nin a\u00e7\u0131klamas\u0131n\u0131 Meclis Ba\u015fkan\u0131 \u00d6zge Sivrio\u011flu okudu. Akarsu havzalar\u0131nda i\u015fletilen madenlerin, yeralt\u0131 ve y\u00fczeysel su kaynaklar\u0131m\u0131z\u0131 kullanan ve kirleten kontrols\u00fcz sanayile\u015fmenin, bilin\u00e7sizce kullan\u0131lan tar\u0131m ila\u00e7lar\u0131n\u0131n, geleneksel sulama y\u00f6ntemlerinin su kaynaklar\u0131 \u00fczerindeki tahribat\u0131 az\u0131msanmayacak boyutlarda oldu\u011funun alt\u0131n\u0131 \u00e7izen Sivrio\u011flu, sanayinin daha az su kullanan, s\u0131f\u0131r s\u0131v\u0131 de\u015farj\u0131 sistemleri gibi suyun geri kazan\u0131m\u0131n\u0131 sa\u011flayan ileri teknolojiler kullanmas\u0131n\u0131, vah\u015fi madencili\u011fin terk edilmesi, Ye\u015fil Orman Seferberli\u011finin yap\u0131lmas\u0131, tar\u0131mda vah\u015fi sulamadan vazge\u00e7ilip damla veya ya\u011fmurlama sulamaya ge\u00e7i\u015fin yap\u0131lmas\u0131n\u0131 talep ettiklerini s\u0131ralad\u0131. Bursa Kent Konseyi Ba\u015fkan\u0131 Ertu\u011frul Aksoy ise suyun s\u0131n\u0131rl\u0131 bir do\u011fal kaynak oldu\u011funu belirterek, T\u00fcrkiye&#8217;nin ise su kaynaklar\u0131 bak\u0131m\u0131ndan zengin bir \u00fclke olmad\u0131\u011f\u0131 s\u00f6yledi. Ba\u015fkan Aksoy, t\u00fcm kamu kurum ve kurulu\u015flar\u0131n\u0131 \u00f6nlem almaya \u00e7a\u011f\u0131rd\u0131. Hat\u0131rlanaca\u011f\u0131 gibi, \u00f6nceki hafta da barajlardaki azalmalar dolay\u0131s\u0131yla Bursa B\u00fcy\u00fck\u015fehir Belediye Ba\u015fkan\u0131 Mustafa Bozbey de, Bursal\u0131lara su tasarrufu \u00e7a\u011fr\u0131s\u0131nda bulunmu\u015ftu. \u200bBursa&#8217;n\u0131n i\u00e7me suyunu kar\u015f\u0131layan Do\u011fanc\u0131 ve Nil\u00fcfer Barajlar\u0131&#8217;nda su seviyesi alarm vermesi \u00fczerine Bursa Kent Konseyi \u00c7evre Meclisi&#8217;nden Nil\u00fcfer Baraj\u0131&#8217;nda bas\u0131n a\u00e7\u0131klamas\u0131 &hellip;\" \/>\n<meta property=\"og:url\" content=\"https:\/\/denizcankizil.tr\/de\/haberler\/gundem\/bursa-kent-konseyi-aciklama-yapti-bursa-susuzluk-sinirinda\/\" \/>\n<meta property=\"og:site_name\" content=\"Av. Deniz Can K\u0131z\u0131l\" \/>\n<meta property=\"article:published_time\" content=\"2024-11-11T05:41:51+00:00\" \/>\n<meta name=\"twitter:card\" content=\"summary_large_image\" \/>\n<meta name=\"twitter:label1\" content=\"Gesch\u00e4tzte Lesezeit\" \/>\n\t<meta name=\"twitter:data1\" content=\"2\u00a0Minuten\" \/>\n<script type=\"application\/ld+json\" class=\"yoast-schema-graph\">{\"@context\":\"https:\/\/schema.org\",\"@graph\":[{\"@type\":\"Article\",\"@id\":\"https:\/\/denizcankizil.tr\/de\/haberler\/gundem\/bursa-kent-konseyi-aciklama-yapti-bursa-susuzluk-sinirinda\/#article\",\"isPartOf\":{\"@id\":\"https:\/\/denizcankizil.tr\/de\/haberler\/gundem\/bursa-kent-konseyi-aciklama-yapti-bursa-susuzluk-sinirinda\/\"},\"author\":{\"name\":\"\",\"@id\":\"\"},\"headline\":\"Bursa Kent Konseyi a\u00e7\u0131klama yapt\u0131&#8230; Bursa susuzluk s\u0131n\u0131r\u0131nda!\",\"datePublished\":\"2024-11-11T05:41:51+00:00\",\"mainEntityOfPage\":{\"@id\":\"https:\/\/denizcankizil.tr\/de\/haberler\/gundem\/bursa-kent-konseyi-aciklama-yapti-bursa-susuzluk-sinirinda\/\"},\"wordCount\":333,\"commentCount\":0,\"publisher\":{\"@id\":\"https:\/\/denizcankizil.tr\/de\/#organization\"},\"articleSection\":[\"G\u00fcndem\",\"Uncategorized\"],\"inLanguage\":\"de\",\"potentialAction\":[{\"@type\":\"CommentAction\",\"name\":\"Comment\",\"target\":[\"https:\/\/denizcankizil.tr\/de\/haberler\/gundem\/bursa-kent-konseyi-aciklama-yapti-bursa-susuzluk-sinirinda\/#respond\"]}]},{\"@type\":\"WebPage\",\"@id\":\"https:\/\/denizcankizil.tr\/de\/haberler\/gundem\/bursa-kent-konseyi-aciklama-yapti-bursa-susuzluk-sinirinda\/\",\"url\":\"https:\/\/denizcankizil.tr\/de\/haberler\/gundem\/bursa-kent-konseyi-aciklama-yapti-bursa-susuzluk-sinirinda\/\",\"name\":\"Bursa Kent Konseyi a\u00e7\u0131klama yapt\u0131... Bursa susuzluk s\u0131n\u0131r\u0131nda! - Av. Deniz Can K\u0131z\u0131l\",\"isPartOf\":{\"@id\":\"https:\/\/denizcankizil.tr\/de\/#website\"},\"datePublished\":\"2024-11-11T05:41:51+00:00\",\"breadcrumb\":{\"@id\":\"https:\/\/denizcankizil.tr\/de\/haberler\/gundem\/bursa-kent-konseyi-aciklama-yapti-bursa-susuzluk-sinirinda\/#breadcrumb\"},\"inLanguage\":\"de\",\"potentialAction\":[{\"@type\":\"ReadAction\",\"target\":[\"https:\/\/denizcankizil.tr\/de\/haberler\/gundem\/bursa-kent-konseyi-aciklama-yapti-bursa-susuzluk-sinirinda\/\"]}]},{\"@type\":\"BreadcrumbList\",\"@id\":\"https:\/\/denizcankizil.tr\/de\/haberler\/gundem\/bursa-kent-konseyi-aciklama-yapti-bursa-susuzluk-sinirinda\/#breadcrumb\",\"itemListElement\":[{\"@type\":\"ListItem\",\"position\":1,\"name\":\"Home\",\"item\":\"https:\/\/denizcankizil.tr\/de\/\"},{\"@type\":\"ListItem\",\"position\":2,\"name\":\"Bursa Kent Konseyi a\u00e7\u0131klama yapt\u0131&#8230; Bursa susuzluk s\u0131n\u0131r\u0131nda!\"}]},{\"@type\":\"WebSite\",\"@id\":\"https:\/\/denizcankizil.tr\/de\/#website\",\"url\":\"https:\/\/denizcankizil.tr\/de\/\",\"name\":\"Av. Deniz Can K\u0131z\u0131l\",\"description\":\"Avukat Deniz Can K\u0131z\u0131l Antalya Barosu\",\"publisher\":{\"@id\":\"https:\/\/denizcankizil.tr\/de\/#organization\"},\"potentialAction\":[{\"@type\":\"SearchAction\",\"target\":{\"@type\":\"EntryPoint\",\"urlTemplate\":\"https:\/\/denizcankizil.tr\/de\/?s={search_term_string}\"},\"query-input\":{\"@type\":\"PropertyValueSpecification\",\"valueRequired\":true,\"valueName\":\"search_term_string\"}}],\"inLanguage\":\"de\"},{\"@type\":\"Organization\",\"@id\":\"https:\/\/denizcankizil.tr\/de\/#organization\",\"name\":\"Av. Deniz Can K\u0131z\u0131l\",\"url\":\"https:\/\/denizcankizil.tr\/de\/\",\"logo\":{\"@type\":\"ImageObject\",\"inLanguage\":\"de\",\"@id\":\"https:\/\/denizcankizil.tr\/de\/#\/schema\/logo\/image\/\",\"url\":\"https:\/\/denizcankizil.tr\/wp-content\/uploads\/2024\/10\/siyah-logo-svg.svg\",\"contentUrl\":\"https:\/\/denizcankizil.tr\/wp-content\/uploads\/2024\/10\/siyah-logo-svg.svg\",\"width\":1080,\"height\":1080,\"caption\":\"Av. Deniz Can K\u0131z\u0131l\"},\"image\":{\"@id\":\"https:\/\/denizcankizil.tr\/de\/#\/schema\/logo\/image\/\"}}]}<\/script>\n<!-- \/ Yoast SEO Premium plugin. -->","yoast_head_json":{"title":"Bursa Kent Konseyi a\u00e7\u0131klama yapt\u0131... Bursa susuzluk s\u0131n\u0131r\u0131nda! - Av. Deniz Can K\u0131z\u0131l","robots":{"index":"index","follow":"follow","max-snippet":"max-snippet:-1","max-image-preview":"max-image-preview:large","max-video-preview":"max-video-preview:-1"},"canonical":"https:\/\/denizcankizil.tr\/de\/haberler\/gundem\/bursa-kent-konseyi-aciklama-yapti-bursa-susuzluk-sinirinda\/","og_locale":"de_DE","og_type":"article","og_title":"Bursa Kent Konseyi a\u00e7\u0131klama yapt\u0131... Bursa susuzluk s\u0131n\u0131r\u0131nda!","og_description":"Bursa&#8217;n\u0131n i\u00e7me suyunu kar\u015f\u0131layan Do\u011fanc\u0131 ve Nil\u00fcfer Barajlar\u0131&#8217;nda su seviyesi alarm vermesi \u00fczerine Bursa Kent Konseyi \u00c7evre Meclisi&#8217;nden Nil\u00fcfer Baraj\u0131&#8217;nda bas\u0131n a\u00e7\u0131klamas\u0131 yap\u0131ld\u0131.BURSA (\u0130GFA) &#8211; Bursa Kent Konseyi b\u00fcnyesindeki \u00c7evre Meclisi, BUSK\u0130 verilerine g\u00f6re barajlar\u0131n su doluluk oranlar\u0131n\u0131n y\u00fczde 19,47&#8217;ye inmesi ard\u0131ndan Nil\u00fcfer Baraj\u0131&#8217;nda bas\u0131n a\u00e7\u0131klamas\u0131nda bulundu. \u00c7evre Meclisi&#8217;nin a\u00e7\u0131klamas\u0131n\u0131 Meclis Ba\u015fkan\u0131 \u00d6zge Sivrio\u011flu okudu. Akarsu havzalar\u0131nda i\u015fletilen madenlerin, yeralt\u0131 ve y\u00fczeysel su kaynaklar\u0131m\u0131z\u0131 kullanan ve kirleten kontrols\u00fcz sanayile\u015fmenin, bilin\u00e7sizce kullan\u0131lan tar\u0131m ila\u00e7lar\u0131n\u0131n, geleneksel sulama y\u00f6ntemlerinin su kaynaklar\u0131 \u00fczerindeki tahribat\u0131 az\u0131msanmayacak boyutlarda oldu\u011funun alt\u0131n\u0131 \u00e7izen Sivrio\u011flu, sanayinin daha az su kullanan, s\u0131f\u0131r s\u0131v\u0131 de\u015farj\u0131 sistemleri gibi suyun geri kazan\u0131m\u0131n\u0131 sa\u011flayan ileri teknolojiler kullanmas\u0131n\u0131, vah\u015fi madencili\u011fin terk edilmesi, Ye\u015fil Orman Seferberli\u011finin yap\u0131lmas\u0131, tar\u0131mda vah\u015fi sulamadan vazge\u00e7ilip damla veya ya\u011fmurlama sulamaya ge\u00e7i\u015fin yap\u0131lmas\u0131n\u0131 talep ettiklerini s\u0131ralad\u0131. Bursa Kent Konseyi Ba\u015fkan\u0131 Ertu\u011frul Aksoy ise suyun s\u0131n\u0131rl\u0131 bir do\u011fal kaynak oldu\u011funu belirterek, T\u00fcrkiye&#8217;nin ise su kaynaklar\u0131 bak\u0131m\u0131ndan zengin bir \u00fclke olmad\u0131\u011f\u0131 s\u00f6yledi. Ba\u015fkan Aksoy, t\u00fcm kamu kurum ve kurulu\u015flar\u0131n\u0131 \u00f6nlem almaya \u00e7a\u011f\u0131rd\u0131. Hat\u0131rlanaca\u011f\u0131 gibi, \u00f6nceki hafta da barajlardaki azalmalar dolay\u0131s\u0131yla Bursa B\u00fcy\u00fck\u015fehir Belediye Ba\u015fkan\u0131 Mustafa Bozbey de, Bursal\u0131lara su tasarrufu \u00e7a\u011fr\u0131s\u0131nda bulunmu\u015ftu. \u200bBursa&#8217;n\u0131n i\u00e7me suyunu kar\u015f\u0131layan Do\u011fanc\u0131 ve Nil\u00fcfer Barajlar\u0131&#8217;nda su seviyesi alarm vermesi \u00fczerine Bursa Kent Konseyi \u00c7evre Meclisi&#8217;nden Nil\u00fcfer Baraj\u0131&#8217;nda bas\u0131n a\u00e7\u0131klamas\u0131 &hellip;","og_url":"https:\/\/denizcankizil.tr\/de\/haberler\/gundem\/bursa-kent-konseyi-aciklama-yapti-bursa-susuzluk-sinirinda\/","og_site_name":"Av. Deniz Can K\u0131z\u0131l","article_published_time":"2024-11-11T05:41:51+00:00","twitter_card":"summary_large_image","twitter_misc":{"Gesch\u00e4tzte Lesezeit":"2\u00a0Minuten"},"schema":{"@context":"https:\/\/schema.org","@graph":[{"@type":"Article","@id":"https:\/\/denizcankizil.tr\/de\/haberler\/gundem\/bursa-kent-konseyi-aciklama-yapti-bursa-susuzluk-sinirinda\/#article","isPartOf":{"@id":"https:\/\/denizcankizil.tr\/de\/haberler\/gundem\/bursa-kent-konseyi-aciklama-yapti-bursa-susuzluk-sinirinda\/"},"author":{"name":"","@id":""},"headline":"Bursa Kent Konseyi a\u00e7\u0131klama yapt\u0131&#8230; Bursa susuzluk s\u0131n\u0131r\u0131nda!","datePublished":"2024-11-11T05:41:51+00:00","mainEntityOfPage":{"@id":"https:\/\/denizcankizil.tr\/de\/haberler\/gundem\/bursa-kent-konseyi-aciklama-yapti-bursa-susuzluk-sinirinda\/"},"wordCount":333,"commentCount":0,"publisher":{"@id":"https:\/\/denizcankizil.tr\/de\/#organization"},"articleSection":["G\u00fcndem","Uncategorized"],"inLanguage":"de","potentialAction":[{"@type":"CommentAction","name":"Comment","target":["https:\/\/denizcankizil.tr\/de\/haberler\/gundem\/bursa-kent-konseyi-aciklama-yapti-bursa-susuzluk-sinirinda\/#respond"]}]},{"@type":"WebPage","@id":"https:\/\/denizcankizil.tr\/de\/haberler\/gundem\/bursa-kent-konseyi-aciklama-yapti-bursa-susuzluk-sinirinda\/","url":"https:\/\/denizcankizil.tr\/de\/haberler\/gundem\/bursa-kent-konseyi-aciklama-yapti-bursa-susuzluk-sinirinda\/","name":"Bursa Kent Konseyi a\u00e7\u0131klama yapt\u0131... Bursa susuzluk s\u0131n\u0131r\u0131nda! - Av. Deniz Can K\u0131z\u0131l","isPartOf":{"@id":"https:\/\/denizcankizil.tr\/de\/#website"},"datePublished":"2024-11-11T05:41:51+00:00","breadcrumb":{"@id":"https:\/\/denizcankizil.tr\/de\/haberler\/gundem\/bursa-kent-konseyi-aciklama-yapti-bursa-susuzluk-sinirinda\/#breadcrumb"},"inLanguage":"de","potentialAction":[{"@type":"ReadAction","target":["https:\/\/denizcankizil.tr\/de\/haberler\/gundem\/bursa-kent-konseyi-aciklama-yapti-bursa-susuzluk-sinirinda\/"]}]},{"@type":"BreadcrumbList","@id":"https:\/\/denizcankizil.tr\/de\/haberler\/gundem\/bursa-kent-konseyi-aciklama-yapti-bursa-susuzluk-sinirinda\/#breadcrumb","itemListElement":[{"@type":"ListItem","position":1,"name":"Home","item":"https:\/\/denizcankizil.tr\/de\/"},{"@type":"ListItem","position":2,"name":"Bursa Kent Konseyi a\u00e7\u0131klama yapt\u0131&#8230; Bursa susuzluk s\u0131n\u0131r\u0131nda!"}]},{"@type":"WebSite","@id":"https:\/\/denizcankizil.tr\/de\/#website","url":"https:\/\/denizcankizil.tr\/de\/","name":"Av. Deniz Can K\u0131z\u0131l","description":"Avukat Deniz Can K\u0131z\u0131l Antalya Barosu","publisher":{"@id":"https:\/\/denizcankizil.tr\/de\/#organization"},"potentialAction":[{"@type":"SearchAction","target":{"@type":"EntryPoint","urlTemplate":"https:\/\/denizcankizil.tr\/de\/?s={search_term_string}"},"query-input":{"@type":"PropertyValueSpecification","valueRequired":true,"valueName":"search_term_string"}}],"inLanguage":"de"},{"@type":"Organization","@id":"https:\/\/denizcankizil.tr\/de\/#organization","name":"Av. Deniz Can K\u0131z\u0131l","url":"https:\/\/denizcankizil.tr\/de\/","logo":{"@type":"ImageObject","inLanguage":"de","@id":"https:\/\/denizcankizil.tr\/de\/#\/schema\/logo\/image\/","url":"https:\/\/denizcankizil.tr\/wp-content\/uploads\/2024\/10\/siyah-logo-svg.svg","contentUrl":"https:\/\/denizcankizil.tr\/wp-content\/uploads\/2024\/10\/siyah-logo-svg.svg","width":1080,"height":1080,"caption":"Av. Deniz Can K\u0131z\u0131l"},"image":{"@id":"https:\/\/denizcankizil.tr\/de\/#\/schema\/logo\/image\/"}}]}},"_links":{"self":[{"href":"https:\/\/denizcankizil.tr\/de\/wp-json\/wp\/v2\/posts\/15494","targetHints":{"allow":["GET"]}}],"collection":[{"href":"https:\/\/denizcankizil.tr\/de\/wp-json\/wp\/v2\/posts"}],"about":[{"href":"https:\/\/denizcankizil.tr\/de\/wp-json\/wp\/v2\/types\/post"}],"replies":[{"embeddable":true,"href":"https:\/\/denizcankizil.tr\/de\/wp-json\/wp\/v2\/comments?post=15494"}],"version-history":[{"count":0,"href":"https:\/\/denizcankizil.tr\/de\/wp-json\/wp\/v2\/posts\/15494\/revisions"}],"wp:attachment":[{"href":"https:\/\/denizcankizil.tr\/de\/wp-json\/wp\/v2\/media?parent=15494"}],"wp:term":[{"taxonomy":"category","embeddable":true,"href":"https:\/\/denizcankizil.tr\/de\/wp-json\/wp\/v2\/categories?post=15494"},{"taxonomy":"post_tag","embeddable":true,"href":"https:\/\/denizcankizil.tr\/de\/wp-json\/wp\/v2\/tags?post=15494"}],"curies":[{"name":"wp","href":"https:\/\/api.w.org\/{rel}","templated":true}]}}