{"id":1542,"date":"2024-10-11T16:04:32","date_gmt":"2024-10-11T16:04:32","guid":{"rendered":"https:\/\/denizcankizil.tr\/uncategorized\/zabitadan-firinlara-denetim\/"},"modified":"2024-10-11T16:04:32","modified_gmt":"2024-10-11T16:04:32","slug":"zabitadan-firinlara-denetim","status":"publish","type":"post","link":"https:\/\/denizcankizil.tr\/de\/haberler\/gundem\/zabitadan-firinlara-denetim\/","title":{"rendered":"Zab\u0131tadan F\u0131r\u0131nlara Denetim"},"content":{"rendered":"<p>\u0130neg\u00f6l Belediyesi Zab\u0131ta M\u00fcd\u00fcrl\u00fc\u011f\u00fc ekipleri, f\u0131r\u0131nlara y\u00f6nelik denetim ger\u00e7ekle\u015ftirdi. \u0130l\u00e7e genelinde ekmek f\u0131r\u0131nlar\u0131 ve unlu mamuller \u00fcretimi ile sat\u0131\u015f\u0131 yap\u0131lan toplam 175 i\u015f yerine y\u00f6nelik denetimlerde 26 i\u015fyerine farkl\u0131 hususlarda ihlallerden dolay\u0131 cezai i\u015flem uyguland\u0131.<\/p>\n<p>\u200b\u0130neg\u00f6l Belediyesi Zab\u0131ta M\u00fcd\u00fcrl\u00fc\u011f\u00fc ekipleri, f\u0131r\u0131nlara y\u00f6nelik denetim ger\u00e7ekle\u015ftirdi. \u0130l\u00e7e genelinde ekmek f\u0131r\u0131nlar\u0131 ve unlu mamuller \u00fcretimi ile sat\u0131\u015f\u0131 yap\u0131lan toplam 175 i\u015f yerine y\u00f6nelik denetimlerde 26 i\u015fyerine farkl\u0131 hususlarda ihlallerden dolay\u0131 cezai i\u015flem uyguland\u0131.\u00a0<\/p>\n<p>\u200biskenderun<\/p>","protected":false},"excerpt":{"rendered":"<p>\u0130neg\u00f6l Belediyesi Zab\u0131ta M\u00fcd\u00fcrl\u00fc\u011f\u00fc ekipleri, f\u0131r\u0131nlara y\u00f6nelik denetim ger\u00e7ekle\u015ftirdi. \u0130l\u00e7e genelinde ekmek f\u0131r\u0131nlar\u0131 ve unlu mamuller \u00fcretimi ile sat\u0131\u015f\u0131 yap\u0131lan toplam 175 i\u015f yerine y\u00f6nelik denetimlerde 26 i\u015fyerine farkl\u0131 hususlarda ihlallerden dolay\u0131 cezai i\u015flem uyguland\u0131. \u200b\u0130neg\u00f6l Belediyesi Zab\u0131ta M\u00fcd\u00fcrl\u00fc\u011f\u00fc ekipleri, f\u0131r\u0131nlara y\u00f6nelik denetim ger\u00e7ekle\u015ftirdi. \u0130l\u00e7e genelinde ekmek f\u0131r\u0131nlar\u0131 ve unlu mamuller \u00fcretimi ile sat\u0131\u015f\u0131 yap\u0131lan toplam 175 i\u015f yerine y\u00f6nelik denetimlerde 26 i\u015fyerine farkl\u0131 hususlarda ihlallerden dolay\u0131 cezai i\u015flem uyguland\u0131.\u00a0 \u200biskenderun<\/p>","protected":false},"author":0,"featured_media":0,"comment_status":"open","ping_status":"open","sticky":false,"template":"","format":"standard","meta":{"_acf_changed":false,"footnotes":""},"categories":[24],"tags":[],"class_list":["post-1542","post","type-post","status-publish","format-standard","has-post-thumbnail","hentry","category-gundem"],"acf":[],"yoast_head":"<!-- This site is optimized with the Yoast SEO Premium plugin v26.6 (Yoast SEO v27.1.1) - https:\/\/yoast.com\/product\/yoast-seo-premium-wordpress\/ -->\n<title>Zab\u0131tadan F\u0131r\u0131nlara Denetim - Av. Deniz Can K\u0131z\u0131l<\/title>\n<meta name=\"robots\" content=\"index, follow, max-snippet:-1, max-image-preview:large, max-video-preview:-1\" \/>\n<link rel=\"canonical\" href=\"https:\/\/denizcankizil.tr\/de\/haberler\/gundem\/zabitadan-firinlara-denetim\/\" \/>\n<meta property=\"og:locale\" content=\"de_DE\" \/>\n<meta property=\"og:type\" content=\"article\" \/>\n<meta property=\"og:title\" content=\"Zab\u0131tadan F\u0131r\u0131nlara Denetim\" \/>\n<meta property=\"og:description\" content=\"\u0130neg\u00f6l Belediyesi Zab\u0131ta M\u00fcd\u00fcrl\u00fc\u011f\u00fc ekipleri, f\u0131r\u0131nlara y\u00f6nelik denetim ger\u00e7ekle\u015ftirdi. \u0130l\u00e7e genelinde ekmek f\u0131r\u0131nlar\u0131 ve unlu mamuller \u00fcretimi ile sat\u0131\u015f\u0131 yap\u0131lan toplam 175 i\u015f yerine y\u00f6nelik denetimlerde 26 i\u015fyerine farkl\u0131 hususlarda ihlallerden dolay\u0131 cezai i\u015flem uyguland\u0131. \u200b\u0130neg\u00f6l Belediyesi Zab\u0131ta M\u00fcd\u00fcrl\u00fc\u011f\u00fc ekipleri, f\u0131r\u0131nlara y\u00f6nelik denetim ger\u00e7ekle\u015ftirdi. \u0130l\u00e7e genelinde ekmek f\u0131r\u0131nlar\u0131 ve unlu mamuller \u00fcretimi ile sat\u0131\u015f\u0131 yap\u0131lan toplam 175 i\u015f yerine y\u00f6nelik denetimlerde 26 i\u015fyerine farkl\u0131 hususlarda ihlallerden dolay\u0131 cezai i\u015flem uyguland\u0131.\u00a0 \u200biskenderun\" \/>\n<meta property=\"og:url\" content=\"https:\/\/denizcankizil.tr\/de\/haberler\/gundem\/zabitadan-firinlara-denetim\/\" \/>\n<meta property=\"og:site_name\" content=\"Av. Deniz Can K\u0131z\u0131l\" \/>\n<meta property=\"article:published_time\" content=\"2024-10-11T16:04:32+00:00\" \/>\n<meta name=\"twitter:card\" content=\"summary_large_image\" \/>\n<script type=\"application\/ld+json\" class=\"yoast-schema-graph\">{\"@context\":\"https:\/\/schema.org\",\"@graph\":[{\"@type\":\"Article\",\"@id\":\"https:\/\/denizcankizil.tr\/en\/haberler\/gundem\/zabitadan-firinlara-denetim\/#article\",\"isPartOf\":{\"@id\":\"https:\/\/denizcankizil.tr\/en\/haberler\/gundem\/zabitadan-firinlara-denetim\/\"},\"author\":{\"name\":\"\",\"@id\":\"\"},\"headline\":\"Zab\u0131tadan F\u0131r\u0131nlara Denetim\",\"datePublished\":\"2024-10-11T16:04:32+00:00\",\"mainEntityOfPage\":{\"@id\":\"https:\/\/denizcankizil.tr\/en\/haberler\/gundem\/zabitadan-firinlara-denetim\/\"},\"wordCount\":105,\"commentCount\":0,\"publisher\":{\"@id\":\"https:\/\/denizcankizil.tr\/#organization\"},\"articleSection\":[\"G\u00fcndem\"],\"inLanguage\":\"de\",\"potentialAction\":[{\"@type\":\"CommentAction\",\"name\":\"Comment\",\"target\":[\"https:\/\/denizcankizil.tr\/en\/haberler\/gundem\/zabitadan-firinlara-denetim\/#respond\"]}]},{\"@type\":\"WebPage\",\"@id\":\"https:\/\/denizcankizil.tr\/en\/haberler\/gundem\/zabitadan-firinlara-denetim\/\",\"url\":\"https:\/\/denizcankizil.tr\/en\/haberler\/gundem\/zabitadan-firinlara-denetim\/\",\"name\":\"Zab\u0131tadan F\u0131r\u0131nlara Denetim - Av. Deniz Can K\u0131z\u0131l\",\"isPartOf\":{\"@id\":\"https:\/\/denizcankizil.tr\/#website\"},\"datePublished\":\"2024-10-11T16:04:32+00:00\",\"breadcrumb\":{\"@id\":\"https:\/\/denizcankizil.tr\/en\/haberler\/gundem\/zabitadan-firinlara-denetim\/#breadcrumb\"},\"inLanguage\":\"de\",\"potentialAction\":[{\"@type\":\"ReadAction\",\"target\":[\"https:\/\/denizcankizil.tr\/en\/haberler\/gundem\/zabitadan-firinlara-denetim\/\"]}]},{\"@type\":\"BreadcrumbList\",\"@id\":\"https:\/\/denizcankizil.tr\/en\/haberler\/gundem\/zabitadan-firinlara-denetim\/#breadcrumb\",\"itemListElement\":[{\"@type\":\"ListItem\",\"position\":1,\"name\":\"Home\",\"item\":\"https:\/\/denizcankizil.tr\/de\/\"},{\"@type\":\"ListItem\",\"position\":2,\"name\":\"Zab\u0131tadan F\u0131r\u0131nlara Denetim\"}]},{\"@type\":\"WebSite\",\"@id\":\"https:\/\/denizcankizil.tr\/#website\",\"url\":\"https:\/\/denizcankizil.tr\/\",\"name\":\"Av. Deniz Can K\u0131z\u0131l\",\"description\":\"Avukat Deniz Can K\u0131z\u0131l Antalya Barosu\",\"publisher\":{\"@id\":\"https:\/\/denizcankizil.tr\/#organization\"},\"potentialAction\":[{\"@type\":\"SearchAction\",\"target\":{\"@type\":\"EntryPoint\",\"urlTemplate\":\"https:\/\/denizcankizil.tr\/?s={search_term_string}\"},\"query-input\":{\"@type\":\"PropertyValueSpecification\",\"valueRequired\":true,\"valueName\":\"search_term_string\"}}],\"inLanguage\":\"de\"},{\"@type\":\"Organization\",\"@id\":\"https:\/\/denizcankizil.tr\/#organization\",\"name\":\"Av. Deniz Can K\u0131z\u0131l\",\"url\":\"https:\/\/denizcankizil.tr\/\",\"logo\":{\"@type\":\"ImageObject\",\"inLanguage\":\"de\",\"@id\":\"https:\/\/denizcankizil.tr\/#\/schema\/logo\/image\/\",\"url\":\"https:\/\/denizcankizil.tr\/wp-content\/uploads\/2024\/10\/siyah-logo-svg.svg\",\"contentUrl\":\"https:\/\/denizcankizil.tr\/wp-content\/uploads\/2024\/10\/siyah-logo-svg.svg\",\"width\":1080,\"height\":1080,\"caption\":\"Av. Deniz Can K\u0131z\u0131l\"},\"image\":{\"@id\":\"https:\/\/denizcankizil.tr\/#\/schema\/logo\/image\/\"}}]}<\/script>\n<!-- \/ Yoast SEO Premium plugin. -->","yoast_head_json":{"title":"Zab\u0131tadan F\u0131r\u0131nlara Denetim - Av. Deniz Can K\u0131z\u0131l","robots":{"index":"index","follow":"follow","max-snippet":"max-snippet:-1","max-image-preview":"max-image-preview:large","max-video-preview":"max-video-preview:-1"},"canonical":"https:\/\/denizcankizil.tr\/de\/haberler\/gundem\/zabitadan-firinlara-denetim\/","og_locale":"de_DE","og_type":"article","og_title":"Zab\u0131tadan F\u0131r\u0131nlara Denetim","og_description":"\u0130neg\u00f6l Belediyesi Zab\u0131ta M\u00fcd\u00fcrl\u00fc\u011f\u00fc ekipleri, f\u0131r\u0131nlara y\u00f6nelik denetim ger\u00e7ekle\u015ftirdi. \u0130l\u00e7e genelinde ekmek f\u0131r\u0131nlar\u0131 ve unlu mamuller \u00fcretimi ile sat\u0131\u015f\u0131 yap\u0131lan toplam 175 i\u015f yerine y\u00f6nelik denetimlerde 26 i\u015fyerine farkl\u0131 hususlarda ihlallerden dolay\u0131 cezai i\u015flem uyguland\u0131. \u200b\u0130neg\u00f6l Belediyesi Zab\u0131ta M\u00fcd\u00fcrl\u00fc\u011f\u00fc ekipleri, f\u0131r\u0131nlara y\u00f6nelik denetim ger\u00e7ekle\u015ftirdi. \u0130l\u00e7e genelinde ekmek f\u0131r\u0131nlar\u0131 ve unlu mamuller \u00fcretimi ile sat\u0131\u015f\u0131 yap\u0131lan toplam 175 i\u015f yerine y\u00f6nelik denetimlerde 26 i\u015fyerine farkl\u0131 hususlarda ihlallerden dolay\u0131 cezai i\u015flem uyguland\u0131.\u00a0 \u200biskenderun","og_url":"https:\/\/denizcankizil.tr\/de\/haberler\/gundem\/zabitadan-firinlara-denetim\/","og_site_name":"Av. Deniz Can K\u0131z\u0131l","article_published_time":"2024-10-11T16:04:32+00:00","twitter_card":"summary_large_image","schema":{"@context":"https:\/\/schema.org","@graph":[{"@type":"Article","@id":"https:\/\/denizcankizil.tr\/en\/haberler\/gundem\/zabitadan-firinlara-denetim\/#article","isPartOf":{"@id":"https:\/\/denizcankizil.tr\/en\/haberler\/gundem\/zabitadan-firinlara-denetim\/"},"author":{"name":"","@id":""},"headline":"Zab\u0131tadan F\u0131r\u0131nlara Denetim","datePublished":"2024-10-11T16:04:32+00:00","mainEntityOfPage":{"@id":"https:\/\/denizcankizil.tr\/en\/haberler\/gundem\/zabitadan-firinlara-denetim\/"},"wordCount":105,"commentCount":0,"publisher":{"@id":"https:\/\/denizcankizil.tr\/#organization"},"articleSection":["G\u00fcndem"],"inLanguage":"de","potentialAction":[{"@type":"CommentAction","name":"Comment","target":["https:\/\/denizcankizil.tr\/en\/haberler\/gundem\/zabitadan-firinlara-denetim\/#respond"]}]},{"@type":"WebPage","@id":"https:\/\/denizcankizil.tr\/en\/haberler\/gundem\/zabitadan-firinlara-denetim\/","url":"https:\/\/denizcankizil.tr\/en\/haberler\/gundem\/zabitadan-firinlara-denetim\/","name":"Zab\u0131tadan F\u0131r\u0131nlara Denetim - Av. Deniz Can K\u0131z\u0131l","isPartOf":{"@id":"https:\/\/denizcankizil.tr\/#website"},"datePublished":"2024-10-11T16:04:32+00:00","breadcrumb":{"@id":"https:\/\/denizcankizil.tr\/en\/haberler\/gundem\/zabitadan-firinlara-denetim\/#breadcrumb"},"inLanguage":"de","potentialAction":[{"@type":"ReadAction","target":["https:\/\/denizcankizil.tr\/en\/haberler\/gundem\/zabitadan-firinlara-denetim\/"]}]},{"@type":"BreadcrumbList","@id":"https:\/\/denizcankizil.tr\/en\/haberler\/gundem\/zabitadan-firinlara-denetim\/#breadcrumb","itemListElement":[{"@type":"ListItem","position":1,"name":"Home","item":"https:\/\/denizcankizil.tr\/de\/"},{"@type":"ListItem","position":2,"name":"Zab\u0131tadan F\u0131r\u0131nlara Denetim"}]},{"@type":"WebSite","@id":"https:\/\/denizcankizil.tr\/#website","url":"https:\/\/denizcankizil.tr\/","name":"Av. Deniz Can K\u0131z\u0131l","description":"Avukat Deniz Can K\u0131z\u0131l Antalya Barosu","publisher":{"@id":"https:\/\/denizcankizil.tr\/#organization"},"potentialAction":[{"@type":"SearchAction","target":{"@type":"EntryPoint","urlTemplate":"https:\/\/denizcankizil.tr\/?s={search_term_string}"},"query-input":{"@type":"PropertyValueSpecification","valueRequired":true,"valueName":"search_term_string"}}],"inLanguage":"de"},{"@type":"Organization","@id":"https:\/\/denizcankizil.tr\/#organization","name":"Av. Deniz Can K\u0131z\u0131l","url":"https:\/\/denizcankizil.tr\/","logo":{"@type":"ImageObject","inLanguage":"de","@id":"https:\/\/denizcankizil.tr\/#\/schema\/logo\/image\/","url":"https:\/\/denizcankizil.tr\/wp-content\/uploads\/2024\/10\/siyah-logo-svg.svg","contentUrl":"https:\/\/denizcankizil.tr\/wp-content\/uploads\/2024\/10\/siyah-logo-svg.svg","width":1080,"height":1080,"caption":"Av. Deniz Can K\u0131z\u0131l"},"image":{"@id":"https:\/\/denizcankizil.tr\/#\/schema\/logo\/image\/"}}]}},"_links":{"self":[{"href":"https:\/\/denizcankizil.tr\/de\/wp-json\/wp\/v2\/posts\/1542","targetHints":{"allow":["GET"]}}],"collection":[{"href":"https:\/\/denizcankizil.tr\/de\/wp-json\/wp\/v2\/posts"}],"about":[{"href":"https:\/\/denizcankizil.tr\/de\/wp-json\/wp\/v2\/types\/post"}],"replies":[{"embeddable":true,"href":"https:\/\/denizcankizil.tr\/de\/wp-json\/wp\/v2\/comments?post=1542"}],"version-history":[{"count":0,"href":"https:\/\/denizcankizil.tr\/de\/wp-json\/wp\/v2\/posts\/1542\/revisions"}],"wp:attachment":[{"href":"https:\/\/denizcankizil.tr\/de\/wp-json\/wp\/v2\/media?parent=1542"}],"wp:term":[{"taxonomy":"category","embeddable":true,"href":"https:\/\/denizcankizil.tr\/de\/wp-json\/wp\/v2\/categories?post=1542"},{"taxonomy":"post_tag","embeddable":true,"href":"https:\/\/denizcankizil.tr\/de\/wp-json\/wp\/v2\/tags?post=1542"}],"curies":[{"name":"wp","href":"https:\/\/api.w.org\/{rel}","templated":true}]}}