{"id":151083,"date":"2025-07-19T20:42:18","date_gmt":"2025-07-19T17:42:18","guid":{"rendered":"https:\/\/denizcankizil.tr\/uncategorized-tr\/hbb-hatayin-inanc-zenginligine-sahip-cikiyor\/"},"modified":"2025-07-19T20:42:18","modified_gmt":"2025-07-19T17:42:18","slug":"hbb-hatayin-inanc-zenginligine-sahip-cikiyor","status":"publish","type":"post","link":"https:\/\/denizcankizil.tr\/de\/haberler\/gundem\/hbb-hatayin-inanc-zenginligine-sahip-cikiyor\/","title":{"rendered":"HBB, Hatay\u2019\u0131n inan\u00e7 zenginli\u011fine sahip \u00e7\u0131k\u0131yor\u2026"},"content":{"rendered":"<p>Hatay \u0130mar Sanayi A\u015e (H\u0130SA\u015e) koordinasyonunda s\u00fcrd\u00fcr\u00fclen \u00e7al\u0131\u015fmalarla, farkl\u0131 inan\u00e7lara ait ibadethaneler ve toplumsal dayan\u0131\u015fma mekanlar\u0131 onar\u0131l\u0131yor, yeniden in\u015fa ediliyor.<\/p>\n<p>CEMEV\u0130 VE K\u0130L\u0130SE ONARILDI<\/p>\n<p>\u0130skenderun il\u00e7esi Hac\u0131 Bekta\u015fi Veli Anadolu K\u00fclt\u00fcr Vakf\u0131 Cemevi binas\u0131nda tadilat \u00e7al\u0131\u015fmalar\u0131 tamamland\u0131. Mobilya d\u00f6\u015feme i\u015flemleri tamamland\u0131\u011f\u0131nda vatanda\u015flara hizmet verecek. Samanda\u011f\u2019\u0131 il\u00e7esindeki Aziz \u0130lyas Kilisesi&#8217;nin depremde y\u0131k\u0131lan duvarlar\u0131, yap\u0131n\u0131n tarihi dokusuna uygun bir \u015fekilde yeniden in\u015fa edildi.<\/p>\n<p>ADAK VE TAZ\u0130YEEVLER\u0130 Y\u00dcKSEL\u0130YOR<\/p>\n<p>Samanda\u011f M\u0131zrakl\u0131 ve Antakya G\u00fczelbur\u00e7 Mahallelerinde adak ve taziyeevi binalar\u0131 h\u0131zla y\u00fckselirken Arsuz G\u00f6kmeydan Mahallesi\u2019ndeki yeni projeye de \u00f6n\u00fcm\u00fczdeki ay ba\u015flanacak.<\/p>\n<p>CAM\u0130 PROJELER\u0130<\/p>\n<p>HAYATA GE\u00c7\u0130YOR<\/p>\n<p>Hassa Deli\u00e7ay Mahalle Camisi&#8217;nin yap\u0131m\u0131 tamamlanarak ibadete a\u00e7\u0131l\u0131rken K\u0131r\u0131khan \u0130\u00e7ada Mahallesi, Hassa Akbez, Fatih, Alt\u0131n\u00f6z\u00fc Avuttepe ve Arsuz G\u00f6zc\u00fcler Mahallelerinde de cami in\u015faatlar\u0131 devam ediyor. Arsuz Merkez Camisi\u2019nde restorasyon ve tadilat \u00e7al\u0131\u015fmalar\u0131nda ise sona yakla\u015f\u0131ld\u0131.<\/p>\n<p>YEN\u0130 CAM\u0130 PROJELER\u0130 YOLDA<\/p>\n<p>K\u0131r\u0131khan Saylak, \u0130skenderun Biti\u015fik ve Defne Suba\u015f\u0131 Mahallelerinde cami yap\u0131m\u0131 i\u00e7in \u00e7al\u0131\u015fmalara yak\u0131nda ba\u015flanacak. Ger\u00e7ekle\u015ftirilen \u00e7al\u0131\u015fmalardan duyduklar\u0131 memnuniyeti dile getiren muhtarlar, kanaat \u00f6nderleri ve vatanda\u015flar; hizmetlerin h\u0131zl\u0131 ve etkin \u015fekilde hayata ge\u00e7irilmesinden dolay\u0131 HBB Ba\u015fkan\u0131 Mehmet \u00d6nt\u00fcrk\u2019e ve eme\u011fi ge\u00e7en t\u00fcm ekiplere te\u015fekk\u00fcrlerini iletti.<\/p>\n<p>\u201cHER \u0130NANCA SAYGI<\/p>\n<p>TEMEL \u0130LKEM\u0130Z&#8221;<\/p>\n<p>Hatay\u2019\u0131n \u00e7ok k\u00fclt\u00fcrl\u00fc ve \u00e7ok inan\u00e7l\u0131 yap\u0131s\u0131na sahip bir mozaik oldu\u011funu vurgulayan HBB yetkilileri, bu zenginli\u011fe sahip \u00e7\u0131kt\u0131klar\u0131n\u0131 ve t\u00fcm inan\u00e7lara ait ibadet alanlar\u0131na e\u015fit hizmet g\u00f6t\u00fcrmeyi temel ilke edindiklerini ifade etti.<\/p>\n<p><img decoding=\"async\" alt=\"Hbb Cami Kilise Onarimi (24)\" class=\"detail-photo img-fluid lazyload\" height=\"1066\" data-src=\"https:\/\/iskenderunorg.teimg.com\/iskenderun-org\/uploads\/2025\/07\/2025\/07\/hbb-cami-kilise-onarimi-24.jpg\" width=\"1600\" src=\"data:image\/svg+xml;base64,PHN2ZyB3aWR0aD0iMSIgaGVpZ2h0PSIxIiB4bWxucz0iaHR0cDovL3d3dy53My5vcmcvMjAwMC9zdmciPjwvc3ZnPg==\" style=\"--smush-placeholder-width: 1600px; --smush-placeholder-aspect-ratio: 1600\/1066;\" \/><img decoding=\"async\" alt=\"Hbb Cami Kilise Onarimi (25)\" class=\"detail-photo img-fluid lazyload\" height=\"1066\" data-src=\"https:\/\/iskenderunorg.teimg.com\/iskenderun-org\/uploads\/2025\/07\/2025\/07\/hbb-cami-kilise-onarimi-25.jpg\" width=\"1600\" src=\"data:image\/svg+xml;base64,PHN2ZyB3aWR0aD0iMSIgaGVpZ2h0PSIxIiB4bWxucz0iaHR0cDovL3d3dy53My5vcmcvMjAwMC9zdmciPjwvc3ZnPg==\" style=\"--smush-placeholder-width: 1600px; --smush-placeholder-aspect-ratio: 1600\/1066;\" \/><img decoding=\"async\" alt=\"Hbb Cami Kilise Onarimi (22)\" class=\"detail-photo img-fluid lazyload\" height=\"1200\" data-src=\"https:\/\/iskenderunorg.teimg.com\/iskenderun-org\/uploads\/2025\/07\/2025\/07\/hbb-cami-kilise-onarimi-22.jpg\" width=\"1600\" src=\"data:image\/svg+xml;base64,PHN2ZyB3aWR0aD0iMSIgaGVpZ2h0PSIxIiB4bWxucz0iaHR0cDovL3d3dy53My5vcmcvMjAwMC9zdmciPjwvc3ZnPg==\" style=\"--smush-placeholder-width: 1600px; --smush-placeholder-aspect-ratio: 1600\/1200;\" \/><img decoding=\"async\" alt=\"Hbb Cami Kilise Onarimi (23)\" class=\"detail-photo img-fluid lazyload\" height=\"1066\" data-src=\"https:\/\/iskenderunorg.teimg.com\/iskenderun-org\/uploads\/2025\/07\/2025\/07\/hbb-cami-kilise-onarimi-23.jpg\" width=\"1600\" src=\"data:image\/svg+xml;base64,PHN2ZyB3aWR0aD0iMSIgaGVpZ2h0PSIxIiB4bWxucz0iaHR0cDovL3d3dy53My5vcmcvMjAwMC9zdmciPjwvc3ZnPg==\" style=\"--smush-placeholder-width: 1600px; --smush-placeholder-aspect-ratio: 1600\/1066;\" \/><img decoding=\"async\" alt=\"Hbb Cami Kilise Onarimi (21)\" class=\"detail-photo img-fluid lazyload\" height=\"1066\" data-src=\"https:\/\/iskenderunorg.teimg.com\/iskenderun-org\/uploads\/2025\/07\/2025\/07\/hbb-cami-kilise-onarimi-21.jpg\" width=\"1600\" src=\"data:image\/svg+xml;base64,PHN2ZyB3aWR0aD0iMSIgaGVpZ2h0PSIxIiB4bWxucz0iaHR0cDovL3d3dy53My5vcmcvMjAwMC9zdmciPjwvc3ZnPg==\" style=\"--smush-placeholder-width: 1600px; --smush-placeholder-aspect-ratio: 1600\/1066;\" \/><img decoding=\"async\" alt=\"Hbb Cami Kilise Onarimi (18)\" class=\"detail-photo img-fluid lazyload\" height=\"1200\" data-src=\"https:\/\/iskenderunorg.teimg.com\/iskenderun-org\/uploads\/2025\/07\/2025\/07\/hbb-cami-kilise-onarimi-18.jpg\" width=\"1600\" src=\"data:image\/svg+xml;base64,PHN2ZyB3aWR0aD0iMSIgaGVpZ2h0PSIxIiB4bWxucz0iaHR0cDovL3d3dy53My5vcmcvMjAwMC9zdmciPjwvc3ZnPg==\" style=\"--smush-placeholder-width: 1600px; --smush-placeholder-aspect-ratio: 1600\/1200;\" \/><img decoding=\"async\" alt=\"Hbb Cami Kilise Onarimi (19)\" class=\"detail-photo img-fluid lazyload\" height=\"1066\" data-src=\"https:\/\/iskenderunorg.teimg.com\/iskenderun-org\/uploads\/2025\/07\/2025\/07\/hbb-cami-kilise-onarimi-19.jpg\" width=\"1600\" src=\"data:image\/svg+xml;base64,PHN2ZyB3aWR0aD0iMSIgaGVpZ2h0PSIxIiB4bWxucz0iaHR0cDovL3d3dy53My5vcmcvMjAwMC9zdmciPjwvc3ZnPg==\" style=\"--smush-placeholder-width: 1600px; --smush-placeholder-aspect-ratio: 1600\/1066;\" \/><img decoding=\"async\" alt=\"Hbb Cami Kilise Onarimi (20)\" class=\"detail-photo img-fluid lazyload\" height=\"1066\" data-src=\"https:\/\/iskenderunorg.teimg.com\/iskenderun-org\/uploads\/2025\/07\/2025\/07\/hbb-cami-kilise-onarimi-20.jpg\" width=\"1600\" src=\"data:image\/svg+xml;base64,PHN2ZyB3aWR0aD0iMSIgaGVpZ2h0PSIxIiB4bWxucz0iaHR0cDovL3d3dy53My5vcmcvMjAwMC9zdmciPjwvc3ZnPg==\" style=\"--smush-placeholder-width: 1600px; --smush-placeholder-aspect-ratio: 1600\/1066;\" \/><img decoding=\"async\" alt=\"Hbb Cami Kilise Onarimi (16)\" class=\"detail-photo img-fluid lazyload\" height=\"1200\" data-src=\"https:\/\/iskenderunorg.teimg.com\/iskenderun-org\/uploads\/2025\/07\/2025\/07\/hbb-cami-kilise-onarimi-16.jpg\" width=\"1600\" src=\"data:image\/svg+xml;base64,PHN2ZyB3aWR0aD0iMSIgaGVpZ2h0PSIxIiB4bWxucz0iaHR0cDovL3d3dy53My5vcmcvMjAwMC9zdmciPjwvc3ZnPg==\" style=\"--smush-placeholder-width: 1600px; --smush-placeholder-aspect-ratio: 1600\/1200;\" \/><img decoding=\"async\" alt=\"Hbb Cami Kilise Onarimi (17)\" class=\"detail-photo img-fluid lazyload\" height=\"1066\" data-src=\"https:\/\/iskenderunorg.teimg.com\/iskenderun-org\/uploads\/2025\/07\/2025\/07\/hbb-cami-kilise-onarimi-17.jpg\" width=\"1600\" src=\"data:image\/svg+xml;base64,PHN2ZyB3aWR0aD0iMSIgaGVpZ2h0PSIxIiB4bWxucz0iaHR0cDovL3d3dy53My5vcmcvMjAwMC9zdmciPjwvc3ZnPg==\" style=\"--smush-placeholder-width: 1600px; --smush-placeholder-aspect-ratio: 1600\/1066;\" \/><img decoding=\"async\" alt=\"Hbb Cami Kilise Onarimi (14)\" class=\"detail-photo img-fluid lazyload\" height=\"1200\" data-src=\"https:\/\/iskenderunorg.teimg.com\/iskenderun-org\/uploads\/2025\/07\/2025\/07\/hbb-cami-kilise-onarimi-14.jpg\" width=\"1600\" src=\"data:image\/svg+xml;base64,PHN2ZyB3aWR0aD0iMSIgaGVpZ2h0PSIxIiB4bWxucz0iaHR0cDovL3d3dy53My5vcmcvMjAwMC9zdmciPjwvc3ZnPg==\" style=\"--smush-placeholder-width: 1600px; --smush-placeholder-aspect-ratio: 1600\/1200;\" \/><img decoding=\"async\" alt=\"Hbb Cami Kilise Onarimi (15)\" class=\"detail-photo img-fluid lazyload\" height=\"1066\" data-src=\"https:\/\/iskenderunorg.teimg.com\/iskenderun-org\/uploads\/2025\/07\/2025\/07\/hbb-cami-kilise-onarimi-15.jpg\" width=\"1600\" src=\"data:image\/svg+xml;base64,PHN2ZyB3aWR0aD0iMSIgaGVpZ2h0PSIxIiB4bWxucz0iaHR0cDovL3d3dy53My5vcmcvMjAwMC9zdmciPjwvc3ZnPg==\" style=\"--smush-placeholder-width: 1600px; --smush-placeholder-aspect-ratio: 1600\/1066;\" \/><img decoding=\"async\" alt=\"Hbb Cami Kilise Onarimi (13)\" class=\"detail-photo img-fluid lazyload\" height=\"1200\" data-src=\"https:\/\/iskenderunorg.teimg.com\/iskenderun-org\/uploads\/2025\/07\/2025\/07\/hbb-cami-kilise-onarimi-13.jpg\" width=\"1600\" src=\"data:image\/svg+xml;base64,PHN2ZyB3aWR0aD0iMSIgaGVpZ2h0PSIxIiB4bWxucz0iaHR0cDovL3d3dy53My5vcmcvMjAwMC9zdmciPjwvc3ZnPg==\" style=\"--smush-placeholder-width: 1600px; --smush-placeholder-aspect-ratio: 1600\/1200;\" \/><img decoding=\"async\" alt=\"Hbb Cami Kilise Onarimi (1)\" class=\"detail-photo img-fluid lazyload\" height=\"1200\" data-src=\"https:\/\/iskenderunorg.teimg.com\/iskenderun-org\/uploads\/2025\/07\/2025\/07\/hbb-cami-kilise-onarimi-1.jpg\" width=\"1600\" src=\"data:image\/svg+xml;base64,PHN2ZyB3aWR0aD0iMSIgaGVpZ2h0PSIxIiB4bWxucz0iaHR0cDovL3d3dy53My5vcmcvMjAwMC9zdmciPjwvc3ZnPg==\" style=\"--smush-placeholder-width: 1600px; --smush-placeholder-aspect-ratio: 1600\/1200;\" \/><img decoding=\"async\" alt=\"Hbb Cami Kilise Onarimi (12)\" class=\"detail-photo img-fluid lazyload\" height=\"1066\" data-src=\"https:\/\/iskenderunorg.teimg.com\/iskenderun-org\/uploads\/2025\/07\/2025\/07\/hbb-cami-kilise-onarimi-12.jpg\" width=\"1600\" src=\"data:image\/svg+xml;base64,PHN2ZyB3aWR0aD0iMSIgaGVpZ2h0PSIxIiB4bWxucz0iaHR0cDovL3d3dy53My5vcmcvMjAwMC9zdmciPjwvc3ZnPg==\" style=\"--smush-placeholder-width: 1600px; --smush-placeholder-aspect-ratio: 1600\/1066;\" \/><\/p>\n\n\n<p>\u200bHatay B\u00fcy\u00fck\u015fehir Belediyesi (HBB), Ba\u015fkan Mehmet \u00d6nt\u00fcrk\u2019\u00fcn liderli\u011finde il genelinde y\u00fcr\u00fctt\u00fc\u011f\u00fc vizyon projelerle vatanda\u015flar\u0131n din\u00ee ve k\u00fclt\u00fcrel ihtiya\u00e7lar\u0131na y\u00f6nelik \u00f6nemli ad\u0131mlar at\u0131yor.\u00a0<\/p>\n<p>\u200bHaberin Al\u0131nt\u0131land\u0131\u011f\u0131 Kaynak: www.iskenderun.org<\/p>","protected":false},"excerpt":{"rendered":"<p>Hatay \u0130mar Sanayi A\u015e (H\u0130SA\u015e) koordinasyonunda s\u00fcrd\u00fcr\u00fclen \u00e7al\u0131\u015fmalarla, farkl\u0131 inan\u00e7lara ait ibadethaneler ve toplumsal dayan\u0131\u015fma mekanlar\u0131 onar\u0131l\u0131yor, yeniden in\u015fa ediliyor. CEMEV\u0130 VE K\u0130L\u0130SE ONARILDI \u0130skenderun il\u00e7esi Hac\u0131 Bekta\u015fi Veli Anadolu K\u00fclt\u00fcr Vakf\u0131 Cemevi binas\u0131nda tadilat \u00e7al\u0131\u015fmalar\u0131 tamamland\u0131. Mobilya d\u00f6\u015feme i\u015flemleri tamamland\u0131\u011f\u0131nda vatanda\u015flara hizmet verecek. Samanda\u011f\u2019\u0131 il\u00e7esindeki Aziz \u0130lyas Kilisesi&#8217;nin depremde y\u0131k\u0131lan duvarlar\u0131, yap\u0131n\u0131n tarihi dokusuna uygun bir \u015fekilde yeniden in\u015fa edildi. ADAK VE TAZ\u0130YEEVLER\u0130 Y\u00dcKSEL\u0130YOR Samanda\u011f M\u0131zrakl\u0131 ve Antakya G\u00fczelbur\u00e7 Mahallelerinde adak ve taziyeevi binalar\u0131 h\u0131zla y\u00fckselirken Arsuz G\u00f6kmeydan Mahallesi\u2019ndeki yeni projeye de \u00f6n\u00fcm\u00fczdeki ay ba\u015flanacak. CAM\u0130 PROJELER\u0130 HAYATA GE\u00c7\u0130YOR Hassa Deli\u00e7ay Mahalle Camisi&#8217;nin yap\u0131m\u0131 tamamlanarak ibadete a\u00e7\u0131l\u0131rken K\u0131r\u0131khan \u0130\u00e7ada Mahallesi, Hassa Akbez, Fatih, Alt\u0131n\u00f6z\u00fc Avuttepe ve Arsuz G\u00f6zc\u00fcler Mahallelerinde de cami in\u015faatlar\u0131 devam ediyor. Arsuz Merkez Camisi\u2019nde restorasyon ve tadilat \u00e7al\u0131\u015fmalar\u0131nda ise sona yakla\u015f\u0131ld\u0131. YEN\u0130 CAM\u0130 PROJELER\u0130 YOLDA K\u0131r\u0131khan Saylak, \u0130skenderun Biti\u015fik ve Defne Suba\u015f\u0131 Mahallelerinde cami yap\u0131m\u0131 i\u00e7in \u00e7al\u0131\u015fmalara yak\u0131nda ba\u015flanacak. Ger\u00e7ekle\u015ftirilen \u00e7al\u0131\u015fmalardan duyduklar\u0131 memnuniyeti dile getiren muhtarlar, kanaat \u00f6nderleri ve vatanda\u015flar; hizmetlerin h\u0131zl\u0131 ve etkin \u015fekilde hayata ge\u00e7irilmesinden dolay\u0131 HBB Ba\u015fkan\u0131 Mehmet \u00d6nt\u00fcrk\u2019e ve eme\u011fi ge\u00e7en t\u00fcm ekiplere te\u015fekk\u00fcrlerini iletti. \u201cHER \u0130NANCA SAYGI TEMEL \u0130LKEM\u0130Z&#8221; Hatay\u2019\u0131n \u00e7ok k\u00fclt\u00fcrl\u00fc ve \u00e7ok inan\u00e7l\u0131 yap\u0131s\u0131na sahip bir mozaik oldu\u011funu vurgulayan HBB yetkilileri, bu zenginli\u011fe sahip \u00e7\u0131kt\u0131klar\u0131n\u0131 ve t\u00fcm inan\u00e7lara ait &hellip;<\/p>","protected":false},"author":1,"featured_media":0,"comment_status":"","ping_status":"open","sticky":false,"template":"","format":"standard","meta":{"_acf_changed":false,"footnotes":""},"categories":[24],"tags":[],"class_list":["post-151083","post","type-post","status-publish","format-standard","has-post-thumbnail","hentry","category-gundem"],"acf":[],"yoast_head":"<!-- This site is optimized with the Yoast SEO Premium plugin v26.6 (Yoast SEO v27.1.1) - https:\/\/yoast.com\/product\/yoast-seo-premium-wordpress\/ -->\n<title>HBB, Hatay\u2019\u0131n inan\u00e7 zenginli\u011fine sahip \u00e7\u0131k\u0131yor\u2026 - Av. Deniz Can K\u0131z\u0131l<\/title>\n<meta name=\"robots\" content=\"index, follow, max-snippet:-1, max-image-preview:large, max-video-preview:-1\" \/>\n<link rel=\"canonical\" href=\"https:\/\/denizcankizil.tr\/de\/haberler\/gundem\/hbb-hatayin-inanc-zenginligine-sahip-cikiyor\/\" \/>\n<meta property=\"og:locale\" content=\"de_DE\" \/>\n<meta property=\"og:type\" content=\"article\" \/>\n<meta property=\"og:title\" content=\"HBB, Hatay\u2019\u0131n inan\u00e7 zenginli\u011fine sahip \u00e7\u0131k\u0131yor\u2026\" \/>\n<meta property=\"og:description\" content=\"Hatay \u0130mar Sanayi A\u015e (H\u0130SA\u015e) koordinasyonunda s\u00fcrd\u00fcr\u00fclen \u00e7al\u0131\u015fmalarla, farkl\u0131 inan\u00e7lara ait ibadethaneler ve toplumsal dayan\u0131\u015fma mekanlar\u0131 onar\u0131l\u0131yor, yeniden in\u015fa ediliyor. CEMEV\u0130 VE K\u0130L\u0130SE ONARILDI \u0130skenderun il\u00e7esi Hac\u0131 Bekta\u015fi Veli Anadolu K\u00fclt\u00fcr Vakf\u0131 Cemevi binas\u0131nda tadilat \u00e7al\u0131\u015fmalar\u0131 tamamland\u0131. Mobilya d\u00f6\u015feme i\u015flemleri tamamland\u0131\u011f\u0131nda vatanda\u015flara hizmet verecek. Samanda\u011f\u2019\u0131 il\u00e7esindeki Aziz \u0130lyas Kilisesi&#8217;nin depremde y\u0131k\u0131lan duvarlar\u0131, yap\u0131n\u0131n tarihi dokusuna uygun bir \u015fekilde yeniden in\u015fa edildi. ADAK VE TAZ\u0130YEEVLER\u0130 Y\u00dcKSEL\u0130YOR Samanda\u011f M\u0131zrakl\u0131 ve Antakya G\u00fczelbur\u00e7 Mahallelerinde adak ve taziyeevi binalar\u0131 h\u0131zla y\u00fckselirken Arsuz G\u00f6kmeydan Mahallesi\u2019ndeki yeni projeye de \u00f6n\u00fcm\u00fczdeki ay ba\u015flanacak. CAM\u0130 PROJELER\u0130 HAYATA GE\u00c7\u0130YOR Hassa Deli\u00e7ay Mahalle Camisi&#8217;nin yap\u0131m\u0131 tamamlanarak ibadete a\u00e7\u0131l\u0131rken K\u0131r\u0131khan \u0130\u00e7ada Mahallesi, Hassa Akbez, Fatih, Alt\u0131n\u00f6z\u00fc Avuttepe ve Arsuz G\u00f6zc\u00fcler Mahallelerinde de cami in\u015faatlar\u0131 devam ediyor. Arsuz Merkez Camisi\u2019nde restorasyon ve tadilat \u00e7al\u0131\u015fmalar\u0131nda ise sona yakla\u015f\u0131ld\u0131. YEN\u0130 CAM\u0130 PROJELER\u0130 YOLDA K\u0131r\u0131khan Saylak, \u0130skenderun Biti\u015fik ve Defne Suba\u015f\u0131 Mahallelerinde cami yap\u0131m\u0131 i\u00e7in \u00e7al\u0131\u015fmalara yak\u0131nda ba\u015flanacak. Ger\u00e7ekle\u015ftirilen \u00e7al\u0131\u015fmalardan duyduklar\u0131 memnuniyeti dile getiren muhtarlar, kanaat \u00f6nderleri ve vatanda\u015flar; hizmetlerin h\u0131zl\u0131 ve etkin \u015fekilde hayata ge\u00e7irilmesinden dolay\u0131 HBB Ba\u015fkan\u0131 Mehmet \u00d6nt\u00fcrk\u2019e ve eme\u011fi ge\u00e7en t\u00fcm ekiplere te\u015fekk\u00fcrlerini iletti. \u201cHER \u0130NANCA SAYGI TEMEL \u0130LKEM\u0130Z&#8221; Hatay\u2019\u0131n \u00e7ok k\u00fclt\u00fcrl\u00fc ve \u00e7ok inan\u00e7l\u0131 yap\u0131s\u0131na sahip bir mozaik oldu\u011funu vurgulayan HBB yetkilileri, bu zenginli\u011fe sahip \u00e7\u0131kt\u0131klar\u0131n\u0131 ve t\u00fcm inan\u00e7lara ait &hellip;\" \/>\n<meta property=\"og:url\" content=\"https:\/\/denizcankizil.tr\/de\/haberler\/gundem\/hbb-hatayin-inanc-zenginligine-sahip-cikiyor\/\" \/>\n<meta property=\"og:site_name\" content=\"Av. Deniz Can K\u0131z\u0131l\" \/>\n<meta property=\"article:published_time\" content=\"2025-07-19T17:42:18+00:00\" \/>\n<meta property=\"og:image\" content=\"https:\/\/iskenderunorg.teimg.com\/iskenderun-org\/uploads\/2025\/07\/2025\/07\/hbb-cami-kilise-onarimi-24.jpg\" \/>\n<meta name=\"author\" content=\"admin\" \/>\n<meta name=\"twitter:card\" content=\"summary_large_image\" \/>\n<meta name=\"twitter:label1\" content=\"Verfasst von\" \/>\n\t<meta name=\"twitter:data1\" content=\"admin\" \/>\n\t<meta name=\"twitter:label2\" content=\"Gesch\u00e4tzte Lesezeit\" \/>\n\t<meta name=\"twitter:data2\" content=\"2\u00a0Minuten\" \/>\n<script type=\"application\/ld+json\" class=\"yoast-schema-graph\">{\"@context\":\"https:\/\/schema.org\",\"@graph\":[{\"@type\":\"Article\",\"@id\":\"https:\/\/denizcankizil.tr\/de\/haberler\/gundem\/hbb-hatayin-inanc-zenginligine-sahip-cikiyor\/#article\",\"isPartOf\":{\"@id\":\"https:\/\/denizcankizil.tr\/de\/haberler\/gundem\/hbb-hatayin-inanc-zenginligine-sahip-cikiyor\/\"},\"author\":{\"name\":\"admin\",\"@id\":\"https:\/\/denizcankizil.tr\/de\/#\/schema\/person\/be3c05fe6a12686905512445d8185489\"},\"headline\":\"HBB, Hatay\u2019\u0131n inan\u00e7 zenginli\u011fine sahip \u00e7\u0131k\u0131yor\u2026\",\"datePublished\":\"2025-07-19T17:42:18+00:00\",\"mainEntityOfPage\":{\"@id\":\"https:\/\/denizcankizil.tr\/de\/haberler\/gundem\/hbb-hatayin-inanc-zenginligine-sahip-cikiyor\/\"},\"wordCount\":364,\"publisher\":{\"@id\":\"https:\/\/denizcankizil.tr\/de\/#organization\"},\"image\":{\"@id\":\"https:\/\/denizcankizil.tr\/de\/haberler\/gundem\/hbb-hatayin-inanc-zenginligine-sahip-cikiyor\/#primaryimage\"},\"thumbnailUrl\":\"https:\/\/iskenderunorg.teimg.com\/iskenderun-org\/uploads\/2025\/07\/2025\/07\/hbb-cami-kilise-onarimi-24.jpg\",\"articleSection\":[\"G\u00fcndem\"],\"inLanguage\":\"de\"},{\"@type\":\"WebPage\",\"@id\":\"https:\/\/denizcankizil.tr\/de\/haberler\/gundem\/hbb-hatayin-inanc-zenginligine-sahip-cikiyor\/\",\"url\":\"https:\/\/denizcankizil.tr\/de\/haberler\/gundem\/hbb-hatayin-inanc-zenginligine-sahip-cikiyor\/\",\"name\":\"HBB, Hatay\u2019\u0131n inan\u00e7 zenginli\u011fine sahip \u00e7\u0131k\u0131yor\u2026 - Av. Deniz Can K\u0131z\u0131l\",\"isPartOf\":{\"@id\":\"https:\/\/denizcankizil.tr\/de\/#website\"},\"primaryImageOfPage\":{\"@id\":\"https:\/\/denizcankizil.tr\/de\/haberler\/gundem\/hbb-hatayin-inanc-zenginligine-sahip-cikiyor\/#primaryimage\"},\"image\":{\"@id\":\"https:\/\/denizcankizil.tr\/de\/haberler\/gundem\/hbb-hatayin-inanc-zenginligine-sahip-cikiyor\/#primaryimage\"},\"thumbnailUrl\":\"https:\/\/iskenderunorg.teimg.com\/iskenderun-org\/uploads\/2025\/07\/2025\/07\/hbb-cami-kilise-onarimi-24.jpg\",\"datePublished\":\"2025-07-19T17:42:18+00:00\",\"breadcrumb\":{\"@id\":\"https:\/\/denizcankizil.tr\/de\/haberler\/gundem\/hbb-hatayin-inanc-zenginligine-sahip-cikiyor\/#breadcrumb\"},\"inLanguage\":\"de\",\"potentialAction\":[{\"@type\":\"ReadAction\",\"target\":[\"https:\/\/denizcankizil.tr\/de\/haberler\/gundem\/hbb-hatayin-inanc-zenginligine-sahip-cikiyor\/\"]}]},{\"@type\":\"ImageObject\",\"inLanguage\":\"de\",\"@id\":\"https:\/\/denizcankizil.tr\/de\/haberler\/gundem\/hbb-hatayin-inanc-zenginligine-sahip-cikiyor\/#primaryimage\",\"url\":\"https:\/\/iskenderunorg.teimg.com\/iskenderun-org\/uploads\/2025\/07\/2025\/07\/hbb-cami-kilise-onarimi-24.jpg\",\"contentUrl\":\"https:\/\/iskenderunorg.teimg.com\/iskenderun-org\/uploads\/2025\/07\/2025\/07\/hbb-cami-kilise-onarimi-24.jpg\"},{\"@type\":\"BreadcrumbList\",\"@id\":\"https:\/\/denizcankizil.tr\/de\/haberler\/gundem\/hbb-hatayin-inanc-zenginligine-sahip-cikiyor\/#breadcrumb\",\"itemListElement\":[{\"@type\":\"ListItem\",\"position\":1,\"name\":\"Home\",\"item\":\"https:\/\/denizcankizil.tr\/de\/\"},{\"@type\":\"ListItem\",\"position\":2,\"name\":\"HBB, Hatay\u2019\u0131n inan\u00e7 zenginli\u011fine sahip \u00e7\u0131k\u0131yor\u2026\"}]},{\"@type\":\"WebSite\",\"@id\":\"https:\/\/denizcankizil.tr\/de\/#website\",\"url\":\"https:\/\/denizcankizil.tr\/de\/\",\"name\":\"Av. Deniz Can K\u0131z\u0131l\",\"description\":\"Avukat Deniz Can K\u0131z\u0131l Antalya Barosu\",\"publisher\":{\"@id\":\"https:\/\/denizcankizil.tr\/de\/#organization\"},\"potentialAction\":[{\"@type\":\"SearchAction\",\"target\":{\"@type\":\"EntryPoint\",\"urlTemplate\":\"https:\/\/denizcankizil.tr\/de\/?s={search_term_string}\"},\"query-input\":{\"@type\":\"PropertyValueSpecification\",\"valueRequired\":true,\"valueName\":\"search_term_string\"}}],\"inLanguage\":\"de\"},{\"@type\":\"Organization\",\"@id\":\"https:\/\/denizcankizil.tr\/de\/#organization\",\"name\":\"Av. Deniz Can K\u0131z\u0131l\",\"url\":\"https:\/\/denizcankizil.tr\/de\/\",\"logo\":{\"@type\":\"ImageObject\",\"inLanguage\":\"de\",\"@id\":\"https:\/\/denizcankizil.tr\/de\/#\/schema\/logo\/image\/\",\"url\":\"https:\/\/denizcankizil.tr\/wp-content\/uploads\/2024\/10\/siyah-logo-svg.svg\",\"contentUrl\":\"https:\/\/denizcankizil.tr\/wp-content\/uploads\/2024\/10\/siyah-logo-svg.svg\",\"width\":1080,\"height\":1080,\"caption\":\"Av. Deniz Can K\u0131z\u0131l\"},\"image\":{\"@id\":\"https:\/\/denizcankizil.tr\/de\/#\/schema\/logo\/image\/\"}},{\"@type\":\"Person\",\"@id\":\"https:\/\/denizcankizil.tr\/de\/#\/schema\/person\/be3c05fe6a12686905512445d8185489\",\"name\":\"admin\",\"image\":{\"@type\":\"ImageObject\",\"inLanguage\":\"de\",\"@id\":\"https:\/\/denizcankizil.tr\/de\/#\/schema\/person\/image\/\",\"url\":\"https:\/\/secure.gravatar.com\/avatar\/c1fce94c830dc79107e174f890d7210541c4a63e8e5d816341794a2151c9d58c?s=96&d=mm&r=g\",\"contentUrl\":\"https:\/\/secure.gravatar.com\/avatar\/c1fce94c830dc79107e174f890d7210541c4a63e8e5d816341794a2151c9d58c?s=96&d=mm&r=g\",\"caption\":\"admin\"},\"sameAs\":[\"http:\/\/denizcankizil.tr\"],\"url\":\"https:\/\/www.iskenderun.org\/hbb-hatayin-inanc-zenginligine-sahip-cikiyor\"}]}<\/script>\n<!-- \/ Yoast SEO Premium plugin. -->","yoast_head_json":{"title":"HBB, Hatay\u2019\u0131n inan\u00e7 zenginli\u011fine sahip \u00e7\u0131k\u0131yor\u2026 - Av. Deniz Can K\u0131z\u0131l","robots":{"index":"index","follow":"follow","max-snippet":"max-snippet:-1","max-image-preview":"max-image-preview:large","max-video-preview":"max-video-preview:-1"},"canonical":"https:\/\/denizcankizil.tr\/de\/haberler\/gundem\/hbb-hatayin-inanc-zenginligine-sahip-cikiyor\/","og_locale":"de_DE","og_type":"article","og_title":"HBB, Hatay\u2019\u0131n inan\u00e7 zenginli\u011fine sahip \u00e7\u0131k\u0131yor\u2026","og_description":"Hatay \u0130mar Sanayi A\u015e (H\u0130SA\u015e) koordinasyonunda s\u00fcrd\u00fcr\u00fclen \u00e7al\u0131\u015fmalarla, farkl\u0131 inan\u00e7lara ait ibadethaneler ve toplumsal dayan\u0131\u015fma mekanlar\u0131 onar\u0131l\u0131yor, yeniden in\u015fa ediliyor. CEMEV\u0130 VE K\u0130L\u0130SE ONARILDI \u0130skenderun il\u00e7esi Hac\u0131 Bekta\u015fi Veli Anadolu K\u00fclt\u00fcr Vakf\u0131 Cemevi binas\u0131nda tadilat \u00e7al\u0131\u015fmalar\u0131 tamamland\u0131. Mobilya d\u00f6\u015feme i\u015flemleri tamamland\u0131\u011f\u0131nda vatanda\u015flara hizmet verecek. Samanda\u011f\u2019\u0131 il\u00e7esindeki Aziz \u0130lyas Kilisesi&#8217;nin depremde y\u0131k\u0131lan duvarlar\u0131, yap\u0131n\u0131n tarihi dokusuna uygun bir \u015fekilde yeniden in\u015fa edildi. ADAK VE TAZ\u0130YEEVLER\u0130 Y\u00dcKSEL\u0130YOR Samanda\u011f M\u0131zrakl\u0131 ve Antakya G\u00fczelbur\u00e7 Mahallelerinde adak ve taziyeevi binalar\u0131 h\u0131zla y\u00fckselirken Arsuz G\u00f6kmeydan Mahallesi\u2019ndeki yeni projeye de \u00f6n\u00fcm\u00fczdeki ay ba\u015flanacak. CAM\u0130 PROJELER\u0130 HAYATA GE\u00c7\u0130YOR Hassa Deli\u00e7ay Mahalle Camisi&#8217;nin yap\u0131m\u0131 tamamlanarak ibadete a\u00e7\u0131l\u0131rken K\u0131r\u0131khan \u0130\u00e7ada Mahallesi, Hassa Akbez, Fatih, Alt\u0131n\u00f6z\u00fc Avuttepe ve Arsuz G\u00f6zc\u00fcler Mahallelerinde de cami in\u015faatlar\u0131 devam ediyor. Arsuz Merkez Camisi\u2019nde restorasyon ve tadilat \u00e7al\u0131\u015fmalar\u0131nda ise sona yakla\u015f\u0131ld\u0131. YEN\u0130 CAM\u0130 PROJELER\u0130 YOLDA K\u0131r\u0131khan Saylak, \u0130skenderun Biti\u015fik ve Defne Suba\u015f\u0131 Mahallelerinde cami yap\u0131m\u0131 i\u00e7in \u00e7al\u0131\u015fmalara yak\u0131nda ba\u015flanacak. Ger\u00e7ekle\u015ftirilen \u00e7al\u0131\u015fmalardan duyduklar\u0131 memnuniyeti dile getiren muhtarlar, kanaat \u00f6nderleri ve vatanda\u015flar; hizmetlerin h\u0131zl\u0131 ve etkin \u015fekilde hayata ge\u00e7irilmesinden dolay\u0131 HBB Ba\u015fkan\u0131 Mehmet \u00d6nt\u00fcrk\u2019e ve eme\u011fi ge\u00e7en t\u00fcm ekiplere te\u015fekk\u00fcrlerini iletti. \u201cHER \u0130NANCA SAYGI TEMEL \u0130LKEM\u0130Z&#8221; Hatay\u2019\u0131n \u00e7ok k\u00fclt\u00fcrl\u00fc ve \u00e7ok inan\u00e7l\u0131 yap\u0131s\u0131na sahip bir mozaik oldu\u011funu vurgulayan HBB yetkilileri, bu zenginli\u011fe sahip \u00e7\u0131kt\u0131klar\u0131n\u0131 ve t\u00fcm inan\u00e7lara ait &hellip;","og_url":"https:\/\/denizcankizil.tr\/de\/haberler\/gundem\/hbb-hatayin-inanc-zenginligine-sahip-cikiyor\/","og_site_name":"Av. Deniz Can K\u0131z\u0131l","article_published_time":"2025-07-19T17:42:18+00:00","og_image":[{"url":"https:\/\/iskenderunorg.teimg.com\/iskenderun-org\/uploads\/2025\/07\/2025\/07\/hbb-cami-kilise-onarimi-24.jpg","type":"","width":"","height":""}],"author":"admin","twitter_card":"summary_large_image","twitter_misc":{"Verfasst von":"admin","Gesch\u00e4tzte Lesezeit":"2\u00a0Minuten"},"schema":{"@context":"https:\/\/schema.org","@graph":[{"@type":"Article","@id":"https:\/\/denizcankizil.tr\/de\/haberler\/gundem\/hbb-hatayin-inanc-zenginligine-sahip-cikiyor\/#article","isPartOf":{"@id":"https:\/\/denizcankizil.tr\/de\/haberler\/gundem\/hbb-hatayin-inanc-zenginligine-sahip-cikiyor\/"},"author":{"name":"admin","@id":"https:\/\/denizcankizil.tr\/de\/#\/schema\/person\/be3c05fe6a12686905512445d8185489"},"headline":"HBB, Hatay\u2019\u0131n inan\u00e7 zenginli\u011fine sahip \u00e7\u0131k\u0131yor\u2026","datePublished":"2025-07-19T17:42:18+00:00","mainEntityOfPage":{"@id":"https:\/\/denizcankizil.tr\/de\/haberler\/gundem\/hbb-hatayin-inanc-zenginligine-sahip-cikiyor\/"},"wordCount":364,"publisher":{"@id":"https:\/\/denizcankizil.tr\/de\/#organization"},"image":{"@id":"https:\/\/denizcankizil.tr\/de\/haberler\/gundem\/hbb-hatayin-inanc-zenginligine-sahip-cikiyor\/#primaryimage"},"thumbnailUrl":"https:\/\/iskenderunorg.teimg.com\/iskenderun-org\/uploads\/2025\/07\/2025\/07\/hbb-cami-kilise-onarimi-24.jpg","articleSection":["G\u00fcndem"],"inLanguage":"de"},{"@type":"WebPage","@id":"https:\/\/denizcankizil.tr\/de\/haberler\/gundem\/hbb-hatayin-inanc-zenginligine-sahip-cikiyor\/","url":"https:\/\/denizcankizil.tr\/de\/haberler\/gundem\/hbb-hatayin-inanc-zenginligine-sahip-cikiyor\/","name":"HBB, Hatay\u2019\u0131n inan\u00e7 zenginli\u011fine sahip \u00e7\u0131k\u0131yor\u2026 - Av. Deniz Can K\u0131z\u0131l","isPartOf":{"@id":"https:\/\/denizcankizil.tr\/de\/#website"},"primaryImageOfPage":{"@id":"https:\/\/denizcankizil.tr\/de\/haberler\/gundem\/hbb-hatayin-inanc-zenginligine-sahip-cikiyor\/#primaryimage"},"image":{"@id":"https:\/\/denizcankizil.tr\/de\/haberler\/gundem\/hbb-hatayin-inanc-zenginligine-sahip-cikiyor\/#primaryimage"},"thumbnailUrl":"https:\/\/iskenderunorg.teimg.com\/iskenderun-org\/uploads\/2025\/07\/2025\/07\/hbb-cami-kilise-onarimi-24.jpg","datePublished":"2025-07-19T17:42:18+00:00","breadcrumb":{"@id":"https:\/\/denizcankizil.tr\/de\/haberler\/gundem\/hbb-hatayin-inanc-zenginligine-sahip-cikiyor\/#breadcrumb"},"inLanguage":"de","potentialAction":[{"@type":"ReadAction","target":["https:\/\/denizcankizil.tr\/de\/haberler\/gundem\/hbb-hatayin-inanc-zenginligine-sahip-cikiyor\/"]}]},{"@type":"ImageObject","inLanguage":"de","@id":"https:\/\/denizcankizil.tr\/de\/haberler\/gundem\/hbb-hatayin-inanc-zenginligine-sahip-cikiyor\/#primaryimage","url":"https:\/\/iskenderunorg.teimg.com\/iskenderun-org\/uploads\/2025\/07\/2025\/07\/hbb-cami-kilise-onarimi-24.jpg","contentUrl":"https:\/\/iskenderunorg.teimg.com\/iskenderun-org\/uploads\/2025\/07\/2025\/07\/hbb-cami-kilise-onarimi-24.jpg"},{"@type":"BreadcrumbList","@id":"https:\/\/denizcankizil.tr\/de\/haberler\/gundem\/hbb-hatayin-inanc-zenginligine-sahip-cikiyor\/#breadcrumb","itemListElement":[{"@type":"ListItem","position":1,"name":"Home","item":"https:\/\/denizcankizil.tr\/de\/"},{"@type":"ListItem","position":2,"name":"HBB, Hatay\u2019\u0131n inan\u00e7 zenginli\u011fine sahip \u00e7\u0131k\u0131yor\u2026"}]},{"@type":"WebSite","@id":"https:\/\/denizcankizil.tr\/de\/#website","url":"https:\/\/denizcankizil.tr\/de\/","name":"Av. Deniz Can K\u0131z\u0131l","description":"Avukat Deniz Can K\u0131z\u0131l Antalya Barosu","publisher":{"@id":"https:\/\/denizcankizil.tr\/de\/#organization"},"potentialAction":[{"@type":"SearchAction","target":{"@type":"EntryPoint","urlTemplate":"https:\/\/denizcankizil.tr\/de\/?s={search_term_string}"},"query-input":{"@type":"PropertyValueSpecification","valueRequired":true,"valueName":"search_term_string"}}],"inLanguage":"de"},{"@type":"Organization","@id":"https:\/\/denizcankizil.tr\/de\/#organization","name":"Av. Deniz Can K\u0131z\u0131l","url":"https:\/\/denizcankizil.tr\/de\/","logo":{"@type":"ImageObject","inLanguage":"de","@id":"https:\/\/denizcankizil.tr\/de\/#\/schema\/logo\/image\/","url":"https:\/\/denizcankizil.tr\/wp-content\/uploads\/2024\/10\/siyah-logo-svg.svg","contentUrl":"https:\/\/denizcankizil.tr\/wp-content\/uploads\/2024\/10\/siyah-logo-svg.svg","width":1080,"height":1080,"caption":"Av. Deniz Can K\u0131z\u0131l"},"image":{"@id":"https:\/\/denizcankizil.tr\/de\/#\/schema\/logo\/image\/"}},{"@type":"Person","@id":"https:\/\/denizcankizil.tr\/de\/#\/schema\/person\/be3c05fe6a12686905512445d8185489","name":"Administrator","image":{"@type":"ImageObject","inLanguage":"de","@id":"https:\/\/denizcankizil.tr\/de\/#\/schema\/person\/image\/","url":"https:\/\/secure.gravatar.com\/avatar\/c1fce94c830dc79107e174f890d7210541c4a63e8e5d816341794a2151c9d58c?s=96&d=mm&r=g","contentUrl":"https:\/\/secure.gravatar.com\/avatar\/c1fce94c830dc79107e174f890d7210541c4a63e8e5d816341794a2151c9d58c?s=96&d=mm&r=g","caption":"admin"},"sameAs":["http:\/\/denizcankizil.tr"],"url":"https:\/\/www.iskenderun.org\/hbb-hatayin-inanc-zenginligine-sahip-cikiyor"}]}},"_links":{"self":[{"href":"https:\/\/denizcankizil.tr\/de\/wp-json\/wp\/v2\/posts\/151083","targetHints":{"allow":["GET"]}}],"collection":[{"href":"https:\/\/denizcankizil.tr\/de\/wp-json\/wp\/v2\/posts"}],"about":[{"href":"https:\/\/denizcankizil.tr\/de\/wp-json\/wp\/v2\/types\/post"}],"author":[{"embeddable":true,"href":"https:\/\/denizcankizil.tr\/de\/wp-json\/wp\/v2\/users\/1"}],"replies":[{"embeddable":true,"href":"https:\/\/denizcankizil.tr\/de\/wp-json\/wp\/v2\/comments?post=151083"}],"version-history":[{"count":0,"href":"https:\/\/denizcankizil.tr\/de\/wp-json\/wp\/v2\/posts\/151083\/revisions"}],"wp:attachment":[{"href":"https:\/\/denizcankizil.tr\/de\/wp-json\/wp\/v2\/media?parent=151083"}],"wp:term":[{"taxonomy":"category","embeddable":true,"href":"https:\/\/denizcankizil.tr\/de\/wp-json\/wp\/v2\/categories?post=151083"},{"taxonomy":"post_tag","embeddable":true,"href":"https:\/\/denizcankizil.tr\/de\/wp-json\/wp\/v2\/tags?post=151083"}],"curies":[{"name":"wp","href":"https:\/\/api.w.org\/{rel}","templated":true}]}}