{"id":150915,"date":"2025-07-19T17:41:15","date_gmt":"2025-07-19T14:41:15","guid":{"rendered":"https:\/\/denizcankizil.tr\/uncategorized-tr\/bisikletle-falezlerden-dustuler\/"},"modified":"2025-07-19T17:41:15","modified_gmt":"2025-07-19T14:41:15","slug":"bisikletle-falezlerden-dustuler","status":"publish","type":"post","link":"https:\/\/denizcankizil.tr\/de\/haberler\/antalya\/bisikletle-falezlerden-dustuler\/","title":{"rendered":"Bisikletle Falezlerden D\u00fc\u015ft\u00fcler"},"content":{"rendered":"<p>ANTALYA&#8217;da varyant ba\u015f\u0131ndan Konyaalt\u0131 Sahili&#8217;ne inmek isteyen Cumali B. (16) ile Mehmet D. (13), bisikletle viraj\u0131 alamay\u0131nca 10 metrelik falezlerden d\u00fc\u015ft\u00fc. 2 \u00e7ocuk polis ve vatanda\u015flar\u0131n yard\u0131m\u0131yla bulunduklar\u0131 yerden \u00e7\u0131kart\u0131larak sa\u011fl\u0131k ekibine teslim edildi.<\/p>\n<p>Olay, saat 15.00 s\u0131ralar\u0131nda Muratpa\u015fa il\u00e7esi Konyaalt\u0131 Sahili giri\u015findeki varyantta meydana geldi. Tek bisiklette rampadan a\u015fa\u011f\u0131ya inmek isteyen Cumali B. ile Mehmet D., viraj\u0131 alamay\u0131nca kald\u0131r\u0131m duvar\u0131na \u00e7arpt\u0131ktan sonra 10 metrelik falezlerden d\u00fc\u015ft\u00fc. \u0130ki arkada\u015f\u0131n d\u00fc\u015ft\u00fc\u011f\u00fcn\u00fc g\u00f6ren b\u00f6lgede devriye gezen trafik polisleri durumu hemen anons ederek itfaiye ve sa\u011fl\u0131k ekibi gelmesini istedi. Bu esnada Mehmet D. ve Cumali B.&#8217;nin yard\u0131m\u0131na b\u00f6lgedeki vatanda\u015flar ile polisler yeti\u015fti. Ekipler, bisikletle beraber a\u015fa\u011f\u0131ya d\u00fc\u015fen ve kazay\u0131 hafif yaral\u0131 olarak atlatan 2 \u00e7ocu\u011fu bulundu\u011fu yerden yukar\u0131ya \u00e7\u0131kard\u0131. K\u0131sa s\u00fcrede kaza yerine gelen sa\u011fl\u0131k ekibi Mehmet D. ve Cumali B.&#8217;nin ilk m\u00fcdahalesini yapt\u0131ktan sonra tedbir ama\u00e7l\u0131 Antalya E\u011fitim ve Ara\u015ft\u0131rma Hastanesi&#8217;ne g\u00f6t\u00fcrd\u00fc.<\/p>\n<p>Kaza sonras\u0131 bisikleti bulundu\u011fu yerden Mehmet D.&#8217;nin a\u011fabeyi \u00e7\u0131kart\u0131rken, polis ekibi de destek verdi.<\/p>\n<p>Kaynak: www.kanalv.com.tr Haber Sitesinden Al\u0131nm\u0131\u015ft\u0131r.<\/p>","protected":false},"excerpt":{"rendered":"<p>ANTALYA&#8217;da varyant ba\u015f\u0131ndan Konyaalt\u0131 Sahili&#8217;ne inmek isteyen Cumali B. (16) ile Mehmet D. (13), bisikletle viraj\u0131 alamay\u0131nca 10 metrelik falezlerden d\u00fc\u015ft\u00fc. 2 \u00e7ocuk polis ve vatanda\u015flar\u0131n yard\u0131m\u0131yla bulunduklar\u0131 yerden \u00e7\u0131kart\u0131larak sa\u011fl\u0131k ekibine teslim edildi. Olay, saat 15.00 s\u0131ralar\u0131nda Muratpa\u015fa il\u00e7esi Konyaalt\u0131 Sahili giri\u015findeki varyantta meydana geldi. Tek bisiklette rampadan a\u015fa\u011f\u0131ya inmek isteyen Cumali B. ile Mehmet D., viraj\u0131 alamay\u0131nca kald\u0131r\u0131m duvar\u0131na \u00e7arpt\u0131ktan sonra 10 metrelik falezlerden d\u00fc\u015ft\u00fc. \u0130ki arkada\u015f\u0131n d\u00fc\u015ft\u00fc\u011f\u00fcn\u00fc g\u00f6ren b\u00f6lgede devriye gezen trafik polisleri durumu hemen anons ederek itfaiye ve sa\u011fl\u0131k ekibi gelmesini istedi. Bu esnada Mehmet D. ve Cumali B.&#8217;nin yard\u0131m\u0131na b\u00f6lgedeki vatanda\u015flar ile polisler yeti\u015fti. Ekipler, bisikletle beraber a\u015fa\u011f\u0131ya d\u00fc\u015fen ve kazay\u0131 hafif yaral\u0131 olarak atlatan 2 \u00e7ocu\u011fu bulundu\u011fu yerden yukar\u0131ya \u00e7\u0131kard\u0131. K\u0131sa s\u00fcrede kaza yerine gelen sa\u011fl\u0131k ekibi Mehmet D. ve Cumali B.&#8217;nin ilk m\u00fcdahalesini yapt\u0131ktan sonra tedbir ama\u00e7l\u0131 Antalya E\u011fitim ve Ara\u015ft\u0131rma Hastanesi&#8217;ne g\u00f6t\u00fcrd\u00fc. Kaza sonras\u0131 bisikleti bulundu\u011fu yerden Mehmet D.&#8217;nin a\u011fabeyi \u00e7\u0131kart\u0131rken, polis ekibi de destek verdi. Kaynak: www.kanalv.com.tr Haber Sitesinden Al\u0131nm\u0131\u015ft\u0131r.<\/p>","protected":false},"author":4,"featured_media":150916,"comment_status":"","ping_status":"open","sticky":false,"template":"","format":"standard","meta":{"_acf_changed":false,"footnotes":""},"categories":[26],"tags":[],"class_list":["post-150915","post","type-post","status-publish","format-standard","has-post-thumbnail","hentry","category-antalya"],"acf":[],"yoast_head":"<!-- This site is optimized with the Yoast SEO Premium plugin v26.6 (Yoast SEO v27.1.1) - https:\/\/yoast.com\/product\/yoast-seo-premium-wordpress\/ -->\n<title>Bisikletle Falezlerden D\u00fc\u015ft\u00fcler - Av. Deniz Can K\u0131z\u0131l<\/title>\n<meta name=\"robots\" content=\"index, follow, max-snippet:-1, max-image-preview:large, max-video-preview:-1\" \/>\n<link rel=\"canonical\" href=\"https:\/\/denizcankizil.tr\/de\/haberler\/antalya\/bisikletle-falezlerden-dustuler\/\" \/>\n<meta property=\"og:locale\" content=\"de_DE\" \/>\n<meta property=\"og:type\" content=\"article\" \/>\n<meta property=\"og:title\" content=\"Bisikletle Falezlerden D\u00fc\u015ft\u00fcler\" \/>\n<meta property=\"og:description\" content=\"ANTALYA&#8217;da varyant ba\u015f\u0131ndan Konyaalt\u0131 Sahili&#8217;ne inmek isteyen Cumali B. (16) ile Mehmet D. (13), bisikletle viraj\u0131 alamay\u0131nca 10 metrelik falezlerden d\u00fc\u015ft\u00fc. 2 \u00e7ocuk polis ve vatanda\u015flar\u0131n yard\u0131m\u0131yla bulunduklar\u0131 yerden \u00e7\u0131kart\u0131larak sa\u011fl\u0131k ekibine teslim edildi. Olay, saat 15.00 s\u0131ralar\u0131nda Muratpa\u015fa il\u00e7esi Konyaalt\u0131 Sahili giri\u015findeki varyantta meydana geldi. Tek bisiklette rampadan a\u015fa\u011f\u0131ya inmek isteyen Cumali B. ile Mehmet D., viraj\u0131 alamay\u0131nca kald\u0131r\u0131m duvar\u0131na \u00e7arpt\u0131ktan sonra 10 metrelik falezlerden d\u00fc\u015ft\u00fc. \u0130ki arkada\u015f\u0131n d\u00fc\u015ft\u00fc\u011f\u00fcn\u00fc g\u00f6ren b\u00f6lgede devriye gezen trafik polisleri durumu hemen anons ederek itfaiye ve sa\u011fl\u0131k ekibi gelmesini istedi. Bu esnada Mehmet D. ve Cumali B.&#8217;nin yard\u0131m\u0131na b\u00f6lgedeki vatanda\u015flar ile polisler yeti\u015fti. Ekipler, bisikletle beraber a\u015fa\u011f\u0131ya d\u00fc\u015fen ve kazay\u0131 hafif yaral\u0131 olarak atlatan 2 \u00e7ocu\u011fu bulundu\u011fu yerden yukar\u0131ya \u00e7\u0131kard\u0131. K\u0131sa s\u00fcrede kaza yerine gelen sa\u011fl\u0131k ekibi Mehmet D. ve Cumali B.&#8217;nin ilk m\u00fcdahalesini yapt\u0131ktan sonra tedbir ama\u00e7l\u0131 Antalya E\u011fitim ve Ara\u015ft\u0131rma Hastanesi&#8217;ne g\u00f6t\u00fcrd\u00fc. Kaza sonras\u0131 bisikleti bulundu\u011fu yerden Mehmet D.&#8217;nin a\u011fabeyi \u00e7\u0131kart\u0131rken, polis ekibi de destek verdi. Kaynak: www.kanalv.com.tr Haber Sitesinden Al\u0131nm\u0131\u015ft\u0131r.\" \/>\n<meta property=\"og:url\" content=\"https:\/\/denizcankizil.tr\/de\/haberler\/antalya\/bisikletle-falezlerden-dustuler\/\" \/>\n<meta property=\"og:site_name\" content=\"Av. Deniz Can K\u0131z\u0131l\" \/>\n<meta property=\"article:published_time\" content=\"2025-07-19T14:41:15+00:00\" \/>\n<meta property=\"og:image\" content=\"https:\/\/denizcankizil.tr\/wp-content\/uploads\/2025\/07\/web-gorsel-boyut-27-1-s8ZeKI-1024x576.png\" \/>\n\t<meta property=\"og:image:width\" content=\"1024\" \/>\n\t<meta property=\"og:image:height\" content=\"576\" \/>\n\t<meta property=\"og:image:type\" content=\"image\/png\" \/>\n<meta name=\"author\" content=\"Av. Deniz Can K\u0131z\u0131l\" \/>\n<meta name=\"twitter:card\" content=\"summary_large_image\" \/>\n<meta name=\"twitter:label1\" content=\"Verfasst von\" \/>\n\t<meta name=\"twitter:data1\" content=\"Av. Deniz Can K\u0131z\u0131l\" \/>\n\t<meta name=\"twitter:label2\" content=\"Gesch\u00e4tzte Lesezeit\" \/>\n\t<meta name=\"twitter:data2\" content=\"1\u00a0Minute\" \/>\n<script type=\"application\/ld+json\" class=\"yoast-schema-graph\">{\"@context\":\"https:\/\/schema.org\",\"@graph\":[{\"@type\":\"Article\",\"@id\":\"https:\/\/denizcankizil.tr\/de\/haberler\/antalya\/bisikletle-falezlerden-dustuler\/#article\",\"isPartOf\":{\"@id\":\"https:\/\/denizcankizil.tr\/de\/haberler\/antalya\/bisikletle-falezlerden-dustuler\/\"},\"author\":{\"name\":\"Av. Deniz Can K\u0131z\u0131l\",\"@id\":\"https:\/\/denizcankizil.tr\/#\/schema\/person\/5dc1b22991bd7ac833867c10afc9b0ff\"},\"headline\":\"Bisikletle Falezlerden D\u00fc\u015ft\u00fcler\",\"datePublished\":\"2025-07-19T14:41:15+00:00\",\"mainEntityOfPage\":{\"@id\":\"https:\/\/denizcankizil.tr\/de\/haberler\/antalya\/bisikletle-falezlerden-dustuler\/\"},\"wordCount\":225,\"publisher\":{\"@id\":\"https:\/\/denizcankizil.tr\/#organization\"},\"image\":{\"@id\":\"https:\/\/denizcankizil.tr\/de\/haberler\/antalya\/bisikletle-falezlerden-dustuler\/#primaryimage\"},\"thumbnailUrl\":\"https:\/\/denizcankizil.tr\/wp-content\/uploads\/2025\/07\/web-gorsel-boyut-27-1-s8ZeKI.png\",\"articleSection\":[\"Antalya\"],\"inLanguage\":\"de\"},{\"@type\":\"WebPage\",\"@id\":\"https:\/\/denizcankizil.tr\/de\/haberler\/antalya\/bisikletle-falezlerden-dustuler\/\",\"url\":\"https:\/\/denizcankizil.tr\/de\/haberler\/antalya\/bisikletle-falezlerden-dustuler\/\",\"name\":\"Bisikletle Falezlerden D\u00fc\u015ft\u00fcler - Av. Deniz Can K\u0131z\u0131l\",\"isPartOf\":{\"@id\":\"https:\/\/denizcankizil.tr\/#website\"},\"primaryImageOfPage\":{\"@id\":\"https:\/\/denizcankizil.tr\/de\/haberler\/antalya\/bisikletle-falezlerden-dustuler\/#primaryimage\"},\"image\":{\"@id\":\"https:\/\/denizcankizil.tr\/de\/haberler\/antalya\/bisikletle-falezlerden-dustuler\/#primaryimage\"},\"thumbnailUrl\":\"https:\/\/denizcankizil.tr\/wp-content\/uploads\/2025\/07\/web-gorsel-boyut-27-1-s8ZeKI.png\",\"datePublished\":\"2025-07-19T14:41:15+00:00\",\"breadcrumb\":{\"@id\":\"https:\/\/denizcankizil.tr\/de\/haberler\/antalya\/bisikletle-falezlerden-dustuler\/#breadcrumb\"},\"inLanguage\":\"de\",\"potentialAction\":[{\"@type\":\"ReadAction\",\"target\":[\"https:\/\/denizcankizil.tr\/de\/haberler\/antalya\/bisikletle-falezlerden-dustuler\/\"]}]},{\"@type\":\"ImageObject\",\"inLanguage\":\"de\",\"@id\":\"https:\/\/denizcankizil.tr\/de\/haberler\/antalya\/bisikletle-falezlerden-dustuler\/#primaryimage\",\"url\":\"https:\/\/denizcankizil.tr\/wp-content\/uploads\/2025\/07\/web-gorsel-boyut-27-1-s8ZeKI.png\",\"contentUrl\":\"https:\/\/denizcankizil.tr\/wp-content\/uploads\/2025\/07\/web-gorsel-boyut-27-1-s8ZeKI.png\",\"width\":1280,\"height\":720},{\"@type\":\"BreadcrumbList\",\"@id\":\"https:\/\/denizcankizil.tr\/de\/haberler\/antalya\/bisikletle-falezlerden-dustuler\/#breadcrumb\",\"itemListElement\":[{\"@type\":\"ListItem\",\"position\":1,\"name\":\"Home\",\"item\":\"https:\/\/denizcankizil.tr\/de\/\"},{\"@type\":\"ListItem\",\"position\":2,\"name\":\"Bisikletle Falezlerden D\u00fc\u015ft\u00fcler\"}]},{\"@type\":\"WebSite\",\"@id\":\"https:\/\/denizcankizil.tr\/#website\",\"url\":\"https:\/\/denizcankizil.tr\/\",\"name\":\"Av. Deniz Can K\u0131z\u0131l\",\"description\":\"Avukat Deniz Can K\u0131z\u0131l Antalya Barosu\",\"publisher\":{\"@id\":\"https:\/\/denizcankizil.tr\/#organization\"},\"potentialAction\":[{\"@type\":\"SearchAction\",\"target\":{\"@type\":\"EntryPoint\",\"urlTemplate\":\"https:\/\/denizcankizil.tr\/?s={search_term_string}\"},\"query-input\":{\"@type\":\"PropertyValueSpecification\",\"valueRequired\":true,\"valueName\":\"search_term_string\"}}],\"inLanguage\":\"de\"},{\"@type\":\"Organization\",\"@id\":\"https:\/\/denizcankizil.tr\/#organization\",\"name\":\"Av. Deniz Can K\u0131z\u0131l\",\"url\":\"https:\/\/denizcankizil.tr\/\",\"logo\":{\"@type\":\"ImageObject\",\"inLanguage\":\"de\",\"@id\":\"https:\/\/denizcankizil.tr\/#\/schema\/logo\/image\/\",\"url\":\"https:\/\/denizcankizil.tr\/wp-content\/uploads\/2024\/10\/siyah-logo-svg.svg\",\"contentUrl\":\"https:\/\/denizcankizil.tr\/wp-content\/uploads\/2024\/10\/siyah-logo-svg.svg\",\"width\":1080,\"height\":1080,\"caption\":\"Av. Deniz Can K\u0131z\u0131l\"},\"image\":{\"@id\":\"https:\/\/denizcankizil.tr\/#\/schema\/logo\/image\/\"}},{\"@type\":\"Person\",\"@id\":\"https:\/\/denizcankizil.tr\/#\/schema\/person\/5dc1b22991bd7ac833867c10afc9b0ff\",\"name\":\"Av. Deniz Can K\u0131z\u0131l\",\"image\":{\"@type\":\"ImageObject\",\"inLanguage\":\"de\",\"@id\":\"https:\/\/denizcankizil.tr\/#\/schema\/person\/image\/\",\"url\":\"https:\/\/secure.gravatar.com\/avatar\/a0b128fb9855c79efc976d5640eedb31dc35ec297594d6016d2cf7c60e975bb6?s=96&d=mm&r=g\",\"contentUrl\":\"https:\/\/secure.gravatar.com\/avatar\/a0b128fb9855c79efc976d5640eedb31dc35ec297594d6016d2cf7c60e975bb6?s=96&d=mm&r=g\",\"caption\":\"Av. Deniz Can K\u0131z\u0131l\"},\"sameAs\":[\"http:\/\/www.denizcankizil.tr\"],\"url\":\"https:\/\/denizcankizil.tr\/de\/author\/denizcankizil\/\"}]}<\/script>\n<!-- \/ Yoast SEO Premium plugin. -->","yoast_head_json":{"title":"Bisikletle Falezlerden D\u00fc\u015ft\u00fcler - Av. Deniz Can K\u0131z\u0131l","robots":{"index":"index","follow":"follow","max-snippet":"max-snippet:-1","max-image-preview":"max-image-preview:large","max-video-preview":"max-video-preview:-1"},"canonical":"https:\/\/denizcankizil.tr\/de\/haberler\/antalya\/bisikletle-falezlerden-dustuler\/","og_locale":"de_DE","og_type":"article","og_title":"Bisikletle Falezlerden D\u00fc\u015ft\u00fcler","og_description":"ANTALYA&#8217;da varyant ba\u015f\u0131ndan Konyaalt\u0131 Sahili&#8217;ne inmek isteyen Cumali B. (16) ile Mehmet D. (13), bisikletle viraj\u0131 alamay\u0131nca 10 metrelik falezlerden d\u00fc\u015ft\u00fc. 2 \u00e7ocuk polis ve vatanda\u015flar\u0131n yard\u0131m\u0131yla bulunduklar\u0131 yerden \u00e7\u0131kart\u0131larak sa\u011fl\u0131k ekibine teslim edildi. Olay, saat 15.00 s\u0131ralar\u0131nda Muratpa\u015fa il\u00e7esi Konyaalt\u0131 Sahili giri\u015findeki varyantta meydana geldi. Tek bisiklette rampadan a\u015fa\u011f\u0131ya inmek isteyen Cumali B. ile Mehmet D., viraj\u0131 alamay\u0131nca kald\u0131r\u0131m duvar\u0131na \u00e7arpt\u0131ktan sonra 10 metrelik falezlerden d\u00fc\u015ft\u00fc. \u0130ki arkada\u015f\u0131n d\u00fc\u015ft\u00fc\u011f\u00fcn\u00fc g\u00f6ren b\u00f6lgede devriye gezen trafik polisleri durumu hemen anons ederek itfaiye ve sa\u011fl\u0131k ekibi gelmesini istedi. Bu esnada Mehmet D. ve Cumali B.&#8217;nin yard\u0131m\u0131na b\u00f6lgedeki vatanda\u015flar ile polisler yeti\u015fti. Ekipler, bisikletle beraber a\u015fa\u011f\u0131ya d\u00fc\u015fen ve kazay\u0131 hafif yaral\u0131 olarak atlatan 2 \u00e7ocu\u011fu bulundu\u011fu yerden yukar\u0131ya \u00e7\u0131kard\u0131. K\u0131sa s\u00fcrede kaza yerine gelen sa\u011fl\u0131k ekibi Mehmet D. ve Cumali B.&#8217;nin ilk m\u00fcdahalesini yapt\u0131ktan sonra tedbir ama\u00e7l\u0131 Antalya E\u011fitim ve Ara\u015ft\u0131rma Hastanesi&#8217;ne g\u00f6t\u00fcrd\u00fc. Kaza sonras\u0131 bisikleti bulundu\u011fu yerden Mehmet D.&#8217;nin a\u011fabeyi \u00e7\u0131kart\u0131rken, polis ekibi de destek verdi. Kaynak: www.kanalv.com.tr Haber Sitesinden Al\u0131nm\u0131\u015ft\u0131r.","og_url":"https:\/\/denizcankizil.tr\/de\/haberler\/antalya\/bisikletle-falezlerden-dustuler\/","og_site_name":"Av. Deniz Can K\u0131z\u0131l","article_published_time":"2025-07-19T14:41:15+00:00","og_image":[{"width":1024,"height":576,"url":"https:\/\/denizcankizil.tr\/wp-content\/uploads\/2025\/07\/web-gorsel-boyut-27-1-s8ZeKI-1024x576.png","type":"image\/png"}],"author":"Av. Deniz Can K\u0131z\u0131l","twitter_card":"summary_large_image","twitter_misc":{"Verfasst von":"Av. Deniz Can K\u0131z\u0131l","Gesch\u00e4tzte Lesezeit":"1\u00a0Minute"},"schema":{"@context":"https:\/\/schema.org","@graph":[{"@type":"Article","@id":"https:\/\/denizcankizil.tr\/de\/haberler\/antalya\/bisikletle-falezlerden-dustuler\/#article","isPartOf":{"@id":"https:\/\/denizcankizil.tr\/de\/haberler\/antalya\/bisikletle-falezlerden-dustuler\/"},"author":{"name":"Av. Deniz Can K\u0131z\u0131l","@id":"https:\/\/denizcankizil.tr\/#\/schema\/person\/5dc1b22991bd7ac833867c10afc9b0ff"},"headline":"Bisikletle Falezlerden D\u00fc\u015ft\u00fcler","datePublished":"2025-07-19T14:41:15+00:00","mainEntityOfPage":{"@id":"https:\/\/denizcankizil.tr\/de\/haberler\/antalya\/bisikletle-falezlerden-dustuler\/"},"wordCount":225,"publisher":{"@id":"https:\/\/denizcankizil.tr\/#organization"},"image":{"@id":"https:\/\/denizcankizil.tr\/de\/haberler\/antalya\/bisikletle-falezlerden-dustuler\/#primaryimage"},"thumbnailUrl":"https:\/\/denizcankizil.tr\/wp-content\/uploads\/2025\/07\/web-gorsel-boyut-27-1-s8ZeKI.png","articleSection":["Antalya"],"inLanguage":"de"},{"@type":"WebPage","@id":"https:\/\/denizcankizil.tr\/de\/haberler\/antalya\/bisikletle-falezlerden-dustuler\/","url":"https:\/\/denizcankizil.tr\/de\/haberler\/antalya\/bisikletle-falezlerden-dustuler\/","name":"Bisikletle Falezlerden D\u00fc\u015ft\u00fcler - Av. Deniz Can K\u0131z\u0131l","isPartOf":{"@id":"https:\/\/denizcankizil.tr\/#website"},"primaryImageOfPage":{"@id":"https:\/\/denizcankizil.tr\/de\/haberler\/antalya\/bisikletle-falezlerden-dustuler\/#primaryimage"},"image":{"@id":"https:\/\/denizcankizil.tr\/de\/haberler\/antalya\/bisikletle-falezlerden-dustuler\/#primaryimage"},"thumbnailUrl":"https:\/\/denizcankizil.tr\/wp-content\/uploads\/2025\/07\/web-gorsel-boyut-27-1-s8ZeKI.png","datePublished":"2025-07-19T14:41:15+00:00","breadcrumb":{"@id":"https:\/\/denizcankizil.tr\/de\/haberler\/antalya\/bisikletle-falezlerden-dustuler\/#breadcrumb"},"inLanguage":"de","potentialAction":[{"@type":"ReadAction","target":["https:\/\/denizcankizil.tr\/de\/haberler\/antalya\/bisikletle-falezlerden-dustuler\/"]}]},{"@type":"ImageObject","inLanguage":"de","@id":"https:\/\/denizcankizil.tr\/de\/haberler\/antalya\/bisikletle-falezlerden-dustuler\/#primaryimage","url":"https:\/\/denizcankizil.tr\/wp-content\/uploads\/2025\/07\/web-gorsel-boyut-27-1-s8ZeKI.png","contentUrl":"https:\/\/denizcankizil.tr\/wp-content\/uploads\/2025\/07\/web-gorsel-boyut-27-1-s8ZeKI.png","width":1280,"height":720},{"@type":"BreadcrumbList","@id":"https:\/\/denizcankizil.tr\/de\/haberler\/antalya\/bisikletle-falezlerden-dustuler\/#breadcrumb","itemListElement":[{"@type":"ListItem","position":1,"name":"Home","item":"https:\/\/denizcankizil.tr\/de\/"},{"@type":"ListItem","position":2,"name":"Bisikletle Falezlerden D\u00fc\u015ft\u00fcler"}]},{"@type":"WebSite","@id":"https:\/\/denizcankizil.tr\/#website","url":"https:\/\/denizcankizil.tr\/","name":"Av. Deniz Can K\u0131z\u0131l","description":"Avukat Deniz Can K\u0131z\u0131l Antalya Barosu","publisher":{"@id":"https:\/\/denizcankizil.tr\/#organization"},"potentialAction":[{"@type":"SearchAction","target":{"@type":"EntryPoint","urlTemplate":"https:\/\/denizcankizil.tr\/?s={search_term_string}"},"query-input":{"@type":"PropertyValueSpecification","valueRequired":true,"valueName":"search_term_string"}}],"inLanguage":"de"},{"@type":"Organization","@id":"https:\/\/denizcankizil.tr\/#organization","name":"Av. Deniz Can K\u0131z\u0131l","url":"https:\/\/denizcankizil.tr\/","logo":{"@type":"ImageObject","inLanguage":"de","@id":"https:\/\/denizcankizil.tr\/#\/schema\/logo\/image\/","url":"https:\/\/denizcankizil.tr\/wp-content\/uploads\/2024\/10\/siyah-logo-svg.svg","contentUrl":"https:\/\/denizcankizil.tr\/wp-content\/uploads\/2024\/10\/siyah-logo-svg.svg","width":1080,"height":1080,"caption":"Av. Deniz Can K\u0131z\u0131l"},"image":{"@id":"https:\/\/denizcankizil.tr\/#\/schema\/logo\/image\/"}},{"@type":"Person","@id":"https:\/\/denizcankizil.tr\/#\/schema\/person\/5dc1b22991bd7ac833867c10afc9b0ff","name":"Av. Deniz Can K\u0131z\u0131l","image":{"@type":"ImageObject","inLanguage":"de","@id":"https:\/\/denizcankizil.tr\/#\/schema\/person\/image\/","url":"https:\/\/secure.gravatar.com\/avatar\/a0b128fb9855c79efc976d5640eedb31dc35ec297594d6016d2cf7c60e975bb6?s=96&d=mm&r=g","contentUrl":"https:\/\/secure.gravatar.com\/avatar\/a0b128fb9855c79efc976d5640eedb31dc35ec297594d6016d2cf7c60e975bb6?s=96&d=mm&r=g","caption":"Av. Deniz Can K\u0131z\u0131l"},"sameAs":["http:\/\/www.denizcankizil.tr"],"url":"https:\/\/denizcankizil.tr\/de\/author\/denizcankizil\/"}]}},"_links":{"self":[{"href":"https:\/\/denizcankizil.tr\/de\/wp-json\/wp\/v2\/posts\/150915","targetHints":{"allow":["GET"]}}],"collection":[{"href":"https:\/\/denizcankizil.tr\/de\/wp-json\/wp\/v2\/posts"}],"about":[{"href":"https:\/\/denizcankizil.tr\/de\/wp-json\/wp\/v2\/types\/post"}],"author":[{"embeddable":true,"href":"https:\/\/denizcankizil.tr\/de\/wp-json\/wp\/v2\/users\/4"}],"replies":[{"embeddable":true,"href":"https:\/\/denizcankizil.tr\/de\/wp-json\/wp\/v2\/comments?post=150915"}],"version-history":[{"count":0,"href":"https:\/\/denizcankizil.tr\/de\/wp-json\/wp\/v2\/posts\/150915\/revisions"}],"wp:featuredmedia":[{"embeddable":true,"href":"https:\/\/denizcankizil.tr\/de\/wp-json\/wp\/v2\/media\/150916"}],"wp:attachment":[{"href":"https:\/\/denizcankizil.tr\/de\/wp-json\/wp\/v2\/media?parent=150915"}],"wp:term":[{"taxonomy":"category","embeddable":true,"href":"https:\/\/denizcankizil.tr\/de\/wp-json\/wp\/v2\/categories?post=150915"},{"taxonomy":"post_tag","embeddable":true,"href":"https:\/\/denizcankizil.tr\/de\/wp-json\/wp\/v2\/tags?post=150915"}],"curies":[{"name":"wp","href":"https:\/\/api.w.org\/{rel}","templated":true}]}}