{"id":150605,"date":"2025-07-19T10:41:17","date_gmt":"2025-07-19T07:41:17","guid":{"rendered":"https:\/\/denizcankizil.tr\/uncategorized-tr\/antalya-muzesinin-yikim-kararina-karsi-imza-kampanyasi-baslatildi\/"},"modified":"2025-07-19T10:41:17","modified_gmt":"2025-07-19T07:41:17","slug":"antalya-muzesinin-yikim-kararina-karsi-imza-kampanyasi-baslatildi","status":"publish","type":"post","link":"https:\/\/denizcankizil.tr\/de\/haberler\/gundem\/antalya-muzesinin-yikim-kararina-karsi-imza-kampanyasi-baslatildi\/","title":{"rendered":"Antalya M\u00fczesinin y\u0131k\u0131m karar\u0131na kar\u015f\u0131 imza kampanyas\u0131 ba\u015flat\u0131ld\u0131!"},"content":{"rendered":"<p>Depreme dayan\u0131ks\u0131z oldu\u011fu gerek\u00e7e g\u00f6sterilerek y\u0131k\u0131lmas\u0131 istenen Antalya M\u00fczesi, kentin en \u00f6nemli g\u00fcndem maddesi haline geldi. 1964 y\u0131l\u0131nda proje yar\u0131\u015fmas\u0131 yap\u0131larak in\u015fa edilen, 1972 y\u0131l\u0131nda ise hizmet vermeye ba\u015flayan Antalya M\u00fczesi, b\u00f6lge m\u00fczesi olarak tasarlanm\u0131\u015ft\u0131. Y\u0131k\u0131m karar\u0131 kar\u015f\u0131s\u0131nda Antalyal\u0131lar aya\u011fa kalkt\u0131.<\/p>\n<p>G\u00dc\u00c7LEND\u0130R\u0130LMES\u0130 \u0130STEN\u0130YOR!<\/p>\n<p>Kentteki STK\u2019lar ve vatanda\u015flar\u0131n ortak talebi, mevcut m\u00fcze binas\u0131n\u0131n g\u00fc\u00e7lendirilerek korunmas\u0131 y\u00f6n\u00fcnde. K\u00fclt\u00fcr ve Turizm Bakanl\u0131\u011f\u0131 yetkililerinin a\u00e7\u0131klamas\u0131na g\u00f6re yeni m\u00fcze projesinin maliyeti 2 bu\u00e7uk milyar TL\u2019yi bulacak. Mevcut m\u00fcze binas\u0131n\u0131n mimarlar\u0131ndan Do\u011fan Tekeli ise 100 milyon TL\u2019lik bir harcamayla binan\u0131n g\u00fc\u00e7lendirilmesinin m\u00fcmk\u00fcn oldu\u011funu dile getirmi\u015fti.<\/p>\n<p>SADECE GE\u00c7M\u0130\u015e DE\u011e\u0130L GELECE\u011e\u0130 TEMS\u0130L ED\u0130YOR!<\/p>\n<p>Change.org adresi \u00fczerinden ba\u015flat\u0131lan imza kampanyas\u0131na \u015fu ana kadar binlerce destek imzas\u0131n\u0131n ula\u015ft\u0131\u011f\u0131 g\u00f6r\u00fcld\u00fc. \u0130mza kampanyas\u0131n\u0131n a\u00e7\u0131klamas\u0131nda, \u201cAntalya m\u00fcze binas\u0131 sadece ge\u00e7mi\u015fi de\u011fil, ayn\u0131 zamanda Antalya&#8217;n\u0131n gelece\u011fini de temsil ediyor. Ancak, bu tarihi yap\u0131y\u0131 y\u0131kmak ve yerine yeni bir yap\u0131 in\u015fa etmek gibi bir plan var. Bu, sadece bir rant u\u011fruna k\u00fclt\u00fcrel miras\u0131n yok edilmesi anlam\u0131na gelir\u201d denildi. A\u00e7\u0131klama \u015fu \u015fekilde devam etti:<\/p>\n<p>\u201c\u0130statistiklere bakacak olursak, Antalya&#8217;n\u0131n yerli ve yabanc\u0131 turist \u00e7eken en \u00f6nemli mekanlar\u0131ndan biri bu m\u00fczedir (Turizm Bakanl\u0131\u011f\u0131, 2019 verileri). Y\u0131k\u0131m\u0131, hem kent hem de \u00fclke i\u00e7in b\u00fcy\u00fck bir kay\u0131p olacak. M\u00fczenin y\u0131k\u0131m\u0131na kar\u015f\u0131y\u0131z ve Antalya Belediyesi&#8217;ne ve K\u00fclt\u00fcr ve Turizm Bakanl\u0131\u011f\u0131\u2019na ba\u015fvuruda bulunuyoruz. Hepimizin bu tarihi yap\u0131n\u0131n korunmas\u0131 i\u00e7in bir arada durmam\u0131z gerekiyor. L\u00fctfen bu ba\u015fvuruyu imzalay\u0131n ve Antalya&#8217;n\u0131n ge\u00e7mi\u015finin ve gelece\u011finin bir par\u00e7as\u0131n\u0131 korumam\u0131za yard\u0131mc\u0131 olun.\u201d<\/p>\n<p>\u200bAntalya M\u00fczesi\u2019nin y\u0131k\u0131m karar\u0131na tepkiler s\u00fcr\u00fcyor. Y\u0131k\u0131m karar\u0131n\u0131n durdurulmas\u0131 i\u00e7in d\u00fcn itibariyle imza kampanyas\u0131 ba\u015flat\u0131ld\u0131. Change.org adresinde ba\u015flat\u0131lan imza kampanyas\u0131na \u015fu ana kadar binlerce kat\u0131l\u0131m oldu\u00a0<\/p>\n<p>\u200bHaberin Al\u0131nt\u0131land\u0131\u011f\u0131 Kaynak: www.antalyakorfez.com<\/p>","protected":false},"excerpt":{"rendered":"<p>Depreme dayan\u0131ks\u0131z oldu\u011fu gerek\u00e7e g\u00f6sterilerek y\u0131k\u0131lmas\u0131 istenen Antalya M\u00fczesi, kentin en \u00f6nemli g\u00fcndem maddesi haline geldi. 1964 y\u0131l\u0131nda proje yar\u0131\u015fmas\u0131 yap\u0131larak in\u015fa edilen, 1972 y\u0131l\u0131nda ise hizmet vermeye ba\u015flayan Antalya M\u00fczesi, b\u00f6lge m\u00fczesi olarak tasarlanm\u0131\u015ft\u0131. Y\u0131k\u0131m karar\u0131 kar\u015f\u0131s\u0131nda Antalyal\u0131lar aya\u011fa kalkt\u0131. G\u00dc\u00c7LEND\u0130R\u0130LMES\u0130 \u0130STEN\u0130YOR! Kentteki STK\u2019lar ve vatanda\u015flar\u0131n ortak talebi, mevcut m\u00fcze binas\u0131n\u0131n g\u00fc\u00e7lendirilerek korunmas\u0131 y\u00f6n\u00fcnde. K\u00fclt\u00fcr ve Turizm Bakanl\u0131\u011f\u0131 yetkililerinin a\u00e7\u0131klamas\u0131na g\u00f6re yeni m\u00fcze projesinin maliyeti 2 bu\u00e7uk milyar TL\u2019yi bulacak. Mevcut m\u00fcze binas\u0131n\u0131n mimarlar\u0131ndan Do\u011fan Tekeli ise 100 milyon TL\u2019lik bir harcamayla binan\u0131n g\u00fc\u00e7lendirilmesinin m\u00fcmk\u00fcn oldu\u011funu dile getirmi\u015fti. SADECE GE\u00c7M\u0130\u015e DE\u011e\u0130L GELECE\u011e\u0130 TEMS\u0130L ED\u0130YOR! Change.org adresi \u00fczerinden ba\u015flat\u0131lan imza kampanyas\u0131na \u015fu ana kadar binlerce destek imzas\u0131n\u0131n ula\u015ft\u0131\u011f\u0131 g\u00f6r\u00fcld\u00fc. \u0130mza kampanyas\u0131n\u0131n a\u00e7\u0131klamas\u0131nda, \u201cAntalya m\u00fcze binas\u0131 sadece ge\u00e7mi\u015fi de\u011fil, ayn\u0131 zamanda Antalya&#8217;n\u0131n gelece\u011fini de temsil ediyor. Ancak, bu tarihi yap\u0131y\u0131 y\u0131kmak ve yerine yeni bir yap\u0131 in\u015fa etmek gibi bir plan var. Bu, sadece bir rant u\u011fruna k\u00fclt\u00fcrel miras\u0131n yok edilmesi anlam\u0131na gelir\u201d denildi. A\u00e7\u0131klama \u015fu \u015fekilde devam etti: \u201c\u0130statistiklere bakacak olursak, Antalya&#8217;n\u0131n yerli ve yabanc\u0131 turist \u00e7eken en \u00f6nemli mekanlar\u0131ndan biri bu m\u00fczedir (Turizm Bakanl\u0131\u011f\u0131, 2019 verileri). Y\u0131k\u0131m\u0131, hem kent hem de \u00fclke i\u00e7in b\u00fcy\u00fck bir kay\u0131p olacak. M\u00fczenin y\u0131k\u0131m\u0131na kar\u015f\u0131y\u0131z ve Antalya Belediyesi&#8217;ne ve K\u00fclt\u00fcr ve Turizm Bakanl\u0131\u011f\u0131\u2019na ba\u015fvuruda &hellip;<\/p>","protected":false},"author":5,"featured_media":0,"comment_status":"","ping_status":"open","sticky":false,"template":"","format":"standard","meta":{"_acf_changed":false,"footnotes":""},"categories":[24],"tags":[],"class_list":["post-150605","post","type-post","status-publish","format-standard","has-post-thumbnail","hentry","category-gundem"],"acf":[],"yoast_head":"<!-- This site is optimized with the Yoast SEO Premium plugin v26.6 (Yoast SEO v27.1.1) - https:\/\/yoast.com\/product\/yoast-seo-premium-wordpress\/ -->\n<title>Antalya M\u00fczesinin y\u0131k\u0131m karar\u0131na kar\u015f\u0131 imza kampanyas\u0131 ba\u015flat\u0131ld\u0131! - Av. Deniz Can K\u0131z\u0131l<\/title>\n<meta name=\"robots\" content=\"index, follow, max-snippet:-1, max-image-preview:large, max-video-preview:-1\" \/>\n<link rel=\"canonical\" href=\"https:\/\/denizcankizil.tr\/de\/haberler\/gundem\/antalya-muzesinin-yikim-kararina-karsi-imza-kampanyasi-baslatildi\/\" \/>\n<meta property=\"og:locale\" content=\"de_DE\" \/>\n<meta property=\"og:type\" content=\"article\" \/>\n<meta property=\"og:title\" content=\"Antalya M\u00fczesinin y\u0131k\u0131m karar\u0131na kar\u015f\u0131 imza kampanyas\u0131 ba\u015flat\u0131ld\u0131!\" \/>\n<meta property=\"og:description\" content=\"Depreme dayan\u0131ks\u0131z oldu\u011fu gerek\u00e7e g\u00f6sterilerek y\u0131k\u0131lmas\u0131 istenen Antalya M\u00fczesi, kentin en \u00f6nemli g\u00fcndem maddesi haline geldi. 1964 y\u0131l\u0131nda proje yar\u0131\u015fmas\u0131 yap\u0131larak in\u015fa edilen, 1972 y\u0131l\u0131nda ise hizmet vermeye ba\u015flayan Antalya M\u00fczesi, b\u00f6lge m\u00fczesi olarak tasarlanm\u0131\u015ft\u0131. Y\u0131k\u0131m karar\u0131 kar\u015f\u0131s\u0131nda Antalyal\u0131lar aya\u011fa kalkt\u0131. G\u00dc\u00c7LEND\u0130R\u0130LMES\u0130 \u0130STEN\u0130YOR! Kentteki STK\u2019lar ve vatanda\u015flar\u0131n ortak talebi, mevcut m\u00fcze binas\u0131n\u0131n g\u00fc\u00e7lendirilerek korunmas\u0131 y\u00f6n\u00fcnde. K\u00fclt\u00fcr ve Turizm Bakanl\u0131\u011f\u0131 yetkililerinin a\u00e7\u0131klamas\u0131na g\u00f6re yeni m\u00fcze projesinin maliyeti 2 bu\u00e7uk milyar TL\u2019yi bulacak. Mevcut m\u00fcze binas\u0131n\u0131n mimarlar\u0131ndan Do\u011fan Tekeli ise 100 milyon TL\u2019lik bir harcamayla binan\u0131n g\u00fc\u00e7lendirilmesinin m\u00fcmk\u00fcn oldu\u011funu dile getirmi\u015fti. SADECE GE\u00c7M\u0130\u015e DE\u011e\u0130L GELECE\u011e\u0130 TEMS\u0130L ED\u0130YOR! Change.org adresi \u00fczerinden ba\u015flat\u0131lan imza kampanyas\u0131na \u015fu ana kadar binlerce destek imzas\u0131n\u0131n ula\u015ft\u0131\u011f\u0131 g\u00f6r\u00fcld\u00fc. \u0130mza kampanyas\u0131n\u0131n a\u00e7\u0131klamas\u0131nda, \u201cAntalya m\u00fcze binas\u0131 sadece ge\u00e7mi\u015fi de\u011fil, ayn\u0131 zamanda Antalya&#8217;n\u0131n gelece\u011fini de temsil ediyor. Ancak, bu tarihi yap\u0131y\u0131 y\u0131kmak ve yerine yeni bir yap\u0131 in\u015fa etmek gibi bir plan var. Bu, sadece bir rant u\u011fruna k\u00fclt\u00fcrel miras\u0131n yok edilmesi anlam\u0131na gelir\u201d denildi. A\u00e7\u0131klama \u015fu \u015fekilde devam etti: \u201c\u0130statistiklere bakacak olursak, Antalya&#8217;n\u0131n yerli ve yabanc\u0131 turist \u00e7eken en \u00f6nemli mekanlar\u0131ndan biri bu m\u00fczedir (Turizm Bakanl\u0131\u011f\u0131, 2019 verileri). Y\u0131k\u0131m\u0131, hem kent hem de \u00fclke i\u00e7in b\u00fcy\u00fck bir kay\u0131p olacak. M\u00fczenin y\u0131k\u0131m\u0131na kar\u015f\u0131y\u0131z ve Antalya Belediyesi&#8217;ne ve K\u00fclt\u00fcr ve Turizm Bakanl\u0131\u011f\u0131\u2019na ba\u015fvuruda &hellip;\" \/>\n<meta property=\"og:url\" content=\"https:\/\/denizcankizil.tr\/de\/haberler\/gundem\/antalya-muzesinin-yikim-kararina-karsi-imza-kampanyasi-baslatildi\/\" \/>\n<meta property=\"og:site_name\" content=\"Av. Deniz Can K\u0131z\u0131l\" \/>\n<meta property=\"article:published_time\" content=\"2025-07-19T07:41:17+00:00\" \/>\n<meta name=\"author\" content=\"Antalya K\u00f6rfez\" \/>\n<meta name=\"twitter:card\" content=\"summary_large_image\" \/>\n<meta name=\"twitter:label1\" content=\"Verfasst von\" \/>\n\t<meta name=\"twitter:data1\" content=\"Antalya K\u00f6rfez\" \/>\n\t<meta name=\"twitter:label2\" content=\"Gesch\u00e4tzte Lesezeit\" \/>\n\t<meta name=\"twitter:data2\" content=\"2\u00a0Minuten\" \/>\n<script type=\"application\/ld+json\" class=\"yoast-schema-graph\">{\"@context\":\"https:\/\/schema.org\",\"@graph\":[{\"@type\":\"Article\",\"@id\":\"https:\/\/denizcankizil.tr\/de\/haberler\/gundem\/antalya-muzesinin-yikim-kararina-karsi-imza-kampanyasi-baslatildi\/#article\",\"isPartOf\":{\"@id\":\"https:\/\/denizcankizil.tr\/de\/haberler\/gundem\/antalya-muzesinin-yikim-kararina-karsi-imza-kampanyasi-baslatildi\/\"},\"author\":{\"name\":\"Antalya K\u00f6rfez\",\"@id\":\"https:\/\/denizcankizil.tr\/#\/schema\/person\/e1eb71bb4dd684d46563f0af307e1234\"},\"headline\":\"Antalya M\u00fczesinin y\u0131k\u0131m karar\u0131na kar\u015f\u0131 imza kampanyas\u0131 ba\u015flat\u0131ld\u0131!\",\"datePublished\":\"2025-07-19T07:41:17+00:00\",\"mainEntityOfPage\":{\"@id\":\"https:\/\/denizcankizil.tr\/de\/haberler\/gundem\/antalya-muzesinin-yikim-kararina-karsi-imza-kampanyasi-baslatildi\/\"},\"wordCount\":419,\"publisher\":{\"@id\":\"https:\/\/denizcankizil.tr\/#organization\"},\"articleSection\":[\"G\u00fcndem\"],\"inLanguage\":\"de\"},{\"@type\":\"WebPage\",\"@id\":\"https:\/\/denizcankizil.tr\/de\/haberler\/gundem\/antalya-muzesinin-yikim-kararina-karsi-imza-kampanyasi-baslatildi\/\",\"url\":\"https:\/\/denizcankizil.tr\/de\/haberler\/gundem\/antalya-muzesinin-yikim-kararina-karsi-imza-kampanyasi-baslatildi\/\",\"name\":\"Antalya M\u00fczesinin y\u0131k\u0131m karar\u0131na kar\u015f\u0131 imza kampanyas\u0131 ba\u015flat\u0131ld\u0131! - Av. Deniz Can K\u0131z\u0131l\",\"isPartOf\":{\"@id\":\"https:\/\/denizcankizil.tr\/#website\"},\"datePublished\":\"2025-07-19T07:41:17+00:00\",\"breadcrumb\":{\"@id\":\"https:\/\/denizcankizil.tr\/de\/haberler\/gundem\/antalya-muzesinin-yikim-kararina-karsi-imza-kampanyasi-baslatildi\/#breadcrumb\"},\"inLanguage\":\"de\",\"potentialAction\":[{\"@type\":\"ReadAction\",\"target\":[\"https:\/\/denizcankizil.tr\/de\/haberler\/gundem\/antalya-muzesinin-yikim-kararina-karsi-imza-kampanyasi-baslatildi\/\"]}]},{\"@type\":\"BreadcrumbList\",\"@id\":\"https:\/\/denizcankizil.tr\/de\/haberler\/gundem\/antalya-muzesinin-yikim-kararina-karsi-imza-kampanyasi-baslatildi\/#breadcrumb\",\"itemListElement\":[{\"@type\":\"ListItem\",\"position\":1,\"name\":\"Home\",\"item\":\"https:\/\/denizcankizil.tr\/de\/\"},{\"@type\":\"ListItem\",\"position\":2,\"name\":\"Antalya M\u00fczesinin y\u0131k\u0131m karar\u0131na kar\u015f\u0131 imza kampanyas\u0131 ba\u015flat\u0131ld\u0131!\"}]},{\"@type\":\"WebSite\",\"@id\":\"https:\/\/denizcankizil.tr\/#website\",\"url\":\"https:\/\/denizcankizil.tr\/\",\"name\":\"Av. Deniz Can K\u0131z\u0131l\",\"description\":\"Avukat Deniz Can K\u0131z\u0131l Antalya Barosu\",\"publisher\":{\"@id\":\"https:\/\/denizcankizil.tr\/#organization\"},\"potentialAction\":[{\"@type\":\"SearchAction\",\"target\":{\"@type\":\"EntryPoint\",\"urlTemplate\":\"https:\/\/denizcankizil.tr\/?s={search_term_string}\"},\"query-input\":{\"@type\":\"PropertyValueSpecification\",\"valueRequired\":true,\"valueName\":\"search_term_string\"}}],\"inLanguage\":\"de\"},{\"@type\":\"Organization\",\"@id\":\"https:\/\/denizcankizil.tr\/#organization\",\"name\":\"Av. Deniz Can K\u0131z\u0131l\",\"url\":\"https:\/\/denizcankizil.tr\/\",\"logo\":{\"@type\":\"ImageObject\",\"inLanguage\":\"de\",\"@id\":\"https:\/\/denizcankizil.tr\/#\/schema\/logo\/image\/\",\"url\":\"https:\/\/denizcankizil.tr\/wp-content\/uploads\/2024\/10\/siyah-logo-svg.svg\",\"contentUrl\":\"https:\/\/denizcankizil.tr\/wp-content\/uploads\/2024\/10\/siyah-logo-svg.svg\",\"width\":1080,\"height\":1080,\"caption\":\"Av. Deniz Can K\u0131z\u0131l\"},\"image\":{\"@id\":\"https:\/\/denizcankizil.tr\/#\/schema\/logo\/image\/\"}},{\"@type\":\"Person\",\"@id\":\"https:\/\/denizcankizil.tr\/#\/schema\/person\/e1eb71bb4dd684d46563f0af307e1234\",\"name\":\"Antalya K\u00f6rfez\",\"image\":{\"@type\":\"ImageObject\",\"inLanguage\":\"de\",\"@id\":\"https:\/\/denizcankizil.tr\/#\/schema\/person\/image\/\",\"url\":\"https:\/\/secure.gravatar.com\/avatar\/42b01982558a48a0b501fdcab6a408d3717ea5919095ee2e67b0e521799c5905?s=96&d=mm&r=g\",\"contentUrl\":\"https:\/\/secure.gravatar.com\/avatar\/42b01982558a48a0b501fdcab6a408d3717ea5919095ee2e67b0e521799c5905?s=96&d=mm&r=g\",\"caption\":\"Antalya K\u00f6rfez\"},\"sameAs\":[\"http:\/\/www.antalyakorfez.com\"],\"url\":\"https:\/\/www.antalyakorfez.com\/antalya-muzesinin-yikim-kararina-karsi-imza-kampanyasi-baslatildi\"}]}<\/script>\n<!-- \/ Yoast SEO Premium plugin. -->","yoast_head_json":{"title":"Antalya M\u00fczesinin y\u0131k\u0131m karar\u0131na kar\u015f\u0131 imza kampanyas\u0131 ba\u015flat\u0131ld\u0131! - Av. Deniz Can K\u0131z\u0131l","robots":{"index":"index","follow":"follow","max-snippet":"max-snippet:-1","max-image-preview":"max-image-preview:large","max-video-preview":"max-video-preview:-1"},"canonical":"https:\/\/denizcankizil.tr\/de\/haberler\/gundem\/antalya-muzesinin-yikim-kararina-karsi-imza-kampanyasi-baslatildi\/","og_locale":"de_DE","og_type":"article","og_title":"Antalya M\u00fczesinin y\u0131k\u0131m karar\u0131na kar\u015f\u0131 imza kampanyas\u0131 ba\u015flat\u0131ld\u0131!","og_description":"Depreme dayan\u0131ks\u0131z oldu\u011fu gerek\u00e7e g\u00f6sterilerek y\u0131k\u0131lmas\u0131 istenen Antalya M\u00fczesi, kentin en \u00f6nemli g\u00fcndem maddesi haline geldi. 1964 y\u0131l\u0131nda proje yar\u0131\u015fmas\u0131 yap\u0131larak in\u015fa edilen, 1972 y\u0131l\u0131nda ise hizmet vermeye ba\u015flayan Antalya M\u00fczesi, b\u00f6lge m\u00fczesi olarak tasarlanm\u0131\u015ft\u0131. Y\u0131k\u0131m karar\u0131 kar\u015f\u0131s\u0131nda Antalyal\u0131lar aya\u011fa kalkt\u0131. G\u00dc\u00c7LEND\u0130R\u0130LMES\u0130 \u0130STEN\u0130YOR! Kentteki STK\u2019lar ve vatanda\u015flar\u0131n ortak talebi, mevcut m\u00fcze binas\u0131n\u0131n g\u00fc\u00e7lendirilerek korunmas\u0131 y\u00f6n\u00fcnde. K\u00fclt\u00fcr ve Turizm Bakanl\u0131\u011f\u0131 yetkililerinin a\u00e7\u0131klamas\u0131na g\u00f6re yeni m\u00fcze projesinin maliyeti 2 bu\u00e7uk milyar TL\u2019yi bulacak. Mevcut m\u00fcze binas\u0131n\u0131n mimarlar\u0131ndan Do\u011fan Tekeli ise 100 milyon TL\u2019lik bir harcamayla binan\u0131n g\u00fc\u00e7lendirilmesinin m\u00fcmk\u00fcn oldu\u011funu dile getirmi\u015fti. SADECE GE\u00c7M\u0130\u015e DE\u011e\u0130L GELECE\u011e\u0130 TEMS\u0130L ED\u0130YOR! Change.org adresi \u00fczerinden ba\u015flat\u0131lan imza kampanyas\u0131na \u015fu ana kadar binlerce destek imzas\u0131n\u0131n ula\u015ft\u0131\u011f\u0131 g\u00f6r\u00fcld\u00fc. \u0130mza kampanyas\u0131n\u0131n a\u00e7\u0131klamas\u0131nda, \u201cAntalya m\u00fcze binas\u0131 sadece ge\u00e7mi\u015fi de\u011fil, ayn\u0131 zamanda Antalya&#8217;n\u0131n gelece\u011fini de temsil ediyor. Ancak, bu tarihi yap\u0131y\u0131 y\u0131kmak ve yerine yeni bir yap\u0131 in\u015fa etmek gibi bir plan var. Bu, sadece bir rant u\u011fruna k\u00fclt\u00fcrel miras\u0131n yok edilmesi anlam\u0131na gelir\u201d denildi. A\u00e7\u0131klama \u015fu \u015fekilde devam etti: \u201c\u0130statistiklere bakacak olursak, Antalya&#8217;n\u0131n yerli ve yabanc\u0131 turist \u00e7eken en \u00f6nemli mekanlar\u0131ndan biri bu m\u00fczedir (Turizm Bakanl\u0131\u011f\u0131, 2019 verileri). Y\u0131k\u0131m\u0131, hem kent hem de \u00fclke i\u00e7in b\u00fcy\u00fck bir kay\u0131p olacak. M\u00fczenin y\u0131k\u0131m\u0131na kar\u015f\u0131y\u0131z ve Antalya Belediyesi&#8217;ne ve K\u00fclt\u00fcr ve Turizm Bakanl\u0131\u011f\u0131\u2019na ba\u015fvuruda &hellip;","og_url":"https:\/\/denizcankizil.tr\/de\/haberler\/gundem\/antalya-muzesinin-yikim-kararina-karsi-imza-kampanyasi-baslatildi\/","og_site_name":"Av. Deniz Can K\u0131z\u0131l","article_published_time":"2025-07-19T07:41:17+00:00","author":"Antalya K\u00f6rfez","twitter_card":"summary_large_image","twitter_misc":{"Verfasst von":"Antalya K\u00f6rfez","Gesch\u00e4tzte Lesezeit":"2\u00a0Minuten"},"schema":{"@context":"https:\/\/schema.org","@graph":[{"@type":"Article","@id":"https:\/\/denizcankizil.tr\/de\/haberler\/gundem\/antalya-muzesinin-yikim-kararina-karsi-imza-kampanyasi-baslatildi\/#article","isPartOf":{"@id":"https:\/\/denizcankizil.tr\/de\/haberler\/gundem\/antalya-muzesinin-yikim-kararina-karsi-imza-kampanyasi-baslatildi\/"},"author":{"name":"Antalya K\u00f6rfez","@id":"https:\/\/denizcankizil.tr\/#\/schema\/person\/e1eb71bb4dd684d46563f0af307e1234"},"headline":"Antalya M\u00fczesinin y\u0131k\u0131m karar\u0131na kar\u015f\u0131 imza kampanyas\u0131 ba\u015flat\u0131ld\u0131!","datePublished":"2025-07-19T07:41:17+00:00","mainEntityOfPage":{"@id":"https:\/\/denizcankizil.tr\/de\/haberler\/gundem\/antalya-muzesinin-yikim-kararina-karsi-imza-kampanyasi-baslatildi\/"},"wordCount":419,"publisher":{"@id":"https:\/\/denizcankizil.tr\/#organization"},"articleSection":["G\u00fcndem"],"inLanguage":"de"},{"@type":"WebPage","@id":"https:\/\/denizcankizil.tr\/de\/haberler\/gundem\/antalya-muzesinin-yikim-kararina-karsi-imza-kampanyasi-baslatildi\/","url":"https:\/\/denizcankizil.tr\/de\/haberler\/gundem\/antalya-muzesinin-yikim-kararina-karsi-imza-kampanyasi-baslatildi\/","name":"Antalya M\u00fczesinin y\u0131k\u0131m karar\u0131na kar\u015f\u0131 imza kampanyas\u0131 ba\u015flat\u0131ld\u0131! - Av. Deniz Can K\u0131z\u0131l","isPartOf":{"@id":"https:\/\/denizcankizil.tr\/#website"},"datePublished":"2025-07-19T07:41:17+00:00","breadcrumb":{"@id":"https:\/\/denizcankizil.tr\/de\/haberler\/gundem\/antalya-muzesinin-yikim-kararina-karsi-imza-kampanyasi-baslatildi\/#breadcrumb"},"inLanguage":"de","potentialAction":[{"@type":"ReadAction","target":["https:\/\/denizcankizil.tr\/de\/haberler\/gundem\/antalya-muzesinin-yikim-kararina-karsi-imza-kampanyasi-baslatildi\/"]}]},{"@type":"BreadcrumbList","@id":"https:\/\/denizcankizil.tr\/de\/haberler\/gundem\/antalya-muzesinin-yikim-kararina-karsi-imza-kampanyasi-baslatildi\/#breadcrumb","itemListElement":[{"@type":"ListItem","position":1,"name":"Home","item":"https:\/\/denizcankizil.tr\/de\/"},{"@type":"ListItem","position":2,"name":"Antalya M\u00fczesinin y\u0131k\u0131m karar\u0131na kar\u015f\u0131 imza kampanyas\u0131 ba\u015flat\u0131ld\u0131!"}]},{"@type":"WebSite","@id":"https:\/\/denizcankizil.tr\/#website","url":"https:\/\/denizcankizil.tr\/","name":"Av. Deniz Can K\u0131z\u0131l","description":"Avukat Deniz Can K\u0131z\u0131l Antalya Barosu","publisher":{"@id":"https:\/\/denizcankizil.tr\/#organization"},"potentialAction":[{"@type":"SearchAction","target":{"@type":"EntryPoint","urlTemplate":"https:\/\/denizcankizil.tr\/?s={search_term_string}"},"query-input":{"@type":"PropertyValueSpecification","valueRequired":true,"valueName":"search_term_string"}}],"inLanguage":"de"},{"@type":"Organization","@id":"https:\/\/denizcankizil.tr\/#organization","name":"Av. Deniz Can K\u0131z\u0131l","url":"https:\/\/denizcankizil.tr\/","logo":{"@type":"ImageObject","inLanguage":"de","@id":"https:\/\/denizcankizil.tr\/#\/schema\/logo\/image\/","url":"https:\/\/denizcankizil.tr\/wp-content\/uploads\/2024\/10\/siyah-logo-svg.svg","contentUrl":"https:\/\/denizcankizil.tr\/wp-content\/uploads\/2024\/10\/siyah-logo-svg.svg","width":1080,"height":1080,"caption":"Av. Deniz Can K\u0131z\u0131l"},"image":{"@id":"https:\/\/denizcankizil.tr\/#\/schema\/logo\/image\/"}},{"@type":"Person","@id":"https:\/\/denizcankizil.tr\/#\/schema\/person\/e1eb71bb4dd684d46563f0af307e1234","name":"Antalya K\u00f6rfez","image":{"@type":"ImageObject","inLanguage":"de","@id":"https:\/\/denizcankizil.tr\/#\/schema\/person\/image\/","url":"https:\/\/secure.gravatar.com\/avatar\/42b01982558a48a0b501fdcab6a408d3717ea5919095ee2e67b0e521799c5905?s=96&d=mm&r=g","contentUrl":"https:\/\/secure.gravatar.com\/avatar\/42b01982558a48a0b501fdcab6a408d3717ea5919095ee2e67b0e521799c5905?s=96&d=mm&r=g","caption":"Antalya K\u00f6rfez"},"sameAs":["http:\/\/www.antalyakorfez.com"],"url":"https:\/\/www.antalyakorfez.com\/antalya-muzesinin-yikim-kararina-karsi-imza-kampanyasi-baslatildi"}]}},"_links":{"self":[{"href":"https:\/\/denizcankizil.tr\/de\/wp-json\/wp\/v2\/posts\/150605","targetHints":{"allow":["GET"]}}],"collection":[{"href":"https:\/\/denizcankizil.tr\/de\/wp-json\/wp\/v2\/posts"}],"about":[{"href":"https:\/\/denizcankizil.tr\/de\/wp-json\/wp\/v2\/types\/post"}],"author":[{"embeddable":true,"href":"https:\/\/denizcankizil.tr\/de\/wp-json\/wp\/v2\/users\/5"}],"replies":[{"embeddable":true,"href":"https:\/\/denizcankizil.tr\/de\/wp-json\/wp\/v2\/comments?post=150605"}],"version-history":[{"count":0,"href":"https:\/\/denizcankizil.tr\/de\/wp-json\/wp\/v2\/posts\/150605\/revisions"}],"wp:attachment":[{"href":"https:\/\/denizcankizil.tr\/de\/wp-json\/wp\/v2\/media?parent=150605"}],"wp:term":[{"taxonomy":"category","embeddable":true,"href":"https:\/\/denizcankizil.tr\/de\/wp-json\/wp\/v2\/categories?post=150605"},{"taxonomy":"post_tag","embeddable":true,"href":"https:\/\/denizcankizil.tr\/de\/wp-json\/wp\/v2\/tags?post=150605"}],"curies":[{"name":"wp","href":"https:\/\/api.w.org\/{rel}","templated":true}]}}