{"id":150024,"date":"2025-07-18T18:42:29","date_gmt":"2025-07-18T15:42:29","guid":{"rendered":"https:\/\/denizcankizil.tr\/uncategorized-tr\/sendika-celik-iscisinin-sozlesme-sevincine-ortak-oldu\/"},"modified":"2025-07-18T18:42:29","modified_gmt":"2025-07-18T15:42:29","slug":"sendika-celik-iscisinin-sozlesme-sevincine-ortak-oldu","status":"publish","type":"post","link":"https:\/\/denizcankizil.tr\/de\/haberler\/gundem\/sendika-celik-iscisinin-sozlesme-sevincine-ortak-oldu\/","title":{"rendered":"Sendika, \u00c7elik i\u015f\u00e7isinin s\u00f6zle\u015fme sevincine ortak oldu\u2026"},"content":{"rendered":"<p>\u00d6z\u00e7elik-\u0130\u015f Sendikas\u0131 \u0130skenderun \u015eube Ba\u015fkan\u0131 Mehmet G\u00fcng\u00f6r ba\u015far\u0131l\u0131 bir anla\u015fmayla sonu\u00e7lanan s\u00f6zle\u015fme m\u00fccadelesinin ard\u0131ndan s\u0131ran\u0131n sahadaki emek\u00e7ilere te\u015fekk\u00fcr geldi\u011fini belirterek \u201cBug\u00fcn yine al\u0131n terinin yan\u0131nda, i\u015f\u00e7inin yan\u0131nday\u0131z.<\/p>\n<p>Her bir \u00fcyemize \u201cbirlikte ba\u015fard\u0131k\u201d demek i\u00e7in sahaday\u0131z\u201d dedi.<\/p>\n<p>\u0130sdemir\u2019de bulu\u015ftu\u011fu \u00c7elik i\u015f\u00e7isine hitaben yapt\u0131\u011f\u0131 konu\u015fmada G\u00fcng\u00f6r \u201c\u0130mzalanan s\u00f6zle\u015fme kapsam\u0131nda \u0130SDEM\u0130R \u00e7al\u0131\u015fanlar\u0131n\u0131n saat \u00fccretleri ve sosyal haklar\u0131nda \u00f6nemli art\u0131\u015flar sa\u011fland\u0131. <strong>Saat \u00dccretlerine Yap\u0131lan Art\u0131\u015flar: Birinci <\/strong>Alt\u0131 Ay: %25, ikinci Alt\u0131 Ay: %21, \u00fc\u00e7\u00fcnc\u00fc Alt\u0131 Ay: Enflasyon oran\u0131 + %3, d\u00f6rd\u00fcnc\u00fc Alt\u0131 Ay: Enflasyon oran\u0131 + %3 art\u0131\u015f kabul edildi. <strong>Sosyal Hak Art\u0131\u015flar\u0131nda da Birinci <\/strong>Y\u0131l: %100, ikinci Y\u0131l: T\u00dcFE oran\u0131nda, ayr\u0131ca \u00e7al\u0131\u015fanlara <strong>bir defaya mahsus olmak \u00fczere 15.000 TL k\u0131rtasiye yard\u0131m\u0131<\/strong> yap\u0131lacak\u201d diye konu\u015ftu.<\/p>\n<p>\u0130sdemir\u2019de \u00e7al\u0131\u015fan \u00f6zellikle gen\u00e7 \u00c7elik i\u015f\u00e7isine bu s\u00f6zle\u015fmenin kendilerinin gelece\u011fi oldu\u011funun alt\u0131n\u0131 \u00e7izen Ba\u015fkan Mehmet G\u00fcng\u00f6r \u015funlar\u0131 s\u00f6yledi: \u201c\u00c7\u0131rak olarak ba\u015flad\u0131\u011f\u0131m bu fabrikada \u015f\u00fck\u00fcrler olsun ki ekibimle, temsilcilerimle birlikte en g\u00fczel s\u00f6zle\u015fmeleri yapmak bizlere nasip oldu. Ne kadar \u015f\u00fckretsek azd\u0131r. Karde\u015f kavgalar\u0131n\u0131 d\u00fc\u015f\u00fcrmek bizlere nasip oldu. Tekrar bar\u0131\u015f\u0131 huzur edip, \u0130sdemir\u2019in b\u00fct\u00fcn s\u00f6zle\u015fmelerinde, b\u00fct\u00fcn komisyonlar\u0131nda d\u00f6rt d\u00f6rtl\u00fck sizleri temsil etmek bizlere nasip oldu. Bu konuda bahtiyar\u0131m, mutluyum, Allah sizden raz\u0131 olsun bizlere verdi\u011finiz destekten dolay\u0131. Ba\u015fta \u00d6z\u00e7elik-\u0130\u015f Sendikas\u0131 Genel Ba\u015fkan\u0131m\u0131z Yunus De\u011firmenci olmak \u00fczere, genel merkez y\u00f6neticilerine, OYAK yetkililerine, \u0130SDEM\u0130R Genel M\u00fcd\u00fcr\u00fc Salih Cem Oral\u2019a, \u015fube y\u00f6netimine, temsilcilere ve katk\u0131 sunan t\u00fcm emek\u00e7ilere te\u015fekk\u00fcr ediyorum\u2026\u201d<\/p>\n<p><img decoding=\"async\" alt=\"Celik Iscisinin Sevincine Ortak Oldular (7)\" class=\"detail-photo img-fluid lazyload\" height=\"1536\" data-src=\"https:\/\/iskenderunorg.teimg.com\/iskenderun-org\/uploads\/2025\/07\/2025\/07\/celik-iscisinin-sevincine-ortak-oldular-7.jpg\" width=\"2048\" src=\"data:image\/svg+xml;base64,PHN2ZyB3aWR0aD0iMSIgaGVpZ2h0PSIxIiB4bWxucz0iaHR0cDovL3d3dy53My5vcmcvMjAwMC9zdmciPjwvc3ZnPg==\" style=\"--smush-placeholder-width: 2048px; --smush-placeholder-aspect-ratio: 2048\/1536;\" \/><img decoding=\"async\" alt=\"Celik Iscisinin Sevincine Ortak Oldular (8)\" class=\"detail-photo img-fluid lazyload\" height=\"1536\" data-src=\"https:\/\/iskenderunorg.teimg.com\/iskenderun-org\/uploads\/2025\/07\/2025\/07\/celik-iscisinin-sevincine-ortak-oldular-8.jpg\" width=\"2048\" src=\"data:image\/svg+xml;base64,PHN2ZyB3aWR0aD0iMSIgaGVpZ2h0PSIxIiB4bWxucz0iaHR0cDovL3d3dy53My5vcmcvMjAwMC9zdmciPjwvc3ZnPg==\" style=\"--smush-placeholder-width: 2048px; --smush-placeholder-aspect-ratio: 2048\/1536;\" \/><img decoding=\"async\" alt=\"Celik Iscisinin Sevincine Ortak Oldular (5)\" class=\"detail-photo img-fluid lazyload\" height=\"1536\" data-src=\"https:\/\/iskenderunorg.teimg.com\/iskenderun-org\/uploads\/2025\/07\/2025\/07\/celik-iscisinin-sevincine-ortak-oldular-5.jpg\" width=\"2048\" src=\"data:image\/svg+xml;base64,PHN2ZyB3aWR0aD0iMSIgaGVpZ2h0PSIxIiB4bWxucz0iaHR0cDovL3d3dy53My5vcmcvMjAwMC9zdmciPjwvc3ZnPg==\" style=\"--smush-placeholder-width: 2048px; --smush-placeholder-aspect-ratio: 2048\/1536;\" \/><img decoding=\"async\" alt=\"Celik Iscisinin Sevincine Ortak Oldular (6)\" class=\"detail-photo img-fluid lazyload\" height=\"739\" data-src=\"https:\/\/iskenderunorg.teimg.com\/iskenderun-org\/uploads\/2025\/07\/2025\/07\/celik-iscisinin-sevincine-ortak-oldular-6.jpg\" width=\"1600\" src=\"data:image\/svg+xml;base64,PHN2ZyB3aWR0aD0iMSIgaGVpZ2h0PSIxIiB4bWxucz0iaHR0cDovL3d3dy53My5vcmcvMjAwMC9zdmciPjwvc3ZnPg==\" style=\"--smush-placeholder-width: 1600px; --smush-placeholder-aspect-ratio: 1600\/739;\" \/><img decoding=\"async\" alt=\"Celik Iscisinin Sevincine Ortak Oldular (3)\" class=\"detail-photo img-fluid lazyload\" height=\"1536\" data-src=\"https:\/\/iskenderunorg.teimg.com\/iskenderun-org\/uploads\/2025\/07\/2025\/07\/celik-iscisinin-sevincine-ortak-oldular-3.jpg\" width=\"2048\" src=\"data:image\/svg+xml;base64,PHN2ZyB3aWR0aD0iMSIgaGVpZ2h0PSIxIiB4bWxucz0iaHR0cDovL3d3dy53My5vcmcvMjAwMC9zdmciPjwvc3ZnPg==\" style=\"--smush-placeholder-width: 2048px; --smush-placeholder-aspect-ratio: 2048\/1536;\" \/><img decoding=\"async\" alt=\"Celik Iscisinin Sevincine Ortak Oldular (4)\" class=\"detail-photo img-fluid lazyload\" height=\"1536\" data-src=\"https:\/\/iskenderunorg.teimg.com\/iskenderun-org\/uploads\/2025\/07\/2025\/07\/celik-iscisinin-sevincine-ortak-oldular-4.jpg\" width=\"2048\" src=\"data:image\/svg+xml;base64,PHN2ZyB3aWR0aD0iMSIgaGVpZ2h0PSIxIiB4bWxucz0iaHR0cDovL3d3dy53My5vcmcvMjAwMC9zdmciPjwvc3ZnPg==\" style=\"--smush-placeholder-width: 2048px; --smush-placeholder-aspect-ratio: 2048\/1536;\" \/><img decoding=\"async\" alt=\"Celik Iscisinin Sevincine Ortak Oldular (1)\" class=\"detail-photo img-fluid lazyload\" height=\"780\" data-src=\"https:\/\/iskenderunorg.teimg.com\/iskenderun-org\/uploads\/2025\/07\/2025\/07\/celik-iscisinin-sevincine-ortak-oldular-1.jpg\" width=\"1080\" src=\"data:image\/svg+xml;base64,PHN2ZyB3aWR0aD0iMSIgaGVpZ2h0PSIxIiB4bWxucz0iaHR0cDovL3d3dy53My5vcmcvMjAwMC9zdmciPjwvc3ZnPg==\" style=\"--smush-placeholder-width: 1080px; --smush-placeholder-aspect-ratio: 1080\/780;\" \/><img decoding=\"async\" alt=\"Celik Iscisinin Sevincine Ortak Oldular (2)\" class=\"detail-photo img-fluid lazyload\" height=\"1536\" data-src=\"https:\/\/iskenderunorg.teimg.com\/iskenderun-org\/uploads\/2025\/07\/2025\/07\/celik-iscisinin-sevincine-ortak-oldular-2.jpg\" width=\"2048\" src=\"data:image\/svg+xml;base64,PHN2ZyB3aWR0aD0iMSIgaGVpZ2h0PSIxIiB4bWxucz0iaHR0cDovL3d3dy53My5vcmcvMjAwMC9zdmciPjwvc3ZnPg==\" style=\"--smush-placeholder-width: 2048px; --smush-placeholder-aspect-ratio: 2048\/1536;\" \/><\/p>\n\n<p>\u200b\u00d6z\u00e7elik-\u0130\u015f Sendikas\u0131 \u0130skenderun \u015eube Ba\u015fkan\u0131 Mehmet G\u00fcng\u00f6r ve y\u00f6netim kurulu \u00fcyeleri, toplu i\u015f s\u00f6zle\u015fmesi g\u00f6r\u00fc\u015fmelerinde anla\u015fmaya var\u0131ld\u0131klar\u0131 \u0130SDEM\u0130R\u2019de bir araya geldi\u011fi \u00c7elik i\u015f\u00e7isinin sevincine ortak oldu.\u00a0<\/p>\n<p>\u200bHaberin Al\u0131nt\u0131land\u0131\u011f\u0131 Kaynak: www.iskenderun.org<\/p>","protected":false},"excerpt":{"rendered":"<p>\u00d6z\u00e7elik-\u0130\u015f Sendikas\u0131 \u0130skenderun \u015eube Ba\u015fkan\u0131 Mehmet G\u00fcng\u00f6r ba\u015far\u0131l\u0131 bir anla\u015fmayla sonu\u00e7lanan s\u00f6zle\u015fme m\u00fccadelesinin ard\u0131ndan s\u0131ran\u0131n sahadaki emek\u00e7ilere te\u015fekk\u00fcr geldi\u011fini belirterek \u201cBug\u00fcn yine al\u0131n terinin yan\u0131nda, i\u015f\u00e7inin yan\u0131nday\u0131z. Her bir \u00fcyemize \u201cbirlikte ba\u015fard\u0131k\u201d demek i\u00e7in sahaday\u0131z\u201d dedi. \u0130sdemir\u2019de bulu\u015ftu\u011fu \u00c7elik i\u015f\u00e7isine hitaben yapt\u0131\u011f\u0131 konu\u015fmada G\u00fcng\u00f6r \u201c\u0130mzalanan s\u00f6zle\u015fme kapsam\u0131nda \u0130SDEM\u0130R \u00e7al\u0131\u015fanlar\u0131n\u0131n saat \u00fccretleri ve sosyal haklar\u0131nda \u00f6nemli art\u0131\u015flar sa\u011fland\u0131. Saat \u00dccretlerine Yap\u0131lan Art\u0131\u015flar: Birinci Alt\u0131 Ay: %25, ikinci Alt\u0131 Ay: %21, \u00fc\u00e7\u00fcnc\u00fc Alt\u0131 Ay: Enflasyon oran\u0131 + %3, d\u00f6rd\u00fcnc\u00fc Alt\u0131 Ay: Enflasyon oran\u0131 + %3 art\u0131\u015f kabul edildi. Sosyal Hak Art\u0131\u015flar\u0131nda da Birinci Y\u0131l: %100, ikinci Y\u0131l: T\u00dcFE oran\u0131nda, ayr\u0131ca \u00e7al\u0131\u015fanlara bir defaya mahsus olmak \u00fczere 15.000 TL k\u0131rtasiye yard\u0131m\u0131 yap\u0131lacak\u201d diye konu\u015ftu. \u0130sdemir\u2019de \u00e7al\u0131\u015fan \u00f6zellikle gen\u00e7 \u00c7elik i\u015f\u00e7isine bu s\u00f6zle\u015fmenin kendilerinin gelece\u011fi oldu\u011funun alt\u0131n\u0131 \u00e7izen Ba\u015fkan Mehmet G\u00fcng\u00f6r \u015funlar\u0131 s\u00f6yledi: \u201c\u00c7\u0131rak olarak ba\u015flad\u0131\u011f\u0131m bu fabrikada \u015f\u00fck\u00fcrler olsun ki ekibimle, temsilcilerimle birlikte en g\u00fczel s\u00f6zle\u015fmeleri yapmak bizlere nasip oldu. Ne kadar \u015f\u00fckretsek azd\u0131r. Karde\u015f kavgalar\u0131n\u0131 d\u00fc\u015f\u00fcrmek bizlere nasip oldu. Tekrar bar\u0131\u015f\u0131 huzur edip, \u0130sdemir\u2019in b\u00fct\u00fcn s\u00f6zle\u015fmelerinde, b\u00fct\u00fcn komisyonlar\u0131nda d\u00f6rt d\u00f6rtl\u00fck sizleri temsil etmek bizlere nasip oldu. Bu konuda bahtiyar\u0131m, mutluyum, Allah sizden raz\u0131 olsun bizlere verdi\u011finiz destekten dolay\u0131. Ba\u015fta \u00d6z\u00e7elik-\u0130\u015f Sendikas\u0131 Genel Ba\u015fkan\u0131m\u0131z Yunus De\u011firmenci olmak \u00fczere, genel merkez y\u00f6neticilerine, OYAK yetkililerine, &hellip;<\/p>","protected":false},"author":1,"featured_media":0,"comment_status":"","ping_status":"open","sticky":false,"template":"","format":"standard","meta":{"_acf_changed":false,"footnotes":""},"categories":[24],"tags":[],"class_list":["post-150024","post","type-post","status-publish","format-standard","has-post-thumbnail","hentry","category-gundem"],"acf":[],"yoast_head":"<!-- This site is optimized with the Yoast SEO Premium plugin v26.6 (Yoast SEO v27.1.1) - https:\/\/yoast.com\/product\/yoast-seo-premium-wordpress\/ -->\n<title>Sendika, \u00c7elik i\u015f\u00e7isinin s\u00f6zle\u015fme sevincine ortak oldu\u2026 - Av. Deniz Can K\u0131z\u0131l<\/title>\n<meta name=\"robots\" content=\"index, follow, max-snippet:-1, max-image-preview:large, max-video-preview:-1\" \/>\n<link rel=\"canonical\" href=\"https:\/\/denizcankizil.tr\/de\/haberler\/gundem\/sendika-celik-iscisinin-sozlesme-sevincine-ortak-oldu\/\" \/>\n<meta property=\"og:locale\" content=\"de_DE\" \/>\n<meta property=\"og:type\" content=\"article\" \/>\n<meta property=\"og:title\" content=\"Sendika, \u00c7elik i\u015f\u00e7isinin s\u00f6zle\u015fme sevincine ortak oldu\u2026\" \/>\n<meta property=\"og:description\" content=\"\u00d6z\u00e7elik-\u0130\u015f Sendikas\u0131 \u0130skenderun \u015eube Ba\u015fkan\u0131 Mehmet G\u00fcng\u00f6r ba\u015far\u0131l\u0131 bir anla\u015fmayla sonu\u00e7lanan s\u00f6zle\u015fme m\u00fccadelesinin ard\u0131ndan s\u0131ran\u0131n sahadaki emek\u00e7ilere te\u015fekk\u00fcr geldi\u011fini belirterek \u201cBug\u00fcn yine al\u0131n terinin yan\u0131nda, i\u015f\u00e7inin yan\u0131nday\u0131z. Her bir \u00fcyemize \u201cbirlikte ba\u015fard\u0131k\u201d demek i\u00e7in sahaday\u0131z\u201d dedi. \u0130sdemir\u2019de bulu\u015ftu\u011fu \u00c7elik i\u015f\u00e7isine hitaben yapt\u0131\u011f\u0131 konu\u015fmada G\u00fcng\u00f6r \u201c\u0130mzalanan s\u00f6zle\u015fme kapsam\u0131nda \u0130SDEM\u0130R \u00e7al\u0131\u015fanlar\u0131n\u0131n saat \u00fccretleri ve sosyal haklar\u0131nda \u00f6nemli art\u0131\u015flar sa\u011fland\u0131. Saat \u00dccretlerine Yap\u0131lan Art\u0131\u015flar: Birinci Alt\u0131 Ay: %25, ikinci Alt\u0131 Ay: %21, \u00fc\u00e7\u00fcnc\u00fc Alt\u0131 Ay: Enflasyon oran\u0131 + %3, d\u00f6rd\u00fcnc\u00fc Alt\u0131 Ay: Enflasyon oran\u0131 + %3 art\u0131\u015f kabul edildi. Sosyal Hak Art\u0131\u015flar\u0131nda da Birinci Y\u0131l: %100, ikinci Y\u0131l: T\u00dcFE oran\u0131nda, ayr\u0131ca \u00e7al\u0131\u015fanlara bir defaya mahsus olmak \u00fczere 15.000 TL k\u0131rtasiye yard\u0131m\u0131 yap\u0131lacak\u201d diye konu\u015ftu. \u0130sdemir\u2019de \u00e7al\u0131\u015fan \u00f6zellikle gen\u00e7 \u00c7elik i\u015f\u00e7isine bu s\u00f6zle\u015fmenin kendilerinin gelece\u011fi oldu\u011funun alt\u0131n\u0131 \u00e7izen Ba\u015fkan Mehmet G\u00fcng\u00f6r \u015funlar\u0131 s\u00f6yledi: \u201c\u00c7\u0131rak olarak ba\u015flad\u0131\u011f\u0131m bu fabrikada \u015f\u00fck\u00fcrler olsun ki ekibimle, temsilcilerimle birlikte en g\u00fczel s\u00f6zle\u015fmeleri yapmak bizlere nasip oldu. Ne kadar \u015f\u00fckretsek azd\u0131r. Karde\u015f kavgalar\u0131n\u0131 d\u00fc\u015f\u00fcrmek bizlere nasip oldu. Tekrar bar\u0131\u015f\u0131 huzur edip, \u0130sdemir\u2019in b\u00fct\u00fcn s\u00f6zle\u015fmelerinde, b\u00fct\u00fcn komisyonlar\u0131nda d\u00f6rt d\u00f6rtl\u00fck sizleri temsil etmek bizlere nasip oldu. Bu konuda bahtiyar\u0131m, mutluyum, Allah sizden raz\u0131 olsun bizlere verdi\u011finiz destekten dolay\u0131. Ba\u015fta \u00d6z\u00e7elik-\u0130\u015f Sendikas\u0131 Genel Ba\u015fkan\u0131m\u0131z Yunus De\u011firmenci olmak \u00fczere, genel merkez y\u00f6neticilerine, OYAK yetkililerine, &hellip;\" \/>\n<meta property=\"og:url\" content=\"https:\/\/denizcankizil.tr\/de\/haberler\/gundem\/sendika-celik-iscisinin-sozlesme-sevincine-ortak-oldu\/\" \/>\n<meta property=\"og:site_name\" content=\"Av. Deniz Can K\u0131z\u0131l\" \/>\n<meta property=\"article:published_time\" content=\"2025-07-18T15:42:29+00:00\" \/>\n<meta property=\"og:image\" content=\"https:\/\/iskenderunorg.teimg.com\/iskenderun-org\/uploads\/2025\/07\/2025\/07\/celik-iscisinin-sevincine-ortak-oldular-7.jpg\" \/>\n<meta name=\"author\" content=\"admin\" \/>\n<meta name=\"twitter:card\" content=\"summary_large_image\" \/>\n<meta name=\"twitter:label1\" content=\"Verfasst von\" \/>\n\t<meta name=\"twitter:data1\" content=\"admin\" \/>\n\t<meta name=\"twitter:label2\" content=\"Gesch\u00e4tzte Lesezeit\" \/>\n\t<meta name=\"twitter:data2\" content=\"2\u00a0Minuten\" \/>\n<script type=\"application\/ld+json\" class=\"yoast-schema-graph\">{\"@context\":\"https:\/\/schema.org\",\"@graph\":[{\"@type\":\"Article\",\"@id\":\"https:\/\/denizcankizil.tr\/uk\/haberler\/gundem\/sendika-celik-iscisinin-sozlesme-sevincine-ortak-oldu\/#article\",\"isPartOf\":{\"@id\":\"https:\/\/denizcankizil.tr\/uk\/haberler\/gundem\/sendika-celik-iscisinin-sozlesme-sevincine-ortak-oldu\/\"},\"author\":{\"name\":\"admin\",\"@id\":\"https:\/\/denizcankizil.tr\/de\/#\/schema\/person\/be3c05fe6a12686905512445d8185489\"},\"headline\":\"Sendika, \u00c7elik i\u015f\u00e7isinin s\u00f6zle\u015fme sevincine ortak oldu\u2026\",\"datePublished\":\"2025-07-18T15:42:29+00:00\",\"mainEntityOfPage\":{\"@id\":\"https:\/\/denizcankizil.tr\/uk\/haberler\/gundem\/sendika-celik-iscisinin-sozlesme-sevincine-ortak-oldu\/\"},\"wordCount\":379,\"publisher\":{\"@id\":\"https:\/\/denizcankizil.tr\/de\/#organization\"},\"image\":{\"@id\":\"https:\/\/denizcankizil.tr\/uk\/haberler\/gundem\/sendika-celik-iscisinin-sozlesme-sevincine-ortak-oldu\/#primaryimage\"},\"thumbnailUrl\":\"https:\/\/iskenderunorg.teimg.com\/iskenderun-org\/uploads\/2025\/07\/2025\/07\/celik-iscisinin-sevincine-ortak-oldular-7.jpg\",\"articleSection\":[\"G\u00fcndem\"],\"inLanguage\":\"de\"},{\"@type\":\"WebPage\",\"@id\":\"https:\/\/denizcankizil.tr\/uk\/haberler\/gundem\/sendika-celik-iscisinin-sozlesme-sevincine-ortak-oldu\/\",\"url\":\"https:\/\/denizcankizil.tr\/uk\/haberler\/gundem\/sendika-celik-iscisinin-sozlesme-sevincine-ortak-oldu\/\",\"name\":\"Sendika, \u00c7elik i\u015f\u00e7isinin s\u00f6zle\u015fme sevincine ortak oldu\u2026 - Av. Deniz Can K\u0131z\u0131l\",\"isPartOf\":{\"@id\":\"https:\/\/denizcankizil.tr\/de\/#website\"},\"primaryImageOfPage\":{\"@id\":\"https:\/\/denizcankizil.tr\/uk\/haberler\/gundem\/sendika-celik-iscisinin-sozlesme-sevincine-ortak-oldu\/#primaryimage\"},\"image\":{\"@id\":\"https:\/\/denizcankizil.tr\/uk\/haberler\/gundem\/sendika-celik-iscisinin-sozlesme-sevincine-ortak-oldu\/#primaryimage\"},\"thumbnailUrl\":\"https:\/\/iskenderunorg.teimg.com\/iskenderun-org\/uploads\/2025\/07\/2025\/07\/celik-iscisinin-sevincine-ortak-oldular-7.jpg\",\"datePublished\":\"2025-07-18T15:42:29+00:00\",\"breadcrumb\":{\"@id\":\"https:\/\/denizcankizil.tr\/uk\/haberler\/gundem\/sendika-celik-iscisinin-sozlesme-sevincine-ortak-oldu\/#breadcrumb\"},\"inLanguage\":\"de\",\"potentialAction\":[{\"@type\":\"ReadAction\",\"target\":[\"https:\/\/denizcankizil.tr\/uk\/haberler\/gundem\/sendika-celik-iscisinin-sozlesme-sevincine-ortak-oldu\/\"]}]},{\"@type\":\"ImageObject\",\"inLanguage\":\"de\",\"@id\":\"https:\/\/denizcankizil.tr\/uk\/haberler\/gundem\/sendika-celik-iscisinin-sozlesme-sevincine-ortak-oldu\/#primaryimage\",\"url\":\"https:\/\/iskenderunorg.teimg.com\/iskenderun-org\/uploads\/2025\/07\/2025\/07\/celik-iscisinin-sevincine-ortak-oldular-7.jpg\",\"contentUrl\":\"https:\/\/iskenderunorg.teimg.com\/iskenderun-org\/uploads\/2025\/07\/2025\/07\/celik-iscisinin-sevincine-ortak-oldular-7.jpg\"},{\"@type\":\"BreadcrumbList\",\"@id\":\"https:\/\/denizcankizil.tr\/uk\/haberler\/gundem\/sendika-celik-iscisinin-sozlesme-sevincine-ortak-oldu\/#breadcrumb\",\"itemListElement\":[{\"@type\":\"ListItem\",\"position\":1,\"name\":\"Home\",\"item\":\"https:\/\/denizcankizil.tr\/de\/\"},{\"@type\":\"ListItem\",\"position\":2,\"name\":\"Sendika, \u00c7elik i\u015f\u00e7isinin s\u00f6zle\u015fme sevincine ortak oldu\u2026\"}]},{\"@type\":\"WebSite\",\"@id\":\"https:\/\/denizcankizil.tr\/de\/#website\",\"url\":\"https:\/\/denizcankizil.tr\/de\/\",\"name\":\"Av. Deniz Can K\u0131z\u0131l\",\"description\":\"Avukat Deniz Can K\u0131z\u0131l Antalya Barosu\",\"publisher\":{\"@id\":\"https:\/\/denizcankizil.tr\/de\/#organization\"},\"potentialAction\":[{\"@type\":\"SearchAction\",\"target\":{\"@type\":\"EntryPoint\",\"urlTemplate\":\"https:\/\/denizcankizil.tr\/de\/?s={search_term_string}\"},\"query-input\":{\"@type\":\"PropertyValueSpecification\",\"valueRequired\":true,\"valueName\":\"search_term_string\"}}],\"inLanguage\":\"de\"},{\"@type\":\"Organization\",\"@id\":\"https:\/\/denizcankizil.tr\/de\/#organization\",\"name\":\"Av. Deniz Can K\u0131z\u0131l\",\"url\":\"https:\/\/denizcankizil.tr\/de\/\",\"logo\":{\"@type\":\"ImageObject\",\"inLanguage\":\"de\",\"@id\":\"https:\/\/denizcankizil.tr\/de\/#\/schema\/logo\/image\/\",\"url\":\"https:\/\/denizcankizil.tr\/wp-content\/uploads\/2024\/10\/siyah-logo-svg.svg\",\"contentUrl\":\"https:\/\/denizcankizil.tr\/wp-content\/uploads\/2024\/10\/siyah-logo-svg.svg\",\"width\":1080,\"height\":1080,\"caption\":\"Av. Deniz Can K\u0131z\u0131l\"},\"image\":{\"@id\":\"https:\/\/denizcankizil.tr\/de\/#\/schema\/logo\/image\/\"}},{\"@type\":\"Person\",\"@id\":\"https:\/\/denizcankizil.tr\/de\/#\/schema\/person\/be3c05fe6a12686905512445d8185489\",\"name\":\"admin\",\"image\":{\"@type\":\"ImageObject\",\"inLanguage\":\"de\",\"@id\":\"https:\/\/denizcankizil.tr\/de\/#\/schema\/person\/image\/\",\"url\":\"https:\/\/secure.gravatar.com\/avatar\/c1fce94c830dc79107e174f890d7210541c4a63e8e5d816341794a2151c9d58c?s=96&d=mm&r=g\",\"contentUrl\":\"https:\/\/secure.gravatar.com\/avatar\/c1fce94c830dc79107e174f890d7210541c4a63e8e5d816341794a2151c9d58c?s=96&d=mm&r=g\",\"caption\":\"admin\"},\"sameAs\":[\"http:\/\/denizcankizil.tr\"],\"url\":\"https:\/\/www.iskenderun.org\/sendika-celik-iscisinin-sozlesme-sevincine-ortak-oldu\"}]}<\/script>\n<!-- \/ Yoast SEO Premium plugin. -->","yoast_head_json":{"title":"Sendika, \u00c7elik i\u015f\u00e7isinin s\u00f6zle\u015fme sevincine ortak oldu\u2026 - Av. Deniz Can K\u0131z\u0131l","robots":{"index":"index","follow":"follow","max-snippet":"max-snippet:-1","max-image-preview":"max-image-preview:large","max-video-preview":"max-video-preview:-1"},"canonical":"https:\/\/denizcankizil.tr\/de\/haberler\/gundem\/sendika-celik-iscisinin-sozlesme-sevincine-ortak-oldu\/","og_locale":"de_DE","og_type":"article","og_title":"Sendika, \u00c7elik i\u015f\u00e7isinin s\u00f6zle\u015fme sevincine ortak oldu\u2026","og_description":"\u00d6z\u00e7elik-\u0130\u015f Sendikas\u0131 \u0130skenderun \u015eube Ba\u015fkan\u0131 Mehmet G\u00fcng\u00f6r ba\u015far\u0131l\u0131 bir anla\u015fmayla sonu\u00e7lanan s\u00f6zle\u015fme m\u00fccadelesinin ard\u0131ndan s\u0131ran\u0131n sahadaki emek\u00e7ilere te\u015fekk\u00fcr geldi\u011fini belirterek \u201cBug\u00fcn yine al\u0131n terinin yan\u0131nda, i\u015f\u00e7inin yan\u0131nday\u0131z. Her bir \u00fcyemize \u201cbirlikte ba\u015fard\u0131k\u201d demek i\u00e7in sahaday\u0131z\u201d dedi. \u0130sdemir\u2019de bulu\u015ftu\u011fu \u00c7elik i\u015f\u00e7isine hitaben yapt\u0131\u011f\u0131 konu\u015fmada G\u00fcng\u00f6r \u201c\u0130mzalanan s\u00f6zle\u015fme kapsam\u0131nda \u0130SDEM\u0130R \u00e7al\u0131\u015fanlar\u0131n\u0131n saat \u00fccretleri ve sosyal haklar\u0131nda \u00f6nemli art\u0131\u015flar sa\u011fland\u0131. Saat \u00dccretlerine Yap\u0131lan Art\u0131\u015flar: Birinci Alt\u0131 Ay: %25, ikinci Alt\u0131 Ay: %21, \u00fc\u00e7\u00fcnc\u00fc Alt\u0131 Ay: Enflasyon oran\u0131 + %3, d\u00f6rd\u00fcnc\u00fc Alt\u0131 Ay: Enflasyon oran\u0131 + %3 art\u0131\u015f kabul edildi. Sosyal Hak Art\u0131\u015flar\u0131nda da Birinci Y\u0131l: %100, ikinci Y\u0131l: T\u00dcFE oran\u0131nda, ayr\u0131ca \u00e7al\u0131\u015fanlara bir defaya mahsus olmak \u00fczere 15.000 TL k\u0131rtasiye yard\u0131m\u0131 yap\u0131lacak\u201d diye konu\u015ftu. \u0130sdemir\u2019de \u00e7al\u0131\u015fan \u00f6zellikle gen\u00e7 \u00c7elik i\u015f\u00e7isine bu s\u00f6zle\u015fmenin kendilerinin gelece\u011fi oldu\u011funun alt\u0131n\u0131 \u00e7izen Ba\u015fkan Mehmet G\u00fcng\u00f6r \u015funlar\u0131 s\u00f6yledi: \u201c\u00c7\u0131rak olarak ba\u015flad\u0131\u011f\u0131m bu fabrikada \u015f\u00fck\u00fcrler olsun ki ekibimle, temsilcilerimle birlikte en g\u00fczel s\u00f6zle\u015fmeleri yapmak bizlere nasip oldu. Ne kadar \u015f\u00fckretsek azd\u0131r. Karde\u015f kavgalar\u0131n\u0131 d\u00fc\u015f\u00fcrmek bizlere nasip oldu. Tekrar bar\u0131\u015f\u0131 huzur edip, \u0130sdemir\u2019in b\u00fct\u00fcn s\u00f6zle\u015fmelerinde, b\u00fct\u00fcn komisyonlar\u0131nda d\u00f6rt d\u00f6rtl\u00fck sizleri temsil etmek bizlere nasip oldu. Bu konuda bahtiyar\u0131m, mutluyum, Allah sizden raz\u0131 olsun bizlere verdi\u011finiz destekten dolay\u0131. Ba\u015fta \u00d6z\u00e7elik-\u0130\u015f Sendikas\u0131 Genel Ba\u015fkan\u0131m\u0131z Yunus De\u011firmenci olmak \u00fczere, genel merkez y\u00f6neticilerine, OYAK yetkililerine, &hellip;","og_url":"https:\/\/denizcankizil.tr\/de\/haberler\/gundem\/sendika-celik-iscisinin-sozlesme-sevincine-ortak-oldu\/","og_site_name":"Av. Deniz Can K\u0131z\u0131l","article_published_time":"2025-07-18T15:42:29+00:00","og_image":[{"url":"https:\/\/iskenderunorg.teimg.com\/iskenderun-org\/uploads\/2025\/07\/2025\/07\/celik-iscisinin-sevincine-ortak-oldular-7.jpg","type":"","width":"","height":""}],"author":"admin","twitter_card":"summary_large_image","twitter_misc":{"Verfasst von":"admin","Gesch\u00e4tzte Lesezeit":"2\u00a0Minuten"},"schema":{"@context":"https:\/\/schema.org","@graph":[{"@type":"Article","@id":"https:\/\/denizcankizil.tr\/uk\/haberler\/gundem\/sendika-celik-iscisinin-sozlesme-sevincine-ortak-oldu\/#article","isPartOf":{"@id":"https:\/\/denizcankizil.tr\/uk\/haberler\/gundem\/sendika-celik-iscisinin-sozlesme-sevincine-ortak-oldu\/"},"author":{"name":"admin","@id":"https:\/\/denizcankizil.tr\/de\/#\/schema\/person\/be3c05fe6a12686905512445d8185489"},"headline":"Sendika, \u00c7elik i\u015f\u00e7isinin s\u00f6zle\u015fme sevincine ortak oldu\u2026","datePublished":"2025-07-18T15:42:29+00:00","mainEntityOfPage":{"@id":"https:\/\/denizcankizil.tr\/uk\/haberler\/gundem\/sendika-celik-iscisinin-sozlesme-sevincine-ortak-oldu\/"},"wordCount":379,"publisher":{"@id":"https:\/\/denizcankizil.tr\/de\/#organization"},"image":{"@id":"https:\/\/denizcankizil.tr\/uk\/haberler\/gundem\/sendika-celik-iscisinin-sozlesme-sevincine-ortak-oldu\/#primaryimage"},"thumbnailUrl":"https:\/\/iskenderunorg.teimg.com\/iskenderun-org\/uploads\/2025\/07\/2025\/07\/celik-iscisinin-sevincine-ortak-oldular-7.jpg","articleSection":["G\u00fcndem"],"inLanguage":"de"},{"@type":"WebPage","@id":"https:\/\/denizcankizil.tr\/uk\/haberler\/gundem\/sendika-celik-iscisinin-sozlesme-sevincine-ortak-oldu\/","url":"https:\/\/denizcankizil.tr\/uk\/haberler\/gundem\/sendika-celik-iscisinin-sozlesme-sevincine-ortak-oldu\/","name":"Sendika, \u00c7elik i\u015f\u00e7isinin s\u00f6zle\u015fme sevincine ortak oldu\u2026 - Av. Deniz Can K\u0131z\u0131l","isPartOf":{"@id":"https:\/\/denizcankizil.tr\/de\/#website"},"primaryImageOfPage":{"@id":"https:\/\/denizcankizil.tr\/uk\/haberler\/gundem\/sendika-celik-iscisinin-sozlesme-sevincine-ortak-oldu\/#primaryimage"},"image":{"@id":"https:\/\/denizcankizil.tr\/uk\/haberler\/gundem\/sendika-celik-iscisinin-sozlesme-sevincine-ortak-oldu\/#primaryimage"},"thumbnailUrl":"https:\/\/iskenderunorg.teimg.com\/iskenderun-org\/uploads\/2025\/07\/2025\/07\/celik-iscisinin-sevincine-ortak-oldular-7.jpg","datePublished":"2025-07-18T15:42:29+00:00","breadcrumb":{"@id":"https:\/\/denizcankizil.tr\/uk\/haberler\/gundem\/sendika-celik-iscisinin-sozlesme-sevincine-ortak-oldu\/#breadcrumb"},"inLanguage":"de","potentialAction":[{"@type":"ReadAction","target":["https:\/\/denizcankizil.tr\/uk\/haberler\/gundem\/sendika-celik-iscisinin-sozlesme-sevincine-ortak-oldu\/"]}]},{"@type":"ImageObject","inLanguage":"de","@id":"https:\/\/denizcankizil.tr\/uk\/haberler\/gundem\/sendika-celik-iscisinin-sozlesme-sevincine-ortak-oldu\/#primaryimage","url":"https:\/\/iskenderunorg.teimg.com\/iskenderun-org\/uploads\/2025\/07\/2025\/07\/celik-iscisinin-sevincine-ortak-oldular-7.jpg","contentUrl":"https:\/\/iskenderunorg.teimg.com\/iskenderun-org\/uploads\/2025\/07\/2025\/07\/celik-iscisinin-sevincine-ortak-oldular-7.jpg"},{"@type":"BreadcrumbList","@id":"https:\/\/denizcankizil.tr\/uk\/haberler\/gundem\/sendika-celik-iscisinin-sozlesme-sevincine-ortak-oldu\/#breadcrumb","itemListElement":[{"@type":"ListItem","position":1,"name":"Home","item":"https:\/\/denizcankizil.tr\/de\/"},{"@type":"ListItem","position":2,"name":"Sendika, \u00c7elik i\u015f\u00e7isinin s\u00f6zle\u015fme sevincine ortak oldu\u2026"}]},{"@type":"WebSite","@id":"https:\/\/denizcankizil.tr\/de\/#website","url":"https:\/\/denizcankizil.tr\/de\/","name":"Av. Deniz Can K\u0131z\u0131l","description":"Avukat Deniz Can K\u0131z\u0131l Antalya Barosu","publisher":{"@id":"https:\/\/denizcankizil.tr\/de\/#organization"},"potentialAction":[{"@type":"SearchAction","target":{"@type":"EntryPoint","urlTemplate":"https:\/\/denizcankizil.tr\/de\/?s={search_term_string}"},"query-input":{"@type":"PropertyValueSpecification","valueRequired":true,"valueName":"search_term_string"}}],"inLanguage":"de"},{"@type":"Organization","@id":"https:\/\/denizcankizil.tr\/de\/#organization","name":"Av. Deniz Can K\u0131z\u0131l","url":"https:\/\/denizcankizil.tr\/de\/","logo":{"@type":"ImageObject","inLanguage":"de","@id":"https:\/\/denizcankizil.tr\/de\/#\/schema\/logo\/image\/","url":"https:\/\/denizcankizil.tr\/wp-content\/uploads\/2024\/10\/siyah-logo-svg.svg","contentUrl":"https:\/\/denizcankizil.tr\/wp-content\/uploads\/2024\/10\/siyah-logo-svg.svg","width":1080,"height":1080,"caption":"Av. Deniz Can K\u0131z\u0131l"},"image":{"@id":"https:\/\/denizcankizil.tr\/de\/#\/schema\/logo\/image\/"}},{"@type":"Person","@id":"https:\/\/denizcankizil.tr\/de\/#\/schema\/person\/be3c05fe6a12686905512445d8185489","name":"Administrator","image":{"@type":"ImageObject","inLanguage":"de","@id":"https:\/\/denizcankizil.tr\/de\/#\/schema\/person\/image\/","url":"https:\/\/secure.gravatar.com\/avatar\/c1fce94c830dc79107e174f890d7210541c4a63e8e5d816341794a2151c9d58c?s=96&d=mm&r=g","contentUrl":"https:\/\/secure.gravatar.com\/avatar\/c1fce94c830dc79107e174f890d7210541c4a63e8e5d816341794a2151c9d58c?s=96&d=mm&r=g","caption":"admin"},"sameAs":["http:\/\/denizcankizil.tr"],"url":"https:\/\/www.iskenderun.org\/sendika-celik-iscisinin-sozlesme-sevincine-ortak-oldu"}]}},"_links":{"self":[{"href":"https:\/\/denizcankizil.tr\/de\/wp-json\/wp\/v2\/posts\/150024","targetHints":{"allow":["GET"]}}],"collection":[{"href":"https:\/\/denizcankizil.tr\/de\/wp-json\/wp\/v2\/posts"}],"about":[{"href":"https:\/\/denizcankizil.tr\/de\/wp-json\/wp\/v2\/types\/post"}],"author":[{"embeddable":true,"href":"https:\/\/denizcankizil.tr\/de\/wp-json\/wp\/v2\/users\/1"}],"replies":[{"embeddable":true,"href":"https:\/\/denizcankizil.tr\/de\/wp-json\/wp\/v2\/comments?post=150024"}],"version-history":[{"count":0,"href":"https:\/\/denizcankizil.tr\/de\/wp-json\/wp\/v2\/posts\/150024\/revisions"}],"wp:attachment":[{"href":"https:\/\/denizcankizil.tr\/de\/wp-json\/wp\/v2\/media?parent=150024"}],"wp:term":[{"taxonomy":"category","embeddable":true,"href":"https:\/\/denizcankizil.tr\/de\/wp-json\/wp\/v2\/categories?post=150024"},{"taxonomy":"post_tag","embeddable":true,"href":"https:\/\/denizcankizil.tr\/de\/wp-json\/wp\/v2\/tags?post=150024"}],"curies":[{"name":"wp","href":"https:\/\/api.w.org\/{rel}","templated":true}]}}