{"id":149752,"date":"2025-07-18T12:41:34","date_gmt":"2025-07-18T09:41:34","guid":{"rendered":"https:\/\/denizcankizil.tr\/uncategorized-tr\/antalyada-vatandaslari-yakindan-ilgilendiren-duyuru-devlet-dairelerinin-yeri-degisti\/"},"modified":"2025-07-18T12:41:34","modified_gmt":"2025-07-18T09:41:34","slug":"antalyada-vatandaslari-yakindan-ilgilendiren-duyuru-devlet-dairelerinin-yeri-degisti","status":"publish","type":"post","link":"https:\/\/denizcankizil.tr\/de\/haberler\/gundem\/antalyada-vatandaslari-yakindan-ilgilendiren-duyuru-devlet-dairelerinin-yeri-degisti\/","title":{"rendered":"Antalya\u2019da vatanda\u015flar\u0131 yak\u0131ndan ilgilendiren duyuru: Devlet dairelerinin yeri de\u011fi\u015fti!"},"content":{"rendered":"<p>Antalya Valili\u011fi \u00c7evre, \u015eehircilik ve \u0130klim De\u011fi\u015fikli\u011fi \u0130l M\u00fcd\u00fcrl\u00fc\u011f\u00fc\u2019nden yap\u0131lan a\u00e7\u0131klamada, Milli Emlak Daire Ba\u015fkanl\u0131\u011f\u0131 ile birlikte hizmet veren m\u00fcd\u00fcrl\u00fckler ile ek hizmet binas\u0131nda faaliyet g\u00f6steren \u015fube m\u00fcd\u00fcrl\u00fcklerinin, Meltem Mahallesi\u2019nde yer alan kamp\u00fcs alan\u0131nda yeni yap\u0131lan hizmet binas\u0131na ta\u015f\u0131nd\u0131\u011f\u0131 belirtildi.<\/p>\n<p>M\u00dcD\u00dcRL\u00dcKLER YEN\u0130 H\u0130ZMET B\u0130NALARINA TA\u015eINDI <\/p>\n<p>Kamuoyuna duyurulan de\u011fi\u015fikli\u011fe g\u00f6re, bug\u00fcne dek Defterdarl\u0131k ve Vergi Dairesi Ba\u015fkanl\u0131\u011f\u0131 ile ayn\u0131 binada hizmet veren Do\u011fu Antalya, Bat\u0131 Antalya, Toros, Falez ve Aspendos Emlak M\u00fcd\u00fcrl\u00fckleri, yeni kamp\u00fcs alan\u0131na ta\u015f\u0131nd\u0131. Ayn\u0131 \u015fekilde, K\u0131z\u0131ltoprak Mahallesi\u2019ndeki ek hizmet binas\u0131nda faaliyet g\u00f6steren Yap\u0131m \u015eube M\u00fcd\u00fcrl\u00fc\u011f\u00fc, Kooperatifler \u015eube M\u00fcd\u00fcrl\u00fc\u011f\u00fc, Afet Koordinasyon ve \u0130sk\u00e2n \u015eube M\u00fcd\u00fcrl\u00fc\u011f\u00fc ile Proje \u015eube M\u00fcd\u00fcrl\u00fc\u011f\u00fc de art\u0131k yeni binada hizmet verecek.<\/p>\n<p>B\u0130R\u0130MLER TEK \u00c7ATI ALTINDA TOPLANDI <\/p>\n<p>Antalya K\u00f6rfez Gazetesi muhabiri Ertu\u011frul G\u00fcn&#8217;\u00fcn haberine g\u00f6re, s\u00f6z konusu ta\u015f\u0131nma i\u015flemleri, Meltem Mahallesi Dumlup\u0131nar Bulvar\u0131 adresinde yer alan \u00c7evre, \u015eehircilik ve \u0130klim De\u011fi\u015fikli\u011fi \u0130l M\u00fcd\u00fcrl\u00fc\u011f\u00fc kamp\u00fcs\u00fc i\u00e7erisinde in\u015fa edilen yeni hizmet binas\u0131nda tamamland\u0131. B\u00f6ylece da\u011f\u0131n\u0131k konumda \u00e7al\u0131\u015fan birimler tek \u00e7at\u0131 alt\u0131nda toplanm\u0131\u015f oldu. \u0130l M\u00fcd\u00fcrl\u00fc\u011f\u00fc yetkilileri, ta\u015f\u0131nma s\u00fcreciyle birlikte hem personel hem de vatanda\u015f a\u00e7\u0131s\u0131ndan daha h\u0131zl\u0131 ve koordineli bir hizmet sunmay\u0131 hedeflediklerini belirtti.<\/p>\n<p>&#8220;M\u00dcD\u00dcRL\u00dcKLER, AYNI KAMP\u00dcSTE H\u0130ZMET VERECEK&#8221; <\/p>\n<p>Yap\u0131lan a\u00e7\u0131klamada, \u201c\u0130limiz \u00c7evre, \u015eehircilik ve \u0130klim De\u011fi\u015fikli\u011fi \u0130l M\u00fcd\u00fcrl\u00fc\u011f\u00fc-Milli Emlak Daire Ba\u015fkanl\u0131\u011f\u0131 ile ayn\u0131 binada hizmet veren m\u00fcd\u00fcrl\u00fckler ile ek hizmet binas\u0131nda faaliyet g\u00f6steren \u015fube m\u00fcd\u00fcrl\u00fckleri, Meltem Mahallesi\u2019ndeki ana hizmet binam\u0131z\u0131n yer ald\u0131\u011f\u0131 kamp\u00fcste yap\u0131lan yeni binam\u0131za ta\u015f\u0131nm\u0131\u015ft\u0131r. Bahse konu m\u00fcd\u00fcrl\u00fckler, bundan sonra ayn\u0131 kamp\u00fcste hizmet verecektir\u201d denildi.<\/p>\n<p>Vatanda\u015flar\u0131n bundan b\u00f6yle, ilgili i\u015flemleri i\u00e7in do\u011frudan Meltem Mahallesi Dumlup\u0131nar Bulvar\u0131 adresindeki kamp\u00fcse gitmeleri gerekti\u011fi belirtildi.<\/p>\n<p>\u200bAntalya Valili\u011fi \u00c7evre, \u015eehircilik ve \u0130klim De\u011fi\u015fikli\u011fi \u0130l M\u00fcd\u00fcrl\u00fc\u011f\u00fc\u2019ne ba\u011fl\u0131 \u00e7ok say\u0131da birimlerin adres de\u011fi\u015fikli\u011fine gitti\u011fi bildirildi. Vatanda\u015flar\u0131n yapt\u0131racak olduklar\u0131 i\u015flemlerde yeni hizmet binas\u0131na gitmesi istendi.\u00a0<\/p>\n<p>\u200bHaberin Al\u0131nt\u0131land\u0131\u011f\u0131 Kaynak: www.antalyakorfez.com<\/p>","protected":false},"excerpt":{"rendered":"<p>Antalya Valili\u011fi \u00c7evre, \u015eehircilik ve \u0130klim De\u011fi\u015fikli\u011fi \u0130l M\u00fcd\u00fcrl\u00fc\u011f\u00fc\u2019nden yap\u0131lan a\u00e7\u0131klamada, Milli Emlak Daire Ba\u015fkanl\u0131\u011f\u0131 ile birlikte hizmet veren m\u00fcd\u00fcrl\u00fckler ile ek hizmet binas\u0131nda faaliyet g\u00f6steren \u015fube m\u00fcd\u00fcrl\u00fcklerinin, Meltem Mahallesi\u2019nde yer alan kamp\u00fcs alan\u0131nda yeni yap\u0131lan hizmet binas\u0131na ta\u015f\u0131nd\u0131\u011f\u0131 belirtildi. M\u00dcD\u00dcRL\u00dcKLER YEN\u0130 H\u0130ZMET B\u0130NALARINA TA\u015eINDI Kamuoyuna duyurulan de\u011fi\u015fikli\u011fe g\u00f6re, bug\u00fcne dek Defterdarl\u0131k ve Vergi Dairesi Ba\u015fkanl\u0131\u011f\u0131 ile ayn\u0131 binada hizmet veren Do\u011fu Antalya, Bat\u0131 Antalya, Toros, Falez ve Aspendos Emlak M\u00fcd\u00fcrl\u00fckleri, yeni kamp\u00fcs alan\u0131na ta\u015f\u0131nd\u0131. Ayn\u0131 \u015fekilde, K\u0131z\u0131ltoprak Mahallesi\u2019ndeki ek hizmet binas\u0131nda faaliyet g\u00f6steren Yap\u0131m \u015eube M\u00fcd\u00fcrl\u00fc\u011f\u00fc, Kooperatifler \u015eube M\u00fcd\u00fcrl\u00fc\u011f\u00fc, Afet Koordinasyon ve \u0130sk\u00e2n \u015eube M\u00fcd\u00fcrl\u00fc\u011f\u00fc ile Proje \u015eube M\u00fcd\u00fcrl\u00fc\u011f\u00fc de art\u0131k yeni binada hizmet verecek. B\u0130R\u0130MLER TEK \u00c7ATI ALTINDA TOPLANDI Antalya K\u00f6rfez Gazetesi muhabiri Ertu\u011frul G\u00fcn&#8217;\u00fcn haberine g\u00f6re, s\u00f6z konusu ta\u015f\u0131nma i\u015flemleri, Meltem Mahallesi Dumlup\u0131nar Bulvar\u0131 adresinde yer alan \u00c7evre, \u015eehircilik ve \u0130klim De\u011fi\u015fikli\u011fi \u0130l M\u00fcd\u00fcrl\u00fc\u011f\u00fc kamp\u00fcs\u00fc i\u00e7erisinde in\u015fa edilen yeni hizmet binas\u0131nda tamamland\u0131. B\u00f6ylece da\u011f\u0131n\u0131k konumda \u00e7al\u0131\u015fan birimler tek \u00e7at\u0131 alt\u0131nda toplanm\u0131\u015f oldu. \u0130l M\u00fcd\u00fcrl\u00fc\u011f\u00fc yetkilileri, ta\u015f\u0131nma s\u00fcreciyle birlikte hem personel hem de vatanda\u015f a\u00e7\u0131s\u0131ndan daha h\u0131zl\u0131 ve koordineli bir hizmet sunmay\u0131 hedeflediklerini belirtti. &#8220;M\u00dcD\u00dcRL\u00dcKLER, AYNI KAMP\u00dcSTE H\u0130ZMET VERECEK&#8221; Yap\u0131lan a\u00e7\u0131klamada, \u201c\u0130limiz \u00c7evre, \u015eehircilik ve \u0130klim De\u011fi\u015fikli\u011fi \u0130l M\u00fcd\u00fcrl\u00fc\u011f\u00fc-Milli Emlak Daire Ba\u015fkanl\u0131\u011f\u0131 ile ayn\u0131 binada hizmet veren m\u00fcd\u00fcrl\u00fckler &hellip;<\/p>","protected":false},"author":5,"featured_media":0,"comment_status":"","ping_status":"open","sticky":false,"template":"","format":"standard","meta":{"_acf_changed":false,"footnotes":""},"categories":[24],"tags":[],"class_list":["post-149752","post","type-post","status-publish","format-standard","has-post-thumbnail","hentry","category-gundem"],"acf":[],"yoast_head":"<!-- This site is optimized with the Yoast SEO Premium plugin v26.6 (Yoast SEO v27.1.1) - https:\/\/yoast.com\/product\/yoast-seo-premium-wordpress\/ -->\n<title>Antalya\u2019da vatanda\u015flar\u0131 yak\u0131ndan ilgilendiren duyuru: Devlet dairelerinin yeri de\u011fi\u015fti! - Av. Deniz Can K\u0131z\u0131l<\/title>\n<meta name=\"robots\" content=\"index, follow, max-snippet:-1, max-image-preview:large, max-video-preview:-1\" \/>\n<link rel=\"canonical\" href=\"https:\/\/denizcankizil.tr\/de\/haberler\/gundem\/antalyada-vatandaslari-yakindan-ilgilendiren-duyuru-devlet-dairelerinin-yeri-degisti\/\" \/>\n<meta property=\"og:locale\" content=\"de_DE\" \/>\n<meta property=\"og:type\" content=\"article\" \/>\n<meta property=\"og:title\" content=\"Antalya\u2019da vatanda\u015flar\u0131 yak\u0131ndan ilgilendiren duyuru: Devlet dairelerinin yeri de\u011fi\u015fti!\" \/>\n<meta property=\"og:description\" content=\"Antalya Valili\u011fi \u00c7evre, \u015eehircilik ve \u0130klim De\u011fi\u015fikli\u011fi \u0130l M\u00fcd\u00fcrl\u00fc\u011f\u00fc\u2019nden yap\u0131lan a\u00e7\u0131klamada, Milli Emlak Daire Ba\u015fkanl\u0131\u011f\u0131 ile birlikte hizmet veren m\u00fcd\u00fcrl\u00fckler ile ek hizmet binas\u0131nda faaliyet g\u00f6steren \u015fube m\u00fcd\u00fcrl\u00fcklerinin, Meltem Mahallesi\u2019nde yer alan kamp\u00fcs alan\u0131nda yeni yap\u0131lan hizmet binas\u0131na ta\u015f\u0131nd\u0131\u011f\u0131 belirtildi. M\u00dcD\u00dcRL\u00dcKLER YEN\u0130 H\u0130ZMET B\u0130NALARINA TA\u015eINDI Kamuoyuna duyurulan de\u011fi\u015fikli\u011fe g\u00f6re, bug\u00fcne dek Defterdarl\u0131k ve Vergi Dairesi Ba\u015fkanl\u0131\u011f\u0131 ile ayn\u0131 binada hizmet veren Do\u011fu Antalya, Bat\u0131 Antalya, Toros, Falez ve Aspendos Emlak M\u00fcd\u00fcrl\u00fckleri, yeni kamp\u00fcs alan\u0131na ta\u015f\u0131nd\u0131. Ayn\u0131 \u015fekilde, K\u0131z\u0131ltoprak Mahallesi\u2019ndeki ek hizmet binas\u0131nda faaliyet g\u00f6steren Yap\u0131m \u015eube M\u00fcd\u00fcrl\u00fc\u011f\u00fc, Kooperatifler \u015eube M\u00fcd\u00fcrl\u00fc\u011f\u00fc, Afet Koordinasyon ve \u0130sk\u00e2n \u015eube M\u00fcd\u00fcrl\u00fc\u011f\u00fc ile Proje \u015eube M\u00fcd\u00fcrl\u00fc\u011f\u00fc de art\u0131k yeni binada hizmet verecek. B\u0130R\u0130MLER TEK \u00c7ATI ALTINDA TOPLANDI Antalya K\u00f6rfez Gazetesi muhabiri Ertu\u011frul G\u00fcn&#8217;\u00fcn haberine g\u00f6re, s\u00f6z konusu ta\u015f\u0131nma i\u015flemleri, Meltem Mahallesi Dumlup\u0131nar Bulvar\u0131 adresinde yer alan \u00c7evre, \u015eehircilik ve \u0130klim De\u011fi\u015fikli\u011fi \u0130l M\u00fcd\u00fcrl\u00fc\u011f\u00fc kamp\u00fcs\u00fc i\u00e7erisinde in\u015fa edilen yeni hizmet binas\u0131nda tamamland\u0131. B\u00f6ylece da\u011f\u0131n\u0131k konumda \u00e7al\u0131\u015fan birimler tek \u00e7at\u0131 alt\u0131nda toplanm\u0131\u015f oldu. \u0130l M\u00fcd\u00fcrl\u00fc\u011f\u00fc yetkilileri, ta\u015f\u0131nma s\u00fcreciyle birlikte hem personel hem de vatanda\u015f a\u00e7\u0131s\u0131ndan daha h\u0131zl\u0131 ve koordineli bir hizmet sunmay\u0131 hedeflediklerini belirtti. &#8220;M\u00dcD\u00dcRL\u00dcKLER, AYNI KAMP\u00dcSTE H\u0130ZMET VERECEK&#8221; Yap\u0131lan a\u00e7\u0131klamada, \u201c\u0130limiz \u00c7evre, \u015eehircilik ve \u0130klim De\u011fi\u015fikli\u011fi \u0130l M\u00fcd\u00fcrl\u00fc\u011f\u00fc-Milli Emlak Daire Ba\u015fkanl\u0131\u011f\u0131 ile ayn\u0131 binada hizmet veren m\u00fcd\u00fcrl\u00fckler &hellip;\" \/>\n<meta property=\"og:url\" content=\"https:\/\/denizcankizil.tr\/de\/haberler\/gundem\/antalyada-vatandaslari-yakindan-ilgilendiren-duyuru-devlet-dairelerinin-yeri-degisti\/\" \/>\n<meta property=\"og:site_name\" content=\"Av. Deniz Can K\u0131z\u0131l\" \/>\n<meta property=\"article:published_time\" content=\"2025-07-18T09:41:34+00:00\" \/>\n<meta name=\"author\" content=\"Antalya K\u00f6rfez\" \/>\n<meta name=\"twitter:card\" content=\"summary_large_image\" \/>\n<meta name=\"twitter:label1\" content=\"Verfasst von\" \/>\n\t<meta name=\"twitter:data1\" content=\"Antalya K\u00f6rfez\" \/>\n\t<meta name=\"twitter:label2\" content=\"Gesch\u00e4tzte Lesezeit\" \/>\n\t<meta name=\"twitter:data2\" content=\"2\u00a0Minuten\" \/>\n<script type=\"application\/ld+json\" class=\"yoast-schema-graph\">{\"@context\":\"https:\/\/schema.org\",\"@graph\":[{\"@type\":\"Article\",\"@id\":\"https:\/\/denizcankizil.tr\/de\/haberler\/gundem\/antalyada-vatandaslari-yakindan-ilgilendiren-duyuru-devlet-dairelerinin-yeri-degisti\/#article\",\"isPartOf\":{\"@id\":\"https:\/\/denizcankizil.tr\/de\/haberler\/gundem\/antalyada-vatandaslari-yakindan-ilgilendiren-duyuru-devlet-dairelerinin-yeri-degisti\/\"},\"author\":{\"name\":\"Antalya K\u00f6rfez\",\"@id\":\"https:\/\/denizcankizil.tr\/#\/schema\/person\/e1eb71bb4dd684d46563f0af307e1234\"},\"headline\":\"Antalya\u2019da vatanda\u015flar\u0131 yak\u0131ndan ilgilendiren duyuru: Devlet dairelerinin yeri de\u011fi\u015fti!\",\"datePublished\":\"2025-07-18T09:41:34+00:00\",\"mainEntityOfPage\":{\"@id\":\"https:\/\/denizcankizil.tr\/de\/haberler\/gundem\/antalyada-vatandaslari-yakindan-ilgilendiren-duyuru-devlet-dairelerinin-yeri-degisti\/\"},\"wordCount\":448,\"publisher\":{\"@id\":\"https:\/\/denizcankizil.tr\/#organization\"},\"articleSection\":[\"G\u00fcndem\"],\"inLanguage\":\"de\"},{\"@type\":\"WebPage\",\"@id\":\"https:\/\/denizcankizil.tr\/de\/haberler\/gundem\/antalyada-vatandaslari-yakindan-ilgilendiren-duyuru-devlet-dairelerinin-yeri-degisti\/\",\"url\":\"https:\/\/denizcankizil.tr\/de\/haberler\/gundem\/antalyada-vatandaslari-yakindan-ilgilendiren-duyuru-devlet-dairelerinin-yeri-degisti\/\",\"name\":\"Antalya\u2019da vatanda\u015flar\u0131 yak\u0131ndan ilgilendiren duyuru: Devlet dairelerinin yeri de\u011fi\u015fti! - Av. Deniz Can K\u0131z\u0131l\",\"isPartOf\":{\"@id\":\"https:\/\/denizcankizil.tr\/#website\"},\"datePublished\":\"2025-07-18T09:41:34+00:00\",\"breadcrumb\":{\"@id\":\"https:\/\/denizcankizil.tr\/de\/haberler\/gundem\/antalyada-vatandaslari-yakindan-ilgilendiren-duyuru-devlet-dairelerinin-yeri-degisti\/#breadcrumb\"},\"inLanguage\":\"de\",\"potentialAction\":[{\"@type\":\"ReadAction\",\"target\":[\"https:\/\/denizcankizil.tr\/de\/haberler\/gundem\/antalyada-vatandaslari-yakindan-ilgilendiren-duyuru-devlet-dairelerinin-yeri-degisti\/\"]}]},{\"@type\":\"BreadcrumbList\",\"@id\":\"https:\/\/denizcankizil.tr\/de\/haberler\/gundem\/antalyada-vatandaslari-yakindan-ilgilendiren-duyuru-devlet-dairelerinin-yeri-degisti\/#breadcrumb\",\"itemListElement\":[{\"@type\":\"ListItem\",\"position\":1,\"name\":\"Home\",\"item\":\"https:\/\/denizcankizil.tr\/uk\/\"},{\"@type\":\"ListItem\",\"position\":2,\"name\":\"Antalya\u2019da vatanda\u015flar\u0131 yak\u0131ndan ilgilendiren duyuru: Devlet dairelerinin yeri de\u011fi\u015fti!\"}]},{\"@type\":\"WebSite\",\"@id\":\"https:\/\/denizcankizil.tr\/#website\",\"url\":\"https:\/\/denizcankizil.tr\/\",\"name\":\"Av. Deniz Can K\u0131z\u0131l\",\"description\":\"Avukat Deniz Can K\u0131z\u0131l Antalya Barosu\",\"publisher\":{\"@id\":\"https:\/\/denizcankizil.tr\/#organization\"},\"potentialAction\":[{\"@type\":\"SearchAction\",\"target\":{\"@type\":\"EntryPoint\",\"urlTemplate\":\"https:\/\/denizcankizil.tr\/?s={search_term_string}\"},\"query-input\":{\"@type\":\"PropertyValueSpecification\",\"valueRequired\":true,\"valueName\":\"search_term_string\"}}],\"inLanguage\":\"de\"},{\"@type\":\"Organization\",\"@id\":\"https:\/\/denizcankizil.tr\/#organization\",\"name\":\"Av. Deniz Can K\u0131z\u0131l\",\"url\":\"https:\/\/denizcankizil.tr\/\",\"logo\":{\"@type\":\"ImageObject\",\"inLanguage\":\"de\",\"@id\":\"https:\/\/denizcankizil.tr\/#\/schema\/logo\/image\/\",\"url\":\"https:\/\/denizcankizil.tr\/wp-content\/uploads\/2024\/10\/siyah-logo-svg.svg\",\"contentUrl\":\"https:\/\/denizcankizil.tr\/wp-content\/uploads\/2024\/10\/siyah-logo-svg.svg\",\"width\":1080,\"height\":1080,\"caption\":\"Av. Deniz Can K\u0131z\u0131l\"},\"image\":{\"@id\":\"https:\/\/denizcankizil.tr\/#\/schema\/logo\/image\/\"}},{\"@type\":\"Person\",\"@id\":\"https:\/\/denizcankizil.tr\/#\/schema\/person\/e1eb71bb4dd684d46563f0af307e1234\",\"name\":\"Antalya K\u00f6rfez\",\"image\":{\"@type\":\"ImageObject\",\"inLanguage\":\"de\",\"@id\":\"https:\/\/denizcankizil.tr\/#\/schema\/person\/image\/\",\"url\":\"https:\/\/secure.gravatar.com\/avatar\/42b01982558a48a0b501fdcab6a408d3717ea5919095ee2e67b0e521799c5905?s=96&d=mm&r=g\",\"contentUrl\":\"https:\/\/secure.gravatar.com\/avatar\/42b01982558a48a0b501fdcab6a408d3717ea5919095ee2e67b0e521799c5905?s=96&d=mm&r=g\",\"caption\":\"Antalya K\u00f6rfez\"},\"sameAs\":[\"http:\/\/www.antalyakorfez.com\"],\"url\":\"https:\/\/www.antalyakorfez.com\/antalyada-vatandaslari-yakindan-ilgilendiren-duyuru-devlet-dairelerinin-yeri-degisti\"}]}<\/script>\n<!-- \/ Yoast SEO Premium plugin. -->","yoast_head_json":{"title":"Antalya\u2019da vatanda\u015flar\u0131 yak\u0131ndan ilgilendiren duyuru: Devlet dairelerinin yeri de\u011fi\u015fti! - Av. Deniz Can K\u0131z\u0131l","robots":{"index":"index","follow":"follow","max-snippet":"max-snippet:-1","max-image-preview":"max-image-preview:large","max-video-preview":"max-video-preview:-1"},"canonical":"https:\/\/denizcankizil.tr\/de\/haberler\/gundem\/antalyada-vatandaslari-yakindan-ilgilendiren-duyuru-devlet-dairelerinin-yeri-degisti\/","og_locale":"de_DE","og_type":"article","og_title":"Antalya\u2019da vatanda\u015flar\u0131 yak\u0131ndan ilgilendiren duyuru: Devlet dairelerinin yeri de\u011fi\u015fti!","og_description":"Antalya Valili\u011fi \u00c7evre, \u015eehircilik ve \u0130klim De\u011fi\u015fikli\u011fi \u0130l M\u00fcd\u00fcrl\u00fc\u011f\u00fc\u2019nden yap\u0131lan a\u00e7\u0131klamada, Milli Emlak Daire Ba\u015fkanl\u0131\u011f\u0131 ile birlikte hizmet veren m\u00fcd\u00fcrl\u00fckler ile ek hizmet binas\u0131nda faaliyet g\u00f6steren \u015fube m\u00fcd\u00fcrl\u00fcklerinin, Meltem Mahallesi\u2019nde yer alan kamp\u00fcs alan\u0131nda yeni yap\u0131lan hizmet binas\u0131na ta\u015f\u0131nd\u0131\u011f\u0131 belirtildi. M\u00dcD\u00dcRL\u00dcKLER YEN\u0130 H\u0130ZMET B\u0130NALARINA TA\u015eINDI Kamuoyuna duyurulan de\u011fi\u015fikli\u011fe g\u00f6re, bug\u00fcne dek Defterdarl\u0131k ve Vergi Dairesi Ba\u015fkanl\u0131\u011f\u0131 ile ayn\u0131 binada hizmet veren Do\u011fu Antalya, Bat\u0131 Antalya, Toros, Falez ve Aspendos Emlak M\u00fcd\u00fcrl\u00fckleri, yeni kamp\u00fcs alan\u0131na ta\u015f\u0131nd\u0131. Ayn\u0131 \u015fekilde, K\u0131z\u0131ltoprak Mahallesi\u2019ndeki ek hizmet binas\u0131nda faaliyet g\u00f6steren Yap\u0131m \u015eube M\u00fcd\u00fcrl\u00fc\u011f\u00fc, Kooperatifler \u015eube M\u00fcd\u00fcrl\u00fc\u011f\u00fc, Afet Koordinasyon ve \u0130sk\u00e2n \u015eube M\u00fcd\u00fcrl\u00fc\u011f\u00fc ile Proje \u015eube M\u00fcd\u00fcrl\u00fc\u011f\u00fc de art\u0131k yeni binada hizmet verecek. B\u0130R\u0130MLER TEK \u00c7ATI ALTINDA TOPLANDI Antalya K\u00f6rfez Gazetesi muhabiri Ertu\u011frul G\u00fcn&#8217;\u00fcn haberine g\u00f6re, s\u00f6z konusu ta\u015f\u0131nma i\u015flemleri, Meltem Mahallesi Dumlup\u0131nar Bulvar\u0131 adresinde yer alan \u00c7evre, \u015eehircilik ve \u0130klim De\u011fi\u015fikli\u011fi \u0130l M\u00fcd\u00fcrl\u00fc\u011f\u00fc kamp\u00fcs\u00fc i\u00e7erisinde in\u015fa edilen yeni hizmet binas\u0131nda tamamland\u0131. B\u00f6ylece da\u011f\u0131n\u0131k konumda \u00e7al\u0131\u015fan birimler tek \u00e7at\u0131 alt\u0131nda toplanm\u0131\u015f oldu. \u0130l M\u00fcd\u00fcrl\u00fc\u011f\u00fc yetkilileri, ta\u015f\u0131nma s\u00fcreciyle birlikte hem personel hem de vatanda\u015f a\u00e7\u0131s\u0131ndan daha h\u0131zl\u0131 ve koordineli bir hizmet sunmay\u0131 hedeflediklerini belirtti. &#8220;M\u00dcD\u00dcRL\u00dcKLER, AYNI KAMP\u00dcSTE H\u0130ZMET VERECEK&#8221; Yap\u0131lan a\u00e7\u0131klamada, \u201c\u0130limiz \u00c7evre, \u015eehircilik ve \u0130klim De\u011fi\u015fikli\u011fi \u0130l M\u00fcd\u00fcrl\u00fc\u011f\u00fc-Milli Emlak Daire Ba\u015fkanl\u0131\u011f\u0131 ile ayn\u0131 binada hizmet veren m\u00fcd\u00fcrl\u00fckler &hellip;","og_url":"https:\/\/denizcankizil.tr\/de\/haberler\/gundem\/antalyada-vatandaslari-yakindan-ilgilendiren-duyuru-devlet-dairelerinin-yeri-degisti\/","og_site_name":"Av. Deniz Can K\u0131z\u0131l","article_published_time":"2025-07-18T09:41:34+00:00","author":"Antalya K\u00f6rfez","twitter_card":"summary_large_image","twitter_misc":{"Verfasst von":"Antalya K\u00f6rfez","Gesch\u00e4tzte Lesezeit":"2\u00a0Minuten"},"schema":{"@context":"https:\/\/schema.org","@graph":[{"@type":"Article","@id":"https:\/\/denizcankizil.tr\/de\/haberler\/gundem\/antalyada-vatandaslari-yakindan-ilgilendiren-duyuru-devlet-dairelerinin-yeri-degisti\/#article","isPartOf":{"@id":"https:\/\/denizcankizil.tr\/de\/haberler\/gundem\/antalyada-vatandaslari-yakindan-ilgilendiren-duyuru-devlet-dairelerinin-yeri-degisti\/"},"author":{"name":"Antalya K\u00f6rfez","@id":"https:\/\/denizcankizil.tr\/#\/schema\/person\/e1eb71bb4dd684d46563f0af307e1234"},"headline":"Antalya\u2019da vatanda\u015flar\u0131 yak\u0131ndan ilgilendiren duyuru: Devlet dairelerinin yeri de\u011fi\u015fti!","datePublished":"2025-07-18T09:41:34+00:00","mainEntityOfPage":{"@id":"https:\/\/denizcankizil.tr\/de\/haberler\/gundem\/antalyada-vatandaslari-yakindan-ilgilendiren-duyuru-devlet-dairelerinin-yeri-degisti\/"},"wordCount":448,"publisher":{"@id":"https:\/\/denizcankizil.tr\/#organization"},"articleSection":["G\u00fcndem"],"inLanguage":"de"},{"@type":"WebPage","@id":"https:\/\/denizcankizil.tr\/de\/haberler\/gundem\/antalyada-vatandaslari-yakindan-ilgilendiren-duyuru-devlet-dairelerinin-yeri-degisti\/","url":"https:\/\/denizcankizil.tr\/de\/haberler\/gundem\/antalyada-vatandaslari-yakindan-ilgilendiren-duyuru-devlet-dairelerinin-yeri-degisti\/","name":"Antalya\u2019da vatanda\u015flar\u0131 yak\u0131ndan ilgilendiren duyuru: Devlet dairelerinin yeri de\u011fi\u015fti! - Av. Deniz Can K\u0131z\u0131l","isPartOf":{"@id":"https:\/\/denizcankizil.tr\/#website"},"datePublished":"2025-07-18T09:41:34+00:00","breadcrumb":{"@id":"https:\/\/denizcankizil.tr\/de\/haberler\/gundem\/antalyada-vatandaslari-yakindan-ilgilendiren-duyuru-devlet-dairelerinin-yeri-degisti\/#breadcrumb"},"inLanguage":"de","potentialAction":[{"@type":"ReadAction","target":["https:\/\/denizcankizil.tr\/de\/haberler\/gundem\/antalyada-vatandaslari-yakindan-ilgilendiren-duyuru-devlet-dairelerinin-yeri-degisti\/"]}]},{"@type":"BreadcrumbList","@id":"https:\/\/denizcankizil.tr\/de\/haberler\/gundem\/antalyada-vatandaslari-yakindan-ilgilendiren-duyuru-devlet-dairelerinin-yeri-degisti\/#breadcrumb","itemListElement":[{"@type":"ListItem","position":1,"name":"Home","item":"https:\/\/denizcankizil.tr\/uk\/"},{"@type":"ListItem","position":2,"name":"Antalya\u2019da vatanda\u015flar\u0131 yak\u0131ndan ilgilendiren duyuru: Devlet dairelerinin yeri de\u011fi\u015fti!"}]},{"@type":"WebSite","@id":"https:\/\/denizcankizil.tr\/#website","url":"https:\/\/denizcankizil.tr\/","name":"Av. Deniz Can K\u0131z\u0131l","description":"Avukat Deniz Can K\u0131z\u0131l Antalya Barosu","publisher":{"@id":"https:\/\/denizcankizil.tr\/#organization"},"potentialAction":[{"@type":"SearchAction","target":{"@type":"EntryPoint","urlTemplate":"https:\/\/denizcankizil.tr\/?s={search_term_string}"},"query-input":{"@type":"PropertyValueSpecification","valueRequired":true,"valueName":"search_term_string"}}],"inLanguage":"de"},{"@type":"Organization","@id":"https:\/\/denizcankizil.tr\/#organization","name":"Av. Deniz Can K\u0131z\u0131l","url":"https:\/\/denizcankizil.tr\/","logo":{"@type":"ImageObject","inLanguage":"de","@id":"https:\/\/denizcankizil.tr\/#\/schema\/logo\/image\/","url":"https:\/\/denizcankizil.tr\/wp-content\/uploads\/2024\/10\/siyah-logo-svg.svg","contentUrl":"https:\/\/denizcankizil.tr\/wp-content\/uploads\/2024\/10\/siyah-logo-svg.svg","width":1080,"height":1080,"caption":"Av. Deniz Can K\u0131z\u0131l"},"image":{"@id":"https:\/\/denizcankizil.tr\/#\/schema\/logo\/image\/"}},{"@type":"Person","@id":"https:\/\/denizcankizil.tr\/#\/schema\/person\/e1eb71bb4dd684d46563f0af307e1234","name":"Antalya K\u00f6rfez","image":{"@type":"ImageObject","inLanguage":"de","@id":"https:\/\/denizcankizil.tr\/#\/schema\/person\/image\/","url":"https:\/\/secure.gravatar.com\/avatar\/42b01982558a48a0b501fdcab6a408d3717ea5919095ee2e67b0e521799c5905?s=96&d=mm&r=g","contentUrl":"https:\/\/secure.gravatar.com\/avatar\/42b01982558a48a0b501fdcab6a408d3717ea5919095ee2e67b0e521799c5905?s=96&d=mm&r=g","caption":"Antalya K\u00f6rfez"},"sameAs":["http:\/\/www.antalyakorfez.com"],"url":"https:\/\/www.antalyakorfez.com\/antalyada-vatandaslari-yakindan-ilgilendiren-duyuru-devlet-dairelerinin-yeri-degisti"}]}},"_links":{"self":[{"href":"https:\/\/denizcankizil.tr\/de\/wp-json\/wp\/v2\/posts\/149752","targetHints":{"allow":["GET"]}}],"collection":[{"href":"https:\/\/denizcankizil.tr\/de\/wp-json\/wp\/v2\/posts"}],"about":[{"href":"https:\/\/denizcankizil.tr\/de\/wp-json\/wp\/v2\/types\/post"}],"author":[{"embeddable":true,"href":"https:\/\/denizcankizil.tr\/de\/wp-json\/wp\/v2\/users\/5"}],"replies":[{"embeddable":true,"href":"https:\/\/denizcankizil.tr\/de\/wp-json\/wp\/v2\/comments?post=149752"}],"version-history":[{"count":0,"href":"https:\/\/denizcankizil.tr\/de\/wp-json\/wp\/v2\/posts\/149752\/revisions"}],"wp:attachment":[{"href":"https:\/\/denizcankizil.tr\/de\/wp-json\/wp\/v2\/media?parent=149752"}],"wp:term":[{"taxonomy":"category","embeddable":true,"href":"https:\/\/denizcankizil.tr\/de\/wp-json\/wp\/v2\/categories?post=149752"},{"taxonomy":"post_tag","embeddable":true,"href":"https:\/\/denizcankizil.tr\/de\/wp-json\/wp\/v2\/tags?post=149752"}],"curies":[{"name":"wp","href":"https:\/\/api.w.org\/{rel}","templated":true}]}}