{"id":149669,"date":"2025-07-18T10:41:22","date_gmt":"2025-07-18T07:41:22","guid":{"rendered":"https:\/\/denizcankizil.tr\/uncategorized-tr\/antalya-muzesi-projesinde-uzmandan-dikkat-ceken-deprem-aciklamasi\/"},"modified":"2025-07-18T10:41:22","modified_gmt":"2025-07-18T07:41:22","slug":"antalya-muzesi-projesinde-uzmandan-dikkat-ceken-deprem-aciklamasi","status":"publish","type":"post","link":"https:\/\/denizcankizil.tr\/de\/haberler\/gundem\/antalya-muzesi-projesinde-uzmandan-dikkat-ceken-deprem-aciklamasi\/","title":{"rendered":"Antalya M\u00fczesi Projesi&#8217;nde uzmandan dikkat \u00e7eken &#8216;deprem&#8217; a\u00e7\u0131klamas\u0131"},"content":{"rendered":"<p>K\u00fclt\u00fcr Varl\u0131klar\u0131 ve M\u00fczeler Genel M\u00fcd\u00fcr\u00fc Birol \u0130ncecik\u00f6z, Antalya M\u00fczesi&#8217;nin konferans salonunda ger\u00e7ekle\u015ftirilen toplant\u0131da, m\u00fcze binas\u0131n\u0131n 2020&#8217;de yap\u0131lan incelemelerde riskli \u00e7\u0131kt\u0131\u011f\u0131n\u0131 dile getirmi\u015fti. \u0130ncecik\u00f6z\u2019\u00fcn Mart ay\u0131nda d\u00fczenledi\u011fi toplant\u0131ya \u00e7ok say\u0131da akademik meslek \u00f6rg\u00fct\u00fcn\u00fcn davet edilmedi\u011fini a\u00e7\u0131klayan Akdeniz \u00dcniversitesi M\u00fchendislik Fak\u00fcltesi \u00f6\u011fretim \u00fcyesi Prof. Dr. Nihat Dipova, Antalya M\u00fczesi\u2019yle ilgili bilgi kirlili\u011finin devam etti\u011fini a\u00e7\u0131klad\u0131.<\/p>\n<p>BAKANLI\u011eIN TOPLANTISINA DAVET ED\u0130LMED\u0130K!<\/p>\n<p>Akdeniz \u00dcniversitesi M\u00fchendislik Fak\u00fcltesi \u00f6\u011fretim \u00fcyesi Prof. Dr. Nihat Dipova, Antalya M\u00fczesiyle ilgili d\u00fczenlenen lamsman toplant\u0131s\u0131na akademik meslek \u00f6rg\u00fctlerinin \u00f6nemli oranda davet edilmedi\u011fini ifade etti. Dipova, \u201cLansman toplant\u0131s\u0131ndan benim de haberim yoktu. Daha sonra Kent Konseyi\u2019nde bir lansman daha yap\u0131ld\u0131. Bu bina depreme dayan\u0131ks\u0131z ifadesini orada duydum. \u2018Deprem performans analizini g\u00f6rmek istiyoruz\u2019 dedik. Hatta zeminde de problem varm\u0131\u015f gibi ifadeler kullan\u0131ld\u0131. Ben zemin mekani\u011fi hocas\u0131y\u0131m. Antalya\u2019n\u0131n zeminini de iyi bilirim. Bilgi eksikli\u011fi ve bilgi beklerken ge\u00e7irdi\u011fimiz zaman nedeniyle zaman\u0131n h\u0131zl\u0131 ge\u00e7ti\u011fini d\u00fc\u015f\u00fcnebilirsiniz ama zaman ge\u00e7mi\u015f de\u011fil. Binan\u0131n tahliye edilece\u011fini ise, kat\u0131ld\u0131\u011f\u0131m bir \u00e7al\u0131\u015ftay aras\u0131nda \u00e7ay i\u00e7erken yandaki masada memurlar\u0131n konu\u015fmas\u0131ndan \u00f6\u011frendim ve personelden bilgi ald\u0131m. Personelin masas\u0131n\u0131 bo\u015faltmaya ba\u015flad\u0131\u011f\u0131n\u0131 ancak bu \u015fekilde \u00f6\u011frendik. S\u00fcre\u00e7 \u00e7ok h\u0131zl\u0131 ve gizli \u015fekilde y\u00fcr\u00fct\u00fcl\u00fcyor. Kap\u0131 kilitlenmi\u015f olabilir ama kap\u0131lar tekrar a\u00e7\u0131labilir. Antalya\u2019da bu konuda hi\u00e7bir haberi olmayan \u00e7ok fazla insan var. Antalya halk\u0131 m\u00fczeye sahip \u00e7\u0131kmaya ba\u015flad\u0131\u201d \u015feklinde konu\u015ftu.<\/p>\n<p>O B\u0130NANIN DEPREM R\u0130SKL\u0130 OLDU\u011eUNU K\u0130MSE \u0130DD\u0130A EDEMEZ<\/p>\n<p>Dipova a\u00e7\u0131klamalar\u0131n\u0131 daha sonra \u015fu \u015fekilde s\u00fcrd\u00fcrd\u00fc: \u201c\u015eu an m\u00fczeye giderseniz orada i\u00e7eriye giremeyen turistleri g\u00f6receksiniz. Y\u0131lda 200 binin \u00fczerinde ziyaret\u00e7isi olan T\u00fcrkiye\u2019nin en \u00f6nemli m\u00fczelerinden birinden bahsediyoruz. Bina eskiyse ve ba\u015fka bir sebepten dolay\u0131 y\u0131k\u0131lmas\u0131 isteniyorsa \u2018depreme dayan\u0131ks\u0131zd\u0131r\u2019 denilerek ad\u0131 konuyor. T\u00fcrkiye\u2019nin deprem tehlikesi b\u00fcy\u00fck b\u00f6lgeleri var. Orada bir \u00e7al\u0131\u015fma yap\u0131lmazken deprem riski daha az yerlerde bu \u00e7al\u0131\u015fmalar\u0131n yap\u0131ld\u0131\u011f\u0131n\u0131 g\u00f6r\u00fcyoruz. Antalya\u2019n\u0131n b\u00fcy\u00fck bir deprem tehlikesi yoktur. Antalya ilinin Demre, Ka\u015f gibi tehlikeli yerleri vard\u0131r ama buralarda di\u015fe dokunur bir tedbir al\u0131nmazken Antalya\u2019da ise emsal art\u0131\u015flar\u0131 ile y\u0131kal\u0131m yeniden yapal\u0131m seferberli\u011fine giriliyor. Burada hala bir alg\u0131 devam ediyor. 2021 y\u0131l\u0131ndan beri buras\u0131 deprem riski alt\u0131nda m\u0131? Elimizde hala, binan\u0131n deprem riski oldu\u011funu g\u00f6steren bir analiz raporu yok. \u015eu an kimse o binan\u0131n deprem riskli oldu\u011funu iddia edemez. Resmi bir bilgi de\u011fil. Whatsapp gruplar\u0131nda d\u00f6nen konu\u015fmalar. B\u00f6yle olmamas\u0131 gerekiyor. Deprem analiziyle ilgili \u2018Yapt\u0131rsak da farkl\u0131 bir \u015fey \u00e7\u0131kmayacak\u2019 gibi bir cevap g\u00f6r\u00fcl\u00fcyor\u201d dedi.<\/p>\n<p>\u200bAntalya M\u00fczesi\u2019nin \u2018depreme dayan\u0131ks\u0131z\u2019 iddias\u0131yla y\u0131k\u0131m karar\u0131n\u0131n ard\u0131ndan Akdeniz \u00dcniversitesi M\u00fchendislik Fak\u00fcltesi \u00f6\u011fretim \u00fcyesi Prof. Dr. Nihat Dipova \u00f6nemli a\u00e7\u0131klamalarda bulundu. Antalya&#8217;da b\u00fcy\u00fck bir deprem tehlikesi olmad\u0131\u011f\u0131n\u0131 s\u00f6yleyen Dipova, &#8220;Demre, Ka\u015f gibi tehlikeli yerleri vard\u0131r ama buralarda di\u015fe dokunur bir tedbir al\u0131nmazken Antalya\u2019da m\u00fcze ba\u015fta olmak \u00fczere emsal art\u0131\u015flar\u0131 ile &#8216;y\u0131kal\u0131m yeniden yapal\u0131m&#8217; seferberli\u011fine giriliyor\u201d dedi.\u00a0<\/p>\n<p>\u200bHaberin Al\u0131nt\u0131land\u0131\u011f\u0131 Kaynak: www.antalyakorfez.com<\/p>","protected":false},"excerpt":{"rendered":"<p>K\u00fclt\u00fcr Varl\u0131klar\u0131 ve M\u00fczeler Genel M\u00fcd\u00fcr\u00fc Birol \u0130ncecik\u00f6z, Antalya M\u00fczesi&#8217;nin konferans salonunda ger\u00e7ekle\u015ftirilen toplant\u0131da, m\u00fcze binas\u0131n\u0131n 2020&#8217;de yap\u0131lan incelemelerde riskli \u00e7\u0131kt\u0131\u011f\u0131n\u0131 dile getirmi\u015fti. \u0130ncecik\u00f6z\u2019\u00fcn Mart ay\u0131nda d\u00fczenledi\u011fi toplant\u0131ya \u00e7ok say\u0131da akademik meslek \u00f6rg\u00fct\u00fcn\u00fcn davet edilmedi\u011fini a\u00e7\u0131klayan Akdeniz \u00dcniversitesi M\u00fchendislik Fak\u00fcltesi \u00f6\u011fretim \u00fcyesi Prof. Dr. Nihat Dipova, Antalya M\u00fczesi\u2019yle ilgili bilgi kirlili\u011finin devam etti\u011fini a\u00e7\u0131klad\u0131. BAKANLI\u011eIN TOPLANTISINA DAVET ED\u0130LMED\u0130K! Akdeniz \u00dcniversitesi M\u00fchendislik Fak\u00fcltesi \u00f6\u011fretim \u00fcyesi Prof. Dr. Nihat Dipova, Antalya M\u00fczesiyle ilgili d\u00fczenlenen lamsman toplant\u0131s\u0131na akademik meslek \u00f6rg\u00fctlerinin \u00f6nemli oranda davet edilmedi\u011fini ifade etti. Dipova, \u201cLansman toplant\u0131s\u0131ndan benim de haberim yoktu. Daha sonra Kent Konseyi\u2019nde bir lansman daha yap\u0131ld\u0131. Bu bina depreme dayan\u0131ks\u0131z ifadesini orada duydum. \u2018Deprem performans analizini g\u00f6rmek istiyoruz\u2019 dedik. Hatta zeminde de problem varm\u0131\u015f gibi ifadeler kullan\u0131ld\u0131. Ben zemin mekani\u011fi hocas\u0131y\u0131m. Antalya\u2019n\u0131n zeminini de iyi bilirim. Bilgi eksikli\u011fi ve bilgi beklerken ge\u00e7irdi\u011fimiz zaman nedeniyle zaman\u0131n h\u0131zl\u0131 ge\u00e7ti\u011fini d\u00fc\u015f\u00fcnebilirsiniz ama zaman ge\u00e7mi\u015f de\u011fil. Binan\u0131n tahliye edilece\u011fini ise, kat\u0131ld\u0131\u011f\u0131m bir \u00e7al\u0131\u015ftay aras\u0131nda \u00e7ay i\u00e7erken yandaki masada memurlar\u0131n konu\u015fmas\u0131ndan \u00f6\u011frendim ve personelden bilgi ald\u0131m. Personelin masas\u0131n\u0131 bo\u015faltmaya ba\u015flad\u0131\u011f\u0131n\u0131 ancak bu \u015fekilde \u00f6\u011frendik. S\u00fcre\u00e7 \u00e7ok h\u0131zl\u0131 ve gizli \u015fekilde y\u00fcr\u00fct\u00fcl\u00fcyor. Kap\u0131 kilitlenmi\u015f olabilir ama kap\u0131lar tekrar a\u00e7\u0131labilir. Antalya\u2019da bu konuda hi\u00e7bir haberi olmayan \u00e7ok fazla insan var. Antalya halk\u0131 m\u00fczeye sahip \u00e7\u0131kmaya &hellip;<\/p>","protected":false},"author":5,"featured_media":0,"comment_status":"","ping_status":"open","sticky":false,"template":"","format":"standard","meta":{"_acf_changed":false,"footnotes":""},"categories":[24],"tags":[],"class_list":["post-149669","post","type-post","status-publish","format-standard","has-post-thumbnail","hentry","category-gundem"],"acf":[],"yoast_head":"<!-- This site is optimized with the Yoast SEO Premium plugin v26.6 (Yoast SEO v27.1.1) - https:\/\/yoast.com\/product\/yoast-seo-premium-wordpress\/ -->\n<title>Antalya M\u00fczesi Projesi&#039;nde uzmandan dikkat \u00e7eken &#039;deprem&#039; a\u00e7\u0131klamas\u0131 - Av. Deniz Can K\u0131z\u0131l<\/title>\n<meta name=\"robots\" content=\"index, follow, max-snippet:-1, max-image-preview:large, max-video-preview:-1\" \/>\n<link rel=\"canonical\" href=\"https:\/\/denizcankizil.tr\/de\/haberler\/gundem\/antalya-muzesi-projesinde-uzmandan-dikkat-ceken-deprem-aciklamasi\/\" \/>\n<meta property=\"og:locale\" content=\"de_DE\" \/>\n<meta property=\"og:type\" content=\"article\" \/>\n<meta property=\"og:title\" content=\"Antalya M\u00fczesi Projesi&#039;nde uzmandan dikkat \u00e7eken &#039;deprem&#039; a\u00e7\u0131klamas\u0131\" \/>\n<meta property=\"og:description\" content=\"K\u00fclt\u00fcr Varl\u0131klar\u0131 ve M\u00fczeler Genel M\u00fcd\u00fcr\u00fc Birol \u0130ncecik\u00f6z, Antalya M\u00fczesi&#8217;nin konferans salonunda ger\u00e7ekle\u015ftirilen toplant\u0131da, m\u00fcze binas\u0131n\u0131n 2020&#8217;de yap\u0131lan incelemelerde riskli \u00e7\u0131kt\u0131\u011f\u0131n\u0131 dile getirmi\u015fti. \u0130ncecik\u00f6z\u2019\u00fcn Mart ay\u0131nda d\u00fczenledi\u011fi toplant\u0131ya \u00e7ok say\u0131da akademik meslek \u00f6rg\u00fct\u00fcn\u00fcn davet edilmedi\u011fini a\u00e7\u0131klayan Akdeniz \u00dcniversitesi M\u00fchendislik Fak\u00fcltesi \u00f6\u011fretim \u00fcyesi Prof. Dr. Nihat Dipova, Antalya M\u00fczesi\u2019yle ilgili bilgi kirlili\u011finin devam etti\u011fini a\u00e7\u0131klad\u0131. BAKANLI\u011eIN TOPLANTISINA DAVET ED\u0130LMED\u0130K! Akdeniz \u00dcniversitesi M\u00fchendislik Fak\u00fcltesi \u00f6\u011fretim \u00fcyesi Prof. Dr. Nihat Dipova, Antalya M\u00fczesiyle ilgili d\u00fczenlenen lamsman toplant\u0131s\u0131na akademik meslek \u00f6rg\u00fctlerinin \u00f6nemli oranda davet edilmedi\u011fini ifade etti. Dipova, \u201cLansman toplant\u0131s\u0131ndan benim de haberim yoktu. Daha sonra Kent Konseyi\u2019nde bir lansman daha yap\u0131ld\u0131. Bu bina depreme dayan\u0131ks\u0131z ifadesini orada duydum. \u2018Deprem performans analizini g\u00f6rmek istiyoruz\u2019 dedik. Hatta zeminde de problem varm\u0131\u015f gibi ifadeler kullan\u0131ld\u0131. Ben zemin mekani\u011fi hocas\u0131y\u0131m. Antalya\u2019n\u0131n zeminini de iyi bilirim. Bilgi eksikli\u011fi ve bilgi beklerken ge\u00e7irdi\u011fimiz zaman nedeniyle zaman\u0131n h\u0131zl\u0131 ge\u00e7ti\u011fini d\u00fc\u015f\u00fcnebilirsiniz ama zaman ge\u00e7mi\u015f de\u011fil. Binan\u0131n tahliye edilece\u011fini ise, kat\u0131ld\u0131\u011f\u0131m bir \u00e7al\u0131\u015ftay aras\u0131nda \u00e7ay i\u00e7erken yandaki masada memurlar\u0131n konu\u015fmas\u0131ndan \u00f6\u011frendim ve personelden bilgi ald\u0131m. Personelin masas\u0131n\u0131 bo\u015faltmaya ba\u015flad\u0131\u011f\u0131n\u0131 ancak bu \u015fekilde \u00f6\u011frendik. S\u00fcre\u00e7 \u00e7ok h\u0131zl\u0131 ve gizli \u015fekilde y\u00fcr\u00fct\u00fcl\u00fcyor. Kap\u0131 kilitlenmi\u015f olabilir ama kap\u0131lar tekrar a\u00e7\u0131labilir. Antalya\u2019da bu konuda hi\u00e7bir haberi olmayan \u00e7ok fazla insan var. Antalya halk\u0131 m\u00fczeye sahip \u00e7\u0131kmaya &hellip;\" \/>\n<meta property=\"og:url\" content=\"https:\/\/denizcankizil.tr\/de\/haberler\/gundem\/antalya-muzesi-projesinde-uzmandan-dikkat-ceken-deprem-aciklamasi\/\" \/>\n<meta property=\"og:site_name\" content=\"Av. Deniz Can K\u0131z\u0131l\" \/>\n<meta property=\"article:published_time\" content=\"2025-07-18T07:41:22+00:00\" \/>\n<meta name=\"author\" content=\"Antalya K\u00f6rfez\" \/>\n<meta name=\"twitter:card\" content=\"summary_large_image\" \/>\n<meta name=\"twitter:label1\" content=\"Verfasst von\" \/>\n\t<meta name=\"twitter:data1\" content=\"Antalya K\u00f6rfez\" \/>\n\t<meta name=\"twitter:label2\" content=\"Gesch\u00e4tzte Lesezeit\" \/>\n\t<meta name=\"twitter:data2\" content=\"3\u00a0Minuten\" \/>\n<script type=\"application\/ld+json\" class=\"yoast-schema-graph\">{\"@context\":\"https:\/\/schema.org\",\"@graph\":[{\"@type\":\"Article\",\"@id\":\"https:\/\/denizcankizil.tr\/de\/haberler\/gundem\/antalya-muzesi-projesinde-uzmandan-dikkat-ceken-deprem-aciklamasi\/#article\",\"isPartOf\":{\"@id\":\"https:\/\/denizcankizil.tr\/de\/haberler\/gundem\/antalya-muzesi-projesinde-uzmandan-dikkat-ceken-deprem-aciklamasi\/\"},\"author\":{\"name\":\"Antalya K\u00f6rfez\",\"@id\":\"https:\/\/denizcankizil.tr\/#\/schema\/person\/e1eb71bb4dd684d46563f0af307e1234\"},\"headline\":\"Antalya M\u00fczesi Projesi&#8217;nde uzmandan dikkat \u00e7eken &#8216;deprem&#8217; a\u00e7\u0131klamas\u0131\",\"datePublished\":\"2025-07-18T07:41:22+00:00\",\"mainEntityOfPage\":{\"@id\":\"https:\/\/denizcankizil.tr\/de\/haberler\/gundem\/antalya-muzesi-projesinde-uzmandan-dikkat-ceken-deprem-aciklamasi\/\"},\"wordCount\":630,\"publisher\":{\"@id\":\"https:\/\/denizcankizil.tr\/#organization\"},\"articleSection\":[\"G\u00fcndem\"],\"inLanguage\":\"de\"},{\"@type\":\"WebPage\",\"@id\":\"https:\/\/denizcankizil.tr\/de\/haberler\/gundem\/antalya-muzesi-projesinde-uzmandan-dikkat-ceken-deprem-aciklamasi\/\",\"url\":\"https:\/\/denizcankizil.tr\/de\/haberler\/gundem\/antalya-muzesi-projesinde-uzmandan-dikkat-ceken-deprem-aciklamasi\/\",\"name\":\"Antalya M\u00fczesi Projesi'nde uzmandan dikkat \u00e7eken 'deprem' a\u00e7\u0131klamas\u0131 - Av. Deniz Can K\u0131z\u0131l\",\"isPartOf\":{\"@id\":\"https:\/\/denizcankizil.tr\/#website\"},\"datePublished\":\"2025-07-18T07:41:22+00:00\",\"breadcrumb\":{\"@id\":\"https:\/\/denizcankizil.tr\/de\/haberler\/gundem\/antalya-muzesi-projesinde-uzmandan-dikkat-ceken-deprem-aciklamasi\/#breadcrumb\"},\"inLanguage\":\"de\",\"potentialAction\":[{\"@type\":\"ReadAction\",\"target\":[\"https:\/\/denizcankizil.tr\/de\/haberler\/gundem\/antalya-muzesi-projesinde-uzmandan-dikkat-ceken-deprem-aciklamasi\/\"]}]},{\"@type\":\"BreadcrumbList\",\"@id\":\"https:\/\/denizcankizil.tr\/de\/haberler\/gundem\/antalya-muzesi-projesinde-uzmandan-dikkat-ceken-deprem-aciklamasi\/#breadcrumb\",\"itemListElement\":[{\"@type\":\"ListItem\",\"position\":1,\"name\":\"Home\",\"item\":\"https:\/\/denizcankizil.tr\/de\/\"},{\"@type\":\"ListItem\",\"position\":2,\"name\":\"Antalya M\u00fczesi Projesi&#8217;nde uzmandan dikkat \u00e7eken &#8216;deprem&#8217; a\u00e7\u0131klamas\u0131\"}]},{\"@type\":\"WebSite\",\"@id\":\"https:\/\/denizcankizil.tr\/#website\",\"url\":\"https:\/\/denizcankizil.tr\/\",\"name\":\"Av. Deniz Can K\u0131z\u0131l\",\"description\":\"Avukat Deniz Can K\u0131z\u0131l Antalya Barosu\",\"publisher\":{\"@id\":\"https:\/\/denizcankizil.tr\/#organization\"},\"potentialAction\":[{\"@type\":\"SearchAction\",\"target\":{\"@type\":\"EntryPoint\",\"urlTemplate\":\"https:\/\/denizcankizil.tr\/?s={search_term_string}\"},\"query-input\":{\"@type\":\"PropertyValueSpecification\",\"valueRequired\":true,\"valueName\":\"search_term_string\"}}],\"inLanguage\":\"de\"},{\"@type\":\"Organization\",\"@id\":\"https:\/\/denizcankizil.tr\/#organization\",\"name\":\"Av. Deniz Can K\u0131z\u0131l\",\"url\":\"https:\/\/denizcankizil.tr\/\",\"logo\":{\"@type\":\"ImageObject\",\"inLanguage\":\"de\",\"@id\":\"https:\/\/denizcankizil.tr\/#\/schema\/logo\/image\/\",\"url\":\"https:\/\/denizcankizil.tr\/wp-content\/uploads\/2024\/10\/siyah-logo-svg.svg\",\"contentUrl\":\"https:\/\/denizcankizil.tr\/wp-content\/uploads\/2024\/10\/siyah-logo-svg.svg\",\"width\":1080,\"height\":1080,\"caption\":\"Av. Deniz Can K\u0131z\u0131l\"},\"image\":{\"@id\":\"https:\/\/denizcankizil.tr\/#\/schema\/logo\/image\/\"}},{\"@type\":\"Person\",\"@id\":\"https:\/\/denizcankizil.tr\/#\/schema\/person\/e1eb71bb4dd684d46563f0af307e1234\",\"name\":\"Antalya K\u00f6rfez\",\"image\":{\"@type\":\"ImageObject\",\"inLanguage\":\"de\",\"@id\":\"https:\/\/denizcankizil.tr\/#\/schema\/person\/image\/\",\"url\":\"https:\/\/secure.gravatar.com\/avatar\/42b01982558a48a0b501fdcab6a408d3717ea5919095ee2e67b0e521799c5905?s=96&d=mm&r=g\",\"contentUrl\":\"https:\/\/secure.gravatar.com\/avatar\/42b01982558a48a0b501fdcab6a408d3717ea5919095ee2e67b0e521799c5905?s=96&d=mm&r=g\",\"caption\":\"Antalya K\u00f6rfez\"},\"sameAs\":[\"http:\/\/www.antalyakorfez.com\"],\"url\":\"https:\/\/www.antalyakorfez.com\/antalya-muzesi-projesinde-uzmandan-dikkat-ceken-deprem-aciklamasi\"}]}<\/script>\n<!-- \/ Yoast SEO Premium plugin. -->","yoast_head_json":{"title":"Antalya M\u00fczesi Projesi'nde uzmandan dikkat \u00e7eken 'deprem' a\u00e7\u0131klamas\u0131 - Av. Deniz Can K\u0131z\u0131l","robots":{"index":"index","follow":"follow","max-snippet":"max-snippet:-1","max-image-preview":"max-image-preview:large","max-video-preview":"max-video-preview:-1"},"canonical":"https:\/\/denizcankizil.tr\/de\/haberler\/gundem\/antalya-muzesi-projesinde-uzmandan-dikkat-ceken-deprem-aciklamasi\/","og_locale":"de_DE","og_type":"article","og_title":"Antalya M\u00fczesi Projesi'nde uzmandan dikkat \u00e7eken 'deprem' a\u00e7\u0131klamas\u0131","og_description":"K\u00fclt\u00fcr Varl\u0131klar\u0131 ve M\u00fczeler Genel M\u00fcd\u00fcr\u00fc Birol \u0130ncecik\u00f6z, Antalya M\u00fczesi&#8217;nin konferans salonunda ger\u00e7ekle\u015ftirilen toplant\u0131da, m\u00fcze binas\u0131n\u0131n 2020&#8217;de yap\u0131lan incelemelerde riskli \u00e7\u0131kt\u0131\u011f\u0131n\u0131 dile getirmi\u015fti. \u0130ncecik\u00f6z\u2019\u00fcn Mart ay\u0131nda d\u00fczenledi\u011fi toplant\u0131ya \u00e7ok say\u0131da akademik meslek \u00f6rg\u00fct\u00fcn\u00fcn davet edilmedi\u011fini a\u00e7\u0131klayan Akdeniz \u00dcniversitesi M\u00fchendislik Fak\u00fcltesi \u00f6\u011fretim \u00fcyesi Prof. Dr. Nihat Dipova, Antalya M\u00fczesi\u2019yle ilgili bilgi kirlili\u011finin devam etti\u011fini a\u00e7\u0131klad\u0131. BAKANLI\u011eIN TOPLANTISINA DAVET ED\u0130LMED\u0130K! Akdeniz \u00dcniversitesi M\u00fchendislik Fak\u00fcltesi \u00f6\u011fretim \u00fcyesi Prof. Dr. Nihat Dipova, Antalya M\u00fczesiyle ilgili d\u00fczenlenen lamsman toplant\u0131s\u0131na akademik meslek \u00f6rg\u00fctlerinin \u00f6nemli oranda davet edilmedi\u011fini ifade etti. Dipova, \u201cLansman toplant\u0131s\u0131ndan benim de haberim yoktu. Daha sonra Kent Konseyi\u2019nde bir lansman daha yap\u0131ld\u0131. Bu bina depreme dayan\u0131ks\u0131z ifadesini orada duydum. \u2018Deprem performans analizini g\u00f6rmek istiyoruz\u2019 dedik. Hatta zeminde de problem varm\u0131\u015f gibi ifadeler kullan\u0131ld\u0131. Ben zemin mekani\u011fi hocas\u0131y\u0131m. Antalya\u2019n\u0131n zeminini de iyi bilirim. Bilgi eksikli\u011fi ve bilgi beklerken ge\u00e7irdi\u011fimiz zaman nedeniyle zaman\u0131n h\u0131zl\u0131 ge\u00e7ti\u011fini d\u00fc\u015f\u00fcnebilirsiniz ama zaman ge\u00e7mi\u015f de\u011fil. Binan\u0131n tahliye edilece\u011fini ise, kat\u0131ld\u0131\u011f\u0131m bir \u00e7al\u0131\u015ftay aras\u0131nda \u00e7ay i\u00e7erken yandaki masada memurlar\u0131n konu\u015fmas\u0131ndan \u00f6\u011frendim ve personelden bilgi ald\u0131m. Personelin masas\u0131n\u0131 bo\u015faltmaya ba\u015flad\u0131\u011f\u0131n\u0131 ancak bu \u015fekilde \u00f6\u011frendik. S\u00fcre\u00e7 \u00e7ok h\u0131zl\u0131 ve gizli \u015fekilde y\u00fcr\u00fct\u00fcl\u00fcyor. Kap\u0131 kilitlenmi\u015f olabilir ama kap\u0131lar tekrar a\u00e7\u0131labilir. Antalya\u2019da bu konuda hi\u00e7bir haberi olmayan \u00e7ok fazla insan var. Antalya halk\u0131 m\u00fczeye sahip \u00e7\u0131kmaya &hellip;","og_url":"https:\/\/denizcankizil.tr\/de\/haberler\/gundem\/antalya-muzesi-projesinde-uzmandan-dikkat-ceken-deprem-aciklamasi\/","og_site_name":"Av. Deniz Can K\u0131z\u0131l","article_published_time":"2025-07-18T07:41:22+00:00","author":"Antalya K\u00f6rfez","twitter_card":"summary_large_image","twitter_misc":{"Verfasst von":"Antalya K\u00f6rfez","Gesch\u00e4tzte Lesezeit":"3\u00a0Minuten"},"schema":{"@context":"https:\/\/schema.org","@graph":[{"@type":"Article","@id":"https:\/\/denizcankizil.tr\/de\/haberler\/gundem\/antalya-muzesi-projesinde-uzmandan-dikkat-ceken-deprem-aciklamasi\/#article","isPartOf":{"@id":"https:\/\/denizcankizil.tr\/de\/haberler\/gundem\/antalya-muzesi-projesinde-uzmandan-dikkat-ceken-deprem-aciklamasi\/"},"author":{"name":"Antalya K\u00f6rfez","@id":"https:\/\/denizcankizil.tr\/#\/schema\/person\/e1eb71bb4dd684d46563f0af307e1234"},"headline":"Antalya M\u00fczesi Projesi&#8217;nde uzmandan dikkat \u00e7eken &#8216;deprem&#8217; a\u00e7\u0131klamas\u0131","datePublished":"2025-07-18T07:41:22+00:00","mainEntityOfPage":{"@id":"https:\/\/denizcankizil.tr\/de\/haberler\/gundem\/antalya-muzesi-projesinde-uzmandan-dikkat-ceken-deprem-aciklamasi\/"},"wordCount":630,"publisher":{"@id":"https:\/\/denizcankizil.tr\/#organization"},"articleSection":["G\u00fcndem"],"inLanguage":"de"},{"@type":"WebPage","@id":"https:\/\/denizcankizil.tr\/de\/haberler\/gundem\/antalya-muzesi-projesinde-uzmandan-dikkat-ceken-deprem-aciklamasi\/","url":"https:\/\/denizcankizil.tr\/de\/haberler\/gundem\/antalya-muzesi-projesinde-uzmandan-dikkat-ceken-deprem-aciklamasi\/","name":"Antalya M\u00fczesi Projesi'nde uzmandan dikkat \u00e7eken 'deprem' a\u00e7\u0131klamas\u0131 - Av. Deniz Can K\u0131z\u0131l","isPartOf":{"@id":"https:\/\/denizcankizil.tr\/#website"},"datePublished":"2025-07-18T07:41:22+00:00","breadcrumb":{"@id":"https:\/\/denizcankizil.tr\/de\/haberler\/gundem\/antalya-muzesi-projesinde-uzmandan-dikkat-ceken-deprem-aciklamasi\/#breadcrumb"},"inLanguage":"de","potentialAction":[{"@type":"ReadAction","target":["https:\/\/denizcankizil.tr\/de\/haberler\/gundem\/antalya-muzesi-projesinde-uzmandan-dikkat-ceken-deprem-aciklamasi\/"]}]},{"@type":"BreadcrumbList","@id":"https:\/\/denizcankizil.tr\/de\/haberler\/gundem\/antalya-muzesi-projesinde-uzmandan-dikkat-ceken-deprem-aciklamasi\/#breadcrumb","itemListElement":[{"@type":"ListItem","position":1,"name":"Home","item":"https:\/\/denizcankizil.tr\/de\/"},{"@type":"ListItem","position":2,"name":"Antalya M\u00fczesi Projesi&#8217;nde uzmandan dikkat \u00e7eken &#8216;deprem&#8217; a\u00e7\u0131klamas\u0131"}]},{"@type":"WebSite","@id":"https:\/\/denizcankizil.tr\/#website","url":"https:\/\/denizcankizil.tr\/","name":"Av. Deniz Can K\u0131z\u0131l","description":"Avukat Deniz Can K\u0131z\u0131l Antalya Barosu","publisher":{"@id":"https:\/\/denizcankizil.tr\/#organization"},"potentialAction":[{"@type":"SearchAction","target":{"@type":"EntryPoint","urlTemplate":"https:\/\/denizcankizil.tr\/?s={search_term_string}"},"query-input":{"@type":"PropertyValueSpecification","valueRequired":true,"valueName":"search_term_string"}}],"inLanguage":"de"},{"@type":"Organization","@id":"https:\/\/denizcankizil.tr\/#organization","name":"Av. Deniz Can K\u0131z\u0131l","url":"https:\/\/denizcankizil.tr\/","logo":{"@type":"ImageObject","inLanguage":"de","@id":"https:\/\/denizcankizil.tr\/#\/schema\/logo\/image\/","url":"https:\/\/denizcankizil.tr\/wp-content\/uploads\/2024\/10\/siyah-logo-svg.svg","contentUrl":"https:\/\/denizcankizil.tr\/wp-content\/uploads\/2024\/10\/siyah-logo-svg.svg","width":1080,"height":1080,"caption":"Av. Deniz Can K\u0131z\u0131l"},"image":{"@id":"https:\/\/denizcankizil.tr\/#\/schema\/logo\/image\/"}},{"@type":"Person","@id":"https:\/\/denizcankizil.tr\/#\/schema\/person\/e1eb71bb4dd684d46563f0af307e1234","name":"Antalya K\u00f6rfez","image":{"@type":"ImageObject","inLanguage":"de","@id":"https:\/\/denizcankizil.tr\/#\/schema\/person\/image\/","url":"https:\/\/secure.gravatar.com\/avatar\/42b01982558a48a0b501fdcab6a408d3717ea5919095ee2e67b0e521799c5905?s=96&d=mm&r=g","contentUrl":"https:\/\/secure.gravatar.com\/avatar\/42b01982558a48a0b501fdcab6a408d3717ea5919095ee2e67b0e521799c5905?s=96&d=mm&r=g","caption":"Antalya K\u00f6rfez"},"sameAs":["http:\/\/www.antalyakorfez.com"],"url":"https:\/\/www.antalyakorfez.com\/antalya-muzesi-projesinde-uzmandan-dikkat-ceken-deprem-aciklamasi"}]}},"_links":{"self":[{"href":"https:\/\/denizcankizil.tr\/de\/wp-json\/wp\/v2\/posts\/149669","targetHints":{"allow":["GET"]}}],"collection":[{"href":"https:\/\/denizcankizil.tr\/de\/wp-json\/wp\/v2\/posts"}],"about":[{"href":"https:\/\/denizcankizil.tr\/de\/wp-json\/wp\/v2\/types\/post"}],"author":[{"embeddable":true,"href":"https:\/\/denizcankizil.tr\/de\/wp-json\/wp\/v2\/users\/5"}],"replies":[{"embeddable":true,"href":"https:\/\/denizcankizil.tr\/de\/wp-json\/wp\/v2\/comments?post=149669"}],"version-history":[{"count":0,"href":"https:\/\/denizcankizil.tr\/de\/wp-json\/wp\/v2\/posts\/149669\/revisions"}],"wp:attachment":[{"href":"https:\/\/denizcankizil.tr\/de\/wp-json\/wp\/v2\/media?parent=149669"}],"wp:term":[{"taxonomy":"category","embeddable":true,"href":"https:\/\/denizcankizil.tr\/de\/wp-json\/wp\/v2\/categories?post=149669"},{"taxonomy":"post_tag","embeddable":true,"href":"https:\/\/denizcankizil.tr\/de\/wp-json\/wp\/v2\/tags?post=149669"}],"curies":[{"name":"wp","href":"https:\/\/api.w.org\/{rel}","templated":true}]}}