{"id":148656,"date":"2025-07-17T10:42:21","date_gmt":"2025-07-17T07:42:21","guid":{"rendered":"https:\/\/denizcankizil.tr\/uncategorized-tr\/antalya-muzesinin-yikim-kararina-tepkiler-suruyor\/"},"modified":"2025-07-17T10:42:21","modified_gmt":"2025-07-17T07:42:21","slug":"antalya-muzesinin-yikim-kararina-tepkiler-suruyor","status":"publish","type":"post","link":"https:\/\/denizcankizil.tr\/de\/haberler\/gundem\/antalya-muzesinin-yikim-kararina-tepkiler-suruyor\/","title":{"rendered":"Antalya M\u00fczesi\u2019nin y\u0131k\u0131m karar\u0131na tepkiler s\u00fcr\u00fcyor"},"content":{"rendered":"<p>Depreme dayan\u0131ks\u0131z oldu\u011fu gerek\u00e7e g\u00f6sterilerek y\u0131k\u0131lmas\u0131 istenen Antalya M\u00fczesi\u2019nin kentin en \u00f6nemli g\u00fcndem maddesi haline geldi. 1964 y\u0131l\u0131nda proje yar\u0131\u015fmas\u0131 yap\u0131larak in\u015fa edilen, 1972 y\u0131l\u0131nda ise hizmet vermeye ba\u015flayan Antalya Arkeoloji M\u00fczesi, b\u00f6lge m\u00fczesi olarak tasarlanm\u0131\u015ft\u0131.<\/p>\n<p>K\u0130TLE \u00d6RG\u00dcTLER\u0130 TEK SES OLDU<\/p>\n<p>K\u00fclt\u00fcr ve Turizm Bakanl\u0131\u011f\u0131, T\u00fcrkiye\u2019nin \u00f6nde gelen arkeoloji m\u00fczeleri aras\u0131nda yer alan Antalya Arkeoloji M\u00fczesi\u2019ni ziyarete kapatt\u0131. Bakanl\u0131\u011f\u0131n turizm sezonunu ortas\u0131nda ald\u0131\u011f\u0131 kapatma karar\u0131na tepki g\u00f6steren Antalyal\u0131lar, d\u00fcn ak\u015fam saatlerinde m\u00fcze \u00f6n\u00fcnde toplanarak eylem yapt\u0131. Antalya M\u00fczesi \u00f6n\u00fcnde d\u00fczenlenen eyleme CHP Antalya Milletvekili Cavit Ar\u0131, CHP PM \u00dcyesi Niyazi \u015een, CHP \u0130l Ba\u015fkan\u0131 Nail Kamac\u0131, il\u00e7e ba\u015fkanlar\u0131, STK\u2019lar, demokratik kitle \u00f6rg\u00fctleri, sendikalar, akademisyenler ile \u00e7ok say\u0131da vatanda\u015f kat\u0131ld\u0131.<\/p>\n<p>G\u00dc\u00c7LEND\u0130R\u0130LMES\u0130 \u0130STEN\u0130YOR<\/p>\n<p>Antalya kamuoyunda tart\u0131\u015fma yaratan m\u00fcze binas\u0131n\u0131n y\u0131k\u0131lmas\u0131 karar\u0131na k\u00fclt\u00fcrel miras\u0131n korunmas\u0131 konusunda \u00e7al\u0131\u015fmalar yapan STK\u2019lar kar\u015f\u0131 \u00e7\u0131k\u0131yor. Kentteki STK\u2019lar ve vatanda\u015flar\u0131n ortak talebi, mevcut m\u00fcze binas\u0131n\u0131n g\u00fc\u00e7lendirilerek korunmas\u0131 y\u00f6n\u00fcnde. K\u00fclt\u00fcr ve Turizm Bakanl\u0131\u011f\u0131 yetkililerinin a\u00e7\u0131klamas\u0131na g\u00f6re yeni m\u00fcze projesinin maliyeti 2 bu\u00e7uk milyar TL\u2019yi bulacak. Mevcut m\u00fcze binas\u0131n\u0131n mimarlar\u0131ndan Do\u011fan Tekeli ise 100 milyon TL\u2019lik bir harcamayla binan\u0131n g\u00fc\u00e7lendirilmesinin m\u00fcmk\u00fcn oldu\u011funu dile getirmi\u015fti.<\/p>\n<p>YEN\u0130 B\u0130NANIN NE ZAMAN TAMAMLANACA\u011eI BELL\u0130 DE\u011e\u0130L<\/p>\n<p>Yeni m\u00fcze binas\u0131n\u0131n ne zaman bitece\u011fi ve T\u00fcrkiye\u2019nin turizm ba\u015fkenti olan Antalya\u2019n\u0131n arkeoloji m\u00fczesinin tekrar ne zaman ziyaret\u00e7ilerine kavu\u015faca\u011f\u0131 ise belirsiz. K\u00fclt\u00fcr ve Turizm Bakanl\u0131\u011f\u0131, \u201cAntalya Arkeoloji M\u00fczesi\u2019nin ne zaman yeniden a\u00e7\u0131laca\u011f\u0131yla\u201d ilgili soruya, \u201c\u00e7al\u0131\u015fmalar tamamlan\u0131nca\u201d notunu d\u00fc\u015fm\u00fc\u015f.<\/p>\n<p>YARGIYA BA\u015eVURULDU<\/p>\n<p>K\u00fclt\u00fcr ve Turizm Bakanl\u0131\u011f\u0131\u2019n\u0131n d\u00fcn sabah kap\u0131s\u0131na kilit vurdu\u011fu Antalya Arkeoloji M\u00fczesi\u2019nin kapat\u0131lmas\u0131 karar\u0131 yarg\u0131ya ta\u015f\u0131nd\u0131. M\u00fcze \u00e7evresinde ya\u015fayan bir vatanda\u015f, karar\u0131n iptali ve y\u00fcr\u00fctmenin durdurulmas\u0131 talebiyle Antalya N\u00f6bet\u00e7i \u0130dare Mahkemesi\u2019nde K\u00fclt\u00fcr ve Turizm Bakanl\u0131\u011f\u0131 aleyhinde dava a\u00e7t\u0131. \u0130dari i\u015flemlerin dayanaklar\u0131, amac\u0131, s\u00fcresi ve gerek\u00e7esinin belirlilik ta\u015f\u0131mas\u0131 gerekti\u011fini belirten Av. Dr. Fevzi \u00d6zl\u00fcer, kapatma karar\u0131n\u0131 15 Temmuz g\u00fcn\u00fc bas\u0131ndan \u00f6\u011frenildi\u011fini belirterek, \u201c16 Temmuz 2025 tarihinde m\u00fczenin kapat\u0131laca\u011f\u0131na dair duyuru, yaln\u0131zca internet sitesinde yay\u0131nlanm\u0131\u015f, ancak m\u00fczenin neden, hangi hukuki gerek\u00e7eyle, hangi planlama karar\u0131yla tahliye edilece\u011fine dair herhangi bir a\u00e7\u0131klama yap\u0131lmam\u0131\u015ft\u0131r. Herhangi bir bakanl\u0131k onay\u0131, ihale ilan\u0131, kurul karar\u0131 ya da plan de\u011fi\u015fikli\u011fi kamuya a\u00e7\u0131klanmam\u0131\u015ft\u0131r\u201d ifadelerini kulland\u0131.<\/p>\n<p>\u200bAntalyal\u0131lar, d\u00fcn Antalya M\u00fczesi\u2019nin kap\u0131s\u0131na zincir vurulmas\u0131na tepki g\u00f6sterdi. Sivil toplum kurulu\u015flar\u0131, siyasi partiler, dernekler ve sendikalar m\u00fcze \u00f6n\u00fcnde toplan\u0131p, eylem yapt\u0131.\u00a0<\/p>\n<p>\u200bHaberin Al\u0131nt\u0131land\u0131\u011f\u0131 Kaynak: www.antalyakorfez.com<\/p>","protected":false},"excerpt":{"rendered":"<p>Depreme dayan\u0131ks\u0131z oldu\u011fu gerek\u00e7e g\u00f6sterilerek y\u0131k\u0131lmas\u0131 istenen Antalya M\u00fczesi\u2019nin kentin en \u00f6nemli g\u00fcndem maddesi haline geldi. 1964 y\u0131l\u0131nda proje yar\u0131\u015fmas\u0131 yap\u0131larak in\u015fa edilen, 1972 y\u0131l\u0131nda ise hizmet vermeye ba\u015flayan Antalya Arkeoloji M\u00fczesi, b\u00f6lge m\u00fczesi olarak tasarlanm\u0131\u015ft\u0131. K\u0130TLE \u00d6RG\u00dcTLER\u0130 TEK SES OLDU K\u00fclt\u00fcr ve Turizm Bakanl\u0131\u011f\u0131, T\u00fcrkiye\u2019nin \u00f6nde gelen arkeoloji m\u00fczeleri aras\u0131nda yer alan Antalya Arkeoloji M\u00fczesi\u2019ni ziyarete kapatt\u0131. Bakanl\u0131\u011f\u0131n turizm sezonunu ortas\u0131nda ald\u0131\u011f\u0131 kapatma karar\u0131na tepki g\u00f6steren Antalyal\u0131lar, d\u00fcn ak\u015fam saatlerinde m\u00fcze \u00f6n\u00fcnde toplanarak eylem yapt\u0131. Antalya M\u00fczesi \u00f6n\u00fcnde d\u00fczenlenen eyleme CHP Antalya Milletvekili Cavit Ar\u0131, CHP PM \u00dcyesi Niyazi \u015een, CHP \u0130l Ba\u015fkan\u0131 Nail Kamac\u0131, il\u00e7e ba\u015fkanlar\u0131, STK\u2019lar, demokratik kitle \u00f6rg\u00fctleri, sendikalar, akademisyenler ile \u00e7ok say\u0131da vatanda\u015f kat\u0131ld\u0131. G\u00dc\u00c7LEND\u0130R\u0130LMES\u0130 \u0130STEN\u0130YOR Antalya kamuoyunda tart\u0131\u015fma yaratan m\u00fcze binas\u0131n\u0131n y\u0131k\u0131lmas\u0131 karar\u0131na k\u00fclt\u00fcrel miras\u0131n korunmas\u0131 konusunda \u00e7al\u0131\u015fmalar yapan STK\u2019lar kar\u015f\u0131 \u00e7\u0131k\u0131yor. Kentteki STK\u2019lar ve vatanda\u015flar\u0131n ortak talebi, mevcut m\u00fcze binas\u0131n\u0131n g\u00fc\u00e7lendirilerek korunmas\u0131 y\u00f6n\u00fcnde. K\u00fclt\u00fcr ve Turizm Bakanl\u0131\u011f\u0131 yetkililerinin a\u00e7\u0131klamas\u0131na g\u00f6re yeni m\u00fcze projesinin maliyeti 2 bu\u00e7uk milyar TL\u2019yi bulacak. Mevcut m\u00fcze binas\u0131n\u0131n mimarlar\u0131ndan Do\u011fan Tekeli ise 100 milyon TL\u2019lik bir harcamayla binan\u0131n g\u00fc\u00e7lendirilmesinin m\u00fcmk\u00fcn oldu\u011funu dile getirmi\u015fti. YEN\u0130 B\u0130NANIN NE ZAMAN TAMAMLANACA\u011eI BELL\u0130 DE\u011e\u0130L Yeni m\u00fcze binas\u0131n\u0131n ne zaman bitece\u011fi ve T\u00fcrkiye\u2019nin turizm ba\u015fkenti olan Antalya\u2019n\u0131n arkeoloji m\u00fczesinin tekrar ne zaman ziyaret\u00e7ilerine kavu\u015faca\u011f\u0131 &hellip;<\/p>","protected":false},"author":5,"featured_media":0,"comment_status":"","ping_status":"open","sticky":false,"template":"","format":"standard","meta":{"_acf_changed":false,"footnotes":""},"categories":[24],"tags":[],"class_list":["post-148656","post","type-post","status-publish","format-standard","has-post-thumbnail","hentry","category-gundem"],"acf":[],"yoast_head":"<!-- This site is optimized with the Yoast SEO Premium plugin v26.6 (Yoast SEO v27.1.1) - https:\/\/yoast.com\/product\/yoast-seo-premium-wordpress\/ -->\n<title>Antalya M\u00fczesi\u2019nin y\u0131k\u0131m karar\u0131na tepkiler s\u00fcr\u00fcyor - Av. Deniz Can K\u0131z\u0131l<\/title>\n<meta name=\"robots\" content=\"index, follow, max-snippet:-1, max-image-preview:large, max-video-preview:-1\" \/>\n<link rel=\"canonical\" href=\"http:\/\/denizcankizil.tr\/de\/haberler\/gundem\/antalya-muzesinin-yikim-kararina-tepkiler-suruyor\/\" \/>\n<meta property=\"og:locale\" content=\"de_DE\" \/>\n<meta property=\"og:type\" content=\"article\" \/>\n<meta property=\"og:title\" content=\"Antalya M\u00fczesi\u2019nin y\u0131k\u0131m karar\u0131na tepkiler s\u00fcr\u00fcyor\" \/>\n<meta property=\"og:description\" content=\"Depreme dayan\u0131ks\u0131z oldu\u011fu gerek\u00e7e g\u00f6sterilerek y\u0131k\u0131lmas\u0131 istenen Antalya M\u00fczesi\u2019nin kentin en \u00f6nemli g\u00fcndem maddesi haline geldi. 1964 y\u0131l\u0131nda proje yar\u0131\u015fmas\u0131 yap\u0131larak in\u015fa edilen, 1972 y\u0131l\u0131nda ise hizmet vermeye ba\u015flayan Antalya Arkeoloji M\u00fczesi, b\u00f6lge m\u00fczesi olarak tasarlanm\u0131\u015ft\u0131. K\u0130TLE \u00d6RG\u00dcTLER\u0130 TEK SES OLDU K\u00fclt\u00fcr ve Turizm Bakanl\u0131\u011f\u0131, T\u00fcrkiye\u2019nin \u00f6nde gelen arkeoloji m\u00fczeleri aras\u0131nda yer alan Antalya Arkeoloji M\u00fczesi\u2019ni ziyarete kapatt\u0131. Bakanl\u0131\u011f\u0131n turizm sezonunu ortas\u0131nda ald\u0131\u011f\u0131 kapatma karar\u0131na tepki g\u00f6steren Antalyal\u0131lar, d\u00fcn ak\u015fam saatlerinde m\u00fcze \u00f6n\u00fcnde toplanarak eylem yapt\u0131. Antalya M\u00fczesi \u00f6n\u00fcnde d\u00fczenlenen eyleme CHP Antalya Milletvekili Cavit Ar\u0131, CHP PM \u00dcyesi Niyazi \u015een, CHP \u0130l Ba\u015fkan\u0131 Nail Kamac\u0131, il\u00e7e ba\u015fkanlar\u0131, STK\u2019lar, demokratik kitle \u00f6rg\u00fctleri, sendikalar, akademisyenler ile \u00e7ok say\u0131da vatanda\u015f kat\u0131ld\u0131. G\u00dc\u00c7LEND\u0130R\u0130LMES\u0130 \u0130STEN\u0130YOR Antalya kamuoyunda tart\u0131\u015fma yaratan m\u00fcze binas\u0131n\u0131n y\u0131k\u0131lmas\u0131 karar\u0131na k\u00fclt\u00fcrel miras\u0131n korunmas\u0131 konusunda \u00e7al\u0131\u015fmalar yapan STK\u2019lar kar\u015f\u0131 \u00e7\u0131k\u0131yor. Kentteki STK\u2019lar ve vatanda\u015flar\u0131n ortak talebi, mevcut m\u00fcze binas\u0131n\u0131n g\u00fc\u00e7lendirilerek korunmas\u0131 y\u00f6n\u00fcnde. K\u00fclt\u00fcr ve Turizm Bakanl\u0131\u011f\u0131 yetkililerinin a\u00e7\u0131klamas\u0131na g\u00f6re yeni m\u00fcze projesinin maliyeti 2 bu\u00e7uk milyar TL\u2019yi bulacak. Mevcut m\u00fcze binas\u0131n\u0131n mimarlar\u0131ndan Do\u011fan Tekeli ise 100 milyon TL\u2019lik bir harcamayla binan\u0131n g\u00fc\u00e7lendirilmesinin m\u00fcmk\u00fcn oldu\u011funu dile getirmi\u015fti. YEN\u0130 B\u0130NANIN NE ZAMAN TAMAMLANACA\u011eI BELL\u0130 DE\u011e\u0130L Yeni m\u00fcze binas\u0131n\u0131n ne zaman bitece\u011fi ve T\u00fcrkiye\u2019nin turizm ba\u015fkenti olan Antalya\u2019n\u0131n arkeoloji m\u00fczesinin tekrar ne zaman ziyaret\u00e7ilerine kavu\u015faca\u011f\u0131 &hellip;\" \/>\n<meta property=\"og:url\" content=\"http:\/\/denizcankizil.tr\/de\/haberler\/gundem\/antalya-muzesinin-yikim-kararina-tepkiler-suruyor\/\" \/>\n<meta property=\"og:site_name\" content=\"Av. Deniz Can K\u0131z\u0131l\" \/>\n<meta property=\"article:published_time\" content=\"2025-07-17T07:42:21+00:00\" \/>\n<meta name=\"author\" content=\"Antalya K\u00f6rfez\" \/>\n<meta name=\"twitter:card\" content=\"summary_large_image\" \/>\n<meta name=\"twitter:label1\" content=\"Verfasst von\" \/>\n\t<meta name=\"twitter:data1\" content=\"Antalya K\u00f6rfez\" \/>\n\t<meta name=\"twitter:label2\" content=\"Gesch\u00e4tzte Lesezeit\" \/>\n\t<meta name=\"twitter:data2\" content=\"3\u00a0Minuten\" \/>\n<script type=\"application\/ld+json\" class=\"yoast-schema-graph\">{\"@context\":\"https:\/\/schema.org\",\"@graph\":[{\"@type\":\"Article\",\"@id\":\"http:\/\/denizcankizil.tr\/en\/haberler\/gundem\/antalya-muzesinin-yikim-kararina-tepkiler-suruyor\/#article\",\"isPartOf\":{\"@id\":\"http:\/\/denizcankizil.tr\/en\/haberler\/gundem\/antalya-muzesinin-yikim-kararina-tepkiler-suruyor\/\"},\"author\":{\"name\":\"Antalya K\u00f6rfez\",\"@id\":\"https:\/\/denizcankizil.tr\/de\/#\/schema\/person\/e1eb71bb4dd684d46563f0af307e1234\"},\"headline\":\"Antalya M\u00fczesi\u2019nin y\u0131k\u0131m karar\u0131na tepkiler s\u00fcr\u00fcyor\",\"datePublished\":\"2025-07-17T07:42:21+00:00\",\"mainEntityOfPage\":{\"@id\":\"http:\/\/denizcankizil.tr\/en\/haberler\/gundem\/antalya-muzesinin-yikim-kararina-tepkiler-suruyor\/\"},\"wordCount\":550,\"publisher\":{\"@id\":\"https:\/\/denizcankizil.tr\/de\/#organization\"},\"articleSection\":[\"G\u00fcndem\"],\"inLanguage\":\"de\"},{\"@type\":\"WebPage\",\"@id\":\"http:\/\/denizcankizil.tr\/en\/haberler\/gundem\/antalya-muzesinin-yikim-kararina-tepkiler-suruyor\/\",\"url\":\"http:\/\/denizcankizil.tr\/en\/haberler\/gundem\/antalya-muzesinin-yikim-kararina-tepkiler-suruyor\/\",\"name\":\"Antalya M\u00fczesi\u2019nin y\u0131k\u0131m karar\u0131na tepkiler s\u00fcr\u00fcyor - Av. Deniz Can K\u0131z\u0131l\",\"isPartOf\":{\"@id\":\"https:\/\/denizcankizil.tr\/de\/#website\"},\"datePublished\":\"2025-07-17T07:42:21+00:00\",\"breadcrumb\":{\"@id\":\"http:\/\/denizcankizil.tr\/en\/haberler\/gundem\/antalya-muzesinin-yikim-kararina-tepkiler-suruyor\/#breadcrumb\"},\"inLanguage\":\"de\",\"potentialAction\":[{\"@type\":\"ReadAction\",\"target\":[\"http:\/\/denizcankizil.tr\/en\/haberler\/gundem\/antalya-muzesinin-yikim-kararina-tepkiler-suruyor\/\"]}]},{\"@type\":\"BreadcrumbList\",\"@id\":\"http:\/\/denizcankizil.tr\/en\/haberler\/gundem\/antalya-muzesinin-yikim-kararina-tepkiler-suruyor\/#breadcrumb\",\"itemListElement\":[{\"@type\":\"ListItem\",\"position\":1,\"name\":\"Home\",\"item\":\"https:\/\/denizcankizil.tr\/de\/\"},{\"@type\":\"ListItem\",\"position\":2,\"name\":\"Antalya M\u00fczesi\u2019nin y\u0131k\u0131m karar\u0131na tepkiler s\u00fcr\u00fcyor\"}]},{\"@type\":\"WebSite\",\"@id\":\"https:\/\/denizcankizil.tr\/de\/#website\",\"url\":\"https:\/\/denizcankizil.tr\/de\/\",\"name\":\"Av. Deniz Can K\u0131z\u0131l\",\"description\":\"Avukat Deniz Can K\u0131z\u0131l Antalya Barosu\",\"publisher\":{\"@id\":\"https:\/\/denizcankizil.tr\/de\/#organization\"},\"potentialAction\":[{\"@type\":\"SearchAction\",\"target\":{\"@type\":\"EntryPoint\",\"urlTemplate\":\"https:\/\/denizcankizil.tr\/de\/?s={search_term_string}\"},\"query-input\":{\"@type\":\"PropertyValueSpecification\",\"valueRequired\":true,\"valueName\":\"search_term_string\"}}],\"inLanguage\":\"de\"},{\"@type\":\"Organization\",\"@id\":\"https:\/\/denizcankizil.tr\/de\/#organization\",\"name\":\"Av. Deniz Can K\u0131z\u0131l\",\"url\":\"https:\/\/denizcankizil.tr\/de\/\",\"logo\":{\"@type\":\"ImageObject\",\"inLanguage\":\"de\",\"@id\":\"https:\/\/denizcankizil.tr\/de\/#\/schema\/logo\/image\/\",\"url\":\"https:\/\/denizcankizil.tr\/wp-content\/uploads\/2024\/10\/siyah-logo-svg.svg\",\"contentUrl\":\"https:\/\/denizcankizil.tr\/wp-content\/uploads\/2024\/10\/siyah-logo-svg.svg\",\"width\":1080,\"height\":1080,\"caption\":\"Av. Deniz Can K\u0131z\u0131l\"},\"image\":{\"@id\":\"https:\/\/denizcankizil.tr\/de\/#\/schema\/logo\/image\/\"}},{\"@type\":\"Person\",\"@id\":\"https:\/\/denizcankizil.tr\/de\/#\/schema\/person\/e1eb71bb4dd684d46563f0af307e1234\",\"name\":\"Antalya K\u00f6rfez\",\"image\":{\"@type\":\"ImageObject\",\"inLanguage\":\"de\",\"@id\":\"https:\/\/denizcankizil.tr\/de\/#\/schema\/person\/image\/\",\"url\":\"https:\/\/secure.gravatar.com\/avatar\/42b01982558a48a0b501fdcab6a408d3717ea5919095ee2e67b0e521799c5905?s=96&d=mm&r=g\",\"contentUrl\":\"https:\/\/secure.gravatar.com\/avatar\/42b01982558a48a0b501fdcab6a408d3717ea5919095ee2e67b0e521799c5905?s=96&d=mm&r=g\",\"caption\":\"Antalya K\u00f6rfez\"},\"sameAs\":[\"http:\/\/www.antalyakorfez.com\"],\"url\":\"https:\/\/www.antalyakorfez.com\/antalya-muzesinin-yikim-kararina-tepkiler-suruyor\"}]}<\/script>\n<!-- \/ Yoast SEO Premium plugin. -->","yoast_head_json":{"title":"Antalya M\u00fczesi\u2019nin y\u0131k\u0131m karar\u0131na tepkiler s\u00fcr\u00fcyor - Av. Deniz Can K\u0131z\u0131l","robots":{"index":"index","follow":"follow","max-snippet":"max-snippet:-1","max-image-preview":"max-image-preview:large","max-video-preview":"max-video-preview:-1"},"canonical":"http:\/\/denizcankizil.tr\/de\/haberler\/gundem\/antalya-muzesinin-yikim-kararina-tepkiler-suruyor\/","og_locale":"de_DE","og_type":"article","og_title":"Antalya M\u00fczesi\u2019nin y\u0131k\u0131m karar\u0131na tepkiler s\u00fcr\u00fcyor","og_description":"Depreme dayan\u0131ks\u0131z oldu\u011fu gerek\u00e7e g\u00f6sterilerek y\u0131k\u0131lmas\u0131 istenen Antalya M\u00fczesi\u2019nin kentin en \u00f6nemli g\u00fcndem maddesi haline geldi. 1964 y\u0131l\u0131nda proje yar\u0131\u015fmas\u0131 yap\u0131larak in\u015fa edilen, 1972 y\u0131l\u0131nda ise hizmet vermeye ba\u015flayan Antalya Arkeoloji M\u00fczesi, b\u00f6lge m\u00fczesi olarak tasarlanm\u0131\u015ft\u0131. K\u0130TLE \u00d6RG\u00dcTLER\u0130 TEK SES OLDU K\u00fclt\u00fcr ve Turizm Bakanl\u0131\u011f\u0131, T\u00fcrkiye\u2019nin \u00f6nde gelen arkeoloji m\u00fczeleri aras\u0131nda yer alan Antalya Arkeoloji M\u00fczesi\u2019ni ziyarete kapatt\u0131. Bakanl\u0131\u011f\u0131n turizm sezonunu ortas\u0131nda ald\u0131\u011f\u0131 kapatma karar\u0131na tepki g\u00f6steren Antalyal\u0131lar, d\u00fcn ak\u015fam saatlerinde m\u00fcze \u00f6n\u00fcnde toplanarak eylem yapt\u0131. Antalya M\u00fczesi \u00f6n\u00fcnde d\u00fczenlenen eyleme CHP Antalya Milletvekili Cavit Ar\u0131, CHP PM \u00dcyesi Niyazi \u015een, CHP \u0130l Ba\u015fkan\u0131 Nail Kamac\u0131, il\u00e7e ba\u015fkanlar\u0131, STK\u2019lar, demokratik kitle \u00f6rg\u00fctleri, sendikalar, akademisyenler ile \u00e7ok say\u0131da vatanda\u015f kat\u0131ld\u0131. G\u00dc\u00c7LEND\u0130R\u0130LMES\u0130 \u0130STEN\u0130YOR Antalya kamuoyunda tart\u0131\u015fma yaratan m\u00fcze binas\u0131n\u0131n y\u0131k\u0131lmas\u0131 karar\u0131na k\u00fclt\u00fcrel miras\u0131n korunmas\u0131 konusunda \u00e7al\u0131\u015fmalar yapan STK\u2019lar kar\u015f\u0131 \u00e7\u0131k\u0131yor. Kentteki STK\u2019lar ve vatanda\u015flar\u0131n ortak talebi, mevcut m\u00fcze binas\u0131n\u0131n g\u00fc\u00e7lendirilerek korunmas\u0131 y\u00f6n\u00fcnde. K\u00fclt\u00fcr ve Turizm Bakanl\u0131\u011f\u0131 yetkililerinin a\u00e7\u0131klamas\u0131na g\u00f6re yeni m\u00fcze projesinin maliyeti 2 bu\u00e7uk milyar TL\u2019yi bulacak. Mevcut m\u00fcze binas\u0131n\u0131n mimarlar\u0131ndan Do\u011fan Tekeli ise 100 milyon TL\u2019lik bir harcamayla binan\u0131n g\u00fc\u00e7lendirilmesinin m\u00fcmk\u00fcn oldu\u011funu dile getirmi\u015fti. YEN\u0130 B\u0130NANIN NE ZAMAN TAMAMLANACA\u011eI BELL\u0130 DE\u011e\u0130L Yeni m\u00fcze binas\u0131n\u0131n ne zaman bitece\u011fi ve T\u00fcrkiye\u2019nin turizm ba\u015fkenti olan Antalya\u2019n\u0131n arkeoloji m\u00fczesinin tekrar ne zaman ziyaret\u00e7ilerine kavu\u015faca\u011f\u0131 &hellip;","og_url":"http:\/\/denizcankizil.tr\/de\/haberler\/gundem\/antalya-muzesinin-yikim-kararina-tepkiler-suruyor\/","og_site_name":"Av. Deniz Can K\u0131z\u0131l","article_published_time":"2025-07-17T07:42:21+00:00","author":"Antalya K\u00f6rfez","twitter_card":"summary_large_image","twitter_misc":{"Verfasst von":"Antalya K\u00f6rfez","Gesch\u00e4tzte Lesezeit":"3\u00a0Minuten"},"schema":{"@context":"https:\/\/schema.org","@graph":[{"@type":"Article","@id":"http:\/\/denizcankizil.tr\/en\/haberler\/gundem\/antalya-muzesinin-yikim-kararina-tepkiler-suruyor\/#article","isPartOf":{"@id":"http:\/\/denizcankizil.tr\/en\/haberler\/gundem\/antalya-muzesinin-yikim-kararina-tepkiler-suruyor\/"},"author":{"name":"Antalya K\u00f6rfez","@id":"https:\/\/denizcankizil.tr\/de\/#\/schema\/person\/e1eb71bb4dd684d46563f0af307e1234"},"headline":"Antalya M\u00fczesi\u2019nin y\u0131k\u0131m karar\u0131na tepkiler s\u00fcr\u00fcyor","datePublished":"2025-07-17T07:42:21+00:00","mainEntityOfPage":{"@id":"http:\/\/denizcankizil.tr\/en\/haberler\/gundem\/antalya-muzesinin-yikim-kararina-tepkiler-suruyor\/"},"wordCount":550,"publisher":{"@id":"https:\/\/denizcankizil.tr\/de\/#organization"},"articleSection":["G\u00fcndem"],"inLanguage":"de"},{"@type":"WebPage","@id":"http:\/\/denizcankizil.tr\/en\/haberler\/gundem\/antalya-muzesinin-yikim-kararina-tepkiler-suruyor\/","url":"http:\/\/denizcankizil.tr\/en\/haberler\/gundem\/antalya-muzesinin-yikim-kararina-tepkiler-suruyor\/","name":"Antalya M\u00fczesi\u2019nin y\u0131k\u0131m karar\u0131na tepkiler s\u00fcr\u00fcyor - Av. Deniz Can K\u0131z\u0131l","isPartOf":{"@id":"https:\/\/denizcankizil.tr\/de\/#website"},"datePublished":"2025-07-17T07:42:21+00:00","breadcrumb":{"@id":"http:\/\/denizcankizil.tr\/en\/haberler\/gundem\/antalya-muzesinin-yikim-kararina-tepkiler-suruyor\/#breadcrumb"},"inLanguage":"de","potentialAction":[{"@type":"ReadAction","target":["http:\/\/denizcankizil.tr\/en\/haberler\/gundem\/antalya-muzesinin-yikim-kararina-tepkiler-suruyor\/"]}]},{"@type":"BreadcrumbList","@id":"http:\/\/denizcankizil.tr\/en\/haberler\/gundem\/antalya-muzesinin-yikim-kararina-tepkiler-suruyor\/#breadcrumb","itemListElement":[{"@type":"ListItem","position":1,"name":"Home","item":"https:\/\/denizcankizil.tr\/de\/"},{"@type":"ListItem","position":2,"name":"Antalya M\u00fczesi\u2019nin y\u0131k\u0131m karar\u0131na tepkiler s\u00fcr\u00fcyor"}]},{"@type":"WebSite","@id":"https:\/\/denizcankizil.tr\/de\/#website","url":"https:\/\/denizcankizil.tr\/de\/","name":"Av. Deniz Can K\u0131z\u0131l","description":"Avukat Deniz Can K\u0131z\u0131l Antalya Barosu","publisher":{"@id":"https:\/\/denizcankizil.tr\/de\/#organization"},"potentialAction":[{"@type":"SearchAction","target":{"@type":"EntryPoint","urlTemplate":"https:\/\/denizcankizil.tr\/de\/?s={search_term_string}"},"query-input":{"@type":"PropertyValueSpecification","valueRequired":true,"valueName":"search_term_string"}}],"inLanguage":"de"},{"@type":"Organization","@id":"https:\/\/denizcankizil.tr\/de\/#organization","name":"Av. Deniz Can K\u0131z\u0131l","url":"https:\/\/denizcankizil.tr\/de\/","logo":{"@type":"ImageObject","inLanguage":"de","@id":"https:\/\/denizcankizil.tr\/de\/#\/schema\/logo\/image\/","url":"https:\/\/denizcankizil.tr\/wp-content\/uploads\/2024\/10\/siyah-logo-svg.svg","contentUrl":"https:\/\/denizcankizil.tr\/wp-content\/uploads\/2024\/10\/siyah-logo-svg.svg","width":1080,"height":1080,"caption":"Av. Deniz Can K\u0131z\u0131l"},"image":{"@id":"https:\/\/denizcankizil.tr\/de\/#\/schema\/logo\/image\/"}},{"@type":"Person","@id":"https:\/\/denizcankizil.tr\/de\/#\/schema\/person\/e1eb71bb4dd684d46563f0af307e1234","name":"Antalya K\u00f6rfez","image":{"@type":"ImageObject","inLanguage":"de","@id":"https:\/\/denizcankizil.tr\/de\/#\/schema\/person\/image\/","url":"https:\/\/secure.gravatar.com\/avatar\/42b01982558a48a0b501fdcab6a408d3717ea5919095ee2e67b0e521799c5905?s=96&d=mm&r=g","contentUrl":"https:\/\/secure.gravatar.com\/avatar\/42b01982558a48a0b501fdcab6a408d3717ea5919095ee2e67b0e521799c5905?s=96&d=mm&r=g","caption":"Antalya K\u00f6rfez"},"sameAs":["http:\/\/www.antalyakorfez.com"],"url":"https:\/\/www.antalyakorfez.com\/antalya-muzesinin-yikim-kararina-tepkiler-suruyor"}]}},"_links":{"self":[{"href":"https:\/\/denizcankizil.tr\/de\/wp-json\/wp\/v2\/posts\/148656","targetHints":{"allow":["GET"]}}],"collection":[{"href":"https:\/\/denizcankizil.tr\/de\/wp-json\/wp\/v2\/posts"}],"about":[{"href":"https:\/\/denizcankizil.tr\/de\/wp-json\/wp\/v2\/types\/post"}],"author":[{"embeddable":true,"href":"https:\/\/denizcankizil.tr\/de\/wp-json\/wp\/v2\/users\/5"}],"replies":[{"embeddable":true,"href":"https:\/\/denizcankizil.tr\/de\/wp-json\/wp\/v2\/comments?post=148656"}],"version-history":[{"count":0,"href":"https:\/\/denizcankizil.tr\/de\/wp-json\/wp\/v2\/posts\/148656\/revisions"}],"wp:attachment":[{"href":"https:\/\/denizcankizil.tr\/de\/wp-json\/wp\/v2\/media?parent=148656"}],"wp:term":[{"taxonomy":"category","embeddable":true,"href":"https:\/\/denizcankizil.tr\/de\/wp-json\/wp\/v2\/categories?post=148656"},{"taxonomy":"post_tag","embeddable":true,"href":"https:\/\/denizcankizil.tr\/de\/wp-json\/wp\/v2\/tags?post=148656"}],"curies":[{"name":"wp","href":"https:\/\/api.w.org\/{rel}","templated":true}]}}