{"id":148655,"date":"2025-07-17T10:42:20","date_gmt":"2025-07-17T07:42:20","guid":{"rendered":"https:\/\/denizcankizil.tr\/uncategorized-tr\/ticaret-bakanligi-fiyat-etiket-yonetmeliginde-yeni-duzenleme-yapti\/"},"modified":"2025-07-17T10:42:20","modified_gmt":"2025-07-17T07:42:20","slug":"ticaret-bakanligi-fiyat-etiket-yonetmeliginde-yeni-duzenleme-yapti","status":"publish","type":"post","link":"https:\/\/denizcankizil.tr\/de\/haberler\/gundem\/ticaret-bakanligi-fiyat-etiket-yonetmeliginde-yeni-duzenleme-yapti\/","title":{"rendered":"Ticaret Bakanl\u0131\u011f\u0131 Fiyat Etiket Y\u00f6netmeli\u011fi&#8217;nde yeni d\u00fczenleme yapt\u0131"},"content":{"rendered":"<p>Ticaret Bakanl\u0131\u011f\u0131, Fiyat Etiketi Y\u00f6netmeli\u011fi\u2019ndeki yeni d\u00fczenlemeleri hayata ge\u00e7iriyor. Ticaret Bakanl\u0131\u011f\u0131&#8217;ndan yap\u0131lan a\u00e7\u0131klamada, perakende olarak sat\u0131\u015fa sunulan mal ve hizmetlere ait fiyat etiketleri, tarife ve fiyat listelerine ili\u015fkin hususlar 6502 say\u0131l\u0131 T\u00fcketicinin Korunmas\u0131 Hakk\u0131nda Kanunda ve Fiyat Etiketi Y\u00f6netmeli\u011fi ile d\u00fczenlendi\u011fi hat\u0131rlat\u0131larak,&#8221; Temel amac\u0131 &#8220;Perakende olarak sat\u0131\u015fa sunulan mal ve hizmetlerin etiket, tarife ve fiyat listelerinin \u015fekli, i\u00e7eri\u011fi, kullan\u0131lmas\u0131 ile indirimli sat\u0131\u015flara ili\u015fkin usul ve esaslar\u0131 d\u00fczenlemek&#8221; olan Y\u00f6netmelik, t\u00fcketicilerin &#8220;ekonomik \u00e7\u0131karlar\u0131n\u0131n korunmas\u0131&#8221; ve &#8220;do\u011fru ve eksiksiz olarak bilgilendirilmesi&#8221; a\u00e7\u0131s\u0131ndan \u00f6nem arz etmektedir&#8221; ifadesi kullan\u0131ld\u0131.<\/p>\n<p>F\u0130YAT ET\u0130KET\u0130 Y\u00d6NETMEL\u0130\u011e\u0130&#8217;NDE DE\u011e\u0130\u015e\u0130KL\u0130K<\/p>\n<p>Artan t\u00fcketici ma\u011fduriyetleri ve sekt\u00f6r\u00fcn gereksinimleri g\u00f6z \u00f6n\u00fcne al\u0131narak Fiyat Etiketi Y\u00f6netmeli\u011finde de\u011fi\u015fiklik yap\u0131lmas\u0131 ihtiyac\u0131 do\u011fdu\u011fu vurgulanarak \u015f\u00f6yle denildi: &#8220;G\u00f6r\u00fc\u015fe a\u00e7\u0131lan Y\u00f6netmelik tasla\u011f\u0131nda yer alan d\u00fczenlemeler ile; Sat\u0131c\u0131 taraf\u0131ndan t\u00fcketici huzurunda tart\u0131larak sat\u0131lan \u00fcr\u00fcnlerin ambalaj a\u011f\u0131rl\u0131klar\u0131na ili\u015fkin daran\u0131n al\u0131nmas\u0131 zorunlu olacakt\u0131r. Bir Ahilik gelene\u011fi olan &#8220;\u00d6l\u00e7\u00fc ve Tart\u0131da Do\u011fruluk&#8221; ilkesi esas al\u0131narak sat\u0131c\u0131 taraf\u0131ndan t\u00fcketicinin talebi uyar\u0131nca tart\u0131larak sat\u0131\u015fa sunulan \u00fcr\u00fcnlerin tart\u0131m\u0131 esnas\u0131nda daran\u0131n al\u0131nmas\u0131, yani ambalaj a\u011f\u0131rl\u0131\u011f\u0131n\u0131n d\u00fc\u015f\u00fcr\u00fclmesi hususuna a\u00e7\u0131k\u00e7a yer verilecektir. B\u00f6ylece, t\u00fcketicilerin sat\u0131n ald\u0131\u011f\u0131 \u00fcr\u00fcnlerin net miktar\u0131 \u00fczerinden \u00f6deme yapmas\u0131 sa\u011flanarak ekonomik \u00e7\u0131karlar\u0131n\u0131 koruyucu bir \u00f6nlem al\u0131nm\u0131\u015ft\u0131r.&#8221;<\/p>\n<p>F\u0130YAT L\u0130STES\u0130 KAREKOD \u0130LE G\u00d6STER\u0130LECEK <\/p>\n<p>Yiyecek ve i\u00e7ecek hizmeti sunulan i\u015fyerlerindeki masalarda men\u00fc ile fiyat listeleri t\u00fcketicilere karekod ile de g\u00f6sterilece\u011fini duyuran Bakanl\u0131k, &#8220;Lokanta, restoran, kafe, pastane ve benzeri yiyecek ve i\u00e7ecek hizmeti sunulan i\u015fyerlerinde 1 Ocak 2024 tarihinde ba\u015flat\u0131lan kap\u0131 \u00f6n\u00fcnde ve masa \u00fcstlerinde fiziki men\u00fc listesi ve fiyat listesi sunulmas\u0131 uygulamas\u0131n\u0131n yan\u0131 s\u0131ra, bundan b\u00f6yle masa \u00fcst\u00fcnde karekod kullan\u0131m\u0131 ile de ula\u015f\u0131lmas\u0131n\u0131n \u00f6n\u00fc a\u00e7\u0131larak, hem t\u00fcketiciler hem i\u015fletmeler a\u00e7\u0131s\u0131ndan kolayl\u0131k getirilmi\u015ftir. Kriterleri Ticaret Bakanl\u0131\u011f\u0131 taraf\u0131ndan belirlenen yiyecek ve i\u00e7ecek hizmeti sunulan i\u015fyerleri, fiyat listelerini Ticaret Bakanl\u0131\u011f\u0131nca belirlenen sisteme aktarabileceklerdir.<\/p>\n<p>Lokanta, restoran, kafe gibi i\u015fletmelerde sunulan hizmet fiyatlar\u0131n\u0131n t\u00fcketiciler taraf\u0131ndan kolayca kar\u015f\u0131la\u015ft\u0131r\u0131lmas\u0131 ad\u0131na, s\u00f6z konusu i\u015fletmelerin fiyat listelerinin internet ortam\u0131nda yay\u0131nlanmas\u0131n\u0131 sa\u011flayacak bir sistem kurulmas\u0131 hedeflenmektedir. Kitap, dergi gibi \u00fcr\u00fcnlerde sat\u0131c\u0131lara fiyat etiketinin yan\u0131 s\u0131ra, elektronik cihaz kullanma kolayl\u0131\u011f\u0131 da getirilmektedir. Kitap, dergi ve gazete sat\u0131\u015f\u0131 yapan i\u015fletmeler a\u00e7\u0131s\u0131ndan fiyat etiketi ile birlikte, &#8220;fiyat g\u00f6r&#8221; gibi elektronik cihazlar\u0131n kullan\u0131lmas\u0131 imk\u00e2n\u0131 getirilerek, sekt\u00f6r\u00fcn geli\u015fen teknolojiye uyumu sa\u011flan\u0131rken, t\u00fcketicilerin de do\u011fru ve eksiksiz bilgilendirilmesi ama\u00e7lanmaktad\u0131r&#8221; a\u00e7\u0131klamas\u0131nda bulundu.<\/p>\n<p>\u200bTicaret Bakanl\u0131\u011f\u0131 Fiyat Etiketi Y\u00f6netmeli\u011fi ile sat\u0131\u015fa sunulan \u00fcr\u00fcn\u00fcn ve fiyat etiketinin yeni d\u00fczenleme yapt\u0131\u011f\u0131n\u0131 a\u00e7\u0131klad\u0131. Y\u00f6netmelik kapsam\u0131nda sat\u0131c\u0131 taraf\u0131ndan t\u00fcketici huzurunda tart\u0131larak sat\u0131lan \u00fcr\u00fcnlerin ambalaj a\u011f\u0131rl\u0131klar\u0131na ili\u015fkin daran\u0131n al\u0131nmas\u0131 zorunlu olacak. \u0130\u015fte Fiyat Etiketi Y\u00f6netmeli\u011fi&#8217;ne ili\u015fkin yeni at\u0131lan ad\u0131mlar&#8230;\u00a0<\/p>\n<p>\u200bHaberin Al\u0131nt\u0131land\u0131\u011f\u0131 Kaynak: www.antalyakorfez.com<\/p>","protected":false},"excerpt":{"rendered":"<p>Ticaret Bakanl\u0131\u011f\u0131, Fiyat Etiketi Y\u00f6netmeli\u011fi\u2019ndeki yeni d\u00fczenlemeleri hayata ge\u00e7iriyor. Ticaret Bakanl\u0131\u011f\u0131&#8217;ndan yap\u0131lan a\u00e7\u0131klamada, perakende olarak sat\u0131\u015fa sunulan mal ve hizmetlere ait fiyat etiketleri, tarife ve fiyat listelerine ili\u015fkin hususlar 6502 say\u0131l\u0131 T\u00fcketicinin Korunmas\u0131 Hakk\u0131nda Kanunda ve Fiyat Etiketi Y\u00f6netmeli\u011fi ile d\u00fczenlendi\u011fi hat\u0131rlat\u0131larak,&#8221; Temel amac\u0131 &#8220;Perakende olarak sat\u0131\u015fa sunulan mal ve hizmetlerin etiket, tarife ve fiyat listelerinin \u015fekli, i\u00e7eri\u011fi, kullan\u0131lmas\u0131 ile indirimli sat\u0131\u015flara ili\u015fkin usul ve esaslar\u0131 d\u00fczenlemek&#8221; olan Y\u00f6netmelik, t\u00fcketicilerin &#8220;ekonomik \u00e7\u0131karlar\u0131n\u0131n korunmas\u0131&#8221; ve &#8220;do\u011fru ve eksiksiz olarak bilgilendirilmesi&#8221; a\u00e7\u0131s\u0131ndan \u00f6nem arz etmektedir&#8221; ifadesi kullan\u0131ld\u0131. F\u0130YAT ET\u0130KET\u0130 Y\u00d6NETMEL\u0130\u011e\u0130&#8217;NDE DE\u011e\u0130\u015e\u0130KL\u0130K Artan t\u00fcketici ma\u011fduriyetleri ve sekt\u00f6r\u00fcn gereksinimleri g\u00f6z \u00f6n\u00fcne al\u0131narak Fiyat Etiketi Y\u00f6netmeli\u011finde de\u011fi\u015fiklik yap\u0131lmas\u0131 ihtiyac\u0131 do\u011fdu\u011fu vurgulanarak \u015f\u00f6yle denildi: &#8220;G\u00f6r\u00fc\u015fe a\u00e7\u0131lan Y\u00f6netmelik tasla\u011f\u0131nda yer alan d\u00fczenlemeler ile; Sat\u0131c\u0131 taraf\u0131ndan t\u00fcketici huzurunda tart\u0131larak sat\u0131lan \u00fcr\u00fcnlerin ambalaj a\u011f\u0131rl\u0131klar\u0131na ili\u015fkin daran\u0131n al\u0131nmas\u0131 zorunlu olacakt\u0131r. Bir Ahilik gelene\u011fi olan &#8220;\u00d6l\u00e7\u00fc ve Tart\u0131da Do\u011fruluk&#8221; ilkesi esas al\u0131narak sat\u0131c\u0131 taraf\u0131ndan t\u00fcketicinin talebi uyar\u0131nca tart\u0131larak sat\u0131\u015fa sunulan \u00fcr\u00fcnlerin tart\u0131m\u0131 esnas\u0131nda daran\u0131n al\u0131nmas\u0131, yani ambalaj a\u011f\u0131rl\u0131\u011f\u0131n\u0131n d\u00fc\u015f\u00fcr\u00fclmesi hususuna a\u00e7\u0131k\u00e7a yer verilecektir. B\u00f6ylece, t\u00fcketicilerin sat\u0131n ald\u0131\u011f\u0131 \u00fcr\u00fcnlerin net miktar\u0131 \u00fczerinden \u00f6deme yapmas\u0131 sa\u011flanarak ekonomik \u00e7\u0131karlar\u0131n\u0131 koruyucu bir \u00f6nlem al\u0131nm\u0131\u015ft\u0131r.&#8221; F\u0130YAT L\u0130STES\u0130 KAREKOD \u0130LE G\u00d6STER\u0130LECEK Yiyecek ve i\u00e7ecek hizmeti sunulan i\u015fyerlerindeki masalarda men\u00fc ile fiyat listeleri t\u00fcketicilere karekod ile de g\u00f6sterilece\u011fini &hellip;<\/p>","protected":false},"author":5,"featured_media":0,"comment_status":"","ping_status":"open","sticky":false,"template":"","format":"standard","meta":{"_acf_changed":false,"footnotes":""},"categories":[24],"tags":[],"class_list":["post-148655","post","type-post","status-publish","format-standard","has-post-thumbnail","hentry","category-gundem"],"acf":[],"yoast_head":"<!-- This site is optimized with the Yoast SEO Premium plugin v26.6 (Yoast SEO v27.1.1) - https:\/\/yoast.com\/product\/yoast-seo-premium-wordpress\/ -->\n<title>Ticaret Bakanl\u0131\u011f\u0131 Fiyat Etiket Y\u00f6netmeli\u011fi&#039;nde yeni d\u00fczenleme yapt\u0131 - Av. Deniz Can K\u0131z\u0131l<\/title>\n<meta name=\"robots\" content=\"index, follow, max-snippet:-1, max-image-preview:large, max-video-preview:-1\" \/>\n<link rel=\"canonical\" href=\"https:\/\/denizcankizil.tr\/de\/haberler\/gundem\/ticaret-bakanligi-fiyat-etiket-yonetmeliginde-yeni-duzenleme-yapti\/\" \/>\n<meta property=\"og:locale\" content=\"de_DE\" \/>\n<meta property=\"og:type\" content=\"article\" \/>\n<meta property=\"og:title\" content=\"Ticaret Bakanl\u0131\u011f\u0131 Fiyat Etiket Y\u00f6netmeli\u011fi&#039;nde yeni d\u00fczenleme yapt\u0131\" \/>\n<meta property=\"og:description\" content=\"Ticaret Bakanl\u0131\u011f\u0131, Fiyat Etiketi Y\u00f6netmeli\u011fi\u2019ndeki yeni d\u00fczenlemeleri hayata ge\u00e7iriyor. Ticaret Bakanl\u0131\u011f\u0131&#8217;ndan yap\u0131lan a\u00e7\u0131klamada, perakende olarak sat\u0131\u015fa sunulan mal ve hizmetlere ait fiyat etiketleri, tarife ve fiyat listelerine ili\u015fkin hususlar 6502 say\u0131l\u0131 T\u00fcketicinin Korunmas\u0131 Hakk\u0131nda Kanunda ve Fiyat Etiketi Y\u00f6netmeli\u011fi ile d\u00fczenlendi\u011fi hat\u0131rlat\u0131larak,&#8221; Temel amac\u0131 &#8220;Perakende olarak sat\u0131\u015fa sunulan mal ve hizmetlerin etiket, tarife ve fiyat listelerinin \u015fekli, i\u00e7eri\u011fi, kullan\u0131lmas\u0131 ile indirimli sat\u0131\u015flara ili\u015fkin usul ve esaslar\u0131 d\u00fczenlemek&#8221; olan Y\u00f6netmelik, t\u00fcketicilerin &#8220;ekonomik \u00e7\u0131karlar\u0131n\u0131n korunmas\u0131&#8221; ve &#8220;do\u011fru ve eksiksiz olarak bilgilendirilmesi&#8221; a\u00e7\u0131s\u0131ndan \u00f6nem arz etmektedir&#8221; ifadesi kullan\u0131ld\u0131. F\u0130YAT ET\u0130KET\u0130 Y\u00d6NETMEL\u0130\u011e\u0130&#8217;NDE DE\u011e\u0130\u015e\u0130KL\u0130K Artan t\u00fcketici ma\u011fduriyetleri ve sekt\u00f6r\u00fcn gereksinimleri g\u00f6z \u00f6n\u00fcne al\u0131narak Fiyat Etiketi Y\u00f6netmeli\u011finde de\u011fi\u015fiklik yap\u0131lmas\u0131 ihtiyac\u0131 do\u011fdu\u011fu vurgulanarak \u015f\u00f6yle denildi: &#8220;G\u00f6r\u00fc\u015fe a\u00e7\u0131lan Y\u00f6netmelik tasla\u011f\u0131nda yer alan d\u00fczenlemeler ile; Sat\u0131c\u0131 taraf\u0131ndan t\u00fcketici huzurunda tart\u0131larak sat\u0131lan \u00fcr\u00fcnlerin ambalaj a\u011f\u0131rl\u0131klar\u0131na ili\u015fkin daran\u0131n al\u0131nmas\u0131 zorunlu olacakt\u0131r. Bir Ahilik gelene\u011fi olan &#8220;\u00d6l\u00e7\u00fc ve Tart\u0131da Do\u011fruluk&#8221; ilkesi esas al\u0131narak sat\u0131c\u0131 taraf\u0131ndan t\u00fcketicinin talebi uyar\u0131nca tart\u0131larak sat\u0131\u015fa sunulan \u00fcr\u00fcnlerin tart\u0131m\u0131 esnas\u0131nda daran\u0131n al\u0131nmas\u0131, yani ambalaj a\u011f\u0131rl\u0131\u011f\u0131n\u0131n d\u00fc\u015f\u00fcr\u00fclmesi hususuna a\u00e7\u0131k\u00e7a yer verilecektir. B\u00f6ylece, t\u00fcketicilerin sat\u0131n ald\u0131\u011f\u0131 \u00fcr\u00fcnlerin net miktar\u0131 \u00fczerinden \u00f6deme yapmas\u0131 sa\u011flanarak ekonomik \u00e7\u0131karlar\u0131n\u0131 koruyucu bir \u00f6nlem al\u0131nm\u0131\u015ft\u0131r.&#8221; F\u0130YAT L\u0130STES\u0130 KAREKOD \u0130LE G\u00d6STER\u0130LECEK Yiyecek ve i\u00e7ecek hizmeti sunulan i\u015fyerlerindeki masalarda men\u00fc ile fiyat listeleri t\u00fcketicilere karekod ile de g\u00f6sterilece\u011fini &hellip;\" \/>\n<meta property=\"og:url\" content=\"https:\/\/denizcankizil.tr\/de\/haberler\/gundem\/ticaret-bakanligi-fiyat-etiket-yonetmeliginde-yeni-duzenleme-yapti\/\" \/>\n<meta property=\"og:site_name\" content=\"Av. Deniz Can K\u0131z\u0131l\" \/>\n<meta property=\"article:published_time\" content=\"2025-07-17T07:42:20+00:00\" \/>\n<meta name=\"author\" content=\"Antalya K\u00f6rfez\" \/>\n<meta name=\"twitter:card\" content=\"summary_large_image\" \/>\n<meta name=\"twitter:label1\" content=\"Verfasst von\" \/>\n\t<meta name=\"twitter:data1\" content=\"Antalya K\u00f6rfez\" \/>\n\t<meta name=\"twitter:label2\" content=\"Gesch\u00e4tzte Lesezeit\" \/>\n\t<meta name=\"twitter:data2\" content=\"3\u00a0Minuten\" \/>\n<script type=\"application\/ld+json\" class=\"yoast-schema-graph\">{\"@context\":\"https:\/\/schema.org\",\"@graph\":[{\"@type\":\"Article\",\"@id\":\"https:\/\/denizcankizil.tr\/de\/haberler\/gundem\/ticaret-bakanligi-fiyat-etiket-yonetmeliginde-yeni-duzenleme-yapti\/#article\",\"isPartOf\":{\"@id\":\"https:\/\/denizcankizil.tr\/de\/haberler\/gundem\/ticaret-bakanligi-fiyat-etiket-yonetmeliginde-yeni-duzenleme-yapti\/\"},\"author\":{\"name\":\"Antalya K\u00f6rfez\",\"@id\":\"https:\/\/denizcankizil.tr\/de\/#\/schema\/person\/e1eb71bb4dd684d46563f0af307e1234\"},\"headline\":\"Ticaret Bakanl\u0131\u011f\u0131 Fiyat Etiket Y\u00f6netmeli\u011fi&#8217;nde yeni d\u00fczenleme yapt\u0131\",\"datePublished\":\"2025-07-17T07:42:20+00:00\",\"mainEntityOfPage\":{\"@id\":\"https:\/\/denizcankizil.tr\/de\/haberler\/gundem\/ticaret-bakanligi-fiyat-etiket-yonetmeliginde-yeni-duzenleme-yapti\/\"},\"wordCount\":607,\"publisher\":{\"@id\":\"https:\/\/denizcankizil.tr\/de\/#organization\"},\"articleSection\":[\"G\u00fcndem\"],\"inLanguage\":\"de\"},{\"@type\":\"WebPage\",\"@id\":\"https:\/\/denizcankizil.tr\/de\/haberler\/gundem\/ticaret-bakanligi-fiyat-etiket-yonetmeliginde-yeni-duzenleme-yapti\/\",\"url\":\"https:\/\/denizcankizil.tr\/de\/haberler\/gundem\/ticaret-bakanligi-fiyat-etiket-yonetmeliginde-yeni-duzenleme-yapti\/\",\"name\":\"Ticaret Bakanl\u0131\u011f\u0131 Fiyat Etiket Y\u00f6netmeli\u011fi'nde yeni d\u00fczenleme yapt\u0131 - Av. Deniz Can K\u0131z\u0131l\",\"isPartOf\":{\"@id\":\"https:\/\/denizcankizil.tr\/de\/#website\"},\"datePublished\":\"2025-07-17T07:42:20+00:00\",\"breadcrumb\":{\"@id\":\"https:\/\/denizcankizil.tr\/de\/haberler\/gundem\/ticaret-bakanligi-fiyat-etiket-yonetmeliginde-yeni-duzenleme-yapti\/#breadcrumb\"},\"inLanguage\":\"de\",\"potentialAction\":[{\"@type\":\"ReadAction\",\"target\":[\"https:\/\/denizcankizil.tr\/de\/haberler\/gundem\/ticaret-bakanligi-fiyat-etiket-yonetmeliginde-yeni-duzenleme-yapti\/\"]}]},{\"@type\":\"BreadcrumbList\",\"@id\":\"https:\/\/denizcankizil.tr\/de\/haberler\/gundem\/ticaret-bakanligi-fiyat-etiket-yonetmeliginde-yeni-duzenleme-yapti\/#breadcrumb\",\"itemListElement\":[{\"@type\":\"ListItem\",\"position\":1,\"name\":\"Home\",\"item\":\"https:\/\/denizcankizil.tr\/de\/\"},{\"@type\":\"ListItem\",\"position\":2,\"name\":\"Ticaret Bakanl\u0131\u011f\u0131 Fiyat Etiket Y\u00f6netmeli\u011fi&#8217;nde yeni d\u00fczenleme yapt\u0131\"}]},{\"@type\":\"WebSite\",\"@id\":\"https:\/\/denizcankizil.tr\/de\/#website\",\"url\":\"https:\/\/denizcankizil.tr\/de\/\",\"name\":\"Av. Deniz Can K\u0131z\u0131l\",\"description\":\"Avukat Deniz Can K\u0131z\u0131l Antalya Barosu\",\"publisher\":{\"@id\":\"https:\/\/denizcankizil.tr\/de\/#organization\"},\"potentialAction\":[{\"@type\":\"SearchAction\",\"target\":{\"@type\":\"EntryPoint\",\"urlTemplate\":\"https:\/\/denizcankizil.tr\/de\/?s={search_term_string}\"},\"query-input\":{\"@type\":\"PropertyValueSpecification\",\"valueRequired\":true,\"valueName\":\"search_term_string\"}}],\"inLanguage\":\"de\"},{\"@type\":\"Organization\",\"@id\":\"https:\/\/denizcankizil.tr\/de\/#organization\",\"name\":\"Av. Deniz Can K\u0131z\u0131l\",\"url\":\"https:\/\/denizcankizil.tr\/de\/\",\"logo\":{\"@type\":\"ImageObject\",\"inLanguage\":\"de\",\"@id\":\"https:\/\/denizcankizil.tr\/de\/#\/schema\/logo\/image\/\",\"url\":\"https:\/\/denizcankizil.tr\/wp-content\/uploads\/2024\/10\/siyah-logo-svg.svg\",\"contentUrl\":\"https:\/\/denizcankizil.tr\/wp-content\/uploads\/2024\/10\/siyah-logo-svg.svg\",\"width\":1080,\"height\":1080,\"caption\":\"Av. Deniz Can K\u0131z\u0131l\"},\"image\":{\"@id\":\"https:\/\/denizcankizil.tr\/de\/#\/schema\/logo\/image\/\"}},{\"@type\":\"Person\",\"@id\":\"https:\/\/denizcankizil.tr\/de\/#\/schema\/person\/e1eb71bb4dd684d46563f0af307e1234\",\"name\":\"Antalya K\u00f6rfez\",\"image\":{\"@type\":\"ImageObject\",\"inLanguage\":\"de\",\"@id\":\"https:\/\/denizcankizil.tr\/de\/#\/schema\/person\/image\/\",\"url\":\"https:\/\/secure.gravatar.com\/avatar\/42b01982558a48a0b501fdcab6a408d3717ea5919095ee2e67b0e521799c5905?s=96&d=mm&r=g\",\"contentUrl\":\"https:\/\/secure.gravatar.com\/avatar\/42b01982558a48a0b501fdcab6a408d3717ea5919095ee2e67b0e521799c5905?s=96&d=mm&r=g\",\"caption\":\"Antalya K\u00f6rfez\"},\"sameAs\":[\"http:\/\/www.antalyakorfez.com\"],\"url\":\"https:\/\/www.antalyakorfez.com\/ticaret-bakanligi-fiyat-etiket-yonetmeliginde-yeni-duzenleme-yapti\"}]}<\/script>\n<!-- \/ Yoast SEO Premium plugin. -->","yoast_head_json":{"title":"Ticaret Bakanl\u0131\u011f\u0131 Fiyat Etiket Y\u00f6netmeli\u011fi'nde yeni d\u00fczenleme yapt\u0131 - Av. Deniz Can K\u0131z\u0131l","robots":{"index":"index","follow":"follow","max-snippet":"max-snippet:-1","max-image-preview":"max-image-preview:large","max-video-preview":"max-video-preview:-1"},"canonical":"https:\/\/denizcankizil.tr\/de\/haberler\/gundem\/ticaret-bakanligi-fiyat-etiket-yonetmeliginde-yeni-duzenleme-yapti\/","og_locale":"de_DE","og_type":"article","og_title":"Ticaret Bakanl\u0131\u011f\u0131 Fiyat Etiket Y\u00f6netmeli\u011fi'nde yeni d\u00fczenleme yapt\u0131","og_description":"Ticaret Bakanl\u0131\u011f\u0131, Fiyat Etiketi Y\u00f6netmeli\u011fi\u2019ndeki yeni d\u00fczenlemeleri hayata ge\u00e7iriyor. Ticaret Bakanl\u0131\u011f\u0131&#8217;ndan yap\u0131lan a\u00e7\u0131klamada, perakende olarak sat\u0131\u015fa sunulan mal ve hizmetlere ait fiyat etiketleri, tarife ve fiyat listelerine ili\u015fkin hususlar 6502 say\u0131l\u0131 T\u00fcketicinin Korunmas\u0131 Hakk\u0131nda Kanunda ve Fiyat Etiketi Y\u00f6netmeli\u011fi ile d\u00fczenlendi\u011fi hat\u0131rlat\u0131larak,&#8221; Temel amac\u0131 &#8220;Perakende olarak sat\u0131\u015fa sunulan mal ve hizmetlerin etiket, tarife ve fiyat listelerinin \u015fekli, i\u00e7eri\u011fi, kullan\u0131lmas\u0131 ile indirimli sat\u0131\u015flara ili\u015fkin usul ve esaslar\u0131 d\u00fczenlemek&#8221; olan Y\u00f6netmelik, t\u00fcketicilerin &#8220;ekonomik \u00e7\u0131karlar\u0131n\u0131n korunmas\u0131&#8221; ve &#8220;do\u011fru ve eksiksiz olarak bilgilendirilmesi&#8221; a\u00e7\u0131s\u0131ndan \u00f6nem arz etmektedir&#8221; ifadesi kullan\u0131ld\u0131. F\u0130YAT ET\u0130KET\u0130 Y\u00d6NETMEL\u0130\u011e\u0130&#8217;NDE DE\u011e\u0130\u015e\u0130KL\u0130K Artan t\u00fcketici ma\u011fduriyetleri ve sekt\u00f6r\u00fcn gereksinimleri g\u00f6z \u00f6n\u00fcne al\u0131narak Fiyat Etiketi Y\u00f6netmeli\u011finde de\u011fi\u015fiklik yap\u0131lmas\u0131 ihtiyac\u0131 do\u011fdu\u011fu vurgulanarak \u015f\u00f6yle denildi: &#8220;G\u00f6r\u00fc\u015fe a\u00e7\u0131lan Y\u00f6netmelik tasla\u011f\u0131nda yer alan d\u00fczenlemeler ile; Sat\u0131c\u0131 taraf\u0131ndan t\u00fcketici huzurunda tart\u0131larak sat\u0131lan \u00fcr\u00fcnlerin ambalaj a\u011f\u0131rl\u0131klar\u0131na ili\u015fkin daran\u0131n al\u0131nmas\u0131 zorunlu olacakt\u0131r. Bir Ahilik gelene\u011fi olan &#8220;\u00d6l\u00e7\u00fc ve Tart\u0131da Do\u011fruluk&#8221; ilkesi esas al\u0131narak sat\u0131c\u0131 taraf\u0131ndan t\u00fcketicinin talebi uyar\u0131nca tart\u0131larak sat\u0131\u015fa sunulan \u00fcr\u00fcnlerin tart\u0131m\u0131 esnas\u0131nda daran\u0131n al\u0131nmas\u0131, yani ambalaj a\u011f\u0131rl\u0131\u011f\u0131n\u0131n d\u00fc\u015f\u00fcr\u00fclmesi hususuna a\u00e7\u0131k\u00e7a yer verilecektir. B\u00f6ylece, t\u00fcketicilerin sat\u0131n ald\u0131\u011f\u0131 \u00fcr\u00fcnlerin net miktar\u0131 \u00fczerinden \u00f6deme yapmas\u0131 sa\u011flanarak ekonomik \u00e7\u0131karlar\u0131n\u0131 koruyucu bir \u00f6nlem al\u0131nm\u0131\u015ft\u0131r.&#8221; F\u0130YAT L\u0130STES\u0130 KAREKOD \u0130LE G\u00d6STER\u0130LECEK Yiyecek ve i\u00e7ecek hizmeti sunulan i\u015fyerlerindeki masalarda men\u00fc ile fiyat listeleri t\u00fcketicilere karekod ile de g\u00f6sterilece\u011fini &hellip;","og_url":"https:\/\/denizcankizil.tr\/de\/haberler\/gundem\/ticaret-bakanligi-fiyat-etiket-yonetmeliginde-yeni-duzenleme-yapti\/","og_site_name":"Av. Deniz Can K\u0131z\u0131l","article_published_time":"2025-07-17T07:42:20+00:00","author":"Antalya K\u00f6rfez","twitter_card":"summary_large_image","twitter_misc":{"Verfasst von":"Antalya K\u00f6rfez","Gesch\u00e4tzte Lesezeit":"3\u00a0Minuten"},"schema":{"@context":"https:\/\/schema.org","@graph":[{"@type":"Article","@id":"https:\/\/denizcankizil.tr\/de\/haberler\/gundem\/ticaret-bakanligi-fiyat-etiket-yonetmeliginde-yeni-duzenleme-yapti\/#article","isPartOf":{"@id":"https:\/\/denizcankizil.tr\/de\/haberler\/gundem\/ticaret-bakanligi-fiyat-etiket-yonetmeliginde-yeni-duzenleme-yapti\/"},"author":{"name":"Antalya K\u00f6rfez","@id":"https:\/\/denizcankizil.tr\/de\/#\/schema\/person\/e1eb71bb4dd684d46563f0af307e1234"},"headline":"Ticaret Bakanl\u0131\u011f\u0131 Fiyat Etiket Y\u00f6netmeli\u011fi&#8217;nde yeni d\u00fczenleme yapt\u0131","datePublished":"2025-07-17T07:42:20+00:00","mainEntityOfPage":{"@id":"https:\/\/denizcankizil.tr\/de\/haberler\/gundem\/ticaret-bakanligi-fiyat-etiket-yonetmeliginde-yeni-duzenleme-yapti\/"},"wordCount":607,"publisher":{"@id":"https:\/\/denizcankizil.tr\/de\/#organization"},"articleSection":["G\u00fcndem"],"inLanguage":"de"},{"@type":"WebPage","@id":"https:\/\/denizcankizil.tr\/de\/haberler\/gundem\/ticaret-bakanligi-fiyat-etiket-yonetmeliginde-yeni-duzenleme-yapti\/","url":"https:\/\/denizcankizil.tr\/de\/haberler\/gundem\/ticaret-bakanligi-fiyat-etiket-yonetmeliginde-yeni-duzenleme-yapti\/","name":"Ticaret Bakanl\u0131\u011f\u0131 Fiyat Etiket Y\u00f6netmeli\u011fi'nde yeni d\u00fczenleme yapt\u0131 - Av. Deniz Can K\u0131z\u0131l","isPartOf":{"@id":"https:\/\/denizcankizil.tr\/de\/#website"},"datePublished":"2025-07-17T07:42:20+00:00","breadcrumb":{"@id":"https:\/\/denizcankizil.tr\/de\/haberler\/gundem\/ticaret-bakanligi-fiyat-etiket-yonetmeliginde-yeni-duzenleme-yapti\/#breadcrumb"},"inLanguage":"de","potentialAction":[{"@type":"ReadAction","target":["https:\/\/denizcankizil.tr\/de\/haberler\/gundem\/ticaret-bakanligi-fiyat-etiket-yonetmeliginde-yeni-duzenleme-yapti\/"]}]},{"@type":"BreadcrumbList","@id":"https:\/\/denizcankizil.tr\/de\/haberler\/gundem\/ticaret-bakanligi-fiyat-etiket-yonetmeliginde-yeni-duzenleme-yapti\/#breadcrumb","itemListElement":[{"@type":"ListItem","position":1,"name":"Home","item":"https:\/\/denizcankizil.tr\/de\/"},{"@type":"ListItem","position":2,"name":"Ticaret Bakanl\u0131\u011f\u0131 Fiyat Etiket Y\u00f6netmeli\u011fi&#8217;nde yeni d\u00fczenleme yapt\u0131"}]},{"@type":"WebSite","@id":"https:\/\/denizcankizil.tr\/de\/#website","url":"https:\/\/denizcankizil.tr\/de\/","name":"Av. Deniz Can K\u0131z\u0131l","description":"Avukat Deniz Can K\u0131z\u0131l Antalya Barosu","publisher":{"@id":"https:\/\/denizcankizil.tr\/de\/#organization"},"potentialAction":[{"@type":"SearchAction","target":{"@type":"EntryPoint","urlTemplate":"https:\/\/denizcankizil.tr\/de\/?s={search_term_string}"},"query-input":{"@type":"PropertyValueSpecification","valueRequired":true,"valueName":"search_term_string"}}],"inLanguage":"de"},{"@type":"Organization","@id":"https:\/\/denizcankizil.tr\/de\/#organization","name":"Av. Deniz Can K\u0131z\u0131l","url":"https:\/\/denizcankizil.tr\/de\/","logo":{"@type":"ImageObject","inLanguage":"de","@id":"https:\/\/denizcankizil.tr\/de\/#\/schema\/logo\/image\/","url":"https:\/\/denizcankizil.tr\/wp-content\/uploads\/2024\/10\/siyah-logo-svg.svg","contentUrl":"https:\/\/denizcankizil.tr\/wp-content\/uploads\/2024\/10\/siyah-logo-svg.svg","width":1080,"height":1080,"caption":"Av. Deniz Can K\u0131z\u0131l"},"image":{"@id":"https:\/\/denizcankizil.tr\/de\/#\/schema\/logo\/image\/"}},{"@type":"Person","@id":"https:\/\/denizcankizil.tr\/de\/#\/schema\/person\/e1eb71bb4dd684d46563f0af307e1234","name":"Antalya K\u00f6rfez","image":{"@type":"ImageObject","inLanguage":"de","@id":"https:\/\/denizcankizil.tr\/de\/#\/schema\/person\/image\/","url":"https:\/\/secure.gravatar.com\/avatar\/42b01982558a48a0b501fdcab6a408d3717ea5919095ee2e67b0e521799c5905?s=96&d=mm&r=g","contentUrl":"https:\/\/secure.gravatar.com\/avatar\/42b01982558a48a0b501fdcab6a408d3717ea5919095ee2e67b0e521799c5905?s=96&d=mm&r=g","caption":"Antalya K\u00f6rfez"},"sameAs":["http:\/\/www.antalyakorfez.com"],"url":"https:\/\/www.antalyakorfez.com\/ticaret-bakanligi-fiyat-etiket-yonetmeliginde-yeni-duzenleme-yapti"}]}},"_links":{"self":[{"href":"https:\/\/denizcankizil.tr\/de\/wp-json\/wp\/v2\/posts\/148655","targetHints":{"allow":["GET"]}}],"collection":[{"href":"https:\/\/denizcankizil.tr\/de\/wp-json\/wp\/v2\/posts"}],"about":[{"href":"https:\/\/denizcankizil.tr\/de\/wp-json\/wp\/v2\/types\/post"}],"author":[{"embeddable":true,"href":"https:\/\/denizcankizil.tr\/de\/wp-json\/wp\/v2\/users\/5"}],"replies":[{"embeddable":true,"href":"https:\/\/denizcankizil.tr\/de\/wp-json\/wp\/v2\/comments?post=148655"}],"version-history":[{"count":0,"href":"https:\/\/denizcankizil.tr\/de\/wp-json\/wp\/v2\/posts\/148655\/revisions"}],"wp:attachment":[{"href":"https:\/\/denizcankizil.tr\/de\/wp-json\/wp\/v2\/media?parent=148655"}],"wp:term":[{"taxonomy":"category","embeddable":true,"href":"https:\/\/denizcankizil.tr\/de\/wp-json\/wp\/v2\/categories?post=148655"},{"taxonomy":"post_tag","embeddable":true,"href":"https:\/\/denizcankizil.tr\/de\/wp-json\/wp\/v2\/tags?post=148655"}],"curies":[{"name":"wp","href":"https:\/\/api.w.org\/{rel}","templated":true}]}}