{"id":14843,"date":"2024-11-09T10:41:17","date_gmt":"2024-11-09T07:41:17","guid":{"rendered":"https:\/\/denizcankizil.tr\/uncategorized-tr\/antalya-valiligi-uyardi-sehir-genelinde-sirenler-calacak\/"},"modified":"2024-11-09T10:41:17","modified_gmt":"2024-11-09T07:41:17","slug":"antalya-valiligi-uyardi-sehir-genelinde-sirenler-calacak","status":"publish","type":"post","link":"https:\/\/denizcankizil.tr\/de\/haberler\/gundem\/antalya-valiligi-uyardi-sehir-genelinde-sirenler-calacak\/","title":{"rendered":"Antalya Valili\u011fi uyard\u0131\u2026 \u015eehir genelinde sirenler \u00e7alacak!"},"content":{"rendered":"<p>T\u00fcrkiye Cumhuriyeti\u2019nin kurucusu Gazi Mustafa Kemal Atat\u00fcrk&#8217;\u00fcn aram\u0131zdan ayr\u0131l\u0131\u015f\u0131n\u0131n 86. y\u0131l\u0131 an\u0131s\u0131na 10 Kas\u0131m 2024 tarihinde anma etkinlikleri d\u00fczenlenecek. 10 Kas\u0131m&#8217;da saat 09.05\u2019te, Ulu \u00d6nder Atat\u00fcrk&#8217;\u00fcn 86. \u00f6l\u00fcm y\u0131ld\u00f6n\u00fcm\u00fc dolay\u0131s\u0131yla il genelinde sirenler \u00e7al\u0131nacak. T\u00fcm resmi ve \u00f6zel kurulu\u015flara ait sirenler 2 dakika boyunca anma amac\u0131yla devrede olacak. \u0130\u015fte t\u00fcm detaylar&#8230;<\/p>\n<p>S\u0130RENLER \u0130K\u0130 DAK\u0130KA BOYUNCA \u00c7ALACAK!<\/p>\n<p>Saat 09.05 ile 09.07 aras\u0131nda, il genelinde sivil savunma sirenleri ve resmi ile \u00f6zel kurulu\u015flara ait sirenler, iki dakika boyunca &#8220;Sar\u0131 \u0130kaz&#8221; (d\u00fcz siren sesi) \u015feklinde \u00e7alacak. T\u00fcm vatanda\u015flar\u0131n sayg\u0131 duru\u015funda bulunmas\u0131 beklenirken, bu anma ile Atat\u00fcrk&#8217;e duyulan minnet bir kez daha ifade edilecek.<\/p>\n<p>ANTALYA VAL\u0130L\u0130\u011e\u0130&#8217;NDEN A\u00c7IKLAMA YAPILDI<\/p>\n<p>Antalya Valili\u011fi yapt\u0131\u011f\u0131 a\u00e7\u0131klamada: &#8220;\u0130l Afet ve Acil Durum M\u00fcd\u00fcrl\u00fc\u011f\u00fc&#8217;n\u00fcn yaz\u0131s\u0131 gere\u011fi; \u0130limizde bulunan b\u00fct\u00fcn sirenler, her y\u0131l oldu\u011fu gibi bu y\u0131l da 10 Kas\u0131m 2024 g\u00fcn\u00fc saat 09.05&#8217;te, 2 (iki) dakika s\u00fcre ile Sar\u0131 \u0130kaz (d\u00fcz siren sesi) \u015feklinde \u00e7ald\u0131r\u0131lacakt\u0131r. Bilgilerinize sunar iyi \u00e7al\u0131\u015fmalar dileriz&#8221; ifadelerine yer verildi.<\/p>\n<p>\u200b10 Kas\u0131m 1938 tarihinde ebediyete intikal eden Ulu \u00d6nder Gazi Mustafa Kemal Atat\u00fcrk\u2019\u00fcn vefat\u0131n\u0131n 86. Y\u0131ld\u00f6n\u00fcm\u00fc nedeniyle 10 Kas\u0131m 2024 Pazar g\u00fcn\u00fc Antalya il genelinde sirenler 2 dakika \u00e7alacak. Antalya Valili\u011fi 10 Kas\u0131m\u2019da d\u00fczenlenecek programla ilgili a\u00e7\u0131klama yapt\u0131. \u0130\u015fte ayr\u0131nt\u0131lar&#8230;\u00a0<\/p>\n<p>\u200bHaberin Al\u0131nt\u0131land\u0131\u011f\u0131 Kaynak: www.antalyakorfez.com<\/p>","protected":false},"excerpt":{"rendered":"<p>T\u00fcrkiye Cumhuriyeti\u2019nin kurucusu Gazi Mustafa Kemal Atat\u00fcrk&#8217;\u00fcn aram\u0131zdan ayr\u0131l\u0131\u015f\u0131n\u0131n 86. y\u0131l\u0131 an\u0131s\u0131na 10 Kas\u0131m 2024 tarihinde anma etkinlikleri d\u00fczenlenecek. 10 Kas\u0131m&#8217;da saat 09.05\u2019te, Ulu \u00d6nder Atat\u00fcrk&#8217;\u00fcn 86. \u00f6l\u00fcm y\u0131ld\u00f6n\u00fcm\u00fc dolay\u0131s\u0131yla il genelinde sirenler \u00e7al\u0131nacak. T\u00fcm resmi ve \u00f6zel kurulu\u015flara ait sirenler 2 dakika boyunca anma amac\u0131yla devrede olacak. \u0130\u015fte t\u00fcm detaylar&#8230; S\u0130RENLER \u0130K\u0130 DAK\u0130KA BOYUNCA \u00c7ALACAK! Saat 09.05 ile 09.07 aras\u0131nda, il genelinde sivil savunma sirenleri ve resmi ile \u00f6zel kurulu\u015flara ait sirenler, iki dakika boyunca &#8220;Sar\u0131 \u0130kaz&#8221; (d\u00fcz siren sesi) \u015feklinde \u00e7alacak. T\u00fcm vatanda\u015flar\u0131n sayg\u0131 duru\u015funda bulunmas\u0131 beklenirken, bu anma ile Atat\u00fcrk&#8217;e duyulan minnet bir kez daha ifade edilecek. ANTALYA VAL\u0130L\u0130\u011e\u0130&#8217;NDEN A\u00c7IKLAMA YAPILDI Antalya Valili\u011fi yapt\u0131\u011f\u0131 a\u00e7\u0131klamada: &#8220;\u0130l Afet ve Acil Durum M\u00fcd\u00fcrl\u00fc\u011f\u00fc&#8217;n\u00fcn yaz\u0131s\u0131 gere\u011fi; \u0130limizde bulunan b\u00fct\u00fcn sirenler, her y\u0131l oldu\u011fu gibi bu y\u0131l da 10 Kas\u0131m 2024 g\u00fcn\u00fc saat 09.05&#8217;te, 2 (iki) dakika s\u00fcre ile Sar\u0131 \u0130kaz (d\u00fcz siren sesi) \u015feklinde \u00e7ald\u0131r\u0131lacakt\u0131r. Bilgilerinize sunar iyi \u00e7al\u0131\u015fmalar dileriz&#8221; ifadelerine yer verildi. \u200b10 Kas\u0131m 1938 tarihinde ebediyete intikal eden Ulu \u00d6nder Gazi Mustafa Kemal Atat\u00fcrk\u2019\u00fcn vefat\u0131n\u0131n 86. Y\u0131ld\u00f6n\u00fcm\u00fc nedeniyle 10 Kas\u0131m 2024 Pazar g\u00fcn\u00fc Antalya il genelinde sirenler 2 dakika \u00e7alacak. Antalya Valili\u011fi 10 Kas\u0131m\u2019da d\u00fczenlenecek programla ilgili a\u00e7\u0131klama yapt\u0131. \u0130\u015fte ayr\u0131nt\u0131lar&#8230;\u00a0 \u200bHaberin Al\u0131nt\u0131land\u0131\u011f\u0131 Kaynak: www.antalyakorfez.com<\/p>","protected":false},"author":0,"featured_media":0,"comment_status":"open","ping_status":"open","sticky":false,"template":"","format":"standard","meta":{"_acf_changed":false,"footnotes":""},"categories":[24,535],"tags":[],"class_list":["post-14843","post","type-post","status-publish","format-standard","has-post-thumbnail","hentry","category-gundem","category-uncategorized-tr"],"acf":[],"yoast_head":"<!-- This site is optimized with the Yoast SEO Premium plugin v26.6 (Yoast SEO v27.1.1) - https:\/\/yoast.com\/product\/yoast-seo-premium-wordpress\/ -->\n<title>Antalya Valili\u011fi uyard\u0131\u2026 \u015eehir genelinde sirenler \u00e7alacak! - Av. Deniz Can K\u0131z\u0131l<\/title>\n<meta name=\"robots\" content=\"index, follow, max-snippet:-1, max-image-preview:large, max-video-preview:-1\" \/>\n<link rel=\"canonical\" href=\"http:\/\/denizcankizil.tr\/de\/haberler\/gundem\/antalya-valiligi-uyardi-sehir-genelinde-sirenler-calacak\/\" \/>\n<meta property=\"og:locale\" content=\"de_DE\" \/>\n<meta property=\"og:type\" content=\"article\" \/>\n<meta property=\"og:title\" content=\"Antalya Valili\u011fi uyard\u0131\u2026 \u015eehir genelinde sirenler \u00e7alacak!\" \/>\n<meta property=\"og:description\" content=\"T\u00fcrkiye Cumhuriyeti\u2019nin kurucusu Gazi Mustafa Kemal Atat\u00fcrk&#8217;\u00fcn aram\u0131zdan ayr\u0131l\u0131\u015f\u0131n\u0131n 86. y\u0131l\u0131 an\u0131s\u0131na 10 Kas\u0131m 2024 tarihinde anma etkinlikleri d\u00fczenlenecek. 10 Kas\u0131m&#8217;da saat 09.05\u2019te, Ulu \u00d6nder Atat\u00fcrk&#8217;\u00fcn 86. \u00f6l\u00fcm y\u0131ld\u00f6n\u00fcm\u00fc dolay\u0131s\u0131yla il genelinde sirenler \u00e7al\u0131nacak. T\u00fcm resmi ve \u00f6zel kurulu\u015flara ait sirenler 2 dakika boyunca anma amac\u0131yla devrede olacak. \u0130\u015fte t\u00fcm detaylar&#8230; S\u0130RENLER \u0130K\u0130 DAK\u0130KA BOYUNCA \u00c7ALACAK! Saat 09.05 ile 09.07 aras\u0131nda, il genelinde sivil savunma sirenleri ve resmi ile \u00f6zel kurulu\u015flara ait sirenler, iki dakika boyunca &#8220;Sar\u0131 \u0130kaz&#8221; (d\u00fcz siren sesi) \u015feklinde \u00e7alacak. T\u00fcm vatanda\u015flar\u0131n sayg\u0131 duru\u015funda bulunmas\u0131 beklenirken, bu anma ile Atat\u00fcrk&#8217;e duyulan minnet bir kez daha ifade edilecek. ANTALYA VAL\u0130L\u0130\u011e\u0130&#8217;NDEN A\u00c7IKLAMA YAPILDI Antalya Valili\u011fi yapt\u0131\u011f\u0131 a\u00e7\u0131klamada: &#8220;\u0130l Afet ve Acil Durum M\u00fcd\u00fcrl\u00fc\u011f\u00fc&#8217;n\u00fcn yaz\u0131s\u0131 gere\u011fi; \u0130limizde bulunan b\u00fct\u00fcn sirenler, her y\u0131l oldu\u011fu gibi bu y\u0131l da 10 Kas\u0131m 2024 g\u00fcn\u00fc saat 09.05&#8217;te, 2 (iki) dakika s\u00fcre ile Sar\u0131 \u0130kaz (d\u00fcz siren sesi) \u015feklinde \u00e7ald\u0131r\u0131lacakt\u0131r. Bilgilerinize sunar iyi \u00e7al\u0131\u015fmalar dileriz&#8221; ifadelerine yer verildi. \u200b10 Kas\u0131m 1938 tarihinde ebediyete intikal eden Ulu \u00d6nder Gazi Mustafa Kemal Atat\u00fcrk\u2019\u00fcn vefat\u0131n\u0131n 86. Y\u0131ld\u00f6n\u00fcm\u00fc nedeniyle 10 Kas\u0131m 2024 Pazar g\u00fcn\u00fc Antalya il genelinde sirenler 2 dakika \u00e7alacak. Antalya Valili\u011fi 10 Kas\u0131m\u2019da d\u00fczenlenecek programla ilgili a\u00e7\u0131klama yapt\u0131. \u0130\u015fte ayr\u0131nt\u0131lar&#8230;\u00a0 \u200bHaberin Al\u0131nt\u0131land\u0131\u011f\u0131 Kaynak: www.antalyakorfez.com\" \/>\n<meta property=\"og:url\" content=\"http:\/\/denizcankizil.tr\/de\/haberler\/gundem\/antalya-valiligi-uyardi-sehir-genelinde-sirenler-calacak\/\" \/>\n<meta property=\"og:site_name\" content=\"Av. Deniz Can K\u0131z\u0131l\" \/>\n<meta property=\"article:published_time\" content=\"2024-11-09T07:41:17+00:00\" \/>\n<meta name=\"twitter:card\" content=\"summary_large_image\" \/>\n<meta name=\"twitter:label1\" content=\"Gesch\u00e4tzte Lesezeit\" \/>\n\t<meta name=\"twitter:data1\" content=\"1\u00a0Minute\" \/>\n<script type=\"application\/ld+json\" class=\"yoast-schema-graph\">{\"@context\":\"https:\/\/schema.org\",\"@graph\":[{\"@type\":\"Article\",\"@id\":\"http:\/\/denizcankizil.tr\/ru\/haberler\/gundem\/antalya-valiligi-uyardi-sehir-genelinde-sirenler-calacak\/#article\",\"isPartOf\":{\"@id\":\"http:\/\/denizcankizil.tr\/ru\/haberler\/gundem\/antalya-valiligi-uyardi-sehir-genelinde-sirenler-calacak\/\"},\"author\":{\"name\":\"\",\"@id\":\"\"},\"headline\":\"Antalya Valili\u011fi uyard\u0131\u2026 \u015eehir genelinde sirenler \u00e7alacak!\",\"datePublished\":\"2024-11-09T07:41:17+00:00\",\"mainEntityOfPage\":{\"@id\":\"http:\/\/denizcankizil.tr\/ru\/haberler\/gundem\/antalya-valiligi-uyardi-sehir-genelinde-sirenler-calacak\/\"},\"wordCount\":271,\"commentCount\":0,\"publisher\":{\"@id\":\"https:\/\/denizcankizil.tr\/de\/#organization\"},\"articleSection\":[\"G\u00fcndem\",\"Uncategorized\"],\"inLanguage\":\"de\",\"potentialAction\":[{\"@type\":\"CommentAction\",\"name\":\"Comment\",\"target\":[\"http:\/\/denizcankizil.tr\/ru\/haberler\/gundem\/antalya-valiligi-uyardi-sehir-genelinde-sirenler-calacak\/#respond\"]}]},{\"@type\":\"WebPage\",\"@id\":\"http:\/\/denizcankizil.tr\/ru\/haberler\/gundem\/antalya-valiligi-uyardi-sehir-genelinde-sirenler-calacak\/\",\"url\":\"http:\/\/denizcankizil.tr\/ru\/haberler\/gundem\/antalya-valiligi-uyardi-sehir-genelinde-sirenler-calacak\/\",\"name\":\"Antalya Valili\u011fi uyard\u0131\u2026 \u015eehir genelinde sirenler \u00e7alacak! - Av. Deniz Can K\u0131z\u0131l\",\"isPartOf\":{\"@id\":\"https:\/\/denizcankizil.tr\/de\/#website\"},\"datePublished\":\"2024-11-09T07:41:17+00:00\",\"breadcrumb\":{\"@id\":\"http:\/\/denizcankizil.tr\/ru\/haberler\/gundem\/antalya-valiligi-uyardi-sehir-genelinde-sirenler-calacak\/#breadcrumb\"},\"inLanguage\":\"de\",\"potentialAction\":[{\"@type\":\"ReadAction\",\"target\":[\"http:\/\/denizcankizil.tr\/ru\/haberler\/gundem\/antalya-valiligi-uyardi-sehir-genelinde-sirenler-calacak\/\"]}]},{\"@type\":\"BreadcrumbList\",\"@id\":\"http:\/\/denizcankizil.tr\/ru\/haberler\/gundem\/antalya-valiligi-uyardi-sehir-genelinde-sirenler-calacak\/#breadcrumb\",\"itemListElement\":[{\"@type\":\"ListItem\",\"position\":1,\"name\":\"Home\",\"item\":\"https:\/\/denizcankizil.tr\/de\/\"},{\"@type\":\"ListItem\",\"position\":2,\"name\":\"Antalya Valili\u011fi uyard\u0131\u2026 \u015eehir genelinde sirenler \u00e7alacak!\"}]},{\"@type\":\"WebSite\",\"@id\":\"https:\/\/denizcankizil.tr\/de\/#website\",\"url\":\"https:\/\/denizcankizil.tr\/de\/\",\"name\":\"Av. Deniz Can K\u0131z\u0131l\",\"description\":\"Avukat Deniz Can K\u0131z\u0131l Antalya Barosu\",\"publisher\":{\"@id\":\"https:\/\/denizcankizil.tr\/de\/#organization\"},\"potentialAction\":[{\"@type\":\"SearchAction\",\"target\":{\"@type\":\"EntryPoint\",\"urlTemplate\":\"https:\/\/denizcankizil.tr\/de\/?s={search_term_string}\"},\"query-input\":{\"@type\":\"PropertyValueSpecification\",\"valueRequired\":true,\"valueName\":\"search_term_string\"}}],\"inLanguage\":\"de\"},{\"@type\":\"Organization\",\"@id\":\"https:\/\/denizcankizil.tr\/de\/#organization\",\"name\":\"Av. Deniz Can K\u0131z\u0131l\",\"url\":\"https:\/\/denizcankizil.tr\/de\/\",\"logo\":{\"@type\":\"ImageObject\",\"inLanguage\":\"de\",\"@id\":\"https:\/\/denizcankizil.tr\/de\/#\/schema\/logo\/image\/\",\"url\":\"https:\/\/denizcankizil.tr\/wp-content\/uploads\/2024\/10\/siyah-logo-svg.svg\",\"contentUrl\":\"https:\/\/denizcankizil.tr\/wp-content\/uploads\/2024\/10\/siyah-logo-svg.svg\",\"width\":1080,\"height\":1080,\"caption\":\"Av. Deniz Can K\u0131z\u0131l\"},\"image\":{\"@id\":\"https:\/\/denizcankizil.tr\/de\/#\/schema\/logo\/image\/\"}}]}<\/script>\n<!-- \/ Yoast SEO Premium plugin. -->","yoast_head_json":{"title":"Antalya Valili\u011fi uyard\u0131\u2026 \u015eehir genelinde sirenler \u00e7alacak! - Av. Deniz Can K\u0131z\u0131l","robots":{"index":"index","follow":"follow","max-snippet":"max-snippet:-1","max-image-preview":"max-image-preview:large","max-video-preview":"max-video-preview:-1"},"canonical":"http:\/\/denizcankizil.tr\/de\/haberler\/gundem\/antalya-valiligi-uyardi-sehir-genelinde-sirenler-calacak\/","og_locale":"de_DE","og_type":"article","og_title":"Antalya Valili\u011fi uyard\u0131\u2026 \u015eehir genelinde sirenler \u00e7alacak!","og_description":"T\u00fcrkiye Cumhuriyeti\u2019nin kurucusu Gazi Mustafa Kemal Atat\u00fcrk&#8217;\u00fcn aram\u0131zdan ayr\u0131l\u0131\u015f\u0131n\u0131n 86. y\u0131l\u0131 an\u0131s\u0131na 10 Kas\u0131m 2024 tarihinde anma etkinlikleri d\u00fczenlenecek. 10 Kas\u0131m&#8217;da saat 09.05\u2019te, Ulu \u00d6nder Atat\u00fcrk&#8217;\u00fcn 86. \u00f6l\u00fcm y\u0131ld\u00f6n\u00fcm\u00fc dolay\u0131s\u0131yla il genelinde sirenler \u00e7al\u0131nacak. T\u00fcm resmi ve \u00f6zel kurulu\u015flara ait sirenler 2 dakika boyunca anma amac\u0131yla devrede olacak. \u0130\u015fte t\u00fcm detaylar&#8230; S\u0130RENLER \u0130K\u0130 DAK\u0130KA BOYUNCA \u00c7ALACAK! Saat 09.05 ile 09.07 aras\u0131nda, il genelinde sivil savunma sirenleri ve resmi ile \u00f6zel kurulu\u015flara ait sirenler, iki dakika boyunca &#8220;Sar\u0131 \u0130kaz&#8221; (d\u00fcz siren sesi) \u015feklinde \u00e7alacak. T\u00fcm vatanda\u015flar\u0131n sayg\u0131 duru\u015funda bulunmas\u0131 beklenirken, bu anma ile Atat\u00fcrk&#8217;e duyulan minnet bir kez daha ifade edilecek. ANTALYA VAL\u0130L\u0130\u011e\u0130&#8217;NDEN A\u00c7IKLAMA YAPILDI Antalya Valili\u011fi yapt\u0131\u011f\u0131 a\u00e7\u0131klamada: &#8220;\u0130l Afet ve Acil Durum M\u00fcd\u00fcrl\u00fc\u011f\u00fc&#8217;n\u00fcn yaz\u0131s\u0131 gere\u011fi; \u0130limizde bulunan b\u00fct\u00fcn sirenler, her y\u0131l oldu\u011fu gibi bu y\u0131l da 10 Kas\u0131m 2024 g\u00fcn\u00fc saat 09.05&#8217;te, 2 (iki) dakika s\u00fcre ile Sar\u0131 \u0130kaz (d\u00fcz siren sesi) \u015feklinde \u00e7ald\u0131r\u0131lacakt\u0131r. Bilgilerinize sunar iyi \u00e7al\u0131\u015fmalar dileriz&#8221; ifadelerine yer verildi. \u200b10 Kas\u0131m 1938 tarihinde ebediyete intikal eden Ulu \u00d6nder Gazi Mustafa Kemal Atat\u00fcrk\u2019\u00fcn vefat\u0131n\u0131n 86. Y\u0131ld\u00f6n\u00fcm\u00fc nedeniyle 10 Kas\u0131m 2024 Pazar g\u00fcn\u00fc Antalya il genelinde sirenler 2 dakika \u00e7alacak. Antalya Valili\u011fi 10 Kas\u0131m\u2019da d\u00fczenlenecek programla ilgili a\u00e7\u0131klama yapt\u0131. \u0130\u015fte ayr\u0131nt\u0131lar&#8230;\u00a0 \u200bHaberin Al\u0131nt\u0131land\u0131\u011f\u0131 Kaynak: www.antalyakorfez.com","og_url":"http:\/\/denizcankizil.tr\/de\/haberler\/gundem\/antalya-valiligi-uyardi-sehir-genelinde-sirenler-calacak\/","og_site_name":"Av. Deniz Can K\u0131z\u0131l","article_published_time":"2024-11-09T07:41:17+00:00","twitter_card":"summary_large_image","twitter_misc":{"Gesch\u00e4tzte Lesezeit":"1\u00a0Minute"},"schema":{"@context":"https:\/\/schema.org","@graph":[{"@type":"Article","@id":"http:\/\/denizcankizil.tr\/ru\/haberler\/gundem\/antalya-valiligi-uyardi-sehir-genelinde-sirenler-calacak\/#article","isPartOf":{"@id":"http:\/\/denizcankizil.tr\/ru\/haberler\/gundem\/antalya-valiligi-uyardi-sehir-genelinde-sirenler-calacak\/"},"author":{"name":"","@id":""},"headline":"Antalya Valili\u011fi uyard\u0131\u2026 \u015eehir genelinde sirenler \u00e7alacak!","datePublished":"2024-11-09T07:41:17+00:00","mainEntityOfPage":{"@id":"http:\/\/denizcankizil.tr\/ru\/haberler\/gundem\/antalya-valiligi-uyardi-sehir-genelinde-sirenler-calacak\/"},"wordCount":271,"commentCount":0,"publisher":{"@id":"https:\/\/denizcankizil.tr\/de\/#organization"},"articleSection":["G\u00fcndem","Uncategorized"],"inLanguage":"de","potentialAction":[{"@type":"CommentAction","name":"Comment","target":["http:\/\/denizcankizil.tr\/ru\/haberler\/gundem\/antalya-valiligi-uyardi-sehir-genelinde-sirenler-calacak\/#respond"]}]},{"@type":"WebPage","@id":"http:\/\/denizcankizil.tr\/ru\/haberler\/gundem\/antalya-valiligi-uyardi-sehir-genelinde-sirenler-calacak\/","url":"http:\/\/denizcankizil.tr\/ru\/haberler\/gundem\/antalya-valiligi-uyardi-sehir-genelinde-sirenler-calacak\/","name":"Antalya Valili\u011fi uyard\u0131\u2026 \u015eehir genelinde sirenler \u00e7alacak! - Av. Deniz Can K\u0131z\u0131l","isPartOf":{"@id":"https:\/\/denizcankizil.tr\/de\/#website"},"datePublished":"2024-11-09T07:41:17+00:00","breadcrumb":{"@id":"http:\/\/denizcankizil.tr\/ru\/haberler\/gundem\/antalya-valiligi-uyardi-sehir-genelinde-sirenler-calacak\/#breadcrumb"},"inLanguage":"de","potentialAction":[{"@type":"ReadAction","target":["http:\/\/denizcankizil.tr\/ru\/haberler\/gundem\/antalya-valiligi-uyardi-sehir-genelinde-sirenler-calacak\/"]}]},{"@type":"BreadcrumbList","@id":"http:\/\/denizcankizil.tr\/ru\/haberler\/gundem\/antalya-valiligi-uyardi-sehir-genelinde-sirenler-calacak\/#breadcrumb","itemListElement":[{"@type":"ListItem","position":1,"name":"Home","item":"https:\/\/denizcankizil.tr\/de\/"},{"@type":"ListItem","position":2,"name":"Antalya Valili\u011fi uyard\u0131\u2026 \u015eehir genelinde sirenler \u00e7alacak!"}]},{"@type":"WebSite","@id":"https:\/\/denizcankizil.tr\/de\/#website","url":"https:\/\/denizcankizil.tr\/de\/","name":"Av. Deniz Can K\u0131z\u0131l","description":"Avukat Deniz Can K\u0131z\u0131l Antalya Barosu","publisher":{"@id":"https:\/\/denizcankizil.tr\/de\/#organization"},"potentialAction":[{"@type":"SearchAction","target":{"@type":"EntryPoint","urlTemplate":"https:\/\/denizcankizil.tr\/de\/?s={search_term_string}"},"query-input":{"@type":"PropertyValueSpecification","valueRequired":true,"valueName":"search_term_string"}}],"inLanguage":"de"},{"@type":"Organization","@id":"https:\/\/denizcankizil.tr\/de\/#organization","name":"Av. Deniz Can K\u0131z\u0131l","url":"https:\/\/denizcankizil.tr\/de\/","logo":{"@type":"ImageObject","inLanguage":"de","@id":"https:\/\/denizcankizil.tr\/de\/#\/schema\/logo\/image\/","url":"https:\/\/denizcankizil.tr\/wp-content\/uploads\/2024\/10\/siyah-logo-svg.svg","contentUrl":"https:\/\/denizcankizil.tr\/wp-content\/uploads\/2024\/10\/siyah-logo-svg.svg","width":1080,"height":1080,"caption":"Av. Deniz Can K\u0131z\u0131l"},"image":{"@id":"https:\/\/denizcankizil.tr\/de\/#\/schema\/logo\/image\/"}}]}},"_links":{"self":[{"href":"https:\/\/denizcankizil.tr\/de\/wp-json\/wp\/v2\/posts\/14843","targetHints":{"allow":["GET"]}}],"collection":[{"href":"https:\/\/denizcankizil.tr\/de\/wp-json\/wp\/v2\/posts"}],"about":[{"href":"https:\/\/denizcankizil.tr\/de\/wp-json\/wp\/v2\/types\/post"}],"replies":[{"embeddable":true,"href":"https:\/\/denizcankizil.tr\/de\/wp-json\/wp\/v2\/comments?post=14843"}],"version-history":[{"count":0,"href":"https:\/\/denizcankizil.tr\/de\/wp-json\/wp\/v2\/posts\/14843\/revisions"}],"wp:attachment":[{"href":"https:\/\/denizcankizil.tr\/de\/wp-json\/wp\/v2\/media?parent=14843"}],"wp:term":[{"taxonomy":"category","embeddable":true,"href":"https:\/\/denizcankizil.tr\/de\/wp-json\/wp\/v2\/categories?post=14843"},{"taxonomy":"post_tag","embeddable":true,"href":"https:\/\/denizcankizil.tr\/de\/wp-json\/wp\/v2\/tags?post=14843"}],"curies":[{"name":"wp","href":"https:\/\/api.w.org\/{rel}","templated":true}]}}