{"id":147687,"date":"2025-07-16T10:41:49","date_gmt":"2025-07-16T07:41:49","guid":{"rendered":"https:\/\/denizcankizil.tr\/uncategorized-tr\/antalyada-ilginc-kar-mesaisi-baharda-toplayip-yazin-testere-ile-kesiyorlar\/"},"modified":"2025-07-16T10:41:49","modified_gmt":"2025-07-16T07:41:49","slug":"antalyada-ilginc-kar-mesaisi-baharda-toplayip-yazin-testere-ile-kesiyorlar","status":"publish","type":"post","link":"https:\/\/denizcankizil.tr\/de\/haberler\/gundem\/antalyada-ilginc-kar-mesaisi-baharda-toplayip-yazin-testere-ile-kesiyorlar\/","title":{"rendered":"Antalya\u2019da ilgin\u00e7 kar mesaisi! Baharda toplay\u0131p, yaz\u0131n testere ile kesiyorlar"},"content":{"rendered":"<p>Bat\u0131 Toroslar\u0131n en y\u00fcksek noktas\u0131 olarak bilinen Antalya&#8217;n\u0131n Kumluca il\u00e7esinde bulunan 3 bin 64 rak\u0131ml\u0131 K\u0131zlar Sivrisi Da\u011f\u0131&#8217;na bahar aylar\u0131nda \u00e7\u0131kan pazar esnaf\u0131, zirvede bulunan kar da\u011flar\u0131n\u0131 \u00f6rt\u00fc alt\u0131na al\u0131yor. \u00d6rt\u00fcne alt\u0131na al\u0131narak s\u0131caklardan korunan kar a\u015f\u0131r\u0131 s\u0131caklarda erimeyerek Eyl\u00fcl ay\u0131na kadar pazar esnaf\u0131n\u0131n ge\u00e7im kayna\u011f\u0131 oluyor. Testere ile k\u00fcp k\u00fcp kesilerek \u015fehre indirilen kar, \u015ferbet olarak sat\u0131\u015fa sunuluyor.<\/p>\n<p>\u00d6RT\u00dc ALTINDA KORUNUYOR<\/p>\n<p>Kumluca il\u00e7esinde bulunan 3 bin 64 rak\u0131ml\u0131 K\u0131zlar Sivrisi Da\u011f\u0131&#8217;nda devasa kar k\u00fctleleri ortalama g\u00fcnd\u00fcz 20, gece ise eksi 5 derecede erimeden 3 ay boyunca kendini koruyor. Kar yaz\u0131n pazarlarda kar \u015ferbeti satan esnaf\u0131n ge\u00e7im kayna\u011f\u0131 oldu. \u0130l\u00e7ede ya\u015fayan Ramazan Ulusoy e\u015fini de yan\u0131na alarak haftada bir g\u00fcn trakt\u00f6r\u00fcne binerek 3 saat yolculu\u011fun ard\u0131ndan kar k\u00fctlelerinin oldu\u011fu da\u011fa \u00e7\u0131k\u0131yor.<\/p>\n<p>SAATLER S\u00dcREN YOLCULUK<\/p>\n<p>Antalya K\u00f6rfez Gazetesi muhabiri Ertu\u011frul G\u00fcn&#8217;\u00fcn haberine g\u00f6re; burada a\u011fa\u00e7 motorlar\u0131 ile kesine karlar, \u00f6nce \u00e7uvallara konuluyor daha sonra ise g\u00fcne\u015ften etkilenmeyecek \u015fekilde tekrar \u00fcst\u00fc \u00f6rt\u00fclerek r\u00f6morka y\u00fckleniyor. Y\u00fcklenen kar, patika yoldan tekrar 5 saat s\u00fcren bir yolcu\u011fun ard\u0131ndan il\u00e7e merkezine getiriliyor. \u0130l\u00e7e merkezinde ise pazarda kar \u015ferbeti yap\u0131larak vatanda\u015flara ikram ediliyor. Antalya&#8217;n\u0131n kavurucu s\u0131caklar\u0131nda t\u00fcketilen karlar buz gibi ferahl\u0131k veriyor.<\/p>\n<p>15 YILDIR EMEK VER\u0130YOR <\/p>\n<p>15 y\u0131ld\u0131r da\u011flardan kar ta\u015f\u0131yan Ramazan Ulusoy, \u201c3 bin 64 rak\u0131ml\u0131 K\u0131zlar Sivrisi Da\u011f\u0131&#8217;n\u0131n eteklerinde bulunuyoruz. Her yaz bahar aylar\u0131nda gelerek karlar\u0131m\u0131z\u0131n \u00fczerini \u00f6rteriz. Yaz\u0131n da s\u0131caklar art\u0131nda \u015fehre indiriyorum. Hem s\u0131cak havalarda milletimize hay\u0131r hem de ticaretimi yap\u0131yorum. Bizim i\u00e7in zor olan bir \u015fey de\u011fil, y\u0131llard\u0131r ekme\u011fimizi burada kazan\u0131r\u0131z. Kar bizim ge\u00e7im kayna\u011f\u0131m\u0131z. A\u011fustos ortas\u0131na kadar karlar erimez&#8221; ifadelerine yer verdi.<\/p>\n<p>\u200bAntalya\u2019da 3 bin 64 rak\u0131ml\u0131 zirvede bahar aylar\u0131nda \u00f6rt\u00fc alt\u0131na al\u0131nan \u2018kar da\u011flar\u0131\u2019, yaz\u0131n 3 ay boyunca testere ile kesilerek hasat ediliyor. Da\u011f\u0131n zirvesinden k\u00fcpler halinde trakt\u00f6rle 5 saatte indirilen kar, pazarda \u015ferbet yap\u0131larak s\u0131cak havalarda buz gibi ferahl\u0131k veriyor.\u00a0<\/p>\n<p>\u200bHaberin Al\u0131nt\u0131land\u0131\u011f\u0131 Kaynak: www.antalyakorfez.com<\/p>","protected":false},"excerpt":{"rendered":"<p>Bat\u0131 Toroslar\u0131n en y\u00fcksek noktas\u0131 olarak bilinen Antalya&#8217;n\u0131n Kumluca il\u00e7esinde bulunan 3 bin 64 rak\u0131ml\u0131 K\u0131zlar Sivrisi Da\u011f\u0131&#8217;na bahar aylar\u0131nda \u00e7\u0131kan pazar esnaf\u0131, zirvede bulunan kar da\u011flar\u0131n\u0131 \u00f6rt\u00fc alt\u0131na al\u0131yor. \u00d6rt\u00fcne alt\u0131na al\u0131narak s\u0131caklardan korunan kar a\u015f\u0131r\u0131 s\u0131caklarda erimeyerek Eyl\u00fcl ay\u0131na kadar pazar esnaf\u0131n\u0131n ge\u00e7im kayna\u011f\u0131 oluyor. Testere ile k\u00fcp k\u00fcp kesilerek \u015fehre indirilen kar, \u015ferbet olarak sat\u0131\u015fa sunuluyor. \u00d6RT\u00dc ALTINDA KORUNUYOR Kumluca il\u00e7esinde bulunan 3 bin 64 rak\u0131ml\u0131 K\u0131zlar Sivrisi Da\u011f\u0131&#8217;nda devasa kar k\u00fctleleri ortalama g\u00fcnd\u00fcz 20, gece ise eksi 5 derecede erimeden 3 ay boyunca kendini koruyor. Kar yaz\u0131n pazarlarda kar \u015ferbeti satan esnaf\u0131n ge\u00e7im kayna\u011f\u0131 oldu. \u0130l\u00e7ede ya\u015fayan Ramazan Ulusoy e\u015fini de yan\u0131na alarak haftada bir g\u00fcn trakt\u00f6r\u00fcne binerek 3 saat yolculu\u011fun ard\u0131ndan kar k\u00fctlelerinin oldu\u011fu da\u011fa \u00e7\u0131k\u0131yor. SAATLER S\u00dcREN YOLCULUK Antalya K\u00f6rfez Gazetesi muhabiri Ertu\u011frul G\u00fcn&#8217;\u00fcn haberine g\u00f6re; burada a\u011fa\u00e7 motorlar\u0131 ile kesine karlar, \u00f6nce \u00e7uvallara konuluyor daha sonra ise g\u00fcne\u015ften etkilenmeyecek \u015fekilde tekrar \u00fcst\u00fc \u00f6rt\u00fclerek r\u00f6morka y\u00fckleniyor. Y\u00fcklenen kar, patika yoldan tekrar 5 saat s\u00fcren bir yolcu\u011fun ard\u0131ndan il\u00e7e merkezine getiriliyor. \u0130l\u00e7e merkezinde ise pazarda kar \u015ferbeti yap\u0131larak vatanda\u015flara ikram ediliyor. Antalya&#8217;n\u0131n kavurucu s\u0131caklar\u0131nda t\u00fcketilen karlar buz gibi ferahl\u0131k veriyor. 15 YILDIR EMEK VER\u0130YOR 15 y\u0131ld\u0131r da\u011flardan kar ta\u015f\u0131yan Ramazan Ulusoy, \u201c3 bin 64 rak\u0131ml\u0131 &hellip;<\/p>","protected":false},"author":5,"featured_media":0,"comment_status":"","ping_status":"open","sticky":false,"template":"","format":"standard","meta":{"_acf_changed":false,"footnotes":""},"categories":[24],"tags":[],"class_list":["post-147687","post","type-post","status-publish","format-standard","has-post-thumbnail","hentry","category-gundem"],"acf":[],"yoast_head":"<!-- This site is optimized with the Yoast SEO Premium plugin v26.6 (Yoast SEO v27.1.1) - https:\/\/yoast.com\/product\/yoast-seo-premium-wordpress\/ -->\n<title>Antalya\u2019da ilgin\u00e7 kar mesaisi! Baharda toplay\u0131p, yaz\u0131n testere ile kesiyorlar - Av. Deniz Can K\u0131z\u0131l<\/title>\n<meta name=\"robots\" content=\"index, follow, max-snippet:-1, max-image-preview:large, max-video-preview:-1\" \/>\n<link rel=\"canonical\" href=\"https:\/\/denizcankizil.tr\/de\/haberler\/gundem\/antalyada-ilginc-kar-mesaisi-baharda-toplayip-yazin-testere-ile-kesiyorlar\/\" \/>\n<meta property=\"og:locale\" content=\"de_DE\" \/>\n<meta property=\"og:type\" content=\"article\" \/>\n<meta property=\"og:title\" content=\"Antalya\u2019da ilgin\u00e7 kar mesaisi! Baharda toplay\u0131p, yaz\u0131n testere ile kesiyorlar\" \/>\n<meta property=\"og:description\" content=\"Bat\u0131 Toroslar\u0131n en y\u00fcksek noktas\u0131 olarak bilinen Antalya&#8217;n\u0131n Kumluca il\u00e7esinde bulunan 3 bin 64 rak\u0131ml\u0131 K\u0131zlar Sivrisi Da\u011f\u0131&#8217;na bahar aylar\u0131nda \u00e7\u0131kan pazar esnaf\u0131, zirvede bulunan kar da\u011flar\u0131n\u0131 \u00f6rt\u00fc alt\u0131na al\u0131yor. \u00d6rt\u00fcne alt\u0131na al\u0131narak s\u0131caklardan korunan kar a\u015f\u0131r\u0131 s\u0131caklarda erimeyerek Eyl\u00fcl ay\u0131na kadar pazar esnaf\u0131n\u0131n ge\u00e7im kayna\u011f\u0131 oluyor. Testere ile k\u00fcp k\u00fcp kesilerek \u015fehre indirilen kar, \u015ferbet olarak sat\u0131\u015fa sunuluyor. \u00d6RT\u00dc ALTINDA KORUNUYOR Kumluca il\u00e7esinde bulunan 3 bin 64 rak\u0131ml\u0131 K\u0131zlar Sivrisi Da\u011f\u0131&#8217;nda devasa kar k\u00fctleleri ortalama g\u00fcnd\u00fcz 20, gece ise eksi 5 derecede erimeden 3 ay boyunca kendini koruyor. Kar yaz\u0131n pazarlarda kar \u015ferbeti satan esnaf\u0131n ge\u00e7im kayna\u011f\u0131 oldu. \u0130l\u00e7ede ya\u015fayan Ramazan Ulusoy e\u015fini de yan\u0131na alarak haftada bir g\u00fcn trakt\u00f6r\u00fcne binerek 3 saat yolculu\u011fun ard\u0131ndan kar k\u00fctlelerinin oldu\u011fu da\u011fa \u00e7\u0131k\u0131yor. SAATLER S\u00dcREN YOLCULUK Antalya K\u00f6rfez Gazetesi muhabiri Ertu\u011frul G\u00fcn&#8217;\u00fcn haberine g\u00f6re; burada a\u011fa\u00e7 motorlar\u0131 ile kesine karlar, \u00f6nce \u00e7uvallara konuluyor daha sonra ise g\u00fcne\u015ften etkilenmeyecek \u015fekilde tekrar \u00fcst\u00fc \u00f6rt\u00fclerek r\u00f6morka y\u00fckleniyor. Y\u00fcklenen kar, patika yoldan tekrar 5 saat s\u00fcren bir yolcu\u011fun ard\u0131ndan il\u00e7e merkezine getiriliyor. \u0130l\u00e7e merkezinde ise pazarda kar \u015ferbeti yap\u0131larak vatanda\u015flara ikram ediliyor. Antalya&#8217;n\u0131n kavurucu s\u0131caklar\u0131nda t\u00fcketilen karlar buz gibi ferahl\u0131k veriyor. 15 YILDIR EMEK VER\u0130YOR 15 y\u0131ld\u0131r da\u011flardan kar ta\u015f\u0131yan Ramazan Ulusoy, \u201c3 bin 64 rak\u0131ml\u0131 &hellip;\" \/>\n<meta property=\"og:url\" content=\"https:\/\/denizcankizil.tr\/de\/haberler\/gundem\/antalyada-ilginc-kar-mesaisi-baharda-toplayip-yazin-testere-ile-kesiyorlar\/\" \/>\n<meta property=\"og:site_name\" content=\"Av. Deniz Can K\u0131z\u0131l\" \/>\n<meta property=\"article:published_time\" content=\"2025-07-16T07:41:49+00:00\" \/>\n<meta name=\"author\" content=\"Antalya K\u00f6rfez\" \/>\n<meta name=\"twitter:card\" content=\"summary_large_image\" \/>\n<meta name=\"twitter:label1\" content=\"Verfasst von\" \/>\n\t<meta name=\"twitter:data1\" content=\"Antalya K\u00f6rfez\" \/>\n\t<meta name=\"twitter:label2\" content=\"Gesch\u00e4tzte Lesezeit\" \/>\n\t<meta name=\"twitter:data2\" content=\"2\u00a0Minuten\" \/>\n<script type=\"application\/ld+json\" class=\"yoast-schema-graph\">{\"@context\":\"https:\/\/schema.org\",\"@graph\":[{\"@type\":\"Article\",\"@id\":\"https:\/\/denizcankizil.tr\/de\/haberler\/gundem\/antalyada-ilginc-kar-mesaisi-baharda-toplayip-yazin-testere-ile-kesiyorlar\/#article\",\"isPartOf\":{\"@id\":\"https:\/\/denizcankizil.tr\/de\/haberler\/gundem\/antalyada-ilginc-kar-mesaisi-baharda-toplayip-yazin-testere-ile-kesiyorlar\/\"},\"author\":{\"name\":\"Antalya K\u00f6rfez\",\"@id\":\"https:\/\/denizcankizil.tr\/de\/#\/schema\/person\/e1eb71bb4dd684d46563f0af307e1234\"},\"headline\":\"Antalya\u2019da ilgin\u00e7 kar mesaisi! Baharda toplay\u0131p, yaz\u0131n testere ile kesiyorlar\",\"datePublished\":\"2025-07-16T07:41:49+00:00\",\"mainEntityOfPage\":{\"@id\":\"https:\/\/denizcankizil.tr\/de\/haberler\/gundem\/antalyada-ilginc-kar-mesaisi-baharda-toplayip-yazin-testere-ile-kesiyorlar\/\"},\"wordCount\":415,\"publisher\":{\"@id\":\"https:\/\/denizcankizil.tr\/de\/#organization\"},\"articleSection\":[\"G\u00fcndem\"],\"inLanguage\":\"de\"},{\"@type\":\"WebPage\",\"@id\":\"https:\/\/denizcankizil.tr\/de\/haberler\/gundem\/antalyada-ilginc-kar-mesaisi-baharda-toplayip-yazin-testere-ile-kesiyorlar\/\",\"url\":\"https:\/\/denizcankizil.tr\/de\/haberler\/gundem\/antalyada-ilginc-kar-mesaisi-baharda-toplayip-yazin-testere-ile-kesiyorlar\/\",\"name\":\"Antalya\u2019da ilgin\u00e7 kar mesaisi! Baharda toplay\u0131p, yaz\u0131n testere ile kesiyorlar - Av. Deniz Can K\u0131z\u0131l\",\"isPartOf\":{\"@id\":\"https:\/\/denizcankizil.tr\/de\/#website\"},\"datePublished\":\"2025-07-16T07:41:49+00:00\",\"breadcrumb\":{\"@id\":\"https:\/\/denizcankizil.tr\/de\/haberler\/gundem\/antalyada-ilginc-kar-mesaisi-baharda-toplayip-yazin-testere-ile-kesiyorlar\/#breadcrumb\"},\"inLanguage\":\"de\",\"potentialAction\":[{\"@type\":\"ReadAction\",\"target\":[\"https:\/\/denizcankizil.tr\/de\/haberler\/gundem\/antalyada-ilginc-kar-mesaisi-baharda-toplayip-yazin-testere-ile-kesiyorlar\/\"]}]},{\"@type\":\"BreadcrumbList\",\"@id\":\"https:\/\/denizcankizil.tr\/de\/haberler\/gundem\/antalyada-ilginc-kar-mesaisi-baharda-toplayip-yazin-testere-ile-kesiyorlar\/#breadcrumb\",\"itemListElement\":[{\"@type\":\"ListItem\",\"position\":1,\"name\":\"Home\",\"item\":\"https:\/\/denizcankizil.tr\/de\/\"},{\"@type\":\"ListItem\",\"position\":2,\"name\":\"Antalya\u2019da ilgin\u00e7 kar mesaisi! Baharda toplay\u0131p, yaz\u0131n testere ile kesiyorlar\"}]},{\"@type\":\"WebSite\",\"@id\":\"https:\/\/denizcankizil.tr\/de\/#website\",\"url\":\"https:\/\/denizcankizil.tr\/de\/\",\"name\":\"Av. Deniz Can K\u0131z\u0131l\",\"description\":\"Avukat Deniz Can K\u0131z\u0131l Antalya Barosu\",\"publisher\":{\"@id\":\"https:\/\/denizcankizil.tr\/de\/#organization\"},\"potentialAction\":[{\"@type\":\"SearchAction\",\"target\":{\"@type\":\"EntryPoint\",\"urlTemplate\":\"https:\/\/denizcankizil.tr\/de\/?s={search_term_string}\"},\"query-input\":{\"@type\":\"PropertyValueSpecification\",\"valueRequired\":true,\"valueName\":\"search_term_string\"}}],\"inLanguage\":\"de\"},{\"@type\":\"Organization\",\"@id\":\"https:\/\/denizcankizil.tr\/de\/#organization\",\"name\":\"Av. Deniz Can K\u0131z\u0131l\",\"url\":\"https:\/\/denizcankizil.tr\/de\/\",\"logo\":{\"@type\":\"ImageObject\",\"inLanguage\":\"de\",\"@id\":\"https:\/\/denizcankizil.tr\/de\/#\/schema\/logo\/image\/\",\"url\":\"https:\/\/denizcankizil.tr\/wp-content\/uploads\/2024\/10\/siyah-logo-svg.svg\",\"contentUrl\":\"https:\/\/denizcankizil.tr\/wp-content\/uploads\/2024\/10\/siyah-logo-svg.svg\",\"width\":1080,\"height\":1080,\"caption\":\"Av. Deniz Can K\u0131z\u0131l\"},\"image\":{\"@id\":\"https:\/\/denizcankizil.tr\/de\/#\/schema\/logo\/image\/\"}},{\"@type\":\"Person\",\"@id\":\"https:\/\/denizcankizil.tr\/de\/#\/schema\/person\/e1eb71bb4dd684d46563f0af307e1234\",\"name\":\"Antalya K\u00f6rfez\",\"image\":{\"@type\":\"ImageObject\",\"inLanguage\":\"de\",\"@id\":\"https:\/\/denizcankizil.tr\/de\/#\/schema\/person\/image\/\",\"url\":\"https:\/\/secure.gravatar.com\/avatar\/42b01982558a48a0b501fdcab6a408d3717ea5919095ee2e67b0e521799c5905?s=96&d=mm&r=g\",\"contentUrl\":\"https:\/\/secure.gravatar.com\/avatar\/42b01982558a48a0b501fdcab6a408d3717ea5919095ee2e67b0e521799c5905?s=96&d=mm&r=g\",\"caption\":\"Antalya K\u00f6rfez\"},\"sameAs\":[\"http:\/\/www.antalyakorfez.com\"],\"url\":\"https:\/\/www.antalyakorfez.com\/antalyada-ilginc-kar-mesaisi-baharda-toplayip-yazin-testere-ile-kesiyorlar\"}]}<\/script>\n<!-- \/ Yoast SEO Premium plugin. -->","yoast_head_json":{"title":"Antalya\u2019da ilgin\u00e7 kar mesaisi! Baharda toplay\u0131p, yaz\u0131n testere ile kesiyorlar - Av. Deniz Can K\u0131z\u0131l","robots":{"index":"index","follow":"follow","max-snippet":"max-snippet:-1","max-image-preview":"max-image-preview:large","max-video-preview":"max-video-preview:-1"},"canonical":"https:\/\/denizcankizil.tr\/de\/haberler\/gundem\/antalyada-ilginc-kar-mesaisi-baharda-toplayip-yazin-testere-ile-kesiyorlar\/","og_locale":"de_DE","og_type":"article","og_title":"Antalya\u2019da ilgin\u00e7 kar mesaisi! Baharda toplay\u0131p, yaz\u0131n testere ile kesiyorlar","og_description":"Bat\u0131 Toroslar\u0131n en y\u00fcksek noktas\u0131 olarak bilinen Antalya&#8217;n\u0131n Kumluca il\u00e7esinde bulunan 3 bin 64 rak\u0131ml\u0131 K\u0131zlar Sivrisi Da\u011f\u0131&#8217;na bahar aylar\u0131nda \u00e7\u0131kan pazar esnaf\u0131, zirvede bulunan kar da\u011flar\u0131n\u0131 \u00f6rt\u00fc alt\u0131na al\u0131yor. \u00d6rt\u00fcne alt\u0131na al\u0131narak s\u0131caklardan korunan kar a\u015f\u0131r\u0131 s\u0131caklarda erimeyerek Eyl\u00fcl ay\u0131na kadar pazar esnaf\u0131n\u0131n ge\u00e7im kayna\u011f\u0131 oluyor. Testere ile k\u00fcp k\u00fcp kesilerek \u015fehre indirilen kar, \u015ferbet olarak sat\u0131\u015fa sunuluyor. \u00d6RT\u00dc ALTINDA KORUNUYOR Kumluca il\u00e7esinde bulunan 3 bin 64 rak\u0131ml\u0131 K\u0131zlar Sivrisi Da\u011f\u0131&#8217;nda devasa kar k\u00fctleleri ortalama g\u00fcnd\u00fcz 20, gece ise eksi 5 derecede erimeden 3 ay boyunca kendini koruyor. Kar yaz\u0131n pazarlarda kar \u015ferbeti satan esnaf\u0131n ge\u00e7im kayna\u011f\u0131 oldu. \u0130l\u00e7ede ya\u015fayan Ramazan Ulusoy e\u015fini de yan\u0131na alarak haftada bir g\u00fcn trakt\u00f6r\u00fcne binerek 3 saat yolculu\u011fun ard\u0131ndan kar k\u00fctlelerinin oldu\u011fu da\u011fa \u00e7\u0131k\u0131yor. SAATLER S\u00dcREN YOLCULUK Antalya K\u00f6rfez Gazetesi muhabiri Ertu\u011frul G\u00fcn&#8217;\u00fcn haberine g\u00f6re; burada a\u011fa\u00e7 motorlar\u0131 ile kesine karlar, \u00f6nce \u00e7uvallara konuluyor daha sonra ise g\u00fcne\u015ften etkilenmeyecek \u015fekilde tekrar \u00fcst\u00fc \u00f6rt\u00fclerek r\u00f6morka y\u00fckleniyor. Y\u00fcklenen kar, patika yoldan tekrar 5 saat s\u00fcren bir yolcu\u011fun ard\u0131ndan il\u00e7e merkezine getiriliyor. \u0130l\u00e7e merkezinde ise pazarda kar \u015ferbeti yap\u0131larak vatanda\u015flara ikram ediliyor. Antalya&#8217;n\u0131n kavurucu s\u0131caklar\u0131nda t\u00fcketilen karlar buz gibi ferahl\u0131k veriyor. 15 YILDIR EMEK VER\u0130YOR 15 y\u0131ld\u0131r da\u011flardan kar ta\u015f\u0131yan Ramazan Ulusoy, \u201c3 bin 64 rak\u0131ml\u0131 &hellip;","og_url":"https:\/\/denizcankizil.tr\/de\/haberler\/gundem\/antalyada-ilginc-kar-mesaisi-baharda-toplayip-yazin-testere-ile-kesiyorlar\/","og_site_name":"Av. Deniz Can K\u0131z\u0131l","article_published_time":"2025-07-16T07:41:49+00:00","author":"Antalya K\u00f6rfez","twitter_card":"summary_large_image","twitter_misc":{"Verfasst von":"Antalya K\u00f6rfez","Gesch\u00e4tzte Lesezeit":"2\u00a0Minuten"},"schema":{"@context":"https:\/\/schema.org","@graph":[{"@type":"Article","@id":"https:\/\/denizcankizil.tr\/de\/haberler\/gundem\/antalyada-ilginc-kar-mesaisi-baharda-toplayip-yazin-testere-ile-kesiyorlar\/#article","isPartOf":{"@id":"https:\/\/denizcankizil.tr\/de\/haberler\/gundem\/antalyada-ilginc-kar-mesaisi-baharda-toplayip-yazin-testere-ile-kesiyorlar\/"},"author":{"name":"Antalya K\u00f6rfez","@id":"https:\/\/denizcankizil.tr\/de\/#\/schema\/person\/e1eb71bb4dd684d46563f0af307e1234"},"headline":"Antalya\u2019da ilgin\u00e7 kar mesaisi! Baharda toplay\u0131p, yaz\u0131n testere ile kesiyorlar","datePublished":"2025-07-16T07:41:49+00:00","mainEntityOfPage":{"@id":"https:\/\/denizcankizil.tr\/de\/haberler\/gundem\/antalyada-ilginc-kar-mesaisi-baharda-toplayip-yazin-testere-ile-kesiyorlar\/"},"wordCount":415,"publisher":{"@id":"https:\/\/denizcankizil.tr\/de\/#organization"},"articleSection":["G\u00fcndem"],"inLanguage":"de"},{"@type":"WebPage","@id":"https:\/\/denizcankizil.tr\/de\/haberler\/gundem\/antalyada-ilginc-kar-mesaisi-baharda-toplayip-yazin-testere-ile-kesiyorlar\/","url":"https:\/\/denizcankizil.tr\/de\/haberler\/gundem\/antalyada-ilginc-kar-mesaisi-baharda-toplayip-yazin-testere-ile-kesiyorlar\/","name":"Antalya\u2019da ilgin\u00e7 kar mesaisi! Baharda toplay\u0131p, yaz\u0131n testere ile kesiyorlar - Av. Deniz Can K\u0131z\u0131l","isPartOf":{"@id":"https:\/\/denizcankizil.tr\/de\/#website"},"datePublished":"2025-07-16T07:41:49+00:00","breadcrumb":{"@id":"https:\/\/denizcankizil.tr\/de\/haberler\/gundem\/antalyada-ilginc-kar-mesaisi-baharda-toplayip-yazin-testere-ile-kesiyorlar\/#breadcrumb"},"inLanguage":"de","potentialAction":[{"@type":"ReadAction","target":["https:\/\/denizcankizil.tr\/de\/haberler\/gundem\/antalyada-ilginc-kar-mesaisi-baharda-toplayip-yazin-testere-ile-kesiyorlar\/"]}]},{"@type":"BreadcrumbList","@id":"https:\/\/denizcankizil.tr\/de\/haberler\/gundem\/antalyada-ilginc-kar-mesaisi-baharda-toplayip-yazin-testere-ile-kesiyorlar\/#breadcrumb","itemListElement":[{"@type":"ListItem","position":1,"name":"Home","item":"https:\/\/denizcankizil.tr\/de\/"},{"@type":"ListItem","position":2,"name":"Antalya\u2019da ilgin\u00e7 kar mesaisi! Baharda toplay\u0131p, yaz\u0131n testere ile kesiyorlar"}]},{"@type":"WebSite","@id":"https:\/\/denizcankizil.tr\/de\/#website","url":"https:\/\/denizcankizil.tr\/de\/","name":"Av. Deniz Can K\u0131z\u0131l","description":"Avukat Deniz Can K\u0131z\u0131l Antalya Barosu","publisher":{"@id":"https:\/\/denizcankizil.tr\/de\/#organization"},"potentialAction":[{"@type":"SearchAction","target":{"@type":"EntryPoint","urlTemplate":"https:\/\/denizcankizil.tr\/de\/?s={search_term_string}"},"query-input":{"@type":"PropertyValueSpecification","valueRequired":true,"valueName":"search_term_string"}}],"inLanguage":"de"},{"@type":"Organization","@id":"https:\/\/denizcankizil.tr\/de\/#organization","name":"Av. Deniz Can K\u0131z\u0131l","url":"https:\/\/denizcankizil.tr\/de\/","logo":{"@type":"ImageObject","inLanguage":"de","@id":"https:\/\/denizcankizil.tr\/de\/#\/schema\/logo\/image\/","url":"https:\/\/denizcankizil.tr\/wp-content\/uploads\/2024\/10\/siyah-logo-svg.svg","contentUrl":"https:\/\/denizcankizil.tr\/wp-content\/uploads\/2024\/10\/siyah-logo-svg.svg","width":1080,"height":1080,"caption":"Av. Deniz Can K\u0131z\u0131l"},"image":{"@id":"https:\/\/denizcankizil.tr\/de\/#\/schema\/logo\/image\/"}},{"@type":"Person","@id":"https:\/\/denizcankizil.tr\/de\/#\/schema\/person\/e1eb71bb4dd684d46563f0af307e1234","name":"Antalya K\u00f6rfez","image":{"@type":"ImageObject","inLanguage":"de","@id":"https:\/\/denizcankizil.tr\/de\/#\/schema\/person\/image\/","url":"https:\/\/secure.gravatar.com\/avatar\/42b01982558a48a0b501fdcab6a408d3717ea5919095ee2e67b0e521799c5905?s=96&d=mm&r=g","contentUrl":"https:\/\/secure.gravatar.com\/avatar\/42b01982558a48a0b501fdcab6a408d3717ea5919095ee2e67b0e521799c5905?s=96&d=mm&r=g","caption":"Antalya K\u00f6rfez"},"sameAs":["http:\/\/www.antalyakorfez.com"],"url":"https:\/\/www.antalyakorfez.com\/antalyada-ilginc-kar-mesaisi-baharda-toplayip-yazin-testere-ile-kesiyorlar"}]}},"_links":{"self":[{"href":"https:\/\/denizcankizil.tr\/de\/wp-json\/wp\/v2\/posts\/147687","targetHints":{"allow":["GET"]}}],"collection":[{"href":"https:\/\/denizcankizil.tr\/de\/wp-json\/wp\/v2\/posts"}],"about":[{"href":"https:\/\/denizcankizil.tr\/de\/wp-json\/wp\/v2\/types\/post"}],"author":[{"embeddable":true,"href":"https:\/\/denizcankizil.tr\/de\/wp-json\/wp\/v2\/users\/5"}],"replies":[{"embeddable":true,"href":"https:\/\/denizcankizil.tr\/de\/wp-json\/wp\/v2\/comments?post=147687"}],"version-history":[{"count":0,"href":"https:\/\/denizcankizil.tr\/de\/wp-json\/wp\/v2\/posts\/147687\/revisions"}],"wp:attachment":[{"href":"https:\/\/denizcankizil.tr\/de\/wp-json\/wp\/v2\/media?parent=147687"}],"wp:term":[{"taxonomy":"category","embeddable":true,"href":"https:\/\/denizcankizil.tr\/de\/wp-json\/wp\/v2\/categories?post=147687"},{"taxonomy":"post_tag","embeddable":true,"href":"https:\/\/denizcankizil.tr\/de\/wp-json\/wp\/v2\/tags?post=147687"}],"curies":[{"name":"wp","href":"https:\/\/api.w.org\/{rel}","templated":true}]}}