{"id":145881,"date":"2025-07-14T18:41:14","date_gmt":"2025-07-14T15:41:14","guid":{"rendered":"https:\/\/denizcankizil.tr\/uncategorized-tr\/alanyada-sicaktan-bunalan-turistler-kleopatra-plajina-akin-etti\/"},"modified":"2025-07-14T18:41:14","modified_gmt":"2025-07-14T15:41:14","slug":"alanyada-sicaktan-bunalan-turistler-kleopatra-plajina-akin-etti","status":"publish","type":"post","link":"https:\/\/denizcankizil.tr\/de\/haberler\/antalya\/alanyada-sicaktan-bunalan-turistler-kleopatra-plajina-akin-etti\/","title":{"rendered":"Alanya\u2019da S\u0131caktan Bunalan Turistler Kleopatra Plaj\u0131\u2019na Ak\u0131n Etti"},"content":{"rendered":"<p>Antalya\u2019n\u0131n Alanya il\u00e7esinde Temmuz ay\u0131nda tatilciler d\u00fcnyaca \u00fcnl\u00fc Kleopatra Plaj\u0131&#8217;n\u0131 doldurdu.<br \/>\nAntalya\u2019n\u0131n Alanya il\u00e7esinde yerli ve yabanc\u0131 turistler d\u00fcnyaca \u00fcnl\u00fc Kleopatra Plaj\u0131\u2019na ak\u0131n etti. Hava s\u0131cakl\u0131\u011f\u0131n\u0131n 31 dereceyi buldu\u011fu il\u00e7ede tatilciler denizin ve g\u00fcne\u015fin tad\u0131n\u0131 \u00e7\u0131kard\u0131. Sabah\u0131n erken saatlerinden itibaren Kleopatra Plaj\u0131\u2019n\u0131 doldurmaya ba\u015flayan tatilciler, su s\u0131cakl\u0131\u011f\u0131n\u0131n 27 dereceyi buldu\u011fu denizde serinlemeye \u00e7al\u0131\u015ft\u0131. Kimi turistler g\u00fcne\u015flenmeyi tercih ederken kimileri ise Akdeniz\u2019in berrak sular\u0131nda y\u00fczerek serinledi. \u00c7ocuklar ise plaj\u0131n alt\u0131n sar\u0131s\u0131 kumlar\u0131nda oyun oynayarak keyifli anlar ya\u015fad\u0131. \u00d6te yandan g\u00fcne\u015fin ve temiz havan\u0131n tad\u0131n\u0131 \u00e7\u0131karmak isteyen baz\u0131 vatanda\u015flar tekne turlar\u0131na \u00e7\u0131kt\u0131.<br \/>\nAilesi ile birlikte tatil i\u00e7in Adana\u2019dan Alanya\u2019ya gelen Demhat S\u00f6\u011f\u00fct (30), &#8220;Adana&#8217;dan geliyorum. Alanya\u2019y\u0131 \u00e7ok seviyorum. Her sene tatil i\u00e7in Alanya\u2019day\u0131m. Ailemizle birlikte g\u00fczel vakit ge\u00e7iriyoruz. Herkesi Alanya\u2019ya bekleriz. Daha \u00f6nce Mersin&#8217;i tercih ediyorduk. \u015eimdi ise Alanya\u2019ya geliyoruz\u2019\u2019 dedi.<\/p>\n<p>Kaynak: www.kanalv.com.tr Haber Sitesinden Al\u0131nm\u0131\u015ft\u0131r.<\/p>","protected":false},"excerpt":{"rendered":"<p>Antalya\u2019n\u0131n Alanya il\u00e7esinde Temmuz ay\u0131nda tatilciler d\u00fcnyaca \u00fcnl\u00fc Kleopatra Plaj\u0131&#8217;n\u0131 doldurdu. Antalya\u2019n\u0131n Alanya il\u00e7esinde yerli ve yabanc\u0131 turistler d\u00fcnyaca \u00fcnl\u00fc Kleopatra Plaj\u0131\u2019na ak\u0131n etti. Hava s\u0131cakl\u0131\u011f\u0131n\u0131n 31 dereceyi buldu\u011fu il\u00e7ede tatilciler denizin ve g\u00fcne\u015fin tad\u0131n\u0131 \u00e7\u0131kard\u0131. Sabah\u0131n erken saatlerinden itibaren Kleopatra Plaj\u0131\u2019n\u0131 doldurmaya ba\u015flayan tatilciler, su s\u0131cakl\u0131\u011f\u0131n\u0131n 27 dereceyi buldu\u011fu denizde serinlemeye \u00e7al\u0131\u015ft\u0131. Kimi turistler g\u00fcne\u015flenmeyi tercih ederken kimileri ise Akdeniz\u2019in berrak sular\u0131nda y\u00fczerek serinledi. \u00c7ocuklar ise plaj\u0131n alt\u0131n sar\u0131s\u0131 kumlar\u0131nda oyun oynayarak keyifli anlar ya\u015fad\u0131. \u00d6te yandan g\u00fcne\u015fin ve temiz havan\u0131n tad\u0131n\u0131 \u00e7\u0131karmak isteyen baz\u0131 vatanda\u015flar tekne turlar\u0131na \u00e7\u0131kt\u0131. Ailesi ile birlikte tatil i\u00e7in Adana\u2019dan Alanya\u2019ya gelen Demhat S\u00f6\u011f\u00fct (30), &#8220;Adana&#8217;dan geliyorum. Alanya\u2019y\u0131 \u00e7ok seviyorum. Her sene tatil i\u00e7in Alanya\u2019day\u0131m. Ailemizle birlikte g\u00fczel vakit ge\u00e7iriyoruz. Herkesi Alanya\u2019ya bekleriz. Daha \u00f6nce Mersin&#8217;i tercih ediyorduk. \u015eimdi ise Alanya\u2019ya geliyoruz\u2019\u2019 dedi. Kaynak: www.kanalv.com.tr Haber Sitesinden Al\u0131nm\u0131\u015ft\u0131r.<\/p>","protected":false},"author":4,"featured_media":0,"comment_status":"","ping_status":"open","sticky":false,"template":"","format":"standard","meta":{"_acf_changed":false,"footnotes":""},"categories":[26],"tags":[],"class_list":["post-145881","post","type-post","status-publish","format-standard","hentry","category-antalya"],"acf":[],"yoast_head":"<!-- This site is optimized with the Yoast SEO Premium plugin v26.6 (Yoast SEO v27.1.1) - https:\/\/yoast.com\/product\/yoast-seo-premium-wordpress\/ -->\n<title>Alanya\u2019da S\u0131caktan Bunalan Turistler Kleopatra Plaj\u0131\u2019na Ak\u0131n Etti - Av. Deniz Can K\u0131z\u0131l<\/title>\n<meta name=\"robots\" content=\"index, follow, max-snippet:-1, max-image-preview:large, max-video-preview:-1\" \/>\n<link rel=\"canonical\" href=\"https:\/\/denizcankizil.tr\/de\/haberler\/antalya\/alanyada-sicaktan-bunalan-turistler-kleopatra-plajina-akin-etti\/\" \/>\n<meta property=\"og:locale\" content=\"de_DE\" \/>\n<meta property=\"og:type\" content=\"article\" \/>\n<meta property=\"og:title\" content=\"Alanya\u2019da S\u0131caktan Bunalan Turistler Kleopatra Plaj\u0131\u2019na Ak\u0131n Etti\" \/>\n<meta property=\"og:description\" content=\"Antalya\u2019n\u0131n Alanya il\u00e7esinde Temmuz ay\u0131nda tatilciler d\u00fcnyaca \u00fcnl\u00fc Kleopatra Plaj\u0131&#8217;n\u0131 doldurdu. Antalya\u2019n\u0131n Alanya il\u00e7esinde yerli ve yabanc\u0131 turistler d\u00fcnyaca \u00fcnl\u00fc Kleopatra Plaj\u0131\u2019na ak\u0131n etti. Hava s\u0131cakl\u0131\u011f\u0131n\u0131n 31 dereceyi buldu\u011fu il\u00e7ede tatilciler denizin ve g\u00fcne\u015fin tad\u0131n\u0131 \u00e7\u0131kard\u0131. Sabah\u0131n erken saatlerinden itibaren Kleopatra Plaj\u0131\u2019n\u0131 doldurmaya ba\u015flayan tatilciler, su s\u0131cakl\u0131\u011f\u0131n\u0131n 27 dereceyi buldu\u011fu denizde serinlemeye \u00e7al\u0131\u015ft\u0131. Kimi turistler g\u00fcne\u015flenmeyi tercih ederken kimileri ise Akdeniz\u2019in berrak sular\u0131nda y\u00fczerek serinledi. \u00c7ocuklar ise plaj\u0131n alt\u0131n sar\u0131s\u0131 kumlar\u0131nda oyun oynayarak keyifli anlar ya\u015fad\u0131. \u00d6te yandan g\u00fcne\u015fin ve temiz havan\u0131n tad\u0131n\u0131 \u00e7\u0131karmak isteyen baz\u0131 vatanda\u015flar tekne turlar\u0131na \u00e7\u0131kt\u0131. Ailesi ile birlikte tatil i\u00e7in Adana\u2019dan Alanya\u2019ya gelen Demhat S\u00f6\u011f\u00fct (30), &#8220;Adana&#8217;dan geliyorum. Alanya\u2019y\u0131 \u00e7ok seviyorum. Her sene tatil i\u00e7in Alanya\u2019day\u0131m. Ailemizle birlikte g\u00fczel vakit ge\u00e7iriyoruz. Herkesi Alanya\u2019ya bekleriz. Daha \u00f6nce Mersin&#8217;i tercih ediyorduk. \u015eimdi ise Alanya\u2019ya geliyoruz\u2019\u2019 dedi. Kaynak: www.kanalv.com.tr Haber Sitesinden Al\u0131nm\u0131\u015ft\u0131r.\" \/>\n<meta property=\"og:url\" content=\"https:\/\/denizcankizil.tr\/de\/haberler\/antalya\/alanyada-sicaktan-bunalan-turistler-kleopatra-plajina-akin-etti\/\" \/>\n<meta property=\"og:site_name\" content=\"Av. Deniz Can K\u0131z\u0131l\" \/>\n<meta property=\"article:published_time\" content=\"2025-07-14T15:41:14+00:00\" \/>\n<meta name=\"author\" content=\"Av. Deniz Can K\u0131z\u0131l\" \/>\n<meta name=\"twitter:card\" content=\"summary_large_image\" \/>\n<meta name=\"twitter:label1\" content=\"Verfasst von\" \/>\n\t<meta name=\"twitter:data1\" content=\"Av. Deniz Can K\u0131z\u0131l\" \/>\n\t<meta name=\"twitter:label2\" content=\"Gesch\u00e4tzte Lesezeit\" \/>\n\t<meta name=\"twitter:data2\" content=\"1\u00a0Minute\" \/>\n<script type=\"application\/ld+json\" class=\"yoast-schema-graph\">{\"@context\":\"https:\/\/schema.org\",\"@graph\":[{\"@type\":\"Article\",\"@id\":\"https:\/\/denizcankizil.tr\/uk\/haberler\/antalya\/alanyada-sicaktan-bunalan-turistler-kleopatra-plajina-akin-etti\/#article\",\"isPartOf\":{\"@id\":\"https:\/\/denizcankizil.tr\/uk\/haberler\/antalya\/alanyada-sicaktan-bunalan-turistler-kleopatra-plajina-akin-etti\/\"},\"author\":{\"name\":\"Av. Deniz Can K\u0131z\u0131l\",\"@id\":\"https:\/\/denizcankizil.tr\/de\/#\/schema\/person\/5dc1b22991bd7ac833867c10afc9b0ff\"},\"headline\":\"Alanya\u2019da S\u0131caktan Bunalan Turistler Kleopatra Plaj\u0131\u2019na Ak\u0131n Etti\",\"datePublished\":\"2025-07-14T15:41:14+00:00\",\"mainEntityOfPage\":{\"@id\":\"https:\/\/denizcankizil.tr\/uk\/haberler\/antalya\/alanyada-sicaktan-bunalan-turistler-kleopatra-plajina-akin-etti\/\"},\"wordCount\":207,\"publisher\":{\"@id\":\"https:\/\/denizcankizil.tr\/de\/#organization\"},\"articleSection\":[\"Antalya\"],\"inLanguage\":\"de\"},{\"@type\":\"WebPage\",\"@id\":\"https:\/\/denizcankizil.tr\/uk\/haberler\/antalya\/alanyada-sicaktan-bunalan-turistler-kleopatra-plajina-akin-etti\/\",\"url\":\"https:\/\/denizcankizil.tr\/uk\/haberler\/antalya\/alanyada-sicaktan-bunalan-turistler-kleopatra-plajina-akin-etti\/\",\"name\":\"Alanya\u2019da S\u0131caktan Bunalan Turistler Kleopatra Plaj\u0131\u2019na Ak\u0131n Etti - Av. Deniz Can K\u0131z\u0131l\",\"isPartOf\":{\"@id\":\"https:\/\/denizcankizil.tr\/de\/#website\"},\"datePublished\":\"2025-07-14T15:41:14+00:00\",\"breadcrumb\":{\"@id\":\"https:\/\/denizcankizil.tr\/uk\/haberler\/antalya\/alanyada-sicaktan-bunalan-turistler-kleopatra-plajina-akin-etti\/#breadcrumb\"},\"inLanguage\":\"de\",\"potentialAction\":[{\"@type\":\"ReadAction\",\"target\":[\"https:\/\/denizcankizil.tr\/uk\/haberler\/antalya\/alanyada-sicaktan-bunalan-turistler-kleopatra-plajina-akin-etti\/\"]}]},{\"@type\":\"BreadcrumbList\",\"@id\":\"https:\/\/denizcankizil.tr\/uk\/haberler\/antalya\/alanyada-sicaktan-bunalan-turistler-kleopatra-plajina-akin-etti\/#breadcrumb\",\"itemListElement\":[{\"@type\":\"ListItem\",\"position\":1,\"name\":\"Home\",\"item\":\"https:\/\/denizcankizil.tr\/de\/\"},{\"@type\":\"ListItem\",\"position\":2,\"name\":\"Alanya\u2019da S\u0131caktan Bunalan Turistler Kleopatra Plaj\u0131\u2019na Ak\u0131n Etti\"}]},{\"@type\":\"WebSite\",\"@id\":\"https:\/\/denizcankizil.tr\/de\/#website\",\"url\":\"https:\/\/denizcankizil.tr\/de\/\",\"name\":\"Av. Deniz Can K\u0131z\u0131l\",\"description\":\"Avukat Deniz Can K\u0131z\u0131l Antalya Barosu\",\"publisher\":{\"@id\":\"https:\/\/denizcankizil.tr\/de\/#organization\"},\"potentialAction\":[{\"@type\":\"SearchAction\",\"target\":{\"@type\":\"EntryPoint\",\"urlTemplate\":\"https:\/\/denizcankizil.tr\/de\/?s={search_term_string}\"},\"query-input\":{\"@type\":\"PropertyValueSpecification\",\"valueRequired\":true,\"valueName\":\"search_term_string\"}}],\"inLanguage\":\"de\"},{\"@type\":\"Organization\",\"@id\":\"https:\/\/denizcankizil.tr\/de\/#organization\",\"name\":\"Av. Deniz Can K\u0131z\u0131l\",\"url\":\"https:\/\/denizcankizil.tr\/de\/\",\"logo\":{\"@type\":\"ImageObject\",\"inLanguage\":\"de\",\"@id\":\"https:\/\/denizcankizil.tr\/de\/#\/schema\/logo\/image\/\",\"url\":\"https:\/\/denizcankizil.tr\/wp-content\/uploads\/2024\/10\/siyah-logo-svg.svg\",\"contentUrl\":\"https:\/\/denizcankizil.tr\/wp-content\/uploads\/2024\/10\/siyah-logo-svg.svg\",\"width\":1080,\"height\":1080,\"caption\":\"Av. Deniz Can K\u0131z\u0131l\"},\"image\":{\"@id\":\"https:\/\/denizcankizil.tr\/de\/#\/schema\/logo\/image\/\"}},{\"@type\":\"Person\",\"@id\":\"https:\/\/denizcankizil.tr\/de\/#\/schema\/person\/5dc1b22991bd7ac833867c10afc9b0ff\",\"name\":\"Av. Deniz Can K\u0131z\u0131l\",\"image\":{\"@type\":\"ImageObject\",\"inLanguage\":\"de\",\"@id\":\"https:\/\/denizcankizil.tr\/de\/#\/schema\/person\/image\/\",\"url\":\"https:\/\/secure.gravatar.com\/avatar\/a0b128fb9855c79efc976d5640eedb31dc35ec297594d6016d2cf7c60e975bb6?s=96&d=mm&r=g\",\"contentUrl\":\"https:\/\/secure.gravatar.com\/avatar\/a0b128fb9855c79efc976d5640eedb31dc35ec297594d6016d2cf7c60e975bb6?s=96&d=mm&r=g\",\"caption\":\"Av. Deniz Can K\u0131z\u0131l\"},\"sameAs\":[\"http:\/\/www.denizcankizil.tr\"],\"url\":\"https:\/\/denizcankizil.tr\/de\/author\/denizcankizil\/\"}]}<\/script>\n<!-- \/ Yoast SEO Premium plugin. -->","yoast_head_json":{"title":"Alanya\u2019da S\u0131caktan Bunalan Turistler Kleopatra Plaj\u0131\u2019na Ak\u0131n Etti - Av. Deniz Can K\u0131z\u0131l","robots":{"index":"index","follow":"follow","max-snippet":"max-snippet:-1","max-image-preview":"max-image-preview:large","max-video-preview":"max-video-preview:-1"},"canonical":"https:\/\/denizcankizil.tr\/de\/haberler\/antalya\/alanyada-sicaktan-bunalan-turistler-kleopatra-plajina-akin-etti\/","og_locale":"de_DE","og_type":"article","og_title":"Alanya\u2019da S\u0131caktan Bunalan Turistler Kleopatra Plaj\u0131\u2019na Ak\u0131n Etti","og_description":"Antalya\u2019n\u0131n Alanya il\u00e7esinde Temmuz ay\u0131nda tatilciler d\u00fcnyaca \u00fcnl\u00fc Kleopatra Plaj\u0131&#8217;n\u0131 doldurdu. Antalya\u2019n\u0131n Alanya il\u00e7esinde yerli ve yabanc\u0131 turistler d\u00fcnyaca \u00fcnl\u00fc Kleopatra Plaj\u0131\u2019na ak\u0131n etti. Hava s\u0131cakl\u0131\u011f\u0131n\u0131n 31 dereceyi buldu\u011fu il\u00e7ede tatilciler denizin ve g\u00fcne\u015fin tad\u0131n\u0131 \u00e7\u0131kard\u0131. Sabah\u0131n erken saatlerinden itibaren Kleopatra Plaj\u0131\u2019n\u0131 doldurmaya ba\u015flayan tatilciler, su s\u0131cakl\u0131\u011f\u0131n\u0131n 27 dereceyi buldu\u011fu denizde serinlemeye \u00e7al\u0131\u015ft\u0131. Kimi turistler g\u00fcne\u015flenmeyi tercih ederken kimileri ise Akdeniz\u2019in berrak sular\u0131nda y\u00fczerek serinledi. \u00c7ocuklar ise plaj\u0131n alt\u0131n sar\u0131s\u0131 kumlar\u0131nda oyun oynayarak keyifli anlar ya\u015fad\u0131. \u00d6te yandan g\u00fcne\u015fin ve temiz havan\u0131n tad\u0131n\u0131 \u00e7\u0131karmak isteyen baz\u0131 vatanda\u015flar tekne turlar\u0131na \u00e7\u0131kt\u0131. Ailesi ile birlikte tatil i\u00e7in Adana\u2019dan Alanya\u2019ya gelen Demhat S\u00f6\u011f\u00fct (30), &#8220;Adana&#8217;dan geliyorum. Alanya\u2019y\u0131 \u00e7ok seviyorum. Her sene tatil i\u00e7in Alanya\u2019day\u0131m. Ailemizle birlikte g\u00fczel vakit ge\u00e7iriyoruz. Herkesi Alanya\u2019ya bekleriz. Daha \u00f6nce Mersin&#8217;i tercih ediyorduk. \u015eimdi ise Alanya\u2019ya geliyoruz\u2019\u2019 dedi. Kaynak: www.kanalv.com.tr Haber Sitesinden Al\u0131nm\u0131\u015ft\u0131r.","og_url":"https:\/\/denizcankizil.tr\/de\/haberler\/antalya\/alanyada-sicaktan-bunalan-turistler-kleopatra-plajina-akin-etti\/","og_site_name":"Av. Deniz Can K\u0131z\u0131l","article_published_time":"2025-07-14T15:41:14+00:00","author":"Av. Deniz Can K\u0131z\u0131l","twitter_card":"summary_large_image","twitter_misc":{"Verfasst von":"Av. Deniz Can K\u0131z\u0131l","Gesch\u00e4tzte Lesezeit":"1\u00a0Minute"},"schema":{"@context":"https:\/\/schema.org","@graph":[{"@type":"Article","@id":"https:\/\/denizcankizil.tr\/uk\/haberler\/antalya\/alanyada-sicaktan-bunalan-turistler-kleopatra-plajina-akin-etti\/#article","isPartOf":{"@id":"https:\/\/denizcankizil.tr\/uk\/haberler\/antalya\/alanyada-sicaktan-bunalan-turistler-kleopatra-plajina-akin-etti\/"},"author":{"name":"Av. Deniz Can K\u0131z\u0131l","@id":"https:\/\/denizcankizil.tr\/de\/#\/schema\/person\/5dc1b22991bd7ac833867c10afc9b0ff"},"headline":"Alanya\u2019da S\u0131caktan Bunalan Turistler Kleopatra Plaj\u0131\u2019na Ak\u0131n Etti","datePublished":"2025-07-14T15:41:14+00:00","mainEntityOfPage":{"@id":"https:\/\/denizcankizil.tr\/uk\/haberler\/antalya\/alanyada-sicaktan-bunalan-turistler-kleopatra-plajina-akin-etti\/"},"wordCount":207,"publisher":{"@id":"https:\/\/denizcankizil.tr\/de\/#organization"},"articleSection":["Antalya"],"inLanguage":"de"},{"@type":"WebPage","@id":"https:\/\/denizcankizil.tr\/uk\/haberler\/antalya\/alanyada-sicaktan-bunalan-turistler-kleopatra-plajina-akin-etti\/","url":"https:\/\/denizcankizil.tr\/uk\/haberler\/antalya\/alanyada-sicaktan-bunalan-turistler-kleopatra-plajina-akin-etti\/","name":"Alanya\u2019da S\u0131caktan Bunalan Turistler Kleopatra Plaj\u0131\u2019na Ak\u0131n Etti - Av. Deniz Can K\u0131z\u0131l","isPartOf":{"@id":"https:\/\/denizcankizil.tr\/de\/#website"},"datePublished":"2025-07-14T15:41:14+00:00","breadcrumb":{"@id":"https:\/\/denizcankizil.tr\/uk\/haberler\/antalya\/alanyada-sicaktan-bunalan-turistler-kleopatra-plajina-akin-etti\/#breadcrumb"},"inLanguage":"de","potentialAction":[{"@type":"ReadAction","target":["https:\/\/denizcankizil.tr\/uk\/haberler\/antalya\/alanyada-sicaktan-bunalan-turistler-kleopatra-plajina-akin-etti\/"]}]},{"@type":"BreadcrumbList","@id":"https:\/\/denizcankizil.tr\/uk\/haberler\/antalya\/alanyada-sicaktan-bunalan-turistler-kleopatra-plajina-akin-etti\/#breadcrumb","itemListElement":[{"@type":"ListItem","position":1,"name":"Home","item":"https:\/\/denizcankizil.tr\/de\/"},{"@type":"ListItem","position":2,"name":"Alanya\u2019da S\u0131caktan Bunalan Turistler Kleopatra Plaj\u0131\u2019na Ak\u0131n Etti"}]},{"@type":"WebSite","@id":"https:\/\/denizcankizil.tr\/de\/#website","url":"https:\/\/denizcankizil.tr\/de\/","name":"Av. Deniz Can K\u0131z\u0131l","description":"Avukat Deniz Can K\u0131z\u0131l Antalya Barosu","publisher":{"@id":"https:\/\/denizcankizil.tr\/de\/#organization"},"potentialAction":[{"@type":"SearchAction","target":{"@type":"EntryPoint","urlTemplate":"https:\/\/denizcankizil.tr\/de\/?s={search_term_string}"},"query-input":{"@type":"PropertyValueSpecification","valueRequired":true,"valueName":"search_term_string"}}],"inLanguage":"de"},{"@type":"Organization","@id":"https:\/\/denizcankizil.tr\/de\/#organization","name":"Av. Deniz Can K\u0131z\u0131l","url":"https:\/\/denizcankizil.tr\/de\/","logo":{"@type":"ImageObject","inLanguage":"de","@id":"https:\/\/denizcankizil.tr\/de\/#\/schema\/logo\/image\/","url":"https:\/\/denizcankizil.tr\/wp-content\/uploads\/2024\/10\/siyah-logo-svg.svg","contentUrl":"https:\/\/denizcankizil.tr\/wp-content\/uploads\/2024\/10\/siyah-logo-svg.svg","width":1080,"height":1080,"caption":"Av. Deniz Can K\u0131z\u0131l"},"image":{"@id":"https:\/\/denizcankizil.tr\/de\/#\/schema\/logo\/image\/"}},{"@type":"Person","@id":"https:\/\/denizcankizil.tr\/de\/#\/schema\/person\/5dc1b22991bd7ac833867c10afc9b0ff","name":"Av. Deniz Can K\u0131z\u0131l","image":{"@type":"ImageObject","inLanguage":"de","@id":"https:\/\/denizcankizil.tr\/de\/#\/schema\/person\/image\/","url":"https:\/\/secure.gravatar.com\/avatar\/a0b128fb9855c79efc976d5640eedb31dc35ec297594d6016d2cf7c60e975bb6?s=96&d=mm&r=g","contentUrl":"https:\/\/secure.gravatar.com\/avatar\/a0b128fb9855c79efc976d5640eedb31dc35ec297594d6016d2cf7c60e975bb6?s=96&d=mm&r=g","caption":"Av. Deniz Can K\u0131z\u0131l"},"sameAs":["http:\/\/www.denizcankizil.tr"],"url":"https:\/\/denizcankizil.tr\/de\/author\/denizcankizil\/"}]}},"_links":{"self":[{"href":"https:\/\/denizcankizil.tr\/de\/wp-json\/wp\/v2\/posts\/145881","targetHints":{"allow":["GET"]}}],"collection":[{"href":"https:\/\/denizcankizil.tr\/de\/wp-json\/wp\/v2\/posts"}],"about":[{"href":"https:\/\/denizcankizil.tr\/de\/wp-json\/wp\/v2\/types\/post"}],"author":[{"embeddable":true,"href":"https:\/\/denizcankizil.tr\/de\/wp-json\/wp\/v2\/users\/4"}],"replies":[{"embeddable":true,"href":"https:\/\/denizcankizil.tr\/de\/wp-json\/wp\/v2\/comments?post=145881"}],"version-history":[{"count":0,"href":"https:\/\/denizcankizil.tr\/de\/wp-json\/wp\/v2\/posts\/145881\/revisions"}],"wp:attachment":[{"href":"https:\/\/denizcankizil.tr\/de\/wp-json\/wp\/v2\/media?parent=145881"}],"wp:term":[{"taxonomy":"category","embeddable":true,"href":"https:\/\/denizcankizil.tr\/de\/wp-json\/wp\/v2\/categories?post=145881"},{"taxonomy":"post_tag","embeddable":true,"href":"https:\/\/denizcankizil.tr\/de\/wp-json\/wp\/v2\/tags?post=145881"}],"curies":[{"name":"wp","href":"https:\/\/api.w.org\/{rel}","templated":true}]}}