{"id":145880,"date":"2025-07-14T17:43:52","date_gmt":"2025-07-14T14:43:52","guid":{"rendered":"https:\/\/denizcankizil.tr\/uncategorized-tr\/hatayda-otomobil-200-metrelik-ucuruma-uctu\/"},"modified":"2025-07-14T17:43:52","modified_gmt":"2025-07-14T14:43:52","slug":"hatayda-otomobil-200-metrelik-ucuruma-uctu","status":"publish","type":"post","link":"https:\/\/denizcankizil.tr\/de\/haberler\/gundem\/hatayda-otomobil-200-metrelik-ucuruma-uctu\/","title":{"rendered":"Hatay\u2019da otomobil 200 metrelik u\u00e7uruma u\u00e7tu!"},"content":{"rendered":"<p>Edinilen bilgilere g\u00f6re Karah\u00fcseyinli istikametinden Belen M\u00fcft\u00fcler b\u00f6lgesine seyir halindeki otomobil s\u00fcr\u00fcc\u00fcs\u00fcn\u00fcn direksiyon h\u00e2kimiyetini kaybetmesi sonucu yakla\u015f\u0131k 200 metre derinlikteki u\u00e7uruma yuvarland\u0131.<\/p>\n<p>Kazay\u0131 yak\u0131ndaki bir tarlada \u00e7al\u0131\u015fan vatanda\u015f\u0131n g\u00f6rmesi \u00fczerine 112 acil \u00e7a\u011fr\u0131 merkezine bilgi verildi. Jandarma ekipleri b\u00f6lgede arama tarama faaliyetlerini s\u00fcrd\u00fcrse de kaza yapan ara\u00e7 ilk etapta bulamad\u0131. Vatanda\u015flar ve jandarma yoldan yakla\u015f\u0131k 200 metre a\u015fa\u011f\u0131da kimsenin g\u00f6remeyece\u011fi yerde ters yatm\u0131\u015f \u015fekilde otomobili buldu.<\/p>\n<p>K\u0131sa s\u00fcrede jandarma ekipleri b\u00f6lgeye sa\u011fl\u0131k ekiplerinin inmesini sa\u011flad\u0131. Sedyelerle birlikte jandarma, sa\u011fl\u0131k ekibi ve vatanda\u015flar yaral\u0131lar\u0131 u\u00e7urumdan yukar\u0131 \u00e7\u0131kartmak i\u00e7in ciddi \u00e7aba harcad\u0131. \u0130ki ki\u015finin durumunun a\u011f\u0131r oldu\u011fu belirtilen yaral\u0131lar\u0131n tamam\u0131 ilk m\u00fcdahalenin ard\u0131ndan ambulansla hastanelere sevk edildi. Jandarma ekipleri kazayla ilgili soru\u015fturmas\u0131n\u0131 s\u00fcrd\u00fcr\u00fcyor.<\/p>\n<p><img decoding=\"async\" alt=\"Karahuseyinli Kaza (3)\" class=\"detail-photo img-fluid lazyload\" height=\"1600\" data-src=\"https:\/\/iskenderunorg.teimg.com\/iskenderun-org\/uploads\/2025\/07\/2025\/07\/karahuseyinli-kaza-3.jpg\" width=\"1200\" src=\"data:image\/svg+xml;base64,PHN2ZyB3aWR0aD0iMSIgaGVpZ2h0PSIxIiB4bWxucz0iaHR0cDovL3d3dy53My5vcmcvMjAwMC9zdmciPjwvc3ZnPg==\" style=\"--smush-placeholder-width: 1200px; --smush-placeholder-aspect-ratio: 1200\/1600;\" \/><img decoding=\"async\" alt=\"Karahuseyinli Kaza (4)\" class=\"detail-photo img-fluid lazyload\" height=\"1100\" data-src=\"https:\/\/iskenderunorg.teimg.com\/iskenderun-org\/uploads\/2025\/07\/2025\/07\/karahuseyinli-kaza-4.jpg\" width=\"1600\" src=\"data:image\/svg+xml;base64,PHN2ZyB3aWR0aD0iMSIgaGVpZ2h0PSIxIiB4bWxucz0iaHR0cDovL3d3dy53My5vcmcvMjAwMC9zdmciPjwvc3ZnPg==\" style=\"--smush-placeholder-width: 1600px; --smush-placeholder-aspect-ratio: 1600\/1100;\" \/><img decoding=\"async\" alt=\"Karahuseyinli Kaza (1)\" class=\"detail-photo img-fluid lazyload\" height=\"1074\" data-src=\"https:\/\/iskenderunorg.teimg.com\/iskenderun-org\/uploads\/2025\/07\/2025\/07\/karahuseyinli-kaza-1.jpg\" width=\"1600\" src=\"data:image\/svg+xml;base64,PHN2ZyB3aWR0aD0iMSIgaGVpZ2h0PSIxIiB4bWxucz0iaHR0cDovL3d3dy53My5vcmcvMjAwMC9zdmciPjwvc3ZnPg==\" style=\"--smush-placeholder-width: 1600px; --smush-placeholder-aspect-ratio: 1600\/1074;\" \/><img decoding=\"async\" alt=\"Karahuseyinli Kaza (2)\" class=\"detail-photo img-fluid lazyload\" height=\"1600\" data-src=\"https:\/\/iskenderunorg.teimg.com\/iskenderun-org\/uploads\/2025\/07\/2025\/07\/karahuseyinli-kaza-2.jpg\" width=\"1200\" src=\"data:image\/svg+xml;base64,PHN2ZyB3aWR0aD0iMSIgaGVpZ2h0PSIxIiB4bWxucz0iaHR0cDovL3d3dy53My5vcmcvMjAwMC9zdmciPjwvc3ZnPg==\" style=\"--smush-placeholder-width: 1200px; --smush-placeholder-aspect-ratio: 1200\/1600;\" \/><img decoding=\"async\" alt=\"Karahuseyinli Kazax\" class=\"detail-photo img-fluid lazyload\" height=\"1600\" data-src=\"https:\/\/iskenderunorg.teimg.com\/iskenderun-org\/uploads\/2025\/07\/2025\/07\/karahuseyinli-kazax.jpg\" width=\"1200\" src=\"data:image\/svg+xml;base64,PHN2ZyB3aWR0aD0iMSIgaGVpZ2h0PSIxIiB4bWxucz0iaHR0cDovL3d3dy53My5vcmcvMjAwMC9zdmciPjwvc3ZnPg==\" style=\"--smush-placeholder-width: 1200px; --smush-placeholder-aspect-ratio: 1200\/1600;\" \/><\/p>\n\n<p>\u200bHatay\u2019\u0131n Arsuz il\u00e7esi Karah\u00fcseyinli Mahallesi\u2019nde ya\u015fanan trafik kazada, s\u00fcr\u00fcc\u00fcs\u00fcn\u00fcn direksiyon hakimiyetini kaybetmesi sonucu u\u00e7uruma yuvarlanan ara\u00e7ta bulunan 4 ki\u015fi, \u0130tfaiye ekiplerinin h\u0131zl\u0131 ve koordineli m\u00fcdahalesiyle kurtar\u0131ld\u0131.\u00a0<\/p>\n<p>\u200bHaberin Al\u0131nt\u0131land\u0131\u011f\u0131 Kaynak: www.iskenderun.org<\/p>","protected":false},"excerpt":{"rendered":"<p>Edinilen bilgilere g\u00f6re Karah\u00fcseyinli istikametinden Belen M\u00fcft\u00fcler b\u00f6lgesine seyir halindeki otomobil s\u00fcr\u00fcc\u00fcs\u00fcn\u00fcn direksiyon h\u00e2kimiyetini kaybetmesi sonucu yakla\u015f\u0131k 200 metre derinlikteki u\u00e7uruma yuvarland\u0131. Kazay\u0131 yak\u0131ndaki bir tarlada \u00e7al\u0131\u015fan vatanda\u015f\u0131n g\u00f6rmesi \u00fczerine 112 acil \u00e7a\u011fr\u0131 merkezine bilgi verildi. Jandarma ekipleri b\u00f6lgede arama tarama faaliyetlerini s\u00fcrd\u00fcrse de kaza yapan ara\u00e7 ilk etapta bulamad\u0131. Vatanda\u015flar ve jandarma yoldan yakla\u015f\u0131k 200 metre a\u015fa\u011f\u0131da kimsenin g\u00f6remeyece\u011fi yerde ters yatm\u0131\u015f \u015fekilde otomobili buldu. K\u0131sa s\u00fcrede jandarma ekipleri b\u00f6lgeye sa\u011fl\u0131k ekiplerinin inmesini sa\u011flad\u0131. Sedyelerle birlikte jandarma, sa\u011fl\u0131k ekibi ve vatanda\u015flar yaral\u0131lar\u0131 u\u00e7urumdan yukar\u0131 \u00e7\u0131kartmak i\u00e7in ciddi \u00e7aba harcad\u0131. \u0130ki ki\u015finin durumunun a\u011f\u0131r oldu\u011fu belirtilen yaral\u0131lar\u0131n tamam\u0131 ilk m\u00fcdahalenin ard\u0131ndan ambulansla hastanelere sevk edildi. Jandarma ekipleri kazayla ilgili soru\u015fturmas\u0131n\u0131 s\u00fcrd\u00fcr\u00fcyor. \u200bHatay\u2019\u0131n Arsuz il\u00e7esi Karah\u00fcseyinli Mahallesi\u2019nde ya\u015fanan trafik kazada, s\u00fcr\u00fcc\u00fcs\u00fcn\u00fcn direksiyon hakimiyetini kaybetmesi sonucu u\u00e7uruma yuvarlanan ara\u00e7ta bulunan 4 ki\u015fi, \u0130tfaiye ekiplerinin h\u0131zl\u0131 ve koordineli m\u00fcdahalesiyle kurtar\u0131ld\u0131.\u00a0 \u200bHaberin Al\u0131nt\u0131land\u0131\u011f\u0131 Kaynak: www.iskenderun.org<\/p>","protected":false},"author":1,"featured_media":0,"comment_status":"","ping_status":"open","sticky":false,"template":"","format":"standard","meta":{"_acf_changed":false,"footnotes":""},"categories":[24],"tags":[],"class_list":["post-145880","post","type-post","status-publish","format-standard","has-post-thumbnail","hentry","category-gundem"],"acf":[],"yoast_head":"<!-- This site is optimized with the Yoast SEO Premium plugin v26.6 (Yoast SEO v27.1.1) - https:\/\/yoast.com\/product\/yoast-seo-premium-wordpress\/ -->\n<title>Hatay\u2019da otomobil 200 metrelik u\u00e7uruma u\u00e7tu! - Av. Deniz Can K\u0131z\u0131l<\/title>\n<meta name=\"robots\" content=\"index, follow, max-snippet:-1, max-image-preview:large, max-video-preview:-1\" \/>\n<link rel=\"canonical\" href=\"https:\/\/denizcankizil.tr\/de\/haberler\/gundem\/hatayda-otomobil-200-metrelik-ucuruma-uctu\/\" \/>\n<meta property=\"og:locale\" content=\"de_DE\" \/>\n<meta property=\"og:type\" content=\"article\" \/>\n<meta property=\"og:title\" content=\"Hatay\u2019da otomobil 200 metrelik u\u00e7uruma u\u00e7tu!\" \/>\n<meta property=\"og:description\" content=\"Edinilen bilgilere g\u00f6re Karah\u00fcseyinli istikametinden Belen M\u00fcft\u00fcler b\u00f6lgesine seyir halindeki otomobil s\u00fcr\u00fcc\u00fcs\u00fcn\u00fcn direksiyon h\u00e2kimiyetini kaybetmesi sonucu yakla\u015f\u0131k 200 metre derinlikteki u\u00e7uruma yuvarland\u0131. Kazay\u0131 yak\u0131ndaki bir tarlada \u00e7al\u0131\u015fan vatanda\u015f\u0131n g\u00f6rmesi \u00fczerine 112 acil \u00e7a\u011fr\u0131 merkezine bilgi verildi. Jandarma ekipleri b\u00f6lgede arama tarama faaliyetlerini s\u00fcrd\u00fcrse de kaza yapan ara\u00e7 ilk etapta bulamad\u0131. Vatanda\u015flar ve jandarma yoldan yakla\u015f\u0131k 200 metre a\u015fa\u011f\u0131da kimsenin g\u00f6remeyece\u011fi yerde ters yatm\u0131\u015f \u015fekilde otomobili buldu. K\u0131sa s\u00fcrede jandarma ekipleri b\u00f6lgeye sa\u011fl\u0131k ekiplerinin inmesini sa\u011flad\u0131. Sedyelerle birlikte jandarma, sa\u011fl\u0131k ekibi ve vatanda\u015flar yaral\u0131lar\u0131 u\u00e7urumdan yukar\u0131 \u00e7\u0131kartmak i\u00e7in ciddi \u00e7aba harcad\u0131. \u0130ki ki\u015finin durumunun a\u011f\u0131r oldu\u011fu belirtilen yaral\u0131lar\u0131n tamam\u0131 ilk m\u00fcdahalenin ard\u0131ndan ambulansla hastanelere sevk edildi. Jandarma ekipleri kazayla ilgili soru\u015fturmas\u0131n\u0131 s\u00fcrd\u00fcr\u00fcyor. \u200bHatay\u2019\u0131n Arsuz il\u00e7esi Karah\u00fcseyinli Mahallesi\u2019nde ya\u015fanan trafik kazada, s\u00fcr\u00fcc\u00fcs\u00fcn\u00fcn direksiyon hakimiyetini kaybetmesi sonucu u\u00e7uruma yuvarlanan ara\u00e7ta bulunan 4 ki\u015fi, \u0130tfaiye ekiplerinin h\u0131zl\u0131 ve koordineli m\u00fcdahalesiyle kurtar\u0131ld\u0131.\u00a0 \u200bHaberin Al\u0131nt\u0131land\u0131\u011f\u0131 Kaynak: www.iskenderun.org\" \/>\n<meta property=\"og:url\" content=\"https:\/\/denizcankizil.tr\/de\/haberler\/gundem\/hatayda-otomobil-200-metrelik-ucuruma-uctu\/\" \/>\n<meta property=\"og:site_name\" content=\"Av. Deniz Can K\u0131z\u0131l\" \/>\n<meta property=\"article:published_time\" content=\"2025-07-14T14:43:52+00:00\" \/>\n<meta property=\"og:image\" content=\"https:\/\/iskenderunorg.teimg.com\/iskenderun-org\/uploads\/2025\/07\/2025\/07\/karahuseyinli-kaza-3.jpg\" \/>\n<meta name=\"author\" content=\"admin\" \/>\n<meta name=\"twitter:card\" content=\"summary_large_image\" \/>\n<meta name=\"twitter:label1\" content=\"Verfasst von\" \/>\n\t<meta name=\"twitter:data1\" content=\"admin\" \/>\n\t<meta name=\"twitter:label2\" content=\"Gesch\u00e4tzte Lesezeit\" \/>\n\t<meta name=\"twitter:data2\" content=\"1\u00a0Minute\" \/>\n<script type=\"application\/ld+json\" class=\"yoast-schema-graph\">{\"@context\":\"https:\/\/schema.org\",\"@graph\":[{\"@type\":\"Article\",\"@id\":\"https:\/\/denizcankizil.tr\/de\/haberler\/gundem\/hatayda-otomobil-200-metrelik-ucuruma-uctu\/#article\",\"isPartOf\":{\"@id\":\"https:\/\/denizcankizil.tr\/de\/haberler\/gundem\/hatayda-otomobil-200-metrelik-ucuruma-uctu\/\"},\"author\":{\"name\":\"admin\",\"@id\":\"https:\/\/denizcankizil.tr\/#\/schema\/person\/be3c05fe6a12686905512445d8185489\"},\"headline\":\"Hatay\u2019da otomobil 200 metrelik u\u00e7uruma u\u00e7tu!\",\"datePublished\":\"2025-07-14T14:43:52+00:00\",\"mainEntityOfPage\":{\"@id\":\"https:\/\/denizcankizil.tr\/de\/haberler\/gundem\/hatayda-otomobil-200-metrelik-ucuruma-uctu\/\"},\"wordCount\":216,\"publisher\":{\"@id\":\"https:\/\/denizcankizil.tr\/#organization\"},\"image\":{\"@id\":\"https:\/\/denizcankizil.tr\/de\/haberler\/gundem\/hatayda-otomobil-200-metrelik-ucuruma-uctu\/#primaryimage\"},\"thumbnailUrl\":\"https:\/\/iskenderunorg.teimg.com\/iskenderun-org\/uploads\/2025\/07\/2025\/07\/karahuseyinli-kaza-3.jpg\",\"articleSection\":[\"G\u00fcndem\"],\"inLanguage\":\"de\"},{\"@type\":\"WebPage\",\"@id\":\"https:\/\/denizcankizil.tr\/de\/haberler\/gundem\/hatayda-otomobil-200-metrelik-ucuruma-uctu\/\",\"url\":\"https:\/\/denizcankizil.tr\/de\/haberler\/gundem\/hatayda-otomobil-200-metrelik-ucuruma-uctu\/\",\"name\":\"Hatay\u2019da otomobil 200 metrelik u\u00e7uruma u\u00e7tu! - Av. Deniz Can K\u0131z\u0131l\",\"isPartOf\":{\"@id\":\"https:\/\/denizcankizil.tr\/#website\"},\"primaryImageOfPage\":{\"@id\":\"https:\/\/denizcankizil.tr\/de\/haberler\/gundem\/hatayda-otomobil-200-metrelik-ucuruma-uctu\/#primaryimage\"},\"image\":{\"@id\":\"https:\/\/denizcankizil.tr\/de\/haberler\/gundem\/hatayda-otomobil-200-metrelik-ucuruma-uctu\/#primaryimage\"},\"thumbnailUrl\":\"https:\/\/iskenderunorg.teimg.com\/iskenderun-org\/uploads\/2025\/07\/2025\/07\/karahuseyinli-kaza-3.jpg\",\"datePublished\":\"2025-07-14T14:43:52+00:00\",\"breadcrumb\":{\"@id\":\"https:\/\/denizcankizil.tr\/de\/haberler\/gundem\/hatayda-otomobil-200-metrelik-ucuruma-uctu\/#breadcrumb\"},\"inLanguage\":\"de\",\"potentialAction\":[{\"@type\":\"ReadAction\",\"target\":[\"https:\/\/denizcankizil.tr\/de\/haberler\/gundem\/hatayda-otomobil-200-metrelik-ucuruma-uctu\/\"]}]},{\"@type\":\"ImageObject\",\"inLanguage\":\"de\",\"@id\":\"https:\/\/denizcankizil.tr\/de\/haberler\/gundem\/hatayda-otomobil-200-metrelik-ucuruma-uctu\/#primaryimage\",\"url\":\"https:\/\/iskenderunorg.teimg.com\/iskenderun-org\/uploads\/2025\/07\/2025\/07\/karahuseyinli-kaza-3.jpg\",\"contentUrl\":\"https:\/\/iskenderunorg.teimg.com\/iskenderun-org\/uploads\/2025\/07\/2025\/07\/karahuseyinli-kaza-3.jpg\"},{\"@type\":\"BreadcrumbList\",\"@id\":\"https:\/\/denizcankizil.tr\/de\/haberler\/gundem\/hatayda-otomobil-200-metrelik-ucuruma-uctu\/#breadcrumb\",\"itemListElement\":[{\"@type\":\"ListItem\",\"position\":1,\"name\":\"Home\",\"item\":\"https:\/\/denizcankizil.tr\/de\/\"},{\"@type\":\"ListItem\",\"position\":2,\"name\":\"Hatay\u2019da otomobil 200 metrelik u\u00e7uruma u\u00e7tu!\"}]},{\"@type\":\"WebSite\",\"@id\":\"https:\/\/denizcankizil.tr\/#website\",\"url\":\"https:\/\/denizcankizil.tr\/\",\"name\":\"Av. Deniz Can K\u0131z\u0131l\",\"description\":\"Avukat Deniz Can K\u0131z\u0131l Antalya Barosu\",\"publisher\":{\"@id\":\"https:\/\/denizcankizil.tr\/#organization\"},\"potentialAction\":[{\"@type\":\"SearchAction\",\"target\":{\"@type\":\"EntryPoint\",\"urlTemplate\":\"https:\/\/denizcankizil.tr\/?s={search_term_string}\"},\"query-input\":{\"@type\":\"PropertyValueSpecification\",\"valueRequired\":true,\"valueName\":\"search_term_string\"}}],\"inLanguage\":\"de\"},{\"@type\":\"Organization\",\"@id\":\"https:\/\/denizcankizil.tr\/#organization\",\"name\":\"Av. Deniz Can K\u0131z\u0131l\",\"url\":\"https:\/\/denizcankizil.tr\/\",\"logo\":{\"@type\":\"ImageObject\",\"inLanguage\":\"de\",\"@id\":\"https:\/\/denizcankizil.tr\/#\/schema\/logo\/image\/\",\"url\":\"https:\/\/denizcankizil.tr\/wp-content\/uploads\/2024\/10\/siyah-logo-svg.svg\",\"contentUrl\":\"https:\/\/denizcankizil.tr\/wp-content\/uploads\/2024\/10\/siyah-logo-svg.svg\",\"width\":1080,\"height\":1080,\"caption\":\"Av. Deniz Can K\u0131z\u0131l\"},\"image\":{\"@id\":\"https:\/\/denizcankizil.tr\/#\/schema\/logo\/image\/\"}},{\"@type\":\"Person\",\"@id\":\"https:\/\/denizcankizil.tr\/#\/schema\/person\/be3c05fe6a12686905512445d8185489\",\"name\":\"admin\",\"image\":{\"@type\":\"ImageObject\",\"inLanguage\":\"de\",\"@id\":\"https:\/\/denizcankizil.tr\/#\/schema\/person\/image\/\",\"url\":\"https:\/\/secure.gravatar.com\/avatar\/c1fce94c830dc79107e174f890d7210541c4a63e8e5d816341794a2151c9d58c?s=96&d=mm&r=g\",\"contentUrl\":\"https:\/\/secure.gravatar.com\/avatar\/c1fce94c830dc79107e174f890d7210541c4a63e8e5d816341794a2151c9d58c?s=96&d=mm&r=g\",\"caption\":\"admin\"},\"sameAs\":[\"http:\/\/denizcankizil.tr\"],\"url\":\"https:\/\/www.iskenderun.org\/hatayda-otomobil-200-metrelik-ucuruma-uctu\"}]}<\/script>\n<!-- \/ Yoast SEO Premium plugin. -->","yoast_head_json":{"title":"Hatay\u2019da otomobil 200 metrelik u\u00e7uruma u\u00e7tu! - Av. Deniz Can K\u0131z\u0131l","robots":{"index":"index","follow":"follow","max-snippet":"max-snippet:-1","max-image-preview":"max-image-preview:large","max-video-preview":"max-video-preview:-1"},"canonical":"https:\/\/denizcankizil.tr\/de\/haberler\/gundem\/hatayda-otomobil-200-metrelik-ucuruma-uctu\/","og_locale":"de_DE","og_type":"article","og_title":"Hatay\u2019da otomobil 200 metrelik u\u00e7uruma u\u00e7tu!","og_description":"Edinilen bilgilere g\u00f6re Karah\u00fcseyinli istikametinden Belen M\u00fcft\u00fcler b\u00f6lgesine seyir halindeki otomobil s\u00fcr\u00fcc\u00fcs\u00fcn\u00fcn direksiyon h\u00e2kimiyetini kaybetmesi sonucu yakla\u015f\u0131k 200 metre derinlikteki u\u00e7uruma yuvarland\u0131. Kazay\u0131 yak\u0131ndaki bir tarlada \u00e7al\u0131\u015fan vatanda\u015f\u0131n g\u00f6rmesi \u00fczerine 112 acil \u00e7a\u011fr\u0131 merkezine bilgi verildi. Jandarma ekipleri b\u00f6lgede arama tarama faaliyetlerini s\u00fcrd\u00fcrse de kaza yapan ara\u00e7 ilk etapta bulamad\u0131. Vatanda\u015flar ve jandarma yoldan yakla\u015f\u0131k 200 metre a\u015fa\u011f\u0131da kimsenin g\u00f6remeyece\u011fi yerde ters yatm\u0131\u015f \u015fekilde otomobili buldu. K\u0131sa s\u00fcrede jandarma ekipleri b\u00f6lgeye sa\u011fl\u0131k ekiplerinin inmesini sa\u011flad\u0131. Sedyelerle birlikte jandarma, sa\u011fl\u0131k ekibi ve vatanda\u015flar yaral\u0131lar\u0131 u\u00e7urumdan yukar\u0131 \u00e7\u0131kartmak i\u00e7in ciddi \u00e7aba harcad\u0131. \u0130ki ki\u015finin durumunun a\u011f\u0131r oldu\u011fu belirtilen yaral\u0131lar\u0131n tamam\u0131 ilk m\u00fcdahalenin ard\u0131ndan ambulansla hastanelere sevk edildi. Jandarma ekipleri kazayla ilgili soru\u015fturmas\u0131n\u0131 s\u00fcrd\u00fcr\u00fcyor. \u200bHatay\u2019\u0131n Arsuz il\u00e7esi Karah\u00fcseyinli Mahallesi\u2019nde ya\u015fanan trafik kazada, s\u00fcr\u00fcc\u00fcs\u00fcn\u00fcn direksiyon hakimiyetini kaybetmesi sonucu u\u00e7uruma yuvarlanan ara\u00e7ta bulunan 4 ki\u015fi, \u0130tfaiye ekiplerinin h\u0131zl\u0131 ve koordineli m\u00fcdahalesiyle kurtar\u0131ld\u0131.\u00a0 \u200bHaberin Al\u0131nt\u0131land\u0131\u011f\u0131 Kaynak: www.iskenderun.org","og_url":"https:\/\/denizcankizil.tr\/de\/haberler\/gundem\/hatayda-otomobil-200-metrelik-ucuruma-uctu\/","og_site_name":"Av. Deniz Can K\u0131z\u0131l","article_published_time":"2025-07-14T14:43:52+00:00","og_image":[{"url":"https:\/\/iskenderunorg.teimg.com\/iskenderun-org\/uploads\/2025\/07\/2025\/07\/karahuseyinli-kaza-3.jpg","type":"","width":"","height":""}],"author":"admin","twitter_card":"summary_large_image","twitter_misc":{"Verfasst von":"admin","Gesch\u00e4tzte Lesezeit":"1\u00a0Minute"},"schema":{"@context":"https:\/\/schema.org","@graph":[{"@type":"Article","@id":"https:\/\/denizcankizil.tr\/de\/haberler\/gundem\/hatayda-otomobil-200-metrelik-ucuruma-uctu\/#article","isPartOf":{"@id":"https:\/\/denizcankizil.tr\/de\/haberler\/gundem\/hatayda-otomobil-200-metrelik-ucuruma-uctu\/"},"author":{"name":"admin","@id":"https:\/\/denizcankizil.tr\/#\/schema\/person\/be3c05fe6a12686905512445d8185489"},"headline":"Hatay\u2019da otomobil 200 metrelik u\u00e7uruma u\u00e7tu!","datePublished":"2025-07-14T14:43:52+00:00","mainEntityOfPage":{"@id":"https:\/\/denizcankizil.tr\/de\/haberler\/gundem\/hatayda-otomobil-200-metrelik-ucuruma-uctu\/"},"wordCount":216,"publisher":{"@id":"https:\/\/denizcankizil.tr\/#organization"},"image":{"@id":"https:\/\/denizcankizil.tr\/de\/haberler\/gundem\/hatayda-otomobil-200-metrelik-ucuruma-uctu\/#primaryimage"},"thumbnailUrl":"https:\/\/iskenderunorg.teimg.com\/iskenderun-org\/uploads\/2025\/07\/2025\/07\/karahuseyinli-kaza-3.jpg","articleSection":["G\u00fcndem"],"inLanguage":"de"},{"@type":"WebPage","@id":"https:\/\/denizcankizil.tr\/de\/haberler\/gundem\/hatayda-otomobil-200-metrelik-ucuruma-uctu\/","url":"https:\/\/denizcankizil.tr\/de\/haberler\/gundem\/hatayda-otomobil-200-metrelik-ucuruma-uctu\/","name":"Hatay\u2019da otomobil 200 metrelik u\u00e7uruma u\u00e7tu! - Av. Deniz Can K\u0131z\u0131l","isPartOf":{"@id":"https:\/\/denizcankizil.tr\/#website"},"primaryImageOfPage":{"@id":"https:\/\/denizcankizil.tr\/de\/haberler\/gundem\/hatayda-otomobil-200-metrelik-ucuruma-uctu\/#primaryimage"},"image":{"@id":"https:\/\/denizcankizil.tr\/de\/haberler\/gundem\/hatayda-otomobil-200-metrelik-ucuruma-uctu\/#primaryimage"},"thumbnailUrl":"https:\/\/iskenderunorg.teimg.com\/iskenderun-org\/uploads\/2025\/07\/2025\/07\/karahuseyinli-kaza-3.jpg","datePublished":"2025-07-14T14:43:52+00:00","breadcrumb":{"@id":"https:\/\/denizcankizil.tr\/de\/haberler\/gundem\/hatayda-otomobil-200-metrelik-ucuruma-uctu\/#breadcrumb"},"inLanguage":"de","potentialAction":[{"@type":"ReadAction","target":["https:\/\/denizcankizil.tr\/de\/haberler\/gundem\/hatayda-otomobil-200-metrelik-ucuruma-uctu\/"]}]},{"@type":"ImageObject","inLanguage":"de","@id":"https:\/\/denizcankizil.tr\/de\/haberler\/gundem\/hatayda-otomobil-200-metrelik-ucuruma-uctu\/#primaryimage","url":"https:\/\/iskenderunorg.teimg.com\/iskenderun-org\/uploads\/2025\/07\/2025\/07\/karahuseyinli-kaza-3.jpg","contentUrl":"https:\/\/iskenderunorg.teimg.com\/iskenderun-org\/uploads\/2025\/07\/2025\/07\/karahuseyinli-kaza-3.jpg"},{"@type":"BreadcrumbList","@id":"https:\/\/denizcankizil.tr\/de\/haberler\/gundem\/hatayda-otomobil-200-metrelik-ucuruma-uctu\/#breadcrumb","itemListElement":[{"@type":"ListItem","position":1,"name":"Home","item":"https:\/\/denizcankizil.tr\/de\/"},{"@type":"ListItem","position":2,"name":"Hatay\u2019da otomobil 200 metrelik u\u00e7uruma u\u00e7tu!"}]},{"@type":"WebSite","@id":"https:\/\/denizcankizil.tr\/#website","url":"https:\/\/denizcankizil.tr\/","name":"Av. Deniz Can K\u0131z\u0131l","description":"Avukat Deniz Can K\u0131z\u0131l Antalya Barosu","publisher":{"@id":"https:\/\/denizcankizil.tr\/#organization"},"potentialAction":[{"@type":"SearchAction","target":{"@type":"EntryPoint","urlTemplate":"https:\/\/denizcankizil.tr\/?s={search_term_string}"},"query-input":{"@type":"PropertyValueSpecification","valueRequired":true,"valueName":"search_term_string"}}],"inLanguage":"de"},{"@type":"Organization","@id":"https:\/\/denizcankizil.tr\/#organization","name":"Av. Deniz Can K\u0131z\u0131l","url":"https:\/\/denizcankizil.tr\/","logo":{"@type":"ImageObject","inLanguage":"de","@id":"https:\/\/denizcankizil.tr\/#\/schema\/logo\/image\/","url":"https:\/\/denizcankizil.tr\/wp-content\/uploads\/2024\/10\/siyah-logo-svg.svg","contentUrl":"https:\/\/denizcankizil.tr\/wp-content\/uploads\/2024\/10\/siyah-logo-svg.svg","width":1080,"height":1080,"caption":"Av. Deniz Can K\u0131z\u0131l"},"image":{"@id":"https:\/\/denizcankizil.tr\/#\/schema\/logo\/image\/"}},{"@type":"Person","@id":"https:\/\/denizcankizil.tr\/#\/schema\/person\/be3c05fe6a12686905512445d8185489","name":"Administrator","image":{"@type":"ImageObject","inLanguage":"de","@id":"https:\/\/denizcankizil.tr\/#\/schema\/person\/image\/","url":"https:\/\/secure.gravatar.com\/avatar\/c1fce94c830dc79107e174f890d7210541c4a63e8e5d816341794a2151c9d58c?s=96&d=mm&r=g","contentUrl":"https:\/\/secure.gravatar.com\/avatar\/c1fce94c830dc79107e174f890d7210541c4a63e8e5d816341794a2151c9d58c?s=96&d=mm&r=g","caption":"admin"},"sameAs":["http:\/\/denizcankizil.tr"],"url":"https:\/\/www.iskenderun.org\/hatayda-otomobil-200-metrelik-ucuruma-uctu"}]}},"_links":{"self":[{"href":"https:\/\/denizcankizil.tr\/de\/wp-json\/wp\/v2\/posts\/145880","targetHints":{"allow":["GET"]}}],"collection":[{"href":"https:\/\/denizcankizil.tr\/de\/wp-json\/wp\/v2\/posts"}],"about":[{"href":"https:\/\/denizcankizil.tr\/de\/wp-json\/wp\/v2\/types\/post"}],"author":[{"embeddable":true,"href":"https:\/\/denizcankizil.tr\/de\/wp-json\/wp\/v2\/users\/1"}],"replies":[{"embeddable":true,"href":"https:\/\/denizcankizil.tr\/de\/wp-json\/wp\/v2\/comments?post=145880"}],"version-history":[{"count":0,"href":"https:\/\/denizcankizil.tr\/de\/wp-json\/wp\/v2\/posts\/145880\/revisions"}],"wp:attachment":[{"href":"https:\/\/denizcankizil.tr\/de\/wp-json\/wp\/v2\/media?parent=145880"}],"wp:term":[{"taxonomy":"category","embeddable":true,"href":"https:\/\/denizcankizil.tr\/de\/wp-json\/wp\/v2\/categories?post=145880"},{"taxonomy":"post_tag","embeddable":true,"href":"https:\/\/denizcankizil.tr\/de\/wp-json\/wp\/v2\/tags?post=145880"}],"curies":[{"name":"wp","href":"https:\/\/api.w.org\/{rel}","templated":true}]}}