{"id":14450,"date":"2024-11-08T16:41:20","date_gmt":"2024-11-08T13:41:20","guid":{"rendered":"https:\/\/denizcankizil.tr\/uncategorized-tr\/kiadan-kasim-ayina-ozel-firsatlar\/"},"modified":"2024-11-08T16:41:20","modified_gmt":"2024-11-08T13:41:20","slug":"kiadan-kasim-ayina-ozel-firsatlar","status":"publish","type":"post","link":"https:\/\/denizcankizil.tr\/de\/haberler\/gundem\/kiadan-kasim-ayina-ozel-firsatlar\/","title":{"rendered":"Kia\u2019dan Kas\u0131m Ay\u0131na \u00d6zel F\u0131rsatlar"},"content":{"rendered":"<p>Anadolu Grubu markalar\u0131ndan Kia, kas\u0131m ay\u0131na \u00f6zel olarak haz\u0131rlad\u0131\u011f\u0131 kampanyalarda uygun faiz f\u0131rsatlar\u0131 ve indirimler sunuyor.<\/p>\n<p>\u200bAnadolu Grubu markalar\u0131ndan Kia, kas\u0131m ay\u0131na \u00f6zel olarak haz\u0131rlad\u0131\u011f\u0131 kampanyalarda uygun faiz f\u0131rsatlar\u0131 ve indirimler sunuyor.\u00a0<\/p>\n<p>\u200bHaberin Al\u0131nt\u0131land\u0131\u011f\u0131 Kaynak: www.iskenderun.org<\/p>","protected":false},"excerpt":{"rendered":"<p>Anadolu Grubu markalar\u0131ndan Kia, kas\u0131m ay\u0131na \u00f6zel olarak haz\u0131rlad\u0131\u011f\u0131 kampanyalarda uygun faiz f\u0131rsatlar\u0131 ve indirimler sunuyor. \u200bAnadolu Grubu markalar\u0131ndan Kia, kas\u0131m ay\u0131na \u00f6zel olarak haz\u0131rlad\u0131\u011f\u0131 kampanyalarda uygun faiz f\u0131rsatlar\u0131 ve indirimler sunuyor.\u00a0 \u200bHaberin Al\u0131nt\u0131land\u0131\u011f\u0131 Kaynak: www.iskenderun.org<\/p>","protected":false},"author":0,"featured_media":0,"comment_status":"open","ping_status":"open","sticky":false,"template":"","format":"standard","meta":{"_acf_changed":false,"footnotes":""},"categories":[24,535],"tags":[],"class_list":["post-14450","post","type-post","status-publish","format-standard","has-post-thumbnail","hentry","category-gundem","category-uncategorized-tr"],"acf":[],"yoast_head":"<!-- This site is optimized with the Yoast SEO Premium plugin v26.6 (Yoast SEO v27.1.1) - https:\/\/yoast.com\/product\/yoast-seo-premium-wordpress\/ -->\n<title>Kia\u2019dan Kas\u0131m Ay\u0131na \u00d6zel F\u0131rsatlar - Av. Deniz Can K\u0131z\u0131l<\/title>\n<meta name=\"robots\" content=\"index, follow, max-snippet:-1, max-image-preview:large, max-video-preview:-1\" \/>\n<link rel=\"canonical\" href=\"https:\/\/denizcankizil.tr\/de\/haberler\/gundem\/kiadan-kasim-ayina-ozel-firsatlar\/\" \/>\n<meta property=\"og:locale\" content=\"de_DE\" \/>\n<meta property=\"og:type\" content=\"article\" \/>\n<meta property=\"og:title\" content=\"Kia\u2019dan Kas\u0131m Ay\u0131na \u00d6zel F\u0131rsatlar\" \/>\n<meta property=\"og:description\" content=\"Anadolu Grubu markalar\u0131ndan Kia, kas\u0131m ay\u0131na \u00f6zel olarak haz\u0131rlad\u0131\u011f\u0131 kampanyalarda uygun faiz f\u0131rsatlar\u0131 ve indirimler sunuyor. \u200bAnadolu Grubu markalar\u0131ndan Kia, kas\u0131m ay\u0131na \u00f6zel olarak haz\u0131rlad\u0131\u011f\u0131 kampanyalarda uygun faiz f\u0131rsatlar\u0131 ve indirimler sunuyor.\u00a0 \u200bHaberin Al\u0131nt\u0131land\u0131\u011f\u0131 Kaynak: www.iskenderun.org\" \/>\n<meta property=\"og:url\" content=\"https:\/\/denizcankizil.tr\/de\/haberler\/gundem\/kiadan-kasim-ayina-ozel-firsatlar\/\" \/>\n<meta property=\"og:site_name\" content=\"Av. Deniz Can K\u0131z\u0131l\" \/>\n<meta property=\"article:published_time\" content=\"2024-11-08T13:41:20+00:00\" \/>\n<meta name=\"twitter:card\" content=\"summary_large_image\" \/>\n<script type=\"application\/ld+json\" class=\"yoast-schema-graph\">{\"@context\":\"https:\/\/schema.org\",\"@graph\":[{\"@type\":\"Article\",\"@id\":\"https:\/\/denizcankizil.tr\/de\/haberler\/gundem\/kiadan-kasim-ayina-ozel-firsatlar\/#article\",\"isPartOf\":{\"@id\":\"https:\/\/denizcankizil.tr\/de\/haberler\/gundem\/kiadan-kasim-ayina-ozel-firsatlar\/\"},\"author\":{\"name\":\"\",\"@id\":\"\"},\"headline\":\"Kia\u2019dan Kas\u0131m Ay\u0131na \u00d6zel F\u0131rsatlar\",\"datePublished\":\"2024-11-08T13:41:20+00:00\",\"mainEntityOfPage\":{\"@id\":\"https:\/\/denizcankizil.tr\/de\/haberler\/gundem\/kiadan-kasim-ayina-ozel-firsatlar\/\"},\"wordCount\":59,\"commentCount\":0,\"publisher\":{\"@id\":\"https:\/\/denizcankizil.tr\/#organization\"},\"articleSection\":[\"G\u00fcndem\",\"Uncategorized\"],\"inLanguage\":\"de\",\"potentialAction\":[{\"@type\":\"CommentAction\",\"name\":\"Comment\",\"target\":[\"https:\/\/denizcankizil.tr\/de\/haberler\/gundem\/kiadan-kasim-ayina-ozel-firsatlar\/#respond\"]}]},{\"@type\":\"WebPage\",\"@id\":\"https:\/\/denizcankizil.tr\/de\/haberler\/gundem\/kiadan-kasim-ayina-ozel-firsatlar\/\",\"url\":\"https:\/\/denizcankizil.tr\/de\/haberler\/gundem\/kiadan-kasim-ayina-ozel-firsatlar\/\",\"name\":\"Kia\u2019dan Kas\u0131m Ay\u0131na \u00d6zel F\u0131rsatlar - Av. Deniz Can K\u0131z\u0131l\",\"isPartOf\":{\"@id\":\"https:\/\/denizcankizil.tr\/#website\"},\"datePublished\":\"2024-11-08T13:41:20+00:00\",\"breadcrumb\":{\"@id\":\"https:\/\/denizcankizil.tr\/de\/haberler\/gundem\/kiadan-kasim-ayina-ozel-firsatlar\/#breadcrumb\"},\"inLanguage\":\"de\",\"potentialAction\":[{\"@type\":\"ReadAction\",\"target\":[\"https:\/\/denizcankizil.tr\/de\/haberler\/gundem\/kiadan-kasim-ayina-ozel-firsatlar\/\"]}]},{\"@type\":\"BreadcrumbList\",\"@id\":\"https:\/\/denizcankizil.tr\/de\/haberler\/gundem\/kiadan-kasim-ayina-ozel-firsatlar\/#breadcrumb\",\"itemListElement\":[{\"@type\":\"ListItem\",\"position\":1,\"name\":\"Home\",\"item\":\"https:\/\/denizcankizil.tr\/de\/\"},{\"@type\":\"ListItem\",\"position\":2,\"name\":\"Kia\u2019dan Kas\u0131m Ay\u0131na \u00d6zel F\u0131rsatlar\"}]},{\"@type\":\"WebSite\",\"@id\":\"https:\/\/denizcankizil.tr\/#website\",\"url\":\"https:\/\/denizcankizil.tr\/\",\"name\":\"Av. Deniz Can K\u0131z\u0131l\",\"description\":\"Avukat Deniz Can K\u0131z\u0131l Antalya Barosu\",\"publisher\":{\"@id\":\"https:\/\/denizcankizil.tr\/#organization\"},\"potentialAction\":[{\"@type\":\"SearchAction\",\"target\":{\"@type\":\"EntryPoint\",\"urlTemplate\":\"https:\/\/denizcankizil.tr\/?s={search_term_string}\"},\"query-input\":{\"@type\":\"PropertyValueSpecification\",\"valueRequired\":true,\"valueName\":\"search_term_string\"}}],\"inLanguage\":\"de\"},{\"@type\":\"Organization\",\"@id\":\"https:\/\/denizcankizil.tr\/#organization\",\"name\":\"Av. Deniz Can K\u0131z\u0131l\",\"url\":\"https:\/\/denizcankizil.tr\/\",\"logo\":{\"@type\":\"ImageObject\",\"inLanguage\":\"de\",\"@id\":\"https:\/\/denizcankizil.tr\/#\/schema\/logo\/image\/\",\"url\":\"https:\/\/denizcankizil.tr\/wp-content\/uploads\/2024\/10\/siyah-logo-svg.svg\",\"contentUrl\":\"https:\/\/denizcankizil.tr\/wp-content\/uploads\/2024\/10\/siyah-logo-svg.svg\",\"width\":1080,\"height\":1080,\"caption\":\"Av. Deniz Can K\u0131z\u0131l\"},\"image\":{\"@id\":\"https:\/\/denizcankizil.tr\/#\/schema\/logo\/image\/\"}}]}<\/script>\n<!-- \/ Yoast SEO Premium plugin. -->","yoast_head_json":{"title":"Kia\u2019dan Kas\u0131m Ay\u0131na \u00d6zel F\u0131rsatlar - Av. Deniz Can K\u0131z\u0131l","robots":{"index":"index","follow":"follow","max-snippet":"max-snippet:-1","max-image-preview":"max-image-preview:large","max-video-preview":"max-video-preview:-1"},"canonical":"https:\/\/denizcankizil.tr\/de\/haberler\/gundem\/kiadan-kasim-ayina-ozel-firsatlar\/","og_locale":"de_DE","og_type":"article","og_title":"Kia\u2019dan Kas\u0131m Ay\u0131na \u00d6zel F\u0131rsatlar","og_description":"Anadolu Grubu markalar\u0131ndan Kia, kas\u0131m ay\u0131na \u00f6zel olarak haz\u0131rlad\u0131\u011f\u0131 kampanyalarda uygun faiz f\u0131rsatlar\u0131 ve indirimler sunuyor. \u200bAnadolu Grubu markalar\u0131ndan Kia, kas\u0131m ay\u0131na \u00f6zel olarak haz\u0131rlad\u0131\u011f\u0131 kampanyalarda uygun faiz f\u0131rsatlar\u0131 ve indirimler sunuyor.\u00a0 \u200bHaberin Al\u0131nt\u0131land\u0131\u011f\u0131 Kaynak: www.iskenderun.org","og_url":"https:\/\/denizcankizil.tr\/de\/haberler\/gundem\/kiadan-kasim-ayina-ozel-firsatlar\/","og_site_name":"Av. Deniz Can K\u0131z\u0131l","article_published_time":"2024-11-08T13:41:20+00:00","twitter_card":"summary_large_image","schema":{"@context":"https:\/\/schema.org","@graph":[{"@type":"Article","@id":"https:\/\/denizcankizil.tr\/de\/haberler\/gundem\/kiadan-kasim-ayina-ozel-firsatlar\/#article","isPartOf":{"@id":"https:\/\/denizcankizil.tr\/de\/haberler\/gundem\/kiadan-kasim-ayina-ozel-firsatlar\/"},"author":{"name":"","@id":""},"headline":"Kia\u2019dan Kas\u0131m Ay\u0131na \u00d6zel F\u0131rsatlar","datePublished":"2024-11-08T13:41:20+00:00","mainEntityOfPage":{"@id":"https:\/\/denizcankizil.tr\/de\/haberler\/gundem\/kiadan-kasim-ayina-ozel-firsatlar\/"},"wordCount":59,"commentCount":0,"publisher":{"@id":"https:\/\/denizcankizil.tr\/#organization"},"articleSection":["G\u00fcndem","Uncategorized"],"inLanguage":"de","potentialAction":[{"@type":"CommentAction","name":"Comment","target":["https:\/\/denizcankizil.tr\/de\/haberler\/gundem\/kiadan-kasim-ayina-ozel-firsatlar\/#respond"]}]},{"@type":"WebPage","@id":"https:\/\/denizcankizil.tr\/de\/haberler\/gundem\/kiadan-kasim-ayina-ozel-firsatlar\/","url":"https:\/\/denizcankizil.tr\/de\/haberler\/gundem\/kiadan-kasim-ayina-ozel-firsatlar\/","name":"Kia\u2019dan Kas\u0131m Ay\u0131na \u00d6zel F\u0131rsatlar - Av. Deniz Can K\u0131z\u0131l","isPartOf":{"@id":"https:\/\/denizcankizil.tr\/#website"},"datePublished":"2024-11-08T13:41:20+00:00","breadcrumb":{"@id":"https:\/\/denizcankizil.tr\/de\/haberler\/gundem\/kiadan-kasim-ayina-ozel-firsatlar\/#breadcrumb"},"inLanguage":"de","potentialAction":[{"@type":"ReadAction","target":["https:\/\/denizcankizil.tr\/de\/haberler\/gundem\/kiadan-kasim-ayina-ozel-firsatlar\/"]}]},{"@type":"BreadcrumbList","@id":"https:\/\/denizcankizil.tr\/de\/haberler\/gundem\/kiadan-kasim-ayina-ozel-firsatlar\/#breadcrumb","itemListElement":[{"@type":"ListItem","position":1,"name":"Home","item":"https:\/\/denizcankizil.tr\/de\/"},{"@type":"ListItem","position":2,"name":"Kia\u2019dan Kas\u0131m Ay\u0131na \u00d6zel F\u0131rsatlar"}]},{"@type":"WebSite","@id":"https:\/\/denizcankizil.tr\/#website","url":"https:\/\/denizcankizil.tr\/","name":"Av. Deniz Can K\u0131z\u0131l","description":"Avukat Deniz Can K\u0131z\u0131l Antalya Barosu","publisher":{"@id":"https:\/\/denizcankizil.tr\/#organization"},"potentialAction":[{"@type":"SearchAction","target":{"@type":"EntryPoint","urlTemplate":"https:\/\/denizcankizil.tr\/?s={search_term_string}"},"query-input":{"@type":"PropertyValueSpecification","valueRequired":true,"valueName":"search_term_string"}}],"inLanguage":"de"},{"@type":"Organization","@id":"https:\/\/denizcankizil.tr\/#organization","name":"Av. Deniz Can K\u0131z\u0131l","url":"https:\/\/denizcankizil.tr\/","logo":{"@type":"ImageObject","inLanguage":"de","@id":"https:\/\/denizcankizil.tr\/#\/schema\/logo\/image\/","url":"https:\/\/denizcankizil.tr\/wp-content\/uploads\/2024\/10\/siyah-logo-svg.svg","contentUrl":"https:\/\/denizcankizil.tr\/wp-content\/uploads\/2024\/10\/siyah-logo-svg.svg","width":1080,"height":1080,"caption":"Av. Deniz Can K\u0131z\u0131l"},"image":{"@id":"https:\/\/denizcankizil.tr\/#\/schema\/logo\/image\/"}}]}},"_links":{"self":[{"href":"https:\/\/denizcankizil.tr\/de\/wp-json\/wp\/v2\/posts\/14450","targetHints":{"allow":["GET"]}}],"collection":[{"href":"https:\/\/denizcankizil.tr\/de\/wp-json\/wp\/v2\/posts"}],"about":[{"href":"https:\/\/denizcankizil.tr\/de\/wp-json\/wp\/v2\/types\/post"}],"replies":[{"embeddable":true,"href":"https:\/\/denizcankizil.tr\/de\/wp-json\/wp\/v2\/comments?post=14450"}],"version-history":[{"count":0,"href":"https:\/\/denizcankizil.tr\/de\/wp-json\/wp\/v2\/posts\/14450\/revisions"}],"wp:attachment":[{"href":"https:\/\/denizcankizil.tr\/de\/wp-json\/wp\/v2\/media?parent=14450"}],"wp:term":[{"taxonomy":"category","embeddable":true,"href":"https:\/\/denizcankizil.tr\/de\/wp-json\/wp\/v2\/categories?post=14450"},{"taxonomy":"post_tag","embeddable":true,"href":"https:\/\/denizcankizil.tr\/de\/wp-json\/wp\/v2\/tags?post=14450"}],"curies":[{"name":"wp","href":"https:\/\/api.w.org\/{rel}","templated":true}]}}