{"id":1440,"date":"2024-10-11T07:56:29","date_gmt":"2024-10-11T07:56:29","guid":{"rendered":"https:\/\/denizcankizil.tr\/uncategorized\/kadinlar-iskenderunda-da-cinayetlere-dur-dedi\/"},"modified":"2024-10-11T07:56:29","modified_gmt":"2024-10-11T07:56:29","slug":"kadinlar-iskenderunda-da-cinayetlere-dur-dedi","status":"publish","type":"post","link":"https:\/\/denizcankizil.tr\/de\/haberler\/gundem\/kadinlar-iskenderunda-da-cinayetlere-dur-dedi\/","title":{"rendered":"Kad\u0131nlar \u0130skenderun\u2019da da cinayetlere \u201cdur!\u201d dedi"},"content":{"rendered":"<p>\u0130skenderun Atat\u00fcrk An\u0131t alan\u0131nda ellerinde pankart ve d\u00f6vizlerle bir araya gelen \u2018Kad\u0131n Cinayetlerini Durduraca\u011f\u0131z\u2019 platformu destek\u00e7ileriyle birlikte Hatay il sorumlusu Simay Ta\u015f, yapt\u0131\u011f\u0131 a\u00e7\u0131klamada, Kad\u0131na ve \u00e7ocu\u011fa y\u00f6nelik su\u00e7lardan kayd\u0131 olan faillerin, ellerini kollar\u0131n\u0131 sallayarak gezdi\u011fini s\u00f6yledi.<\/p>\n<p>Eyl\u00fcl ay\u0131nda 34 kad\u0131n erkekler taraf\u0131ndan \u00f6ld\u00fcr\u00fcld\u00fc\u011f\u00fcn\u00fc ifade eden Simay Ta\u015f \u201c20 kad\u0131n \u015f\u00fcpheli \u015fekilde hayat\u0131n\u0131 kaybetti. Raporumuzu yay\u0131nlad\u0131\u011f\u0131m\u0131z g\u00fcn 3 kad\u0131n daha \u00f6ld\u00fcr\u00fcld\u00fc. Art\u0131k toplumsal cinsiyet e\u015fitsizli\u011fi bir halk sa\u011fl\u0131\u011f\u0131 sorunu boyutunda\u201d dedi.<\/p>\n<p>Aile ve Sosyal Hizmetler Bakan\u0131 Mahinur G\u00f6kta\u015f Demir, \u0130kbal ve Ay\u015fenur&#8217;un ard\u0131ndan yay\u0131nlad\u0131\u011f\u0131 taziye mesaj\u0131na i\u015faret eden Simay Ta\u015f \u201cKad\u0131nlar art\u0131k sizin taziye mesajlar\u0131n\u0131z\u0131 g\u00f6rmek istemiyor. Hen\u00fcz hayattayken kad\u0131nlar\u0131 ya\u015fatacak \u00f6nlemler ald\u0131\u011f\u0131n\u0131z\u0131 g\u00f6rmek istiyorlar. 6284 say\u0131l\u0131 Ailenin Korunmas\u0131 ve Kad\u0131na Y\u00f6nelik \u015eiddetin \u00d6nlenmesine Dair Kanun&#8217;u uygulad\u0131\u011f\u0131n\u0131z\u0131 g\u00f6rmek istiyorlar. \u00c7\u00fcnk\u00fc kad\u0131nlar, kendisini ya\u015fatacak olan\u0131n 6284 oldu\u011funu \u00e7ok iyi biliyor. 6284&#8217;e en ufak bir sald\u0131r\u0131 kad\u0131nlar\u0131n ya\u015fam hakk\u0131n\u0131n tart\u0131\u015fmaya a\u00e7\u0131lmas\u0131 anlam\u0131na gelir. Kimse kad\u0131nlar\u0131n ya\u015fam hakk\u0131n\u0131 tart\u0131\u015fmaya a\u00e7amaz, a\u00e7maya kalkmas\u0131n\u201d diye konu\u015ftu.<\/p>\n<p>6284 SEFERBERL\u0130\u011e\u0130<\/p>\n<p>Yak\u0131n zamanda &#8220;6284 Seferberli\u011fi&#8221; ad\u0131 alt\u0131nda bir kampanya ba\u015flat\u0131ld\u0131\u011f\u0131n\u0131 duyuran Simay Ta\u015f, bu seferberli\u011fin kad\u0131nlara g\u00fc\u00e7 verece\u011fini vurgulayan Ta\u015f, &#8220;Her yerde bu kanunu anlataca\u011f\u0131z ve b\u00fct\u00fcn kad\u0131nlarla birlikte uygulayaca\u011f\u0131z. \u015eiddet kar\u015f\u0131s\u0131nda g\u00f6z\u00fcn\u00fc kula\u011f\u0131n\u0131 kapatan herkesin pe\u015fine d\u00fc\u015fece\u011fiz. Polisler, jandarmalar, savc\u0131lar, hakimler ya da bir bakanl\u0131\u011f\u0131n bir m\u00fcd\u00fcrl\u00fc\u011f\u00fcnde g\u00f6revli personel, hi\u00e7 fark etmez. Kad\u0131nlar \u00f6ld\u00fcr\u00fcl\u00fcrken nas\u0131l o koltuklarda rahat oturuyorsunuz? Diye hayk\u0131raca\u011f\u0131z. Halktan tepki g\u00f6r\u00fcnce failleri yakalayan \u0130\u00e7i\u015fleri Bakanl\u0131\u011f\u0131 m\u0131? Cezas\u0131zl\u0131\u011fa kay\u0131ts\u0131z kalan Adalet Bakanl\u0131\u011f\u0131 m\u0131? Hepsini a\u00e7\u0131klamak zorundas\u0131n\u0131z&#8221; \u015feklinde konu\u015ftu.<\/p>\n<p>T\u00fcm kad\u0131nlar\u0131 bu m\u00fccadeleye omuz vermeye davet eden Simay Ta\u015f, \u015funlar\u0131 payla\u015ft\u0131: &#8220;Kad\u0131n cinayetlerini birlikte durdurabiliriz, durduraca\u011f\u0131z. Gelin kad\u0131nlar\u0131 ya\u015fatal\u0131m, 6284&#8217;\u00fc uygulatal\u0131m&#8221;<\/p>\n<p>Topluluk kad\u0131n cinayetlerine tepki sloganlar\u0131 atarak An\u0131t alan\u0131ndan toplu bir \u015fekilde \u00e7\u0131karak park i\u00e7erisinde bir s\u00fcre y\u00fcr\u00fcd\u00fc ve daha sonra sessizce da\u011f\u0131ld\u0131.<\/p>\n<p>\u200bT\u00fcrkiye\u2019nin bir\u00e7ok ilinde faaliyet g\u00f6steren &#8220;Kad\u0131n Cinayetlerini Durduraca\u011f\u0131z&#8221; platformu, Hatay\u2019\u0131n \u0130skenderun il\u00e7esinde bir araya gelerek kad\u0131n cinayetlerinin durdurulmas\u0131 i\u00e7in seslerini y\u00fckseltti.\u00a0<\/p>\n<p>\u200biskenderun<\/p>","protected":false},"excerpt":{"rendered":"<p>\u0130skenderun Atat\u00fcrk An\u0131t alan\u0131nda ellerinde pankart ve d\u00f6vizlerle bir araya gelen \u2018Kad\u0131n Cinayetlerini Durduraca\u011f\u0131z\u2019 platformu destek\u00e7ileriyle birlikte Hatay il sorumlusu Simay Ta\u015f, yapt\u0131\u011f\u0131 a\u00e7\u0131klamada, Kad\u0131na ve \u00e7ocu\u011fa y\u00f6nelik su\u00e7lardan kayd\u0131 olan faillerin, ellerini kollar\u0131n\u0131 sallayarak gezdi\u011fini s\u00f6yledi. Eyl\u00fcl ay\u0131nda 34 kad\u0131n erkekler taraf\u0131ndan \u00f6ld\u00fcr\u00fcld\u00fc\u011f\u00fcn\u00fc ifade eden Simay Ta\u015f \u201c20 kad\u0131n \u015f\u00fcpheli \u015fekilde hayat\u0131n\u0131 kaybetti. Raporumuzu yay\u0131nlad\u0131\u011f\u0131m\u0131z g\u00fcn 3 kad\u0131n daha \u00f6ld\u00fcr\u00fcld\u00fc. Art\u0131k toplumsal cinsiyet e\u015fitsizli\u011fi bir halk sa\u011fl\u0131\u011f\u0131 sorunu boyutunda\u201d dedi. Aile ve Sosyal Hizmetler Bakan\u0131 Mahinur G\u00f6kta\u015f Demir, \u0130kbal ve Ay\u015fenur&#8217;un ard\u0131ndan yay\u0131nlad\u0131\u011f\u0131 taziye mesaj\u0131na i\u015faret eden Simay Ta\u015f \u201cKad\u0131nlar art\u0131k sizin taziye mesajlar\u0131n\u0131z\u0131 g\u00f6rmek istemiyor. Hen\u00fcz hayattayken kad\u0131nlar\u0131 ya\u015fatacak \u00f6nlemler ald\u0131\u011f\u0131n\u0131z\u0131 g\u00f6rmek istiyorlar. 6284 say\u0131l\u0131 Ailenin Korunmas\u0131 ve Kad\u0131na Y\u00f6nelik \u015eiddetin \u00d6nlenmesine Dair Kanun&#8217;u uygulad\u0131\u011f\u0131n\u0131z\u0131 g\u00f6rmek istiyorlar. \u00c7\u00fcnk\u00fc kad\u0131nlar, kendisini ya\u015fatacak olan\u0131n 6284 oldu\u011funu \u00e7ok iyi biliyor. 6284&#8217;e en ufak bir sald\u0131r\u0131 kad\u0131nlar\u0131n ya\u015fam hakk\u0131n\u0131n tart\u0131\u015fmaya a\u00e7\u0131lmas\u0131 anlam\u0131na gelir. Kimse kad\u0131nlar\u0131n ya\u015fam hakk\u0131n\u0131 tart\u0131\u015fmaya a\u00e7amaz, a\u00e7maya kalkmas\u0131n\u201d diye konu\u015ftu. 6284 SEFERBERL\u0130\u011e\u0130 Yak\u0131n zamanda &#8220;6284 Seferberli\u011fi&#8221; ad\u0131 alt\u0131nda bir kampanya ba\u015flat\u0131ld\u0131\u011f\u0131n\u0131 duyuran Simay Ta\u015f, bu seferberli\u011fin kad\u0131nlara g\u00fc\u00e7 verece\u011fini vurgulayan Ta\u015f, &#8220;Her yerde bu kanunu anlataca\u011f\u0131z ve b\u00fct\u00fcn kad\u0131nlarla birlikte uygulayaca\u011f\u0131z. \u015eiddet kar\u015f\u0131s\u0131nda g\u00f6z\u00fcn\u00fc kula\u011f\u0131n\u0131 kapatan herkesin pe\u015fine d\u00fc\u015fece\u011fiz. Polisler, jandarmalar, savc\u0131lar, hakimler ya da bir bakanl\u0131\u011f\u0131n bir m\u00fcd\u00fcrl\u00fc\u011f\u00fcnde &hellip;<\/p>","protected":false},"author":0,"featured_media":0,"comment_status":"open","ping_status":"open","sticky":false,"template":"","format":"standard","meta":{"_acf_changed":false,"footnotes":""},"categories":[24],"tags":[],"class_list":["post-1440","post","type-post","status-publish","format-standard","has-post-thumbnail","hentry","category-gundem"],"acf":[],"yoast_head":"<!-- This site is optimized with the Yoast SEO Premium plugin v26.6 (Yoast SEO v27.1.1) - https:\/\/yoast.com\/product\/yoast-seo-premium-wordpress\/ -->\n<title>Kad\u0131nlar \u0130skenderun\u2019da da cinayetlere \u201cdur!\u201d dedi - Av. Deniz Can K\u0131z\u0131l<\/title>\n<meta name=\"robots\" content=\"index, follow, max-snippet:-1, max-image-preview:large, max-video-preview:-1\" \/>\n<link rel=\"canonical\" href=\"https:\/\/denizcankizil.tr\/de\/haberler\/gundem\/kadinlar-iskenderunda-da-cinayetlere-dur-dedi\/\" \/>\n<meta property=\"og:locale\" content=\"de_DE\" \/>\n<meta property=\"og:type\" content=\"article\" \/>\n<meta property=\"og:title\" content=\"Kad\u0131nlar \u0130skenderun\u2019da da cinayetlere \u201cdur!\u201d dedi\" \/>\n<meta property=\"og:description\" content=\"\u0130skenderun Atat\u00fcrk An\u0131t alan\u0131nda ellerinde pankart ve d\u00f6vizlerle bir araya gelen \u2018Kad\u0131n Cinayetlerini Durduraca\u011f\u0131z\u2019 platformu destek\u00e7ileriyle birlikte Hatay il sorumlusu Simay Ta\u015f, yapt\u0131\u011f\u0131 a\u00e7\u0131klamada, Kad\u0131na ve \u00e7ocu\u011fa y\u00f6nelik su\u00e7lardan kayd\u0131 olan faillerin, ellerini kollar\u0131n\u0131 sallayarak gezdi\u011fini s\u00f6yledi. Eyl\u00fcl ay\u0131nda 34 kad\u0131n erkekler taraf\u0131ndan \u00f6ld\u00fcr\u00fcld\u00fc\u011f\u00fcn\u00fc ifade eden Simay Ta\u015f \u201c20 kad\u0131n \u015f\u00fcpheli \u015fekilde hayat\u0131n\u0131 kaybetti. Raporumuzu yay\u0131nlad\u0131\u011f\u0131m\u0131z g\u00fcn 3 kad\u0131n daha \u00f6ld\u00fcr\u00fcld\u00fc. Art\u0131k toplumsal cinsiyet e\u015fitsizli\u011fi bir halk sa\u011fl\u0131\u011f\u0131 sorunu boyutunda\u201d dedi. Aile ve Sosyal Hizmetler Bakan\u0131 Mahinur G\u00f6kta\u015f Demir, \u0130kbal ve Ay\u015fenur&#8217;un ard\u0131ndan yay\u0131nlad\u0131\u011f\u0131 taziye mesaj\u0131na i\u015faret eden Simay Ta\u015f \u201cKad\u0131nlar art\u0131k sizin taziye mesajlar\u0131n\u0131z\u0131 g\u00f6rmek istemiyor. Hen\u00fcz hayattayken kad\u0131nlar\u0131 ya\u015fatacak \u00f6nlemler ald\u0131\u011f\u0131n\u0131z\u0131 g\u00f6rmek istiyorlar. 6284 say\u0131l\u0131 Ailenin Korunmas\u0131 ve Kad\u0131na Y\u00f6nelik \u015eiddetin \u00d6nlenmesine Dair Kanun&#8217;u uygulad\u0131\u011f\u0131n\u0131z\u0131 g\u00f6rmek istiyorlar. \u00c7\u00fcnk\u00fc kad\u0131nlar, kendisini ya\u015fatacak olan\u0131n 6284 oldu\u011funu \u00e7ok iyi biliyor. 6284&#8217;e en ufak bir sald\u0131r\u0131 kad\u0131nlar\u0131n ya\u015fam hakk\u0131n\u0131n tart\u0131\u015fmaya a\u00e7\u0131lmas\u0131 anlam\u0131na gelir. Kimse kad\u0131nlar\u0131n ya\u015fam hakk\u0131n\u0131 tart\u0131\u015fmaya a\u00e7amaz, a\u00e7maya kalkmas\u0131n\u201d diye konu\u015ftu. 6284 SEFERBERL\u0130\u011e\u0130 Yak\u0131n zamanda &#8220;6284 Seferberli\u011fi&#8221; ad\u0131 alt\u0131nda bir kampanya ba\u015flat\u0131ld\u0131\u011f\u0131n\u0131 duyuran Simay Ta\u015f, bu seferberli\u011fin kad\u0131nlara g\u00fc\u00e7 verece\u011fini vurgulayan Ta\u015f, &#8220;Her yerde bu kanunu anlataca\u011f\u0131z ve b\u00fct\u00fcn kad\u0131nlarla birlikte uygulayaca\u011f\u0131z. \u015eiddet kar\u015f\u0131s\u0131nda g\u00f6z\u00fcn\u00fc kula\u011f\u0131n\u0131 kapatan herkesin pe\u015fine d\u00fc\u015fece\u011fiz. Polisler, jandarmalar, savc\u0131lar, hakimler ya da bir bakanl\u0131\u011f\u0131n bir m\u00fcd\u00fcrl\u00fc\u011f\u00fcnde &hellip;\" \/>\n<meta property=\"og:url\" content=\"https:\/\/denizcankizil.tr\/de\/haberler\/gundem\/kadinlar-iskenderunda-da-cinayetlere-dur-dedi\/\" \/>\n<meta property=\"og:site_name\" content=\"Av. Deniz Can K\u0131z\u0131l\" \/>\n<meta property=\"article:published_time\" content=\"2024-10-11T07:56:29+00:00\" \/>\n<meta name=\"twitter:card\" content=\"summary_large_image\" \/>\n<meta name=\"twitter:label1\" content=\"Gesch\u00e4tzte Lesezeit\" \/>\n\t<meta name=\"twitter:data1\" content=\"2\u00a0Minuten\" \/>\n<script type=\"application\/ld+json\" class=\"yoast-schema-graph\">{\"@context\":\"https:\/\/schema.org\",\"@graph\":[{\"@type\":\"Article\",\"@id\":\"https:\/\/denizcankizil.tr\/de\/haberler\/gundem\/kadinlar-iskenderunda-da-cinayetlere-dur-dedi\/#article\",\"isPartOf\":{\"@id\":\"https:\/\/denizcankizil.tr\/de\/haberler\/gundem\/kadinlar-iskenderunda-da-cinayetlere-dur-dedi\/\"},\"author\":{\"name\":\"\",\"@id\":\"\"},\"headline\":\"Kad\u0131nlar \u0130skenderun\u2019da da cinayetlere \u201cdur!\u201d dedi\",\"datePublished\":\"2024-10-11T07:56:29+00:00\",\"mainEntityOfPage\":{\"@id\":\"https:\/\/denizcankizil.tr\/de\/haberler\/gundem\/kadinlar-iskenderunda-da-cinayetlere-dur-dedi\/\"},\"wordCount\":456,\"commentCount\":0,\"publisher\":{\"@id\":\"https:\/\/denizcankizil.tr\/de\/#organization\"},\"articleSection\":[\"G\u00fcndem\"],\"inLanguage\":\"de\",\"potentialAction\":[{\"@type\":\"CommentAction\",\"name\":\"Comment\",\"target\":[\"https:\/\/denizcankizil.tr\/de\/haberler\/gundem\/kadinlar-iskenderunda-da-cinayetlere-dur-dedi\/#respond\"]}]},{\"@type\":\"WebPage\",\"@id\":\"https:\/\/denizcankizil.tr\/de\/haberler\/gundem\/kadinlar-iskenderunda-da-cinayetlere-dur-dedi\/\",\"url\":\"https:\/\/denizcankizil.tr\/de\/haberler\/gundem\/kadinlar-iskenderunda-da-cinayetlere-dur-dedi\/\",\"name\":\"Kad\u0131nlar \u0130skenderun\u2019da da cinayetlere \u201cdur!\u201d dedi - Av. Deniz Can K\u0131z\u0131l\",\"isPartOf\":{\"@id\":\"https:\/\/denizcankizil.tr\/de\/#website\"},\"datePublished\":\"2024-10-11T07:56:29+00:00\",\"breadcrumb\":{\"@id\":\"https:\/\/denizcankizil.tr\/de\/haberler\/gundem\/kadinlar-iskenderunda-da-cinayetlere-dur-dedi\/#breadcrumb\"},\"inLanguage\":\"de\",\"potentialAction\":[{\"@type\":\"ReadAction\",\"target\":[\"https:\/\/denizcankizil.tr\/de\/haberler\/gundem\/kadinlar-iskenderunda-da-cinayetlere-dur-dedi\/\"]}]},{\"@type\":\"BreadcrumbList\",\"@id\":\"https:\/\/denizcankizil.tr\/de\/haberler\/gundem\/kadinlar-iskenderunda-da-cinayetlere-dur-dedi\/#breadcrumb\",\"itemListElement\":[{\"@type\":\"ListItem\",\"position\":1,\"name\":\"Home\",\"item\":\"https:\/\/denizcankizil.tr\/de\/\"},{\"@type\":\"ListItem\",\"position\":2,\"name\":\"Kad\u0131nlar \u0130skenderun\u2019da da cinayetlere \u201cdur!\u201d dedi\"}]},{\"@type\":\"WebSite\",\"@id\":\"https:\/\/denizcankizil.tr\/de\/#website\",\"url\":\"https:\/\/denizcankizil.tr\/de\/\",\"name\":\"Av. Deniz Can K\u0131z\u0131l\",\"description\":\"Avukat Deniz Can K\u0131z\u0131l Antalya Barosu\",\"publisher\":{\"@id\":\"https:\/\/denizcankizil.tr\/de\/#organization\"},\"potentialAction\":[{\"@type\":\"SearchAction\",\"target\":{\"@type\":\"EntryPoint\",\"urlTemplate\":\"https:\/\/denizcankizil.tr\/de\/?s={search_term_string}\"},\"query-input\":{\"@type\":\"PropertyValueSpecification\",\"valueRequired\":true,\"valueName\":\"search_term_string\"}}],\"inLanguage\":\"de\"},{\"@type\":\"Organization\",\"@id\":\"https:\/\/denizcankizil.tr\/de\/#organization\",\"name\":\"Av. Deniz Can K\u0131z\u0131l\",\"url\":\"https:\/\/denizcankizil.tr\/de\/\",\"logo\":{\"@type\":\"ImageObject\",\"inLanguage\":\"de\",\"@id\":\"https:\/\/denizcankizil.tr\/de\/#\/schema\/logo\/image\/\",\"url\":\"https:\/\/denizcankizil.tr\/wp-content\/uploads\/2024\/10\/siyah-logo-svg.svg\",\"contentUrl\":\"https:\/\/denizcankizil.tr\/wp-content\/uploads\/2024\/10\/siyah-logo-svg.svg\",\"width\":1080,\"height\":1080,\"caption\":\"Av. Deniz Can K\u0131z\u0131l\"},\"image\":{\"@id\":\"https:\/\/denizcankizil.tr\/de\/#\/schema\/logo\/image\/\"}}]}<\/script>\n<!-- \/ Yoast SEO Premium plugin. -->","yoast_head_json":{"title":"Kad\u0131nlar \u0130skenderun\u2019da da cinayetlere \u201cdur!\u201d dedi - Av. Deniz Can K\u0131z\u0131l","robots":{"index":"index","follow":"follow","max-snippet":"max-snippet:-1","max-image-preview":"max-image-preview:large","max-video-preview":"max-video-preview:-1"},"canonical":"https:\/\/denizcankizil.tr\/de\/haberler\/gundem\/kadinlar-iskenderunda-da-cinayetlere-dur-dedi\/","og_locale":"de_DE","og_type":"article","og_title":"Kad\u0131nlar \u0130skenderun\u2019da da cinayetlere \u201cdur!\u201d dedi","og_description":"\u0130skenderun Atat\u00fcrk An\u0131t alan\u0131nda ellerinde pankart ve d\u00f6vizlerle bir araya gelen \u2018Kad\u0131n Cinayetlerini Durduraca\u011f\u0131z\u2019 platformu destek\u00e7ileriyle birlikte Hatay il sorumlusu Simay Ta\u015f, yapt\u0131\u011f\u0131 a\u00e7\u0131klamada, Kad\u0131na ve \u00e7ocu\u011fa y\u00f6nelik su\u00e7lardan kayd\u0131 olan faillerin, ellerini kollar\u0131n\u0131 sallayarak gezdi\u011fini s\u00f6yledi. Eyl\u00fcl ay\u0131nda 34 kad\u0131n erkekler taraf\u0131ndan \u00f6ld\u00fcr\u00fcld\u00fc\u011f\u00fcn\u00fc ifade eden Simay Ta\u015f \u201c20 kad\u0131n \u015f\u00fcpheli \u015fekilde hayat\u0131n\u0131 kaybetti. Raporumuzu yay\u0131nlad\u0131\u011f\u0131m\u0131z g\u00fcn 3 kad\u0131n daha \u00f6ld\u00fcr\u00fcld\u00fc. Art\u0131k toplumsal cinsiyet e\u015fitsizli\u011fi bir halk sa\u011fl\u0131\u011f\u0131 sorunu boyutunda\u201d dedi. Aile ve Sosyal Hizmetler Bakan\u0131 Mahinur G\u00f6kta\u015f Demir, \u0130kbal ve Ay\u015fenur&#8217;un ard\u0131ndan yay\u0131nlad\u0131\u011f\u0131 taziye mesaj\u0131na i\u015faret eden Simay Ta\u015f \u201cKad\u0131nlar art\u0131k sizin taziye mesajlar\u0131n\u0131z\u0131 g\u00f6rmek istemiyor. Hen\u00fcz hayattayken kad\u0131nlar\u0131 ya\u015fatacak \u00f6nlemler ald\u0131\u011f\u0131n\u0131z\u0131 g\u00f6rmek istiyorlar. 6284 say\u0131l\u0131 Ailenin Korunmas\u0131 ve Kad\u0131na Y\u00f6nelik \u015eiddetin \u00d6nlenmesine Dair Kanun&#8217;u uygulad\u0131\u011f\u0131n\u0131z\u0131 g\u00f6rmek istiyorlar. \u00c7\u00fcnk\u00fc kad\u0131nlar, kendisini ya\u015fatacak olan\u0131n 6284 oldu\u011funu \u00e7ok iyi biliyor. 6284&#8217;e en ufak bir sald\u0131r\u0131 kad\u0131nlar\u0131n ya\u015fam hakk\u0131n\u0131n tart\u0131\u015fmaya a\u00e7\u0131lmas\u0131 anlam\u0131na gelir. Kimse kad\u0131nlar\u0131n ya\u015fam hakk\u0131n\u0131 tart\u0131\u015fmaya a\u00e7amaz, a\u00e7maya kalkmas\u0131n\u201d diye konu\u015ftu. 6284 SEFERBERL\u0130\u011e\u0130 Yak\u0131n zamanda &#8220;6284 Seferberli\u011fi&#8221; ad\u0131 alt\u0131nda bir kampanya ba\u015flat\u0131ld\u0131\u011f\u0131n\u0131 duyuran Simay Ta\u015f, bu seferberli\u011fin kad\u0131nlara g\u00fc\u00e7 verece\u011fini vurgulayan Ta\u015f, &#8220;Her yerde bu kanunu anlataca\u011f\u0131z ve b\u00fct\u00fcn kad\u0131nlarla birlikte uygulayaca\u011f\u0131z. \u015eiddet kar\u015f\u0131s\u0131nda g\u00f6z\u00fcn\u00fc kula\u011f\u0131n\u0131 kapatan herkesin pe\u015fine d\u00fc\u015fece\u011fiz. Polisler, jandarmalar, savc\u0131lar, hakimler ya da bir bakanl\u0131\u011f\u0131n bir m\u00fcd\u00fcrl\u00fc\u011f\u00fcnde &hellip;","og_url":"https:\/\/denizcankizil.tr\/de\/haberler\/gundem\/kadinlar-iskenderunda-da-cinayetlere-dur-dedi\/","og_site_name":"Av. Deniz Can K\u0131z\u0131l","article_published_time":"2024-10-11T07:56:29+00:00","twitter_card":"summary_large_image","twitter_misc":{"Gesch\u00e4tzte Lesezeit":"2\u00a0Minuten"},"schema":{"@context":"https:\/\/schema.org","@graph":[{"@type":"Article","@id":"https:\/\/denizcankizil.tr\/de\/haberler\/gundem\/kadinlar-iskenderunda-da-cinayetlere-dur-dedi\/#article","isPartOf":{"@id":"https:\/\/denizcankizil.tr\/de\/haberler\/gundem\/kadinlar-iskenderunda-da-cinayetlere-dur-dedi\/"},"author":{"name":"","@id":""},"headline":"Kad\u0131nlar \u0130skenderun\u2019da da cinayetlere \u201cdur!\u201d dedi","datePublished":"2024-10-11T07:56:29+00:00","mainEntityOfPage":{"@id":"https:\/\/denizcankizil.tr\/de\/haberler\/gundem\/kadinlar-iskenderunda-da-cinayetlere-dur-dedi\/"},"wordCount":456,"commentCount":0,"publisher":{"@id":"https:\/\/denizcankizil.tr\/de\/#organization"},"articleSection":["G\u00fcndem"],"inLanguage":"de","potentialAction":[{"@type":"CommentAction","name":"Comment","target":["https:\/\/denizcankizil.tr\/de\/haberler\/gundem\/kadinlar-iskenderunda-da-cinayetlere-dur-dedi\/#respond"]}]},{"@type":"WebPage","@id":"https:\/\/denizcankizil.tr\/de\/haberler\/gundem\/kadinlar-iskenderunda-da-cinayetlere-dur-dedi\/","url":"https:\/\/denizcankizil.tr\/de\/haberler\/gundem\/kadinlar-iskenderunda-da-cinayetlere-dur-dedi\/","name":"Kad\u0131nlar \u0130skenderun\u2019da da cinayetlere \u201cdur!\u201d dedi - Av. Deniz Can K\u0131z\u0131l","isPartOf":{"@id":"https:\/\/denizcankizil.tr\/de\/#website"},"datePublished":"2024-10-11T07:56:29+00:00","breadcrumb":{"@id":"https:\/\/denizcankizil.tr\/de\/haberler\/gundem\/kadinlar-iskenderunda-da-cinayetlere-dur-dedi\/#breadcrumb"},"inLanguage":"de","potentialAction":[{"@type":"ReadAction","target":["https:\/\/denizcankizil.tr\/de\/haberler\/gundem\/kadinlar-iskenderunda-da-cinayetlere-dur-dedi\/"]}]},{"@type":"BreadcrumbList","@id":"https:\/\/denizcankizil.tr\/de\/haberler\/gundem\/kadinlar-iskenderunda-da-cinayetlere-dur-dedi\/#breadcrumb","itemListElement":[{"@type":"ListItem","position":1,"name":"Home","item":"https:\/\/denizcankizil.tr\/de\/"},{"@type":"ListItem","position":2,"name":"Kad\u0131nlar \u0130skenderun\u2019da da cinayetlere \u201cdur!\u201d dedi"}]},{"@type":"WebSite","@id":"https:\/\/denizcankizil.tr\/de\/#website","url":"https:\/\/denizcankizil.tr\/de\/","name":"Av. Deniz Can K\u0131z\u0131l","description":"Avukat Deniz Can K\u0131z\u0131l Antalya Barosu","publisher":{"@id":"https:\/\/denizcankizil.tr\/de\/#organization"},"potentialAction":[{"@type":"SearchAction","target":{"@type":"EntryPoint","urlTemplate":"https:\/\/denizcankizil.tr\/de\/?s={search_term_string}"},"query-input":{"@type":"PropertyValueSpecification","valueRequired":true,"valueName":"search_term_string"}}],"inLanguage":"de"},{"@type":"Organization","@id":"https:\/\/denizcankizil.tr\/de\/#organization","name":"Av. Deniz Can K\u0131z\u0131l","url":"https:\/\/denizcankizil.tr\/de\/","logo":{"@type":"ImageObject","inLanguage":"de","@id":"https:\/\/denizcankizil.tr\/de\/#\/schema\/logo\/image\/","url":"https:\/\/denizcankizil.tr\/wp-content\/uploads\/2024\/10\/siyah-logo-svg.svg","contentUrl":"https:\/\/denizcankizil.tr\/wp-content\/uploads\/2024\/10\/siyah-logo-svg.svg","width":1080,"height":1080,"caption":"Av. Deniz Can K\u0131z\u0131l"},"image":{"@id":"https:\/\/denizcankizil.tr\/de\/#\/schema\/logo\/image\/"}}]}},"_links":{"self":[{"href":"https:\/\/denizcankizil.tr\/de\/wp-json\/wp\/v2\/posts\/1440","targetHints":{"allow":["GET"]}}],"collection":[{"href":"https:\/\/denizcankizil.tr\/de\/wp-json\/wp\/v2\/posts"}],"about":[{"href":"https:\/\/denizcankizil.tr\/de\/wp-json\/wp\/v2\/types\/post"}],"replies":[{"embeddable":true,"href":"https:\/\/denizcankizil.tr\/de\/wp-json\/wp\/v2\/comments?post=1440"}],"version-history":[{"count":0,"href":"https:\/\/denizcankizil.tr\/de\/wp-json\/wp\/v2\/posts\/1440\/revisions"}],"wp:attachment":[{"href":"https:\/\/denizcankizil.tr\/de\/wp-json\/wp\/v2\/media?parent=1440"}],"wp:term":[{"taxonomy":"category","embeddable":true,"href":"https:\/\/denizcankizil.tr\/de\/wp-json\/wp\/v2\/categories?post=1440"},{"taxonomy":"post_tag","embeddable":true,"href":"https:\/\/denizcankizil.tr\/de\/wp-json\/wp\/v2\/tags?post=1440"}],"curies":[{"name":"wp","href":"https:\/\/api.w.org\/{rel}","templated":true}]}}