{"id":142528,"date":"2025-07-11T11:41:20","date_gmt":"2025-07-11T08:41:20","guid":{"rendered":"https:\/\/denizcankizil.tr\/uncategorized-tr\/muhittin-bocekin-vekili-konyaalti-ekibinden-busra-ozdemir-kimdir\/"},"modified":"2025-07-11T11:41:20","modified_gmt":"2025-07-11T08:41:20","slug":"muhittin-bocekin-vekili-konyaalti-ekibinden-busra-ozdemir-kimdir","status":"publish","type":"post","link":"https:\/\/denizcankizil.tr\/de\/haberler\/gundem\/muhittin-bocekin-vekili-konyaalti-ekibinden-busra-ozdemir-kimdir\/","title":{"rendered":"Muhittin B\u00f6cek\u2019in vekili Konyaalt\u0131 ekibinden B\u00fc\u015fra \u00d6zdemir kimdir?"},"content":{"rendered":"<p>Antalya B\u00fcy\u00fck\u015fehir Belediye Ba\u015fkan\u0131 Muhittin B\u00f6cek\u2019in tutuklan\u0131p g\u00f6revden uzakla\u015ft\u0131r\u0131lmas\u0131n\u0131n ard\u0131ndan g\u00f6zler, bug\u00fcn yap\u0131lacak olan B\u00fcy\u00fck\u015fehir Belediye Meclisi toplant\u0131s\u0131na \u00e7evrildi. CHP Antalya \u0130l Ba\u015fkan\u0131 Nail Kamac\u0131 yapt\u0131\u011f\u0131 a\u00e7\u0131klamada, partinin ba\u015fkanvekilli\u011fi i\u00e7in Antalya B\u00fcy\u00fck\u015fehir Belediyesi CHP Grup Ba\u015fkanvekili ve Kepez Belediye Meclis \u00dcyesi B\u00fc\u015fra \u00d6zdemir\u2019i aday g\u00f6sterdi\u011fini a\u00e7\u0131klad\u0131. \u00d6zdemir\u2019in adayl\u0131\u011f\u0131n\u0131 www.antalyakorfez.com Haber Merkezi g\u00fcnler \u00f6ncesinde kamuoyuyla payla\u015fm\u0131\u015ft\u0131. B\u00fc\u015fra \u00d6zdemir, Muhittin B\u00f6cek\u2019in \u2018Konyaalt\u0131 ekibi\u2019 olarak bilinen tak\u0131mda yer al\u0131yor.<\/p>\n<p>B\u00dc\u015eRA \u00d6ZDEM\u0130R\u2019\u0130N AKADEM\u0130K GE\u00c7M\u0130\u015e\u0130<\/p>\n<p>1988 y\u0131l\u0131nda Antalya\u2019da do\u011fan B\u00fc\u015fra \u00d6zdemir, ilkokul ve ortaokul e\u011fitimini Antalya\u2019da tamamlad\u0131. Lise e\u011fitimini \u00c2dem Tolunay Anadolu Lisesi\u2019nde ald\u0131ktan sonra, Ba\u015fkent \u00dcniversitesi Hukuk Fak\u00fcltesi\u2019nden mezun oldu. Ard\u0131ndan Akdeniz \u00dcniversitesi \u00d6zel Hukuk alan\u0131nda y\u00fcksek lisans\u0131n\u0131 tamamlad\u0131. 2013 y\u0131l\u0131nda Antalya Barosu\u2019na kay\u0131tl\u0131 olarak serbest avukatl\u0131k mesle\u011fine ba\u015flad\u0131.<\/p>\n<p>EN GEN\u00c7 KADIN MECL\u0130S \u00dcYES\u0130 OLARAK TAR\u0130HE GE\u00c7T\u0130<\/p>\n<p>B\u00fc\u015fra \u00d6zdemir, 2014 y\u0131l\u0131nda d\u00fczenlenen Mahalli \u0130dareler Se\u00e7imlerinde T\u00fcrkiye\u2019nin en gen\u00e7 kad\u0131n belediye meclis \u00fcyesi olarak Konyaalt\u0131 Belediyesi Meclisi\u2019ne se\u00e7ildi. Bu d\u00f6nemde Divan K\u00e2tipli\u011fi, \u0130mar Komisyonu Ba\u015fkanvekilli\u011fi, Hukuk ve B\u00fct\u00e7e Komisyonlar\u0131 ile E\u011fitim K\u00fclt\u00fcr Gen\u00e7lik ve Spor Komisyonu Ba\u015fkanl\u0131\u011f\u0131 g\u00f6revlerinde bulundu. 2019 yerel se\u00e7imlerinde hem Antalya B\u00fcy\u00fck\u015fehir Belediyesi hem de Konyaalt\u0131 Belediyesi Meclis \u00dcyeli\u011fine se\u00e7ilen \u00d6zdemir, B\u00fcy\u00fck\u015fehir Belediyesi Enc\u00fcmen \u00dcyeli\u011fi, Divan K\u00e2tipli\u011fi, Harita Komisyonu Ba\u015fkanl\u0131\u011f\u0131 gibi g\u00f6revler \u00fcstlendi. Ayn\u0131 d\u00f6nemde Akdeniz Belediyeler Birli\u011fi \u00c7evre Komisyonu Ba\u015fkanvekilli\u011fi de yapt\u0131.<\/p>\n<p>SON YEREL SE\u00c7\u0130MLERDE KEPEZ BELED\u0130YE MECL\u0130S \u00dcYEL\u0130\u011e\u0130N\u0130 KAZANDI<\/p>\n<p>2024 y\u0131l\u0131 yerel se\u00e7imlerinde CHP&#8217;den Konyaalt\u0131 Belediye Ba\u015fkan Aday Aday\u0131 olan \u00d6zdemir, se\u00e7imlerde Antalya B\u00fcy\u00fck\u015fehir Belediyesi ve Kepez Belediyesi Meclis \u00dcyesi olarak yeniden g\u00f6reve se\u00e7ildi. Halen CHP Grup Ba\u015fkanvekilli\u011fi, Enc\u00fcmen \u00dcyeli\u011fi, Akdeniz Belediyeler Birli\u011fi \u00dcyeli\u011fi ve Harita Komisyonu Ba\u015fkanl\u0131\u011f\u0131 g\u00f6revlerini s\u00fcrd\u00fcr\u00fcyor. Evli ve bir k\u0131z \u00e7ocuk annesi olan Av. B\u00fc\u015fra \u00d6zdemir, iyi derecede \u0130ngilizce bilmektedir.<\/p>\n<p>\u200bMuhittin B\u00f6cek\u2019in tutuklanmas\u0131n\u0131n ard\u0131ndan CHP\u2019nin Antalya B\u00fcy\u00fck\u015fehir Belediye Ba\u015fkanvekilli\u011fi i\u00e7in aday g\u00f6sterdi\u011fi B\u00fc\u015fra \u00d6zdemir, Antalya g\u00fcndeminde ilk s\u0131rada yer al\u0131yor. Muhittin B\u00f6cek\u2019in \u2018Konyaalt\u0131 ekibi\u2019 olarak bilinen tak\u0131mda yer alan \u00d6zdemir kimdir? Sizler i\u00e7in ara\u015ft\u0131rd\u0131k.\u00a0<\/p>\n<p>\u200bHaberin Al\u0131nt\u0131land\u0131\u011f\u0131 Kaynak: www.antalyakorfez.com<\/p>","protected":false},"excerpt":{"rendered":"<p>Antalya B\u00fcy\u00fck\u015fehir Belediye Ba\u015fkan\u0131 Muhittin B\u00f6cek\u2019in tutuklan\u0131p g\u00f6revden uzakla\u015ft\u0131r\u0131lmas\u0131n\u0131n ard\u0131ndan g\u00f6zler, bug\u00fcn yap\u0131lacak olan B\u00fcy\u00fck\u015fehir Belediye Meclisi toplant\u0131s\u0131na \u00e7evrildi. CHP Antalya \u0130l Ba\u015fkan\u0131 Nail Kamac\u0131 yapt\u0131\u011f\u0131 a\u00e7\u0131klamada, partinin ba\u015fkanvekilli\u011fi i\u00e7in Antalya B\u00fcy\u00fck\u015fehir Belediyesi CHP Grup Ba\u015fkanvekili ve Kepez Belediye Meclis \u00dcyesi B\u00fc\u015fra \u00d6zdemir\u2019i aday g\u00f6sterdi\u011fini a\u00e7\u0131klad\u0131. \u00d6zdemir\u2019in adayl\u0131\u011f\u0131n\u0131 www.antalyakorfez.com Haber Merkezi g\u00fcnler \u00f6ncesinde kamuoyuyla payla\u015fm\u0131\u015ft\u0131. B\u00fc\u015fra \u00d6zdemir, Muhittin B\u00f6cek\u2019in \u2018Konyaalt\u0131 ekibi\u2019 olarak bilinen tak\u0131mda yer al\u0131yor. B\u00dc\u015eRA \u00d6ZDEM\u0130R\u2019\u0130N AKADEM\u0130K GE\u00c7M\u0130\u015e\u0130 1988 y\u0131l\u0131nda Antalya\u2019da do\u011fan B\u00fc\u015fra \u00d6zdemir, ilkokul ve ortaokul e\u011fitimini Antalya\u2019da tamamlad\u0131. Lise e\u011fitimini \u00c2dem Tolunay Anadolu Lisesi\u2019nde ald\u0131ktan sonra, Ba\u015fkent \u00dcniversitesi Hukuk Fak\u00fcltesi\u2019nden mezun oldu. Ard\u0131ndan Akdeniz \u00dcniversitesi \u00d6zel Hukuk alan\u0131nda y\u00fcksek lisans\u0131n\u0131 tamamlad\u0131. 2013 y\u0131l\u0131nda Antalya Barosu\u2019na kay\u0131tl\u0131 olarak serbest avukatl\u0131k mesle\u011fine ba\u015flad\u0131. EN GEN\u00c7 KADIN MECL\u0130S \u00dcYES\u0130 OLARAK TAR\u0130HE GE\u00c7T\u0130 B\u00fc\u015fra \u00d6zdemir, 2014 y\u0131l\u0131nda d\u00fczenlenen Mahalli \u0130dareler Se\u00e7imlerinde T\u00fcrkiye\u2019nin en gen\u00e7 kad\u0131n belediye meclis \u00fcyesi olarak Konyaalt\u0131 Belediyesi Meclisi\u2019ne se\u00e7ildi. Bu d\u00f6nemde Divan K\u00e2tipli\u011fi, \u0130mar Komisyonu Ba\u015fkanvekilli\u011fi, Hukuk ve B\u00fct\u00e7e Komisyonlar\u0131 ile E\u011fitim K\u00fclt\u00fcr Gen\u00e7lik ve Spor Komisyonu Ba\u015fkanl\u0131\u011f\u0131 g\u00f6revlerinde bulundu. 2019 yerel se\u00e7imlerinde hem Antalya B\u00fcy\u00fck\u015fehir Belediyesi hem de Konyaalt\u0131 Belediyesi Meclis \u00dcyeli\u011fine se\u00e7ilen \u00d6zdemir, B\u00fcy\u00fck\u015fehir Belediyesi Enc\u00fcmen \u00dcyeli\u011fi, Divan K\u00e2tipli\u011fi, Harita Komisyonu Ba\u015fkanl\u0131\u011f\u0131 gibi g\u00f6revler \u00fcstlendi. Ayn\u0131 d\u00f6nemde Akdeniz Belediyeler Birli\u011fi \u00c7evre Komisyonu Ba\u015fkanvekilli\u011fi de &hellip;<\/p>","protected":false},"author":5,"featured_media":0,"comment_status":"","ping_status":"open","sticky":false,"template":"","format":"standard","meta":{"_acf_changed":false,"footnotes":""},"categories":[24],"tags":[],"class_list":["post-142528","post","type-post","status-publish","format-standard","has-post-thumbnail","hentry","category-gundem"],"acf":[],"yoast_head":"<!-- This site is optimized with the Yoast SEO Premium plugin v26.6 (Yoast SEO v27.1.1) - https:\/\/yoast.com\/product\/yoast-seo-premium-wordpress\/ -->\n<title>Muhittin B\u00f6cek\u2019in vekili Konyaalt\u0131 ekibinden B\u00fc\u015fra \u00d6zdemir kimdir? - Av. Deniz Can K\u0131z\u0131l<\/title>\n<meta name=\"robots\" content=\"index, follow, max-snippet:-1, max-image-preview:large, max-video-preview:-1\" \/>\n<link rel=\"canonical\" href=\"https:\/\/denizcankizil.tr\/de\/haberler\/gundem\/muhittin-bocekin-vekili-konyaalti-ekibinden-busra-ozdemir-kimdir\/\" \/>\n<meta property=\"og:locale\" content=\"de_DE\" \/>\n<meta property=\"og:type\" content=\"article\" \/>\n<meta property=\"og:title\" content=\"Muhittin B\u00f6cek\u2019in vekili Konyaalt\u0131 ekibinden B\u00fc\u015fra \u00d6zdemir kimdir?\" \/>\n<meta property=\"og:description\" content=\"Antalya B\u00fcy\u00fck\u015fehir Belediye Ba\u015fkan\u0131 Muhittin B\u00f6cek\u2019in tutuklan\u0131p g\u00f6revden uzakla\u015ft\u0131r\u0131lmas\u0131n\u0131n ard\u0131ndan g\u00f6zler, bug\u00fcn yap\u0131lacak olan B\u00fcy\u00fck\u015fehir Belediye Meclisi toplant\u0131s\u0131na \u00e7evrildi. CHP Antalya \u0130l Ba\u015fkan\u0131 Nail Kamac\u0131 yapt\u0131\u011f\u0131 a\u00e7\u0131klamada, partinin ba\u015fkanvekilli\u011fi i\u00e7in Antalya B\u00fcy\u00fck\u015fehir Belediyesi CHP Grup Ba\u015fkanvekili ve Kepez Belediye Meclis \u00dcyesi B\u00fc\u015fra \u00d6zdemir\u2019i aday g\u00f6sterdi\u011fini a\u00e7\u0131klad\u0131. \u00d6zdemir\u2019in adayl\u0131\u011f\u0131n\u0131 www.antalyakorfez.com Haber Merkezi g\u00fcnler \u00f6ncesinde kamuoyuyla payla\u015fm\u0131\u015ft\u0131. B\u00fc\u015fra \u00d6zdemir, Muhittin B\u00f6cek\u2019in \u2018Konyaalt\u0131 ekibi\u2019 olarak bilinen tak\u0131mda yer al\u0131yor. B\u00dc\u015eRA \u00d6ZDEM\u0130R\u2019\u0130N AKADEM\u0130K GE\u00c7M\u0130\u015e\u0130 1988 y\u0131l\u0131nda Antalya\u2019da do\u011fan B\u00fc\u015fra \u00d6zdemir, ilkokul ve ortaokul e\u011fitimini Antalya\u2019da tamamlad\u0131. Lise e\u011fitimini \u00c2dem Tolunay Anadolu Lisesi\u2019nde ald\u0131ktan sonra, Ba\u015fkent \u00dcniversitesi Hukuk Fak\u00fcltesi\u2019nden mezun oldu. Ard\u0131ndan Akdeniz \u00dcniversitesi \u00d6zel Hukuk alan\u0131nda y\u00fcksek lisans\u0131n\u0131 tamamlad\u0131. 2013 y\u0131l\u0131nda Antalya Barosu\u2019na kay\u0131tl\u0131 olarak serbest avukatl\u0131k mesle\u011fine ba\u015flad\u0131. EN GEN\u00c7 KADIN MECL\u0130S \u00dcYES\u0130 OLARAK TAR\u0130HE GE\u00c7T\u0130 B\u00fc\u015fra \u00d6zdemir, 2014 y\u0131l\u0131nda d\u00fczenlenen Mahalli \u0130dareler Se\u00e7imlerinde T\u00fcrkiye\u2019nin en gen\u00e7 kad\u0131n belediye meclis \u00fcyesi olarak Konyaalt\u0131 Belediyesi Meclisi\u2019ne se\u00e7ildi. Bu d\u00f6nemde Divan K\u00e2tipli\u011fi, \u0130mar Komisyonu Ba\u015fkanvekilli\u011fi, Hukuk ve B\u00fct\u00e7e Komisyonlar\u0131 ile E\u011fitim K\u00fclt\u00fcr Gen\u00e7lik ve Spor Komisyonu Ba\u015fkanl\u0131\u011f\u0131 g\u00f6revlerinde bulundu. 2019 yerel se\u00e7imlerinde hem Antalya B\u00fcy\u00fck\u015fehir Belediyesi hem de Konyaalt\u0131 Belediyesi Meclis \u00dcyeli\u011fine se\u00e7ilen \u00d6zdemir, B\u00fcy\u00fck\u015fehir Belediyesi Enc\u00fcmen \u00dcyeli\u011fi, Divan K\u00e2tipli\u011fi, Harita Komisyonu Ba\u015fkanl\u0131\u011f\u0131 gibi g\u00f6revler \u00fcstlendi. Ayn\u0131 d\u00f6nemde Akdeniz Belediyeler Birli\u011fi \u00c7evre Komisyonu Ba\u015fkanvekilli\u011fi de &hellip;\" \/>\n<meta property=\"og:url\" content=\"https:\/\/denizcankizil.tr\/de\/haberler\/gundem\/muhittin-bocekin-vekili-konyaalti-ekibinden-busra-ozdemir-kimdir\/\" \/>\n<meta property=\"og:site_name\" content=\"Av. Deniz Can K\u0131z\u0131l\" \/>\n<meta property=\"article:published_time\" content=\"2025-07-11T08:41:20+00:00\" \/>\n<meta name=\"author\" content=\"Antalya K\u00f6rfez\" \/>\n<meta name=\"twitter:card\" content=\"summary_large_image\" \/>\n<meta name=\"twitter:label1\" content=\"Verfasst von\" \/>\n\t<meta name=\"twitter:data1\" content=\"Antalya K\u00f6rfez\" \/>\n\t<meta name=\"twitter:label2\" content=\"Gesch\u00e4tzte Lesezeit\" \/>\n\t<meta name=\"twitter:data2\" content=\"2\u00a0Minuten\" \/>\n<script type=\"application\/ld+json\" class=\"yoast-schema-graph\">{\"@context\":\"https:\/\/schema.org\",\"@graph\":[{\"@type\":\"Article\",\"@id\":\"https:\/\/denizcankizil.tr\/de\/haberler\/gundem\/muhittin-bocekin-vekili-konyaalti-ekibinden-busra-ozdemir-kimdir\/#article\",\"isPartOf\":{\"@id\":\"https:\/\/denizcankizil.tr\/de\/haberler\/gundem\/muhittin-bocekin-vekili-konyaalti-ekibinden-busra-ozdemir-kimdir\/\"},\"author\":{\"name\":\"Antalya K\u00f6rfez\",\"@id\":\"https:\/\/denizcankizil.tr\/#\/schema\/person\/e1eb71bb4dd684d46563f0af307e1234\"},\"headline\":\"Muhittin B\u00f6cek\u2019in vekili Konyaalt\u0131 ekibinden B\u00fc\u015fra \u00d6zdemir kimdir?\",\"datePublished\":\"2025-07-11T08:41:20+00:00\",\"mainEntityOfPage\":{\"@id\":\"https:\/\/denizcankizil.tr\/de\/haberler\/gundem\/muhittin-bocekin-vekili-konyaalti-ekibinden-busra-ozdemir-kimdir\/\"},\"wordCount\":486,\"publisher\":{\"@id\":\"https:\/\/denizcankizil.tr\/#organization\"},\"articleSection\":[\"G\u00fcndem\"],\"inLanguage\":\"de\"},{\"@type\":\"WebPage\",\"@id\":\"https:\/\/denizcankizil.tr\/de\/haberler\/gundem\/muhittin-bocekin-vekili-konyaalti-ekibinden-busra-ozdemir-kimdir\/\",\"url\":\"https:\/\/denizcankizil.tr\/de\/haberler\/gundem\/muhittin-bocekin-vekili-konyaalti-ekibinden-busra-ozdemir-kimdir\/\",\"name\":\"Muhittin B\u00f6cek\u2019in vekili Konyaalt\u0131 ekibinden B\u00fc\u015fra \u00d6zdemir kimdir? - Av. Deniz Can K\u0131z\u0131l\",\"isPartOf\":{\"@id\":\"https:\/\/denizcankizil.tr\/#website\"},\"datePublished\":\"2025-07-11T08:41:20+00:00\",\"breadcrumb\":{\"@id\":\"https:\/\/denizcankizil.tr\/de\/haberler\/gundem\/muhittin-bocekin-vekili-konyaalti-ekibinden-busra-ozdemir-kimdir\/#breadcrumb\"},\"inLanguage\":\"de\",\"potentialAction\":[{\"@type\":\"ReadAction\",\"target\":[\"https:\/\/denizcankizil.tr\/de\/haberler\/gundem\/muhittin-bocekin-vekili-konyaalti-ekibinden-busra-ozdemir-kimdir\/\"]}]},{\"@type\":\"BreadcrumbList\",\"@id\":\"https:\/\/denizcankizil.tr\/de\/haberler\/gundem\/muhittin-bocekin-vekili-konyaalti-ekibinden-busra-ozdemir-kimdir\/#breadcrumb\",\"itemListElement\":[{\"@type\":\"ListItem\",\"position\":1,\"name\":\"Home\",\"item\":\"https:\/\/denizcankizil.tr\/de\/\"},{\"@type\":\"ListItem\",\"position\":2,\"name\":\"Muhittin B\u00f6cek\u2019in vekili Konyaalt\u0131 ekibinden B\u00fc\u015fra \u00d6zdemir kimdir?\"}]},{\"@type\":\"WebSite\",\"@id\":\"https:\/\/denizcankizil.tr\/#website\",\"url\":\"https:\/\/denizcankizil.tr\/\",\"name\":\"Av. Deniz Can K\u0131z\u0131l\",\"description\":\"Avukat Deniz Can K\u0131z\u0131l Antalya Barosu\",\"publisher\":{\"@id\":\"https:\/\/denizcankizil.tr\/#organization\"},\"potentialAction\":[{\"@type\":\"SearchAction\",\"target\":{\"@type\":\"EntryPoint\",\"urlTemplate\":\"https:\/\/denizcankizil.tr\/?s={search_term_string}\"},\"query-input\":{\"@type\":\"PropertyValueSpecification\",\"valueRequired\":true,\"valueName\":\"search_term_string\"}}],\"inLanguage\":\"de\"},{\"@type\":\"Organization\",\"@id\":\"https:\/\/denizcankizil.tr\/#organization\",\"name\":\"Av. Deniz Can K\u0131z\u0131l\",\"url\":\"https:\/\/denizcankizil.tr\/\",\"logo\":{\"@type\":\"ImageObject\",\"inLanguage\":\"de\",\"@id\":\"https:\/\/denizcankizil.tr\/#\/schema\/logo\/image\/\",\"url\":\"https:\/\/denizcankizil.tr\/wp-content\/uploads\/2024\/10\/siyah-logo-svg.svg\",\"contentUrl\":\"https:\/\/denizcankizil.tr\/wp-content\/uploads\/2024\/10\/siyah-logo-svg.svg\",\"width\":1080,\"height\":1080,\"caption\":\"Av. Deniz Can K\u0131z\u0131l\"},\"image\":{\"@id\":\"https:\/\/denizcankizil.tr\/#\/schema\/logo\/image\/\"}},{\"@type\":\"Person\",\"@id\":\"https:\/\/denizcankizil.tr\/#\/schema\/person\/e1eb71bb4dd684d46563f0af307e1234\",\"name\":\"Antalya K\u00f6rfez\",\"image\":{\"@type\":\"ImageObject\",\"inLanguage\":\"de\",\"@id\":\"https:\/\/denizcankizil.tr\/#\/schema\/person\/image\/\",\"url\":\"https:\/\/secure.gravatar.com\/avatar\/42b01982558a48a0b501fdcab6a408d3717ea5919095ee2e67b0e521799c5905?s=96&d=mm&r=g\",\"contentUrl\":\"https:\/\/secure.gravatar.com\/avatar\/42b01982558a48a0b501fdcab6a408d3717ea5919095ee2e67b0e521799c5905?s=96&d=mm&r=g\",\"caption\":\"Antalya K\u00f6rfez\"},\"sameAs\":[\"http:\/\/www.antalyakorfez.com\"],\"url\":\"https:\/\/www.antalyakorfez.com\/muhittin-bocekin-vekili-konyaalti-ekibinden-busra-ozdemir-kimdir\"}]}<\/script>\n<!-- \/ Yoast SEO Premium plugin. -->","yoast_head_json":{"title":"Muhittin B\u00f6cek\u2019in vekili Konyaalt\u0131 ekibinden B\u00fc\u015fra \u00d6zdemir kimdir? - Av. Deniz Can K\u0131z\u0131l","robots":{"index":"index","follow":"follow","max-snippet":"max-snippet:-1","max-image-preview":"max-image-preview:large","max-video-preview":"max-video-preview:-1"},"canonical":"https:\/\/denizcankizil.tr\/de\/haberler\/gundem\/muhittin-bocekin-vekili-konyaalti-ekibinden-busra-ozdemir-kimdir\/","og_locale":"de_DE","og_type":"article","og_title":"Muhittin B\u00f6cek\u2019in vekili Konyaalt\u0131 ekibinden B\u00fc\u015fra \u00d6zdemir kimdir?","og_description":"Antalya B\u00fcy\u00fck\u015fehir Belediye Ba\u015fkan\u0131 Muhittin B\u00f6cek\u2019in tutuklan\u0131p g\u00f6revden uzakla\u015ft\u0131r\u0131lmas\u0131n\u0131n ard\u0131ndan g\u00f6zler, bug\u00fcn yap\u0131lacak olan B\u00fcy\u00fck\u015fehir Belediye Meclisi toplant\u0131s\u0131na \u00e7evrildi. CHP Antalya \u0130l Ba\u015fkan\u0131 Nail Kamac\u0131 yapt\u0131\u011f\u0131 a\u00e7\u0131klamada, partinin ba\u015fkanvekilli\u011fi i\u00e7in Antalya B\u00fcy\u00fck\u015fehir Belediyesi CHP Grup Ba\u015fkanvekili ve Kepez Belediye Meclis \u00dcyesi B\u00fc\u015fra \u00d6zdemir\u2019i aday g\u00f6sterdi\u011fini a\u00e7\u0131klad\u0131. \u00d6zdemir\u2019in adayl\u0131\u011f\u0131n\u0131 www.antalyakorfez.com Haber Merkezi g\u00fcnler \u00f6ncesinde kamuoyuyla payla\u015fm\u0131\u015ft\u0131. B\u00fc\u015fra \u00d6zdemir, Muhittin B\u00f6cek\u2019in \u2018Konyaalt\u0131 ekibi\u2019 olarak bilinen tak\u0131mda yer al\u0131yor. B\u00dc\u015eRA \u00d6ZDEM\u0130R\u2019\u0130N AKADEM\u0130K GE\u00c7M\u0130\u015e\u0130 1988 y\u0131l\u0131nda Antalya\u2019da do\u011fan B\u00fc\u015fra \u00d6zdemir, ilkokul ve ortaokul e\u011fitimini Antalya\u2019da tamamlad\u0131. Lise e\u011fitimini \u00c2dem Tolunay Anadolu Lisesi\u2019nde ald\u0131ktan sonra, Ba\u015fkent \u00dcniversitesi Hukuk Fak\u00fcltesi\u2019nden mezun oldu. Ard\u0131ndan Akdeniz \u00dcniversitesi \u00d6zel Hukuk alan\u0131nda y\u00fcksek lisans\u0131n\u0131 tamamlad\u0131. 2013 y\u0131l\u0131nda Antalya Barosu\u2019na kay\u0131tl\u0131 olarak serbest avukatl\u0131k mesle\u011fine ba\u015flad\u0131. EN GEN\u00c7 KADIN MECL\u0130S \u00dcYES\u0130 OLARAK TAR\u0130HE GE\u00c7T\u0130 B\u00fc\u015fra \u00d6zdemir, 2014 y\u0131l\u0131nda d\u00fczenlenen Mahalli \u0130dareler Se\u00e7imlerinde T\u00fcrkiye\u2019nin en gen\u00e7 kad\u0131n belediye meclis \u00fcyesi olarak Konyaalt\u0131 Belediyesi Meclisi\u2019ne se\u00e7ildi. Bu d\u00f6nemde Divan K\u00e2tipli\u011fi, \u0130mar Komisyonu Ba\u015fkanvekilli\u011fi, Hukuk ve B\u00fct\u00e7e Komisyonlar\u0131 ile E\u011fitim K\u00fclt\u00fcr Gen\u00e7lik ve Spor Komisyonu Ba\u015fkanl\u0131\u011f\u0131 g\u00f6revlerinde bulundu. 2019 yerel se\u00e7imlerinde hem Antalya B\u00fcy\u00fck\u015fehir Belediyesi hem de Konyaalt\u0131 Belediyesi Meclis \u00dcyeli\u011fine se\u00e7ilen \u00d6zdemir, B\u00fcy\u00fck\u015fehir Belediyesi Enc\u00fcmen \u00dcyeli\u011fi, Divan K\u00e2tipli\u011fi, Harita Komisyonu Ba\u015fkanl\u0131\u011f\u0131 gibi g\u00f6revler \u00fcstlendi. Ayn\u0131 d\u00f6nemde Akdeniz Belediyeler Birli\u011fi \u00c7evre Komisyonu Ba\u015fkanvekilli\u011fi de &hellip;","og_url":"https:\/\/denizcankizil.tr\/de\/haberler\/gundem\/muhittin-bocekin-vekili-konyaalti-ekibinden-busra-ozdemir-kimdir\/","og_site_name":"Av. Deniz Can K\u0131z\u0131l","article_published_time":"2025-07-11T08:41:20+00:00","author":"Antalya K\u00f6rfez","twitter_card":"summary_large_image","twitter_misc":{"Verfasst von":"Antalya K\u00f6rfez","Gesch\u00e4tzte Lesezeit":"2\u00a0Minuten"},"schema":{"@context":"https:\/\/schema.org","@graph":[{"@type":"Article","@id":"https:\/\/denizcankizil.tr\/de\/haberler\/gundem\/muhittin-bocekin-vekili-konyaalti-ekibinden-busra-ozdemir-kimdir\/#article","isPartOf":{"@id":"https:\/\/denizcankizil.tr\/de\/haberler\/gundem\/muhittin-bocekin-vekili-konyaalti-ekibinden-busra-ozdemir-kimdir\/"},"author":{"name":"Antalya K\u00f6rfez","@id":"https:\/\/denizcankizil.tr\/#\/schema\/person\/e1eb71bb4dd684d46563f0af307e1234"},"headline":"Muhittin B\u00f6cek\u2019in vekili Konyaalt\u0131 ekibinden B\u00fc\u015fra \u00d6zdemir kimdir?","datePublished":"2025-07-11T08:41:20+00:00","mainEntityOfPage":{"@id":"https:\/\/denizcankizil.tr\/de\/haberler\/gundem\/muhittin-bocekin-vekili-konyaalti-ekibinden-busra-ozdemir-kimdir\/"},"wordCount":486,"publisher":{"@id":"https:\/\/denizcankizil.tr\/#organization"},"articleSection":["G\u00fcndem"],"inLanguage":"de"},{"@type":"WebPage","@id":"https:\/\/denizcankizil.tr\/de\/haberler\/gundem\/muhittin-bocekin-vekili-konyaalti-ekibinden-busra-ozdemir-kimdir\/","url":"https:\/\/denizcankizil.tr\/de\/haberler\/gundem\/muhittin-bocekin-vekili-konyaalti-ekibinden-busra-ozdemir-kimdir\/","name":"Muhittin B\u00f6cek\u2019in vekili Konyaalt\u0131 ekibinden B\u00fc\u015fra \u00d6zdemir kimdir? - Av. Deniz Can K\u0131z\u0131l","isPartOf":{"@id":"https:\/\/denizcankizil.tr\/#website"},"datePublished":"2025-07-11T08:41:20+00:00","breadcrumb":{"@id":"https:\/\/denizcankizil.tr\/de\/haberler\/gundem\/muhittin-bocekin-vekili-konyaalti-ekibinden-busra-ozdemir-kimdir\/#breadcrumb"},"inLanguage":"de","potentialAction":[{"@type":"ReadAction","target":["https:\/\/denizcankizil.tr\/de\/haberler\/gundem\/muhittin-bocekin-vekili-konyaalti-ekibinden-busra-ozdemir-kimdir\/"]}]},{"@type":"BreadcrumbList","@id":"https:\/\/denizcankizil.tr\/de\/haberler\/gundem\/muhittin-bocekin-vekili-konyaalti-ekibinden-busra-ozdemir-kimdir\/#breadcrumb","itemListElement":[{"@type":"ListItem","position":1,"name":"Home","item":"https:\/\/denizcankizil.tr\/de\/"},{"@type":"ListItem","position":2,"name":"Muhittin B\u00f6cek\u2019in vekili Konyaalt\u0131 ekibinden B\u00fc\u015fra \u00d6zdemir kimdir?"}]},{"@type":"WebSite","@id":"https:\/\/denizcankizil.tr\/#website","url":"https:\/\/denizcankizil.tr\/","name":"Av. Deniz Can K\u0131z\u0131l","description":"Avukat Deniz Can K\u0131z\u0131l Antalya Barosu","publisher":{"@id":"https:\/\/denizcankizil.tr\/#organization"},"potentialAction":[{"@type":"SearchAction","target":{"@type":"EntryPoint","urlTemplate":"https:\/\/denizcankizil.tr\/?s={search_term_string}"},"query-input":{"@type":"PropertyValueSpecification","valueRequired":true,"valueName":"search_term_string"}}],"inLanguage":"de"},{"@type":"Organization","@id":"https:\/\/denizcankizil.tr\/#organization","name":"Av. Deniz Can K\u0131z\u0131l","url":"https:\/\/denizcankizil.tr\/","logo":{"@type":"ImageObject","inLanguage":"de","@id":"https:\/\/denizcankizil.tr\/#\/schema\/logo\/image\/","url":"https:\/\/denizcankizil.tr\/wp-content\/uploads\/2024\/10\/siyah-logo-svg.svg","contentUrl":"https:\/\/denizcankizil.tr\/wp-content\/uploads\/2024\/10\/siyah-logo-svg.svg","width":1080,"height":1080,"caption":"Av. Deniz Can K\u0131z\u0131l"},"image":{"@id":"https:\/\/denizcankizil.tr\/#\/schema\/logo\/image\/"}},{"@type":"Person","@id":"https:\/\/denizcankizil.tr\/#\/schema\/person\/e1eb71bb4dd684d46563f0af307e1234","name":"Antalya K\u00f6rfez","image":{"@type":"ImageObject","inLanguage":"de","@id":"https:\/\/denizcankizil.tr\/#\/schema\/person\/image\/","url":"https:\/\/secure.gravatar.com\/avatar\/42b01982558a48a0b501fdcab6a408d3717ea5919095ee2e67b0e521799c5905?s=96&d=mm&r=g","contentUrl":"https:\/\/secure.gravatar.com\/avatar\/42b01982558a48a0b501fdcab6a408d3717ea5919095ee2e67b0e521799c5905?s=96&d=mm&r=g","caption":"Antalya K\u00f6rfez"},"sameAs":["http:\/\/www.antalyakorfez.com"],"url":"https:\/\/www.antalyakorfez.com\/muhittin-bocekin-vekili-konyaalti-ekibinden-busra-ozdemir-kimdir"}]}},"_links":{"self":[{"href":"https:\/\/denizcankizil.tr\/de\/wp-json\/wp\/v2\/posts\/142528","targetHints":{"allow":["GET"]}}],"collection":[{"href":"https:\/\/denizcankizil.tr\/de\/wp-json\/wp\/v2\/posts"}],"about":[{"href":"https:\/\/denizcankizil.tr\/de\/wp-json\/wp\/v2\/types\/post"}],"author":[{"embeddable":true,"href":"https:\/\/denizcankizil.tr\/de\/wp-json\/wp\/v2\/users\/5"}],"replies":[{"embeddable":true,"href":"https:\/\/denizcankizil.tr\/de\/wp-json\/wp\/v2\/comments?post=142528"}],"version-history":[{"count":0,"href":"https:\/\/denizcankizil.tr\/de\/wp-json\/wp\/v2\/posts\/142528\/revisions"}],"wp:attachment":[{"href":"https:\/\/denizcankizil.tr\/de\/wp-json\/wp\/v2\/media?parent=142528"}],"wp:term":[{"taxonomy":"category","embeddable":true,"href":"https:\/\/denizcankizil.tr\/de\/wp-json\/wp\/v2\/categories?post=142528"},{"taxonomy":"post_tag","embeddable":true,"href":"https:\/\/denizcankizil.tr\/de\/wp-json\/wp\/v2\/tags?post=142528"}],"curies":[{"name":"wp","href":"https:\/\/api.w.org\/{rel}","templated":true}]}}