{"id":141776,"date":"2025-07-10T16:41:58","date_gmt":"2025-07-10T13:41:58","guid":{"rendered":"https:\/\/denizcankizil.tr\/uncategorized-tr\/antalya-muzesinin-mimarlarindan-dogan-tekeli-muze-binasi-100-milyona-guclendirilebilir\/"},"modified":"2025-07-10T16:41:58","modified_gmt":"2025-07-10T13:41:58","slug":"antalya-muzesinin-mimarlarindan-dogan-tekeli-muze-binasi-100-milyona-guclendirilebilir","status":"publish","type":"post","link":"https:\/\/denizcankizil.tr\/de\/haberler\/gundem\/antalya-muzesinin-mimarlarindan-dogan-tekeli-muze-binasi-100-milyona-guclendirilebilir\/","title":{"rendered":"Antalya M\u00fczesi\u2019nin mimarlar\u0131ndan Do\u011fan Tekeli: &#8220;M\u00fcze binas\u0131 100 milyona g\u00fc\u00e7lendirilebilir!&#8221;"},"content":{"rendered":"<p>K\u00fclt\u00fcr ve Turizm Bakanl\u0131\u011f\u0131 taraf\u0131ndan y\u0131k\u0131lmas\u0131 istenen Antalya M\u00fczesi&#8217;nin mimar\u0131 Do\u011fan Tekeli, m\u00fcze binas\u0131n\u0131n 100 milyon TL\u2019ye g\u00fc\u00e7lendirilebilece\u011fini s\u00f6yledi. Y\u0131k\u0131m karar\u0131n\u0131 gazeteden \u00f6\u011frendi\u011fini dile getiren Tekeli, bir d\u00f6nemin mimarl\u0131k anlay\u0131\u015f\u0131n\u0131 temsil eden bu \u00f6d\u00fcll\u00fc yap\u0131n\u0131n mutlaka korunmas\u0131 gerekti\u011fini dile getirdi. K\u00fclt\u00fcr ve Turizm Bakan Yard\u0131mc\u0131s\u0131 Birol \u0130ncecik\u00f6z, ge\u00e7ti\u011fimiz Mart ay\u0131nda yapt\u0131\u011f\u0131 a\u00e7\u0131klamada depreme dayan\u0131ks\u0131z oldu\u011fu gerek\u00e7esiyle y\u0131k\u0131lmak istenen m\u00fcze binas\u0131n\u0131n yerinde in\u015fa edilmesi planlanan yeni projenin maliyetinin 2,5 milyar TL\u2019yi bulaca\u011f\u0131n\u0131 dile getirmi\u015fti.<\/p>\n<p>ANTALYA M\u00dcZES\u0130 MUTLAKA KORUNMALI <\/p>\n<p>ICOMOS T\u00fcrkiye\u2019nin d\u00fczenledi\u011fi \u00e7evrimi\u00e7i toplant\u0131ya kat\u0131lan Antalya M\u00fczesi\u2019nin mimarlar\u0131ndan Do\u011fan Tekeli, bir d\u00f6nemin mimarl\u0131k anlay\u0131\u015f\u0131n\u0131 temsil eden bu \u00f6d\u00fcll\u00fc yap\u0131n\u0131n mutlaka korunmas\u0131 gerekti\u011fini dile getirdi. Uluslararas\u0131 An\u0131tlar ve Sitler Konseyi (ICOMOS) T\u00fcrkiye Milli Komitesi, \u201cT\u00fcrkiye\u2019nin Modern Mimarl\u0131k Miras\u0131n\u0131n Korunmas\u0131na Y\u00f6nelik G\u00fcncel Tart\u0131\u015fmalar\u201d ba\u015fl\u0131\u011f\u0131yla d\u00fczenledi\u011fi \u00e7evrimi\u00e7i toplant\u0131lar\u0131n \u201cModern Miras ve Arkeoloji M\u00fczeleri\u201d ba\u015fl\u0131kl\u0131 son oturumunu, y\u0131k\u0131l\u0131p yenilenece\u011fi tart\u0131\u015fmalar\u0131yla g\u00fcndeme gelen Antalya Arkeoloji M\u00fczesi\u2019ne ay\u0131rd\u0131. \u00d6d\u00fcll\u00fc bir yar\u0131\u015fma projesi olarak 1972\u2019de hizmete a\u00e7\u0131lan Antalya M\u00fczesi\u2019nin mimarlar\u0131ndan Do\u011fan Tekeli\u2019nin yan\u0131 s\u0131ra m\u00fczecilik ve k\u00fclt\u00fcrel miras uzmanlar\u0131n\u0131n kat\u0131ld\u0131\u011f\u0131 programda, yap\u0131n\u0131n neden bir k\u00fclt\u00fcr miras\u0131 olarak tescillenip korunmas\u0131 gerekti\u011fi konu\u015fuldu.<\/p>\n<p>Bur\u00e7in Alt\u0131nsay\u2019\u0131n moderat\u00f6rl\u00fc\u011f\u00fcn\u00fc yapt\u0131\u011f\u0131 toplant\u0131n\u0131n kat\u0131l\u0131mc\u0131lar\u0131ndan Dr. Tu\u011fba Sa\u011f\u0131ro\u011flu, Antalya M\u00fczesi\u2019nin Cumhuriyet tarihinin \u00f6nemli yap\u0131lar\u0131ndan biri oldu\u011funu anlatt\u0131. Tescillenip koruma alt\u0131na al\u0131nan eski m\u00fcze yap\u0131lar\u0131ndan \u00f6rnekler veren Sa\u011f\u0131ro\u011flu, bu yap\u0131lar\u0131n modern mimarl\u0131k miraslar\u0131 olarak korunmas\u0131 gerekti\u011fini vurgulad\u0131.<\/p>\n<p>SA\u011eIRO\u011eLU: \u00c7ITAYI YUKARI TA\u015eIYAN B\u0130R ESER<\/p>\n<p>\u2018T\u00fcrkiye\u2019de Modern Arkeoloji M\u00fczelerinin \u0130n\u015fa ve D\u00f6n\u00fc\u015f\u00fcm S\u00fcre\u00e7leri\u2019 ba\u015fl\u0131kl\u0131 sunumunda Dr. Sa\u011f\u0131ro\u011flu, Bergama, Adana, \u00c7anakkale, Gaziantep, Hatay, Kayseri, Yalva\u00e7, Alanya, Edirne ve Sinop\u2019tan \u00f6rneklerle T\u00fcrkiye\u2019deki arkeoloji m\u00fczelerinin birer k\u00fclt\u00fcrel miras olarak korunup gelece\u011fe aktar\u0131lmas\u0131 konusunda ya\u015fanan aksakl\u0131klara dikkat \u00e7ekti. 1967-1971 y\u0131llar\u0131 aras\u0131nda yap\u0131lan, 1972\u2019de hizmete a\u00e7\u0131lan ve 2025\u2019te K\u00fclt\u00fcr ve Turizm Bakanl\u0131\u011f\u0131\u2019nca y\u0131k\u0131l\u0131p yeniden in\u015fas\u0131na karar verilen Antalya M\u00fczesi\u2019nin de yar\u0131 \u00f6zg\u00fcn yap\u0131lar aras\u0131nda \u00e7\u0131tay\u0131 yukar\u0131 ta\u015f\u0131yan bir eser oldu\u011funa vurgu yapan Sa\u011f\u0131ro\u011flu, \u00f6d\u00fcll\u00fc m\u00fcze yap\u0131s\u0131n\u0131n bu y\u00f6n\u00fcyle tescile de\u011fer oldu\u011funun alt\u0131n\u0131 \u00e7izdi.<\/p>\n<p>M\u0130MAR DO\u011eAN TEKEL\u0130: YIKIM KARARINI GAZETEDEN \u00d6\u011eREND\u0130M<\/p>\n<p>Antalya K\u00f6rfez Gazetesi muhabiri Yusuf Yavuz&#8217;un haberine g\u00f6re Antalya Arkeoloji M\u00fczesi\u2019nin projesini \u00e7izdikleri d\u00f6nemde 60 civar\u0131nda yar\u0131\u015fmaya kat\u0131l\u0131p 20\u2019sinden birincilikle d\u00f6nd\u00fcklerini belirten Do\u011fan Tekeli, m\u00fcze projesinin de b\u00f6yle bir yar\u0131\u015fmada se\u00e7ilmi\u015f bir eser olarak hayata ge\u00e7ti\u011fini hat\u0131rlatt\u0131. Tekeli, Antalya M\u00fczesi\u2019nin y\u0131k\u0131laca\u011f\u0131 haberini \u015fa\u015fk\u0131nl\u0131kla kar\u015f\u0131lad\u0131\u011f\u0131n\u0131 belirterek, \u015funlar\u0131 s\u00f6yledi: \u201cHaberi gazetede g\u00f6rd\u00fcm. \u2018M\u00fczemizi y\u0131kmay\u0131n\u2019 gibi bir \u00e7a\u011fr\u0131 yap\u0131l\u0131yordu, \u015fok oldum. Daha \u00f6nce de in\u015fa etti\u011fimiz eserlerin y\u0131k\u0131ld\u0131\u011f\u0131 oldu. Dan\u0131\u015ftay binas\u0131, y\u0131k\u0131lmamas\u0131 y\u00f6n\u00fcnde \u00e7\u0131kan karara ra\u011fmen y\u0131k\u0131ld\u0131. Bu y\u0131k\u0131mlara al\u0131\u015fk\u0131n\u0131z asl\u0131nda. Ama Antalya M\u00fczesi, Beyda\u011flar\u0131 ile uyuma sahip, iklim ko\u015fullar\u0131ndan ziyaret\u00e7i ak\u0131\u015f\u0131na bir\u00e7ok detay d\u00fc\u015f\u00fcn\u00fclerek tasarlanm\u0131\u015f \u00e7ok \u00f6zel bir yap\u0131. Eserlerin tarihsel s\u00fcre\u00e7lerine g\u00f6re kronolojik olarak ve niteliklerine yak\u0131\u015f\u0131r bi\u00e7imde planlanmas\u0131 d\u00fc\u015f\u00fcn\u00fcld\u00fc. Ziyaret\u00e7ilerin nas\u0131l bir senaryo i\u00e7erisinde m\u00fczede gezece\u011fini d\u00fc\u015f\u00fcnd\u00fck. M\u00fczenin bir yatay plaklar sistemi ile \u00f6rt\u00fclmesini planlad\u0131k. O y\u0131llarda yap\u0131larda klima s\u00f6z konusu olmad\u0131\u011f\u0131 i\u00e7in do\u011fal havaland\u0131rmay\u0131 sa\u011flayacak bir sistem d\u00fc\u015f\u00fcn\u00fcld\u00fc. Belki kuzguna yavrusu g\u00fczel g\u00f6r\u00fcn\u00fcr ama tarafs\u0131z bir g\u00f6zle de bak\u0131yorum. Antalya M\u00fczesi ger\u00e7ekten \u00e7ok \u00f6zg\u00fcn bir yap\u0131.\u201d<\/p>\n<p>BEYDA\u011eLARI\u2019NIN \u00d6N\u00dcNDE YATAY B\u0130R S\u0130L\u00dcET<\/p>\n<p>Do\u011fan Tekeli, Antalya M\u00fczesi\u2019nin Beyda\u011flar\u0131 \u00f6n\u00fcnde yatay bir sil\u00fcet ve ak\u0131\u015fkanl\u0131\u011f\u0131n sa\u011fland\u0131\u011f\u0131 bir tasar\u0131mla kuruldu\u011fu o g\u00fcnden bug\u00fcne uzanan yar\u0131m as\u0131rl\u0131k \u00f6yk\u00fcs\u00fcn\u00fc de \u015fu s\u00f6zlerle anlatt\u0131: \u201cAntalya M\u00fczesi, yerinden ve i\u015flevinden do\u011fmu\u015f \u00f6zg\u00fcn bir eserdir. D\u00fcnyadaki hi\u00e7bir m\u00fcze ile benzerli\u011fi yoktur. Buraya mahsustur. Cumhuriyet d\u00f6neminde yap\u0131lm\u0131\u015f di\u011fer m\u00fczelere bak\u0131nca, bunun farkl\u0131 bir yeri oldu\u011funu s\u00f6ylemek m\u00fcmk\u00fcn. Binan\u0131n mesleki kontrol\u00fcn\u00fc Bay\u0131nd\u0131rl\u0131k Bakanl\u0131\u011f\u0131 yar\u0131\u015fma \u015fartnamesinde oldu\u011fu halde bize vermedi. Antalya Bay\u0131nd\u0131rl\u0131k M\u00fcd\u00fcrl\u00fc\u011f\u00fc elemanlar\u0131 bize sormadan, yer yer kendilerine g\u00f6re de\u011fi\u015fiklikle yapt\u0131lar. \u00d6zg\u00fcn halinden hafif\u00e7e uzakla\u015fm\u0131\u015f oldu yap\u0131. Ama yine de 1974\u2019te yap\u0131m\u0131ndan sonra yerinden \u00e7ektirdi\u011fimiz foto\u011fraflardan de\u011ferlendirdi\u011fimizde ilk haline yak\u0131n oldu\u011funu g\u00f6r\u00fcyorum. Yap\u0131n\u0131n yap\u0131m\u0131nda baz\u0131 de\u011fi\u015fiklikler yap\u0131lmas\u0131na ra\u011fmen orijinal projeye b\u00fcy\u00fck oranda sad\u0131k kal\u0131nd\u0131.\u201d<\/p>\n<p>ESER SAH\u0130B\u0130N\u0130N YARI\u015eMADAN HABER\u0130 OLMAZ MI?<\/p>\n<p>Antalya M\u00fczesi\u2019nin y\u0131k\u0131lmas\u0131na ve yeniden in\u015fas\u0131na dair karar al\u0131n\u0131rken, kendisinin haberdar edilmedi\u011fini belirten Tekeli, hem y\u0131k\u0131m karar\u0131n\u0131n hem de eser sahibine bilgi verilmemesinin garip oldu\u011funu dile getirdi. M\u00fczenin yeni projesi i\u00e7in a\u00e7\u0131lan yar\u0131\u015fmay\u0131 kazanan gen\u00e7lerin kendisini ziyaret etti\u011fini belirten Tekeli, &#8220;Arkada\u015flar a\u00e7\u0131lan proje yar\u0131\u015fmas\u0131na 11 projenin kat\u0131ld\u0131\u011f\u0131n\u0131 ve kendi \u00e7izdikleri projenin be\u011fenildi\u011fini anlatt\u0131lar. \u2018Projemiz sizin projenizin esaslar\u0131na benziyor, ziyaret\u00e7i sirk\u00fclasyon \u015femas\u0131 gibi benzer \u00f6zellikleri var\u2019 dediler. Ben onlarla konu\u015ftum, baz\u0131 \u015feyler \u00f6nerdim. Bu g\u00f6r\u00fc\u015fmeden \u00e7ok memnun olduklar\u0131n\u0131 s\u00f6ylediler. \u2018Tekrar g\u00f6r\u00fc\u015fece\u011fiz\u2019 deyip ayr\u0131ld\u0131lar. Sonra arkada\u015flardan bir daha ses \u00e7\u0131kmad\u0131. T\u00fcrkiye\u2019de i\u015fler anla\u015f\u0131lan b\u00f6yle y\u00fcr\u00fcyor. Al\u0131\u015fm\u0131\u015f olmam\u0131z laz\u0131m. Bir bina y\u0131k\u0131lacaksa ve yerine yenisi yap\u0131lacaksa, bunun i\u00e7in yeni bir yar\u0131\u015fma a\u00e7\u0131l\u0131yorsa, eserin sahibi usulen bu yar\u0131\u015fmadan haberdar edilir. Benim yar\u0131\u015fmadan haberim olmad\u0131&#8221; dedi.<\/p>\n<p>BAKANLI\u011eA \u00c7A\u011eRI: 100 M\u0130LYON TL \u0130LE G\u00dc\u00c7LEND\u0130R\u0130L\u0130R<\/p>\n<p>50 y\u0131l\u0131 a\u015fk\u0131n s\u00fcredir ziyaret\u00e7i a\u011f\u0131rlayan m\u00fczenin bir m\u00fccevher kutusu gibi tasarlanm\u0131\u015f nadir eserlerden biri oldu\u011funu ifade eden Tekeli, yap\u0131n\u0131n korunmas\u0131 i\u00e7in K\u00fclt\u00fcr ve Turizm Bakanl\u0131\u011f\u0131\u2019na \u00e7a\u011fr\u0131da bulundu: \u201cAntalya M\u00fczesi\u2019nin benim portfolyom i\u00e7inde \u00e7ok \u00f6zel bir yeri var. Tabii ki tek benim de\u011fil, arkada\u015flar\u0131m\u0131zla birlikte yapm\u0131\u015ft\u0131k. Metin Hepg\u00fcler ve Sami Sisa&#8217;n\u0131n da pay\u0131 var. Di\u011fer iki arkada\u015f\u0131m olmad\u0131\u011f\u0131 i\u00e7in m\u00fczenin mimari miras\u0131n\u0131 ta\u015f\u0131mak bize kal\u0131yor. M\u00fczenin kamuoyu ve kent taraf\u0131ndan benimsenmesi mimar i\u00e7in son derece mutluluk verici. Bir yolu bulunarak, belki g\u00fc\u00e7lendirilerek korunabilirse, Antalya ve T\u00fcrkiye i\u00e7in son derece \u00f6nemli bir belge yap\u0131 olacakt\u0131r. T\u00fcrk mimarisi i\u00e7in bir k\u00fclt\u00fcre sahiplik \u00f6rne\u011fi olacakt\u0131r. \u0130htiya\u00e7 duyulan yeni m\u00fcze yap\u0131s\u0131 ba\u015fka bir yerde yap\u0131labilir ve bu m\u00fcze korunabilir. Antalya\u2019ya milyonlarca turist geliyor. Diyecekler ki fiziksel y\u0131pranmaya ra\u011fmen korumay\u0131 ba\u015farm\u0131\u015flar. S\u0131rf b\u00f6yle bir \u00f6rnek i\u00e7in bu k\u00fclfet kabul edilmez mi? Yeni projenin in\u015fas\u0131 i\u00e7in ayr\u0131lan 2,5 milyar liral\u0131k bir b\u00fct\u00e7e var. Mevcut yap\u0131 100 milyon lira ile g\u00fc\u00e7lendirilebilir. Bu yap\u0131n\u0131n korunmas\u0131n\u0131 \u015fiddetle arzu ediyorum.\u201d<\/p>\n<p>MODERN M\u0130MARLIK M\u0130RASI OLARAK KORUNMALI<\/p>\n<p>ICOMOS T\u00fcrkiye; 7 Temmuz 2025\u2019te de ISC20c T\u00fcrkiye, ISCARSAH T\u00fcrkiye, DOCOMOMO T\u00fcrkiye, KORDER ile birlikte yay\u0131nlad\u0131\u011f\u0131 Antalya Arkeoloji M\u00fczesi\u2019ne ili\u015fkin g\u00f6r\u00fc\u015f metninde de, yap\u0131n\u0131n k\u00fclt\u00fcr varl\u0131\u011f\u0131 niteli\u011fini olu\u015fturan \u00f6zg\u00fcn de\u011ferlerinin korunarak ya\u015fat\u0131lmas\u0131 ad\u0131na, g\u00fcncel y\u00f6netmeliklere uygun \u015fekilde g\u00fc\u00e7lendirilmesi ve \u00f6zg\u00fcn mimari nitelikleri esas al\u0131narak restorasyonu m\u00fcmk\u00fcn oldu\u011funu vurgulayarak, Antalya M\u00fczesi Modern Mimarl\u0131k Miras\u0131 olarak korunmas\u0131 gerekti\u011fini belirtmi\u015fti.<\/p>\n<p>YEN\u0130 PROJEN\u0130N MAL\u0130YET\u0130 2,5 M\u0130LYAR<\/p>\n<p>K\u00fclt\u00fcr Varl\u0131klar\u0131 ve M\u00fczeler Genel M\u00fcd\u00fcr\u00fc Birol \u0130ncecik\u00f6z, 20 Mart 2025 tarihinde Antalya Arkeoloji M\u00fczesi&#8217;nin konferans salonunda yap\u0131lan bilgilendirme toplant\u0131s\u0131nda m\u00fcze binas\u0131n\u0131n 2020&#8217;de yap\u0131lan incelemelerde riskli \u00e7\u0131kt\u0131\u011f\u0131n\u0131 s\u00f6ylemi\u015fti. Mevcut m\u00fcze binas\u0131n\u0131n y\u0131k\u0131lmas\u0131n\u0131n ard\u0131ndan ayn\u0131 alanda in\u015fa edilmesi planlanan yeni m\u00fcze projesiyle ilgili de bilgi veren \u0130ncecik\u00f6z, yeni projenin maliyetinin 2,5 milyar TL\u2019yi bulaca\u011f\u0131n\u0131 belirterek \u015funlar\u0131 dile getirmi\u015fti: \u201cKentin odak noktas\u0131, ya\u015fayan bir mekan\u0131 olaca\u011f\u0131n\u0131 d\u00fc\u015f\u00fcn\u00fcyoruz. Bizce uluslararas\u0131 tasar\u0131m \u00f6d\u00fcllerine g\u00f6nderilebilecek kalitede bir sanat eseri \u00e7\u0131kaca\u011f\u0131n\u0131 \u00f6ng\u00f6r\u00fcyoruz. Ortalama 2 milyar liral\u0131k bir yap\u0131m maliyeti \u00f6ng\u00f6r\u00fcyoruz. Uygulama maliyetiyle yakla\u015f\u0131k 2,5 milyar\u0131 bulacakt\u0131r.&#8221;<\/p>\n<p>\u200bY\u0131k\u0131lmak istenen Antalya M\u00fczesinin mimar\u0131 Do\u011fan Tekeli, kentin haf\u0131za mekanlar\u0131ndan biri olan m\u00fcze binas\u0131n\u0131n 100 milyon TL\u2019ye g\u00fc\u00e7lendirilebilece\u011fini s\u00f6yledi.\u00a0<\/p>\n<p>\u200bHaberin Al\u0131nt\u0131land\u0131\u011f\u0131 Kaynak: www.antalyakorfez.com<\/p>","protected":false},"excerpt":{"rendered":"<p>K\u00fclt\u00fcr ve Turizm Bakanl\u0131\u011f\u0131 taraf\u0131ndan y\u0131k\u0131lmas\u0131 istenen Antalya M\u00fczesi&#8217;nin mimar\u0131 Do\u011fan Tekeli, m\u00fcze binas\u0131n\u0131n 100 milyon TL\u2019ye g\u00fc\u00e7lendirilebilece\u011fini s\u00f6yledi. Y\u0131k\u0131m karar\u0131n\u0131 gazeteden \u00f6\u011frendi\u011fini dile getiren Tekeli, bir d\u00f6nemin mimarl\u0131k anlay\u0131\u015f\u0131n\u0131 temsil eden bu \u00f6d\u00fcll\u00fc yap\u0131n\u0131n mutlaka korunmas\u0131 gerekti\u011fini dile getirdi. K\u00fclt\u00fcr ve Turizm Bakan Yard\u0131mc\u0131s\u0131 Birol \u0130ncecik\u00f6z, ge\u00e7ti\u011fimiz Mart ay\u0131nda yapt\u0131\u011f\u0131 a\u00e7\u0131klamada depreme dayan\u0131ks\u0131z oldu\u011fu gerek\u00e7esiyle y\u0131k\u0131lmak istenen m\u00fcze binas\u0131n\u0131n yerinde in\u015fa edilmesi planlanan yeni projenin maliyetinin 2,5 milyar TL\u2019yi bulaca\u011f\u0131n\u0131 dile getirmi\u015fti. ANTALYA M\u00dcZES\u0130 MUTLAKA KORUNMALI ICOMOS T\u00fcrkiye\u2019nin d\u00fczenledi\u011fi \u00e7evrimi\u00e7i toplant\u0131ya kat\u0131lan Antalya M\u00fczesi\u2019nin mimarlar\u0131ndan Do\u011fan Tekeli, bir d\u00f6nemin mimarl\u0131k anlay\u0131\u015f\u0131n\u0131 temsil eden bu \u00f6d\u00fcll\u00fc yap\u0131n\u0131n mutlaka korunmas\u0131 gerekti\u011fini dile getirdi. Uluslararas\u0131 An\u0131tlar ve Sitler Konseyi (ICOMOS) T\u00fcrkiye Milli Komitesi, \u201cT\u00fcrkiye\u2019nin Modern Mimarl\u0131k Miras\u0131n\u0131n Korunmas\u0131na Y\u00f6nelik G\u00fcncel Tart\u0131\u015fmalar\u201d ba\u015fl\u0131\u011f\u0131yla d\u00fczenledi\u011fi \u00e7evrimi\u00e7i toplant\u0131lar\u0131n \u201cModern Miras ve Arkeoloji M\u00fczeleri\u201d ba\u015fl\u0131kl\u0131 son oturumunu, y\u0131k\u0131l\u0131p yenilenece\u011fi tart\u0131\u015fmalar\u0131yla g\u00fcndeme gelen Antalya Arkeoloji M\u00fczesi\u2019ne ay\u0131rd\u0131. \u00d6d\u00fcll\u00fc bir yar\u0131\u015fma projesi olarak 1972\u2019de hizmete a\u00e7\u0131lan Antalya M\u00fczesi\u2019nin mimarlar\u0131ndan Do\u011fan Tekeli\u2019nin yan\u0131 s\u0131ra m\u00fczecilik ve k\u00fclt\u00fcrel miras uzmanlar\u0131n\u0131n kat\u0131ld\u0131\u011f\u0131 programda, yap\u0131n\u0131n neden bir k\u00fclt\u00fcr miras\u0131 olarak tescillenip korunmas\u0131 gerekti\u011fi konu\u015fuldu. Bur\u00e7in Alt\u0131nsay\u2019\u0131n moderat\u00f6rl\u00fc\u011f\u00fcn\u00fc yapt\u0131\u011f\u0131 toplant\u0131n\u0131n kat\u0131l\u0131mc\u0131lar\u0131ndan Dr. Tu\u011fba Sa\u011f\u0131ro\u011flu, Antalya M\u00fczesi\u2019nin Cumhuriyet tarihinin \u00f6nemli yap\u0131lar\u0131ndan biri oldu\u011funu anlatt\u0131. Tescillenip koruma alt\u0131na al\u0131nan eski m\u00fcze yap\u0131lar\u0131ndan \u00f6rnekler veren Sa\u011f\u0131ro\u011flu, &hellip;<\/p>","protected":false},"author":5,"featured_media":0,"comment_status":"","ping_status":"open","sticky":false,"template":"","format":"standard","meta":{"_acf_changed":false,"footnotes":""},"categories":[24],"tags":[],"class_list":["post-141776","post","type-post","status-publish","format-standard","has-post-thumbnail","hentry","category-gundem"],"acf":[],"yoast_head":"<!-- This site is optimized with the Yoast SEO Premium plugin v26.6 (Yoast SEO v27.1.1) - https:\/\/yoast.com\/product\/yoast-seo-premium-wordpress\/ -->\n<title>Antalya M\u00fczesi\u2019nin mimarlar\u0131ndan Do\u011fan Tekeli: &quot;M\u00fcze binas\u0131 100 milyona g\u00fc\u00e7lendirilebilir!&quot; - Av. Deniz Can K\u0131z\u0131l<\/title>\n<meta name=\"robots\" content=\"index, follow, max-snippet:-1, max-image-preview:large, max-video-preview:-1\" \/>\n<link rel=\"canonical\" href=\"https:\/\/denizcankizil.tr\/de\/haberler\/gundem\/antalya-muzesinin-mimarlarindan-dogan-tekeli-muze-binasi-100-milyona-guclendirilebilir\/\" \/>\n<meta property=\"og:locale\" content=\"de_DE\" \/>\n<meta property=\"og:type\" content=\"article\" \/>\n<meta property=\"og:title\" content=\"Antalya M\u00fczesi\u2019nin mimarlar\u0131ndan Do\u011fan Tekeli: &quot;M\u00fcze binas\u0131 100 milyona g\u00fc\u00e7lendirilebilir!&quot;\" \/>\n<meta property=\"og:description\" content=\"K\u00fclt\u00fcr ve Turizm Bakanl\u0131\u011f\u0131 taraf\u0131ndan y\u0131k\u0131lmas\u0131 istenen Antalya M\u00fczesi&#8217;nin mimar\u0131 Do\u011fan Tekeli, m\u00fcze binas\u0131n\u0131n 100 milyon TL\u2019ye g\u00fc\u00e7lendirilebilece\u011fini s\u00f6yledi. Y\u0131k\u0131m karar\u0131n\u0131 gazeteden \u00f6\u011frendi\u011fini dile getiren Tekeli, bir d\u00f6nemin mimarl\u0131k anlay\u0131\u015f\u0131n\u0131 temsil eden bu \u00f6d\u00fcll\u00fc yap\u0131n\u0131n mutlaka korunmas\u0131 gerekti\u011fini dile getirdi. K\u00fclt\u00fcr ve Turizm Bakan Yard\u0131mc\u0131s\u0131 Birol \u0130ncecik\u00f6z, ge\u00e7ti\u011fimiz Mart ay\u0131nda yapt\u0131\u011f\u0131 a\u00e7\u0131klamada depreme dayan\u0131ks\u0131z oldu\u011fu gerek\u00e7esiyle y\u0131k\u0131lmak istenen m\u00fcze binas\u0131n\u0131n yerinde in\u015fa edilmesi planlanan yeni projenin maliyetinin 2,5 milyar TL\u2019yi bulaca\u011f\u0131n\u0131 dile getirmi\u015fti. ANTALYA M\u00dcZES\u0130 MUTLAKA KORUNMALI ICOMOS T\u00fcrkiye\u2019nin d\u00fczenledi\u011fi \u00e7evrimi\u00e7i toplant\u0131ya kat\u0131lan Antalya M\u00fczesi\u2019nin mimarlar\u0131ndan Do\u011fan Tekeli, bir d\u00f6nemin mimarl\u0131k anlay\u0131\u015f\u0131n\u0131 temsil eden bu \u00f6d\u00fcll\u00fc yap\u0131n\u0131n mutlaka korunmas\u0131 gerekti\u011fini dile getirdi. Uluslararas\u0131 An\u0131tlar ve Sitler Konseyi (ICOMOS) T\u00fcrkiye Milli Komitesi, \u201cT\u00fcrkiye\u2019nin Modern Mimarl\u0131k Miras\u0131n\u0131n Korunmas\u0131na Y\u00f6nelik G\u00fcncel Tart\u0131\u015fmalar\u201d ba\u015fl\u0131\u011f\u0131yla d\u00fczenledi\u011fi \u00e7evrimi\u00e7i toplant\u0131lar\u0131n \u201cModern Miras ve Arkeoloji M\u00fczeleri\u201d ba\u015fl\u0131kl\u0131 son oturumunu, y\u0131k\u0131l\u0131p yenilenece\u011fi tart\u0131\u015fmalar\u0131yla g\u00fcndeme gelen Antalya Arkeoloji M\u00fczesi\u2019ne ay\u0131rd\u0131. \u00d6d\u00fcll\u00fc bir yar\u0131\u015fma projesi olarak 1972\u2019de hizmete a\u00e7\u0131lan Antalya M\u00fczesi\u2019nin mimarlar\u0131ndan Do\u011fan Tekeli\u2019nin yan\u0131 s\u0131ra m\u00fczecilik ve k\u00fclt\u00fcrel miras uzmanlar\u0131n\u0131n kat\u0131ld\u0131\u011f\u0131 programda, yap\u0131n\u0131n neden bir k\u00fclt\u00fcr miras\u0131 olarak tescillenip korunmas\u0131 gerekti\u011fi konu\u015fuldu. Bur\u00e7in Alt\u0131nsay\u2019\u0131n moderat\u00f6rl\u00fc\u011f\u00fcn\u00fc yapt\u0131\u011f\u0131 toplant\u0131n\u0131n kat\u0131l\u0131mc\u0131lar\u0131ndan Dr. Tu\u011fba Sa\u011f\u0131ro\u011flu, Antalya M\u00fczesi\u2019nin Cumhuriyet tarihinin \u00f6nemli yap\u0131lar\u0131ndan biri oldu\u011funu anlatt\u0131. Tescillenip koruma alt\u0131na al\u0131nan eski m\u00fcze yap\u0131lar\u0131ndan \u00f6rnekler veren Sa\u011f\u0131ro\u011flu, &hellip;\" \/>\n<meta property=\"og:url\" content=\"https:\/\/denizcankizil.tr\/de\/haberler\/gundem\/antalya-muzesinin-mimarlarindan-dogan-tekeli-muze-binasi-100-milyona-guclendirilebilir\/\" \/>\n<meta property=\"og:site_name\" content=\"Av. Deniz Can K\u0131z\u0131l\" \/>\n<meta property=\"article:published_time\" content=\"2025-07-10T13:41:58+00:00\" \/>\n<meta name=\"author\" content=\"Antalya K\u00f6rfez\" \/>\n<meta name=\"twitter:card\" content=\"summary_large_image\" \/>\n<meta name=\"twitter:label1\" content=\"Verfasst von\" \/>\n\t<meta name=\"twitter:data1\" content=\"Antalya K\u00f6rfez\" \/>\n\t<meta name=\"twitter:label2\" content=\"Gesch\u00e4tzte Lesezeit\" \/>\n\t<meta name=\"twitter:data2\" content=\"8\u00a0Minuten\" \/>\n<script type=\"application\/ld+json\" class=\"yoast-schema-graph\">{\"@context\":\"https:\/\/schema.org\",\"@graph\":[{\"@type\":\"Article\",\"@id\":\"https:\/\/denizcankizil.tr\/de\/haberler\/gundem\/antalya-muzesinin-mimarlarindan-dogan-tekeli-muze-binasi-100-milyona-guclendirilebilir\/#article\",\"isPartOf\":{\"@id\":\"https:\/\/denizcankizil.tr\/de\/haberler\/gundem\/antalya-muzesinin-mimarlarindan-dogan-tekeli-muze-binasi-100-milyona-guclendirilebilir\/\"},\"author\":{\"name\":\"Antalya K\u00f6rfez\",\"@id\":\"https:\/\/denizcankizil.tr\/#\/schema\/person\/e1eb71bb4dd684d46563f0af307e1234\"},\"headline\":\"Antalya M\u00fczesi\u2019nin mimarlar\u0131ndan Do\u011fan Tekeli: &#8220;M\u00fcze binas\u0131 100 milyona g\u00fc\u00e7lendirilebilir!&#8221;\",\"datePublished\":\"2025-07-10T13:41:58+00:00\",\"mainEntityOfPage\":{\"@id\":\"https:\/\/denizcankizil.tr\/de\/haberler\/gundem\/antalya-muzesinin-mimarlarindan-dogan-tekeli-muze-binasi-100-milyona-guclendirilebilir\/\"},\"wordCount\":1697,\"publisher\":{\"@id\":\"https:\/\/denizcankizil.tr\/#organization\"},\"articleSection\":[\"G\u00fcndem\"],\"inLanguage\":\"de\"},{\"@type\":\"WebPage\",\"@id\":\"https:\/\/denizcankizil.tr\/de\/haberler\/gundem\/antalya-muzesinin-mimarlarindan-dogan-tekeli-muze-binasi-100-milyona-guclendirilebilir\/\",\"url\":\"https:\/\/denizcankizil.tr\/de\/haberler\/gundem\/antalya-muzesinin-mimarlarindan-dogan-tekeli-muze-binasi-100-milyona-guclendirilebilir\/\",\"name\":\"Antalya M\u00fczesi\u2019nin mimarlar\u0131ndan Do\u011fan Tekeli: \\\"M\u00fcze binas\u0131 100 milyona g\u00fc\u00e7lendirilebilir!\\\" - Av. Deniz Can K\u0131z\u0131l\",\"isPartOf\":{\"@id\":\"https:\/\/denizcankizil.tr\/#website\"},\"datePublished\":\"2025-07-10T13:41:58+00:00\",\"breadcrumb\":{\"@id\":\"https:\/\/denizcankizil.tr\/de\/haberler\/gundem\/antalya-muzesinin-mimarlarindan-dogan-tekeli-muze-binasi-100-milyona-guclendirilebilir\/#breadcrumb\"},\"inLanguage\":\"de\",\"potentialAction\":[{\"@type\":\"ReadAction\",\"target\":[\"https:\/\/denizcankizil.tr\/de\/haberler\/gundem\/antalya-muzesinin-mimarlarindan-dogan-tekeli-muze-binasi-100-milyona-guclendirilebilir\/\"]}]},{\"@type\":\"BreadcrumbList\",\"@id\":\"https:\/\/denizcankizil.tr\/de\/haberler\/gundem\/antalya-muzesinin-mimarlarindan-dogan-tekeli-muze-binasi-100-milyona-guclendirilebilir\/#breadcrumb\",\"itemListElement\":[{\"@type\":\"ListItem\",\"position\":1,\"name\":\"Home\",\"item\":\"https:\/\/denizcankizil.tr\/uk\/\"},{\"@type\":\"ListItem\",\"position\":2,\"name\":\"Antalya M\u00fczesi\u2019nin mimarlar\u0131ndan Do\u011fan Tekeli: &#8220;M\u00fcze binas\u0131 100 milyona g\u00fc\u00e7lendirilebilir!&#8221;\"}]},{\"@type\":\"WebSite\",\"@id\":\"https:\/\/denizcankizil.tr\/#website\",\"url\":\"https:\/\/denizcankizil.tr\/\",\"name\":\"Av. Deniz Can K\u0131z\u0131l\",\"description\":\"Avukat Deniz Can K\u0131z\u0131l Antalya Barosu\",\"publisher\":{\"@id\":\"https:\/\/denizcankizil.tr\/#organization\"},\"potentialAction\":[{\"@type\":\"SearchAction\",\"target\":{\"@type\":\"EntryPoint\",\"urlTemplate\":\"https:\/\/denizcankizil.tr\/?s={search_term_string}\"},\"query-input\":{\"@type\":\"PropertyValueSpecification\",\"valueRequired\":true,\"valueName\":\"search_term_string\"}}],\"inLanguage\":\"de\"},{\"@type\":\"Organization\",\"@id\":\"https:\/\/denizcankizil.tr\/#organization\",\"name\":\"Av. Deniz Can K\u0131z\u0131l\",\"url\":\"https:\/\/denizcankizil.tr\/\",\"logo\":{\"@type\":\"ImageObject\",\"inLanguage\":\"de\",\"@id\":\"https:\/\/denizcankizil.tr\/#\/schema\/logo\/image\/\",\"url\":\"https:\/\/denizcankizil.tr\/wp-content\/uploads\/2024\/10\/siyah-logo-svg.svg\",\"contentUrl\":\"https:\/\/denizcankizil.tr\/wp-content\/uploads\/2024\/10\/siyah-logo-svg.svg\",\"width\":1080,\"height\":1080,\"caption\":\"Av. Deniz Can K\u0131z\u0131l\"},\"image\":{\"@id\":\"https:\/\/denizcankizil.tr\/#\/schema\/logo\/image\/\"}},{\"@type\":\"Person\",\"@id\":\"https:\/\/denizcankizil.tr\/#\/schema\/person\/e1eb71bb4dd684d46563f0af307e1234\",\"name\":\"Antalya K\u00f6rfez\",\"image\":{\"@type\":\"ImageObject\",\"inLanguage\":\"de\",\"@id\":\"https:\/\/denizcankizil.tr\/#\/schema\/person\/image\/\",\"url\":\"https:\/\/secure.gravatar.com\/avatar\/42b01982558a48a0b501fdcab6a408d3717ea5919095ee2e67b0e521799c5905?s=96&d=mm&r=g\",\"contentUrl\":\"https:\/\/secure.gravatar.com\/avatar\/42b01982558a48a0b501fdcab6a408d3717ea5919095ee2e67b0e521799c5905?s=96&d=mm&r=g\",\"caption\":\"Antalya K\u00f6rfez\"},\"sameAs\":[\"http:\/\/www.antalyakorfez.com\"],\"url\":\"https:\/\/www.antalyakorfez.com\/antalya-muzesinin-mimarlarindan-dogan-tekeli-muze-binasi-100-milyona-guclendirilebilir\"}]}<\/script>\n<!-- \/ Yoast SEO Premium plugin. -->","yoast_head_json":{"title":"Antalya M\u00fczesi\u2019nin mimarlar\u0131ndan Do\u011fan Tekeli: \"M\u00fcze binas\u0131 100 milyona g\u00fc\u00e7lendirilebilir!\" - Av. Deniz Can K\u0131z\u0131l","robots":{"index":"index","follow":"follow","max-snippet":"max-snippet:-1","max-image-preview":"max-image-preview:large","max-video-preview":"max-video-preview:-1"},"canonical":"https:\/\/denizcankizil.tr\/de\/haberler\/gundem\/antalya-muzesinin-mimarlarindan-dogan-tekeli-muze-binasi-100-milyona-guclendirilebilir\/","og_locale":"de_DE","og_type":"article","og_title":"Antalya M\u00fczesi\u2019nin mimarlar\u0131ndan Do\u011fan Tekeli: \"M\u00fcze binas\u0131 100 milyona g\u00fc\u00e7lendirilebilir!\"","og_description":"K\u00fclt\u00fcr ve Turizm Bakanl\u0131\u011f\u0131 taraf\u0131ndan y\u0131k\u0131lmas\u0131 istenen Antalya M\u00fczesi&#8217;nin mimar\u0131 Do\u011fan Tekeli, m\u00fcze binas\u0131n\u0131n 100 milyon TL\u2019ye g\u00fc\u00e7lendirilebilece\u011fini s\u00f6yledi. Y\u0131k\u0131m karar\u0131n\u0131 gazeteden \u00f6\u011frendi\u011fini dile getiren Tekeli, bir d\u00f6nemin mimarl\u0131k anlay\u0131\u015f\u0131n\u0131 temsil eden bu \u00f6d\u00fcll\u00fc yap\u0131n\u0131n mutlaka korunmas\u0131 gerekti\u011fini dile getirdi. K\u00fclt\u00fcr ve Turizm Bakan Yard\u0131mc\u0131s\u0131 Birol \u0130ncecik\u00f6z, ge\u00e7ti\u011fimiz Mart ay\u0131nda yapt\u0131\u011f\u0131 a\u00e7\u0131klamada depreme dayan\u0131ks\u0131z oldu\u011fu gerek\u00e7esiyle y\u0131k\u0131lmak istenen m\u00fcze binas\u0131n\u0131n yerinde in\u015fa edilmesi planlanan yeni projenin maliyetinin 2,5 milyar TL\u2019yi bulaca\u011f\u0131n\u0131 dile getirmi\u015fti. ANTALYA M\u00dcZES\u0130 MUTLAKA KORUNMALI ICOMOS T\u00fcrkiye\u2019nin d\u00fczenledi\u011fi \u00e7evrimi\u00e7i toplant\u0131ya kat\u0131lan Antalya M\u00fczesi\u2019nin mimarlar\u0131ndan Do\u011fan Tekeli, bir d\u00f6nemin mimarl\u0131k anlay\u0131\u015f\u0131n\u0131 temsil eden bu \u00f6d\u00fcll\u00fc yap\u0131n\u0131n mutlaka korunmas\u0131 gerekti\u011fini dile getirdi. Uluslararas\u0131 An\u0131tlar ve Sitler Konseyi (ICOMOS) T\u00fcrkiye Milli Komitesi, \u201cT\u00fcrkiye\u2019nin Modern Mimarl\u0131k Miras\u0131n\u0131n Korunmas\u0131na Y\u00f6nelik G\u00fcncel Tart\u0131\u015fmalar\u201d ba\u015fl\u0131\u011f\u0131yla d\u00fczenledi\u011fi \u00e7evrimi\u00e7i toplant\u0131lar\u0131n \u201cModern Miras ve Arkeoloji M\u00fczeleri\u201d ba\u015fl\u0131kl\u0131 son oturumunu, y\u0131k\u0131l\u0131p yenilenece\u011fi tart\u0131\u015fmalar\u0131yla g\u00fcndeme gelen Antalya Arkeoloji M\u00fczesi\u2019ne ay\u0131rd\u0131. \u00d6d\u00fcll\u00fc bir yar\u0131\u015fma projesi olarak 1972\u2019de hizmete a\u00e7\u0131lan Antalya M\u00fczesi\u2019nin mimarlar\u0131ndan Do\u011fan Tekeli\u2019nin yan\u0131 s\u0131ra m\u00fczecilik ve k\u00fclt\u00fcrel miras uzmanlar\u0131n\u0131n kat\u0131ld\u0131\u011f\u0131 programda, yap\u0131n\u0131n neden bir k\u00fclt\u00fcr miras\u0131 olarak tescillenip korunmas\u0131 gerekti\u011fi konu\u015fuldu. Bur\u00e7in Alt\u0131nsay\u2019\u0131n moderat\u00f6rl\u00fc\u011f\u00fcn\u00fc yapt\u0131\u011f\u0131 toplant\u0131n\u0131n kat\u0131l\u0131mc\u0131lar\u0131ndan Dr. Tu\u011fba Sa\u011f\u0131ro\u011flu, Antalya M\u00fczesi\u2019nin Cumhuriyet tarihinin \u00f6nemli yap\u0131lar\u0131ndan biri oldu\u011funu anlatt\u0131. Tescillenip koruma alt\u0131na al\u0131nan eski m\u00fcze yap\u0131lar\u0131ndan \u00f6rnekler veren Sa\u011f\u0131ro\u011flu, &hellip;","og_url":"https:\/\/denizcankizil.tr\/de\/haberler\/gundem\/antalya-muzesinin-mimarlarindan-dogan-tekeli-muze-binasi-100-milyona-guclendirilebilir\/","og_site_name":"Av. Deniz Can K\u0131z\u0131l","article_published_time":"2025-07-10T13:41:58+00:00","author":"Antalya K\u00f6rfez","twitter_card":"summary_large_image","twitter_misc":{"Verfasst von":"Antalya K\u00f6rfez","Gesch\u00e4tzte Lesezeit":"8\u00a0Minuten"},"schema":{"@context":"https:\/\/schema.org","@graph":[{"@type":"Article","@id":"https:\/\/denizcankizil.tr\/de\/haberler\/gundem\/antalya-muzesinin-mimarlarindan-dogan-tekeli-muze-binasi-100-milyona-guclendirilebilir\/#article","isPartOf":{"@id":"https:\/\/denizcankizil.tr\/de\/haberler\/gundem\/antalya-muzesinin-mimarlarindan-dogan-tekeli-muze-binasi-100-milyona-guclendirilebilir\/"},"author":{"name":"Antalya K\u00f6rfez","@id":"https:\/\/denizcankizil.tr\/#\/schema\/person\/e1eb71bb4dd684d46563f0af307e1234"},"headline":"Antalya M\u00fczesi\u2019nin mimarlar\u0131ndan Do\u011fan Tekeli: &#8220;M\u00fcze binas\u0131 100 milyona g\u00fc\u00e7lendirilebilir!&#8221;","datePublished":"2025-07-10T13:41:58+00:00","mainEntityOfPage":{"@id":"https:\/\/denizcankizil.tr\/de\/haberler\/gundem\/antalya-muzesinin-mimarlarindan-dogan-tekeli-muze-binasi-100-milyona-guclendirilebilir\/"},"wordCount":1697,"publisher":{"@id":"https:\/\/denizcankizil.tr\/#organization"},"articleSection":["G\u00fcndem"],"inLanguage":"de"},{"@type":"WebPage","@id":"https:\/\/denizcankizil.tr\/de\/haberler\/gundem\/antalya-muzesinin-mimarlarindan-dogan-tekeli-muze-binasi-100-milyona-guclendirilebilir\/","url":"https:\/\/denizcankizil.tr\/de\/haberler\/gundem\/antalya-muzesinin-mimarlarindan-dogan-tekeli-muze-binasi-100-milyona-guclendirilebilir\/","name":"Antalya M\u00fczesi\u2019nin mimarlar\u0131ndan Do\u011fan Tekeli: \"M\u00fcze binas\u0131 100 milyona g\u00fc\u00e7lendirilebilir!\" - Av. Deniz Can K\u0131z\u0131l","isPartOf":{"@id":"https:\/\/denizcankizil.tr\/#website"},"datePublished":"2025-07-10T13:41:58+00:00","breadcrumb":{"@id":"https:\/\/denizcankizil.tr\/de\/haberler\/gundem\/antalya-muzesinin-mimarlarindan-dogan-tekeli-muze-binasi-100-milyona-guclendirilebilir\/#breadcrumb"},"inLanguage":"de","potentialAction":[{"@type":"ReadAction","target":["https:\/\/denizcankizil.tr\/de\/haberler\/gundem\/antalya-muzesinin-mimarlarindan-dogan-tekeli-muze-binasi-100-milyona-guclendirilebilir\/"]}]},{"@type":"BreadcrumbList","@id":"https:\/\/denizcankizil.tr\/de\/haberler\/gundem\/antalya-muzesinin-mimarlarindan-dogan-tekeli-muze-binasi-100-milyona-guclendirilebilir\/#breadcrumb","itemListElement":[{"@type":"ListItem","position":1,"name":"Home","item":"https:\/\/denizcankizil.tr\/uk\/"},{"@type":"ListItem","position":2,"name":"Antalya M\u00fczesi\u2019nin mimarlar\u0131ndan Do\u011fan Tekeli: &#8220;M\u00fcze binas\u0131 100 milyona g\u00fc\u00e7lendirilebilir!&#8221;"}]},{"@type":"WebSite","@id":"https:\/\/denizcankizil.tr\/#website","url":"https:\/\/denizcankizil.tr\/","name":"Av. Deniz Can K\u0131z\u0131l","description":"Avukat Deniz Can K\u0131z\u0131l Antalya Barosu","publisher":{"@id":"https:\/\/denizcankizil.tr\/#organization"},"potentialAction":[{"@type":"SearchAction","target":{"@type":"EntryPoint","urlTemplate":"https:\/\/denizcankizil.tr\/?s={search_term_string}"},"query-input":{"@type":"PropertyValueSpecification","valueRequired":true,"valueName":"search_term_string"}}],"inLanguage":"de"},{"@type":"Organization","@id":"https:\/\/denizcankizil.tr\/#organization","name":"Av. Deniz Can K\u0131z\u0131l","url":"https:\/\/denizcankizil.tr\/","logo":{"@type":"ImageObject","inLanguage":"de","@id":"https:\/\/denizcankizil.tr\/#\/schema\/logo\/image\/","url":"https:\/\/denizcankizil.tr\/wp-content\/uploads\/2024\/10\/siyah-logo-svg.svg","contentUrl":"https:\/\/denizcankizil.tr\/wp-content\/uploads\/2024\/10\/siyah-logo-svg.svg","width":1080,"height":1080,"caption":"Av. Deniz Can K\u0131z\u0131l"},"image":{"@id":"https:\/\/denizcankizil.tr\/#\/schema\/logo\/image\/"}},{"@type":"Person","@id":"https:\/\/denizcankizil.tr\/#\/schema\/person\/e1eb71bb4dd684d46563f0af307e1234","name":"Antalya K\u00f6rfez","image":{"@type":"ImageObject","inLanguage":"de","@id":"https:\/\/denizcankizil.tr\/#\/schema\/person\/image\/","url":"https:\/\/secure.gravatar.com\/avatar\/42b01982558a48a0b501fdcab6a408d3717ea5919095ee2e67b0e521799c5905?s=96&d=mm&r=g","contentUrl":"https:\/\/secure.gravatar.com\/avatar\/42b01982558a48a0b501fdcab6a408d3717ea5919095ee2e67b0e521799c5905?s=96&d=mm&r=g","caption":"Antalya K\u00f6rfez"},"sameAs":["http:\/\/www.antalyakorfez.com"],"url":"https:\/\/www.antalyakorfez.com\/antalya-muzesinin-mimarlarindan-dogan-tekeli-muze-binasi-100-milyona-guclendirilebilir"}]}},"_links":{"self":[{"href":"https:\/\/denizcankizil.tr\/de\/wp-json\/wp\/v2\/posts\/141776","targetHints":{"allow":["GET"]}}],"collection":[{"href":"https:\/\/denizcankizil.tr\/de\/wp-json\/wp\/v2\/posts"}],"about":[{"href":"https:\/\/denizcankizil.tr\/de\/wp-json\/wp\/v2\/types\/post"}],"author":[{"embeddable":true,"href":"https:\/\/denizcankizil.tr\/de\/wp-json\/wp\/v2\/users\/5"}],"replies":[{"embeddable":true,"href":"https:\/\/denizcankizil.tr\/de\/wp-json\/wp\/v2\/comments?post=141776"}],"version-history":[{"count":0,"href":"https:\/\/denizcankizil.tr\/de\/wp-json\/wp\/v2\/posts\/141776\/revisions"}],"wp:attachment":[{"href":"https:\/\/denizcankizil.tr\/de\/wp-json\/wp\/v2\/media?parent=141776"}],"wp:term":[{"taxonomy":"category","embeddable":true,"href":"https:\/\/denizcankizil.tr\/de\/wp-json\/wp\/v2\/categories?post=141776"},{"taxonomy":"post_tag","embeddable":true,"href":"https:\/\/denizcankizil.tr\/de\/wp-json\/wp\/v2\/tags?post=141776"}],"curies":[{"name":"wp","href":"https:\/\/api.w.org\/{rel}","templated":true}]}}