{"id":141730,"date":"2025-07-10T15:41:20","date_gmt":"2025-07-10T12:41:20","guid":{"rendered":"https:\/\/denizcankizil.tr\/uncategorized-tr\/buyuksehirin-kirsalda-yol-atagi-suruyor\/"},"modified":"2025-07-10T15:41:20","modified_gmt":"2025-07-10T12:41:20","slug":"buyuksehirin-kirsalda-yol-atagi-suruyor","status":"publish","type":"post","link":"https:\/\/denizcankizil.tr\/de\/haberler\/antalya\/buyuksehirin-kirsalda-yol-atagi-suruyor\/","title":{"rendered":"B\u00fcy\u00fck\u015fehir\u2019in K\u0131rsalda Yol Ata\u011f\u0131 S\u00fcr\u00fcyor"},"content":{"rendered":"<p>ANTALYA B\u00fcy\u00fck\u015fehir Belediyesi G\u00fcndo\u011fmu\u015f \u0130l\u00e7esi Pembelik Mahallesi grup yolunu geni\u015fletme ve alt yap\u0131 \u00e7al\u0131\u015fmalar\u0131ndan sonra asfaltla kapl\u0131yor. 4 kilometrelik yol, hem geni\u015fledi hem de asfalta kavu\u015ftu.<\/p>\n<p>Antalya B\u00fcy\u00fck\u015fehir Belediyesi K\u0131rsal Hizmetler Dairesi Ba\u015fkanl\u0131\u011f\u0131, sorumluluk alan\u0131 i\u00e7erisinde bulunan grup yollar\u0131nda bak\u0131m-onar\u0131m, \u015farampol temizli\u011fi, yol a\u00e7ma ve geni\u015fletme \u00e7al\u0131\u015fmalar\u0131n\u0131 s\u00fcrd\u00fcr\u00fcyor. Daha \u00f6nce iki arac\u0131n yan yana ge\u00e7mekte zorland\u0131\u011f\u0131 ve olumsuz hava ko\u015fullar\u0131 sebebiyle \u00fczerinde \u00e7e\u015fitli \u00e7ukurlar olu\u015fan, deforme olmu\u015f yol i\u00e7in y\u0131llard\u0131r ma\u011fdur olan mahalle sakinlerinin talepleri do\u011frultusunda B\u00fcy\u00fck\u015fehir Belediyesi ekipleri harekete ge\u00e7ti. \u0130lk olarak yol geni\u015fletme ve altyap\u0131 \u00e7al\u0131\u015fmalar\u0131 kapsam\u0131nda g\u00f6r\u00fc\u015f a\u00e7\u0131s\u0131 yetersiz olan keskin virajlar d\u00fczeltilirken, yolun dar yerlerinde de geni\u015fletme \u00e7al\u0131\u015fmas\u0131 ger\u00e7ekle\u015ftirdi. \u00c7al\u0131\u015fmalar\u0131n bitmesi ile yol, sathi kaplama ile bulu\u015fturuldu.<\/p>\n<p>&#8216;YOL GEN\u0130\u015eLETME VE ALT YAPI \u00c7ALI\u015eMASI YAPILDI&#8217;<\/p>\n<p>Antalya B\u00fcy\u00fck\u015fehir Belediyesi K\u0131rsal Hizmetler sorumlusu \u0130sa Akdemir, yolun, daha \u00f6nce dar ve bozuk olan yap\u0131s\u0131 nedeniyle ula\u015f\u0131mda zorluklar ya\u015fand\u0131\u011f\u0131n\u0131 s\u00f6yleyerek, &#8220;Pembelik mahalle yolu bir arac\u0131n bile zor ge\u00e7ti\u011fi bozuk bir yoldu. 10 milyon lira maliyetli \u00e7al\u0131\u015fmayla 4 kilometrelik yolu yeniden yapt\u0131k diyebiliriz. Yol geni\u015fletme ve alt yap\u0131 \u00e7al\u0131\u015fmas\u0131 yap\u0131ld\u0131. Daha sonra da 4 kilometrelik yol sathi asfalt kaplama \u00e7al\u0131\u015fmas\u0131yla konforlu ula\u015f\u0131ma kavu\u015ftu&#8221; diye konu\u015ftu.<\/p>\n<p>Yollar\u0131n\u0131n dar olmas\u0131ndan kaynakl\u0131 ambulans ve itfaiyenin dahi k\u00f6ylerine giremedi\u011fini ifade eden Pembelik Mahalle sakinleri, arabalar\u0131n yolda kal\u0131p \u00e7ekicilerin kurtard\u0131\u011f\u0131n\u0131 s\u00f6yleyerek, yeni yoldan dolay\u0131 mutlu olduklar\u0131n\u0131 s\u00f6yledi.<\/p>\n<p>Kaynak: www.kanalv.com.tr Haber Sitesinden Al\u0131nm\u0131\u015ft\u0131r.<\/p>","protected":false},"excerpt":{"rendered":"<p>ANTALYA B\u00fcy\u00fck\u015fehir Belediyesi G\u00fcndo\u011fmu\u015f \u0130l\u00e7esi Pembelik Mahallesi grup yolunu geni\u015fletme ve alt yap\u0131 \u00e7al\u0131\u015fmalar\u0131ndan sonra asfaltla kapl\u0131yor. 4 kilometrelik yol, hem geni\u015fledi hem de asfalta kavu\u015ftu. Antalya B\u00fcy\u00fck\u015fehir Belediyesi K\u0131rsal Hizmetler Dairesi Ba\u015fkanl\u0131\u011f\u0131, sorumluluk alan\u0131 i\u00e7erisinde bulunan grup yollar\u0131nda bak\u0131m-onar\u0131m, \u015farampol temizli\u011fi, yol a\u00e7ma ve geni\u015fletme \u00e7al\u0131\u015fmalar\u0131n\u0131 s\u00fcrd\u00fcr\u00fcyor. Daha \u00f6nce iki arac\u0131n yan yana ge\u00e7mekte zorland\u0131\u011f\u0131 ve olumsuz hava ko\u015fullar\u0131 sebebiyle \u00fczerinde \u00e7e\u015fitli \u00e7ukurlar olu\u015fan, deforme olmu\u015f yol i\u00e7in y\u0131llard\u0131r ma\u011fdur olan mahalle sakinlerinin talepleri do\u011frultusunda B\u00fcy\u00fck\u015fehir Belediyesi ekipleri harekete ge\u00e7ti. \u0130lk olarak yol geni\u015fletme ve altyap\u0131 \u00e7al\u0131\u015fmalar\u0131 kapsam\u0131nda g\u00f6r\u00fc\u015f a\u00e7\u0131s\u0131 yetersiz olan keskin virajlar d\u00fczeltilirken, yolun dar yerlerinde de geni\u015fletme \u00e7al\u0131\u015fmas\u0131 ger\u00e7ekle\u015ftirdi. \u00c7al\u0131\u015fmalar\u0131n bitmesi ile yol, sathi kaplama ile bulu\u015fturuldu. &#8216;YOL GEN\u0130\u015eLETME VE ALT YAPI \u00c7ALI\u015eMASI YAPILDI&#8217; Antalya B\u00fcy\u00fck\u015fehir Belediyesi K\u0131rsal Hizmetler sorumlusu \u0130sa Akdemir, yolun, daha \u00f6nce dar ve bozuk olan yap\u0131s\u0131 nedeniyle ula\u015f\u0131mda zorluklar ya\u015fand\u0131\u011f\u0131n\u0131 s\u00f6yleyerek, &#8220;Pembelik mahalle yolu bir arac\u0131n bile zor ge\u00e7ti\u011fi bozuk bir yoldu. 10 milyon lira maliyetli \u00e7al\u0131\u015fmayla 4 kilometrelik yolu yeniden yapt\u0131k diyebiliriz. Yol geni\u015fletme ve alt yap\u0131 \u00e7al\u0131\u015fmas\u0131 yap\u0131ld\u0131. Daha sonra da 4 kilometrelik yol sathi asfalt kaplama \u00e7al\u0131\u015fmas\u0131yla konforlu ula\u015f\u0131ma kavu\u015ftu&#8221; diye konu\u015ftu. Yollar\u0131n\u0131n dar olmas\u0131ndan kaynakl\u0131 ambulans ve itfaiyenin dahi k\u00f6ylerine giremedi\u011fini ifade eden Pembelik Mahalle sakinleri, arabalar\u0131n yolda &hellip;<\/p>","protected":false},"author":4,"featured_media":0,"comment_status":"","ping_status":"open","sticky":false,"template":"","format":"standard","meta":{"_acf_changed":false,"footnotes":""},"categories":[26],"tags":[],"class_list":["post-141730","post","type-post","status-publish","format-standard","hentry","category-antalya"],"acf":[],"yoast_head":"<!-- This site is optimized with the Yoast SEO Premium plugin v26.6 (Yoast SEO v27.1.1) - https:\/\/yoast.com\/product\/yoast-seo-premium-wordpress\/ -->\n<title>B\u00fcy\u00fck\u015fehir\u2019in K\u0131rsalda Yol Ata\u011f\u0131 S\u00fcr\u00fcyor - Av. Deniz Can K\u0131z\u0131l<\/title>\n<meta name=\"robots\" content=\"index, follow, max-snippet:-1, max-image-preview:large, max-video-preview:-1\" \/>\n<link rel=\"canonical\" href=\"https:\/\/denizcankizil.tr\/de\/haberler\/antalya\/buyuksehirin-kirsalda-yol-atagi-suruyor\/\" \/>\n<meta property=\"og:locale\" content=\"de_DE\" \/>\n<meta property=\"og:type\" content=\"article\" \/>\n<meta property=\"og:title\" content=\"B\u00fcy\u00fck\u015fehir\u2019in K\u0131rsalda Yol Ata\u011f\u0131 S\u00fcr\u00fcyor\" \/>\n<meta property=\"og:description\" content=\"ANTALYA B\u00fcy\u00fck\u015fehir Belediyesi G\u00fcndo\u011fmu\u015f \u0130l\u00e7esi Pembelik Mahallesi grup yolunu geni\u015fletme ve alt yap\u0131 \u00e7al\u0131\u015fmalar\u0131ndan sonra asfaltla kapl\u0131yor. 4 kilometrelik yol, hem geni\u015fledi hem de asfalta kavu\u015ftu. Antalya B\u00fcy\u00fck\u015fehir Belediyesi K\u0131rsal Hizmetler Dairesi Ba\u015fkanl\u0131\u011f\u0131, sorumluluk alan\u0131 i\u00e7erisinde bulunan grup yollar\u0131nda bak\u0131m-onar\u0131m, \u015farampol temizli\u011fi, yol a\u00e7ma ve geni\u015fletme \u00e7al\u0131\u015fmalar\u0131n\u0131 s\u00fcrd\u00fcr\u00fcyor. Daha \u00f6nce iki arac\u0131n yan yana ge\u00e7mekte zorland\u0131\u011f\u0131 ve olumsuz hava ko\u015fullar\u0131 sebebiyle \u00fczerinde \u00e7e\u015fitli \u00e7ukurlar olu\u015fan, deforme olmu\u015f yol i\u00e7in y\u0131llard\u0131r ma\u011fdur olan mahalle sakinlerinin talepleri do\u011frultusunda B\u00fcy\u00fck\u015fehir Belediyesi ekipleri harekete ge\u00e7ti. \u0130lk olarak yol geni\u015fletme ve altyap\u0131 \u00e7al\u0131\u015fmalar\u0131 kapsam\u0131nda g\u00f6r\u00fc\u015f a\u00e7\u0131s\u0131 yetersiz olan keskin virajlar d\u00fczeltilirken, yolun dar yerlerinde de geni\u015fletme \u00e7al\u0131\u015fmas\u0131 ger\u00e7ekle\u015ftirdi. \u00c7al\u0131\u015fmalar\u0131n bitmesi ile yol, sathi kaplama ile bulu\u015fturuldu. &#8216;YOL GEN\u0130\u015eLETME VE ALT YAPI \u00c7ALI\u015eMASI YAPILDI&#8217; Antalya B\u00fcy\u00fck\u015fehir Belediyesi K\u0131rsal Hizmetler sorumlusu \u0130sa Akdemir, yolun, daha \u00f6nce dar ve bozuk olan yap\u0131s\u0131 nedeniyle ula\u015f\u0131mda zorluklar ya\u015fand\u0131\u011f\u0131n\u0131 s\u00f6yleyerek, &#8220;Pembelik mahalle yolu bir arac\u0131n bile zor ge\u00e7ti\u011fi bozuk bir yoldu. 10 milyon lira maliyetli \u00e7al\u0131\u015fmayla 4 kilometrelik yolu yeniden yapt\u0131k diyebiliriz. Yol geni\u015fletme ve alt yap\u0131 \u00e7al\u0131\u015fmas\u0131 yap\u0131ld\u0131. Daha sonra da 4 kilometrelik yol sathi asfalt kaplama \u00e7al\u0131\u015fmas\u0131yla konforlu ula\u015f\u0131ma kavu\u015ftu&#8221; diye konu\u015ftu. Yollar\u0131n\u0131n dar olmas\u0131ndan kaynakl\u0131 ambulans ve itfaiyenin dahi k\u00f6ylerine giremedi\u011fini ifade eden Pembelik Mahalle sakinleri, arabalar\u0131n yolda &hellip;\" \/>\n<meta property=\"og:url\" content=\"https:\/\/denizcankizil.tr\/de\/haberler\/antalya\/buyuksehirin-kirsalda-yol-atagi-suruyor\/\" \/>\n<meta property=\"og:site_name\" content=\"Av. Deniz Can K\u0131z\u0131l\" \/>\n<meta property=\"article:published_time\" content=\"2025-07-10T12:41:20+00:00\" \/>\n<meta name=\"author\" content=\"Av. Deniz Can K\u0131z\u0131l\" \/>\n<meta name=\"twitter:card\" content=\"summary_large_image\" \/>\n<meta name=\"twitter:label1\" content=\"Verfasst von\" \/>\n\t<meta name=\"twitter:data1\" content=\"Av. Deniz Can K\u0131z\u0131l\" \/>\n\t<meta name=\"twitter:label2\" content=\"Gesch\u00e4tzte Lesezeit\" \/>\n\t<meta name=\"twitter:data2\" content=\"2\u00a0Minuten\" \/>\n<script type=\"application\/ld+json\" class=\"yoast-schema-graph\">{\"@context\":\"https:\/\/schema.org\",\"@graph\":[{\"@type\":\"Article\",\"@id\":\"https:\/\/denizcankizil.tr\/en\/haberler\/antalya\/buyuksehirin-kirsalda-yol-atagi-suruyor\/#article\",\"isPartOf\":{\"@id\":\"https:\/\/denizcankizil.tr\/en\/haberler\/antalya\/buyuksehirin-kirsalda-yol-atagi-suruyor\/\"},\"author\":{\"name\":\"Av. Deniz Can K\u0131z\u0131l\",\"@id\":\"https:\/\/denizcankizil.tr\/de\/#\/schema\/person\/5dc1b22991bd7ac833867c10afc9b0ff\"},\"headline\":\"B\u00fcy\u00fck\u015fehir\u2019in K\u0131rsalda Yol Ata\u011f\u0131 S\u00fcr\u00fcyor\",\"datePublished\":\"2025-07-10T12:41:20+00:00\",\"mainEntityOfPage\":{\"@id\":\"https:\/\/denizcankizil.tr\/en\/haberler\/antalya\/buyuksehirin-kirsalda-yol-atagi-suruyor\/\"},\"wordCount\":320,\"publisher\":{\"@id\":\"https:\/\/denizcankizil.tr\/de\/#organization\"},\"articleSection\":[\"Antalya\"],\"inLanguage\":\"de\"},{\"@type\":\"WebPage\",\"@id\":\"https:\/\/denizcankizil.tr\/en\/haberler\/antalya\/buyuksehirin-kirsalda-yol-atagi-suruyor\/\",\"url\":\"https:\/\/denizcankizil.tr\/en\/haberler\/antalya\/buyuksehirin-kirsalda-yol-atagi-suruyor\/\",\"name\":\"B\u00fcy\u00fck\u015fehir\u2019in K\u0131rsalda Yol Ata\u011f\u0131 S\u00fcr\u00fcyor - Av. Deniz Can K\u0131z\u0131l\",\"isPartOf\":{\"@id\":\"https:\/\/denizcankizil.tr\/de\/#website\"},\"datePublished\":\"2025-07-10T12:41:20+00:00\",\"breadcrumb\":{\"@id\":\"https:\/\/denizcankizil.tr\/en\/haberler\/antalya\/buyuksehirin-kirsalda-yol-atagi-suruyor\/#breadcrumb\"},\"inLanguage\":\"de\",\"potentialAction\":[{\"@type\":\"ReadAction\",\"target\":[\"https:\/\/denizcankizil.tr\/en\/haberler\/antalya\/buyuksehirin-kirsalda-yol-atagi-suruyor\/\"]}]},{\"@type\":\"BreadcrumbList\",\"@id\":\"https:\/\/denizcankizil.tr\/en\/haberler\/antalya\/buyuksehirin-kirsalda-yol-atagi-suruyor\/#breadcrumb\",\"itemListElement\":[{\"@type\":\"ListItem\",\"position\":1,\"name\":\"Home\",\"item\":\"https:\/\/denizcankizil.tr\/de\/\"},{\"@type\":\"ListItem\",\"position\":2,\"name\":\"B\u00fcy\u00fck\u015fehir\u2019in K\u0131rsalda Yol Ata\u011f\u0131 S\u00fcr\u00fcyor\"}]},{\"@type\":\"WebSite\",\"@id\":\"https:\/\/denizcankizil.tr\/de\/#website\",\"url\":\"https:\/\/denizcankizil.tr\/de\/\",\"name\":\"Av. Deniz Can K\u0131z\u0131l\",\"description\":\"Avukat Deniz Can K\u0131z\u0131l Antalya Barosu\",\"publisher\":{\"@id\":\"https:\/\/denizcankizil.tr\/de\/#organization\"},\"potentialAction\":[{\"@type\":\"SearchAction\",\"target\":{\"@type\":\"EntryPoint\",\"urlTemplate\":\"https:\/\/denizcankizil.tr\/de\/?s={search_term_string}\"},\"query-input\":{\"@type\":\"PropertyValueSpecification\",\"valueRequired\":true,\"valueName\":\"search_term_string\"}}],\"inLanguage\":\"de\"},{\"@type\":\"Organization\",\"@id\":\"https:\/\/denizcankizil.tr\/de\/#organization\",\"name\":\"Av. Deniz Can K\u0131z\u0131l\",\"url\":\"https:\/\/denizcankizil.tr\/de\/\",\"logo\":{\"@type\":\"ImageObject\",\"inLanguage\":\"de\",\"@id\":\"https:\/\/denizcankizil.tr\/de\/#\/schema\/logo\/image\/\",\"url\":\"https:\/\/denizcankizil.tr\/wp-content\/uploads\/2024\/10\/siyah-logo-svg.svg\",\"contentUrl\":\"https:\/\/denizcankizil.tr\/wp-content\/uploads\/2024\/10\/siyah-logo-svg.svg\",\"width\":1080,\"height\":1080,\"caption\":\"Av. Deniz Can K\u0131z\u0131l\"},\"image\":{\"@id\":\"https:\/\/denizcankizil.tr\/de\/#\/schema\/logo\/image\/\"}},{\"@type\":\"Person\",\"@id\":\"https:\/\/denizcankizil.tr\/de\/#\/schema\/person\/5dc1b22991bd7ac833867c10afc9b0ff\",\"name\":\"Av. Deniz Can K\u0131z\u0131l\",\"image\":{\"@type\":\"ImageObject\",\"inLanguage\":\"de\",\"@id\":\"https:\/\/denizcankizil.tr\/de\/#\/schema\/person\/image\/\",\"url\":\"https:\/\/secure.gravatar.com\/avatar\/a0b128fb9855c79efc976d5640eedb31dc35ec297594d6016d2cf7c60e975bb6?s=96&d=mm&r=g\",\"contentUrl\":\"https:\/\/secure.gravatar.com\/avatar\/a0b128fb9855c79efc976d5640eedb31dc35ec297594d6016d2cf7c60e975bb6?s=96&d=mm&r=g\",\"caption\":\"Av. Deniz Can K\u0131z\u0131l\"},\"sameAs\":[\"http:\/\/www.denizcankizil.tr\"],\"url\":\"https:\/\/denizcankizil.tr\/de\/author\/denizcankizil\/\"}]}<\/script>\n<!-- \/ Yoast SEO Premium plugin. -->","yoast_head_json":{"title":"B\u00fcy\u00fck\u015fehir\u2019in K\u0131rsalda Yol Ata\u011f\u0131 S\u00fcr\u00fcyor - Av. Deniz Can K\u0131z\u0131l","robots":{"index":"index","follow":"follow","max-snippet":"max-snippet:-1","max-image-preview":"max-image-preview:large","max-video-preview":"max-video-preview:-1"},"canonical":"https:\/\/denizcankizil.tr\/de\/haberler\/antalya\/buyuksehirin-kirsalda-yol-atagi-suruyor\/","og_locale":"de_DE","og_type":"article","og_title":"B\u00fcy\u00fck\u015fehir\u2019in K\u0131rsalda Yol Ata\u011f\u0131 S\u00fcr\u00fcyor","og_description":"ANTALYA B\u00fcy\u00fck\u015fehir Belediyesi G\u00fcndo\u011fmu\u015f \u0130l\u00e7esi Pembelik Mahallesi grup yolunu geni\u015fletme ve alt yap\u0131 \u00e7al\u0131\u015fmalar\u0131ndan sonra asfaltla kapl\u0131yor. 4 kilometrelik yol, hem geni\u015fledi hem de asfalta kavu\u015ftu. Antalya B\u00fcy\u00fck\u015fehir Belediyesi K\u0131rsal Hizmetler Dairesi Ba\u015fkanl\u0131\u011f\u0131, sorumluluk alan\u0131 i\u00e7erisinde bulunan grup yollar\u0131nda bak\u0131m-onar\u0131m, \u015farampol temizli\u011fi, yol a\u00e7ma ve geni\u015fletme \u00e7al\u0131\u015fmalar\u0131n\u0131 s\u00fcrd\u00fcr\u00fcyor. Daha \u00f6nce iki arac\u0131n yan yana ge\u00e7mekte zorland\u0131\u011f\u0131 ve olumsuz hava ko\u015fullar\u0131 sebebiyle \u00fczerinde \u00e7e\u015fitli \u00e7ukurlar olu\u015fan, deforme olmu\u015f yol i\u00e7in y\u0131llard\u0131r ma\u011fdur olan mahalle sakinlerinin talepleri do\u011frultusunda B\u00fcy\u00fck\u015fehir Belediyesi ekipleri harekete ge\u00e7ti. \u0130lk olarak yol geni\u015fletme ve altyap\u0131 \u00e7al\u0131\u015fmalar\u0131 kapsam\u0131nda g\u00f6r\u00fc\u015f a\u00e7\u0131s\u0131 yetersiz olan keskin virajlar d\u00fczeltilirken, yolun dar yerlerinde de geni\u015fletme \u00e7al\u0131\u015fmas\u0131 ger\u00e7ekle\u015ftirdi. \u00c7al\u0131\u015fmalar\u0131n bitmesi ile yol, sathi kaplama ile bulu\u015fturuldu. &#8216;YOL GEN\u0130\u015eLETME VE ALT YAPI \u00c7ALI\u015eMASI YAPILDI&#8217; Antalya B\u00fcy\u00fck\u015fehir Belediyesi K\u0131rsal Hizmetler sorumlusu \u0130sa Akdemir, yolun, daha \u00f6nce dar ve bozuk olan yap\u0131s\u0131 nedeniyle ula\u015f\u0131mda zorluklar ya\u015fand\u0131\u011f\u0131n\u0131 s\u00f6yleyerek, &#8220;Pembelik mahalle yolu bir arac\u0131n bile zor ge\u00e7ti\u011fi bozuk bir yoldu. 10 milyon lira maliyetli \u00e7al\u0131\u015fmayla 4 kilometrelik yolu yeniden yapt\u0131k diyebiliriz. Yol geni\u015fletme ve alt yap\u0131 \u00e7al\u0131\u015fmas\u0131 yap\u0131ld\u0131. Daha sonra da 4 kilometrelik yol sathi asfalt kaplama \u00e7al\u0131\u015fmas\u0131yla konforlu ula\u015f\u0131ma kavu\u015ftu&#8221; diye konu\u015ftu. Yollar\u0131n\u0131n dar olmas\u0131ndan kaynakl\u0131 ambulans ve itfaiyenin dahi k\u00f6ylerine giremedi\u011fini ifade eden Pembelik Mahalle sakinleri, arabalar\u0131n yolda &hellip;","og_url":"https:\/\/denizcankizil.tr\/de\/haberler\/antalya\/buyuksehirin-kirsalda-yol-atagi-suruyor\/","og_site_name":"Av. Deniz Can K\u0131z\u0131l","article_published_time":"2025-07-10T12:41:20+00:00","author":"Av. Deniz Can K\u0131z\u0131l","twitter_card":"summary_large_image","twitter_misc":{"Verfasst von":"Av. Deniz Can K\u0131z\u0131l","Gesch\u00e4tzte Lesezeit":"2\u00a0Minuten"},"schema":{"@context":"https:\/\/schema.org","@graph":[{"@type":"Article","@id":"https:\/\/denizcankizil.tr\/en\/haberler\/antalya\/buyuksehirin-kirsalda-yol-atagi-suruyor\/#article","isPartOf":{"@id":"https:\/\/denizcankizil.tr\/en\/haberler\/antalya\/buyuksehirin-kirsalda-yol-atagi-suruyor\/"},"author":{"name":"Av. Deniz Can K\u0131z\u0131l","@id":"https:\/\/denizcankizil.tr\/de\/#\/schema\/person\/5dc1b22991bd7ac833867c10afc9b0ff"},"headline":"B\u00fcy\u00fck\u015fehir\u2019in K\u0131rsalda Yol Ata\u011f\u0131 S\u00fcr\u00fcyor","datePublished":"2025-07-10T12:41:20+00:00","mainEntityOfPage":{"@id":"https:\/\/denizcankizil.tr\/en\/haberler\/antalya\/buyuksehirin-kirsalda-yol-atagi-suruyor\/"},"wordCount":320,"publisher":{"@id":"https:\/\/denizcankizil.tr\/de\/#organization"},"articleSection":["Antalya"],"inLanguage":"de"},{"@type":"WebPage","@id":"https:\/\/denizcankizil.tr\/en\/haberler\/antalya\/buyuksehirin-kirsalda-yol-atagi-suruyor\/","url":"https:\/\/denizcankizil.tr\/en\/haberler\/antalya\/buyuksehirin-kirsalda-yol-atagi-suruyor\/","name":"B\u00fcy\u00fck\u015fehir\u2019in K\u0131rsalda Yol Ata\u011f\u0131 S\u00fcr\u00fcyor - Av. Deniz Can K\u0131z\u0131l","isPartOf":{"@id":"https:\/\/denizcankizil.tr\/de\/#website"},"datePublished":"2025-07-10T12:41:20+00:00","breadcrumb":{"@id":"https:\/\/denizcankizil.tr\/en\/haberler\/antalya\/buyuksehirin-kirsalda-yol-atagi-suruyor\/#breadcrumb"},"inLanguage":"de","potentialAction":[{"@type":"ReadAction","target":["https:\/\/denizcankizil.tr\/en\/haberler\/antalya\/buyuksehirin-kirsalda-yol-atagi-suruyor\/"]}]},{"@type":"BreadcrumbList","@id":"https:\/\/denizcankizil.tr\/en\/haberler\/antalya\/buyuksehirin-kirsalda-yol-atagi-suruyor\/#breadcrumb","itemListElement":[{"@type":"ListItem","position":1,"name":"Home","item":"https:\/\/denizcankizil.tr\/de\/"},{"@type":"ListItem","position":2,"name":"B\u00fcy\u00fck\u015fehir\u2019in K\u0131rsalda Yol Ata\u011f\u0131 S\u00fcr\u00fcyor"}]},{"@type":"WebSite","@id":"https:\/\/denizcankizil.tr\/de\/#website","url":"https:\/\/denizcankizil.tr\/de\/","name":"Av. Deniz Can K\u0131z\u0131l","description":"Avukat Deniz Can K\u0131z\u0131l Antalya Barosu","publisher":{"@id":"https:\/\/denizcankizil.tr\/de\/#organization"},"potentialAction":[{"@type":"SearchAction","target":{"@type":"EntryPoint","urlTemplate":"https:\/\/denizcankizil.tr\/de\/?s={search_term_string}"},"query-input":{"@type":"PropertyValueSpecification","valueRequired":true,"valueName":"search_term_string"}}],"inLanguage":"de"},{"@type":"Organization","@id":"https:\/\/denizcankizil.tr\/de\/#organization","name":"Av. Deniz Can K\u0131z\u0131l","url":"https:\/\/denizcankizil.tr\/de\/","logo":{"@type":"ImageObject","inLanguage":"de","@id":"https:\/\/denizcankizil.tr\/de\/#\/schema\/logo\/image\/","url":"https:\/\/denizcankizil.tr\/wp-content\/uploads\/2024\/10\/siyah-logo-svg.svg","contentUrl":"https:\/\/denizcankizil.tr\/wp-content\/uploads\/2024\/10\/siyah-logo-svg.svg","width":1080,"height":1080,"caption":"Av. Deniz Can K\u0131z\u0131l"},"image":{"@id":"https:\/\/denizcankizil.tr\/de\/#\/schema\/logo\/image\/"}},{"@type":"Person","@id":"https:\/\/denizcankizil.tr\/de\/#\/schema\/person\/5dc1b22991bd7ac833867c10afc9b0ff","name":"Av. Deniz Can K\u0131z\u0131l","image":{"@type":"ImageObject","inLanguage":"de","@id":"https:\/\/denizcankizil.tr\/de\/#\/schema\/person\/image\/","url":"https:\/\/secure.gravatar.com\/avatar\/a0b128fb9855c79efc976d5640eedb31dc35ec297594d6016d2cf7c60e975bb6?s=96&d=mm&r=g","contentUrl":"https:\/\/secure.gravatar.com\/avatar\/a0b128fb9855c79efc976d5640eedb31dc35ec297594d6016d2cf7c60e975bb6?s=96&d=mm&r=g","caption":"Av. Deniz Can K\u0131z\u0131l"},"sameAs":["http:\/\/www.denizcankizil.tr"],"url":"https:\/\/denizcankizil.tr\/de\/author\/denizcankizil\/"}]}},"_links":{"self":[{"href":"https:\/\/denizcankizil.tr\/de\/wp-json\/wp\/v2\/posts\/141730","targetHints":{"allow":["GET"]}}],"collection":[{"href":"https:\/\/denizcankizil.tr\/de\/wp-json\/wp\/v2\/posts"}],"about":[{"href":"https:\/\/denizcankizil.tr\/de\/wp-json\/wp\/v2\/types\/post"}],"author":[{"embeddable":true,"href":"https:\/\/denizcankizil.tr\/de\/wp-json\/wp\/v2\/users\/4"}],"replies":[{"embeddable":true,"href":"https:\/\/denizcankizil.tr\/de\/wp-json\/wp\/v2\/comments?post=141730"}],"version-history":[{"count":0,"href":"https:\/\/denizcankizil.tr\/de\/wp-json\/wp\/v2\/posts\/141730\/revisions"}],"wp:attachment":[{"href":"https:\/\/denizcankizil.tr\/de\/wp-json\/wp\/v2\/media?parent=141730"}],"wp:term":[{"taxonomy":"category","embeddable":true,"href":"https:\/\/denizcankizil.tr\/de\/wp-json\/wp\/v2\/categories?post=141730"},{"taxonomy":"post_tag","embeddable":true,"href":"https:\/\/denizcankizil.tr\/de\/wp-json\/wp\/v2\/tags?post=141730"}],"curies":[{"name":"wp","href":"https:\/\/api.w.org\/{rel}","templated":true}]}}