{"id":140871,"date":"2025-07-09T17:41:20","date_gmt":"2025-07-09T14:41:20","guid":{"rendered":"https:\/\/denizcankizil.tr\/uncategorized-tr\/manavgat-belediyesinden-aciklama-baskan-gorevine-donecek-hizmetler-aksamayacak\/"},"modified":"2025-07-09T17:41:20","modified_gmt":"2025-07-09T14:41:20","slug":"manavgat-belediyesinden-aciklama-baskan-gorevine-donecek-hizmetler-aksamayacak","status":"publish","type":"post","link":"https:\/\/denizcankizil.tr\/de\/haberler\/gundem\/manavgat-belediyesinden-aciklama-baskan-gorevine-donecek-hizmetler-aksamayacak\/","title":{"rendered":"Manavgat Belediyesi&#8217;nden a\u00e7\u0131klama: Ba\u015fkan g\u00f6revine d\u00f6necek, hizmetler aksamayacak!"},"content":{"rendered":"<p>Manavgat Belediyesi, 4 Temmuz 2025 Cuma g\u00fcn\u00fc Manavgat Belediye Ba\u015fkan\u0131 Niyazi Nefi Kara&#8217;n\u0131n da aralar\u0131nda bulundu\u011fu baz\u0131 isimlerle ilgili ba\u015flat\u0131lan adli s\u00fcreci dikkatle ve hassasiyetle takip ettiklerini duyurdu. Belediyeden yap\u0131lan a\u00e7\u0131klamada, s\u00fcrecin en k\u0131sa s\u00fcrede \u015feffaf bir bi\u00e7imde sonu\u00e7lanarak Belediye Ba\u015fkan\u0131 Niyazi Nefi Kara&#8217;n\u0131n g\u00f6revine d\u00f6nece\u011fine inan\u00e7 tam oldu\u011fu belirtildi.<\/p>\n<p>H\u0130ZMETLER KES\u0130NT\u0130S\u0130Z DEVAM ED\u0130YOR<\/p>\n<p>A\u00e7\u0131klamada, Manavgat Belediyesi olarak 250 bini a\u015fk\u0131n vatanda\u015fa kar\u015f\u0131 sorumluluk bilinciyle hareket edildi\u011fi ve hizmetlerin hi\u00e7bir aksama olmaks\u0131z\u0131n s\u00fcrd\u00fcr\u00fcld\u00fc\u011f\u00fc vurguland\u0131. Devlette devaml\u0131l\u0131k ilkesi gere\u011fi, belediyenin t\u00fcm birimlerinin halka kesintisiz ve kaliteli hizmet sunmaya devam etti\u011fi ifade edildi. Kurumsal haf\u0131za, \u00e7al\u0131\u015fma disiplini ve ortak de\u011ferlerle Manavgat&#8217;a ve gelece\u011fe sahip \u00e7\u0131k\u0131lmaya devam edilece\u011fi belirtildi.<\/p>\n<p>SA\u011eDUYU VE DAYANI\u015eMA VURGUSU<\/p>\n<p>Belediye, bu s\u00fcre\u00e7te sa\u011fduyulu ve dayan\u0131\u015fma i\u00e7inde olman\u0131n ortak sorumluluk oldu\u011funun alt\u0131n\u0131 \u00e7izdi. Manavgat halk\u0131na duyulan g\u00fcvenle, \u015fehre olan ba\u011fl\u0131l\u0131\u011f\u0131n ve g\u00f6reve olan sadakatin ayn\u0131 ciddiyetle s\u00fcrd\u00fcr\u00fclece\u011fi \u00f6nemle vurguland\u0131.<\/p>\n<p>ASILSIZ A\u00c7IKLAMALARA D\u0130KKAT \u00c7A\u011eRISI<\/p>\n<p>T\u00fcm kamuoyunu resmi kurumlar d\u0131\u015f\u0131nda yap\u0131lan as\u0131ls\u0131z, y\u00f6nlendirici ve bilgi kirlili\u011fi i\u00e7eren a\u00e7\u0131klamalara kar\u015f\u0131 dikkatli olmaya davet eden Manavgat Belediyesi, s\u00fcrecin hukuk zemininde ve itidalle y\u00fcr\u00fct\u00fclmesinin toplumsal bar\u0131\u015f a\u00e7\u0131s\u0131ndan \u00f6nemine inand\u0131klar\u0131n\u0131 belirtti. A\u00e7\u0131klama, adaletin ve hakk\u0131n en k\u0131sa s\u00fcrede yerini bulaca\u011f\u0131na olan inan\u00e7la sona erdi.<\/p>\n<p>\u200bManavgat Belediyesi, 4 Temmuz&#8217;da ba\u015flat\u0131lan adli s\u00fcrecin ard\u0131ndan a\u00e7\u0131klama yapt\u0131. A\u00e7\u0131klamada, tutuklanan Belediye Ba\u015fkan\u0131 Niyazi Nefi Kara&#8217;n\u0131n g\u00f6revine d\u00f6nece\u011fi vurgulan\u0131rken, bu s\u00fcre\u00e7te belediye hizmetlerinin kesintisiz devam edece\u011fi belirtildi.\u00a0<\/p>\n<p>\u200bHaberin Al\u0131nt\u0131land\u0131\u011f\u0131 Kaynak: www.antalyakorfez.com<\/p>","protected":false},"excerpt":{"rendered":"<p>Manavgat Belediyesi, 4 Temmuz 2025 Cuma g\u00fcn\u00fc Manavgat Belediye Ba\u015fkan\u0131 Niyazi Nefi Kara&#8217;n\u0131n da aralar\u0131nda bulundu\u011fu baz\u0131 isimlerle ilgili ba\u015flat\u0131lan adli s\u00fcreci dikkatle ve hassasiyetle takip ettiklerini duyurdu. Belediyeden yap\u0131lan a\u00e7\u0131klamada, s\u00fcrecin en k\u0131sa s\u00fcrede \u015feffaf bir bi\u00e7imde sonu\u00e7lanarak Belediye Ba\u015fkan\u0131 Niyazi Nefi Kara&#8217;n\u0131n g\u00f6revine d\u00f6nece\u011fine inan\u00e7 tam oldu\u011fu belirtildi. H\u0130ZMETLER KES\u0130NT\u0130S\u0130Z DEVAM ED\u0130YOR A\u00e7\u0131klamada, Manavgat Belediyesi olarak 250 bini a\u015fk\u0131n vatanda\u015fa kar\u015f\u0131 sorumluluk bilinciyle hareket edildi\u011fi ve hizmetlerin hi\u00e7bir aksama olmaks\u0131z\u0131n s\u00fcrd\u00fcr\u00fcld\u00fc\u011f\u00fc vurguland\u0131. Devlette devaml\u0131l\u0131k ilkesi gere\u011fi, belediyenin t\u00fcm birimlerinin halka kesintisiz ve kaliteli hizmet sunmaya devam etti\u011fi ifade edildi. Kurumsal haf\u0131za, \u00e7al\u0131\u015fma disiplini ve ortak de\u011ferlerle Manavgat&#8217;a ve gelece\u011fe sahip \u00e7\u0131k\u0131lmaya devam edilece\u011fi belirtildi. SA\u011eDUYU VE DAYANI\u015eMA VURGUSU Belediye, bu s\u00fcre\u00e7te sa\u011fduyulu ve dayan\u0131\u015fma i\u00e7inde olman\u0131n ortak sorumluluk oldu\u011funun alt\u0131n\u0131 \u00e7izdi. Manavgat halk\u0131na duyulan g\u00fcvenle, \u015fehre olan ba\u011fl\u0131l\u0131\u011f\u0131n ve g\u00f6reve olan sadakatin ayn\u0131 ciddiyetle s\u00fcrd\u00fcr\u00fclece\u011fi \u00f6nemle vurguland\u0131. ASILSIZ A\u00c7IKLAMALARA D\u0130KKAT \u00c7A\u011eRISI T\u00fcm kamuoyunu resmi kurumlar d\u0131\u015f\u0131nda yap\u0131lan as\u0131ls\u0131z, y\u00f6nlendirici ve bilgi kirlili\u011fi i\u00e7eren a\u00e7\u0131klamalara kar\u015f\u0131 dikkatli olmaya davet eden Manavgat Belediyesi, s\u00fcrecin hukuk zemininde ve itidalle y\u00fcr\u00fct\u00fclmesinin toplumsal bar\u0131\u015f a\u00e7\u0131s\u0131ndan \u00f6nemine inand\u0131klar\u0131n\u0131 belirtti. A\u00e7\u0131klama, adaletin ve hakk\u0131n en k\u0131sa s\u00fcrede yerini bulaca\u011f\u0131na olan inan\u00e7la sona erdi. \u200bManavgat Belediyesi, 4 Temmuz&#8217;da ba\u015flat\u0131lan adli s\u00fcrecin ard\u0131ndan a\u00e7\u0131klama yapt\u0131. A\u00e7\u0131klamada, tutuklanan &hellip;<\/p>","protected":false},"author":5,"featured_media":0,"comment_status":"","ping_status":"open","sticky":false,"template":"","format":"standard","meta":{"_acf_changed":false,"footnotes":""},"categories":[24],"tags":[],"class_list":["post-140871","post","type-post","status-publish","format-standard","has-post-thumbnail","hentry","category-gundem"],"acf":[],"yoast_head":"<!-- This site is optimized with the Yoast SEO Premium plugin v26.6 (Yoast SEO v27.1.1) - https:\/\/yoast.com\/product\/yoast-seo-premium-wordpress\/ -->\n<title>Manavgat Belediyesi&#039;nden a\u00e7\u0131klama: Ba\u015fkan g\u00f6revine d\u00f6necek, hizmetler aksamayacak! - Av. Deniz Can K\u0131z\u0131l<\/title>\n<meta name=\"robots\" content=\"index, follow, max-snippet:-1, max-image-preview:large, max-video-preview:-1\" \/>\n<link rel=\"canonical\" href=\"https:\/\/denizcankizil.tr\/de\/haberler\/gundem\/manavgat-belediyesinden-aciklama-baskan-gorevine-donecek-hizmetler-aksamayacak\/\" \/>\n<meta property=\"og:locale\" content=\"de_DE\" \/>\n<meta property=\"og:type\" content=\"article\" \/>\n<meta property=\"og:title\" content=\"Manavgat Belediyesi&#039;nden a\u00e7\u0131klama: Ba\u015fkan g\u00f6revine d\u00f6necek, hizmetler aksamayacak!\" \/>\n<meta property=\"og:description\" content=\"Manavgat Belediyesi, 4 Temmuz 2025 Cuma g\u00fcn\u00fc Manavgat Belediye Ba\u015fkan\u0131 Niyazi Nefi Kara&#8217;n\u0131n da aralar\u0131nda bulundu\u011fu baz\u0131 isimlerle ilgili ba\u015flat\u0131lan adli s\u00fcreci dikkatle ve hassasiyetle takip ettiklerini duyurdu. Belediyeden yap\u0131lan a\u00e7\u0131klamada, s\u00fcrecin en k\u0131sa s\u00fcrede \u015feffaf bir bi\u00e7imde sonu\u00e7lanarak Belediye Ba\u015fkan\u0131 Niyazi Nefi Kara&#8217;n\u0131n g\u00f6revine d\u00f6nece\u011fine inan\u00e7 tam oldu\u011fu belirtildi. H\u0130ZMETLER KES\u0130NT\u0130S\u0130Z DEVAM ED\u0130YOR A\u00e7\u0131klamada, Manavgat Belediyesi olarak 250 bini a\u015fk\u0131n vatanda\u015fa kar\u015f\u0131 sorumluluk bilinciyle hareket edildi\u011fi ve hizmetlerin hi\u00e7bir aksama olmaks\u0131z\u0131n s\u00fcrd\u00fcr\u00fcld\u00fc\u011f\u00fc vurguland\u0131. Devlette devaml\u0131l\u0131k ilkesi gere\u011fi, belediyenin t\u00fcm birimlerinin halka kesintisiz ve kaliteli hizmet sunmaya devam etti\u011fi ifade edildi. Kurumsal haf\u0131za, \u00e7al\u0131\u015fma disiplini ve ortak de\u011ferlerle Manavgat&#8217;a ve gelece\u011fe sahip \u00e7\u0131k\u0131lmaya devam edilece\u011fi belirtildi. SA\u011eDUYU VE DAYANI\u015eMA VURGUSU Belediye, bu s\u00fcre\u00e7te sa\u011fduyulu ve dayan\u0131\u015fma i\u00e7inde olman\u0131n ortak sorumluluk oldu\u011funun alt\u0131n\u0131 \u00e7izdi. Manavgat halk\u0131na duyulan g\u00fcvenle, \u015fehre olan ba\u011fl\u0131l\u0131\u011f\u0131n ve g\u00f6reve olan sadakatin ayn\u0131 ciddiyetle s\u00fcrd\u00fcr\u00fclece\u011fi \u00f6nemle vurguland\u0131. ASILSIZ A\u00c7IKLAMALARA D\u0130KKAT \u00c7A\u011eRISI T\u00fcm kamuoyunu resmi kurumlar d\u0131\u015f\u0131nda yap\u0131lan as\u0131ls\u0131z, y\u00f6nlendirici ve bilgi kirlili\u011fi i\u00e7eren a\u00e7\u0131klamalara kar\u015f\u0131 dikkatli olmaya davet eden Manavgat Belediyesi, s\u00fcrecin hukuk zemininde ve itidalle y\u00fcr\u00fct\u00fclmesinin toplumsal bar\u0131\u015f a\u00e7\u0131s\u0131ndan \u00f6nemine inand\u0131klar\u0131n\u0131 belirtti. A\u00e7\u0131klama, adaletin ve hakk\u0131n en k\u0131sa s\u00fcrede yerini bulaca\u011f\u0131na olan inan\u00e7la sona erdi. \u200bManavgat Belediyesi, 4 Temmuz&#8217;da ba\u015flat\u0131lan adli s\u00fcrecin ard\u0131ndan a\u00e7\u0131klama yapt\u0131. A\u00e7\u0131klamada, tutuklanan &hellip;\" \/>\n<meta property=\"og:url\" content=\"https:\/\/denizcankizil.tr\/de\/haberler\/gundem\/manavgat-belediyesinden-aciklama-baskan-gorevine-donecek-hizmetler-aksamayacak\/\" \/>\n<meta property=\"og:site_name\" content=\"Av. Deniz Can K\u0131z\u0131l\" \/>\n<meta property=\"article:published_time\" content=\"2025-07-09T14:41:20+00:00\" \/>\n<meta name=\"author\" content=\"Antalya K\u00f6rfez\" \/>\n<meta name=\"twitter:card\" content=\"summary_large_image\" \/>\n<meta name=\"twitter:label1\" content=\"Verfasst von\" \/>\n\t<meta name=\"twitter:data1\" content=\"Antalya K\u00f6rfez\" \/>\n\t<meta name=\"twitter:label2\" content=\"Gesch\u00e4tzte Lesezeit\" \/>\n\t<meta name=\"twitter:data2\" content=\"2\u00a0Minuten\" \/>\n<script type=\"application\/ld+json\" class=\"yoast-schema-graph\">{\"@context\":\"https:\/\/schema.org\",\"@graph\":[{\"@type\":\"Article\",\"@id\":\"https:\/\/denizcankizil.tr\/uk\/haberler\/gundem\/manavgat-belediyesinden-aciklama-baskan-gorevine-donecek-hizmetler-aksamayacak\/#article\",\"isPartOf\":{\"@id\":\"https:\/\/denizcankizil.tr\/uk\/haberler\/gundem\/manavgat-belediyesinden-aciklama-baskan-gorevine-donecek-hizmetler-aksamayacak\/\"},\"author\":{\"name\":\"Antalya K\u00f6rfez\",\"@id\":\"https:\/\/denizcankizil.tr\/de\/#\/schema\/person\/e1eb71bb4dd684d46563f0af307e1234\"},\"headline\":\"Manavgat Belediyesi&#8217;nden a\u00e7\u0131klama: Ba\u015fkan g\u00f6revine d\u00f6necek, hizmetler aksamayacak!\",\"datePublished\":\"2025-07-09T14:41:20+00:00\",\"mainEntityOfPage\":{\"@id\":\"https:\/\/denizcankizil.tr\/uk\/haberler\/gundem\/manavgat-belediyesinden-aciklama-baskan-gorevine-donecek-hizmetler-aksamayacak\/\"},\"wordCount\":347,\"publisher\":{\"@id\":\"https:\/\/denizcankizil.tr\/de\/#organization\"},\"articleSection\":[\"G\u00fcndem\"],\"inLanguage\":\"de\"},{\"@type\":\"WebPage\",\"@id\":\"https:\/\/denizcankizil.tr\/uk\/haberler\/gundem\/manavgat-belediyesinden-aciklama-baskan-gorevine-donecek-hizmetler-aksamayacak\/\",\"url\":\"https:\/\/denizcankizil.tr\/uk\/haberler\/gundem\/manavgat-belediyesinden-aciklama-baskan-gorevine-donecek-hizmetler-aksamayacak\/\",\"name\":\"Manavgat Belediyesi'nden a\u00e7\u0131klama: Ba\u015fkan g\u00f6revine d\u00f6necek, hizmetler aksamayacak! - Av. Deniz Can K\u0131z\u0131l\",\"isPartOf\":{\"@id\":\"https:\/\/denizcankizil.tr\/de\/#website\"},\"datePublished\":\"2025-07-09T14:41:20+00:00\",\"breadcrumb\":{\"@id\":\"https:\/\/denizcankizil.tr\/uk\/haberler\/gundem\/manavgat-belediyesinden-aciklama-baskan-gorevine-donecek-hizmetler-aksamayacak\/#breadcrumb\"},\"inLanguage\":\"de\",\"potentialAction\":[{\"@type\":\"ReadAction\",\"target\":[\"https:\/\/denizcankizil.tr\/uk\/haberler\/gundem\/manavgat-belediyesinden-aciklama-baskan-gorevine-donecek-hizmetler-aksamayacak\/\"]}]},{\"@type\":\"BreadcrumbList\",\"@id\":\"https:\/\/denizcankizil.tr\/uk\/haberler\/gundem\/manavgat-belediyesinden-aciklama-baskan-gorevine-donecek-hizmetler-aksamayacak\/#breadcrumb\",\"itemListElement\":[{\"@type\":\"ListItem\",\"position\":1,\"name\":\"Home\",\"item\":\"https:\/\/denizcankizil.tr\/de\/\"},{\"@type\":\"ListItem\",\"position\":2,\"name\":\"Manavgat Belediyesi&#8217;nden a\u00e7\u0131klama: Ba\u015fkan g\u00f6revine d\u00f6necek, hizmetler aksamayacak!\"}]},{\"@type\":\"WebSite\",\"@id\":\"https:\/\/denizcankizil.tr\/de\/#website\",\"url\":\"https:\/\/denizcankizil.tr\/de\/\",\"name\":\"Av. Deniz Can K\u0131z\u0131l\",\"description\":\"Avukat Deniz Can K\u0131z\u0131l Antalya Barosu\",\"publisher\":{\"@id\":\"https:\/\/denizcankizil.tr\/de\/#organization\"},\"potentialAction\":[{\"@type\":\"SearchAction\",\"target\":{\"@type\":\"EntryPoint\",\"urlTemplate\":\"https:\/\/denizcankizil.tr\/de\/?s={search_term_string}\"},\"query-input\":{\"@type\":\"PropertyValueSpecification\",\"valueRequired\":true,\"valueName\":\"search_term_string\"}}],\"inLanguage\":\"de\"},{\"@type\":\"Organization\",\"@id\":\"https:\/\/denizcankizil.tr\/de\/#organization\",\"name\":\"Av. Deniz Can K\u0131z\u0131l\",\"url\":\"https:\/\/denizcankizil.tr\/de\/\",\"logo\":{\"@type\":\"ImageObject\",\"inLanguage\":\"de\",\"@id\":\"https:\/\/denizcankizil.tr\/de\/#\/schema\/logo\/image\/\",\"url\":\"https:\/\/denizcankizil.tr\/wp-content\/uploads\/2024\/10\/siyah-logo-svg.svg\",\"contentUrl\":\"https:\/\/denizcankizil.tr\/wp-content\/uploads\/2024\/10\/siyah-logo-svg.svg\",\"width\":1080,\"height\":1080,\"caption\":\"Av. Deniz Can K\u0131z\u0131l\"},\"image\":{\"@id\":\"https:\/\/denizcankizil.tr\/de\/#\/schema\/logo\/image\/\"}},{\"@type\":\"Person\",\"@id\":\"https:\/\/denizcankizil.tr\/de\/#\/schema\/person\/e1eb71bb4dd684d46563f0af307e1234\",\"name\":\"Antalya K\u00f6rfez\",\"image\":{\"@type\":\"ImageObject\",\"inLanguage\":\"de\",\"@id\":\"https:\/\/denizcankizil.tr\/de\/#\/schema\/person\/image\/\",\"url\":\"https:\/\/secure.gravatar.com\/avatar\/42b01982558a48a0b501fdcab6a408d3717ea5919095ee2e67b0e521799c5905?s=96&d=mm&r=g\",\"contentUrl\":\"https:\/\/secure.gravatar.com\/avatar\/42b01982558a48a0b501fdcab6a408d3717ea5919095ee2e67b0e521799c5905?s=96&d=mm&r=g\",\"caption\":\"Antalya K\u00f6rfez\"},\"sameAs\":[\"http:\/\/www.antalyakorfez.com\"],\"url\":\"https:\/\/www.antalyakorfez.com\/manavgat-belediyesinden-aciklama-baskan-gorevine-donecek-hizmetler-aksamayacak\"}]}<\/script>\n<!-- \/ Yoast SEO Premium plugin. -->","yoast_head_json":{"title":"Manavgat Belediyesi'nden a\u00e7\u0131klama: Ba\u015fkan g\u00f6revine d\u00f6necek, hizmetler aksamayacak! - Av. Deniz Can K\u0131z\u0131l","robots":{"index":"index","follow":"follow","max-snippet":"max-snippet:-1","max-image-preview":"max-image-preview:large","max-video-preview":"max-video-preview:-1"},"canonical":"https:\/\/denizcankizil.tr\/de\/haberler\/gundem\/manavgat-belediyesinden-aciklama-baskan-gorevine-donecek-hizmetler-aksamayacak\/","og_locale":"de_DE","og_type":"article","og_title":"Manavgat Belediyesi'nden a\u00e7\u0131klama: Ba\u015fkan g\u00f6revine d\u00f6necek, hizmetler aksamayacak!","og_description":"Manavgat Belediyesi, 4 Temmuz 2025 Cuma g\u00fcn\u00fc Manavgat Belediye Ba\u015fkan\u0131 Niyazi Nefi Kara&#8217;n\u0131n da aralar\u0131nda bulundu\u011fu baz\u0131 isimlerle ilgili ba\u015flat\u0131lan adli s\u00fcreci dikkatle ve hassasiyetle takip ettiklerini duyurdu. Belediyeden yap\u0131lan a\u00e7\u0131klamada, s\u00fcrecin en k\u0131sa s\u00fcrede \u015feffaf bir bi\u00e7imde sonu\u00e7lanarak Belediye Ba\u015fkan\u0131 Niyazi Nefi Kara&#8217;n\u0131n g\u00f6revine d\u00f6nece\u011fine inan\u00e7 tam oldu\u011fu belirtildi. H\u0130ZMETLER KES\u0130NT\u0130S\u0130Z DEVAM ED\u0130YOR A\u00e7\u0131klamada, Manavgat Belediyesi olarak 250 bini a\u015fk\u0131n vatanda\u015fa kar\u015f\u0131 sorumluluk bilinciyle hareket edildi\u011fi ve hizmetlerin hi\u00e7bir aksama olmaks\u0131z\u0131n s\u00fcrd\u00fcr\u00fcld\u00fc\u011f\u00fc vurguland\u0131. Devlette devaml\u0131l\u0131k ilkesi gere\u011fi, belediyenin t\u00fcm birimlerinin halka kesintisiz ve kaliteli hizmet sunmaya devam etti\u011fi ifade edildi. Kurumsal haf\u0131za, \u00e7al\u0131\u015fma disiplini ve ortak de\u011ferlerle Manavgat&#8217;a ve gelece\u011fe sahip \u00e7\u0131k\u0131lmaya devam edilece\u011fi belirtildi. SA\u011eDUYU VE DAYANI\u015eMA VURGUSU Belediye, bu s\u00fcre\u00e7te sa\u011fduyulu ve dayan\u0131\u015fma i\u00e7inde olman\u0131n ortak sorumluluk oldu\u011funun alt\u0131n\u0131 \u00e7izdi. Manavgat halk\u0131na duyulan g\u00fcvenle, \u015fehre olan ba\u011fl\u0131l\u0131\u011f\u0131n ve g\u00f6reve olan sadakatin ayn\u0131 ciddiyetle s\u00fcrd\u00fcr\u00fclece\u011fi \u00f6nemle vurguland\u0131. ASILSIZ A\u00c7IKLAMALARA D\u0130KKAT \u00c7A\u011eRISI T\u00fcm kamuoyunu resmi kurumlar d\u0131\u015f\u0131nda yap\u0131lan as\u0131ls\u0131z, y\u00f6nlendirici ve bilgi kirlili\u011fi i\u00e7eren a\u00e7\u0131klamalara kar\u015f\u0131 dikkatli olmaya davet eden Manavgat Belediyesi, s\u00fcrecin hukuk zemininde ve itidalle y\u00fcr\u00fct\u00fclmesinin toplumsal bar\u0131\u015f a\u00e7\u0131s\u0131ndan \u00f6nemine inand\u0131klar\u0131n\u0131 belirtti. A\u00e7\u0131klama, adaletin ve hakk\u0131n en k\u0131sa s\u00fcrede yerini bulaca\u011f\u0131na olan inan\u00e7la sona erdi. \u200bManavgat Belediyesi, 4 Temmuz&#8217;da ba\u015flat\u0131lan adli s\u00fcrecin ard\u0131ndan a\u00e7\u0131klama yapt\u0131. A\u00e7\u0131klamada, tutuklanan &hellip;","og_url":"https:\/\/denizcankizil.tr\/de\/haberler\/gundem\/manavgat-belediyesinden-aciklama-baskan-gorevine-donecek-hizmetler-aksamayacak\/","og_site_name":"Av. Deniz Can K\u0131z\u0131l","article_published_time":"2025-07-09T14:41:20+00:00","author":"Antalya K\u00f6rfez","twitter_card":"summary_large_image","twitter_misc":{"Verfasst von":"Antalya K\u00f6rfez","Gesch\u00e4tzte Lesezeit":"2\u00a0Minuten"},"schema":{"@context":"https:\/\/schema.org","@graph":[{"@type":"Article","@id":"https:\/\/denizcankizil.tr\/uk\/haberler\/gundem\/manavgat-belediyesinden-aciklama-baskan-gorevine-donecek-hizmetler-aksamayacak\/#article","isPartOf":{"@id":"https:\/\/denizcankizil.tr\/uk\/haberler\/gundem\/manavgat-belediyesinden-aciklama-baskan-gorevine-donecek-hizmetler-aksamayacak\/"},"author":{"name":"Antalya K\u00f6rfez","@id":"https:\/\/denizcankizil.tr\/de\/#\/schema\/person\/e1eb71bb4dd684d46563f0af307e1234"},"headline":"Manavgat Belediyesi&#8217;nden a\u00e7\u0131klama: Ba\u015fkan g\u00f6revine d\u00f6necek, hizmetler aksamayacak!","datePublished":"2025-07-09T14:41:20+00:00","mainEntityOfPage":{"@id":"https:\/\/denizcankizil.tr\/uk\/haberler\/gundem\/manavgat-belediyesinden-aciklama-baskan-gorevine-donecek-hizmetler-aksamayacak\/"},"wordCount":347,"publisher":{"@id":"https:\/\/denizcankizil.tr\/de\/#organization"},"articleSection":["G\u00fcndem"],"inLanguage":"de"},{"@type":"WebPage","@id":"https:\/\/denizcankizil.tr\/uk\/haberler\/gundem\/manavgat-belediyesinden-aciklama-baskan-gorevine-donecek-hizmetler-aksamayacak\/","url":"https:\/\/denizcankizil.tr\/uk\/haberler\/gundem\/manavgat-belediyesinden-aciklama-baskan-gorevine-donecek-hizmetler-aksamayacak\/","name":"Manavgat Belediyesi'nden a\u00e7\u0131klama: Ba\u015fkan g\u00f6revine d\u00f6necek, hizmetler aksamayacak! - Av. Deniz Can K\u0131z\u0131l","isPartOf":{"@id":"https:\/\/denizcankizil.tr\/de\/#website"},"datePublished":"2025-07-09T14:41:20+00:00","breadcrumb":{"@id":"https:\/\/denizcankizil.tr\/uk\/haberler\/gundem\/manavgat-belediyesinden-aciklama-baskan-gorevine-donecek-hizmetler-aksamayacak\/#breadcrumb"},"inLanguage":"de","potentialAction":[{"@type":"ReadAction","target":["https:\/\/denizcankizil.tr\/uk\/haberler\/gundem\/manavgat-belediyesinden-aciklama-baskan-gorevine-donecek-hizmetler-aksamayacak\/"]}]},{"@type":"BreadcrumbList","@id":"https:\/\/denizcankizil.tr\/uk\/haberler\/gundem\/manavgat-belediyesinden-aciklama-baskan-gorevine-donecek-hizmetler-aksamayacak\/#breadcrumb","itemListElement":[{"@type":"ListItem","position":1,"name":"Home","item":"https:\/\/denizcankizil.tr\/de\/"},{"@type":"ListItem","position":2,"name":"Manavgat Belediyesi&#8217;nden a\u00e7\u0131klama: Ba\u015fkan g\u00f6revine d\u00f6necek, hizmetler aksamayacak!"}]},{"@type":"WebSite","@id":"https:\/\/denizcankizil.tr\/de\/#website","url":"https:\/\/denizcankizil.tr\/de\/","name":"Av. Deniz Can K\u0131z\u0131l","description":"Avukat Deniz Can K\u0131z\u0131l Antalya Barosu","publisher":{"@id":"https:\/\/denizcankizil.tr\/de\/#organization"},"potentialAction":[{"@type":"SearchAction","target":{"@type":"EntryPoint","urlTemplate":"https:\/\/denizcankizil.tr\/de\/?s={search_term_string}"},"query-input":{"@type":"PropertyValueSpecification","valueRequired":true,"valueName":"search_term_string"}}],"inLanguage":"de"},{"@type":"Organization","@id":"https:\/\/denizcankizil.tr\/de\/#organization","name":"Av. Deniz Can K\u0131z\u0131l","url":"https:\/\/denizcankizil.tr\/de\/","logo":{"@type":"ImageObject","inLanguage":"de","@id":"https:\/\/denizcankizil.tr\/de\/#\/schema\/logo\/image\/","url":"https:\/\/denizcankizil.tr\/wp-content\/uploads\/2024\/10\/siyah-logo-svg.svg","contentUrl":"https:\/\/denizcankizil.tr\/wp-content\/uploads\/2024\/10\/siyah-logo-svg.svg","width":1080,"height":1080,"caption":"Av. Deniz Can K\u0131z\u0131l"},"image":{"@id":"https:\/\/denizcankizil.tr\/de\/#\/schema\/logo\/image\/"}},{"@type":"Person","@id":"https:\/\/denizcankizil.tr\/de\/#\/schema\/person\/e1eb71bb4dd684d46563f0af307e1234","name":"Antalya K\u00f6rfez","image":{"@type":"ImageObject","inLanguage":"de","@id":"https:\/\/denizcankizil.tr\/de\/#\/schema\/person\/image\/","url":"https:\/\/secure.gravatar.com\/avatar\/42b01982558a48a0b501fdcab6a408d3717ea5919095ee2e67b0e521799c5905?s=96&d=mm&r=g","contentUrl":"https:\/\/secure.gravatar.com\/avatar\/42b01982558a48a0b501fdcab6a408d3717ea5919095ee2e67b0e521799c5905?s=96&d=mm&r=g","caption":"Antalya K\u00f6rfez"},"sameAs":["http:\/\/www.antalyakorfez.com"],"url":"https:\/\/www.antalyakorfez.com\/manavgat-belediyesinden-aciklama-baskan-gorevine-donecek-hizmetler-aksamayacak"}]}},"_links":{"self":[{"href":"https:\/\/denizcankizil.tr\/de\/wp-json\/wp\/v2\/posts\/140871","targetHints":{"allow":["GET"]}}],"collection":[{"href":"https:\/\/denizcankizil.tr\/de\/wp-json\/wp\/v2\/posts"}],"about":[{"href":"https:\/\/denizcankizil.tr\/de\/wp-json\/wp\/v2\/types\/post"}],"author":[{"embeddable":true,"href":"https:\/\/denizcankizil.tr\/de\/wp-json\/wp\/v2\/users\/5"}],"replies":[{"embeddable":true,"href":"https:\/\/denizcankizil.tr\/de\/wp-json\/wp\/v2\/comments?post=140871"}],"version-history":[{"count":0,"href":"https:\/\/denizcankizil.tr\/de\/wp-json\/wp\/v2\/posts\/140871\/revisions"}],"wp:attachment":[{"href":"https:\/\/denizcankizil.tr\/de\/wp-json\/wp\/v2\/media?parent=140871"}],"wp:term":[{"taxonomy":"category","embeddable":true,"href":"https:\/\/denizcankizil.tr\/de\/wp-json\/wp\/v2\/categories?post=140871"},{"taxonomy":"post_tag","embeddable":true,"href":"https:\/\/denizcankizil.tr\/de\/wp-json\/wp\/v2\/tags?post=140871"}],"curies":[{"name":"wp","href":"https:\/\/api.w.org\/{rel}","templated":true}]}}