{"id":139761,"date":"2025-07-08T13:41:19","date_gmt":"2025-07-08T10:41:19","guid":{"rendered":"https:\/\/denizcankizil.tr\/uncategorized-tr\/anfas-fresh-antalya-ile-tarim-sektorunun-hepsi-bir-arada\/"},"modified":"2025-07-08T13:41:19","modified_gmt":"2025-07-08T10:41:19","slug":"anfas-fresh-antalya-ile-tarim-sektorunun-hepsi-bir-arada","status":"publish","type":"post","link":"https:\/\/denizcankizil.tr\/de\/haberler\/antalya\/anfas-fresh-antalya-ile-tarim-sektorunun-hepsi-bir-arada\/","title":{"rendered":"Anfa\u015f Fresh Antalya ile Tar\u0131m Sekt\u00f6r\u00fcn\u00fcn Hepsi Bir Arada"},"content":{"rendered":"<p>Antalya, 18-20 Eyl\u00fcl 2025 tarihlerinde 6. Sebze, Meyve, Ar\u0131c\u0131l\u0131k, Ambalaj, Lojistik, Depolama ve Taze \u00dcr\u00fcn Teknolojileri Fuar\u0131\u2019na (Anfa\u015f Fresh Antalya) ev sahipli\u011fi yapmaya haz\u0131rlan\u0131yor.<\/p>\n<p>Anfa\u015f Uluslararas\u0131 Fuar ve Kongre Merkezi\u2019nde d\u00fczenlenecek fuar, ya\u015f sebze ve meyve sekt\u00f6r\u00fcn\u00fcn k\u00fcresel oyuncular\u0131n\u0131 bir araya getirecek. Proje M\u00fcd\u00fcr\u00fc Buse \u00d6zbilek liderli\u011finde y\u00fcr\u00fct\u00fclen organizasyon, uluslararas\u0131 alanda ilgi g\u00f6r\u00fcyor. \u015eu ana kadar 50 \u00fclkeden ziyaret\u00e7i ve 200\u2019den fazla kat\u0131l\u0131mc\u0131n\u0131n fuara kat\u0131lmas\u0131 beklenirken, fuar alan\u0131n\u0131n y\u00fczde 85\u2019i dolmu\u015f durumda.<\/p>\n<p>Buse \u00d6zbilek ve ekibi, son 5 ayda d\u00fcnyan\u0131n \u00e7e\u015fitli \u00fclkelerine ger\u00e7ekle\u015ftirdikleri ziyaretlerle fuar\u0131n uluslararas\u0131 prestijine \u00f6nemli katk\u0131lar sa\u011flad\u0131. \u00d6zbilek ayr\u0131ca, bir\u00e7ok \u00fclkede yapt\u0131\u011f\u0131 partnerlik s\u00f6zle\u015fmeleri ile fuar\u0131n temsilcilik \u00e7emberini daha da geni\u015fletti. Kat\u0131l\u0131mc\u0131 firmalar, tar\u0131m\u0131n ba\u015fkenti olarak an\u0131lan Antalya\u2019da olmaktan duyacaklar\u0131 memnuniyeti dile getirirken, kentin T\u00fcrkiye\u2019nin en verimli tar\u0131m ve turizm b\u00f6lgelerinden biri olmas\u0131, fuara kat\u0131l\u0131m kararlar\u0131nda en b\u00fcy\u00fck etken olarak \u00f6ne \u00e7\u0131k\u0131yor.<\/p>\n<p>&#8220;Antalya\u2019n\u0131n tar\u0131m potansiyeli \u00f6ne \u00c7\u0131k\u0131yor&#8221;<br \/>\nProje M\u00fcd\u00fcr\u00fc Buse \u00d6zbilek, Antalya\u2019n\u0131n iklim ve co\u011frafi konumu sayesinde tar\u0131m \u00fcr\u00fcnlerinin yeti\u015ftirilmesi i\u00e7in e\u015fsiz bir b\u00f6lge oldu\u011funu vurgulad\u0131. \u00d6zbilek, &#8220;Antalya, \u00f6zellikle sebze ve meyve \u00fcretimi a\u00e7\u0131s\u0131ndan b\u00fcy\u00fck bir \u00f6neme sahip. \u0130l genelinde sebze \u00fcretimi, kaplad\u0131\u011f\u0131 alan bak\u0131m\u0131ndan hububat ve meyveden sonra gelirken, \u00fcretim de\u011feri a\u00e7\u0131s\u0131ndan ilk s\u0131rada yer al\u0131yor. 1999 verilerine g\u00f6re, Antalya\u2019da 362.986 dekar alanda sebze ekimi yap\u0131lm\u0131\u015f ve 2.566.715 ton sebze \u00fcretilmi\u015ftir. \u00d6rt\u00fcalt\u0131 sebze yeti\u015ftiricili\u011fi \u00f6n planda olsa da, yayla ve ge\u00e7it b\u00f6lgelerinde a\u00e7\u0131k tarla sebze \u00fcretimi de yo\u011fun bir \u015fekilde devam ediyor&#8221; dedi.<\/p>\n<p>Anfa\u015f Fresh Antalya, sebze ve meyve \u00fcretiminden ar\u0131c\u0131l\u0131\u011fa, ambalajdan lojisti\u011fe kadar tar\u0131m sekt\u00f6r\u00fcn\u00fcn t\u00fcm bile\u015fenlerini bir araya getirerek yenilik\u00e7i teknolojilerin ve i\u015f birliklerinin \u00f6n\u00fcn\u00fc a\u00e7may\u0131 hedefliyor. Fuar, Antalya\u2019n\u0131n tar\u0131m potansiyelini d\u00fcnya sahnesine ta\u015f\u0131yarak sekt\u00f6re yeni f\u0131rsatlar sunacak.<br \/>\nFuarda ayr\u0131ca, Ticaret Bakanl\u0131\u011f\u0131 koordinat\u00f6rl\u00fc\u011f\u00fc, Bat\u0131 Akdeniz \u0130hracat\u00e7\u0131lar Birli\u011fi (BA\u0130B) organizasyonu ile Almanya, Arnavutluk, Azerbaycan, Belarus, \u00c7ekya, G\u00fcrcistan, Hollanda, \u0130talya, Katar, Romanya, S\u0131rbistan, Suudi Arabistan, Uganda, Ukrayna ve \u00dcrd\u00fcn \u00fclkelerine y\u00f6nelik d\u00fczenlenecek sekt\u00f6rel al\u0131m heyeti program\u0131 da ger\u00e7ekle\u015ftirilecek.<\/p>\n<p>Kaynak: www.kanalv.com.tr Haber Sitesinden Al\u0131nm\u0131\u015ft\u0131r.<\/p>","protected":false},"excerpt":{"rendered":"<p>Antalya, 18-20 Eyl\u00fcl 2025 tarihlerinde 6. Sebze, Meyve, Ar\u0131c\u0131l\u0131k, Ambalaj, Lojistik, Depolama ve Taze \u00dcr\u00fcn Teknolojileri Fuar\u0131\u2019na (Anfa\u015f Fresh Antalya) ev sahipli\u011fi yapmaya haz\u0131rlan\u0131yor. Anfa\u015f Uluslararas\u0131 Fuar ve Kongre Merkezi\u2019nde d\u00fczenlenecek fuar, ya\u015f sebze ve meyve sekt\u00f6r\u00fcn\u00fcn k\u00fcresel oyuncular\u0131n\u0131 bir araya getirecek. Proje M\u00fcd\u00fcr\u00fc Buse \u00d6zbilek liderli\u011finde y\u00fcr\u00fct\u00fclen organizasyon, uluslararas\u0131 alanda ilgi g\u00f6r\u00fcyor. \u015eu ana kadar 50 \u00fclkeden ziyaret\u00e7i ve 200\u2019den fazla kat\u0131l\u0131mc\u0131n\u0131n fuara kat\u0131lmas\u0131 beklenirken, fuar alan\u0131n\u0131n y\u00fczde 85\u2019i dolmu\u015f durumda. Buse \u00d6zbilek ve ekibi, son 5 ayda d\u00fcnyan\u0131n \u00e7e\u015fitli \u00fclkelerine ger\u00e7ekle\u015ftirdikleri ziyaretlerle fuar\u0131n uluslararas\u0131 prestijine \u00f6nemli katk\u0131lar sa\u011flad\u0131. \u00d6zbilek ayr\u0131ca, bir\u00e7ok \u00fclkede yapt\u0131\u011f\u0131 partnerlik s\u00f6zle\u015fmeleri ile fuar\u0131n temsilcilik \u00e7emberini daha da geni\u015fletti. Kat\u0131l\u0131mc\u0131 firmalar, tar\u0131m\u0131n ba\u015fkenti olarak an\u0131lan Antalya\u2019da olmaktan duyacaklar\u0131 memnuniyeti dile getirirken, kentin T\u00fcrkiye\u2019nin en verimli tar\u0131m ve turizm b\u00f6lgelerinden biri olmas\u0131, fuara kat\u0131l\u0131m kararlar\u0131nda en b\u00fcy\u00fck etken olarak \u00f6ne \u00e7\u0131k\u0131yor. &#8220;Antalya\u2019n\u0131n tar\u0131m potansiyeli \u00f6ne \u00c7\u0131k\u0131yor&#8221; Proje M\u00fcd\u00fcr\u00fc Buse \u00d6zbilek, Antalya\u2019n\u0131n iklim ve co\u011frafi konumu sayesinde tar\u0131m \u00fcr\u00fcnlerinin yeti\u015ftirilmesi i\u00e7in e\u015fsiz bir b\u00f6lge oldu\u011funu vurgulad\u0131. \u00d6zbilek, &#8220;Antalya, \u00f6zellikle sebze ve meyve \u00fcretimi a\u00e7\u0131s\u0131ndan b\u00fcy\u00fck bir \u00f6neme sahip. \u0130l genelinde sebze \u00fcretimi, kaplad\u0131\u011f\u0131 alan bak\u0131m\u0131ndan hububat ve meyveden sonra gelirken, \u00fcretim de\u011feri a\u00e7\u0131s\u0131ndan ilk s\u0131rada yer al\u0131yor. 1999 verilerine g\u00f6re, Antalya\u2019da 362.986 dekar alanda sebze ekimi yap\u0131lm\u0131\u015f &hellip;<\/p>","protected":false},"author":4,"featured_media":0,"comment_status":"","ping_status":"open","sticky":false,"template":"","format":"standard","meta":{"_acf_changed":false,"footnotes":""},"categories":[26],"tags":[],"class_list":["post-139761","post","type-post","status-publish","format-standard","hentry","category-antalya"],"acf":[],"yoast_head":"<!-- This site is optimized with the Yoast SEO Premium plugin v26.6 (Yoast SEO v27.1.1) - https:\/\/yoast.com\/product\/yoast-seo-premium-wordpress\/ -->\n<title>Anfa\u015f Fresh Antalya ile Tar\u0131m Sekt\u00f6r\u00fcn\u00fcn Hepsi Bir Arada - Av. Deniz Can K\u0131z\u0131l<\/title>\n<meta name=\"robots\" content=\"index, follow, max-snippet:-1, max-image-preview:large, max-video-preview:-1\" \/>\n<link rel=\"canonical\" href=\"https:\/\/denizcankizil.tr\/de\/haberler\/antalya\/anfas-fresh-antalya-ile-tarim-sektorunun-hepsi-bir-arada\/\" \/>\n<meta property=\"og:locale\" content=\"de_DE\" \/>\n<meta property=\"og:type\" content=\"article\" \/>\n<meta property=\"og:title\" content=\"Anfa\u015f Fresh Antalya ile Tar\u0131m Sekt\u00f6r\u00fcn\u00fcn Hepsi Bir Arada\" \/>\n<meta property=\"og:description\" content=\"Antalya, 18-20 Eyl\u00fcl 2025 tarihlerinde 6. Sebze, Meyve, Ar\u0131c\u0131l\u0131k, Ambalaj, Lojistik, Depolama ve Taze \u00dcr\u00fcn Teknolojileri Fuar\u0131\u2019na (Anfa\u015f Fresh Antalya) ev sahipli\u011fi yapmaya haz\u0131rlan\u0131yor. Anfa\u015f Uluslararas\u0131 Fuar ve Kongre Merkezi\u2019nde d\u00fczenlenecek fuar, ya\u015f sebze ve meyve sekt\u00f6r\u00fcn\u00fcn k\u00fcresel oyuncular\u0131n\u0131 bir araya getirecek. Proje M\u00fcd\u00fcr\u00fc Buse \u00d6zbilek liderli\u011finde y\u00fcr\u00fct\u00fclen organizasyon, uluslararas\u0131 alanda ilgi g\u00f6r\u00fcyor. \u015eu ana kadar 50 \u00fclkeden ziyaret\u00e7i ve 200\u2019den fazla kat\u0131l\u0131mc\u0131n\u0131n fuara kat\u0131lmas\u0131 beklenirken, fuar alan\u0131n\u0131n y\u00fczde 85\u2019i dolmu\u015f durumda. Buse \u00d6zbilek ve ekibi, son 5 ayda d\u00fcnyan\u0131n \u00e7e\u015fitli \u00fclkelerine ger\u00e7ekle\u015ftirdikleri ziyaretlerle fuar\u0131n uluslararas\u0131 prestijine \u00f6nemli katk\u0131lar sa\u011flad\u0131. \u00d6zbilek ayr\u0131ca, bir\u00e7ok \u00fclkede yapt\u0131\u011f\u0131 partnerlik s\u00f6zle\u015fmeleri ile fuar\u0131n temsilcilik \u00e7emberini daha da geni\u015fletti. Kat\u0131l\u0131mc\u0131 firmalar, tar\u0131m\u0131n ba\u015fkenti olarak an\u0131lan Antalya\u2019da olmaktan duyacaklar\u0131 memnuniyeti dile getirirken, kentin T\u00fcrkiye\u2019nin en verimli tar\u0131m ve turizm b\u00f6lgelerinden biri olmas\u0131, fuara kat\u0131l\u0131m kararlar\u0131nda en b\u00fcy\u00fck etken olarak \u00f6ne \u00e7\u0131k\u0131yor. &#8220;Antalya\u2019n\u0131n tar\u0131m potansiyeli \u00f6ne \u00c7\u0131k\u0131yor&#8221; Proje M\u00fcd\u00fcr\u00fc Buse \u00d6zbilek, Antalya\u2019n\u0131n iklim ve co\u011frafi konumu sayesinde tar\u0131m \u00fcr\u00fcnlerinin yeti\u015ftirilmesi i\u00e7in e\u015fsiz bir b\u00f6lge oldu\u011funu vurgulad\u0131. \u00d6zbilek, &#8220;Antalya, \u00f6zellikle sebze ve meyve \u00fcretimi a\u00e7\u0131s\u0131ndan b\u00fcy\u00fck bir \u00f6neme sahip. \u0130l genelinde sebze \u00fcretimi, kaplad\u0131\u011f\u0131 alan bak\u0131m\u0131ndan hububat ve meyveden sonra gelirken, \u00fcretim de\u011feri a\u00e7\u0131s\u0131ndan ilk s\u0131rada yer al\u0131yor. 1999 verilerine g\u00f6re, Antalya\u2019da 362.986 dekar alanda sebze ekimi yap\u0131lm\u0131\u015f &hellip;\" \/>\n<meta property=\"og:url\" content=\"https:\/\/denizcankizil.tr\/de\/haberler\/antalya\/anfas-fresh-antalya-ile-tarim-sektorunun-hepsi-bir-arada\/\" \/>\n<meta property=\"og:site_name\" content=\"Av. Deniz Can K\u0131z\u0131l\" \/>\n<meta property=\"article:published_time\" content=\"2025-07-08T10:41:19+00:00\" \/>\n<meta name=\"author\" content=\"Av. Deniz Can K\u0131z\u0131l\" \/>\n<meta name=\"twitter:card\" content=\"summary_large_image\" \/>\n<meta name=\"twitter:label1\" content=\"Verfasst von\" \/>\n\t<meta name=\"twitter:data1\" content=\"Av. Deniz Can K\u0131z\u0131l\" \/>\n\t<meta name=\"twitter:label2\" content=\"Gesch\u00e4tzte Lesezeit\" \/>\n\t<meta name=\"twitter:data2\" content=\"2\u00a0Minuten\" \/>\n<script type=\"application\/ld+json\" class=\"yoast-schema-graph\">{\"@context\":\"https:\/\/schema.org\",\"@graph\":[{\"@type\":\"Article\",\"@id\":\"https:\/\/denizcankizil.tr\/de\/haberler\/antalya\/anfas-fresh-antalya-ile-tarim-sektorunun-hepsi-bir-arada\/#article\",\"isPartOf\":{\"@id\":\"https:\/\/denizcankizil.tr\/de\/haberler\/antalya\/anfas-fresh-antalya-ile-tarim-sektorunun-hepsi-bir-arada\/\"},\"author\":{\"name\":\"Av. Deniz Can K\u0131z\u0131l\",\"@id\":\"https:\/\/denizcankizil.tr\/#\/schema\/person\/5dc1b22991bd7ac833867c10afc9b0ff\"},\"headline\":\"Anfa\u015f Fresh Antalya ile Tar\u0131m Sekt\u00f6r\u00fcn\u00fcn Hepsi Bir Arada\",\"datePublished\":\"2025-07-08T10:41:19+00:00\",\"mainEntityOfPage\":{\"@id\":\"https:\/\/denizcankizil.tr\/de\/haberler\/antalya\/anfas-fresh-antalya-ile-tarim-sektorunun-hepsi-bir-arada\/\"},\"wordCount\":455,\"publisher\":{\"@id\":\"https:\/\/denizcankizil.tr\/#organization\"},\"articleSection\":[\"Antalya\"],\"inLanguage\":\"de\"},{\"@type\":\"WebPage\",\"@id\":\"https:\/\/denizcankizil.tr\/de\/haberler\/antalya\/anfas-fresh-antalya-ile-tarim-sektorunun-hepsi-bir-arada\/\",\"url\":\"https:\/\/denizcankizil.tr\/de\/haberler\/antalya\/anfas-fresh-antalya-ile-tarim-sektorunun-hepsi-bir-arada\/\",\"name\":\"Anfa\u015f Fresh Antalya ile Tar\u0131m Sekt\u00f6r\u00fcn\u00fcn Hepsi Bir Arada - Av. Deniz Can K\u0131z\u0131l\",\"isPartOf\":{\"@id\":\"https:\/\/denizcankizil.tr\/#website\"},\"datePublished\":\"2025-07-08T10:41:19+00:00\",\"breadcrumb\":{\"@id\":\"https:\/\/denizcankizil.tr\/de\/haberler\/antalya\/anfas-fresh-antalya-ile-tarim-sektorunun-hepsi-bir-arada\/#breadcrumb\"},\"inLanguage\":\"de\",\"potentialAction\":[{\"@type\":\"ReadAction\",\"target\":[\"https:\/\/denizcankizil.tr\/de\/haberler\/antalya\/anfas-fresh-antalya-ile-tarim-sektorunun-hepsi-bir-arada\/\"]}]},{\"@type\":\"BreadcrumbList\",\"@id\":\"https:\/\/denizcankizil.tr\/de\/haberler\/antalya\/anfas-fresh-antalya-ile-tarim-sektorunun-hepsi-bir-arada\/#breadcrumb\",\"itemListElement\":[{\"@type\":\"ListItem\",\"position\":1,\"name\":\"Home\",\"item\":\"https:\/\/denizcankizil.tr\/uk\/\"},{\"@type\":\"ListItem\",\"position\":2,\"name\":\"Anfa\u015f Fresh Antalya ile Tar\u0131m Sekt\u00f6r\u00fcn\u00fcn Hepsi Bir Arada\"}]},{\"@type\":\"WebSite\",\"@id\":\"https:\/\/denizcankizil.tr\/#website\",\"url\":\"https:\/\/denizcankizil.tr\/\",\"name\":\"Av. Deniz Can K\u0131z\u0131l\",\"description\":\"Avukat Deniz Can K\u0131z\u0131l Antalya Barosu\",\"publisher\":{\"@id\":\"https:\/\/denizcankizil.tr\/#organization\"},\"potentialAction\":[{\"@type\":\"SearchAction\",\"target\":{\"@type\":\"EntryPoint\",\"urlTemplate\":\"https:\/\/denizcankizil.tr\/?s={search_term_string}\"},\"query-input\":{\"@type\":\"PropertyValueSpecification\",\"valueRequired\":true,\"valueName\":\"search_term_string\"}}],\"inLanguage\":\"de\"},{\"@type\":\"Organization\",\"@id\":\"https:\/\/denizcankizil.tr\/#organization\",\"name\":\"Av. Deniz Can K\u0131z\u0131l\",\"url\":\"https:\/\/denizcankizil.tr\/\",\"logo\":{\"@type\":\"ImageObject\",\"inLanguage\":\"de\",\"@id\":\"https:\/\/denizcankizil.tr\/#\/schema\/logo\/image\/\",\"url\":\"https:\/\/denizcankizil.tr\/wp-content\/uploads\/2024\/10\/siyah-logo-svg.svg\",\"contentUrl\":\"https:\/\/denizcankizil.tr\/wp-content\/uploads\/2024\/10\/siyah-logo-svg.svg\",\"width\":1080,\"height\":1080,\"caption\":\"Av. Deniz Can K\u0131z\u0131l\"},\"image\":{\"@id\":\"https:\/\/denizcankizil.tr\/#\/schema\/logo\/image\/\"}},{\"@type\":\"Person\",\"@id\":\"https:\/\/denizcankizil.tr\/#\/schema\/person\/5dc1b22991bd7ac833867c10afc9b0ff\",\"name\":\"Av. Deniz Can K\u0131z\u0131l\",\"image\":{\"@type\":\"ImageObject\",\"inLanguage\":\"de\",\"@id\":\"https:\/\/denizcankizil.tr\/#\/schema\/person\/image\/\",\"url\":\"https:\/\/secure.gravatar.com\/avatar\/a0b128fb9855c79efc976d5640eedb31dc35ec297594d6016d2cf7c60e975bb6?s=96&d=mm&r=g\",\"contentUrl\":\"https:\/\/secure.gravatar.com\/avatar\/a0b128fb9855c79efc976d5640eedb31dc35ec297594d6016d2cf7c60e975bb6?s=96&d=mm&r=g\",\"caption\":\"Av. Deniz Can K\u0131z\u0131l\"},\"sameAs\":[\"http:\/\/www.denizcankizil.tr\"],\"url\":\"https:\/\/denizcankizil.tr\/de\/author\/denizcankizil\/\"}]}<\/script>\n<!-- \/ Yoast SEO Premium plugin. -->","yoast_head_json":{"title":"Anfa\u015f Fresh Antalya ile Tar\u0131m Sekt\u00f6r\u00fcn\u00fcn Hepsi Bir Arada - Av. Deniz Can K\u0131z\u0131l","robots":{"index":"index","follow":"follow","max-snippet":"max-snippet:-1","max-image-preview":"max-image-preview:large","max-video-preview":"max-video-preview:-1"},"canonical":"https:\/\/denizcankizil.tr\/de\/haberler\/antalya\/anfas-fresh-antalya-ile-tarim-sektorunun-hepsi-bir-arada\/","og_locale":"de_DE","og_type":"article","og_title":"Anfa\u015f Fresh Antalya ile Tar\u0131m Sekt\u00f6r\u00fcn\u00fcn Hepsi Bir Arada","og_description":"Antalya, 18-20 Eyl\u00fcl 2025 tarihlerinde 6. Sebze, Meyve, Ar\u0131c\u0131l\u0131k, Ambalaj, Lojistik, Depolama ve Taze \u00dcr\u00fcn Teknolojileri Fuar\u0131\u2019na (Anfa\u015f Fresh Antalya) ev sahipli\u011fi yapmaya haz\u0131rlan\u0131yor. Anfa\u015f Uluslararas\u0131 Fuar ve Kongre Merkezi\u2019nde d\u00fczenlenecek fuar, ya\u015f sebze ve meyve sekt\u00f6r\u00fcn\u00fcn k\u00fcresel oyuncular\u0131n\u0131 bir araya getirecek. Proje M\u00fcd\u00fcr\u00fc Buse \u00d6zbilek liderli\u011finde y\u00fcr\u00fct\u00fclen organizasyon, uluslararas\u0131 alanda ilgi g\u00f6r\u00fcyor. \u015eu ana kadar 50 \u00fclkeden ziyaret\u00e7i ve 200\u2019den fazla kat\u0131l\u0131mc\u0131n\u0131n fuara kat\u0131lmas\u0131 beklenirken, fuar alan\u0131n\u0131n y\u00fczde 85\u2019i dolmu\u015f durumda. Buse \u00d6zbilek ve ekibi, son 5 ayda d\u00fcnyan\u0131n \u00e7e\u015fitli \u00fclkelerine ger\u00e7ekle\u015ftirdikleri ziyaretlerle fuar\u0131n uluslararas\u0131 prestijine \u00f6nemli katk\u0131lar sa\u011flad\u0131. \u00d6zbilek ayr\u0131ca, bir\u00e7ok \u00fclkede yapt\u0131\u011f\u0131 partnerlik s\u00f6zle\u015fmeleri ile fuar\u0131n temsilcilik \u00e7emberini daha da geni\u015fletti. Kat\u0131l\u0131mc\u0131 firmalar, tar\u0131m\u0131n ba\u015fkenti olarak an\u0131lan Antalya\u2019da olmaktan duyacaklar\u0131 memnuniyeti dile getirirken, kentin T\u00fcrkiye\u2019nin en verimli tar\u0131m ve turizm b\u00f6lgelerinden biri olmas\u0131, fuara kat\u0131l\u0131m kararlar\u0131nda en b\u00fcy\u00fck etken olarak \u00f6ne \u00e7\u0131k\u0131yor. &#8220;Antalya\u2019n\u0131n tar\u0131m potansiyeli \u00f6ne \u00c7\u0131k\u0131yor&#8221; Proje M\u00fcd\u00fcr\u00fc Buse \u00d6zbilek, Antalya\u2019n\u0131n iklim ve co\u011frafi konumu sayesinde tar\u0131m \u00fcr\u00fcnlerinin yeti\u015ftirilmesi i\u00e7in e\u015fsiz bir b\u00f6lge oldu\u011funu vurgulad\u0131. \u00d6zbilek, &#8220;Antalya, \u00f6zellikle sebze ve meyve \u00fcretimi a\u00e7\u0131s\u0131ndan b\u00fcy\u00fck bir \u00f6neme sahip. \u0130l genelinde sebze \u00fcretimi, kaplad\u0131\u011f\u0131 alan bak\u0131m\u0131ndan hububat ve meyveden sonra gelirken, \u00fcretim de\u011feri a\u00e7\u0131s\u0131ndan ilk s\u0131rada yer al\u0131yor. 1999 verilerine g\u00f6re, Antalya\u2019da 362.986 dekar alanda sebze ekimi yap\u0131lm\u0131\u015f &hellip;","og_url":"https:\/\/denizcankizil.tr\/de\/haberler\/antalya\/anfas-fresh-antalya-ile-tarim-sektorunun-hepsi-bir-arada\/","og_site_name":"Av. Deniz Can K\u0131z\u0131l","article_published_time":"2025-07-08T10:41:19+00:00","author":"Av. Deniz Can K\u0131z\u0131l","twitter_card":"summary_large_image","twitter_misc":{"Verfasst von":"Av. Deniz Can K\u0131z\u0131l","Gesch\u00e4tzte Lesezeit":"2\u00a0Minuten"},"schema":{"@context":"https:\/\/schema.org","@graph":[{"@type":"Article","@id":"https:\/\/denizcankizil.tr\/de\/haberler\/antalya\/anfas-fresh-antalya-ile-tarim-sektorunun-hepsi-bir-arada\/#article","isPartOf":{"@id":"https:\/\/denizcankizil.tr\/de\/haberler\/antalya\/anfas-fresh-antalya-ile-tarim-sektorunun-hepsi-bir-arada\/"},"author":{"name":"Av. Deniz Can K\u0131z\u0131l","@id":"https:\/\/denizcankizil.tr\/#\/schema\/person\/5dc1b22991bd7ac833867c10afc9b0ff"},"headline":"Anfa\u015f Fresh Antalya ile Tar\u0131m Sekt\u00f6r\u00fcn\u00fcn Hepsi Bir Arada","datePublished":"2025-07-08T10:41:19+00:00","mainEntityOfPage":{"@id":"https:\/\/denizcankizil.tr\/de\/haberler\/antalya\/anfas-fresh-antalya-ile-tarim-sektorunun-hepsi-bir-arada\/"},"wordCount":455,"publisher":{"@id":"https:\/\/denizcankizil.tr\/#organization"},"articleSection":["Antalya"],"inLanguage":"de"},{"@type":"WebPage","@id":"https:\/\/denizcankizil.tr\/de\/haberler\/antalya\/anfas-fresh-antalya-ile-tarim-sektorunun-hepsi-bir-arada\/","url":"https:\/\/denizcankizil.tr\/de\/haberler\/antalya\/anfas-fresh-antalya-ile-tarim-sektorunun-hepsi-bir-arada\/","name":"Anfa\u015f Fresh Antalya ile Tar\u0131m Sekt\u00f6r\u00fcn\u00fcn Hepsi Bir Arada - Av. Deniz Can K\u0131z\u0131l","isPartOf":{"@id":"https:\/\/denizcankizil.tr\/#website"},"datePublished":"2025-07-08T10:41:19+00:00","breadcrumb":{"@id":"https:\/\/denizcankizil.tr\/de\/haberler\/antalya\/anfas-fresh-antalya-ile-tarim-sektorunun-hepsi-bir-arada\/#breadcrumb"},"inLanguage":"de","potentialAction":[{"@type":"ReadAction","target":["https:\/\/denizcankizil.tr\/de\/haberler\/antalya\/anfas-fresh-antalya-ile-tarim-sektorunun-hepsi-bir-arada\/"]}]},{"@type":"BreadcrumbList","@id":"https:\/\/denizcankizil.tr\/de\/haberler\/antalya\/anfas-fresh-antalya-ile-tarim-sektorunun-hepsi-bir-arada\/#breadcrumb","itemListElement":[{"@type":"ListItem","position":1,"name":"Home","item":"https:\/\/denizcankizil.tr\/uk\/"},{"@type":"ListItem","position":2,"name":"Anfa\u015f Fresh Antalya ile Tar\u0131m Sekt\u00f6r\u00fcn\u00fcn Hepsi Bir Arada"}]},{"@type":"WebSite","@id":"https:\/\/denizcankizil.tr\/#website","url":"https:\/\/denizcankizil.tr\/","name":"Av. Deniz Can K\u0131z\u0131l","description":"Avukat Deniz Can K\u0131z\u0131l Antalya Barosu","publisher":{"@id":"https:\/\/denizcankizil.tr\/#organization"},"potentialAction":[{"@type":"SearchAction","target":{"@type":"EntryPoint","urlTemplate":"https:\/\/denizcankizil.tr\/?s={search_term_string}"},"query-input":{"@type":"PropertyValueSpecification","valueRequired":true,"valueName":"search_term_string"}}],"inLanguage":"de"},{"@type":"Organization","@id":"https:\/\/denizcankizil.tr\/#organization","name":"Av. Deniz Can K\u0131z\u0131l","url":"https:\/\/denizcankizil.tr\/","logo":{"@type":"ImageObject","inLanguage":"de","@id":"https:\/\/denizcankizil.tr\/#\/schema\/logo\/image\/","url":"https:\/\/denizcankizil.tr\/wp-content\/uploads\/2024\/10\/siyah-logo-svg.svg","contentUrl":"https:\/\/denizcankizil.tr\/wp-content\/uploads\/2024\/10\/siyah-logo-svg.svg","width":1080,"height":1080,"caption":"Av. Deniz Can K\u0131z\u0131l"},"image":{"@id":"https:\/\/denizcankizil.tr\/#\/schema\/logo\/image\/"}},{"@type":"Person","@id":"https:\/\/denizcankizil.tr\/#\/schema\/person\/5dc1b22991bd7ac833867c10afc9b0ff","name":"Av. Deniz Can K\u0131z\u0131l","image":{"@type":"ImageObject","inLanguage":"de","@id":"https:\/\/denizcankizil.tr\/#\/schema\/person\/image\/","url":"https:\/\/secure.gravatar.com\/avatar\/a0b128fb9855c79efc976d5640eedb31dc35ec297594d6016d2cf7c60e975bb6?s=96&d=mm&r=g","contentUrl":"https:\/\/secure.gravatar.com\/avatar\/a0b128fb9855c79efc976d5640eedb31dc35ec297594d6016d2cf7c60e975bb6?s=96&d=mm&r=g","caption":"Av. Deniz Can K\u0131z\u0131l"},"sameAs":["http:\/\/www.denizcankizil.tr"],"url":"https:\/\/denizcankizil.tr\/de\/author\/denizcankizil\/"}]}},"_links":{"self":[{"href":"https:\/\/denizcankizil.tr\/de\/wp-json\/wp\/v2\/posts\/139761","targetHints":{"allow":["GET"]}}],"collection":[{"href":"https:\/\/denizcankizil.tr\/de\/wp-json\/wp\/v2\/posts"}],"about":[{"href":"https:\/\/denizcankizil.tr\/de\/wp-json\/wp\/v2\/types\/post"}],"author":[{"embeddable":true,"href":"https:\/\/denizcankizil.tr\/de\/wp-json\/wp\/v2\/users\/4"}],"replies":[{"embeddable":true,"href":"https:\/\/denizcankizil.tr\/de\/wp-json\/wp\/v2\/comments?post=139761"}],"version-history":[{"count":0,"href":"https:\/\/denizcankizil.tr\/de\/wp-json\/wp\/v2\/posts\/139761\/revisions"}],"wp:attachment":[{"href":"https:\/\/denizcankizil.tr\/de\/wp-json\/wp\/v2\/media?parent=139761"}],"wp:term":[{"taxonomy":"category","embeddable":true,"href":"https:\/\/denizcankizil.tr\/de\/wp-json\/wp\/v2\/categories?post=139761"},{"taxonomy":"post_tag","embeddable":true,"href":"https:\/\/denizcankizil.tr\/de\/wp-json\/wp\/v2\/tags?post=139761"}],"curies":[{"name":"wp","href":"https:\/\/api.w.org\/{rel}","templated":true}]}}