{"id":139682,"date":"2025-07-08T11:41:27","date_gmt":"2025-07-08T08:41:27","guid":{"rendered":"https:\/\/denizcankizil.tr\/uncategorized-tr\/niyazi-nefi-karadan-mesaj-var-manavgat-irmagi-kadar-berrak-ve-temizim\/"},"modified":"2025-07-08T11:41:27","modified_gmt":"2025-07-08T08:41:27","slug":"niyazi-nefi-karadan-mesaj-var-manavgat-irmagi-kadar-berrak-ve-temizim","status":"publish","type":"post","link":"https:\/\/denizcankizil.tr\/de\/haberler\/gundem\/niyazi-nefi-karadan-mesaj-var-manavgat-irmagi-kadar-berrak-ve-temizim\/","title":{"rendered":"Niyazi Nefi Kara\u2019dan mesaj var: \u201cManavgat Irma\u011f\u0131 kadar berrak ve temizim\u201d"},"content":{"rendered":"<p>Manavgat Cumhuriyet Ba\u015fsavc\u0131l\u0131\u011f\u0131&#8217;nca otel tadilat\u0131, in\u015faat ruhsat\u0131 ve iskan ba\u015fvurular\u0131yla ilgili r\u00fc\u015fvet al\u0131nd\u0131\u011f\u0131 iddias\u0131 \u00fczerine ba\u015flat\u0131lan soru\u015fturman\u0131n ard\u0131ndan belediyeye d\u00fczenlenen operasyonda g\u00f6zalt\u0131na al\u0131nan 34 ki\u015fiden, emniyetteki i\u015flemleri tamamlanan 6&#8217;s\u0131 Manavgat Adliyesine sevk edildi. Belediye Ba\u015fkan\u0131 Niyazi Nefi Kara ise hen\u00fcz adliyeye sevk edilmedi.<\/p>\n<p>K\u0130MLER TUTUKLANDI?<\/p>\n<p>Savc\u0131l\u0131k ifadelerinin ard\u0131ndan belediye meclis \u00fcyesi Mehmet Tosak ile i\u015f insanlar\u0131 Mesut Kara, \u0130lker G\u00fcnay, Mehmet Ali Fansa, Kemal Ta\u015f ve \u015e\u00fckr\u00fc Ilg\u0131n, tutuklanmalar\u0131 istemiyle n\u00f6bet\u00e7i hakimli\u011fe sevk edildi. Sulh Ceza Hakimli\u011fi, belediye meclis \u00fcyesi Mehmet Tosak&#8217;\u0131n &#8220;zimmet&#8221;, Mesut Kara&#8217;n\u0131n &#8220;r\u00fc\u015fvet almak&#8221;, \u0130lker G\u00fcnay&#8217;\u0131n &#8220;zimmet&#8221;, Mehmet Ali Fansa&#8217;n\u0131n &#8221; irtikap&#8221;, Kemal Ta\u015f ve \u015e\u00fckr\u00fc Ilg\u0131n&#8217;\u0131n ise &#8220;r\u00fc\u015fvet vermek&#8221; su\u00e7lar\u0131ndan tutuklanmas\u0131na karar verdi. G\u00f6zalt\u0131ndaki di\u011fer \u015f\u00fcphelilerden Belediye Ba\u015fkan\u0131 Niyazi Nefi Kara&#8217;n\u0131n da aralar\u0131nda bulundu\u011fu zanl\u0131lar emniyet i\u015flemlerini ard\u0131ndan adliyeye \u00e7\u0131kar\u0131lacak.<\/p>\n<p>KARA \u00c7ALMAK \u0130ST\u0130YORLAR<\/p>\n<p>G\u00f6zalt\u0131ndaki Niyazi Nefi Kara avukatlar\u0131 arac\u0131l\u0131\u011f\u0131yla a\u00e7\u0131klamalarda bulundu. Kara, \u201cAln\u0131m ak, iftiralara inanmay\u0131n ben hala sizin g\u00fcvenip se\u00e7ti\u011finiz Doktor Niyazi Nefi Kara\u2019y\u0131m. Ad\u0131ma ve Manavgat halk\u0131na kara \u00e7almak isteyenlere inat Manavgat \u0131rma\u011f\u0131 kadar berrak ve temizim. Manavgat\u2019\u0131 ve hepinizi \u00e7ok seviyorum. T\u00fcm Manavgat\u2019a selam olsun\u201d dedi.<\/p>\n<p>\u200bR\u00fc\u015fvet operasyonu \u00e7er\u00e7evesinde g\u00f6zalt\u0131na al\u0131nan Manavgat Belediye Ba\u015fkan\u0131 Niyazi Nefi Kara, avukatlar\u0131 arac\u0131l\u0131\u011f\u0131yla a\u00e7\u0131klamalarda bulundu. Kara, \u201cManavgat Irma\u011f\u0131 kadar berrak ve temizim\u201d dedi.\u00a0<\/p>\n<p>\u200bHaberin Al\u0131nt\u0131land\u0131\u011f\u0131 Kaynak: www.antalyakorfez.com<\/p>","protected":false},"excerpt":{"rendered":"<p>Manavgat Cumhuriyet Ba\u015fsavc\u0131l\u0131\u011f\u0131&#8217;nca otel tadilat\u0131, in\u015faat ruhsat\u0131 ve iskan ba\u015fvurular\u0131yla ilgili r\u00fc\u015fvet al\u0131nd\u0131\u011f\u0131 iddias\u0131 \u00fczerine ba\u015flat\u0131lan soru\u015fturman\u0131n ard\u0131ndan belediyeye d\u00fczenlenen operasyonda g\u00f6zalt\u0131na al\u0131nan 34 ki\u015fiden, emniyetteki i\u015flemleri tamamlanan 6&#8217;s\u0131 Manavgat Adliyesine sevk edildi. Belediye Ba\u015fkan\u0131 Niyazi Nefi Kara ise hen\u00fcz adliyeye sevk edilmedi. K\u0130MLER TUTUKLANDI? Savc\u0131l\u0131k ifadelerinin ard\u0131ndan belediye meclis \u00fcyesi Mehmet Tosak ile i\u015f insanlar\u0131 Mesut Kara, \u0130lker G\u00fcnay, Mehmet Ali Fansa, Kemal Ta\u015f ve \u015e\u00fckr\u00fc Ilg\u0131n, tutuklanmalar\u0131 istemiyle n\u00f6bet\u00e7i hakimli\u011fe sevk edildi. Sulh Ceza Hakimli\u011fi, belediye meclis \u00fcyesi Mehmet Tosak&#8217;\u0131n &#8220;zimmet&#8221;, Mesut Kara&#8217;n\u0131n &#8220;r\u00fc\u015fvet almak&#8221;, \u0130lker G\u00fcnay&#8217;\u0131n &#8220;zimmet&#8221;, Mehmet Ali Fansa&#8217;n\u0131n &#8221; irtikap&#8221;, Kemal Ta\u015f ve \u015e\u00fckr\u00fc Ilg\u0131n&#8217;\u0131n ise &#8220;r\u00fc\u015fvet vermek&#8221; su\u00e7lar\u0131ndan tutuklanmas\u0131na karar verdi. G\u00f6zalt\u0131ndaki di\u011fer \u015f\u00fcphelilerden Belediye Ba\u015fkan\u0131 Niyazi Nefi Kara&#8217;n\u0131n da aralar\u0131nda bulundu\u011fu zanl\u0131lar emniyet i\u015flemlerini ard\u0131ndan adliyeye \u00e7\u0131kar\u0131lacak. KARA \u00c7ALMAK \u0130ST\u0130YORLAR G\u00f6zalt\u0131ndaki Niyazi Nefi Kara avukatlar\u0131 arac\u0131l\u0131\u011f\u0131yla a\u00e7\u0131klamalarda bulundu. Kara, \u201cAln\u0131m ak, iftiralara inanmay\u0131n ben hala sizin g\u00fcvenip se\u00e7ti\u011finiz Doktor Niyazi Nefi Kara\u2019y\u0131m. Ad\u0131ma ve Manavgat halk\u0131na kara \u00e7almak isteyenlere inat Manavgat \u0131rma\u011f\u0131 kadar berrak ve temizim. Manavgat\u2019\u0131 ve hepinizi \u00e7ok seviyorum. T\u00fcm Manavgat\u2019a selam olsun\u201d dedi. \u200bR\u00fc\u015fvet operasyonu \u00e7er\u00e7evesinde g\u00f6zalt\u0131na al\u0131nan Manavgat Belediye Ba\u015fkan\u0131 Niyazi Nefi Kara, avukatlar\u0131 arac\u0131l\u0131\u011f\u0131yla a\u00e7\u0131klamalarda bulundu. Kara, \u201cManavgat Irma\u011f\u0131 kadar berrak ve temizim\u201d dedi.\u00a0 \u200bHaberin Al\u0131nt\u0131land\u0131\u011f\u0131 Kaynak: www.antalyakorfez.com<\/p>","protected":false},"author":5,"featured_media":0,"comment_status":"","ping_status":"open","sticky":false,"template":"","format":"standard","meta":{"_acf_changed":false,"footnotes":""},"categories":[24],"tags":[],"class_list":["post-139682","post","type-post","status-publish","format-standard","has-post-thumbnail","hentry","category-gundem"],"acf":[],"yoast_head":"<!-- This site is optimized with the Yoast SEO Premium plugin v26.6 (Yoast SEO v27.1.1) - https:\/\/yoast.com\/product\/yoast-seo-premium-wordpress\/ -->\n<title>Niyazi Nefi Kara\u2019dan mesaj var: \u201cManavgat Irma\u011f\u0131 kadar berrak ve temizim\u201d - Av. Deniz Can K\u0131z\u0131l<\/title>\n<meta name=\"robots\" content=\"index, follow, max-snippet:-1, max-image-preview:large, max-video-preview:-1\" \/>\n<link rel=\"canonical\" href=\"https:\/\/denizcankizil.tr\/de\/haberler\/gundem\/niyazi-nefi-karadan-mesaj-var-manavgat-irmagi-kadar-berrak-ve-temizim\/\" \/>\n<meta property=\"og:locale\" content=\"de_DE\" \/>\n<meta property=\"og:type\" content=\"article\" \/>\n<meta property=\"og:title\" content=\"Niyazi Nefi Kara\u2019dan mesaj var: \u201cManavgat Irma\u011f\u0131 kadar berrak ve temizim\u201d\" \/>\n<meta property=\"og:description\" content=\"Manavgat Cumhuriyet Ba\u015fsavc\u0131l\u0131\u011f\u0131&#8217;nca otel tadilat\u0131, in\u015faat ruhsat\u0131 ve iskan ba\u015fvurular\u0131yla ilgili r\u00fc\u015fvet al\u0131nd\u0131\u011f\u0131 iddias\u0131 \u00fczerine ba\u015flat\u0131lan soru\u015fturman\u0131n ard\u0131ndan belediyeye d\u00fczenlenen operasyonda g\u00f6zalt\u0131na al\u0131nan 34 ki\u015fiden, emniyetteki i\u015flemleri tamamlanan 6&#8217;s\u0131 Manavgat Adliyesine sevk edildi. Belediye Ba\u015fkan\u0131 Niyazi Nefi Kara ise hen\u00fcz adliyeye sevk edilmedi. K\u0130MLER TUTUKLANDI? Savc\u0131l\u0131k ifadelerinin ard\u0131ndan belediye meclis \u00fcyesi Mehmet Tosak ile i\u015f insanlar\u0131 Mesut Kara, \u0130lker G\u00fcnay, Mehmet Ali Fansa, Kemal Ta\u015f ve \u015e\u00fckr\u00fc Ilg\u0131n, tutuklanmalar\u0131 istemiyle n\u00f6bet\u00e7i hakimli\u011fe sevk edildi. Sulh Ceza Hakimli\u011fi, belediye meclis \u00fcyesi Mehmet Tosak&#8217;\u0131n &#8220;zimmet&#8221;, Mesut Kara&#8217;n\u0131n &#8220;r\u00fc\u015fvet almak&#8221;, \u0130lker G\u00fcnay&#8217;\u0131n &#8220;zimmet&#8221;, Mehmet Ali Fansa&#8217;n\u0131n &#8221; irtikap&#8221;, Kemal Ta\u015f ve \u015e\u00fckr\u00fc Ilg\u0131n&#8217;\u0131n ise &#8220;r\u00fc\u015fvet vermek&#8221; su\u00e7lar\u0131ndan tutuklanmas\u0131na karar verdi. G\u00f6zalt\u0131ndaki di\u011fer \u015f\u00fcphelilerden Belediye Ba\u015fkan\u0131 Niyazi Nefi Kara&#8217;n\u0131n da aralar\u0131nda bulundu\u011fu zanl\u0131lar emniyet i\u015flemlerini ard\u0131ndan adliyeye \u00e7\u0131kar\u0131lacak. KARA \u00c7ALMAK \u0130ST\u0130YORLAR G\u00f6zalt\u0131ndaki Niyazi Nefi Kara avukatlar\u0131 arac\u0131l\u0131\u011f\u0131yla a\u00e7\u0131klamalarda bulundu. Kara, \u201cAln\u0131m ak, iftiralara inanmay\u0131n ben hala sizin g\u00fcvenip se\u00e7ti\u011finiz Doktor Niyazi Nefi Kara\u2019y\u0131m. Ad\u0131ma ve Manavgat halk\u0131na kara \u00e7almak isteyenlere inat Manavgat \u0131rma\u011f\u0131 kadar berrak ve temizim. Manavgat\u2019\u0131 ve hepinizi \u00e7ok seviyorum. T\u00fcm Manavgat\u2019a selam olsun\u201d dedi. \u200bR\u00fc\u015fvet operasyonu \u00e7er\u00e7evesinde g\u00f6zalt\u0131na al\u0131nan Manavgat Belediye Ba\u015fkan\u0131 Niyazi Nefi Kara, avukatlar\u0131 arac\u0131l\u0131\u011f\u0131yla a\u00e7\u0131klamalarda bulundu. Kara, \u201cManavgat Irma\u011f\u0131 kadar berrak ve temizim\u201d dedi.\u00a0 \u200bHaberin Al\u0131nt\u0131land\u0131\u011f\u0131 Kaynak: www.antalyakorfez.com\" \/>\n<meta property=\"og:url\" content=\"https:\/\/denizcankizil.tr\/de\/haberler\/gundem\/niyazi-nefi-karadan-mesaj-var-manavgat-irmagi-kadar-berrak-ve-temizim\/\" \/>\n<meta property=\"og:site_name\" content=\"Av. Deniz Can K\u0131z\u0131l\" \/>\n<meta property=\"article:published_time\" content=\"2025-07-08T08:41:27+00:00\" \/>\n<meta name=\"author\" content=\"Antalya K\u00f6rfez\" \/>\n<meta name=\"twitter:card\" content=\"summary_large_image\" \/>\n<meta name=\"twitter:label1\" content=\"Verfasst von\" \/>\n\t<meta name=\"twitter:data1\" content=\"Antalya K\u00f6rfez\" \/>\n\t<meta name=\"twitter:label2\" content=\"Gesch\u00e4tzte Lesezeit\" \/>\n\t<meta name=\"twitter:data2\" content=\"1\u00a0Minute\" \/>\n<script type=\"application\/ld+json\" class=\"yoast-schema-graph\">{\"@context\":\"https:\/\/schema.org\",\"@graph\":[{\"@type\":\"Article\",\"@id\":\"https:\/\/denizcankizil.tr\/de\/haberler\/gundem\/niyazi-nefi-karadan-mesaj-var-manavgat-irmagi-kadar-berrak-ve-temizim\/#article\",\"isPartOf\":{\"@id\":\"https:\/\/denizcankizil.tr\/de\/haberler\/gundem\/niyazi-nefi-karadan-mesaj-var-manavgat-irmagi-kadar-berrak-ve-temizim\/\"},\"author\":{\"name\":\"Antalya K\u00f6rfez\",\"@id\":\"https:\/\/denizcankizil.tr\/de\/#\/schema\/person\/e1eb71bb4dd684d46563f0af307e1234\"},\"headline\":\"Niyazi Nefi Kara\u2019dan mesaj var: \u201cManavgat Irma\u011f\u0131 kadar berrak ve temizim\u201d\",\"datePublished\":\"2025-07-08T08:41:27+00:00\",\"mainEntityOfPage\":{\"@id\":\"https:\/\/denizcankizil.tr\/de\/haberler\/gundem\/niyazi-nefi-karadan-mesaj-var-manavgat-irmagi-kadar-berrak-ve-temizim\/\"},\"wordCount\":297,\"publisher\":{\"@id\":\"https:\/\/denizcankizil.tr\/de\/#organization\"},\"articleSection\":[\"G\u00fcndem\"],\"inLanguage\":\"de\"},{\"@type\":\"WebPage\",\"@id\":\"https:\/\/denizcankizil.tr\/de\/haberler\/gundem\/niyazi-nefi-karadan-mesaj-var-manavgat-irmagi-kadar-berrak-ve-temizim\/\",\"url\":\"https:\/\/denizcankizil.tr\/de\/haberler\/gundem\/niyazi-nefi-karadan-mesaj-var-manavgat-irmagi-kadar-berrak-ve-temizim\/\",\"name\":\"Niyazi Nefi Kara\u2019dan mesaj var: \u201cManavgat Irma\u011f\u0131 kadar berrak ve temizim\u201d - Av. Deniz Can K\u0131z\u0131l\",\"isPartOf\":{\"@id\":\"https:\/\/denizcankizil.tr\/de\/#website\"},\"datePublished\":\"2025-07-08T08:41:27+00:00\",\"breadcrumb\":{\"@id\":\"https:\/\/denizcankizil.tr\/de\/haberler\/gundem\/niyazi-nefi-karadan-mesaj-var-manavgat-irmagi-kadar-berrak-ve-temizim\/#breadcrumb\"},\"inLanguage\":\"de\",\"potentialAction\":[{\"@type\":\"ReadAction\",\"target\":[\"https:\/\/denizcankizil.tr\/de\/haberler\/gundem\/niyazi-nefi-karadan-mesaj-var-manavgat-irmagi-kadar-berrak-ve-temizim\/\"]}]},{\"@type\":\"BreadcrumbList\",\"@id\":\"https:\/\/denizcankizil.tr\/de\/haberler\/gundem\/niyazi-nefi-karadan-mesaj-var-manavgat-irmagi-kadar-berrak-ve-temizim\/#breadcrumb\",\"itemListElement\":[{\"@type\":\"ListItem\",\"position\":1,\"name\":\"Home\",\"item\":\"https:\/\/denizcankizil.tr\/de\/\"},{\"@type\":\"ListItem\",\"position\":2,\"name\":\"Niyazi Nefi Kara\u2019dan mesaj var: \u201cManavgat Irma\u011f\u0131 kadar berrak ve temizim\u201d\"}]},{\"@type\":\"WebSite\",\"@id\":\"https:\/\/denizcankizil.tr\/de\/#website\",\"url\":\"https:\/\/denizcankizil.tr\/de\/\",\"name\":\"Av. Deniz Can K\u0131z\u0131l\",\"description\":\"Avukat Deniz Can K\u0131z\u0131l Antalya Barosu\",\"publisher\":{\"@id\":\"https:\/\/denizcankizil.tr\/de\/#organization\"},\"potentialAction\":[{\"@type\":\"SearchAction\",\"target\":{\"@type\":\"EntryPoint\",\"urlTemplate\":\"https:\/\/denizcankizil.tr\/de\/?s={search_term_string}\"},\"query-input\":{\"@type\":\"PropertyValueSpecification\",\"valueRequired\":true,\"valueName\":\"search_term_string\"}}],\"inLanguage\":\"de\"},{\"@type\":\"Organization\",\"@id\":\"https:\/\/denizcankizil.tr\/de\/#organization\",\"name\":\"Av. Deniz Can K\u0131z\u0131l\",\"url\":\"https:\/\/denizcankizil.tr\/de\/\",\"logo\":{\"@type\":\"ImageObject\",\"inLanguage\":\"de\",\"@id\":\"https:\/\/denizcankizil.tr\/de\/#\/schema\/logo\/image\/\",\"url\":\"https:\/\/denizcankizil.tr\/wp-content\/uploads\/2024\/10\/siyah-logo-svg.svg\",\"contentUrl\":\"https:\/\/denizcankizil.tr\/wp-content\/uploads\/2024\/10\/siyah-logo-svg.svg\",\"width\":1080,\"height\":1080,\"caption\":\"Av. Deniz Can K\u0131z\u0131l\"},\"image\":{\"@id\":\"https:\/\/denizcankizil.tr\/de\/#\/schema\/logo\/image\/\"}},{\"@type\":\"Person\",\"@id\":\"https:\/\/denizcankizil.tr\/de\/#\/schema\/person\/e1eb71bb4dd684d46563f0af307e1234\",\"name\":\"Antalya K\u00f6rfez\",\"image\":{\"@type\":\"ImageObject\",\"inLanguage\":\"de\",\"@id\":\"https:\/\/denizcankizil.tr\/de\/#\/schema\/person\/image\/\",\"url\":\"https:\/\/secure.gravatar.com\/avatar\/42b01982558a48a0b501fdcab6a408d3717ea5919095ee2e67b0e521799c5905?s=96&d=mm&r=g\",\"contentUrl\":\"https:\/\/secure.gravatar.com\/avatar\/42b01982558a48a0b501fdcab6a408d3717ea5919095ee2e67b0e521799c5905?s=96&d=mm&r=g\",\"caption\":\"Antalya K\u00f6rfez\"},\"sameAs\":[\"http:\/\/www.antalyakorfez.com\"],\"url\":\"https:\/\/www.antalyakorfez.com\/niyazi-nefi-karadan-mesaj-var-manavgat-irmagi-kadar-berrak-ve-temizim\"}]}<\/script>\n<!-- \/ Yoast SEO Premium plugin. -->","yoast_head_json":{"title":"Niyazi Nefi Kara\u2019dan mesaj var: \u201cManavgat Irma\u011f\u0131 kadar berrak ve temizim\u201d - Av. Deniz Can K\u0131z\u0131l","robots":{"index":"index","follow":"follow","max-snippet":"max-snippet:-1","max-image-preview":"max-image-preview:large","max-video-preview":"max-video-preview:-1"},"canonical":"https:\/\/denizcankizil.tr\/de\/haberler\/gundem\/niyazi-nefi-karadan-mesaj-var-manavgat-irmagi-kadar-berrak-ve-temizim\/","og_locale":"de_DE","og_type":"article","og_title":"Niyazi Nefi Kara\u2019dan mesaj var: \u201cManavgat Irma\u011f\u0131 kadar berrak ve temizim\u201d","og_description":"Manavgat Cumhuriyet Ba\u015fsavc\u0131l\u0131\u011f\u0131&#8217;nca otel tadilat\u0131, in\u015faat ruhsat\u0131 ve iskan ba\u015fvurular\u0131yla ilgili r\u00fc\u015fvet al\u0131nd\u0131\u011f\u0131 iddias\u0131 \u00fczerine ba\u015flat\u0131lan soru\u015fturman\u0131n ard\u0131ndan belediyeye d\u00fczenlenen operasyonda g\u00f6zalt\u0131na al\u0131nan 34 ki\u015fiden, emniyetteki i\u015flemleri tamamlanan 6&#8217;s\u0131 Manavgat Adliyesine sevk edildi. Belediye Ba\u015fkan\u0131 Niyazi Nefi Kara ise hen\u00fcz adliyeye sevk edilmedi. K\u0130MLER TUTUKLANDI? Savc\u0131l\u0131k ifadelerinin ard\u0131ndan belediye meclis \u00fcyesi Mehmet Tosak ile i\u015f insanlar\u0131 Mesut Kara, \u0130lker G\u00fcnay, Mehmet Ali Fansa, Kemal Ta\u015f ve \u015e\u00fckr\u00fc Ilg\u0131n, tutuklanmalar\u0131 istemiyle n\u00f6bet\u00e7i hakimli\u011fe sevk edildi. Sulh Ceza Hakimli\u011fi, belediye meclis \u00fcyesi Mehmet Tosak&#8217;\u0131n &#8220;zimmet&#8221;, Mesut Kara&#8217;n\u0131n &#8220;r\u00fc\u015fvet almak&#8221;, \u0130lker G\u00fcnay&#8217;\u0131n &#8220;zimmet&#8221;, Mehmet Ali Fansa&#8217;n\u0131n &#8221; irtikap&#8221;, Kemal Ta\u015f ve \u015e\u00fckr\u00fc Ilg\u0131n&#8217;\u0131n ise &#8220;r\u00fc\u015fvet vermek&#8221; su\u00e7lar\u0131ndan tutuklanmas\u0131na karar verdi. G\u00f6zalt\u0131ndaki di\u011fer \u015f\u00fcphelilerden Belediye Ba\u015fkan\u0131 Niyazi Nefi Kara&#8217;n\u0131n da aralar\u0131nda bulundu\u011fu zanl\u0131lar emniyet i\u015flemlerini ard\u0131ndan adliyeye \u00e7\u0131kar\u0131lacak. KARA \u00c7ALMAK \u0130ST\u0130YORLAR G\u00f6zalt\u0131ndaki Niyazi Nefi Kara avukatlar\u0131 arac\u0131l\u0131\u011f\u0131yla a\u00e7\u0131klamalarda bulundu. Kara, \u201cAln\u0131m ak, iftiralara inanmay\u0131n ben hala sizin g\u00fcvenip se\u00e7ti\u011finiz Doktor Niyazi Nefi Kara\u2019y\u0131m. Ad\u0131ma ve Manavgat halk\u0131na kara \u00e7almak isteyenlere inat Manavgat \u0131rma\u011f\u0131 kadar berrak ve temizim. Manavgat\u2019\u0131 ve hepinizi \u00e7ok seviyorum. T\u00fcm Manavgat\u2019a selam olsun\u201d dedi. \u200bR\u00fc\u015fvet operasyonu \u00e7er\u00e7evesinde g\u00f6zalt\u0131na al\u0131nan Manavgat Belediye Ba\u015fkan\u0131 Niyazi Nefi Kara, avukatlar\u0131 arac\u0131l\u0131\u011f\u0131yla a\u00e7\u0131klamalarda bulundu. Kara, \u201cManavgat Irma\u011f\u0131 kadar berrak ve temizim\u201d dedi.\u00a0 \u200bHaberin Al\u0131nt\u0131land\u0131\u011f\u0131 Kaynak: www.antalyakorfez.com","og_url":"https:\/\/denizcankizil.tr\/de\/haberler\/gundem\/niyazi-nefi-karadan-mesaj-var-manavgat-irmagi-kadar-berrak-ve-temizim\/","og_site_name":"Av. Deniz Can K\u0131z\u0131l","article_published_time":"2025-07-08T08:41:27+00:00","author":"Antalya K\u00f6rfez","twitter_card":"summary_large_image","twitter_misc":{"Verfasst von":"Antalya K\u00f6rfez","Gesch\u00e4tzte Lesezeit":"1\u00a0Minute"},"schema":{"@context":"https:\/\/schema.org","@graph":[{"@type":"Article","@id":"https:\/\/denizcankizil.tr\/de\/haberler\/gundem\/niyazi-nefi-karadan-mesaj-var-manavgat-irmagi-kadar-berrak-ve-temizim\/#article","isPartOf":{"@id":"https:\/\/denizcankizil.tr\/de\/haberler\/gundem\/niyazi-nefi-karadan-mesaj-var-manavgat-irmagi-kadar-berrak-ve-temizim\/"},"author":{"name":"Antalya K\u00f6rfez","@id":"https:\/\/denizcankizil.tr\/de\/#\/schema\/person\/e1eb71bb4dd684d46563f0af307e1234"},"headline":"Niyazi Nefi Kara\u2019dan mesaj var: \u201cManavgat Irma\u011f\u0131 kadar berrak ve temizim\u201d","datePublished":"2025-07-08T08:41:27+00:00","mainEntityOfPage":{"@id":"https:\/\/denizcankizil.tr\/de\/haberler\/gundem\/niyazi-nefi-karadan-mesaj-var-manavgat-irmagi-kadar-berrak-ve-temizim\/"},"wordCount":297,"publisher":{"@id":"https:\/\/denizcankizil.tr\/de\/#organization"},"articleSection":["G\u00fcndem"],"inLanguage":"de"},{"@type":"WebPage","@id":"https:\/\/denizcankizil.tr\/de\/haberler\/gundem\/niyazi-nefi-karadan-mesaj-var-manavgat-irmagi-kadar-berrak-ve-temizim\/","url":"https:\/\/denizcankizil.tr\/de\/haberler\/gundem\/niyazi-nefi-karadan-mesaj-var-manavgat-irmagi-kadar-berrak-ve-temizim\/","name":"Niyazi Nefi Kara\u2019dan mesaj var: \u201cManavgat Irma\u011f\u0131 kadar berrak ve temizim\u201d - Av. Deniz Can K\u0131z\u0131l","isPartOf":{"@id":"https:\/\/denizcankizil.tr\/de\/#website"},"datePublished":"2025-07-08T08:41:27+00:00","breadcrumb":{"@id":"https:\/\/denizcankizil.tr\/de\/haberler\/gundem\/niyazi-nefi-karadan-mesaj-var-manavgat-irmagi-kadar-berrak-ve-temizim\/#breadcrumb"},"inLanguage":"de","potentialAction":[{"@type":"ReadAction","target":["https:\/\/denizcankizil.tr\/de\/haberler\/gundem\/niyazi-nefi-karadan-mesaj-var-manavgat-irmagi-kadar-berrak-ve-temizim\/"]}]},{"@type":"BreadcrumbList","@id":"https:\/\/denizcankizil.tr\/de\/haberler\/gundem\/niyazi-nefi-karadan-mesaj-var-manavgat-irmagi-kadar-berrak-ve-temizim\/#breadcrumb","itemListElement":[{"@type":"ListItem","position":1,"name":"Home","item":"https:\/\/denizcankizil.tr\/de\/"},{"@type":"ListItem","position":2,"name":"Niyazi Nefi Kara\u2019dan mesaj var: \u201cManavgat Irma\u011f\u0131 kadar berrak ve temizim\u201d"}]},{"@type":"WebSite","@id":"https:\/\/denizcankizil.tr\/de\/#website","url":"https:\/\/denizcankizil.tr\/de\/","name":"Av. Deniz Can K\u0131z\u0131l","description":"Avukat Deniz Can K\u0131z\u0131l Antalya Barosu","publisher":{"@id":"https:\/\/denizcankizil.tr\/de\/#organization"},"potentialAction":[{"@type":"SearchAction","target":{"@type":"EntryPoint","urlTemplate":"https:\/\/denizcankizil.tr\/de\/?s={search_term_string}"},"query-input":{"@type":"PropertyValueSpecification","valueRequired":true,"valueName":"search_term_string"}}],"inLanguage":"de"},{"@type":"Organization","@id":"https:\/\/denizcankizil.tr\/de\/#organization","name":"Av. Deniz Can K\u0131z\u0131l","url":"https:\/\/denizcankizil.tr\/de\/","logo":{"@type":"ImageObject","inLanguage":"de","@id":"https:\/\/denizcankizil.tr\/de\/#\/schema\/logo\/image\/","url":"https:\/\/denizcankizil.tr\/wp-content\/uploads\/2024\/10\/siyah-logo-svg.svg","contentUrl":"https:\/\/denizcankizil.tr\/wp-content\/uploads\/2024\/10\/siyah-logo-svg.svg","width":1080,"height":1080,"caption":"Av. Deniz Can K\u0131z\u0131l"},"image":{"@id":"https:\/\/denizcankizil.tr\/de\/#\/schema\/logo\/image\/"}},{"@type":"Person","@id":"https:\/\/denizcankizil.tr\/de\/#\/schema\/person\/e1eb71bb4dd684d46563f0af307e1234","name":"Antalya K\u00f6rfez","image":{"@type":"ImageObject","inLanguage":"de","@id":"https:\/\/denizcankizil.tr\/de\/#\/schema\/person\/image\/","url":"https:\/\/secure.gravatar.com\/avatar\/42b01982558a48a0b501fdcab6a408d3717ea5919095ee2e67b0e521799c5905?s=96&d=mm&r=g","contentUrl":"https:\/\/secure.gravatar.com\/avatar\/42b01982558a48a0b501fdcab6a408d3717ea5919095ee2e67b0e521799c5905?s=96&d=mm&r=g","caption":"Antalya K\u00f6rfez"},"sameAs":["http:\/\/www.antalyakorfez.com"],"url":"https:\/\/www.antalyakorfez.com\/niyazi-nefi-karadan-mesaj-var-manavgat-irmagi-kadar-berrak-ve-temizim"}]}},"_links":{"self":[{"href":"https:\/\/denizcankizil.tr\/de\/wp-json\/wp\/v2\/posts\/139682","targetHints":{"allow":["GET"]}}],"collection":[{"href":"https:\/\/denizcankizil.tr\/de\/wp-json\/wp\/v2\/posts"}],"about":[{"href":"https:\/\/denizcankizil.tr\/de\/wp-json\/wp\/v2\/types\/post"}],"author":[{"embeddable":true,"href":"https:\/\/denizcankizil.tr\/de\/wp-json\/wp\/v2\/users\/5"}],"replies":[{"embeddable":true,"href":"https:\/\/denizcankizil.tr\/de\/wp-json\/wp\/v2\/comments?post=139682"}],"version-history":[{"count":0,"href":"https:\/\/denizcankizil.tr\/de\/wp-json\/wp\/v2\/posts\/139682\/revisions"}],"wp:attachment":[{"href":"https:\/\/denizcankizil.tr\/de\/wp-json\/wp\/v2\/media?parent=139682"}],"wp:term":[{"taxonomy":"category","embeddable":true,"href":"https:\/\/denizcankizil.tr\/de\/wp-json\/wp\/v2\/categories?post=139682"},{"taxonomy":"post_tag","embeddable":true,"href":"https:\/\/denizcankizil.tr\/de\/wp-json\/wp\/v2\/tags?post=139682"}],"curies":[{"name":"wp","href":"https:\/\/api.w.org\/{rel}","templated":true}]}}