{"id":13945,"date":"2024-11-07T13:41:16","date_gmt":"2024-11-07T10:41:16","guid":{"rendered":"https:\/\/denizcankizil.tr\/uncategorized-tr\/bir-derdim-var-diyen-mor-ve-otesinin-derdi-buyuk\/"},"modified":"2024-11-07T13:41:16","modified_gmt":"2024-11-07T10:41:16","slug":"bir-derdim-var-diyen-mor-ve-otesinin-derdi-buyuk","status":"publish","type":"post","link":"https:\/\/denizcankizil.tr\/de\/haberler\/gundem\/bir-derdim-var-diyen-mor-ve-otesinin-derdi-buyuk\/","title":{"rendered":"&#8216;Bir derdim var&#8217; diyen Mor Ve \u00d6tesi&#8217;nin derdi b\u00fcy\u00fck"},"content":{"rendered":"<p>T\u00fcrkiye\u2019nin en sevilen m\u00fczik gruplar\u0131ndan biri olan Mor ve \u00d6tesi 19 May\u0131s 2024 tarihinde Ankara, Atat\u00fcrk Orman \u00c7iftli\u011fi\u2019nde sahne alm\u0131\u015ft\u0131. Ankara B\u00fcy\u00fck\u015fehir Belediyesi taraf\u0131ndan d\u00fczenlenen organizasyon sonucu gruba 71 milyon 520 bin TL \u00f6deme yap\u0131ld\u0131\u011f\u0131 iddia edilmi\u015fti.\u00a0<\/p>\n<p>SON DERECE FANTAST\u0130KT\u0130R<\/p>\n<p>Gelen bu iddialar \u00fczerine sevilen grup sosyal medya \u00fczerinden bir mesaj yay\u0131nlad\u0131. Yay\u0131nlad\u0131klar\u0131 bu mesaj ile haklar\u0131nda \u00e7\u0131kan iddialar\u0131 reddeden grup, \u201cBahsi ge\u00e7en 71 milyon TL de\u011ferindeki tutar\u0131 bizim \u201cald\u0131\u011f\u0131m\u0131za\u201d dair iddialar kesinlikle ger\u00e7ek d\u0131\u015f\u0131 ve son derece fantastiktir\u201d a\u00e7\u0131klamas\u0131nda bulundu.\u00a0<\/p>\n<p>GRUP \u0130DD\u0130ALARI KES\u0130N B\u0130R D\u0130LLE REDDETT\u0130\u00a0<\/p>\n<p>Grubun a\u00e7\u0131klamalar\u0131 yapt\u0131\u011f\u0131 a\u00e7\u0131klamada \u201c19 May\u0131s 2024 tarihinde Ankara, Atat\u00fcrk Orman \u00c7iftli\u011fi\u2019nde kat\u0131ld\u0131\u011f\u0131m\u0131z konserle ilgili son iki g\u00fcnde hakk\u0131m\u0131zda ortaya at\u0131lan as\u0131ls\u0131z iddialar\u0131 \u015fa\u015fk\u0131nl\u0131kla takip ediyoruz. Bahsi ge\u00e7en 71 milyon TL de\u011ferindeki tutar\u0131 bizim \u201cald\u0131\u011f\u0131m\u0131za\u201d dair iddialar kesinlikle ger\u00e7ek d\u0131\u015f\u0131 ve son derece fantastiktir. Bu ger\u00e7ek d\u0131\u015f\u0131 \u201cduyum\u201da do\u011fal olarak \u015f\u00fcpheyle yakla\u015fan kamuoyuna ve sa\u011fduyulu dinleyicilerimize te\u015fekk\u00fcr ederiz. Say\u0131n Mansur Yava\u015f\u2019\u0131n veya Ankara B\u00fcy\u00fck\u015fehir Belediyesi yetkililerinin de kamuoyunu ayr\u0131nt\u0131l\u0131 bi\u00e7imde bilgilendirece\u011fine inan\u0131yoruz. Kurulu\u015fumuzdan bug\u00fcne ge\u00e7en 28 y\u0131lda kamu kaynaklar\u0131na dair herhangi bir israf\u0131n \u00f6znesi olmamaya b\u00fcy\u00fck \u00f6zen g\u00f6sterdik. \u00d6yle de devam edece\u011fiz. Hakk\u0131m\u0131zdaki \u201cmor ve \u00f6tesi balina avlam\u0131\u015f, ada sat\u0131n alm\u0131\u015f, d\u00fcnyay\u0131 kontrol eden \u00fc\u00e7 aileden biriymi\u015f\u201d gibi s\u00f6ylencelere itibar edilmemesi dile\u011fiyle kamuoyuna sayg\u0131yla duyururuz\u201d bilgisi payla\u015ft\u0131.\u00a0<\/p>\n<p>\u200bT\u00fcrkiye\u2019nin en \u00e7ok dinlenen m\u00fczik gruplar\u0131ndan biri olan Mor ve \u00d6tesi, Ankara B\u00fcy\u00fck\u015fehir Belediyesi&#8217;nin ge\u00e7en 19 May\u0131s&#8217;ta d\u00fczenledi\u011fi konserden 71 milyon TL \u00f6deme ald\u0131klar\u0131n\u0131 iddias\u0131n\u0131, &#8220;Bahsi ge\u00e7en 71 milyon TL de\u011ferindeki tutar\u0131 bizim \u201cald\u0131\u011f\u0131m\u0131za\u201d dair iddialar kesinlikle ger\u00e7ek d\u0131\u015f\u0131 ve son derece fantastiktir&#8221; s\u00f6zleri ile yalanlad\u0131\u00a0<\/p>\n<p>\u200bHaberin Al\u0131nt\u0131land\u0131\u011f\u0131 Kaynak: www.antalyakorfez.com<\/p>","protected":false},"excerpt":{"rendered":"<p>T\u00fcrkiye\u2019nin en sevilen m\u00fczik gruplar\u0131ndan biri olan Mor ve \u00d6tesi 19 May\u0131s 2024 tarihinde Ankara, Atat\u00fcrk Orman \u00c7iftli\u011fi\u2019nde sahne alm\u0131\u015ft\u0131. Ankara B\u00fcy\u00fck\u015fehir Belediyesi taraf\u0131ndan d\u00fczenlenen organizasyon sonucu gruba 71 milyon 520 bin TL \u00f6deme yap\u0131ld\u0131\u011f\u0131 iddia edilmi\u015fti.\u00a0 SON DERECE FANTAST\u0130KT\u0130R Gelen bu iddialar \u00fczerine sevilen grup sosyal medya \u00fczerinden bir mesaj yay\u0131nlad\u0131. Yay\u0131nlad\u0131klar\u0131 bu mesaj ile haklar\u0131nda \u00e7\u0131kan iddialar\u0131 reddeden grup, \u201cBahsi ge\u00e7en 71 milyon TL de\u011ferindeki tutar\u0131 bizim \u201cald\u0131\u011f\u0131m\u0131za\u201d dair iddialar kesinlikle ger\u00e7ek d\u0131\u015f\u0131 ve son derece fantastiktir\u201d a\u00e7\u0131klamas\u0131nda bulundu.\u00a0 GRUP \u0130DD\u0130ALARI KES\u0130N B\u0130R D\u0130LLE REDDETT\u0130\u00a0 Grubun a\u00e7\u0131klamalar\u0131 yapt\u0131\u011f\u0131 a\u00e7\u0131klamada \u201c19 May\u0131s 2024 tarihinde Ankara, Atat\u00fcrk Orman \u00c7iftli\u011fi\u2019nde kat\u0131ld\u0131\u011f\u0131m\u0131z konserle ilgili son iki g\u00fcnde hakk\u0131m\u0131zda ortaya at\u0131lan as\u0131ls\u0131z iddialar\u0131 \u015fa\u015fk\u0131nl\u0131kla takip ediyoruz. Bahsi ge\u00e7en 71 milyon TL de\u011ferindeki tutar\u0131 bizim \u201cald\u0131\u011f\u0131m\u0131za\u201d dair iddialar kesinlikle ger\u00e7ek d\u0131\u015f\u0131 ve son derece fantastiktir. Bu ger\u00e7ek d\u0131\u015f\u0131 \u201cduyum\u201da do\u011fal olarak \u015f\u00fcpheyle yakla\u015fan kamuoyuna ve sa\u011fduyulu dinleyicilerimize te\u015fekk\u00fcr ederiz. Say\u0131n Mansur Yava\u015f\u2019\u0131n veya Ankara B\u00fcy\u00fck\u015fehir Belediyesi yetkililerinin de kamuoyunu ayr\u0131nt\u0131l\u0131 bi\u00e7imde bilgilendirece\u011fine inan\u0131yoruz. Kurulu\u015fumuzdan bug\u00fcne ge\u00e7en 28 y\u0131lda kamu kaynaklar\u0131na dair herhangi bir israf\u0131n \u00f6znesi olmamaya b\u00fcy\u00fck \u00f6zen g\u00f6sterdik. \u00d6yle de devam edece\u011fiz. Hakk\u0131m\u0131zdaki \u201cmor ve \u00f6tesi balina avlam\u0131\u015f, ada sat\u0131n alm\u0131\u015f, d\u00fcnyay\u0131 kontrol eden \u00fc\u00e7 aileden biriymi\u015f\u201d gibi s\u00f6ylencelere itibar edilmemesi dile\u011fiyle kamuoyuna &hellip;<\/p>","protected":false},"author":0,"featured_media":0,"comment_status":"open","ping_status":"open","sticky":false,"template":"","format":"standard","meta":{"_acf_changed":false,"footnotes":""},"categories":[24,535],"tags":[],"class_list":["post-13945","post","type-post","status-publish","format-standard","has-post-thumbnail","hentry","category-gundem","category-uncategorized-tr"],"acf":[],"yoast_head":"<!-- This site is optimized with the Yoast SEO Premium plugin v26.6 (Yoast SEO v27.1.1) - https:\/\/yoast.com\/product\/yoast-seo-premium-wordpress\/ -->\n<title>&#039;Bir derdim var&#039; diyen Mor Ve \u00d6tesi&#039;nin derdi b\u00fcy\u00fck - Av. Deniz Can K\u0131z\u0131l<\/title>\n<meta name=\"robots\" content=\"index, follow, max-snippet:-1, max-image-preview:large, max-video-preview:-1\" \/>\n<link rel=\"canonical\" href=\"https:\/\/denizcankizil.tr\/de\/haberler\/gundem\/bir-derdim-var-diyen-mor-ve-otesinin-derdi-buyuk\/\" \/>\n<meta property=\"og:locale\" content=\"de_DE\" \/>\n<meta property=\"og:type\" content=\"article\" \/>\n<meta property=\"og:title\" content=\"&#039;Bir derdim var&#039; diyen Mor Ve \u00d6tesi&#039;nin derdi b\u00fcy\u00fck\" \/>\n<meta property=\"og:description\" content=\"T\u00fcrkiye\u2019nin en sevilen m\u00fczik gruplar\u0131ndan biri olan Mor ve \u00d6tesi 19 May\u0131s 2024 tarihinde Ankara, Atat\u00fcrk Orman \u00c7iftli\u011fi\u2019nde sahne alm\u0131\u015ft\u0131. Ankara B\u00fcy\u00fck\u015fehir Belediyesi taraf\u0131ndan d\u00fczenlenen organizasyon sonucu gruba 71 milyon 520 bin TL \u00f6deme yap\u0131ld\u0131\u011f\u0131 iddia edilmi\u015fti.\u00a0 SON DERECE FANTAST\u0130KT\u0130R Gelen bu iddialar \u00fczerine sevilen grup sosyal medya \u00fczerinden bir mesaj yay\u0131nlad\u0131. Yay\u0131nlad\u0131klar\u0131 bu mesaj ile haklar\u0131nda \u00e7\u0131kan iddialar\u0131 reddeden grup, \u201cBahsi ge\u00e7en 71 milyon TL de\u011ferindeki tutar\u0131 bizim \u201cald\u0131\u011f\u0131m\u0131za\u201d dair iddialar kesinlikle ger\u00e7ek d\u0131\u015f\u0131 ve son derece fantastiktir\u201d a\u00e7\u0131klamas\u0131nda bulundu.\u00a0 GRUP \u0130DD\u0130ALARI KES\u0130N B\u0130R D\u0130LLE REDDETT\u0130\u00a0 Grubun a\u00e7\u0131klamalar\u0131 yapt\u0131\u011f\u0131 a\u00e7\u0131klamada \u201c19 May\u0131s 2024 tarihinde Ankara, Atat\u00fcrk Orman \u00c7iftli\u011fi\u2019nde kat\u0131ld\u0131\u011f\u0131m\u0131z konserle ilgili son iki g\u00fcnde hakk\u0131m\u0131zda ortaya at\u0131lan as\u0131ls\u0131z iddialar\u0131 \u015fa\u015fk\u0131nl\u0131kla takip ediyoruz. Bahsi ge\u00e7en 71 milyon TL de\u011ferindeki tutar\u0131 bizim \u201cald\u0131\u011f\u0131m\u0131za\u201d dair iddialar kesinlikle ger\u00e7ek d\u0131\u015f\u0131 ve son derece fantastiktir. Bu ger\u00e7ek d\u0131\u015f\u0131 \u201cduyum\u201da do\u011fal olarak \u015f\u00fcpheyle yakla\u015fan kamuoyuna ve sa\u011fduyulu dinleyicilerimize te\u015fekk\u00fcr ederiz. Say\u0131n Mansur Yava\u015f\u2019\u0131n veya Ankara B\u00fcy\u00fck\u015fehir Belediyesi yetkililerinin de kamuoyunu ayr\u0131nt\u0131l\u0131 bi\u00e7imde bilgilendirece\u011fine inan\u0131yoruz. Kurulu\u015fumuzdan bug\u00fcne ge\u00e7en 28 y\u0131lda kamu kaynaklar\u0131na dair herhangi bir israf\u0131n \u00f6znesi olmamaya b\u00fcy\u00fck \u00f6zen g\u00f6sterdik. \u00d6yle de devam edece\u011fiz. Hakk\u0131m\u0131zdaki \u201cmor ve \u00f6tesi balina avlam\u0131\u015f, ada sat\u0131n alm\u0131\u015f, d\u00fcnyay\u0131 kontrol eden \u00fc\u00e7 aileden biriymi\u015f\u201d gibi s\u00f6ylencelere itibar edilmemesi dile\u011fiyle kamuoyuna &hellip;\" \/>\n<meta property=\"og:url\" content=\"https:\/\/denizcankizil.tr\/de\/haberler\/gundem\/bir-derdim-var-diyen-mor-ve-otesinin-derdi-buyuk\/\" \/>\n<meta property=\"og:site_name\" content=\"Av. Deniz Can K\u0131z\u0131l\" \/>\n<meta property=\"article:published_time\" content=\"2024-11-07T10:41:16+00:00\" \/>\n<meta name=\"twitter:card\" content=\"summary_large_image\" \/>\n<meta name=\"twitter:label1\" content=\"Gesch\u00e4tzte Lesezeit\" \/>\n\t<meta name=\"twitter:data1\" content=\"2\u00a0Minuten\" \/>\n<script type=\"application\/ld+json\" class=\"yoast-schema-graph\">{\"@context\":\"https:\/\/schema.org\",\"@graph\":[{\"@type\":\"Article\",\"@id\":\"https:\/\/denizcankizil.tr\/de\/haberler\/gundem\/bir-derdim-var-diyen-mor-ve-otesinin-derdi-buyuk\/#article\",\"isPartOf\":{\"@id\":\"https:\/\/denizcankizil.tr\/de\/haberler\/gundem\/bir-derdim-var-diyen-mor-ve-otesinin-derdi-buyuk\/\"},\"author\":{\"name\":\"\",\"@id\":\"\"},\"headline\":\"&#8216;Bir derdim var&#8217; diyen Mor Ve \u00d6tesi&#8217;nin derdi b\u00fcy\u00fck\",\"datePublished\":\"2024-11-07T10:41:16+00:00\",\"mainEntityOfPage\":{\"@id\":\"https:\/\/denizcankizil.tr\/de\/haberler\/gundem\/bir-derdim-var-diyen-mor-ve-otesinin-derdi-buyuk\/\"},\"wordCount\":370,\"commentCount\":0,\"publisher\":{\"@id\":\"https:\/\/denizcankizil.tr\/#organization\"},\"articleSection\":[\"G\u00fcndem\",\"Uncategorized\"],\"inLanguage\":\"de\",\"potentialAction\":[{\"@type\":\"CommentAction\",\"name\":\"Comment\",\"target\":[\"https:\/\/denizcankizil.tr\/de\/haberler\/gundem\/bir-derdim-var-diyen-mor-ve-otesinin-derdi-buyuk\/#respond\"]}]},{\"@type\":\"WebPage\",\"@id\":\"https:\/\/denizcankizil.tr\/de\/haberler\/gundem\/bir-derdim-var-diyen-mor-ve-otesinin-derdi-buyuk\/\",\"url\":\"https:\/\/denizcankizil.tr\/de\/haberler\/gundem\/bir-derdim-var-diyen-mor-ve-otesinin-derdi-buyuk\/\",\"name\":\"'Bir derdim var' diyen Mor Ve \u00d6tesi'nin derdi b\u00fcy\u00fck - Av. Deniz Can K\u0131z\u0131l\",\"isPartOf\":{\"@id\":\"https:\/\/denizcankizil.tr\/#website\"},\"datePublished\":\"2024-11-07T10:41:16+00:00\",\"breadcrumb\":{\"@id\":\"https:\/\/denizcankizil.tr\/de\/haberler\/gundem\/bir-derdim-var-diyen-mor-ve-otesinin-derdi-buyuk\/#breadcrumb\"},\"inLanguage\":\"de\",\"potentialAction\":[{\"@type\":\"ReadAction\",\"target\":[\"https:\/\/denizcankizil.tr\/de\/haberler\/gundem\/bir-derdim-var-diyen-mor-ve-otesinin-derdi-buyuk\/\"]}]},{\"@type\":\"BreadcrumbList\",\"@id\":\"https:\/\/denizcankizil.tr\/de\/haberler\/gundem\/bir-derdim-var-diyen-mor-ve-otesinin-derdi-buyuk\/#breadcrumb\",\"itemListElement\":[{\"@type\":\"ListItem\",\"position\":1,\"name\":\"Home\",\"item\":\"https:\/\/denizcankizil.tr\/uk\/\"},{\"@type\":\"ListItem\",\"position\":2,\"name\":\"&#8216;Bir derdim var&#8217; diyen Mor Ve \u00d6tesi&#8217;nin derdi b\u00fcy\u00fck\"}]},{\"@type\":\"WebSite\",\"@id\":\"https:\/\/denizcankizil.tr\/#website\",\"url\":\"https:\/\/denizcankizil.tr\/\",\"name\":\"Av. Deniz Can K\u0131z\u0131l\",\"description\":\"Avukat Deniz Can K\u0131z\u0131l Antalya Barosu\",\"publisher\":{\"@id\":\"https:\/\/denizcankizil.tr\/#organization\"},\"potentialAction\":[{\"@type\":\"SearchAction\",\"target\":{\"@type\":\"EntryPoint\",\"urlTemplate\":\"https:\/\/denizcankizil.tr\/?s={search_term_string}\"},\"query-input\":{\"@type\":\"PropertyValueSpecification\",\"valueRequired\":true,\"valueName\":\"search_term_string\"}}],\"inLanguage\":\"de\"},{\"@type\":\"Organization\",\"@id\":\"https:\/\/denizcankizil.tr\/#organization\",\"name\":\"Av. Deniz Can K\u0131z\u0131l\",\"url\":\"https:\/\/denizcankizil.tr\/\",\"logo\":{\"@type\":\"ImageObject\",\"inLanguage\":\"de\",\"@id\":\"https:\/\/denizcankizil.tr\/#\/schema\/logo\/image\/\",\"url\":\"https:\/\/denizcankizil.tr\/wp-content\/uploads\/2024\/10\/siyah-logo-svg.svg\",\"contentUrl\":\"https:\/\/denizcankizil.tr\/wp-content\/uploads\/2024\/10\/siyah-logo-svg.svg\",\"width\":1080,\"height\":1080,\"caption\":\"Av. Deniz Can K\u0131z\u0131l\"},\"image\":{\"@id\":\"https:\/\/denizcankizil.tr\/#\/schema\/logo\/image\/\"}}]}<\/script>\n<!-- \/ Yoast SEO Premium plugin. -->","yoast_head_json":{"title":"'Bir derdim var' diyen Mor Ve \u00d6tesi'nin derdi b\u00fcy\u00fck - Av. Deniz Can K\u0131z\u0131l","robots":{"index":"index","follow":"follow","max-snippet":"max-snippet:-1","max-image-preview":"max-image-preview:large","max-video-preview":"max-video-preview:-1"},"canonical":"https:\/\/denizcankizil.tr\/de\/haberler\/gundem\/bir-derdim-var-diyen-mor-ve-otesinin-derdi-buyuk\/","og_locale":"de_DE","og_type":"article","og_title":"'Bir derdim var' diyen Mor Ve \u00d6tesi'nin derdi b\u00fcy\u00fck","og_description":"T\u00fcrkiye\u2019nin en sevilen m\u00fczik gruplar\u0131ndan biri olan Mor ve \u00d6tesi 19 May\u0131s 2024 tarihinde Ankara, Atat\u00fcrk Orman \u00c7iftli\u011fi\u2019nde sahne alm\u0131\u015ft\u0131. Ankara B\u00fcy\u00fck\u015fehir Belediyesi taraf\u0131ndan d\u00fczenlenen organizasyon sonucu gruba 71 milyon 520 bin TL \u00f6deme yap\u0131ld\u0131\u011f\u0131 iddia edilmi\u015fti.\u00a0 SON DERECE FANTAST\u0130KT\u0130R Gelen bu iddialar \u00fczerine sevilen grup sosyal medya \u00fczerinden bir mesaj yay\u0131nlad\u0131. Yay\u0131nlad\u0131klar\u0131 bu mesaj ile haklar\u0131nda \u00e7\u0131kan iddialar\u0131 reddeden grup, \u201cBahsi ge\u00e7en 71 milyon TL de\u011ferindeki tutar\u0131 bizim \u201cald\u0131\u011f\u0131m\u0131za\u201d dair iddialar kesinlikle ger\u00e7ek d\u0131\u015f\u0131 ve son derece fantastiktir\u201d a\u00e7\u0131klamas\u0131nda bulundu.\u00a0 GRUP \u0130DD\u0130ALARI KES\u0130N B\u0130R D\u0130LLE REDDETT\u0130\u00a0 Grubun a\u00e7\u0131klamalar\u0131 yapt\u0131\u011f\u0131 a\u00e7\u0131klamada \u201c19 May\u0131s 2024 tarihinde Ankara, Atat\u00fcrk Orman \u00c7iftli\u011fi\u2019nde kat\u0131ld\u0131\u011f\u0131m\u0131z konserle ilgili son iki g\u00fcnde hakk\u0131m\u0131zda ortaya at\u0131lan as\u0131ls\u0131z iddialar\u0131 \u015fa\u015fk\u0131nl\u0131kla takip ediyoruz. Bahsi ge\u00e7en 71 milyon TL de\u011ferindeki tutar\u0131 bizim \u201cald\u0131\u011f\u0131m\u0131za\u201d dair iddialar kesinlikle ger\u00e7ek d\u0131\u015f\u0131 ve son derece fantastiktir. Bu ger\u00e7ek d\u0131\u015f\u0131 \u201cduyum\u201da do\u011fal olarak \u015f\u00fcpheyle yakla\u015fan kamuoyuna ve sa\u011fduyulu dinleyicilerimize te\u015fekk\u00fcr ederiz. Say\u0131n Mansur Yava\u015f\u2019\u0131n veya Ankara B\u00fcy\u00fck\u015fehir Belediyesi yetkililerinin de kamuoyunu ayr\u0131nt\u0131l\u0131 bi\u00e7imde bilgilendirece\u011fine inan\u0131yoruz. Kurulu\u015fumuzdan bug\u00fcne ge\u00e7en 28 y\u0131lda kamu kaynaklar\u0131na dair herhangi bir israf\u0131n \u00f6znesi olmamaya b\u00fcy\u00fck \u00f6zen g\u00f6sterdik. \u00d6yle de devam edece\u011fiz. Hakk\u0131m\u0131zdaki \u201cmor ve \u00f6tesi balina avlam\u0131\u015f, ada sat\u0131n alm\u0131\u015f, d\u00fcnyay\u0131 kontrol eden \u00fc\u00e7 aileden biriymi\u015f\u201d gibi s\u00f6ylencelere itibar edilmemesi dile\u011fiyle kamuoyuna &hellip;","og_url":"https:\/\/denizcankizil.tr\/de\/haberler\/gundem\/bir-derdim-var-diyen-mor-ve-otesinin-derdi-buyuk\/","og_site_name":"Av. Deniz Can K\u0131z\u0131l","article_published_time":"2024-11-07T10:41:16+00:00","twitter_card":"summary_large_image","twitter_misc":{"Gesch\u00e4tzte Lesezeit":"2\u00a0Minuten"},"schema":{"@context":"https:\/\/schema.org","@graph":[{"@type":"Article","@id":"https:\/\/denizcankizil.tr\/de\/haberler\/gundem\/bir-derdim-var-diyen-mor-ve-otesinin-derdi-buyuk\/#article","isPartOf":{"@id":"https:\/\/denizcankizil.tr\/de\/haberler\/gundem\/bir-derdim-var-diyen-mor-ve-otesinin-derdi-buyuk\/"},"author":{"name":"","@id":""},"headline":"&#8216;Bir derdim var&#8217; diyen Mor Ve \u00d6tesi&#8217;nin derdi b\u00fcy\u00fck","datePublished":"2024-11-07T10:41:16+00:00","mainEntityOfPage":{"@id":"https:\/\/denizcankizil.tr\/de\/haberler\/gundem\/bir-derdim-var-diyen-mor-ve-otesinin-derdi-buyuk\/"},"wordCount":370,"commentCount":0,"publisher":{"@id":"https:\/\/denizcankizil.tr\/#organization"},"articleSection":["G\u00fcndem","Uncategorized"],"inLanguage":"de","potentialAction":[{"@type":"CommentAction","name":"Comment","target":["https:\/\/denizcankizil.tr\/de\/haberler\/gundem\/bir-derdim-var-diyen-mor-ve-otesinin-derdi-buyuk\/#respond"]}]},{"@type":"WebPage","@id":"https:\/\/denizcankizil.tr\/de\/haberler\/gundem\/bir-derdim-var-diyen-mor-ve-otesinin-derdi-buyuk\/","url":"https:\/\/denizcankizil.tr\/de\/haberler\/gundem\/bir-derdim-var-diyen-mor-ve-otesinin-derdi-buyuk\/","name":"'Bir derdim var' diyen Mor Ve \u00d6tesi'nin derdi b\u00fcy\u00fck - Av. Deniz Can K\u0131z\u0131l","isPartOf":{"@id":"https:\/\/denizcankizil.tr\/#website"},"datePublished":"2024-11-07T10:41:16+00:00","breadcrumb":{"@id":"https:\/\/denizcankizil.tr\/de\/haberler\/gundem\/bir-derdim-var-diyen-mor-ve-otesinin-derdi-buyuk\/#breadcrumb"},"inLanguage":"de","potentialAction":[{"@type":"ReadAction","target":["https:\/\/denizcankizil.tr\/de\/haberler\/gundem\/bir-derdim-var-diyen-mor-ve-otesinin-derdi-buyuk\/"]}]},{"@type":"BreadcrumbList","@id":"https:\/\/denizcankizil.tr\/de\/haberler\/gundem\/bir-derdim-var-diyen-mor-ve-otesinin-derdi-buyuk\/#breadcrumb","itemListElement":[{"@type":"ListItem","position":1,"name":"Home","item":"https:\/\/denizcankizil.tr\/uk\/"},{"@type":"ListItem","position":2,"name":"&#8216;Bir derdim var&#8217; diyen Mor Ve \u00d6tesi&#8217;nin derdi b\u00fcy\u00fck"}]},{"@type":"WebSite","@id":"https:\/\/denizcankizil.tr\/#website","url":"https:\/\/denizcankizil.tr\/","name":"Av. Deniz Can K\u0131z\u0131l","description":"Avukat Deniz Can K\u0131z\u0131l Antalya Barosu","publisher":{"@id":"https:\/\/denizcankizil.tr\/#organization"},"potentialAction":[{"@type":"SearchAction","target":{"@type":"EntryPoint","urlTemplate":"https:\/\/denizcankizil.tr\/?s={search_term_string}"},"query-input":{"@type":"PropertyValueSpecification","valueRequired":true,"valueName":"search_term_string"}}],"inLanguage":"de"},{"@type":"Organization","@id":"https:\/\/denizcankizil.tr\/#organization","name":"Av. Deniz Can K\u0131z\u0131l","url":"https:\/\/denizcankizil.tr\/","logo":{"@type":"ImageObject","inLanguage":"de","@id":"https:\/\/denizcankizil.tr\/#\/schema\/logo\/image\/","url":"https:\/\/denizcankizil.tr\/wp-content\/uploads\/2024\/10\/siyah-logo-svg.svg","contentUrl":"https:\/\/denizcankizil.tr\/wp-content\/uploads\/2024\/10\/siyah-logo-svg.svg","width":1080,"height":1080,"caption":"Av. Deniz Can K\u0131z\u0131l"},"image":{"@id":"https:\/\/denizcankizil.tr\/#\/schema\/logo\/image\/"}}]}},"_links":{"self":[{"href":"https:\/\/denizcankizil.tr\/de\/wp-json\/wp\/v2\/posts\/13945","targetHints":{"allow":["GET"]}}],"collection":[{"href":"https:\/\/denizcankizil.tr\/de\/wp-json\/wp\/v2\/posts"}],"about":[{"href":"https:\/\/denizcankizil.tr\/de\/wp-json\/wp\/v2\/types\/post"}],"replies":[{"embeddable":true,"href":"https:\/\/denizcankizil.tr\/de\/wp-json\/wp\/v2\/comments?post=13945"}],"version-history":[{"count":0,"href":"https:\/\/denizcankizil.tr\/de\/wp-json\/wp\/v2\/posts\/13945\/revisions"}],"wp:attachment":[{"href":"https:\/\/denizcankizil.tr\/de\/wp-json\/wp\/v2\/media?parent=13945"}],"wp:term":[{"taxonomy":"category","embeddable":true,"href":"https:\/\/denizcankizil.tr\/de\/wp-json\/wp\/v2\/categories?post=13945"},{"taxonomy":"post_tag","embeddable":true,"href":"https:\/\/denizcankizil.tr\/de\/wp-json\/wp\/v2\/tags?post=13945"}],"curies":[{"name":"wp","href":"https:\/\/api.w.org\/{rel}","templated":true}]}}