{"id":139056,"date":"2025-07-07T19:42:24","date_gmt":"2025-07-07T16:42:24","guid":{"rendered":"https:\/\/denizcankizil.tr\/uncategorized-tr\/suriyedeki-lazkiye-yanginina-turkiye-destegi\/"},"modified":"2025-07-07T19:42:24","modified_gmt":"2025-07-07T16:42:24","slug":"suriyedeki-lazkiye-yanginina-turkiye-destegi","status":"publish","type":"post","link":"https:\/\/denizcankizil.tr\/de\/haberler\/gundem\/suriyedeki-lazkiye-yanginina-turkiye-destegi\/","title":{"rendered":"Suriye\u2019deki Lazkiye yang\u0131n\u0131na T\u00fcrkiye deste\u011fi"},"content":{"rendered":"<p>Suriye&#8217;nin kuzeybat\u0131s\u0131ndaki Lazkiye b\u00f6lgesinde 3 Temmuz&#8217;da ba\u015flayan orman yang\u0131nlar\u0131, \u015fiddetli r\u00fczgar, a\u015f\u0131r\u0131 s\u0131cakl\u0131k ve kurakl\u0131k nedeniyle kontrol alt\u0131na al\u0131namad\u0131. T\u00fcrkiye\u2019nin s\u00f6nd\u00fcrme \u00e7al\u0131\u015fmalar\u0131na ilk etapta iki helikopter, Hatay B\u00fcy\u00fck\u015fehir Belediyesi ve Gaziantep \u015eahinbey Belediyesi\u2019nden itfaiye arac\u0131, su tankeri b\u00f6lgeye sevk edildi.<\/p>\n<p>Lazkiye\u2019de ba\u015flayan ve Hatay\u2019\u0131n Yaylada\u011f\u0131 s\u0131n\u0131r\u0131na kadar ula\u015fan yang\u0131nlar\u0131n yakla\u015f\u0131k 7 bin ile 10 bin hektarl\u0131k bir alanda etkili oldu\u011fu tahmin edilen orman yang\u0131n\u0131nda \u015fu ana kadar can kayb\u0131 bildirilmedi; ancak y\u00fczlerce aile evlerini terk etmek zorunda kald\u0131.<\/p>\n<p>ULUSLARARASI<\/p>\n<p>M\u00dcDAHALE BA\u015eLADI<\/p>\n<p>Edinilen bilgilere g\u00f6re, Japonya ve \u00dcrd\u00fcn de yang\u0131n s\u00f6nd\u00fcrme helikopterleriyle m\u00fcdahaleye destek verirken, Birle\u015fmi\u015f Milletler ekipleri insani yard\u0131m ve saha tespit \u00e7al\u0131\u015fmalar\u0131 i\u00e7in b\u00f6lgeye intikal etti. Yang\u0131na T\u00fcrkiye\u2019nin yan\u0131 s\u0131ra \u00e7e\u015fitli uluslararas\u0131 akt\u00f6rler de m\u00fcdahale ediyor.<\/p>\n<p>Hatay B\u00fcy\u00fck\u015fehir Belediyesi, Orman Genel M\u00fcd\u00fcrl\u00fc\u011f\u00fc, AFAD ve Jandarma Genel Komutanl\u0131\u011f\u0131 ile koordineli \u015fekilde, s\u0131n\u0131r b\u00f6lgelerine yakla\u015fan yang\u0131na m\u00fcdahalede aktif rol ald\u0131. HBB \u0130tfaiye Dairesi Ba\u015fkanl\u0131\u011f\u0131, b\u00f6lgeye ara\u00e7, ekipman ve personel deste\u011fi sa\u011flad\u0131.<\/p>\n<p>Yang\u0131n s\u00f6nd\u00fcrme \u00e7al\u0131\u015fmalar\u0131nda 84 ara\u00e7 ve 398 personel g\u00f6rev yaparken, s\u0131n\u0131r hatt\u0131nda yer alan Kepir, F\u0131r\u0131nl\u0131k, Qastal Maaf, Hav\u0131\u015fl\u0131k, Burrak ve T\u00fcrkmeneli b\u00f6lgelerinde devriyelerle \u00f6nleyici tedbirler al\u0131n\u0131yor.<\/p>\n<p>HAVADAN M\u00dcDAHALE<\/p>\n<p>DEVAM ED\u0130YOR<\/p>\n<p>Yang\u0131na havadan m\u00fcdahale kapsam\u0131nda, 3 u\u00e7ak ve 4 helikopter g\u00f6rev yap\u0131yor. \u00d6zellikle s\u0131n\u0131r hatt\u0131na yak\u0131n alanlarda yang\u0131n\u0131n T\u00fcrkiye taraf\u0131na s\u0131\u00e7ramamas\u0131 i\u00e7in yo\u011fun \u00f6nlem al\u0131nd\u0131.<\/p>\n<p>\u0130TFA\u0130YE B\u0130R\u0130MLER\u0130 TEYAKKUZDA<\/p>\n<p>HBB yetkilileri, yang\u0131n\u0131n Hatay topraklar\u0131na s\u0131\u00e7rama ihtimaline kar\u015f\u0131 itfaiye birimlerinin tam teyakkuzda oldu\u011funu belirterek, her t\u00fcrl\u00fc m\u00fcdahale senaryosuna haz\u0131r olundu\u011funu a\u00e7\u0131klad\u0131.<\/p>\n<p>\u200bT\u00fcrkiye\u2019nin, yang\u0131nla m\u00fccadele \u00e7al\u0131\u015fmalar\u0131na destek olmak amac\u0131yla helikopter ve itfaiye arac\u0131 g\u00f6nderdi\u011fi Suriye\u2019nin Kuzeyinde Lazkiye b\u00f6lgesinde \u00e7\u0131kan orman yang\u0131n\u0131 7 bin ile 10 bin hektarl\u0131k geni\u015f bir alanda etkili oldu.\u00a0<\/p>\n<p>\u200bHaberin Al\u0131nt\u0131land\u0131\u011f\u0131 Kaynak: www.iskenderun.org<\/p>","protected":false},"excerpt":{"rendered":"<p>Suriye&#8217;nin kuzeybat\u0131s\u0131ndaki Lazkiye b\u00f6lgesinde 3 Temmuz&#8217;da ba\u015flayan orman yang\u0131nlar\u0131, \u015fiddetli r\u00fczgar, a\u015f\u0131r\u0131 s\u0131cakl\u0131k ve kurakl\u0131k nedeniyle kontrol alt\u0131na al\u0131namad\u0131. T\u00fcrkiye\u2019nin s\u00f6nd\u00fcrme \u00e7al\u0131\u015fmalar\u0131na ilk etapta iki helikopter, Hatay B\u00fcy\u00fck\u015fehir Belediyesi ve Gaziantep \u015eahinbey Belediyesi\u2019nden itfaiye arac\u0131, su tankeri b\u00f6lgeye sevk edildi. Lazkiye\u2019de ba\u015flayan ve Hatay\u2019\u0131n Yaylada\u011f\u0131 s\u0131n\u0131r\u0131na kadar ula\u015fan yang\u0131nlar\u0131n yakla\u015f\u0131k 7 bin ile 10 bin hektarl\u0131k bir alanda etkili oldu\u011fu tahmin edilen orman yang\u0131n\u0131nda \u015fu ana kadar can kayb\u0131 bildirilmedi; ancak y\u00fczlerce aile evlerini terk etmek zorunda kald\u0131. ULUSLARARASI M\u00dcDAHALE BA\u015eLADI Edinilen bilgilere g\u00f6re, Japonya ve \u00dcrd\u00fcn de yang\u0131n s\u00f6nd\u00fcrme helikopterleriyle m\u00fcdahaleye destek verirken, Birle\u015fmi\u015f Milletler ekipleri insani yard\u0131m ve saha tespit \u00e7al\u0131\u015fmalar\u0131 i\u00e7in b\u00f6lgeye intikal etti. Yang\u0131na T\u00fcrkiye\u2019nin yan\u0131 s\u0131ra \u00e7e\u015fitli uluslararas\u0131 akt\u00f6rler de m\u00fcdahale ediyor. Hatay B\u00fcy\u00fck\u015fehir Belediyesi, Orman Genel M\u00fcd\u00fcrl\u00fc\u011f\u00fc, AFAD ve Jandarma Genel Komutanl\u0131\u011f\u0131 ile koordineli \u015fekilde, s\u0131n\u0131r b\u00f6lgelerine yakla\u015fan yang\u0131na m\u00fcdahalede aktif rol ald\u0131. HBB \u0130tfaiye Dairesi Ba\u015fkanl\u0131\u011f\u0131, b\u00f6lgeye ara\u00e7, ekipman ve personel deste\u011fi sa\u011flad\u0131. Yang\u0131n s\u00f6nd\u00fcrme \u00e7al\u0131\u015fmalar\u0131nda 84 ara\u00e7 ve 398 personel g\u00f6rev yaparken, s\u0131n\u0131r hatt\u0131nda yer alan Kepir, F\u0131r\u0131nl\u0131k, Qastal Maaf, Hav\u0131\u015fl\u0131k, Burrak ve T\u00fcrkmeneli b\u00f6lgelerinde devriyelerle \u00f6nleyici tedbirler al\u0131n\u0131yor. HAVADAN M\u00dcDAHALE DEVAM ED\u0130YOR Yang\u0131na havadan m\u00fcdahale kapsam\u0131nda, 3 u\u00e7ak ve 4 helikopter g\u00f6rev yap\u0131yor. \u00d6zellikle s\u0131n\u0131r hatt\u0131na yak\u0131n alanlarda yang\u0131n\u0131n T\u00fcrkiye taraf\u0131na &hellip;<\/p>","protected":false},"author":1,"featured_media":0,"comment_status":"","ping_status":"open","sticky":false,"template":"","format":"standard","meta":{"_acf_changed":false,"footnotes":""},"categories":[24],"tags":[],"class_list":["post-139056","post","type-post","status-publish","format-standard","has-post-thumbnail","hentry","category-gundem"],"acf":[],"yoast_head":"<!-- This site is optimized with the Yoast SEO Premium plugin v26.6 (Yoast SEO v27.1.1) - https:\/\/yoast.com\/product\/yoast-seo-premium-wordpress\/ -->\n<title>Suriye\u2019deki Lazkiye yang\u0131n\u0131na T\u00fcrkiye deste\u011fi - Av. Deniz Can K\u0131z\u0131l<\/title>\n<meta name=\"robots\" content=\"index, follow, max-snippet:-1, max-image-preview:large, max-video-preview:-1\" \/>\n<link rel=\"canonical\" href=\"https:\/\/denizcankizil.tr\/de\/haberler\/gundem\/suriyedeki-lazkiye-yanginina-turkiye-destegi\/\" \/>\n<meta property=\"og:locale\" content=\"de_DE\" \/>\n<meta property=\"og:type\" content=\"article\" \/>\n<meta property=\"og:title\" content=\"Suriye\u2019deki Lazkiye yang\u0131n\u0131na T\u00fcrkiye deste\u011fi\" \/>\n<meta property=\"og:description\" content=\"Suriye&#8217;nin kuzeybat\u0131s\u0131ndaki Lazkiye b\u00f6lgesinde 3 Temmuz&#8217;da ba\u015flayan orman yang\u0131nlar\u0131, \u015fiddetli r\u00fczgar, a\u015f\u0131r\u0131 s\u0131cakl\u0131k ve kurakl\u0131k nedeniyle kontrol alt\u0131na al\u0131namad\u0131. T\u00fcrkiye\u2019nin s\u00f6nd\u00fcrme \u00e7al\u0131\u015fmalar\u0131na ilk etapta iki helikopter, Hatay B\u00fcy\u00fck\u015fehir Belediyesi ve Gaziantep \u015eahinbey Belediyesi\u2019nden itfaiye arac\u0131, su tankeri b\u00f6lgeye sevk edildi. Lazkiye\u2019de ba\u015flayan ve Hatay\u2019\u0131n Yaylada\u011f\u0131 s\u0131n\u0131r\u0131na kadar ula\u015fan yang\u0131nlar\u0131n yakla\u015f\u0131k 7 bin ile 10 bin hektarl\u0131k bir alanda etkili oldu\u011fu tahmin edilen orman yang\u0131n\u0131nda \u015fu ana kadar can kayb\u0131 bildirilmedi; ancak y\u00fczlerce aile evlerini terk etmek zorunda kald\u0131. ULUSLARARASI M\u00dcDAHALE BA\u015eLADI Edinilen bilgilere g\u00f6re, Japonya ve \u00dcrd\u00fcn de yang\u0131n s\u00f6nd\u00fcrme helikopterleriyle m\u00fcdahaleye destek verirken, Birle\u015fmi\u015f Milletler ekipleri insani yard\u0131m ve saha tespit \u00e7al\u0131\u015fmalar\u0131 i\u00e7in b\u00f6lgeye intikal etti. Yang\u0131na T\u00fcrkiye\u2019nin yan\u0131 s\u0131ra \u00e7e\u015fitli uluslararas\u0131 akt\u00f6rler de m\u00fcdahale ediyor. Hatay B\u00fcy\u00fck\u015fehir Belediyesi, Orman Genel M\u00fcd\u00fcrl\u00fc\u011f\u00fc, AFAD ve Jandarma Genel Komutanl\u0131\u011f\u0131 ile koordineli \u015fekilde, s\u0131n\u0131r b\u00f6lgelerine yakla\u015fan yang\u0131na m\u00fcdahalede aktif rol ald\u0131. HBB \u0130tfaiye Dairesi Ba\u015fkanl\u0131\u011f\u0131, b\u00f6lgeye ara\u00e7, ekipman ve personel deste\u011fi sa\u011flad\u0131. Yang\u0131n s\u00f6nd\u00fcrme \u00e7al\u0131\u015fmalar\u0131nda 84 ara\u00e7 ve 398 personel g\u00f6rev yaparken, s\u0131n\u0131r hatt\u0131nda yer alan Kepir, F\u0131r\u0131nl\u0131k, Qastal Maaf, Hav\u0131\u015fl\u0131k, Burrak ve T\u00fcrkmeneli b\u00f6lgelerinde devriyelerle \u00f6nleyici tedbirler al\u0131n\u0131yor. HAVADAN M\u00dcDAHALE DEVAM ED\u0130YOR Yang\u0131na havadan m\u00fcdahale kapsam\u0131nda, 3 u\u00e7ak ve 4 helikopter g\u00f6rev yap\u0131yor. \u00d6zellikle s\u0131n\u0131r hatt\u0131na yak\u0131n alanlarda yang\u0131n\u0131n T\u00fcrkiye taraf\u0131na &hellip;\" \/>\n<meta property=\"og:url\" content=\"https:\/\/denizcankizil.tr\/de\/haberler\/gundem\/suriyedeki-lazkiye-yanginina-turkiye-destegi\/\" \/>\n<meta property=\"og:site_name\" content=\"Av. Deniz Can K\u0131z\u0131l\" \/>\n<meta property=\"article:published_time\" content=\"2025-07-07T16:42:24+00:00\" \/>\n<meta name=\"author\" content=\"admin\" \/>\n<meta name=\"twitter:card\" content=\"summary_large_image\" \/>\n<meta name=\"twitter:label1\" content=\"Verfasst von\" \/>\n\t<meta name=\"twitter:data1\" content=\"admin\" \/>\n\t<meta name=\"twitter:label2\" content=\"Gesch\u00e4tzte Lesezeit\" \/>\n\t<meta name=\"twitter:data2\" content=\"2\u00a0Minuten\" \/>\n<script type=\"application\/ld+json\" class=\"yoast-schema-graph\">{\"@context\":\"https:\/\/schema.org\",\"@graph\":[{\"@type\":\"Article\",\"@id\":\"https:\/\/denizcankizil.tr\/ru\/haberler\/gundem\/suriyedeki-lazkiye-yanginina-turkiye-destegi\/#article\",\"isPartOf\":{\"@id\":\"https:\/\/denizcankizil.tr\/ru\/haberler\/gundem\/suriyedeki-lazkiye-yanginina-turkiye-destegi\/\"},\"author\":{\"name\":\"admin\",\"@id\":\"https:\/\/denizcankizil.tr\/de\/#\/schema\/person\/be3c05fe6a12686905512445d8185489\"},\"headline\":\"Suriye\u2019deki Lazkiye yang\u0131n\u0131na T\u00fcrkiye deste\u011fi\",\"datePublished\":\"2025-07-07T16:42:24+00:00\",\"mainEntityOfPage\":{\"@id\":\"https:\/\/denizcankizil.tr\/ru\/haberler\/gundem\/suriyedeki-lazkiye-yanginina-turkiye-destegi\/\"},\"wordCount\":407,\"publisher\":{\"@id\":\"https:\/\/denizcankizil.tr\/de\/#organization\"},\"articleSection\":[\"G\u00fcndem\"],\"inLanguage\":\"de\"},{\"@type\":\"WebPage\",\"@id\":\"https:\/\/denizcankizil.tr\/ru\/haberler\/gundem\/suriyedeki-lazkiye-yanginina-turkiye-destegi\/\",\"url\":\"https:\/\/denizcankizil.tr\/ru\/haberler\/gundem\/suriyedeki-lazkiye-yanginina-turkiye-destegi\/\",\"name\":\"Suriye\u2019deki Lazkiye yang\u0131n\u0131na T\u00fcrkiye deste\u011fi - Av. Deniz Can K\u0131z\u0131l\",\"isPartOf\":{\"@id\":\"https:\/\/denizcankizil.tr\/de\/#website\"},\"datePublished\":\"2025-07-07T16:42:24+00:00\",\"breadcrumb\":{\"@id\":\"https:\/\/denizcankizil.tr\/ru\/haberler\/gundem\/suriyedeki-lazkiye-yanginina-turkiye-destegi\/#breadcrumb\"},\"inLanguage\":\"de\",\"potentialAction\":[{\"@type\":\"ReadAction\",\"target\":[\"https:\/\/denizcankizil.tr\/ru\/haberler\/gundem\/suriyedeki-lazkiye-yanginina-turkiye-destegi\/\"]}]},{\"@type\":\"BreadcrumbList\",\"@id\":\"https:\/\/denizcankizil.tr\/ru\/haberler\/gundem\/suriyedeki-lazkiye-yanginina-turkiye-destegi\/#breadcrumb\",\"itemListElement\":[{\"@type\":\"ListItem\",\"position\":1,\"name\":\"Home\",\"item\":\"https:\/\/denizcankizil.tr\/de\/\"},{\"@type\":\"ListItem\",\"position\":2,\"name\":\"Suriye\u2019deki Lazkiye yang\u0131n\u0131na T\u00fcrkiye deste\u011fi\"}]},{\"@type\":\"WebSite\",\"@id\":\"https:\/\/denizcankizil.tr\/de\/#website\",\"url\":\"https:\/\/denizcankizil.tr\/de\/\",\"name\":\"Av. Deniz Can K\u0131z\u0131l\",\"description\":\"Avukat Deniz Can K\u0131z\u0131l Antalya Barosu\",\"publisher\":{\"@id\":\"https:\/\/denizcankizil.tr\/de\/#organization\"},\"potentialAction\":[{\"@type\":\"SearchAction\",\"target\":{\"@type\":\"EntryPoint\",\"urlTemplate\":\"https:\/\/denizcankizil.tr\/de\/?s={search_term_string}\"},\"query-input\":{\"@type\":\"PropertyValueSpecification\",\"valueRequired\":true,\"valueName\":\"search_term_string\"}}],\"inLanguage\":\"de\"},{\"@type\":\"Organization\",\"@id\":\"https:\/\/denizcankizil.tr\/de\/#organization\",\"name\":\"Av. Deniz Can K\u0131z\u0131l\",\"url\":\"https:\/\/denizcankizil.tr\/de\/\",\"logo\":{\"@type\":\"ImageObject\",\"inLanguage\":\"de\",\"@id\":\"https:\/\/denizcankizil.tr\/de\/#\/schema\/logo\/image\/\",\"url\":\"https:\/\/denizcankizil.tr\/wp-content\/uploads\/2024\/10\/siyah-logo-svg.svg\",\"contentUrl\":\"https:\/\/denizcankizil.tr\/wp-content\/uploads\/2024\/10\/siyah-logo-svg.svg\",\"width\":1080,\"height\":1080,\"caption\":\"Av. Deniz Can K\u0131z\u0131l\"},\"image\":{\"@id\":\"https:\/\/denizcankizil.tr\/de\/#\/schema\/logo\/image\/\"}},{\"@type\":\"Person\",\"@id\":\"https:\/\/denizcankizil.tr\/de\/#\/schema\/person\/be3c05fe6a12686905512445d8185489\",\"name\":\"admin\",\"image\":{\"@type\":\"ImageObject\",\"inLanguage\":\"de\",\"@id\":\"https:\/\/denizcankizil.tr\/de\/#\/schema\/person\/image\/\",\"url\":\"https:\/\/secure.gravatar.com\/avatar\/c1fce94c830dc79107e174f890d7210541c4a63e8e5d816341794a2151c9d58c?s=96&d=mm&r=g\",\"contentUrl\":\"https:\/\/secure.gravatar.com\/avatar\/c1fce94c830dc79107e174f890d7210541c4a63e8e5d816341794a2151c9d58c?s=96&d=mm&r=g\",\"caption\":\"admin\"},\"sameAs\":[\"http:\/\/denizcankizil.tr\"],\"url\":\"https:\/\/www.iskenderun.org\/suriyedeki-lazkiye-yanginina-turkiye-destegi\"}]}<\/script>\n<!-- \/ Yoast SEO Premium plugin. -->","yoast_head_json":{"title":"Suriye\u2019deki Lazkiye yang\u0131n\u0131na T\u00fcrkiye deste\u011fi - Av. Deniz Can K\u0131z\u0131l","robots":{"index":"index","follow":"follow","max-snippet":"max-snippet:-1","max-image-preview":"max-image-preview:large","max-video-preview":"max-video-preview:-1"},"canonical":"https:\/\/denizcankizil.tr\/de\/haberler\/gundem\/suriyedeki-lazkiye-yanginina-turkiye-destegi\/","og_locale":"de_DE","og_type":"article","og_title":"Suriye\u2019deki Lazkiye yang\u0131n\u0131na T\u00fcrkiye deste\u011fi","og_description":"Suriye&#8217;nin kuzeybat\u0131s\u0131ndaki Lazkiye b\u00f6lgesinde 3 Temmuz&#8217;da ba\u015flayan orman yang\u0131nlar\u0131, \u015fiddetli r\u00fczgar, a\u015f\u0131r\u0131 s\u0131cakl\u0131k ve kurakl\u0131k nedeniyle kontrol alt\u0131na al\u0131namad\u0131. T\u00fcrkiye\u2019nin s\u00f6nd\u00fcrme \u00e7al\u0131\u015fmalar\u0131na ilk etapta iki helikopter, Hatay B\u00fcy\u00fck\u015fehir Belediyesi ve Gaziantep \u015eahinbey Belediyesi\u2019nden itfaiye arac\u0131, su tankeri b\u00f6lgeye sevk edildi. Lazkiye\u2019de ba\u015flayan ve Hatay\u2019\u0131n Yaylada\u011f\u0131 s\u0131n\u0131r\u0131na kadar ula\u015fan yang\u0131nlar\u0131n yakla\u015f\u0131k 7 bin ile 10 bin hektarl\u0131k bir alanda etkili oldu\u011fu tahmin edilen orman yang\u0131n\u0131nda \u015fu ana kadar can kayb\u0131 bildirilmedi; ancak y\u00fczlerce aile evlerini terk etmek zorunda kald\u0131. ULUSLARARASI M\u00dcDAHALE BA\u015eLADI Edinilen bilgilere g\u00f6re, Japonya ve \u00dcrd\u00fcn de yang\u0131n s\u00f6nd\u00fcrme helikopterleriyle m\u00fcdahaleye destek verirken, Birle\u015fmi\u015f Milletler ekipleri insani yard\u0131m ve saha tespit \u00e7al\u0131\u015fmalar\u0131 i\u00e7in b\u00f6lgeye intikal etti. Yang\u0131na T\u00fcrkiye\u2019nin yan\u0131 s\u0131ra \u00e7e\u015fitli uluslararas\u0131 akt\u00f6rler de m\u00fcdahale ediyor. Hatay B\u00fcy\u00fck\u015fehir Belediyesi, Orman Genel M\u00fcd\u00fcrl\u00fc\u011f\u00fc, AFAD ve Jandarma Genel Komutanl\u0131\u011f\u0131 ile koordineli \u015fekilde, s\u0131n\u0131r b\u00f6lgelerine yakla\u015fan yang\u0131na m\u00fcdahalede aktif rol ald\u0131. HBB \u0130tfaiye Dairesi Ba\u015fkanl\u0131\u011f\u0131, b\u00f6lgeye ara\u00e7, ekipman ve personel deste\u011fi sa\u011flad\u0131. Yang\u0131n s\u00f6nd\u00fcrme \u00e7al\u0131\u015fmalar\u0131nda 84 ara\u00e7 ve 398 personel g\u00f6rev yaparken, s\u0131n\u0131r hatt\u0131nda yer alan Kepir, F\u0131r\u0131nl\u0131k, Qastal Maaf, Hav\u0131\u015fl\u0131k, Burrak ve T\u00fcrkmeneli b\u00f6lgelerinde devriyelerle \u00f6nleyici tedbirler al\u0131n\u0131yor. HAVADAN M\u00dcDAHALE DEVAM ED\u0130YOR Yang\u0131na havadan m\u00fcdahale kapsam\u0131nda, 3 u\u00e7ak ve 4 helikopter g\u00f6rev yap\u0131yor. \u00d6zellikle s\u0131n\u0131r hatt\u0131na yak\u0131n alanlarda yang\u0131n\u0131n T\u00fcrkiye taraf\u0131na &hellip;","og_url":"https:\/\/denizcankizil.tr\/de\/haberler\/gundem\/suriyedeki-lazkiye-yanginina-turkiye-destegi\/","og_site_name":"Av. Deniz Can K\u0131z\u0131l","article_published_time":"2025-07-07T16:42:24+00:00","author":"admin","twitter_card":"summary_large_image","twitter_misc":{"Verfasst von":"admin","Gesch\u00e4tzte Lesezeit":"2\u00a0Minuten"},"schema":{"@context":"https:\/\/schema.org","@graph":[{"@type":"Article","@id":"https:\/\/denizcankizil.tr\/ru\/haberler\/gundem\/suriyedeki-lazkiye-yanginina-turkiye-destegi\/#article","isPartOf":{"@id":"https:\/\/denizcankizil.tr\/ru\/haberler\/gundem\/suriyedeki-lazkiye-yanginina-turkiye-destegi\/"},"author":{"name":"admin","@id":"https:\/\/denizcankizil.tr\/de\/#\/schema\/person\/be3c05fe6a12686905512445d8185489"},"headline":"Suriye\u2019deki Lazkiye yang\u0131n\u0131na T\u00fcrkiye deste\u011fi","datePublished":"2025-07-07T16:42:24+00:00","mainEntityOfPage":{"@id":"https:\/\/denizcankizil.tr\/ru\/haberler\/gundem\/suriyedeki-lazkiye-yanginina-turkiye-destegi\/"},"wordCount":407,"publisher":{"@id":"https:\/\/denizcankizil.tr\/de\/#organization"},"articleSection":["G\u00fcndem"],"inLanguage":"de"},{"@type":"WebPage","@id":"https:\/\/denizcankizil.tr\/ru\/haberler\/gundem\/suriyedeki-lazkiye-yanginina-turkiye-destegi\/","url":"https:\/\/denizcankizil.tr\/ru\/haberler\/gundem\/suriyedeki-lazkiye-yanginina-turkiye-destegi\/","name":"Suriye\u2019deki Lazkiye yang\u0131n\u0131na T\u00fcrkiye deste\u011fi - Av. Deniz Can K\u0131z\u0131l","isPartOf":{"@id":"https:\/\/denizcankizil.tr\/de\/#website"},"datePublished":"2025-07-07T16:42:24+00:00","breadcrumb":{"@id":"https:\/\/denizcankizil.tr\/ru\/haberler\/gundem\/suriyedeki-lazkiye-yanginina-turkiye-destegi\/#breadcrumb"},"inLanguage":"de","potentialAction":[{"@type":"ReadAction","target":["https:\/\/denizcankizil.tr\/ru\/haberler\/gundem\/suriyedeki-lazkiye-yanginina-turkiye-destegi\/"]}]},{"@type":"BreadcrumbList","@id":"https:\/\/denizcankizil.tr\/ru\/haberler\/gundem\/suriyedeki-lazkiye-yanginina-turkiye-destegi\/#breadcrumb","itemListElement":[{"@type":"ListItem","position":1,"name":"Home","item":"https:\/\/denizcankizil.tr\/de\/"},{"@type":"ListItem","position":2,"name":"Suriye\u2019deki Lazkiye yang\u0131n\u0131na T\u00fcrkiye deste\u011fi"}]},{"@type":"WebSite","@id":"https:\/\/denizcankizil.tr\/de\/#website","url":"https:\/\/denizcankizil.tr\/de\/","name":"Av. Deniz Can K\u0131z\u0131l","description":"Avukat Deniz Can K\u0131z\u0131l Antalya Barosu","publisher":{"@id":"https:\/\/denizcankizil.tr\/de\/#organization"},"potentialAction":[{"@type":"SearchAction","target":{"@type":"EntryPoint","urlTemplate":"https:\/\/denizcankizil.tr\/de\/?s={search_term_string}"},"query-input":{"@type":"PropertyValueSpecification","valueRequired":true,"valueName":"search_term_string"}}],"inLanguage":"de"},{"@type":"Organization","@id":"https:\/\/denizcankizil.tr\/de\/#organization","name":"Av. Deniz Can K\u0131z\u0131l","url":"https:\/\/denizcankizil.tr\/de\/","logo":{"@type":"ImageObject","inLanguage":"de","@id":"https:\/\/denizcankizil.tr\/de\/#\/schema\/logo\/image\/","url":"https:\/\/denizcankizil.tr\/wp-content\/uploads\/2024\/10\/siyah-logo-svg.svg","contentUrl":"https:\/\/denizcankizil.tr\/wp-content\/uploads\/2024\/10\/siyah-logo-svg.svg","width":1080,"height":1080,"caption":"Av. Deniz Can K\u0131z\u0131l"},"image":{"@id":"https:\/\/denizcankizil.tr\/de\/#\/schema\/logo\/image\/"}},{"@type":"Person","@id":"https:\/\/denizcankizil.tr\/de\/#\/schema\/person\/be3c05fe6a12686905512445d8185489","name":"Administrator","image":{"@type":"ImageObject","inLanguage":"de","@id":"https:\/\/denizcankizil.tr\/de\/#\/schema\/person\/image\/","url":"https:\/\/secure.gravatar.com\/avatar\/c1fce94c830dc79107e174f890d7210541c4a63e8e5d816341794a2151c9d58c?s=96&d=mm&r=g","contentUrl":"https:\/\/secure.gravatar.com\/avatar\/c1fce94c830dc79107e174f890d7210541c4a63e8e5d816341794a2151c9d58c?s=96&d=mm&r=g","caption":"admin"},"sameAs":["http:\/\/denizcankizil.tr"],"url":"https:\/\/www.iskenderun.org\/suriyedeki-lazkiye-yanginina-turkiye-destegi"}]}},"_links":{"self":[{"href":"https:\/\/denizcankizil.tr\/de\/wp-json\/wp\/v2\/posts\/139056","targetHints":{"allow":["GET"]}}],"collection":[{"href":"https:\/\/denizcankizil.tr\/de\/wp-json\/wp\/v2\/posts"}],"about":[{"href":"https:\/\/denizcankizil.tr\/de\/wp-json\/wp\/v2\/types\/post"}],"author":[{"embeddable":true,"href":"https:\/\/denizcankizil.tr\/de\/wp-json\/wp\/v2\/users\/1"}],"replies":[{"embeddable":true,"href":"https:\/\/denizcankizil.tr\/de\/wp-json\/wp\/v2\/comments?post=139056"}],"version-history":[{"count":0,"href":"https:\/\/denizcankizil.tr\/de\/wp-json\/wp\/v2\/posts\/139056\/revisions"}],"wp:attachment":[{"href":"https:\/\/denizcankizil.tr\/de\/wp-json\/wp\/v2\/media?parent=139056"}],"wp:term":[{"taxonomy":"category","embeddable":true,"href":"https:\/\/denizcankizil.tr\/de\/wp-json\/wp\/v2\/categories?post=139056"},{"taxonomy":"post_tag","embeddable":true,"href":"https:\/\/denizcankizil.tr\/de\/wp-json\/wp\/v2\/tags?post=139056"}],"curies":[{"name":"wp","href":"https:\/\/api.w.org\/{rel}","templated":true}]}}