{"id":138970,"date":"2025-07-07T17:41:26","date_gmt":"2025-07-07T14:41:26","guid":{"rendered":"https:\/\/denizcankizil.tr\/uncategorized-tr\/bakan-uraloglu-net-tarihi-verdi-alacabel-tuneli-bu-yil-icinde-bitirilecek\/"},"modified":"2025-07-07T17:41:26","modified_gmt":"2025-07-07T14:41:26","slug":"bakan-uraloglu-net-tarihi-verdi-alacabel-tuneli-bu-yil-icinde-bitirilecek","status":"publish","type":"post","link":"https:\/\/denizcankizil.tr\/de\/haberler\/gundem\/bakan-uraloglu-net-tarihi-verdi-alacabel-tuneli-bu-yil-icinde-bitirilecek\/","title":{"rendered":"Bakan Uralo\u011flu net tarihi verdi: Alacabel T\u00fcneli bu y\u0131l i\u00e7inde bitirilecek"},"content":{"rendered":"<p>Ula\u015ft\u0131rma ve Altyap\u0131 Bakan\u0131 Abdulkadir Uralo\u011flu, Konya&#8217;da Stadyum-\u015eehir Hastanesi Tramvay Hatt\u0131&#8217;n\u0131n 2. Etap Temel Atma T\u00f6reni&#8217;ne kat\u0131ld\u0131. Burada a\u00e7\u0131klamalarda bulunan Uralo\u011flu, Antalya-Konya aras\u0131nda hizmet veren Alacabel t\u00fcnelinin y\u0131l sonunda bitirilece\u011fini a\u00e7\u0131klad\u0131.<\/p>\n<p>KONYA RAY PROJES\u0130<\/p>\n<p>Ula\u015ft\u0131rma ve Altyap\u0131 Bakanl\u0131\u011f\u0131 olarak, Konya B\u00fcy\u00fck\u015fehir Belediyesiyle el ele vererek, Konya&#8217;ya \u00f6zel projeler hayata ge\u00e7irmeyi hedeflediklerini belirten Bakan Uralo\u011flu, &#8220;Cumhurba\u015fkan\u0131m\u0131z Recep Tayyip Erdo\u011fan&#8217;\u0131n liderli\u011finde Ula\u015ft\u0131rma ve Altyap\u0131 Bakanl\u0131\u011f\u0131 olarak 2002 y\u0131l\u0131ndan bu yana Konya&#8217;n\u0131n ula\u015f\u0131m ve ileti\u015fim altyap\u0131s\u0131na 151 milyar liran\u0131n \u00fcst\u00fcnde yat\u0131r\u0131m ger\u00e7ekle\u015ftirdik. B\u00f6l\u00fcnm\u00fc\u015f yol uzunlu\u011funu 167 kilometreden bin 289 kilometreye, bit\u00fcml\u00fc s\u0131cak kaplama yol uzunlu\u011funu 97 kilometreden bin 300 kilometreye \u00e7\u0131kard\u0131k. Antalya&#8217;y\u0131 Konya&#8217;ya ba\u011flayan kuzey-g\u00fcney aks\u0131n\u0131n en \u00f6nemli ge\u00e7i\u015f noktas\u0131n\u0131 olu\u015fturan 5 bin metre uzunlu\u011fundaki \u00e7ift t\u00fcp Demirkap\u0131 T\u00fcnelini hizmete a\u00e7t\u0131k. E\u011fiste Hadimi Viyad\u00fc\u011f\u00fc ile \u00fclkemizin en y\u00fcksek ayakl\u0131 ve en uzun dengeli konsol k\u00f6pr\u00fcs\u00fcn\u00fc Konya&#8217;da in\u015fa ettik. Konya&#8217;n\u0131n demiryolu a\u011f\u0131n\u0131n g\u00fc\u00e7lenmesi i\u00e7in de \u00e7ok \u00f6nemli yat\u0131r\u0131mlar ger\u00e7ekle\u015ftirdik. Ankara-Konya Y\u00fcksek H\u0131zl\u0131 Tren ve Konya-Karaman H\u0131zl\u0131 Tren Hatlar\u0131n\u0131 hizmete sunduk. Kayac\u0131k Lojistik Merkezi ile Konya&#8217;y\u0131 \u00e7ok \u00f6nemli bir lojistik \u00fcs haline getirdik. Bildi\u011finiz \u00fczere KONYARAY Projesini de ba\u015flatt\u0131k&#8221; dedi.<\/p>\n<p>\u201c 2026 YILI YATIRIM PROGRAMINA ALMAYI HEDEFL\u0130YORUZ\u201d<\/p>\n<p>Toplamda 43 kilometre uzunlu\u011fundaki proje ile Konya Tren Gar\u0131, Kent Merkezi, OSB&#8217;ler ve sanayi alanlar\u0131, Havaalan\u0131, Lojistik Merkez ve P\u0131narba\u015f\u0131 aras\u0131nda hem h\u0131zl\u0131 ve ekonomik toplu ta\u015f\u0131ma hizmeti verilece\u011fini hem de y\u00fck ta\u015f\u0131mac\u0131l\u0131\u011f\u0131n\u0131 geli\u015ftireceklerini s\u00f6yleyen Bakan Uralo\u011flu, &#8220;Projeyi 3 ayr\u0131 etap halinde in\u015fa edece\u011fiz. 1. etab\u0131 olan 23 km&#8217;lik Konya Gar\u2013Kayac\u0131k Lojistik Merkezi-P\u0131narba\u015f\u0131 aras\u0131na yeni bir hat daha ilave ederek toplam hat say\u0131s\u0131n\u0131 d\u00f6rde \u00e7\u0131karaca\u011f\u0131z. 2 Hattan YHT, 2 hattan banliy\u00f6 ve konvansiyonel hat i\u015fletmecili\u011fi yapaca\u011f\u0131z. 14 peronun bulundu\u011fu banliy\u00f6 sistemi sanayi b\u00f6lgesine de hizmet edecek. B\u00f6ylece; mesai ba\u015flama-biti\u015f saatlerinde ya\u015fan\u0131lan trafik yo\u011funlu\u011funu azaltaca\u011f\u0131z. Havaalan\u0131ndan \u015fehir merkezine ve y\u00fcksek h\u0131zl\u0131 tren gar\u0131na ba\u011flant\u0131 sa\u011flayaca\u011f\u0131z. Ayr\u0131ca zamanla sanayi b\u00f6lgelerine k\u0131l\u00e7\u0131k hatlar yaparak sanayi y\u00fcklerini lojistik merkezine daha rahat ta\u015f\u0131yabilece\u011fiz. Bu ilk etaptaki yap\u0131m \u00e7al\u0131\u015fmalar\u0131m\u0131zda y\u00fczde 60 ilerleme kaydettik. 6 km&#8217;lik 2.etap olan Konya Gar-Yaylap\u0131nar\u0131 kesiminin proje ve ke\u015fif \u00e7al\u0131\u015fmalar\u0131 devam ediyor. Bu kesimi de 2026 y\u0131l\u0131 yat\u0131r\u0131m program\u0131na almay\u0131 hedefliyoruz&#8221; \u015feklinde konu\u015ftu.<\/p>\n<p>\u200bUla\u015ft\u0131rma ve Altyap\u0131 Bakan\u0131 Abdulkadir Uralo\u011flu yap\u0131m\u0131 y\u0131lan hik\u00e2yesine d\u00f6nen ve Antalya ile Konya aras\u0131nda hizmet vermesi planlanan Alacabel T\u00fcneli\u2019nin y\u0131l bitmeden in\u015faat\u0131n\u0131n tamamlanaca\u011f\u0131n\u0131 a\u00e7\u0131klad\u0131.\u00a0<\/p>\n<p>\u200bHaberin Al\u0131nt\u0131land\u0131\u011f\u0131 Kaynak: www.antalyakorfez.com<\/p>","protected":false},"excerpt":{"rendered":"<p>Ula\u015ft\u0131rma ve Altyap\u0131 Bakan\u0131 Abdulkadir Uralo\u011flu, Konya&#8217;da Stadyum-\u015eehir Hastanesi Tramvay Hatt\u0131&#8217;n\u0131n 2. Etap Temel Atma T\u00f6reni&#8217;ne kat\u0131ld\u0131. Burada a\u00e7\u0131klamalarda bulunan Uralo\u011flu, Antalya-Konya aras\u0131nda hizmet veren Alacabel t\u00fcnelinin y\u0131l sonunda bitirilece\u011fini a\u00e7\u0131klad\u0131. KONYA RAY PROJES\u0130 Ula\u015ft\u0131rma ve Altyap\u0131 Bakanl\u0131\u011f\u0131 olarak, Konya B\u00fcy\u00fck\u015fehir Belediyesiyle el ele vererek, Konya&#8217;ya \u00f6zel projeler hayata ge\u00e7irmeyi hedeflediklerini belirten Bakan Uralo\u011flu, &#8220;Cumhurba\u015fkan\u0131m\u0131z Recep Tayyip Erdo\u011fan&#8217;\u0131n liderli\u011finde Ula\u015ft\u0131rma ve Altyap\u0131 Bakanl\u0131\u011f\u0131 olarak 2002 y\u0131l\u0131ndan bu yana Konya&#8217;n\u0131n ula\u015f\u0131m ve ileti\u015fim altyap\u0131s\u0131na 151 milyar liran\u0131n \u00fcst\u00fcnde yat\u0131r\u0131m ger\u00e7ekle\u015ftirdik. B\u00f6l\u00fcnm\u00fc\u015f yol uzunlu\u011funu 167 kilometreden bin 289 kilometreye, bit\u00fcml\u00fc s\u0131cak kaplama yol uzunlu\u011funu 97 kilometreden bin 300 kilometreye \u00e7\u0131kard\u0131k. Antalya&#8217;y\u0131 Konya&#8217;ya ba\u011flayan kuzey-g\u00fcney aks\u0131n\u0131n en \u00f6nemli ge\u00e7i\u015f noktas\u0131n\u0131 olu\u015fturan 5 bin metre uzunlu\u011fundaki \u00e7ift t\u00fcp Demirkap\u0131 T\u00fcnelini hizmete a\u00e7t\u0131k. E\u011fiste Hadimi Viyad\u00fc\u011f\u00fc ile \u00fclkemizin en y\u00fcksek ayakl\u0131 ve en uzun dengeli konsol k\u00f6pr\u00fcs\u00fcn\u00fc Konya&#8217;da in\u015fa ettik. Konya&#8217;n\u0131n demiryolu a\u011f\u0131n\u0131n g\u00fc\u00e7lenmesi i\u00e7in de \u00e7ok \u00f6nemli yat\u0131r\u0131mlar ger\u00e7ekle\u015ftirdik. Ankara-Konya Y\u00fcksek H\u0131zl\u0131 Tren ve Konya-Karaman H\u0131zl\u0131 Tren Hatlar\u0131n\u0131 hizmete sunduk. Kayac\u0131k Lojistik Merkezi ile Konya&#8217;y\u0131 \u00e7ok \u00f6nemli bir lojistik \u00fcs haline getirdik. Bildi\u011finiz \u00fczere KONYARAY Projesini de ba\u015flatt\u0131k&#8221; dedi. \u201c 2026 YILI YATIRIM PROGRAMINA ALMAYI HEDEFL\u0130YORUZ\u201d Toplamda 43 kilometre uzunlu\u011fundaki proje ile Konya Tren Gar\u0131, Kent Merkezi, OSB&#8217;ler ve sanayi alanlar\u0131, Havaalan\u0131, Lojistik Merkez &hellip;<\/p>","protected":false},"author":5,"featured_media":0,"comment_status":"","ping_status":"open","sticky":false,"template":"","format":"standard","meta":{"_acf_changed":false,"footnotes":""},"categories":[24],"tags":[],"class_list":["post-138970","post","type-post","status-publish","format-standard","has-post-thumbnail","hentry","category-gundem"],"acf":[],"yoast_head":"<!-- This site is optimized with the Yoast SEO Premium plugin v26.6 (Yoast SEO v27.1.1) - https:\/\/yoast.com\/product\/yoast-seo-premium-wordpress\/ -->\n<title>Bakan Uralo\u011flu net tarihi verdi: Alacabel T\u00fcneli bu y\u0131l i\u00e7inde bitirilecek - Av. Deniz Can K\u0131z\u0131l<\/title>\n<meta name=\"robots\" content=\"index, follow, max-snippet:-1, max-image-preview:large, max-video-preview:-1\" \/>\n<link rel=\"canonical\" href=\"https:\/\/denizcankizil.tr\/de\/haberler\/gundem\/bakan-uraloglu-net-tarihi-verdi-alacabel-tuneli-bu-yil-icinde-bitirilecek\/\" \/>\n<meta property=\"og:locale\" content=\"de_DE\" \/>\n<meta property=\"og:type\" content=\"article\" \/>\n<meta property=\"og:title\" content=\"Bakan Uralo\u011flu net tarihi verdi: Alacabel T\u00fcneli bu y\u0131l i\u00e7inde bitirilecek\" \/>\n<meta property=\"og:description\" content=\"Ula\u015ft\u0131rma ve Altyap\u0131 Bakan\u0131 Abdulkadir Uralo\u011flu, Konya&#8217;da Stadyum-\u015eehir Hastanesi Tramvay Hatt\u0131&#8217;n\u0131n 2. Etap Temel Atma T\u00f6reni&#8217;ne kat\u0131ld\u0131. Burada a\u00e7\u0131klamalarda bulunan Uralo\u011flu, Antalya-Konya aras\u0131nda hizmet veren Alacabel t\u00fcnelinin y\u0131l sonunda bitirilece\u011fini a\u00e7\u0131klad\u0131. KONYA RAY PROJES\u0130 Ula\u015ft\u0131rma ve Altyap\u0131 Bakanl\u0131\u011f\u0131 olarak, Konya B\u00fcy\u00fck\u015fehir Belediyesiyle el ele vererek, Konya&#8217;ya \u00f6zel projeler hayata ge\u00e7irmeyi hedeflediklerini belirten Bakan Uralo\u011flu, &#8220;Cumhurba\u015fkan\u0131m\u0131z Recep Tayyip Erdo\u011fan&#8217;\u0131n liderli\u011finde Ula\u015ft\u0131rma ve Altyap\u0131 Bakanl\u0131\u011f\u0131 olarak 2002 y\u0131l\u0131ndan bu yana Konya&#8217;n\u0131n ula\u015f\u0131m ve ileti\u015fim altyap\u0131s\u0131na 151 milyar liran\u0131n \u00fcst\u00fcnde yat\u0131r\u0131m ger\u00e7ekle\u015ftirdik. B\u00f6l\u00fcnm\u00fc\u015f yol uzunlu\u011funu 167 kilometreden bin 289 kilometreye, bit\u00fcml\u00fc s\u0131cak kaplama yol uzunlu\u011funu 97 kilometreden bin 300 kilometreye \u00e7\u0131kard\u0131k. Antalya&#8217;y\u0131 Konya&#8217;ya ba\u011flayan kuzey-g\u00fcney aks\u0131n\u0131n en \u00f6nemli ge\u00e7i\u015f noktas\u0131n\u0131 olu\u015fturan 5 bin metre uzunlu\u011fundaki \u00e7ift t\u00fcp Demirkap\u0131 T\u00fcnelini hizmete a\u00e7t\u0131k. E\u011fiste Hadimi Viyad\u00fc\u011f\u00fc ile \u00fclkemizin en y\u00fcksek ayakl\u0131 ve en uzun dengeli konsol k\u00f6pr\u00fcs\u00fcn\u00fc Konya&#8217;da in\u015fa ettik. Konya&#8217;n\u0131n demiryolu a\u011f\u0131n\u0131n g\u00fc\u00e7lenmesi i\u00e7in de \u00e7ok \u00f6nemli yat\u0131r\u0131mlar ger\u00e7ekle\u015ftirdik. Ankara-Konya Y\u00fcksek H\u0131zl\u0131 Tren ve Konya-Karaman H\u0131zl\u0131 Tren Hatlar\u0131n\u0131 hizmete sunduk. Kayac\u0131k Lojistik Merkezi ile Konya&#8217;y\u0131 \u00e7ok \u00f6nemli bir lojistik \u00fcs haline getirdik. Bildi\u011finiz \u00fczere KONYARAY Projesini de ba\u015flatt\u0131k&#8221; dedi. \u201c 2026 YILI YATIRIM PROGRAMINA ALMAYI HEDEFL\u0130YORUZ\u201d Toplamda 43 kilometre uzunlu\u011fundaki proje ile Konya Tren Gar\u0131, Kent Merkezi, OSB&#8217;ler ve sanayi alanlar\u0131, Havaalan\u0131, Lojistik Merkez &hellip;\" \/>\n<meta property=\"og:url\" content=\"https:\/\/denizcankizil.tr\/de\/haberler\/gundem\/bakan-uraloglu-net-tarihi-verdi-alacabel-tuneli-bu-yil-icinde-bitirilecek\/\" \/>\n<meta property=\"og:site_name\" content=\"Av. Deniz Can K\u0131z\u0131l\" \/>\n<meta property=\"article:published_time\" content=\"2025-07-07T14:41:26+00:00\" \/>\n<meta name=\"author\" content=\"Antalya K\u00f6rfez\" \/>\n<meta name=\"twitter:card\" content=\"summary_large_image\" \/>\n<meta name=\"twitter:label1\" content=\"Verfasst von\" \/>\n\t<meta name=\"twitter:data1\" content=\"Antalya K\u00f6rfez\" \/>\n\t<meta name=\"twitter:label2\" content=\"Gesch\u00e4tzte Lesezeit\" \/>\n\t<meta name=\"twitter:data2\" content=\"3\u00a0Minuten\" \/>\n<script type=\"application\/ld+json\" class=\"yoast-schema-graph\">{\"@context\":\"https:\/\/schema.org\",\"@graph\":[{\"@type\":\"Article\",\"@id\":\"https:\/\/denizcankizil.tr\/de\/haberler\/gundem\/bakan-uraloglu-net-tarihi-verdi-alacabel-tuneli-bu-yil-icinde-bitirilecek\/#article\",\"isPartOf\":{\"@id\":\"https:\/\/denizcankizil.tr\/de\/haberler\/gundem\/bakan-uraloglu-net-tarihi-verdi-alacabel-tuneli-bu-yil-icinde-bitirilecek\/\"},\"author\":{\"name\":\"Antalya K\u00f6rfez\",\"@id\":\"https:\/\/denizcankizil.tr\/de\/#\/schema\/person\/e1eb71bb4dd684d46563f0af307e1234\"},\"headline\":\"Bakan Uralo\u011flu net tarihi verdi: Alacabel T\u00fcneli bu y\u0131l i\u00e7inde bitirilecek\",\"datePublished\":\"2025-07-07T14:41:26+00:00\",\"mainEntityOfPage\":{\"@id\":\"https:\/\/denizcankizil.tr\/de\/haberler\/gundem\/bakan-uraloglu-net-tarihi-verdi-alacabel-tuneli-bu-yil-icinde-bitirilecek\/\"},\"wordCount\":537,\"publisher\":{\"@id\":\"https:\/\/denizcankizil.tr\/de\/#organization\"},\"articleSection\":[\"G\u00fcndem\"],\"inLanguage\":\"de\"},{\"@type\":\"WebPage\",\"@id\":\"https:\/\/denizcankizil.tr\/de\/haberler\/gundem\/bakan-uraloglu-net-tarihi-verdi-alacabel-tuneli-bu-yil-icinde-bitirilecek\/\",\"url\":\"https:\/\/denizcankizil.tr\/de\/haberler\/gundem\/bakan-uraloglu-net-tarihi-verdi-alacabel-tuneli-bu-yil-icinde-bitirilecek\/\",\"name\":\"Bakan Uralo\u011flu net tarihi verdi: Alacabel T\u00fcneli bu y\u0131l i\u00e7inde bitirilecek - Av. Deniz Can K\u0131z\u0131l\",\"isPartOf\":{\"@id\":\"https:\/\/denizcankizil.tr\/de\/#website\"},\"datePublished\":\"2025-07-07T14:41:26+00:00\",\"breadcrumb\":{\"@id\":\"https:\/\/denizcankizil.tr\/de\/haberler\/gundem\/bakan-uraloglu-net-tarihi-verdi-alacabel-tuneli-bu-yil-icinde-bitirilecek\/#breadcrumb\"},\"inLanguage\":\"de\",\"potentialAction\":[{\"@type\":\"ReadAction\",\"target\":[\"https:\/\/denizcankizil.tr\/de\/haberler\/gundem\/bakan-uraloglu-net-tarihi-verdi-alacabel-tuneli-bu-yil-icinde-bitirilecek\/\"]}]},{\"@type\":\"BreadcrumbList\",\"@id\":\"https:\/\/denizcankizil.tr\/de\/haberler\/gundem\/bakan-uraloglu-net-tarihi-verdi-alacabel-tuneli-bu-yil-icinde-bitirilecek\/#breadcrumb\",\"itemListElement\":[{\"@type\":\"ListItem\",\"position\":1,\"name\":\"Home\",\"item\":\"https:\/\/denizcankizil.tr\/de\/\"},{\"@type\":\"ListItem\",\"position\":2,\"name\":\"Bakan Uralo\u011flu net tarihi verdi: Alacabel T\u00fcneli bu y\u0131l i\u00e7inde bitirilecek\"}]},{\"@type\":\"WebSite\",\"@id\":\"https:\/\/denizcankizil.tr\/de\/#website\",\"url\":\"https:\/\/denizcankizil.tr\/de\/\",\"name\":\"Av. Deniz Can K\u0131z\u0131l\",\"description\":\"Avukat Deniz Can K\u0131z\u0131l Antalya Barosu\",\"publisher\":{\"@id\":\"https:\/\/denizcankizil.tr\/de\/#organization\"},\"potentialAction\":[{\"@type\":\"SearchAction\",\"target\":{\"@type\":\"EntryPoint\",\"urlTemplate\":\"https:\/\/denizcankizil.tr\/de\/?s={search_term_string}\"},\"query-input\":{\"@type\":\"PropertyValueSpecification\",\"valueRequired\":true,\"valueName\":\"search_term_string\"}}],\"inLanguage\":\"de\"},{\"@type\":\"Organization\",\"@id\":\"https:\/\/denizcankizil.tr\/de\/#organization\",\"name\":\"Av. Deniz Can K\u0131z\u0131l\",\"url\":\"https:\/\/denizcankizil.tr\/de\/\",\"logo\":{\"@type\":\"ImageObject\",\"inLanguage\":\"de\",\"@id\":\"https:\/\/denizcankizil.tr\/de\/#\/schema\/logo\/image\/\",\"url\":\"https:\/\/denizcankizil.tr\/wp-content\/uploads\/2024\/10\/siyah-logo-svg.svg\",\"contentUrl\":\"https:\/\/denizcankizil.tr\/wp-content\/uploads\/2024\/10\/siyah-logo-svg.svg\",\"width\":1080,\"height\":1080,\"caption\":\"Av. Deniz Can K\u0131z\u0131l\"},\"image\":{\"@id\":\"https:\/\/denizcankizil.tr\/de\/#\/schema\/logo\/image\/\"}},{\"@type\":\"Person\",\"@id\":\"https:\/\/denizcankizil.tr\/de\/#\/schema\/person\/e1eb71bb4dd684d46563f0af307e1234\",\"name\":\"Antalya K\u00f6rfez\",\"image\":{\"@type\":\"ImageObject\",\"inLanguage\":\"de\",\"@id\":\"https:\/\/denizcankizil.tr\/de\/#\/schema\/person\/image\/\",\"url\":\"https:\/\/secure.gravatar.com\/avatar\/42b01982558a48a0b501fdcab6a408d3717ea5919095ee2e67b0e521799c5905?s=96&d=mm&r=g\",\"contentUrl\":\"https:\/\/secure.gravatar.com\/avatar\/42b01982558a48a0b501fdcab6a408d3717ea5919095ee2e67b0e521799c5905?s=96&d=mm&r=g\",\"caption\":\"Antalya K\u00f6rfez\"},\"sameAs\":[\"http:\/\/www.antalyakorfez.com\"],\"url\":\"https:\/\/www.antalyakorfez.com\/bakan-uraloglu-net-tarihi-verdi-alacabel-tuneli-bu-yil-icinde-bitirilecek\"}]}<\/script>\n<!-- \/ Yoast SEO Premium plugin. -->","yoast_head_json":{"title":"Bakan Uralo\u011flu net tarihi verdi: Alacabel T\u00fcneli bu y\u0131l i\u00e7inde bitirilecek - Av. Deniz Can K\u0131z\u0131l","robots":{"index":"index","follow":"follow","max-snippet":"max-snippet:-1","max-image-preview":"max-image-preview:large","max-video-preview":"max-video-preview:-1"},"canonical":"https:\/\/denizcankizil.tr\/de\/haberler\/gundem\/bakan-uraloglu-net-tarihi-verdi-alacabel-tuneli-bu-yil-icinde-bitirilecek\/","og_locale":"de_DE","og_type":"article","og_title":"Bakan Uralo\u011flu net tarihi verdi: Alacabel T\u00fcneli bu y\u0131l i\u00e7inde bitirilecek","og_description":"Ula\u015ft\u0131rma ve Altyap\u0131 Bakan\u0131 Abdulkadir Uralo\u011flu, Konya&#8217;da Stadyum-\u015eehir Hastanesi Tramvay Hatt\u0131&#8217;n\u0131n 2. Etap Temel Atma T\u00f6reni&#8217;ne kat\u0131ld\u0131. Burada a\u00e7\u0131klamalarda bulunan Uralo\u011flu, Antalya-Konya aras\u0131nda hizmet veren Alacabel t\u00fcnelinin y\u0131l sonunda bitirilece\u011fini a\u00e7\u0131klad\u0131. KONYA RAY PROJES\u0130 Ula\u015ft\u0131rma ve Altyap\u0131 Bakanl\u0131\u011f\u0131 olarak, Konya B\u00fcy\u00fck\u015fehir Belediyesiyle el ele vererek, Konya&#8217;ya \u00f6zel projeler hayata ge\u00e7irmeyi hedeflediklerini belirten Bakan Uralo\u011flu, &#8220;Cumhurba\u015fkan\u0131m\u0131z Recep Tayyip Erdo\u011fan&#8217;\u0131n liderli\u011finde Ula\u015ft\u0131rma ve Altyap\u0131 Bakanl\u0131\u011f\u0131 olarak 2002 y\u0131l\u0131ndan bu yana Konya&#8217;n\u0131n ula\u015f\u0131m ve ileti\u015fim altyap\u0131s\u0131na 151 milyar liran\u0131n \u00fcst\u00fcnde yat\u0131r\u0131m ger\u00e7ekle\u015ftirdik. B\u00f6l\u00fcnm\u00fc\u015f yol uzunlu\u011funu 167 kilometreden bin 289 kilometreye, bit\u00fcml\u00fc s\u0131cak kaplama yol uzunlu\u011funu 97 kilometreden bin 300 kilometreye \u00e7\u0131kard\u0131k. Antalya&#8217;y\u0131 Konya&#8217;ya ba\u011flayan kuzey-g\u00fcney aks\u0131n\u0131n en \u00f6nemli ge\u00e7i\u015f noktas\u0131n\u0131 olu\u015fturan 5 bin metre uzunlu\u011fundaki \u00e7ift t\u00fcp Demirkap\u0131 T\u00fcnelini hizmete a\u00e7t\u0131k. E\u011fiste Hadimi Viyad\u00fc\u011f\u00fc ile \u00fclkemizin en y\u00fcksek ayakl\u0131 ve en uzun dengeli konsol k\u00f6pr\u00fcs\u00fcn\u00fc Konya&#8217;da in\u015fa ettik. Konya&#8217;n\u0131n demiryolu a\u011f\u0131n\u0131n g\u00fc\u00e7lenmesi i\u00e7in de \u00e7ok \u00f6nemli yat\u0131r\u0131mlar ger\u00e7ekle\u015ftirdik. Ankara-Konya Y\u00fcksek H\u0131zl\u0131 Tren ve Konya-Karaman H\u0131zl\u0131 Tren Hatlar\u0131n\u0131 hizmete sunduk. Kayac\u0131k Lojistik Merkezi ile Konya&#8217;y\u0131 \u00e7ok \u00f6nemli bir lojistik \u00fcs haline getirdik. Bildi\u011finiz \u00fczere KONYARAY Projesini de ba\u015flatt\u0131k&#8221; dedi. \u201c 2026 YILI YATIRIM PROGRAMINA ALMAYI HEDEFL\u0130YORUZ\u201d Toplamda 43 kilometre uzunlu\u011fundaki proje ile Konya Tren Gar\u0131, Kent Merkezi, OSB&#8217;ler ve sanayi alanlar\u0131, Havaalan\u0131, Lojistik Merkez &hellip;","og_url":"https:\/\/denizcankizil.tr\/de\/haberler\/gundem\/bakan-uraloglu-net-tarihi-verdi-alacabel-tuneli-bu-yil-icinde-bitirilecek\/","og_site_name":"Av. Deniz Can K\u0131z\u0131l","article_published_time":"2025-07-07T14:41:26+00:00","author":"Antalya K\u00f6rfez","twitter_card":"summary_large_image","twitter_misc":{"Verfasst von":"Antalya K\u00f6rfez","Gesch\u00e4tzte Lesezeit":"3\u00a0Minuten"},"schema":{"@context":"https:\/\/schema.org","@graph":[{"@type":"Article","@id":"https:\/\/denizcankizil.tr\/de\/haberler\/gundem\/bakan-uraloglu-net-tarihi-verdi-alacabel-tuneli-bu-yil-icinde-bitirilecek\/#article","isPartOf":{"@id":"https:\/\/denizcankizil.tr\/de\/haberler\/gundem\/bakan-uraloglu-net-tarihi-verdi-alacabel-tuneli-bu-yil-icinde-bitirilecek\/"},"author":{"name":"Antalya K\u00f6rfez","@id":"https:\/\/denizcankizil.tr\/de\/#\/schema\/person\/e1eb71bb4dd684d46563f0af307e1234"},"headline":"Bakan Uralo\u011flu net tarihi verdi: Alacabel T\u00fcneli bu y\u0131l i\u00e7inde bitirilecek","datePublished":"2025-07-07T14:41:26+00:00","mainEntityOfPage":{"@id":"https:\/\/denizcankizil.tr\/de\/haberler\/gundem\/bakan-uraloglu-net-tarihi-verdi-alacabel-tuneli-bu-yil-icinde-bitirilecek\/"},"wordCount":537,"publisher":{"@id":"https:\/\/denizcankizil.tr\/de\/#organization"},"articleSection":["G\u00fcndem"],"inLanguage":"de"},{"@type":"WebPage","@id":"https:\/\/denizcankizil.tr\/de\/haberler\/gundem\/bakan-uraloglu-net-tarihi-verdi-alacabel-tuneli-bu-yil-icinde-bitirilecek\/","url":"https:\/\/denizcankizil.tr\/de\/haberler\/gundem\/bakan-uraloglu-net-tarihi-verdi-alacabel-tuneli-bu-yil-icinde-bitirilecek\/","name":"Bakan Uralo\u011flu net tarihi verdi: Alacabel T\u00fcneli bu y\u0131l i\u00e7inde bitirilecek - Av. Deniz Can K\u0131z\u0131l","isPartOf":{"@id":"https:\/\/denizcankizil.tr\/de\/#website"},"datePublished":"2025-07-07T14:41:26+00:00","breadcrumb":{"@id":"https:\/\/denizcankizil.tr\/de\/haberler\/gundem\/bakan-uraloglu-net-tarihi-verdi-alacabel-tuneli-bu-yil-icinde-bitirilecek\/#breadcrumb"},"inLanguage":"de","potentialAction":[{"@type":"ReadAction","target":["https:\/\/denizcankizil.tr\/de\/haberler\/gundem\/bakan-uraloglu-net-tarihi-verdi-alacabel-tuneli-bu-yil-icinde-bitirilecek\/"]}]},{"@type":"BreadcrumbList","@id":"https:\/\/denizcankizil.tr\/de\/haberler\/gundem\/bakan-uraloglu-net-tarihi-verdi-alacabel-tuneli-bu-yil-icinde-bitirilecek\/#breadcrumb","itemListElement":[{"@type":"ListItem","position":1,"name":"Home","item":"https:\/\/denizcankizil.tr\/de\/"},{"@type":"ListItem","position":2,"name":"Bakan Uralo\u011flu net tarihi verdi: Alacabel T\u00fcneli bu y\u0131l i\u00e7inde bitirilecek"}]},{"@type":"WebSite","@id":"https:\/\/denizcankizil.tr\/de\/#website","url":"https:\/\/denizcankizil.tr\/de\/","name":"Av. Deniz Can K\u0131z\u0131l","description":"Avukat Deniz Can K\u0131z\u0131l Antalya Barosu","publisher":{"@id":"https:\/\/denizcankizil.tr\/de\/#organization"},"potentialAction":[{"@type":"SearchAction","target":{"@type":"EntryPoint","urlTemplate":"https:\/\/denizcankizil.tr\/de\/?s={search_term_string}"},"query-input":{"@type":"PropertyValueSpecification","valueRequired":true,"valueName":"search_term_string"}}],"inLanguage":"de"},{"@type":"Organization","@id":"https:\/\/denizcankizil.tr\/de\/#organization","name":"Av. Deniz Can K\u0131z\u0131l","url":"https:\/\/denizcankizil.tr\/de\/","logo":{"@type":"ImageObject","inLanguage":"de","@id":"https:\/\/denizcankizil.tr\/de\/#\/schema\/logo\/image\/","url":"https:\/\/denizcankizil.tr\/wp-content\/uploads\/2024\/10\/siyah-logo-svg.svg","contentUrl":"https:\/\/denizcankizil.tr\/wp-content\/uploads\/2024\/10\/siyah-logo-svg.svg","width":1080,"height":1080,"caption":"Av. Deniz Can K\u0131z\u0131l"},"image":{"@id":"https:\/\/denizcankizil.tr\/de\/#\/schema\/logo\/image\/"}},{"@type":"Person","@id":"https:\/\/denizcankizil.tr\/de\/#\/schema\/person\/e1eb71bb4dd684d46563f0af307e1234","name":"Antalya K\u00f6rfez","image":{"@type":"ImageObject","inLanguage":"de","@id":"https:\/\/denizcankizil.tr\/de\/#\/schema\/person\/image\/","url":"https:\/\/secure.gravatar.com\/avatar\/42b01982558a48a0b501fdcab6a408d3717ea5919095ee2e67b0e521799c5905?s=96&d=mm&r=g","contentUrl":"https:\/\/secure.gravatar.com\/avatar\/42b01982558a48a0b501fdcab6a408d3717ea5919095ee2e67b0e521799c5905?s=96&d=mm&r=g","caption":"Antalya K\u00f6rfez"},"sameAs":["http:\/\/www.antalyakorfez.com"],"url":"https:\/\/www.antalyakorfez.com\/bakan-uraloglu-net-tarihi-verdi-alacabel-tuneli-bu-yil-icinde-bitirilecek"}]}},"_links":{"self":[{"href":"https:\/\/denizcankizil.tr\/de\/wp-json\/wp\/v2\/posts\/138970","targetHints":{"allow":["GET"]}}],"collection":[{"href":"https:\/\/denizcankizil.tr\/de\/wp-json\/wp\/v2\/posts"}],"about":[{"href":"https:\/\/denizcankizil.tr\/de\/wp-json\/wp\/v2\/types\/post"}],"author":[{"embeddable":true,"href":"https:\/\/denizcankizil.tr\/de\/wp-json\/wp\/v2\/users\/5"}],"replies":[{"embeddable":true,"href":"https:\/\/denizcankizil.tr\/de\/wp-json\/wp\/v2\/comments?post=138970"}],"version-history":[{"count":0,"href":"https:\/\/denizcankizil.tr\/de\/wp-json\/wp\/v2\/posts\/138970\/revisions"}],"wp:attachment":[{"href":"https:\/\/denizcankizil.tr\/de\/wp-json\/wp\/v2\/media?parent=138970"}],"wp:term":[{"taxonomy":"category","embeddable":true,"href":"https:\/\/denizcankizil.tr\/de\/wp-json\/wp\/v2\/categories?post=138970"},{"taxonomy":"post_tag","embeddable":true,"href":"https:\/\/denizcankizil.tr\/de\/wp-json\/wp\/v2\/tags?post=138970"}],"curies":[{"name":"wp","href":"https:\/\/api.w.org\/{rel}","templated":true}]}}